{"id":5127,"date":"2024-12-16T22:11:03","date_gmt":"2024-12-16T22:11:03","guid":{"rendered":"https:\/\/esbozodeportivo.com\/?p=5127"},"modified":"2024-12-17T04:32:35","modified_gmt":"2024-12-17T04:32:35","slug":"cierre-exitoso-del-programa-de-capacitacion-de-activacion-fisica","status":"publish","type":"post","link":"https:\/\/esbozodeportivo.com\/index.php\/2024\/12\/16\/cierre-exitoso-del-programa-de-capacitacion-de-activacion-fisica\/","title":{"rendered":"Cierre exitoso del Programa de Capacitaci\u00f3n de Activaci\u00f3n F\u00edsica"},"content":{"rendered":"\n<p>(Foto: INDET)<\/p>\n\n\n\n<p>El Programa de Capacitaci\u00f3n Laboral del <strong>Instituto Nacional del Deporte de los Trabajadores<\/strong> tuvo un cierre exitoso en este 2024, con la realizaci\u00f3n del Curso Taller <strong>Latin Dance &amp; Fitness<\/strong>, en el cual se dieron cita m\u00e1s de 150 participantes, como parte del proceso para impulsar el desarrollo de la capacitaci\u00f3n desde los centros de trabajo.<\/p>\n\n\n\n<p>La licenciada <strong>Martha Silvia Y\u00e1\u00f1ez<\/strong>, Subdirectora del Programa de Capacitaci\u00f3n Laboral, encabez\u00f3 el Curso&nbsp; <strong>Latin Dance &amp; Fitness<\/strong>, dirigido a entrenadores, licenciados en educaci\u00f3n f\u00edsica, monitores, promotores del deporte laboral y activadores f\u00edsicos, entre otros.<\/p>\n\n\n\n<p>\u201cEl Programa es considerado como el de mayor proyecci\u00f3n, precisamente por los contenidos en la capacitaci\u00f3n para los profesionales de esta materia. Llevamos la capacitaci\u00f3n a los centros de trabajo y desde ah\u00ed inicia el proceso para fomentar la salud a trav\u00e9s de la activaci\u00f3n f\u00edsica entre los trabajadores de todo el pa\u00eds\u201d, dijo la Subdirectora de Capacitaci\u00f3n del <strong>INDET<\/strong>.<\/p>\n\n\n\n<figure class=\"wp-block-image size-large\"><img loading=\"lazy\" decoding=\"async\" width=\"1024\" height=\"771\" src=\"https:\/\/esbozodeportivo.com\/wp-content\/uploads\/2024\/12\/Evento1-1024x771.jpg\" alt=\"\" class=\"wp-image-5130\" srcset=\"https:\/\/esbozodeportivo.com\/wp-content\/uploads\/2024\/12\/Evento1-1024x771.jpg 1024w, https:\/\/esbozodeportivo.com\/wp-content\/uploads\/2024\/12\/Evento1-300x226.jpg 300w, https:\/\/esbozodeportivo.com\/wp-content\/uploads\/2024\/12\/Evento1-768x578.jpg 768w, https:\/\/esbozodeportivo.com\/wp-content\/uploads\/2024\/12\/Evento1-1536x1156.jpg 1536w, https:\/\/esbozodeportivo.com\/wp-content\/uploads\/2024\/12\/Evento1.jpg 1600w\" sizes=\"auto, (max-width: 1024px) 100vw, 1024px\" \/><\/figure>\n\n\n\n<p>(Foto: INDET)<\/p>\n\n\n\n<p>Los m\u00e1s de 150 participantes tomaron parte en las clases de baile de diferentes ritmos, que se impartieron en el Sal\u00f3n <strong>\u201cV\u00edctor Flores Morales\u201d<\/strong>, en las instalaciones del Congreso del Trabajo, con el objetivo de darles m\u00e1s y mejores herramientas a los activadores f\u00edsicos del <strong>INDET<\/strong>, as\u00ed como a quienes tambi\u00e9n promueven la actividad f\u00edsica y las ferias de activaci\u00f3n f\u00edsica laboral.<\/p>\n\n\n\n<p>El ponente internacional, el cubano Janio Rubio Soler, comparti\u00f3 sus conocimientos sobre el baile, los ritmos y el fitness, con la experiencia acumulada a trav\u00e9s de los a\u00f1os, cerrando con una clase masiva y la participaci\u00f3n de los 150 asistentes al curso convocado por el <strong>INDET<\/strong>.<\/p>\n\n\n\n<p>La Licenciada <strong>Martha Silva Y\u00e1\u00f1ez<\/strong>, dio a conocer que para el pr\u00f3ximo a\u00f1o se llevar\u00e1 a cabo el Diplomado en Capacitaci\u00f3n Laboral, como parte del Programa que desarrollar\u00e1 el Instituto del Deporte de los Trabajadores.<\/p>\n","protected":false},"excerpt":{"rendered":"<p>(Foto: INDET) El Programa de Capacitaci\u00f3n Laboral del Instituto Nacional del Deporte de los Trabajadores<\/p>\n","protected":false},"author":2,"featured_media":5129,"comment_status":"closed","ping_status":"open","sticky":false,"template":"","format":"standard","meta":{"_jetpack_memberships_contains_paid_content":false,"footnotes":""},"categories":[5],"tags":[],"class_list":["post-5127","post","type-post","status-publish","format-standard","has-post-thumbnail","hentry","category-amateur"],"yoast_head":"<!-- This site is optimized with the Yoast SEO plugin v25.7 - https:\/\/yoast.com\/wordpress\/plugins\/seo\/ -->\n<title>Cierre exitoso del Programa de Capacitaci\u00f3n de Activaci\u00f3n F\u00edsica - Esbozo Deportivo<\/title>\n<meta name=\"description\" content=\"El Programa de Capacitaci\u00f3n Laboral del Instituto Nacional del Deporte de los Trabajadores tuvo un cierre exitoso en este 2024, con la realizaci\u00f3n del Curso Taller Latin Dance &amp; Fitness, en el cual se dieron cita m\u00e1s de 150 participantes, como parte del proceso para impulsar el desarrollo de la capacitaci\u00f3n desde los centros de trabajo.La licenciada Martha Silvia Y\u00e1\u00f1ez, Subdirectora del Programa de Capacitaci\u00f3n Laboral, encabez\u00f3 el Curso\u00a0 Latin Dance &amp; Fitness, dirigido a entrenadores, licenciados en educaci\u00f3n f\u00edsica, monitores, promotores del deporte laboral y activadores f\u00edsicos, entre otros.\" \/>\n<meta name=\"robots\" content=\"index, follow, max-snippet:-1, max-image-preview:large, max-video-preview:-1\" \/>\n<link rel=\"canonical\" href=\"https:\/\/esbozodeportivo.com\/index.php\/2024\/12\/16\/cierre-exitoso-del-programa-de-capacitacion-de-activacion-fisica\/\" \/>\n<meta property=\"og:locale\" content=\"es_MX\" \/>\n<meta property=\"og:type\" content=\"article\" \/>\n<meta property=\"og:title\" content=\"Cierre exitoso del Programa de Capacitaci\u00f3n de Activaci\u00f3n F\u00edsica - Esbozo Deportivo\" \/>\n<meta property=\"og:description\" content=\"El Programa de Capacitaci\u00f3n Laboral del Instituto Nacional del Deporte de los Trabajadores tuvo un cierre exitoso en este 2024, con la realizaci\u00f3n del Curso Taller Latin Dance &amp; Fitness, en el cual se dieron cita m\u00e1s de 150 participantes, como parte del proceso para impulsar el desarrollo de la capacitaci\u00f3n desde los centros de trabajo.La licenciada Martha Silvia Y\u00e1\u00f1ez, Subdirectora del Programa de Capacitaci\u00f3n Laboral, encabez\u00f3 el Curso\u00a0 Latin Dance &amp; Fitness, dirigido a entrenadores, licenciados en educaci\u00f3n f\u00edsica, monitores, promotores del deporte laboral y activadores f\u00edsicos, entre otros.\" \/>\n<meta property=\"og:url\" content=\"https:\/\/esbozodeportivo.com\/index.php\/2024\/12\/16\/cierre-exitoso-del-programa-de-capacitacion-de-activacion-fisica\/\" \/>\n<meta property=\"og:site_name\" content=\"Esbozo Deportivo\" \/>\n<meta property=\"article:published_time\" content=\"2024-12-16T22:11:03+00:00\" \/>\n<meta property=\"article:modified_time\" content=\"2024-12-17T04:32:35+00:00\" \/>\n<meta property=\"og:image\" content=\"https:\/\/esbozodeportivo.com\/wp-content\/uploads\/2024\/12\/Evento.jpg\" \/>\n\t<meta property=\"og:image:width\" content=\"1600\" \/>\n\t<meta property=\"og:image:height\" content=\"1204\" \/>\n\t<meta property=\"og:image:type\" content=\"image\/jpeg\" \/>\n<meta name=\"author\" content=\"Javier De La Cruz\" \/>\n<meta name=\"twitter:card\" content=\"summary_large_image\" \/>\n<meta name=\"twitter:label1\" content=\"Escrito por\" \/>\n\t<meta name=\"twitter:data1\" content=\"Javier De La Cruz\" \/>\n\t<meta name=\"twitter:label2\" content=\"Tiempo de lectura\" \/>\n\t<meta name=\"twitter:data2\" content=\"2 minutos\" \/>\n<script type=\"application\/ld+json\" class=\"yoast-schema-graph\">{\"@context\":\"https:\/\/schema.org\",\"@graph\":[{\"@type\":\"Article\",\"@id\":\"https:\/\/esbozodeportivo.com\/index.php\/2024\/12\/16\/cierre-exitoso-del-programa-de-capacitacion-de-activacion-fisica\/#article\",\"isPartOf\":{\"@id\":\"https:\/\/esbozodeportivo.com\/index.php\/2024\/12\/16\/cierre-exitoso-del-programa-de-capacitacion-de-activacion-fisica\/\"},\"author\":{\"name\":\"Javier De La Cruz\",\"@id\":\"https:\/\/esbozodeportivo.com\/#\/schema\/person\/7277119c98823aec37bbb84e125efd44\"},\"headline\":\"Cierre exitoso del Programa de Capacitaci\u00f3n de Activaci\u00f3n F\u00edsica\",\"datePublished\":\"2024-12-16T22:11:03+00:00\",\"dateModified\":\"2024-12-17T04:32:35+00:00\",\"mainEntityOfPage\":{\"@id\":\"https:\/\/esbozodeportivo.com\/index.php\/2024\/12\/16\/cierre-exitoso-del-programa-de-capacitacion-de-activacion-fisica\/\"},\"wordCount\":340,\"publisher\":{\"@id\":\"https:\/\/esbozodeportivo.com\/#organization\"},\"image\":{\"@id\":\"https:\/\/esbozodeportivo.com\/index.php\/2024\/12\/16\/cierre-exitoso-del-programa-de-capacitacion-de-activacion-fisica\/#primaryimage\"},\"thumbnailUrl\":\"https:\/\/esbozodeportivo.com\/wp-content\/uploads\/2024\/12\/Evento.jpg\",\"articleSection\":[\"Amateur\"],\"inLanguage\":\"es\"},{\"@type\":\"WebPage\",\"@id\":\"https:\/\/esbozodeportivo.com\/index.php\/2024\/12\/16\/cierre-exitoso-del-programa-de-capacitacion-de-activacion-fisica\/\",\"url\":\"https:\/\/esbozodeportivo.com\/index.php\/2024\/12\/16\/cierre-exitoso-del-programa-de-capacitacion-de-activacion-fisica\/\",\"name\":\"Cierre exitoso del Programa de Capacitaci\u00f3n de Activaci\u00f3n F\u00edsica - Esbozo Deportivo\",\"isPartOf\":{\"@id\":\"https:\/\/esbozodeportivo.com\/#website\"},\"primaryImageOfPage\":{\"@id\":\"https:\/\/esbozodeportivo.com\/index.php\/2024\/12\/16\/cierre-exitoso-del-programa-de-capacitacion-de-activacion-fisica\/#primaryimage\"},\"image\":{\"@id\":\"https:\/\/esbozodeportivo.com\/index.php\/2024\/12\/16\/cierre-exitoso-del-programa-de-capacitacion-de-activacion-fisica\/#primaryimage\"},\"thumbnailUrl\":\"https:\/\/esbozodeportivo.com\/wp-content\/uploads\/2024\/12\/Evento.jpg\",\"datePublished\":\"2024-12-16T22:11:03+00:00\",\"dateModified\":\"2024-12-17T04:32:35+00:00\",\"description\":\"El Programa de Capacitaci\u00f3n Laboral del Instituto Nacional del Deporte de los Trabajadores tuvo un cierre exitoso en este 2024, con la realizaci\u00f3n del Curso Taller Latin Dance & Fitness, en el cual se dieron cita m\u00e1s de 150 participantes, como parte del proceso para impulsar el desarrollo de la capacitaci\u00f3n desde los centros de trabajo.La licenciada Martha Silvia Y\u00e1\u00f1ez, Subdirectora del Programa de Capacitaci\u00f3n Laboral, encabez\u00f3 el Curso\u00a0 Latin Dance & Fitness, dirigido a entrenadores, licenciados en educaci\u00f3n f\u00edsica, monitores, promotores del deporte laboral y activadores f\u00edsicos, entre otros.\",\"breadcrumb\":{\"@id\":\"https:\/\/esbozodeportivo.com\/index.php\/2024\/12\/16\/cierre-exitoso-del-programa-de-capacitacion-de-activacion-fisica\/#breadcrumb\"},\"inLanguage\":\"es\",\"potentialAction\":[{\"@type\":\"ReadAction\",\"target\":[\"https:\/\/esbozodeportivo.com\/index.php\/2024\/12\/16\/cierre-exitoso-del-programa-de-capacitacion-de-activacion-fisica\/\"]}]},{\"@type\":\"ImageObject\",\"inLanguage\":\"es\",\"@id\":\"https:\/\/esbozodeportivo.com\/index.php\/2024\/12\/16\/cierre-exitoso-del-programa-de-capacitacion-de-activacion-fisica\/#primaryimage\",\"url\":\"https:\/\/esbozodeportivo.com\/wp-content\/uploads\/2024\/12\/Evento.jpg\",\"contentUrl\":\"https:\/\/esbozodeportivo.com\/wp-content\/uploads\/2024\/12\/Evento.jpg\",\"width\":1600,\"height\":1204},{\"@type\":\"BreadcrumbList\",\"@id\":\"https:\/\/esbozodeportivo.com\/index.php\/2024\/12\/16\/cierre-exitoso-del-programa-de-capacitacion-de-activacion-fisica\/#breadcrumb\",\"itemListElement\":[{\"@type\":\"ListItem\",\"position\":1,\"name\":\"Inicio\",\"item\":\"https:\/\/esbozodeportivo.com\/\"},{\"@type\":\"ListItem\",\"position\":2,\"name\":\"Cierre exitoso del Programa de Capacitaci\u00f3n de Activaci\u00f3n F\u00edsica\"}]},{\"@type\":\"WebSite\",\"@id\":\"https:\/\/esbozodeportivo.com\/#website\",\"url\":\"https:\/\/esbozodeportivo.com\/\",\"name\":\"Esbozo Deportivo\",\"description\":\"Lo m\u00e1s importante del Deporte\",\"publisher\":{\"@id\":\"https:\/\/esbozodeportivo.com\/#organization\"},\"potentialAction\":[{\"@type\":\"SearchAction\",\"target\":{\"@type\":\"EntryPoint\",\"urlTemplate\":\"https:\/\/esbozodeportivo.com\/?s={search_term_string}\"},\"query-input\":{\"@type\":\"PropertyValueSpecification\",\"valueRequired\":true,\"valueName\":\"search_term_string\"}}],\"inLanguage\":\"es\"},{\"@type\":\"Organization\",\"@id\":\"https:\/\/esbozodeportivo.com\/#organization\",\"name\":\"Esbozo Deportivo\",\"url\":\"https:\/\/esbozodeportivo.com\/\",\"logo\":{\"@type\":\"ImageObject\",\"inLanguage\":\"es\",\"@id\":\"https:\/\/esbozodeportivo.com\/#\/schema\/logo\/image\/\",\"url\":\"https:\/\/esbozodeportivo.com\/wp-content\/uploads\/2022\/08\/cropped-Logo-Esbozo-Web-2.png\",\"contentUrl\":\"https:\/\/esbozodeportivo.com\/wp-content\/uploads\/2022\/08\/cropped-Logo-Esbozo-Web-2.png\",\"width\":180,\"height\":50,\"caption\":\"Esbozo Deportivo\"},\"image\":{\"@id\":\"https:\/\/esbozodeportivo.com\/#\/schema\/logo\/image\/\"}},{\"@type\":\"Person\",\"@id\":\"https:\/\/esbozodeportivo.com\/#\/schema\/person\/7277119c98823aec37bbb84e125efd44\",\"name\":\"Javier De La Cruz\",\"image\":{\"@type\":\"ImageObject\",\"inLanguage\":\"es\",\"@id\":\"https:\/\/esbozodeportivo.com\/#\/schema\/person\/image\/\",\"url\":\"https:\/\/secure.gravatar.com\/avatar\/366235a56d20f1a6e8e3d0b295897639357bea880470ddf261d17bb0bc052eb1?s=96&d=mm&r=g\",\"contentUrl\":\"https:\/\/secure.gravatar.com\/avatar\/366235a56d20f1a6e8e3d0b295897639357bea880470ddf261d17bb0bc052eb1?s=96&d=mm&r=g\",\"caption\":\"Javier De La Cruz\"},\"url\":\"https:\/\/esbozodeportivo.com\/index.php\/author\/javier-de-la-cruz-de-la-cruz\/\"}]}<\/script>\n<!-- \/ Yoast SEO plugin. -->","yoast_head_json":{"title":"Cierre exitoso del Programa de Capacitaci\u00f3n de Activaci\u00f3n F\u00edsica - Esbozo Deportivo","description":"El Programa de Capacitaci\u00f3n Laboral del Instituto Nacional del Deporte de los Trabajadores tuvo un cierre exitoso en este 2024, con la realizaci\u00f3n del Curso Taller Latin Dance & Fitness, en el cual se dieron cita m\u00e1s de 150 participantes, como parte del proceso para impulsar el desarrollo de la capacitaci\u00f3n desde los centros de trabajo.La licenciada Martha Silvia Y\u00e1\u00f1ez, Subdirectora del Programa de Capacitaci\u00f3n Laboral, encabez\u00f3 el Curso\u00a0 Latin Dance & Fitness, dirigido a entrenadores, licenciados en educaci\u00f3n f\u00edsica, monitores, promotores del deporte laboral y activadores f\u00edsicos, entre otros.","robots":{"index":"index","follow":"follow","max-snippet":"max-snippet:-1","max-image-preview":"max-image-preview:large","max-video-preview":"max-video-preview:-1"},"canonical":"https:\/\/esbozodeportivo.com\/index.php\/2024\/12\/16\/cierre-exitoso-del-programa-de-capacitacion-de-activacion-fisica\/","og_locale":"es_MX","og_type":"article","og_title":"Cierre exitoso del Programa de Capacitaci\u00f3n de Activaci\u00f3n F\u00edsica - Esbozo Deportivo","og_description":"El Programa de Capacitaci\u00f3n Laboral del Instituto Nacional del Deporte de los Trabajadores tuvo un cierre exitoso en este 2024, con la realizaci\u00f3n del Curso Taller Latin Dance & Fitness, en el cual se dieron cita m\u00e1s de 150 participantes, como parte del proceso para impulsar el desarrollo de la capacitaci\u00f3n desde los centros de trabajo.La licenciada Martha Silvia Y\u00e1\u00f1ez, Subdirectora del Programa de Capacitaci\u00f3n Laboral, encabez\u00f3 el Curso\u00a0 Latin Dance & Fitness, dirigido a entrenadores, licenciados en educaci\u00f3n f\u00edsica, monitores, promotores del deporte laboral y activadores f\u00edsicos, entre otros.","og_url":"https:\/\/esbozodeportivo.com\/index.php\/2024\/12\/16\/cierre-exitoso-del-programa-de-capacitacion-de-activacion-fisica\/","og_site_name":"Esbozo Deportivo","article_published_time":"2024-12-16T22:11:03+00:00","article_modified_time":"2024-12-17T04:32:35+00:00","og_image":[{"width":1600,"height":1204,"url":"https:\/\/esbozodeportivo.com\/wp-content\/uploads\/2024\/12\/Evento.jpg","type":"image\/jpeg"}],"author":"Javier De La Cruz","twitter_card":"summary_large_image","twitter_misc":{"Escrito por":"Javier De La Cruz","Tiempo de lectura":"2 minutos"},"schema":{"@context":"https:\/\/schema.org","@graph":[{"@type":"Article","@id":"https:\/\/esbozodeportivo.com\/index.php\/2024\/12\/16\/cierre-exitoso-del-programa-de-capacitacion-de-activacion-fisica\/#article","isPartOf":{"@id":"https:\/\/esbozodeportivo.com\/index.php\/2024\/12\/16\/cierre-exitoso-del-programa-de-capacitacion-de-activacion-fisica\/"},"author":{"name":"Javier De La Cruz","@id":"https:\/\/esbozodeportivo.com\/#\/schema\/person\/7277119c98823aec37bbb84e125efd44"},"headline":"Cierre exitoso del Programa de Capacitaci\u00f3n de Activaci\u00f3n F\u00edsica","datePublished":"2024-12-16T22:11:03+00:00","dateModified":"2024-12-17T04:32:35+00:00","mainEntityOfPage":{"@id":"https:\/\/esbozodeportivo.com\/index.php\/2024\/12\/16\/cierre-exitoso-del-programa-de-capacitacion-de-activacion-fisica\/"},"wordCount":340,"publisher":{"@id":"https:\/\/esbozodeportivo.com\/#organization"},"image":{"@id":"https:\/\/esbozodeportivo.com\/index.php\/2024\/12\/16\/cierre-exitoso-del-programa-de-capacitacion-de-activacion-fisica\/#primaryimage"},"thumbnailUrl":"https:\/\/esbozodeportivo.com\/wp-content\/uploads\/2024\/12\/Evento.jpg","articleSection":["Amateur"],"inLanguage":"es"},{"@type":"WebPage","@id":"https:\/\/esbozodeportivo.com\/index.php\/2024\/12\/16\/cierre-exitoso-del-programa-de-capacitacion-de-activacion-fisica\/","url":"https:\/\/esbozodeportivo.com\/index.php\/2024\/12\/16\/cierre-exitoso-del-programa-de-capacitacion-de-activacion-fisica\/","name":"Cierre exitoso del Programa de Capacitaci\u00f3n de Activaci\u00f3n F\u00edsica - Esbozo Deportivo","isPartOf":{"@id":"https:\/\/esbozodeportivo.com\/#website"},"primaryImageOfPage":{"@id":"https:\/\/esbozodeportivo.com\/index.php\/2024\/12\/16\/cierre-exitoso-del-programa-de-capacitacion-de-activacion-fisica\/#primaryimage"},"image":{"@id":"https:\/\/esbozodeportivo.com\/index.php\/2024\/12\/16\/cierre-exitoso-del-programa-de-capacitacion-de-activacion-fisica\/#primaryimage"},"thumbnailUrl":"https:\/\/esbozodeportivo.com\/wp-content\/uploads\/2024\/12\/Evento.jpg","datePublished":"2024-12-16T22:11:03+00:00","dateModified":"2024-12-17T04:32:35+00:00","description":"El Programa de Capacitaci\u00f3n Laboral del Instituto Nacional del Deporte de los Trabajadores tuvo un cierre exitoso en este 2024, con la realizaci\u00f3n del Curso Taller Latin Dance & Fitness, en el cual se dieron cita m\u00e1s de 150 participantes, como parte del proceso para impulsar el desarrollo de la capacitaci\u00f3n desde los centros de trabajo.La licenciada Martha Silvia Y\u00e1\u00f1ez, Subdirectora del Programa de Capacitaci\u00f3n Laboral, encabez\u00f3 el Curso\u00a0 Latin Dance & Fitness, dirigido a entrenadores, licenciados en educaci\u00f3n f\u00edsica, monitores, promotores del deporte laboral y activadores f\u00edsicos, entre otros.","breadcrumb":{"@id":"https:\/\/esbozodeportivo.com\/index.php\/2024\/12\/16\/cierre-exitoso-del-programa-de-capacitacion-de-activacion-fisica\/#breadcrumb"},"inLanguage":"es","potentialAction":[{"@type":"ReadAction","target":["https:\/\/esbozodeportivo.com\/index.php\/2024\/12\/16\/cierre-exitoso-del-programa-de-capacitacion-de-activacion-fisica\/"]}]},{"@type":"ImageObject","inLanguage":"es","@id":"https:\/\/esbozodeportivo.com\/index.php\/2024\/12\/16\/cierre-exitoso-del-programa-de-capacitacion-de-activacion-fisica\/#primaryimage","url":"https:\/\/esbozodeportivo.com\/wp-content\/uploads\/2024\/12\/Evento.jpg","contentUrl":"https:\/\/esbozodeportivo.com\/wp-content\/uploads\/2024\/12\/Evento.jpg","width":1600,"height":1204},{"@type":"BreadcrumbList","@id":"https:\/\/esbozodeportivo.com\/index.php\/2024\/12\/16\/cierre-exitoso-del-programa-de-capacitacion-de-activacion-fisica\/#breadcrumb","itemListElement":[{"@type":"ListItem","position":1,"name":"Inicio","item":"https:\/\/esbozodeportivo.com\/"},{"@type":"ListItem","position":2,"name":"Cierre exitoso del Programa de Capacitaci\u00f3n de Activaci\u00f3n F\u00edsica"}]},{"@type":"WebSite","@id":"https:\/\/esbozodeportivo.com\/#website","url":"https:\/\/esbozodeportivo.com\/","name":"Esbozo Deportivo","description":"Lo m\u00e1s importante del Deporte","publisher":{"@id":"https:\/\/esbozodeportivo.com\/#organization"},"potentialAction":[{"@type":"SearchAction","target":{"@type":"EntryPoint","urlTemplate":"https:\/\/esbozodeportivo.com\/?s={search_term_string}"},"query-input":{"@type":"PropertyValueSpecification","valueRequired":true,"valueName":"search_term_string"}}],"inLanguage":"es"},{"@type":"Organization","@id":"https:\/\/esbozodeportivo.com\/#organization","name":"Esbozo Deportivo","url":"https:\/\/esbozodeportivo.com\/","logo":{"@type":"ImageObject","inLanguage":"es","@id":"https:\/\/esbozodeportivo.com\/#\/schema\/logo\/image\/","url":"https:\/\/esbozodeportivo.com\/wp-content\/uploads\/2022\/08\/cropped-Logo-Esbozo-Web-2.png","contentUrl":"https:\/\/esbozodeportivo.com\/wp-content\/uploads\/2022\/08\/cropped-Logo-Esbozo-Web-2.png","width":180,"height":50,"caption":"Esbozo Deportivo"},"image":{"@id":"https:\/\/esbozodeportivo.com\/#\/schema\/logo\/image\/"}},{"@type":"Person","@id":"https:\/\/esbozodeportivo.com\/#\/schema\/person\/7277119c98823aec37bbb84e125efd44","name":"Javier De La Cruz","image":{"@type":"ImageObject","inLanguage":"es","@id":"https:\/\/esbozodeportivo.com\/#\/schema\/person\/image\/","url":"https:\/\/secure.gravatar.com\/avatar\/366235a56d20f1a6e8e3d0b295897639357bea880470ddf261d17bb0bc052eb1?s=96&d=mm&r=g","contentUrl":"https:\/\/secure.gravatar.com\/avatar\/366235a56d20f1a6e8e3d0b295897639357bea880470ddf261d17bb0bc052eb1?s=96&d=mm&r=g","caption":"Javier De La Cruz"},"url":"https:\/\/esbozodeportivo.com\/index.php\/author\/javier-de-la-cruz-de-la-cruz\/"}]}},"jetpack_featured_media_url":"https:\/\/esbozodeportivo.com\/wp-content\/uploads\/2024\/12\/Evento.jpg","jetpack_sharing_enabled":true,"_links":{"self":[{"href":"https:\/\/esbozodeportivo.com\/index.php\/wp-json\/wp\/v2\/posts\/5127","targetHints":{"allow":["GET"]}}],"collection":[{"href":"https:\/\/esbozodeportivo.com\/index.php\/wp-json\/wp\/v2\/posts"}],"about":[{"href":"https:\/\/esbozodeportivo.com\/index.php\/wp-json\/wp\/v2\/types\/post"}],"author":[{"embeddable":true,"href":"https:\/\/esbozodeportivo.com\/index.php\/wp-json\/wp\/v2\/users\/2"}],"replies":[{"embeddable":true,"href":"https:\/\/esbozodeportivo.com\/index.php\/wp-json\/wp\/v2\/comments?post=5127"}],"version-history":[{"count":2,"href":"https:\/\/esbozodeportivo.com\/index.php\/wp-json\/wp\/v2\/posts\/5127\/revisions"}],"predecessor-version":[{"id":5132,"href":"https:\/\/esbozodeportivo.com\/index.php\/wp-json\/wp\/v2\/posts\/5127\/revisions\/5132"}],"wp:featuredmedia":[{"embeddable":true,"href":"https:\/\/esbozodeportivo.com\/index.php\/wp-json\/wp\/v2\/media\/5129"}],"wp:attachment":[{"href":"https:\/\/esbozodeportivo.com\/index.php\/wp-json\/wp\/v2\/media?parent=5127"}],"wp:term":[{"taxonomy":"category","embeddable":true,"href":"https:\/\/esbozodeportivo.com\/index.php\/wp-json\/wp\/v2\/categories?post=5127"},{"taxonomy":"post_tag","embeddable":true,"href":"https:\/\/esbozodeportivo.com\/index.php\/wp-json\/wp\/v2\/tags?post=5127"}],"curies":[{"name":"wp","href":"https:\/\/api.w.org\/{rel}","templated":true}]}}