{"id":5190,"date":"2025-01-07T02:44:42","date_gmt":"2025-01-07T02:44:42","guid":{"rendered":"https:\/\/esbozodeportivo.com\/?p=5190"},"modified":"2025-01-07T02:44:42","modified_gmt":"2025-01-07T02:44:42","slug":"pederson-fuera-de-jaguares","status":"publish","type":"post","link":"https:\/\/esbozodeportivo.com\/index.php\/2025\/01\/07\/pederson-fuera-de-jaguares\/","title":{"rendered":"Pederson fuera de Jaguares"},"content":{"rendered":"\n<p>(Foto: Agencias) <\/p>\n\n\n\n<p><strong>Doug Pederson<\/strong> fue sido destituido como el entrenador en jefe de <a href=\"https:\/\/www.jaguars.com\/\"><strong>Jacksonville<\/strong><\/a> despu\u00e9s de que el \u201cmejor equipo armado\u201d por la franquicia ganara apenas cuatro partidos.<\/p>\n\n\n\n<p>El propietario de los <strong>Jaguares<\/strong>, <strong>Shad Khan<\/strong>, despidi\u00f3 a <strong>Pederson<\/strong> el lunes, un d\u00eda despu\u00e9s de una derrota 26-23 ante Indian\u00e1polis en tiempo extra.<\/p>\n\n\n\n<p>Fue el 18vo rev\u00e9s del equipo en sus \u00faltimos 23 partidos. Sin embargo, <strong>Khan<\/strong> mantuvo al gerente general <strong>Trent Baalke<\/strong>, una decisi\u00f3n cuestionable que seguramente afectar\u00e1 qui\u00e9n ser\u00e1 el pr\u00f3ximo entrenador de J<strong>acksonville<\/strong>.<\/p>\n\n\n\n<p><strong>Khan<\/strong> tom\u00f3 la decisi\u00f3n con un a\u00f1o restante en el contrato de <strong>Pederson<\/strong>.<\/p>\n\n\n\n<p>La decisi\u00f3n se produjo m\u00e1s de cinco meses despu\u00e9s de que <strong>Khan<\/strong> se presentara frente a entrenadores y jugadores y declarara que este era el \u201cmejor equipo armado\u201d en la historia de los <strong>Jaguars<\/strong>.<\/p>\n\n\n\n<p>\u201cGanar ahora\u201d fue la consigna de <strong>Khan<\/strong> al abrir el campamento de entrenamiento y despu\u00e9s de comprometer casi 500 millones d\u00f3lares para firmar al quarterback <strong>Trevor Lawrence<\/strong>, al cazamariscales <strong>Josh Hines-Allen<\/strong> y al cornerback <strong>Tyson Campbell<\/strong> con contratos a largo plazo en la temporada baja. Fue la inversi\u00f3n de plantilla m\u00e1s costosa en la historia de la franquicia.<\/p>\n","protected":false},"excerpt":{"rendered":"<p>(Foto: Agencias) Doug Pederson fue sido destituido como el entrenador en jefe de Jacksonville despu\u00e9s<\/p>\n","protected":false},"author":2,"featured_media":5191,"comment_status":"closed","ping_status":"open","sticky":false,"template":"","format":"standard","meta":{"_jetpack_memberships_contains_paid_content":false,"footnotes":""},"categories":[6],"tags":[],"class_list":["post-5190","post","type-post","status-publish","format-standard","has-post-thumbnail","hentry","category-nfl"],"yoast_head":"<!-- This site is optimized with the Yoast SEO plugin v25.7 - https:\/\/yoast.com\/wordpress\/plugins\/seo\/ -->\n<title>Pederson fuera de Jaguares - Esbozo Deportivo<\/title>\n<meta name=\"description\" content=\"Doug Pederson fue sido destituido como el entrenador en jefe de Jacksonville despu\u00e9s de que el \u201cmejor equipo armado\u201d por la franquicia ganara apenas cuatro partidos.El propietario de los Jaguares, Shad Khan, despidi\u00f3 a Pederson el lunes, un d\u00eda despu\u00e9s de una derrota 26-23 ante Indian\u00e1polis en tiempo extra.\" \/>\n<meta name=\"robots\" content=\"index, follow, max-snippet:-1, max-image-preview:large, max-video-preview:-1\" \/>\n<link rel=\"canonical\" href=\"https:\/\/esbozodeportivo.com\/index.php\/2025\/01\/07\/pederson-fuera-de-jaguares\/\" \/>\n<meta property=\"og:locale\" content=\"es_MX\" \/>\n<meta property=\"og:type\" content=\"article\" \/>\n<meta property=\"og:title\" content=\"Pederson fuera de Jaguares - Esbozo Deportivo\" \/>\n<meta property=\"og:description\" content=\"Doug Pederson fue sido destituido como el entrenador en jefe de Jacksonville despu\u00e9s de que el \u201cmejor equipo armado\u201d por la franquicia ganara apenas cuatro partidos.El propietario de los Jaguares, Shad Khan, despidi\u00f3 a Pederson el lunes, un d\u00eda despu\u00e9s de una derrota 26-23 ante Indian\u00e1polis en tiempo extra.\" \/>\n<meta property=\"og:url\" content=\"https:\/\/esbozodeportivo.com\/index.php\/2025\/01\/07\/pederson-fuera-de-jaguares\/\" \/>\n<meta property=\"og:site_name\" content=\"Esbozo Deportivo\" \/>\n<meta property=\"article:published_time\" content=\"2025-01-07T02:44:42+00:00\" \/>\n<meta property=\"og:image\" content=\"https:\/\/esbozodeportivo.com\/wp-content\/uploads\/2025\/01\/Pederson.jpg\" \/>\n\t<meta property=\"og:image:width\" content=\"980\" \/>\n\t<meta property=\"og:image:height\" content=\"653\" \/>\n\t<meta property=\"og:image:type\" content=\"image\/jpeg\" \/>\n<meta name=\"author\" content=\"Javier De La Cruz\" \/>\n<meta name=\"twitter:card\" content=\"summary_large_image\" \/>\n<meta name=\"twitter:label1\" content=\"Escrito por\" \/>\n\t<meta name=\"twitter:data1\" content=\"Javier De La Cruz\" \/>\n\t<meta name=\"twitter:label2\" content=\"Tiempo de lectura\" \/>\n\t<meta name=\"twitter:data2\" content=\"2 minutos\" \/>\n<script type=\"application\/ld+json\" class=\"yoast-schema-graph\">{\"@context\":\"https:\/\/schema.org\",\"@graph\":[{\"@type\":\"Article\",\"@id\":\"https:\/\/esbozodeportivo.com\/index.php\/2025\/01\/07\/pederson-fuera-de-jaguares\/#article\",\"isPartOf\":{\"@id\":\"https:\/\/esbozodeportivo.com\/index.php\/2025\/01\/07\/pederson-fuera-de-jaguares\/\"},\"author\":{\"name\":\"Javier De La Cruz\",\"@id\":\"https:\/\/esbozodeportivo.com\/#\/schema\/person\/7277119c98823aec37bbb84e125efd44\"},\"headline\":\"Pederson fuera de Jaguares\",\"datePublished\":\"2025-01-07T02:44:42+00:00\",\"mainEntityOfPage\":{\"@id\":\"https:\/\/esbozodeportivo.com\/index.php\/2025\/01\/07\/pederson-fuera-de-jaguares\/\"},\"wordCount\":209,\"publisher\":{\"@id\":\"https:\/\/esbozodeportivo.com\/#organization\"},\"image\":{\"@id\":\"https:\/\/esbozodeportivo.com\/index.php\/2025\/01\/07\/pederson-fuera-de-jaguares\/#primaryimage\"},\"thumbnailUrl\":\"https:\/\/esbozodeportivo.com\/wp-content\/uploads\/2025\/01\/Pederson.jpg\",\"articleSection\":[\"NFL\"],\"inLanguage\":\"es\"},{\"@type\":\"WebPage\",\"@id\":\"https:\/\/esbozodeportivo.com\/index.php\/2025\/01\/07\/pederson-fuera-de-jaguares\/\",\"url\":\"https:\/\/esbozodeportivo.com\/index.php\/2025\/01\/07\/pederson-fuera-de-jaguares\/\",\"name\":\"Pederson fuera de Jaguares - Esbozo Deportivo\",\"isPartOf\":{\"@id\":\"https:\/\/esbozodeportivo.com\/#website\"},\"primaryImageOfPage\":{\"@id\":\"https:\/\/esbozodeportivo.com\/index.php\/2025\/01\/07\/pederson-fuera-de-jaguares\/#primaryimage\"},\"image\":{\"@id\":\"https:\/\/esbozodeportivo.com\/index.php\/2025\/01\/07\/pederson-fuera-de-jaguares\/#primaryimage\"},\"thumbnailUrl\":\"https:\/\/esbozodeportivo.com\/wp-content\/uploads\/2025\/01\/Pederson.jpg\",\"datePublished\":\"2025-01-07T02:44:42+00:00\",\"description\":\"Doug Pederson fue sido destituido como el entrenador en jefe de Jacksonville despu\u00e9s de que el \u201cmejor equipo armado\u201d por la franquicia ganara apenas cuatro partidos.El propietario de los Jaguares, Shad Khan, despidi\u00f3 a Pederson el lunes, un d\u00eda despu\u00e9s de una derrota 26-23 ante Indian\u00e1polis en tiempo extra.\",\"breadcrumb\":{\"@id\":\"https:\/\/esbozodeportivo.com\/index.php\/2025\/01\/07\/pederson-fuera-de-jaguares\/#breadcrumb\"},\"inLanguage\":\"es\",\"potentialAction\":[{\"@type\":\"ReadAction\",\"target\":[\"https:\/\/esbozodeportivo.com\/index.php\/2025\/01\/07\/pederson-fuera-de-jaguares\/\"]}]},{\"@type\":\"ImageObject\",\"inLanguage\":\"es\",\"@id\":\"https:\/\/esbozodeportivo.com\/index.php\/2025\/01\/07\/pederson-fuera-de-jaguares\/#primaryimage\",\"url\":\"https:\/\/esbozodeportivo.com\/wp-content\/uploads\/2025\/01\/Pederson.jpg\",\"contentUrl\":\"https:\/\/esbozodeportivo.com\/wp-content\/uploads\/2025\/01\/Pederson.jpg\",\"width\":980,\"height\":653},{\"@type\":\"BreadcrumbList\",\"@id\":\"https:\/\/esbozodeportivo.com\/index.php\/2025\/01\/07\/pederson-fuera-de-jaguares\/#breadcrumb\",\"itemListElement\":[{\"@type\":\"ListItem\",\"position\":1,\"name\":\"Inicio\",\"item\":\"https:\/\/esbozodeportivo.com\/\"},{\"@type\":\"ListItem\",\"position\":2,\"name\":\"Pederson fuera de Jaguares\"}]},{\"@type\":\"WebSite\",\"@id\":\"https:\/\/esbozodeportivo.com\/#website\",\"url\":\"https:\/\/esbozodeportivo.com\/\",\"name\":\"Esbozo Deportivo\",\"description\":\"Lo m\u00e1s importante del Deporte\",\"publisher\":{\"@id\":\"https:\/\/esbozodeportivo.com\/#organization\"},\"potentialAction\":[{\"@type\":\"SearchAction\",\"target\":{\"@type\":\"EntryPoint\",\"urlTemplate\":\"https:\/\/esbozodeportivo.com\/?s={search_term_string}\"},\"query-input\":{\"@type\":\"PropertyValueSpecification\",\"valueRequired\":true,\"valueName\":\"search_term_string\"}}],\"inLanguage\":\"es\"},{\"@type\":\"Organization\",\"@id\":\"https:\/\/esbozodeportivo.com\/#organization\",\"name\":\"Esbozo Deportivo\",\"url\":\"https:\/\/esbozodeportivo.com\/\",\"logo\":{\"@type\":\"ImageObject\",\"inLanguage\":\"es\",\"@id\":\"https:\/\/esbozodeportivo.com\/#\/schema\/logo\/image\/\",\"url\":\"https:\/\/esbozodeportivo.com\/wp-content\/uploads\/2022\/08\/cropped-Logo-Esbozo-Web-2.png\",\"contentUrl\":\"https:\/\/esbozodeportivo.com\/wp-content\/uploads\/2022\/08\/cropped-Logo-Esbozo-Web-2.png\",\"width\":180,\"height\":50,\"caption\":\"Esbozo Deportivo\"},\"image\":{\"@id\":\"https:\/\/esbozodeportivo.com\/#\/schema\/logo\/image\/\"}},{\"@type\":\"Person\",\"@id\":\"https:\/\/esbozodeportivo.com\/#\/schema\/person\/7277119c98823aec37bbb84e125efd44\",\"name\":\"Javier De La Cruz\",\"image\":{\"@type\":\"ImageObject\",\"inLanguage\":\"es\",\"@id\":\"https:\/\/esbozodeportivo.com\/#\/schema\/person\/image\/\",\"url\":\"https:\/\/secure.gravatar.com\/avatar\/366235a56d20f1a6e8e3d0b295897639357bea880470ddf261d17bb0bc052eb1?s=96&d=mm&r=g\",\"contentUrl\":\"https:\/\/secure.gravatar.com\/avatar\/366235a56d20f1a6e8e3d0b295897639357bea880470ddf261d17bb0bc052eb1?s=96&d=mm&r=g\",\"caption\":\"Javier De La Cruz\"},\"url\":\"https:\/\/esbozodeportivo.com\/index.php\/author\/javier-de-la-cruz-de-la-cruz\/\"}]}<\/script>\n<!-- \/ Yoast SEO plugin. -->","yoast_head_json":{"title":"Pederson fuera de Jaguares - Esbozo Deportivo","description":"Doug Pederson fue sido destituido como el entrenador en jefe de Jacksonville despu\u00e9s de que el \u201cmejor equipo armado\u201d por la franquicia ganara apenas cuatro partidos.El propietario de los Jaguares, Shad Khan, despidi\u00f3 a Pederson el lunes, un d\u00eda despu\u00e9s de una derrota 26-23 ante Indian\u00e1polis en tiempo extra.","robots":{"index":"index","follow":"follow","max-snippet":"max-snippet:-1","max-image-preview":"max-image-preview:large","max-video-preview":"max-video-preview:-1"},"canonical":"https:\/\/esbozodeportivo.com\/index.php\/2025\/01\/07\/pederson-fuera-de-jaguares\/","og_locale":"es_MX","og_type":"article","og_title":"Pederson fuera de Jaguares - Esbozo Deportivo","og_description":"Doug Pederson fue sido destituido como el entrenador en jefe de Jacksonville despu\u00e9s de que el \u201cmejor equipo armado\u201d por la franquicia ganara apenas cuatro partidos.El propietario de los Jaguares, Shad Khan, despidi\u00f3 a Pederson el lunes, un d\u00eda despu\u00e9s de una derrota 26-23 ante Indian\u00e1polis en tiempo extra.","og_url":"https:\/\/esbozodeportivo.com\/index.php\/2025\/01\/07\/pederson-fuera-de-jaguares\/","og_site_name":"Esbozo Deportivo","article_published_time":"2025-01-07T02:44:42+00:00","og_image":[{"width":980,"height":653,"url":"https:\/\/esbozodeportivo.com\/wp-content\/uploads\/2025\/01\/Pederson.jpg","type":"image\/jpeg"}],"author":"Javier De La Cruz","twitter_card":"summary_large_image","twitter_misc":{"Escrito por":"Javier De La Cruz","Tiempo de lectura":"2 minutos"},"schema":{"@context":"https:\/\/schema.org","@graph":[{"@type":"Article","@id":"https:\/\/esbozodeportivo.com\/index.php\/2025\/01\/07\/pederson-fuera-de-jaguares\/#article","isPartOf":{"@id":"https:\/\/esbozodeportivo.com\/index.php\/2025\/01\/07\/pederson-fuera-de-jaguares\/"},"author":{"name":"Javier De La Cruz","@id":"https:\/\/esbozodeportivo.com\/#\/schema\/person\/7277119c98823aec37bbb84e125efd44"},"headline":"Pederson fuera de Jaguares","datePublished":"2025-01-07T02:44:42+00:00","mainEntityOfPage":{"@id":"https:\/\/esbozodeportivo.com\/index.php\/2025\/01\/07\/pederson-fuera-de-jaguares\/"},"wordCount":209,"publisher":{"@id":"https:\/\/esbozodeportivo.com\/#organization"},"image":{"@id":"https:\/\/esbozodeportivo.com\/index.php\/2025\/01\/07\/pederson-fuera-de-jaguares\/#primaryimage"},"thumbnailUrl":"https:\/\/esbozodeportivo.com\/wp-content\/uploads\/2025\/01\/Pederson.jpg","articleSection":["NFL"],"inLanguage":"es"},{"@type":"WebPage","@id":"https:\/\/esbozodeportivo.com\/index.php\/2025\/01\/07\/pederson-fuera-de-jaguares\/","url":"https:\/\/esbozodeportivo.com\/index.php\/2025\/01\/07\/pederson-fuera-de-jaguares\/","name":"Pederson fuera de Jaguares - Esbozo Deportivo","isPartOf":{"@id":"https:\/\/esbozodeportivo.com\/#website"},"primaryImageOfPage":{"@id":"https:\/\/esbozodeportivo.com\/index.php\/2025\/01\/07\/pederson-fuera-de-jaguares\/#primaryimage"},"image":{"@id":"https:\/\/esbozodeportivo.com\/index.php\/2025\/01\/07\/pederson-fuera-de-jaguares\/#primaryimage"},"thumbnailUrl":"https:\/\/esbozodeportivo.com\/wp-content\/uploads\/2025\/01\/Pederson.jpg","datePublished":"2025-01-07T02:44:42+00:00","description":"Doug Pederson fue sido destituido como el entrenador en jefe de Jacksonville despu\u00e9s de que el \u201cmejor equipo armado\u201d por la franquicia ganara apenas cuatro partidos.El propietario de los Jaguares, Shad Khan, despidi\u00f3 a Pederson el lunes, un d\u00eda despu\u00e9s de una derrota 26-23 ante Indian\u00e1polis en tiempo extra.","breadcrumb":{"@id":"https:\/\/esbozodeportivo.com\/index.php\/2025\/01\/07\/pederson-fuera-de-jaguares\/#breadcrumb"},"inLanguage":"es","potentialAction":[{"@type":"ReadAction","target":["https:\/\/esbozodeportivo.com\/index.php\/2025\/01\/07\/pederson-fuera-de-jaguares\/"]}]},{"@type":"ImageObject","inLanguage":"es","@id":"https:\/\/esbozodeportivo.com\/index.php\/2025\/01\/07\/pederson-fuera-de-jaguares\/#primaryimage","url":"https:\/\/esbozodeportivo.com\/wp-content\/uploads\/2025\/01\/Pederson.jpg","contentUrl":"https:\/\/esbozodeportivo.com\/wp-content\/uploads\/2025\/01\/Pederson.jpg","width":980,"height":653},{"@type":"BreadcrumbList","@id":"https:\/\/esbozodeportivo.com\/index.php\/2025\/01\/07\/pederson-fuera-de-jaguares\/#breadcrumb","itemListElement":[{"@type":"ListItem","position":1,"name":"Inicio","item":"https:\/\/esbozodeportivo.com\/"},{"@type":"ListItem","position":2,"name":"Pederson fuera de Jaguares"}]},{"@type":"WebSite","@id":"https:\/\/esbozodeportivo.com\/#website","url":"https:\/\/esbozodeportivo.com\/","name":"Esbozo Deportivo","description":"Lo m\u00e1s importante del Deporte","publisher":{"@id":"https:\/\/esbozodeportivo.com\/#organization"},"potentialAction":[{"@type":"SearchAction","target":{"@type":"EntryPoint","urlTemplate":"https:\/\/esbozodeportivo.com\/?s={search_term_string}"},"query-input":{"@type":"PropertyValueSpecification","valueRequired":true,"valueName":"search_term_string"}}],"inLanguage":"es"},{"@type":"Organization","@id":"https:\/\/esbozodeportivo.com\/#organization","name":"Esbozo Deportivo","url":"https:\/\/esbozodeportivo.com\/","logo":{"@type":"ImageObject","inLanguage":"es","@id":"https:\/\/esbozodeportivo.com\/#\/schema\/logo\/image\/","url":"https:\/\/esbozodeportivo.com\/wp-content\/uploads\/2022\/08\/cropped-Logo-Esbozo-Web-2.png","contentUrl":"https:\/\/esbozodeportivo.com\/wp-content\/uploads\/2022\/08\/cropped-Logo-Esbozo-Web-2.png","width":180,"height":50,"caption":"Esbozo Deportivo"},"image":{"@id":"https:\/\/esbozodeportivo.com\/#\/schema\/logo\/image\/"}},{"@type":"Person","@id":"https:\/\/esbozodeportivo.com\/#\/schema\/person\/7277119c98823aec37bbb84e125efd44","name":"Javier De La Cruz","image":{"@type":"ImageObject","inLanguage":"es","@id":"https:\/\/esbozodeportivo.com\/#\/schema\/person\/image\/","url":"https:\/\/secure.gravatar.com\/avatar\/366235a56d20f1a6e8e3d0b295897639357bea880470ddf261d17bb0bc052eb1?s=96&d=mm&r=g","contentUrl":"https:\/\/secure.gravatar.com\/avatar\/366235a56d20f1a6e8e3d0b295897639357bea880470ddf261d17bb0bc052eb1?s=96&d=mm&r=g","caption":"Javier De La Cruz"},"url":"https:\/\/esbozodeportivo.com\/index.php\/author\/javier-de-la-cruz-de-la-cruz\/"}]}},"jetpack_featured_media_url":"https:\/\/esbozodeportivo.com\/wp-content\/uploads\/2025\/01\/Pederson.jpg","jetpack_sharing_enabled":true,"_links":{"self":[{"href":"https:\/\/esbozodeportivo.com\/index.php\/wp-json\/wp\/v2\/posts\/5190","targetHints":{"allow":["GET"]}}],"collection":[{"href":"https:\/\/esbozodeportivo.com\/index.php\/wp-json\/wp\/v2\/posts"}],"about":[{"href":"https:\/\/esbozodeportivo.com\/index.php\/wp-json\/wp\/v2\/types\/post"}],"author":[{"embeddable":true,"href":"https:\/\/esbozodeportivo.com\/index.php\/wp-json\/wp\/v2\/users\/2"}],"replies":[{"embeddable":true,"href":"https:\/\/esbozodeportivo.com\/index.php\/wp-json\/wp\/v2\/comments?post=5190"}],"version-history":[{"count":1,"href":"https:\/\/esbozodeportivo.com\/index.php\/wp-json\/wp\/v2\/posts\/5190\/revisions"}],"predecessor-version":[{"id":5192,"href":"https:\/\/esbozodeportivo.com\/index.php\/wp-json\/wp\/v2\/posts\/5190\/revisions\/5192"}],"wp:featuredmedia":[{"embeddable":true,"href":"https:\/\/esbozodeportivo.com\/index.php\/wp-json\/wp\/v2\/media\/5191"}],"wp:attachment":[{"href":"https:\/\/esbozodeportivo.com\/index.php\/wp-json\/wp\/v2\/media?parent=5190"}],"wp:term":[{"taxonomy":"category","embeddable":true,"href":"https:\/\/esbozodeportivo.com\/index.php\/wp-json\/wp\/v2\/categories?post=5190"},{"taxonomy":"post_tag","embeddable":true,"href":"https:\/\/esbozodeportivo.com\/index.php\/wp-json\/wp\/v2\/tags?post=5190"}],"curies":[{"name":"wp","href":"https:\/\/api.w.org\/{rel}","templated":true}]}}