{"id":5196,"date":"2025-01-07T03:01:35","date_gmt":"2025-01-07T03:01:35","guid":{"rendered":"https:\/\/esbozodeportivo.com\/?p=5196"},"modified":"2025-01-07T03:01:36","modified_gmt":"2025-01-07T03:01:36","slug":"brandon-vazquez-regresa-a-la-mls","status":"publish","type":"post","link":"https:\/\/esbozodeportivo.com\/index.php\/2025\/01\/07\/brandon-vazquez-regresa-a-la-mls\/","title":{"rendered":"Brandon V\u00e1zquez regresa a la MLS"},"content":{"rendered":"\n<p>(Foto: Agencias)<\/p>\n\n\n\n<p><a href=\"https:\/\/www.austinfc.com\/\"><strong>Austin FC<\/strong><\/a> anunci\u00f3 el lunes que alcanz\u00f3 un acuerdo para adquirir al delantero estadounidense de 26 a\u00f1os del club mexicano <a href=\"https:\/\/www.rayados.com\/es\"><strong>Monterrey<\/strong><\/a><strong>.<\/strong><\/p>\n\n\n\n<p><strong>V\u00e1zquez<\/strong> acord\u00f3 un contrato de cuatro a\u00f1os que incluye una opci\u00f3n para 2029. El equipo no especific\u00f3 si la opci\u00f3n corresponde al club o a <strong>V\u00e1zquez.<\/strong><\/p>\n\n\n\n<p>Un \u201c<strong>All-Star<\/strong>\u201d de la <strong>MLS<\/strong> en 2022, <strong>V\u00e1zquez<\/strong> jug\u00f3 para <strong>Atlanta United<\/strong> (2017-19) y <strong>FC Cincinnati<\/strong> (2022-23). Marc\u00f3 26 goles en 62 partidos durante la temporada regular con <strong>Cincinnati<\/strong>. Fich\u00f3 con <strong>Monterrey<\/strong> el pasado enero y anot\u00f3 14 goles en todas las competiciones.<\/p>\n\n\n\n<p><strong>V\u00e1zquez <\/strong>ha marcado cuatro goles en 11 partidos con la selecci\u00f3n de Estados Unidos, todos en 2023: contra Serbia en un amistoso y frente a Jamaica, Trinidad y Tobago y Canad\u00e1 en la Copa Oro de la <a href=\"https:\/\/www.concacaf.com\/es\/\"><strong>CONCACAF<\/strong><\/a>.<\/p>\n","protected":false},"excerpt":{"rendered":"<p>(Foto: Agencias) Austin FC anunci\u00f3 el lunes que alcanz\u00f3 un acuerdo para adquirir al delantero<\/p>\n","protected":false},"author":2,"featured_media":5197,"comment_status":"closed","ping_status":"open","sticky":false,"template":"","format":"standard","meta":{"_jetpack_memberships_contains_paid_content":false,"footnotes":""},"categories":[45],"tags":[],"class_list":["post-5196","post","type-post","status-publish","format-standard","has-post-thumbnail","hentry","category-mls"],"yoast_head":"<!-- This site is optimized with the Yoast SEO plugin v25.7 - https:\/\/yoast.com\/wordpress\/plugins\/seo\/ -->\n<title>Brandon V\u00e1zquez regresa a la MLS - Esbozo Deportivo<\/title>\n<meta name=\"description\" content=\"Austin FC anunci\u00f3 el lunes que alcanz\u00f3 un acuerdo para adquirir al delantero estadounidense de 26 a\u00f1os del club mexicano Monterrey.V\u00e1zquez acord\u00f3 un contrato de cuatro a\u00f1os que incluye una opci\u00f3n para 2029. El equipo no especific\u00f3 si la opci\u00f3n corresponde al club o a V\u00e1zquez.\" \/>\n<meta name=\"robots\" content=\"index, follow, max-snippet:-1, max-image-preview:large, max-video-preview:-1\" \/>\n<link rel=\"canonical\" href=\"https:\/\/esbozodeportivo.com\/index.php\/2025\/01\/07\/brandon-vazquez-regresa-a-la-mls\/\" \/>\n<meta property=\"og:locale\" content=\"es_MX\" \/>\n<meta property=\"og:type\" content=\"article\" \/>\n<meta property=\"og:title\" content=\"Brandon V\u00e1zquez regresa a la MLS - Esbozo Deportivo\" \/>\n<meta property=\"og:description\" content=\"Austin FC anunci\u00f3 el lunes que alcanz\u00f3 un acuerdo para adquirir al delantero estadounidense de 26 a\u00f1os del club mexicano Monterrey.V\u00e1zquez acord\u00f3 un contrato de cuatro a\u00f1os que incluye una opci\u00f3n para 2029. El equipo no especific\u00f3 si la opci\u00f3n corresponde al club o a V\u00e1zquez.\" \/>\n<meta property=\"og:url\" content=\"https:\/\/esbozodeportivo.com\/index.php\/2025\/01\/07\/brandon-vazquez-regresa-a-la-mls\/\" \/>\n<meta property=\"og:site_name\" content=\"Esbozo Deportivo\" \/>\n<meta property=\"article:published_time\" content=\"2025-01-07T03:01:35+00:00\" \/>\n<meta property=\"article:modified_time\" content=\"2025-01-07T03:01:36+00:00\" \/>\n<meta property=\"og:image\" content=\"https:\/\/esbozodeportivo.com\/wp-content\/uploads\/2025\/01\/Vazquez.jpg\" \/>\n\t<meta property=\"og:image:width\" content=\"980\" \/>\n\t<meta property=\"og:image:height\" content=\"653\" \/>\n\t<meta property=\"og:image:type\" content=\"image\/jpeg\" \/>\n<meta name=\"author\" content=\"Javier De La Cruz\" \/>\n<meta name=\"twitter:card\" content=\"summary_large_image\" \/>\n<meta name=\"twitter:label1\" content=\"Escrito por\" \/>\n\t<meta name=\"twitter:data1\" content=\"Javier De La Cruz\" \/>\n\t<meta name=\"twitter:label2\" content=\"Tiempo de lectura\" \/>\n\t<meta name=\"twitter:data2\" content=\"1 minuto\" \/>\n<script type=\"application\/ld+json\" class=\"yoast-schema-graph\">{\"@context\":\"https:\/\/schema.org\",\"@graph\":[{\"@type\":\"Article\",\"@id\":\"https:\/\/esbozodeportivo.com\/index.php\/2025\/01\/07\/brandon-vazquez-regresa-a-la-mls\/#article\",\"isPartOf\":{\"@id\":\"https:\/\/esbozodeportivo.com\/index.php\/2025\/01\/07\/brandon-vazquez-regresa-a-la-mls\/\"},\"author\":{\"name\":\"Javier De La Cruz\",\"@id\":\"https:\/\/esbozodeportivo.com\/#\/schema\/person\/7277119c98823aec37bbb84e125efd44\"},\"headline\":\"Brandon V\u00e1zquez regresa a la MLS\",\"datePublished\":\"2025-01-07T03:01:35+00:00\",\"dateModified\":\"2025-01-07T03:01:36+00:00\",\"mainEntityOfPage\":{\"@id\":\"https:\/\/esbozodeportivo.com\/index.php\/2025\/01\/07\/brandon-vazquez-regresa-a-la-mls\/\"},\"wordCount\":138,\"publisher\":{\"@id\":\"https:\/\/esbozodeportivo.com\/#organization\"},\"image\":{\"@id\":\"https:\/\/esbozodeportivo.com\/index.php\/2025\/01\/07\/brandon-vazquez-regresa-a-la-mls\/#primaryimage\"},\"thumbnailUrl\":\"https:\/\/esbozodeportivo.com\/wp-content\/uploads\/2025\/01\/Vazquez.jpg\",\"articleSection\":[\"MLS\"],\"inLanguage\":\"es\"},{\"@type\":\"WebPage\",\"@id\":\"https:\/\/esbozodeportivo.com\/index.php\/2025\/01\/07\/brandon-vazquez-regresa-a-la-mls\/\",\"url\":\"https:\/\/esbozodeportivo.com\/index.php\/2025\/01\/07\/brandon-vazquez-regresa-a-la-mls\/\",\"name\":\"Brandon V\u00e1zquez regresa a la MLS - Esbozo Deportivo\",\"isPartOf\":{\"@id\":\"https:\/\/esbozodeportivo.com\/#website\"},\"primaryImageOfPage\":{\"@id\":\"https:\/\/esbozodeportivo.com\/index.php\/2025\/01\/07\/brandon-vazquez-regresa-a-la-mls\/#primaryimage\"},\"image\":{\"@id\":\"https:\/\/esbozodeportivo.com\/index.php\/2025\/01\/07\/brandon-vazquez-regresa-a-la-mls\/#primaryimage\"},\"thumbnailUrl\":\"https:\/\/esbozodeportivo.com\/wp-content\/uploads\/2025\/01\/Vazquez.jpg\",\"datePublished\":\"2025-01-07T03:01:35+00:00\",\"dateModified\":\"2025-01-07T03:01:36+00:00\",\"description\":\"Austin FC anunci\u00f3 el lunes que alcanz\u00f3 un acuerdo para adquirir al delantero estadounidense de 26 a\u00f1os del club mexicano Monterrey.V\u00e1zquez acord\u00f3 un contrato de cuatro a\u00f1os que incluye una opci\u00f3n para 2029. El equipo no especific\u00f3 si la opci\u00f3n corresponde al club o a V\u00e1zquez.\",\"breadcrumb\":{\"@id\":\"https:\/\/esbozodeportivo.com\/index.php\/2025\/01\/07\/brandon-vazquez-regresa-a-la-mls\/#breadcrumb\"},\"inLanguage\":\"es\",\"potentialAction\":[{\"@type\":\"ReadAction\",\"target\":[\"https:\/\/esbozodeportivo.com\/index.php\/2025\/01\/07\/brandon-vazquez-regresa-a-la-mls\/\"]}]},{\"@type\":\"ImageObject\",\"inLanguage\":\"es\",\"@id\":\"https:\/\/esbozodeportivo.com\/index.php\/2025\/01\/07\/brandon-vazquez-regresa-a-la-mls\/#primaryimage\",\"url\":\"https:\/\/esbozodeportivo.com\/wp-content\/uploads\/2025\/01\/Vazquez.jpg\",\"contentUrl\":\"https:\/\/esbozodeportivo.com\/wp-content\/uploads\/2025\/01\/Vazquez.jpg\",\"width\":980,\"height\":653},{\"@type\":\"BreadcrumbList\",\"@id\":\"https:\/\/esbozodeportivo.com\/index.php\/2025\/01\/07\/brandon-vazquez-regresa-a-la-mls\/#breadcrumb\",\"itemListElement\":[{\"@type\":\"ListItem\",\"position\":1,\"name\":\"Inicio\",\"item\":\"https:\/\/esbozodeportivo.com\/\"},{\"@type\":\"ListItem\",\"position\":2,\"name\":\"Brandon V\u00e1zquez regresa a la MLS\"}]},{\"@type\":\"WebSite\",\"@id\":\"https:\/\/esbozodeportivo.com\/#website\",\"url\":\"https:\/\/esbozodeportivo.com\/\",\"name\":\"Esbozo Deportivo\",\"description\":\"Lo m\u00e1s importante del Deporte\",\"publisher\":{\"@id\":\"https:\/\/esbozodeportivo.com\/#organization\"},\"potentialAction\":[{\"@type\":\"SearchAction\",\"target\":{\"@type\":\"EntryPoint\",\"urlTemplate\":\"https:\/\/esbozodeportivo.com\/?s={search_term_string}\"},\"query-input\":{\"@type\":\"PropertyValueSpecification\",\"valueRequired\":true,\"valueName\":\"search_term_string\"}}],\"inLanguage\":\"es\"},{\"@type\":\"Organization\",\"@id\":\"https:\/\/esbozodeportivo.com\/#organization\",\"name\":\"Esbozo Deportivo\",\"url\":\"https:\/\/esbozodeportivo.com\/\",\"logo\":{\"@type\":\"ImageObject\",\"inLanguage\":\"es\",\"@id\":\"https:\/\/esbozodeportivo.com\/#\/schema\/logo\/image\/\",\"url\":\"https:\/\/esbozodeportivo.com\/wp-content\/uploads\/2022\/08\/cropped-Logo-Esbozo-Web-2.png\",\"contentUrl\":\"https:\/\/esbozodeportivo.com\/wp-content\/uploads\/2022\/08\/cropped-Logo-Esbozo-Web-2.png\",\"width\":180,\"height\":50,\"caption\":\"Esbozo Deportivo\"},\"image\":{\"@id\":\"https:\/\/esbozodeportivo.com\/#\/schema\/logo\/image\/\"}},{\"@type\":\"Person\",\"@id\":\"https:\/\/esbozodeportivo.com\/#\/schema\/person\/7277119c98823aec37bbb84e125efd44\",\"name\":\"Javier De La Cruz\",\"image\":{\"@type\":\"ImageObject\",\"inLanguage\":\"es\",\"@id\":\"https:\/\/esbozodeportivo.com\/#\/schema\/person\/image\/\",\"url\":\"https:\/\/secure.gravatar.com\/avatar\/366235a56d20f1a6e8e3d0b295897639357bea880470ddf261d17bb0bc052eb1?s=96&d=mm&r=g\",\"contentUrl\":\"https:\/\/secure.gravatar.com\/avatar\/366235a56d20f1a6e8e3d0b295897639357bea880470ddf261d17bb0bc052eb1?s=96&d=mm&r=g\",\"caption\":\"Javier De La Cruz\"},\"url\":\"https:\/\/esbozodeportivo.com\/index.php\/author\/javier-de-la-cruz-de-la-cruz\/\"}]}<\/script>\n<!-- \/ Yoast SEO plugin. -->","yoast_head_json":{"title":"Brandon V\u00e1zquez regresa a la MLS - Esbozo Deportivo","description":"Austin FC anunci\u00f3 el lunes que alcanz\u00f3 un acuerdo para adquirir al delantero estadounidense de 26 a\u00f1os del club mexicano Monterrey.V\u00e1zquez acord\u00f3 un contrato de cuatro a\u00f1os que incluye una opci\u00f3n para 2029. El equipo no especific\u00f3 si la opci\u00f3n corresponde al club o a V\u00e1zquez.","robots":{"index":"index","follow":"follow","max-snippet":"max-snippet:-1","max-image-preview":"max-image-preview:large","max-video-preview":"max-video-preview:-1"},"canonical":"https:\/\/esbozodeportivo.com\/index.php\/2025\/01\/07\/brandon-vazquez-regresa-a-la-mls\/","og_locale":"es_MX","og_type":"article","og_title":"Brandon V\u00e1zquez regresa a la MLS - Esbozo Deportivo","og_description":"Austin FC anunci\u00f3 el lunes que alcanz\u00f3 un acuerdo para adquirir al delantero estadounidense de 26 a\u00f1os del club mexicano Monterrey.V\u00e1zquez acord\u00f3 un contrato de cuatro a\u00f1os que incluye una opci\u00f3n para 2029. El equipo no especific\u00f3 si la opci\u00f3n corresponde al club o a V\u00e1zquez.","og_url":"https:\/\/esbozodeportivo.com\/index.php\/2025\/01\/07\/brandon-vazquez-regresa-a-la-mls\/","og_site_name":"Esbozo Deportivo","article_published_time":"2025-01-07T03:01:35+00:00","article_modified_time":"2025-01-07T03:01:36+00:00","og_image":[{"width":980,"height":653,"url":"https:\/\/esbozodeportivo.com\/wp-content\/uploads\/2025\/01\/Vazquez.jpg","type":"image\/jpeg"}],"author":"Javier De La Cruz","twitter_card":"summary_large_image","twitter_misc":{"Escrito por":"Javier De La Cruz","Tiempo de lectura":"1 minuto"},"schema":{"@context":"https:\/\/schema.org","@graph":[{"@type":"Article","@id":"https:\/\/esbozodeportivo.com\/index.php\/2025\/01\/07\/brandon-vazquez-regresa-a-la-mls\/#article","isPartOf":{"@id":"https:\/\/esbozodeportivo.com\/index.php\/2025\/01\/07\/brandon-vazquez-regresa-a-la-mls\/"},"author":{"name":"Javier De La Cruz","@id":"https:\/\/esbozodeportivo.com\/#\/schema\/person\/7277119c98823aec37bbb84e125efd44"},"headline":"Brandon V\u00e1zquez regresa a la MLS","datePublished":"2025-01-07T03:01:35+00:00","dateModified":"2025-01-07T03:01:36+00:00","mainEntityOfPage":{"@id":"https:\/\/esbozodeportivo.com\/index.php\/2025\/01\/07\/brandon-vazquez-regresa-a-la-mls\/"},"wordCount":138,"publisher":{"@id":"https:\/\/esbozodeportivo.com\/#organization"},"image":{"@id":"https:\/\/esbozodeportivo.com\/index.php\/2025\/01\/07\/brandon-vazquez-regresa-a-la-mls\/#primaryimage"},"thumbnailUrl":"https:\/\/esbozodeportivo.com\/wp-content\/uploads\/2025\/01\/Vazquez.jpg","articleSection":["MLS"],"inLanguage":"es"},{"@type":"WebPage","@id":"https:\/\/esbozodeportivo.com\/index.php\/2025\/01\/07\/brandon-vazquez-regresa-a-la-mls\/","url":"https:\/\/esbozodeportivo.com\/index.php\/2025\/01\/07\/brandon-vazquez-regresa-a-la-mls\/","name":"Brandon V\u00e1zquez regresa a la MLS - Esbozo Deportivo","isPartOf":{"@id":"https:\/\/esbozodeportivo.com\/#website"},"primaryImageOfPage":{"@id":"https:\/\/esbozodeportivo.com\/index.php\/2025\/01\/07\/brandon-vazquez-regresa-a-la-mls\/#primaryimage"},"image":{"@id":"https:\/\/esbozodeportivo.com\/index.php\/2025\/01\/07\/brandon-vazquez-regresa-a-la-mls\/#primaryimage"},"thumbnailUrl":"https:\/\/esbozodeportivo.com\/wp-content\/uploads\/2025\/01\/Vazquez.jpg","datePublished":"2025-01-07T03:01:35+00:00","dateModified":"2025-01-07T03:01:36+00:00","description":"Austin FC anunci\u00f3 el lunes que alcanz\u00f3 un acuerdo para adquirir al delantero estadounidense de 26 a\u00f1os del club mexicano Monterrey.V\u00e1zquez acord\u00f3 un contrato de cuatro a\u00f1os que incluye una opci\u00f3n para 2029. El equipo no especific\u00f3 si la opci\u00f3n corresponde al club o a V\u00e1zquez.","breadcrumb":{"@id":"https:\/\/esbozodeportivo.com\/index.php\/2025\/01\/07\/brandon-vazquez-regresa-a-la-mls\/#breadcrumb"},"inLanguage":"es","potentialAction":[{"@type":"ReadAction","target":["https:\/\/esbozodeportivo.com\/index.php\/2025\/01\/07\/brandon-vazquez-regresa-a-la-mls\/"]}]},{"@type":"ImageObject","inLanguage":"es","@id":"https:\/\/esbozodeportivo.com\/index.php\/2025\/01\/07\/brandon-vazquez-regresa-a-la-mls\/#primaryimage","url":"https:\/\/esbozodeportivo.com\/wp-content\/uploads\/2025\/01\/Vazquez.jpg","contentUrl":"https:\/\/esbozodeportivo.com\/wp-content\/uploads\/2025\/01\/Vazquez.jpg","width":980,"height":653},{"@type":"BreadcrumbList","@id":"https:\/\/esbozodeportivo.com\/index.php\/2025\/01\/07\/brandon-vazquez-regresa-a-la-mls\/#breadcrumb","itemListElement":[{"@type":"ListItem","position":1,"name":"Inicio","item":"https:\/\/esbozodeportivo.com\/"},{"@type":"ListItem","position":2,"name":"Brandon V\u00e1zquez regresa a la MLS"}]},{"@type":"WebSite","@id":"https:\/\/esbozodeportivo.com\/#website","url":"https:\/\/esbozodeportivo.com\/","name":"Esbozo Deportivo","description":"Lo m\u00e1s importante del Deporte","publisher":{"@id":"https:\/\/esbozodeportivo.com\/#organization"},"potentialAction":[{"@type":"SearchAction","target":{"@type":"EntryPoint","urlTemplate":"https:\/\/esbozodeportivo.com\/?s={search_term_string}"},"query-input":{"@type":"PropertyValueSpecification","valueRequired":true,"valueName":"search_term_string"}}],"inLanguage":"es"},{"@type":"Organization","@id":"https:\/\/esbozodeportivo.com\/#organization","name":"Esbozo Deportivo","url":"https:\/\/esbozodeportivo.com\/","logo":{"@type":"ImageObject","inLanguage":"es","@id":"https:\/\/esbozodeportivo.com\/#\/schema\/logo\/image\/","url":"https:\/\/esbozodeportivo.com\/wp-content\/uploads\/2022\/08\/cropped-Logo-Esbozo-Web-2.png","contentUrl":"https:\/\/esbozodeportivo.com\/wp-content\/uploads\/2022\/08\/cropped-Logo-Esbozo-Web-2.png","width":180,"height":50,"caption":"Esbozo Deportivo"},"image":{"@id":"https:\/\/esbozodeportivo.com\/#\/schema\/logo\/image\/"}},{"@type":"Person","@id":"https:\/\/esbozodeportivo.com\/#\/schema\/person\/7277119c98823aec37bbb84e125efd44","name":"Javier De La Cruz","image":{"@type":"ImageObject","inLanguage":"es","@id":"https:\/\/esbozodeportivo.com\/#\/schema\/person\/image\/","url":"https:\/\/secure.gravatar.com\/avatar\/366235a56d20f1a6e8e3d0b295897639357bea880470ddf261d17bb0bc052eb1?s=96&d=mm&r=g","contentUrl":"https:\/\/secure.gravatar.com\/avatar\/366235a56d20f1a6e8e3d0b295897639357bea880470ddf261d17bb0bc052eb1?s=96&d=mm&r=g","caption":"Javier De La Cruz"},"url":"https:\/\/esbozodeportivo.com\/index.php\/author\/javier-de-la-cruz-de-la-cruz\/"}]}},"jetpack_featured_media_url":"https:\/\/esbozodeportivo.com\/wp-content\/uploads\/2025\/01\/Vazquez.jpg","jetpack_sharing_enabled":true,"_links":{"self":[{"href":"https:\/\/esbozodeportivo.com\/index.php\/wp-json\/wp\/v2\/posts\/5196","targetHints":{"allow":["GET"]}}],"collection":[{"href":"https:\/\/esbozodeportivo.com\/index.php\/wp-json\/wp\/v2\/posts"}],"about":[{"href":"https:\/\/esbozodeportivo.com\/index.php\/wp-json\/wp\/v2\/types\/post"}],"author":[{"embeddable":true,"href":"https:\/\/esbozodeportivo.com\/index.php\/wp-json\/wp\/v2\/users\/2"}],"replies":[{"embeddable":true,"href":"https:\/\/esbozodeportivo.com\/index.php\/wp-json\/wp\/v2\/comments?post=5196"}],"version-history":[{"count":1,"href":"https:\/\/esbozodeportivo.com\/index.php\/wp-json\/wp\/v2\/posts\/5196\/revisions"}],"predecessor-version":[{"id":5198,"href":"https:\/\/esbozodeportivo.com\/index.php\/wp-json\/wp\/v2\/posts\/5196\/revisions\/5198"}],"wp:featuredmedia":[{"embeddable":true,"href":"https:\/\/esbozodeportivo.com\/index.php\/wp-json\/wp\/v2\/media\/5197"}],"wp:attachment":[{"href":"https:\/\/esbozodeportivo.com\/index.php\/wp-json\/wp\/v2\/media?parent=5196"}],"wp:term":[{"taxonomy":"category","embeddable":true,"href":"https:\/\/esbozodeportivo.com\/index.php\/wp-json\/wp\/v2\/categories?post=5196"},{"taxonomy":"post_tag","embeddable":true,"href":"https:\/\/esbozodeportivo.com\/index.php\/wp-json\/wp\/v2\/tags?post=5196"}],"curies":[{"name":"wp","href":"https:\/\/api.w.org\/{rel}","templated":true}]}}