{"id":5202,"date":"2025-01-10T04:54:03","date_gmt":"2025-01-10T04:54:03","guid":{"rendered":"https:\/\/esbozodeportivo.com\/?p=5202"},"modified":"2025-01-10T04:54:04","modified_gmt":"2025-01-10T04:54:04","slug":"raiders-despide-al-entrenador-antonio-pierce","status":"publish","type":"post","link":"https:\/\/esbozodeportivo.com\/index.php\/2025\/01\/10\/raiders-despide-al-entrenador-antonio-pierce\/","title":{"rendered":"Raiders despide al entrenador Antonio Pierce"},"content":{"rendered":"\n<p>(Foto: Agencias)<\/p>\n\n\n\n<p>Los <a href=\"https:\/\/www.raiders.com\/espanol\/\">Raides de Las Vegas<\/a> despidieron el martes a <strong>Antonio Pierce<\/strong>, despu\u00e9s de apenas una temporada como su entrenador en el jefe, el \u00faltimo en una serie de cambios de estrategas del equipo en los \u00faltimos a\u00f1os.<\/p>\n\n\n\n<p>\u201cApreciamos el liderazgo de <strong>Antonio<\/strong>, primero como entrenador interino y esta \u00faltima temporada como entrenador titular\u201d, dijo el equipo en un comunicado. \u201c<strong>Antonio<\/strong> creci\u00f3 siendo fan\u00e1tico de los <strong>Raiders<\/strong> y sus ra\u00edces como \u2018<strong>Silver and Black\u2019<\/strong> son profundas. Estamos agradecidos por su capacidad para reavivar lo que significa ser un <strong>Raide<\/strong>r en toda la organizaci\u00f3n. No deseamos nada m\u00e1s que lo mejor para Antonio y su familia en el futuro\u201d.<\/p>\n\n\n\n<p><strong>Pierce<\/strong> asumi\u00f3 como entrenador interino a mitad de la temporada 2023 y tuvo un r\u00e9cord de 5-4 en lo que restaba de temporada, ganando un fuerte apoyo de los jugadores para que fuera confirmado de manera permanente.<\/p>\n","protected":false},"excerpt":{"rendered":"<p>(Foto: Agencias) Los Raides de Las Vegas despidieron el martes a Antonio Pierce, despu\u00e9s de<\/p>\n","protected":false},"author":2,"featured_media":5203,"comment_status":"closed","ping_status":"open","sticky":false,"template":"","format":"standard","meta":{"_jetpack_memberships_contains_paid_content":false,"footnotes":""},"categories":[6],"tags":[],"class_list":["post-5202","post","type-post","status-publish","format-standard","has-post-thumbnail","hentry","category-nfl"],"yoast_head":"<!-- This site is optimized with the Yoast SEO plugin v25.7 - https:\/\/yoast.com\/wordpress\/plugins\/seo\/ -->\n<title>Raiders despide al entrenador Antonio Pierce - Esbozo Deportivo<\/title>\n<meta name=\"description\" content=\"Los Raides de Las Vegas despidieron el martes a Antonio Pierce, despu\u00e9s de apenas una temporada como su entrenador en el jefe, el \u00faltimo en una serie de cambios de estrategas del equipo en los \u00faltimos a\u00f1os.\u201cApreciamos el liderazgo de Antonio, primero como entrenador interino y esta \u00faltima temporada como entrenador titular\u201d, dijo el equipo en un comunicado. \u201cAntonio creci\u00f3 siendo fan\u00e1tico de los Raiders y sus ra\u00edces como \u2018Silver and Black\u2019 son profundas. Estamos agradecidos por su capacidad para reavivar lo que significa ser un Raider en toda la organizaci\u00f3n. No deseamos nada m\u00e1s que lo mejor para Antonio y su familia en el futuro\u201d.\" \/>\n<meta name=\"robots\" content=\"index, follow, max-snippet:-1, max-image-preview:large, max-video-preview:-1\" \/>\n<link rel=\"canonical\" href=\"https:\/\/esbozodeportivo.com\/index.php\/2025\/01\/10\/raiders-despide-al-entrenador-antonio-pierce\/\" \/>\n<meta property=\"og:locale\" content=\"es_MX\" \/>\n<meta property=\"og:type\" content=\"article\" \/>\n<meta property=\"og:title\" content=\"Raiders despide al entrenador Antonio Pierce - Esbozo Deportivo\" \/>\n<meta property=\"og:description\" content=\"Los Raides de Las Vegas despidieron el martes a Antonio Pierce, despu\u00e9s de apenas una temporada como su entrenador en el jefe, el \u00faltimo en una serie de cambios de estrategas del equipo en los \u00faltimos a\u00f1os.\u201cApreciamos el liderazgo de Antonio, primero como entrenador interino y esta \u00faltima temporada como entrenador titular\u201d, dijo el equipo en un comunicado. \u201cAntonio creci\u00f3 siendo fan\u00e1tico de los Raiders y sus ra\u00edces como \u2018Silver and Black\u2019 son profundas. Estamos agradecidos por su capacidad para reavivar lo que significa ser un Raider en toda la organizaci\u00f3n. No deseamos nada m\u00e1s que lo mejor para Antonio y su familia en el futuro\u201d.\" \/>\n<meta property=\"og:url\" content=\"https:\/\/esbozodeportivo.com\/index.php\/2025\/01\/10\/raiders-despide-al-entrenador-antonio-pierce\/\" \/>\n<meta property=\"og:site_name\" content=\"Esbozo Deportivo\" \/>\n<meta property=\"article:published_time\" content=\"2025-01-10T04:54:03+00:00\" \/>\n<meta property=\"article:modified_time\" content=\"2025-01-10T04:54:04+00:00\" \/>\n<meta property=\"og:image\" content=\"https:\/\/esbozodeportivo.com\/wp-content\/uploads\/2025\/01\/Antonio-Perez.jpg\" \/>\n\t<meta property=\"og:image:width\" content=\"980\" \/>\n\t<meta property=\"og:image:height\" content=\"653\" \/>\n\t<meta property=\"og:image:type\" content=\"image\/jpeg\" \/>\n<meta name=\"author\" content=\"Javier De La Cruz\" \/>\n<meta name=\"twitter:card\" content=\"summary_large_image\" \/>\n<meta name=\"twitter:label1\" content=\"Escrito por\" \/>\n\t<meta name=\"twitter:data1\" content=\"Javier De La Cruz\" \/>\n\t<meta name=\"twitter:label2\" content=\"Tiempo de lectura\" \/>\n\t<meta name=\"twitter:data2\" content=\"1 minuto\" \/>\n<script type=\"application\/ld+json\" class=\"yoast-schema-graph\">{\"@context\":\"https:\/\/schema.org\",\"@graph\":[{\"@type\":\"Article\",\"@id\":\"https:\/\/esbozodeportivo.com\/index.php\/2025\/01\/10\/raiders-despide-al-entrenador-antonio-pierce\/#article\",\"isPartOf\":{\"@id\":\"https:\/\/esbozodeportivo.com\/index.php\/2025\/01\/10\/raiders-despide-al-entrenador-antonio-pierce\/\"},\"author\":{\"name\":\"Javier De La Cruz\",\"@id\":\"https:\/\/esbozodeportivo.com\/#\/schema\/person\/7277119c98823aec37bbb84e125efd44\"},\"headline\":\"Raiders despide al entrenador Antonio Pierce\",\"datePublished\":\"2025-01-10T04:54:03+00:00\",\"dateModified\":\"2025-01-10T04:54:04+00:00\",\"mainEntityOfPage\":{\"@id\":\"https:\/\/esbozodeportivo.com\/index.php\/2025\/01\/10\/raiders-despide-al-entrenador-antonio-pierce\/\"},\"wordCount\":158,\"publisher\":{\"@id\":\"https:\/\/esbozodeportivo.com\/#organization\"},\"image\":{\"@id\":\"https:\/\/esbozodeportivo.com\/index.php\/2025\/01\/10\/raiders-despide-al-entrenador-antonio-pierce\/#primaryimage\"},\"thumbnailUrl\":\"https:\/\/esbozodeportivo.com\/wp-content\/uploads\/2025\/01\/Antonio-Perez.jpg\",\"articleSection\":[\"NFL\"],\"inLanguage\":\"es\"},{\"@type\":\"WebPage\",\"@id\":\"https:\/\/esbozodeportivo.com\/index.php\/2025\/01\/10\/raiders-despide-al-entrenador-antonio-pierce\/\",\"url\":\"https:\/\/esbozodeportivo.com\/index.php\/2025\/01\/10\/raiders-despide-al-entrenador-antonio-pierce\/\",\"name\":\"Raiders despide al entrenador Antonio Pierce - Esbozo Deportivo\",\"isPartOf\":{\"@id\":\"https:\/\/esbozodeportivo.com\/#website\"},\"primaryImageOfPage\":{\"@id\":\"https:\/\/esbozodeportivo.com\/index.php\/2025\/01\/10\/raiders-despide-al-entrenador-antonio-pierce\/#primaryimage\"},\"image\":{\"@id\":\"https:\/\/esbozodeportivo.com\/index.php\/2025\/01\/10\/raiders-despide-al-entrenador-antonio-pierce\/#primaryimage\"},\"thumbnailUrl\":\"https:\/\/esbozodeportivo.com\/wp-content\/uploads\/2025\/01\/Antonio-Perez.jpg\",\"datePublished\":\"2025-01-10T04:54:03+00:00\",\"dateModified\":\"2025-01-10T04:54:04+00:00\",\"description\":\"Los Raides de Las Vegas despidieron el martes a Antonio Pierce, despu\u00e9s de apenas una temporada como su entrenador en el jefe, el \u00faltimo en una serie de cambios de estrategas del equipo en los \u00faltimos a\u00f1os.\u201cApreciamos el liderazgo de Antonio, primero como entrenador interino y esta \u00faltima temporada como entrenador titular\u201d, dijo el equipo en un comunicado. \u201cAntonio creci\u00f3 siendo fan\u00e1tico de los Raiders y sus ra\u00edces como \u2018Silver and Black\u2019 son profundas. Estamos agradecidos por su capacidad para reavivar lo que significa ser un Raider en toda la organizaci\u00f3n. No deseamos nada m\u00e1s que lo mejor para Antonio y su familia en el futuro\u201d.\",\"breadcrumb\":{\"@id\":\"https:\/\/esbozodeportivo.com\/index.php\/2025\/01\/10\/raiders-despide-al-entrenador-antonio-pierce\/#breadcrumb\"},\"inLanguage\":\"es\",\"potentialAction\":[{\"@type\":\"ReadAction\",\"target\":[\"https:\/\/esbozodeportivo.com\/index.php\/2025\/01\/10\/raiders-despide-al-entrenador-antonio-pierce\/\"]}]},{\"@type\":\"ImageObject\",\"inLanguage\":\"es\",\"@id\":\"https:\/\/esbozodeportivo.com\/index.php\/2025\/01\/10\/raiders-despide-al-entrenador-antonio-pierce\/#primaryimage\",\"url\":\"https:\/\/esbozodeportivo.com\/wp-content\/uploads\/2025\/01\/Antonio-Perez.jpg\",\"contentUrl\":\"https:\/\/esbozodeportivo.com\/wp-content\/uploads\/2025\/01\/Antonio-Perez.jpg\",\"width\":980,\"height\":653},{\"@type\":\"BreadcrumbList\",\"@id\":\"https:\/\/esbozodeportivo.com\/index.php\/2025\/01\/10\/raiders-despide-al-entrenador-antonio-pierce\/#breadcrumb\",\"itemListElement\":[{\"@type\":\"ListItem\",\"position\":1,\"name\":\"Inicio\",\"item\":\"https:\/\/esbozodeportivo.com\/\"},{\"@type\":\"ListItem\",\"position\":2,\"name\":\"Raiders despide al entrenador Antonio Pierce\"}]},{\"@type\":\"WebSite\",\"@id\":\"https:\/\/esbozodeportivo.com\/#website\",\"url\":\"https:\/\/esbozodeportivo.com\/\",\"name\":\"Esbozo Deportivo\",\"description\":\"Lo m\u00e1s importante del Deporte\",\"publisher\":{\"@id\":\"https:\/\/esbozodeportivo.com\/#organization\"},\"potentialAction\":[{\"@type\":\"SearchAction\",\"target\":{\"@type\":\"EntryPoint\",\"urlTemplate\":\"https:\/\/esbozodeportivo.com\/?s={search_term_string}\"},\"query-input\":{\"@type\":\"PropertyValueSpecification\",\"valueRequired\":true,\"valueName\":\"search_term_string\"}}],\"inLanguage\":\"es\"},{\"@type\":\"Organization\",\"@id\":\"https:\/\/esbozodeportivo.com\/#organization\",\"name\":\"Esbozo Deportivo\",\"url\":\"https:\/\/esbozodeportivo.com\/\",\"logo\":{\"@type\":\"ImageObject\",\"inLanguage\":\"es\",\"@id\":\"https:\/\/esbozodeportivo.com\/#\/schema\/logo\/image\/\",\"url\":\"https:\/\/esbozodeportivo.com\/wp-content\/uploads\/2022\/08\/cropped-Logo-Esbozo-Web-2.png\",\"contentUrl\":\"https:\/\/esbozodeportivo.com\/wp-content\/uploads\/2022\/08\/cropped-Logo-Esbozo-Web-2.png\",\"width\":180,\"height\":50,\"caption\":\"Esbozo Deportivo\"},\"image\":{\"@id\":\"https:\/\/esbozodeportivo.com\/#\/schema\/logo\/image\/\"}},{\"@type\":\"Person\",\"@id\":\"https:\/\/esbozodeportivo.com\/#\/schema\/person\/7277119c98823aec37bbb84e125efd44\",\"name\":\"Javier De La Cruz\",\"image\":{\"@type\":\"ImageObject\",\"inLanguage\":\"es\",\"@id\":\"https:\/\/esbozodeportivo.com\/#\/schema\/person\/image\/\",\"url\":\"https:\/\/secure.gravatar.com\/avatar\/366235a56d20f1a6e8e3d0b295897639357bea880470ddf261d17bb0bc052eb1?s=96&d=mm&r=g\",\"contentUrl\":\"https:\/\/secure.gravatar.com\/avatar\/366235a56d20f1a6e8e3d0b295897639357bea880470ddf261d17bb0bc052eb1?s=96&d=mm&r=g\",\"caption\":\"Javier De La Cruz\"},\"url\":\"https:\/\/esbozodeportivo.com\/index.php\/author\/javier-de-la-cruz-de-la-cruz\/\"}]}<\/script>\n<!-- \/ Yoast SEO plugin. -->","yoast_head_json":{"title":"Raiders despide al entrenador Antonio Pierce - Esbozo Deportivo","description":"Los Raides de Las Vegas despidieron el martes a Antonio Pierce, despu\u00e9s de apenas una temporada como su entrenador en el jefe, el \u00faltimo en una serie de cambios de estrategas del equipo en los \u00faltimos a\u00f1os.\u201cApreciamos el liderazgo de Antonio, primero como entrenador interino y esta \u00faltima temporada como entrenador titular\u201d, dijo el equipo en un comunicado. \u201cAntonio creci\u00f3 siendo fan\u00e1tico de los Raiders y sus ra\u00edces como \u2018Silver and Black\u2019 son profundas. Estamos agradecidos por su capacidad para reavivar lo que significa ser un Raider en toda la organizaci\u00f3n. No deseamos nada m\u00e1s que lo mejor para Antonio y su familia en el futuro\u201d.","robots":{"index":"index","follow":"follow","max-snippet":"max-snippet:-1","max-image-preview":"max-image-preview:large","max-video-preview":"max-video-preview:-1"},"canonical":"https:\/\/esbozodeportivo.com\/index.php\/2025\/01\/10\/raiders-despide-al-entrenador-antonio-pierce\/","og_locale":"es_MX","og_type":"article","og_title":"Raiders despide al entrenador Antonio Pierce - Esbozo Deportivo","og_description":"Los Raides de Las Vegas despidieron el martes a Antonio Pierce, despu\u00e9s de apenas una temporada como su entrenador en el jefe, el \u00faltimo en una serie de cambios de estrategas del equipo en los \u00faltimos a\u00f1os.\u201cApreciamos el liderazgo de Antonio, primero como entrenador interino y esta \u00faltima temporada como entrenador titular\u201d, dijo el equipo en un comunicado. \u201cAntonio creci\u00f3 siendo fan\u00e1tico de los Raiders y sus ra\u00edces como \u2018Silver and Black\u2019 son profundas. Estamos agradecidos por su capacidad para reavivar lo que significa ser un Raider en toda la organizaci\u00f3n. No deseamos nada m\u00e1s que lo mejor para Antonio y su familia en el futuro\u201d.","og_url":"https:\/\/esbozodeportivo.com\/index.php\/2025\/01\/10\/raiders-despide-al-entrenador-antonio-pierce\/","og_site_name":"Esbozo Deportivo","article_published_time":"2025-01-10T04:54:03+00:00","article_modified_time":"2025-01-10T04:54:04+00:00","og_image":[{"width":980,"height":653,"url":"https:\/\/esbozodeportivo.com\/wp-content\/uploads\/2025\/01\/Antonio-Perez.jpg","type":"image\/jpeg"}],"author":"Javier De La Cruz","twitter_card":"summary_large_image","twitter_misc":{"Escrito por":"Javier De La Cruz","Tiempo de lectura":"1 minuto"},"schema":{"@context":"https:\/\/schema.org","@graph":[{"@type":"Article","@id":"https:\/\/esbozodeportivo.com\/index.php\/2025\/01\/10\/raiders-despide-al-entrenador-antonio-pierce\/#article","isPartOf":{"@id":"https:\/\/esbozodeportivo.com\/index.php\/2025\/01\/10\/raiders-despide-al-entrenador-antonio-pierce\/"},"author":{"name":"Javier De La Cruz","@id":"https:\/\/esbozodeportivo.com\/#\/schema\/person\/7277119c98823aec37bbb84e125efd44"},"headline":"Raiders despide al entrenador Antonio Pierce","datePublished":"2025-01-10T04:54:03+00:00","dateModified":"2025-01-10T04:54:04+00:00","mainEntityOfPage":{"@id":"https:\/\/esbozodeportivo.com\/index.php\/2025\/01\/10\/raiders-despide-al-entrenador-antonio-pierce\/"},"wordCount":158,"publisher":{"@id":"https:\/\/esbozodeportivo.com\/#organization"},"image":{"@id":"https:\/\/esbozodeportivo.com\/index.php\/2025\/01\/10\/raiders-despide-al-entrenador-antonio-pierce\/#primaryimage"},"thumbnailUrl":"https:\/\/esbozodeportivo.com\/wp-content\/uploads\/2025\/01\/Antonio-Perez.jpg","articleSection":["NFL"],"inLanguage":"es"},{"@type":"WebPage","@id":"https:\/\/esbozodeportivo.com\/index.php\/2025\/01\/10\/raiders-despide-al-entrenador-antonio-pierce\/","url":"https:\/\/esbozodeportivo.com\/index.php\/2025\/01\/10\/raiders-despide-al-entrenador-antonio-pierce\/","name":"Raiders despide al entrenador Antonio Pierce - Esbozo Deportivo","isPartOf":{"@id":"https:\/\/esbozodeportivo.com\/#website"},"primaryImageOfPage":{"@id":"https:\/\/esbozodeportivo.com\/index.php\/2025\/01\/10\/raiders-despide-al-entrenador-antonio-pierce\/#primaryimage"},"image":{"@id":"https:\/\/esbozodeportivo.com\/index.php\/2025\/01\/10\/raiders-despide-al-entrenador-antonio-pierce\/#primaryimage"},"thumbnailUrl":"https:\/\/esbozodeportivo.com\/wp-content\/uploads\/2025\/01\/Antonio-Perez.jpg","datePublished":"2025-01-10T04:54:03+00:00","dateModified":"2025-01-10T04:54:04+00:00","description":"Los Raides de Las Vegas despidieron el martes a Antonio Pierce, despu\u00e9s de apenas una temporada como su entrenador en el jefe, el \u00faltimo en una serie de cambios de estrategas del equipo en los \u00faltimos a\u00f1os.\u201cApreciamos el liderazgo de Antonio, primero como entrenador interino y esta \u00faltima temporada como entrenador titular\u201d, dijo el equipo en un comunicado. \u201cAntonio creci\u00f3 siendo fan\u00e1tico de los Raiders y sus ra\u00edces como \u2018Silver and Black\u2019 son profundas. Estamos agradecidos por su capacidad para reavivar lo que significa ser un Raider en toda la organizaci\u00f3n. No deseamos nada m\u00e1s que lo mejor para Antonio y su familia en el futuro\u201d.","breadcrumb":{"@id":"https:\/\/esbozodeportivo.com\/index.php\/2025\/01\/10\/raiders-despide-al-entrenador-antonio-pierce\/#breadcrumb"},"inLanguage":"es","potentialAction":[{"@type":"ReadAction","target":["https:\/\/esbozodeportivo.com\/index.php\/2025\/01\/10\/raiders-despide-al-entrenador-antonio-pierce\/"]}]},{"@type":"ImageObject","inLanguage":"es","@id":"https:\/\/esbozodeportivo.com\/index.php\/2025\/01\/10\/raiders-despide-al-entrenador-antonio-pierce\/#primaryimage","url":"https:\/\/esbozodeportivo.com\/wp-content\/uploads\/2025\/01\/Antonio-Perez.jpg","contentUrl":"https:\/\/esbozodeportivo.com\/wp-content\/uploads\/2025\/01\/Antonio-Perez.jpg","width":980,"height":653},{"@type":"BreadcrumbList","@id":"https:\/\/esbozodeportivo.com\/index.php\/2025\/01\/10\/raiders-despide-al-entrenador-antonio-pierce\/#breadcrumb","itemListElement":[{"@type":"ListItem","position":1,"name":"Inicio","item":"https:\/\/esbozodeportivo.com\/"},{"@type":"ListItem","position":2,"name":"Raiders despide al entrenador Antonio Pierce"}]},{"@type":"WebSite","@id":"https:\/\/esbozodeportivo.com\/#website","url":"https:\/\/esbozodeportivo.com\/","name":"Esbozo Deportivo","description":"Lo m\u00e1s importante del Deporte","publisher":{"@id":"https:\/\/esbozodeportivo.com\/#organization"},"potentialAction":[{"@type":"SearchAction","target":{"@type":"EntryPoint","urlTemplate":"https:\/\/esbozodeportivo.com\/?s={search_term_string}"},"query-input":{"@type":"PropertyValueSpecification","valueRequired":true,"valueName":"search_term_string"}}],"inLanguage":"es"},{"@type":"Organization","@id":"https:\/\/esbozodeportivo.com\/#organization","name":"Esbozo Deportivo","url":"https:\/\/esbozodeportivo.com\/","logo":{"@type":"ImageObject","inLanguage":"es","@id":"https:\/\/esbozodeportivo.com\/#\/schema\/logo\/image\/","url":"https:\/\/esbozodeportivo.com\/wp-content\/uploads\/2022\/08\/cropped-Logo-Esbozo-Web-2.png","contentUrl":"https:\/\/esbozodeportivo.com\/wp-content\/uploads\/2022\/08\/cropped-Logo-Esbozo-Web-2.png","width":180,"height":50,"caption":"Esbozo Deportivo"},"image":{"@id":"https:\/\/esbozodeportivo.com\/#\/schema\/logo\/image\/"}},{"@type":"Person","@id":"https:\/\/esbozodeportivo.com\/#\/schema\/person\/7277119c98823aec37bbb84e125efd44","name":"Javier De La Cruz","image":{"@type":"ImageObject","inLanguage":"es","@id":"https:\/\/esbozodeportivo.com\/#\/schema\/person\/image\/","url":"https:\/\/secure.gravatar.com\/avatar\/366235a56d20f1a6e8e3d0b295897639357bea880470ddf261d17bb0bc052eb1?s=96&d=mm&r=g","contentUrl":"https:\/\/secure.gravatar.com\/avatar\/366235a56d20f1a6e8e3d0b295897639357bea880470ddf261d17bb0bc052eb1?s=96&d=mm&r=g","caption":"Javier De La Cruz"},"url":"https:\/\/esbozodeportivo.com\/index.php\/author\/javier-de-la-cruz-de-la-cruz\/"}]}},"jetpack_featured_media_url":"https:\/\/esbozodeportivo.com\/wp-content\/uploads\/2025\/01\/Antonio-Perez.jpg","jetpack_sharing_enabled":true,"_links":{"self":[{"href":"https:\/\/esbozodeportivo.com\/index.php\/wp-json\/wp\/v2\/posts\/5202","targetHints":{"allow":["GET"]}}],"collection":[{"href":"https:\/\/esbozodeportivo.com\/index.php\/wp-json\/wp\/v2\/posts"}],"about":[{"href":"https:\/\/esbozodeportivo.com\/index.php\/wp-json\/wp\/v2\/types\/post"}],"author":[{"embeddable":true,"href":"https:\/\/esbozodeportivo.com\/index.php\/wp-json\/wp\/v2\/users\/2"}],"replies":[{"embeddable":true,"href":"https:\/\/esbozodeportivo.com\/index.php\/wp-json\/wp\/v2\/comments?post=5202"}],"version-history":[{"count":1,"href":"https:\/\/esbozodeportivo.com\/index.php\/wp-json\/wp\/v2\/posts\/5202\/revisions"}],"predecessor-version":[{"id":5204,"href":"https:\/\/esbozodeportivo.com\/index.php\/wp-json\/wp\/v2\/posts\/5202\/revisions\/5204"}],"wp:featuredmedia":[{"embeddable":true,"href":"https:\/\/esbozodeportivo.com\/index.php\/wp-json\/wp\/v2\/media\/5203"}],"wp:attachment":[{"href":"https:\/\/esbozodeportivo.com\/index.php\/wp-json\/wp\/v2\/media?parent=5202"}],"wp:term":[{"taxonomy":"category","embeddable":true,"href":"https:\/\/esbozodeportivo.com\/index.php\/wp-json\/wp\/v2\/categories?post=5202"},{"taxonomy":"post_tag","embeddable":true,"href":"https:\/\/esbozodeportivo.com\/index.php\/wp-json\/wp\/v2\/tags?post=5202"}],"curies":[{"name":"wp","href":"https:\/\/api.w.org\/{rel}","templated":true}]}}