{"id":5208,"date":"2025-01-10T05:20:57","date_gmt":"2025-01-10T05:20:57","guid":{"rendered":"https:\/\/esbozodeportivo.com\/?p=5208"},"modified":"2025-01-10T05:20:57","modified_gmt":"2025-01-10T05:20:57","slug":"habra-clasico-en-la-supercopa-de-espana","status":"publish","type":"post","link":"https:\/\/esbozodeportivo.com\/index.php\/2025\/01\/10\/habra-clasico-en-la-supercopa-de-espana\/","title":{"rendered":"Habr\u00e1 cl\u00e1sico en la Supercopa de Espa\u00f1a"},"content":{"rendered":"\n<p>(Foto: Agencias) <\/p>\n\n\n\n<p><strong>Jude Bellingham<\/strong> volvi\u00f3 a marcar para llevar al <a href=\"https:\/\/www.realmadrid.com\/es-ES\"><strong>Real Madrid<\/strong><\/a> a la final de la <strong>Supercopa de Espa\u00f1a<\/strong> con una victoria de 3-0 el jueves sobre el <a href=\"https:\/\/www.rcdmallorca.es\/\"><strong>Mallorca<\/strong><\/a><strong> <\/strong>en <strong>Arabia Saudita<\/strong>.<\/p>\n\n\n\n<p>La victoria merengue asegur\u00f3 que el torneo se decida el domingo con un cl\u00e1sico contra el <a href=\"https:\/\/www.fcbarcelona.es\/es\/\"><strong>Barcelona<\/strong><\/a> por tercer a\u00f1o consecutivo.<\/p>\n\n\n\n<p><strong>Bellingham<\/strong>, el m\u00e1ximo goleador del <strong>Madrid<\/strong> la temporada pasada, tuvo un inicio opaco esta campa\u00f1a, pero el centrocampista ingl\u00e9s suma siete goles en sus \u00faltimos ocho partidos de la Liga espa\u00f1ola.<\/p>\n\n\n\n<p>Su gol a los 63 minutos encamin\u00f3 el triunfo en la semifinal de la Supercopa cuando finalmente rompi\u00f3 la f\u00e9rrea defensa del <strong>Mallorca<\/strong> que, hasta su tanto, hab\u00eda impuesto su estilo defensivo ante las estrellas del <strong>Madrid<\/strong>.<\/p>\n\n\n\n<p>\u201cDesde que se activ\u00f3, la mejor\u00eda es evidente y eso ha venido bien al equipo\u201d, destac\u00f3 el t\u00e9cnico merengue <strong>Carlo Ancelotti<\/strong>.<\/p>\n","protected":false},"excerpt":{"rendered":"<p>(Foto: Agencias) Jude Bellingham volvi\u00f3 a marcar para llevar al Real Madrid a la final<\/p>\n","protected":false},"author":2,"featured_media":5209,"comment_status":"closed","ping_status":"open","sticky":false,"template":"","format":"standard","meta":{"_jetpack_memberships_contains_paid_content":false,"footnotes":""},"categories":[43],"tags":[],"class_list":["post-5208","post","type-post","status-publish","format-standard","has-post-thumbnail","hentry","category-futbol-espanol"],"yoast_head":"<!-- This site is optimized with the Yoast SEO plugin v25.7 - https:\/\/yoast.com\/wordpress\/plugins\/seo\/ -->\n<title>Habr\u00e1 cl\u00e1sico en la Supercopa de Espa\u00f1a - Esbozo Deportivo<\/title>\n<meta name=\"description\" content=\"Jude Bellingham volvi\u00f3 a marcar para llevar al Real Madrid a la final de la Supercopa de Espa\u00f1a con una victoria de 3-0 el jueves sobre el Mallorca en Arabia Saudita.La victoria merengue asegur\u00f3 que el torneo se decida el domingo con un cl\u00e1sico contra el Barcelona por tercer a\u00f1o consecutivo.\" \/>\n<meta name=\"robots\" content=\"index, follow, max-snippet:-1, max-image-preview:large, max-video-preview:-1\" \/>\n<link rel=\"canonical\" href=\"https:\/\/esbozodeportivo.com\/index.php\/2025\/01\/10\/habra-clasico-en-la-supercopa-de-espana\/\" \/>\n<meta property=\"og:locale\" content=\"es_MX\" \/>\n<meta property=\"og:type\" content=\"article\" \/>\n<meta property=\"og:title\" content=\"Habr\u00e1 cl\u00e1sico en la Supercopa de Espa\u00f1a - Esbozo Deportivo\" \/>\n<meta property=\"og:description\" content=\"Jude Bellingham volvi\u00f3 a marcar para llevar al Real Madrid a la final de la Supercopa de Espa\u00f1a con una victoria de 3-0 el jueves sobre el Mallorca en Arabia Saudita.La victoria merengue asegur\u00f3 que el torneo se decida el domingo con un cl\u00e1sico contra el Barcelona por tercer a\u00f1o consecutivo.\" \/>\n<meta property=\"og:url\" content=\"https:\/\/esbozodeportivo.com\/index.php\/2025\/01\/10\/habra-clasico-en-la-supercopa-de-espana\/\" \/>\n<meta property=\"og:site_name\" content=\"Esbozo Deportivo\" \/>\n<meta property=\"article:published_time\" content=\"2025-01-10T05:20:57+00:00\" \/>\n<meta property=\"og:image\" content=\"https:\/\/esbozodeportivo.com\/wp-content\/uploads\/2025\/01\/Real-Madrid.jpg\" \/>\n\t<meta property=\"og:image:width\" content=\"1440\" \/>\n\t<meta property=\"og:image:height\" content=\"960\" \/>\n\t<meta property=\"og:image:type\" content=\"image\/jpeg\" \/>\n<meta name=\"author\" content=\"Javier De La Cruz\" \/>\n<meta name=\"twitter:card\" content=\"summary_large_image\" \/>\n<meta name=\"twitter:label1\" content=\"Escrito por\" \/>\n\t<meta name=\"twitter:data1\" content=\"Javier De La Cruz\" \/>\n\t<meta name=\"twitter:label2\" content=\"Tiempo de lectura\" \/>\n\t<meta name=\"twitter:data2\" content=\"1 minuto\" \/>\n<script type=\"application\/ld+json\" class=\"yoast-schema-graph\">{\"@context\":\"https:\/\/schema.org\",\"@graph\":[{\"@type\":\"Article\",\"@id\":\"https:\/\/esbozodeportivo.com\/index.php\/2025\/01\/10\/habra-clasico-en-la-supercopa-de-espana\/#article\",\"isPartOf\":{\"@id\":\"https:\/\/esbozodeportivo.com\/index.php\/2025\/01\/10\/habra-clasico-en-la-supercopa-de-espana\/\"},\"author\":{\"name\":\"Javier De La Cruz\",\"@id\":\"https:\/\/esbozodeportivo.com\/#\/schema\/person\/7277119c98823aec37bbb84e125efd44\"},\"headline\":\"Habr\u00e1 cl\u00e1sico en la Supercopa de Espa\u00f1a\",\"datePublished\":\"2025-01-10T05:20:57+00:00\",\"mainEntityOfPage\":{\"@id\":\"https:\/\/esbozodeportivo.com\/index.php\/2025\/01\/10\/habra-clasico-en-la-supercopa-de-espana\/\"},\"wordCount\":162,\"publisher\":{\"@id\":\"https:\/\/esbozodeportivo.com\/#organization\"},\"image\":{\"@id\":\"https:\/\/esbozodeportivo.com\/index.php\/2025\/01\/10\/habra-clasico-en-la-supercopa-de-espana\/#primaryimage\"},\"thumbnailUrl\":\"https:\/\/esbozodeportivo.com\/wp-content\/uploads\/2025\/01\/Real-Madrid.jpg\",\"articleSection\":[\"Futbol Espa\u00f1ol\"],\"inLanguage\":\"es\"},{\"@type\":\"WebPage\",\"@id\":\"https:\/\/esbozodeportivo.com\/index.php\/2025\/01\/10\/habra-clasico-en-la-supercopa-de-espana\/\",\"url\":\"https:\/\/esbozodeportivo.com\/index.php\/2025\/01\/10\/habra-clasico-en-la-supercopa-de-espana\/\",\"name\":\"Habr\u00e1 cl\u00e1sico en la Supercopa de Espa\u00f1a - Esbozo Deportivo\",\"isPartOf\":{\"@id\":\"https:\/\/esbozodeportivo.com\/#website\"},\"primaryImageOfPage\":{\"@id\":\"https:\/\/esbozodeportivo.com\/index.php\/2025\/01\/10\/habra-clasico-en-la-supercopa-de-espana\/#primaryimage\"},\"image\":{\"@id\":\"https:\/\/esbozodeportivo.com\/index.php\/2025\/01\/10\/habra-clasico-en-la-supercopa-de-espana\/#primaryimage\"},\"thumbnailUrl\":\"https:\/\/esbozodeportivo.com\/wp-content\/uploads\/2025\/01\/Real-Madrid.jpg\",\"datePublished\":\"2025-01-10T05:20:57+00:00\",\"description\":\"Jude Bellingham volvi\u00f3 a marcar para llevar al Real Madrid a la final de la Supercopa de Espa\u00f1a con una victoria de 3-0 el jueves sobre el Mallorca en Arabia Saudita.La victoria merengue asegur\u00f3 que el torneo se decida el domingo con un cl\u00e1sico contra el Barcelona por tercer a\u00f1o consecutivo.\",\"breadcrumb\":{\"@id\":\"https:\/\/esbozodeportivo.com\/index.php\/2025\/01\/10\/habra-clasico-en-la-supercopa-de-espana\/#breadcrumb\"},\"inLanguage\":\"es\",\"potentialAction\":[{\"@type\":\"ReadAction\",\"target\":[\"https:\/\/esbozodeportivo.com\/index.php\/2025\/01\/10\/habra-clasico-en-la-supercopa-de-espana\/\"]}]},{\"@type\":\"ImageObject\",\"inLanguage\":\"es\",\"@id\":\"https:\/\/esbozodeportivo.com\/index.php\/2025\/01\/10\/habra-clasico-en-la-supercopa-de-espana\/#primaryimage\",\"url\":\"https:\/\/esbozodeportivo.com\/wp-content\/uploads\/2025\/01\/Real-Madrid.jpg\",\"contentUrl\":\"https:\/\/esbozodeportivo.com\/wp-content\/uploads\/2025\/01\/Real-Madrid.jpg\",\"width\":1440,\"height\":960},{\"@type\":\"BreadcrumbList\",\"@id\":\"https:\/\/esbozodeportivo.com\/index.php\/2025\/01\/10\/habra-clasico-en-la-supercopa-de-espana\/#breadcrumb\",\"itemListElement\":[{\"@type\":\"ListItem\",\"position\":1,\"name\":\"Inicio\",\"item\":\"https:\/\/esbozodeportivo.com\/\"},{\"@type\":\"ListItem\",\"position\":2,\"name\":\"Habr\u00e1 cl\u00e1sico en la Supercopa de Espa\u00f1a\"}]},{\"@type\":\"WebSite\",\"@id\":\"https:\/\/esbozodeportivo.com\/#website\",\"url\":\"https:\/\/esbozodeportivo.com\/\",\"name\":\"Esbozo Deportivo\",\"description\":\"Lo m\u00e1s importante del Deporte\",\"publisher\":{\"@id\":\"https:\/\/esbozodeportivo.com\/#organization\"},\"potentialAction\":[{\"@type\":\"SearchAction\",\"target\":{\"@type\":\"EntryPoint\",\"urlTemplate\":\"https:\/\/esbozodeportivo.com\/?s={search_term_string}\"},\"query-input\":{\"@type\":\"PropertyValueSpecification\",\"valueRequired\":true,\"valueName\":\"search_term_string\"}}],\"inLanguage\":\"es\"},{\"@type\":\"Organization\",\"@id\":\"https:\/\/esbozodeportivo.com\/#organization\",\"name\":\"Esbozo Deportivo\",\"url\":\"https:\/\/esbozodeportivo.com\/\",\"logo\":{\"@type\":\"ImageObject\",\"inLanguage\":\"es\",\"@id\":\"https:\/\/esbozodeportivo.com\/#\/schema\/logo\/image\/\",\"url\":\"https:\/\/esbozodeportivo.com\/wp-content\/uploads\/2022\/08\/cropped-Logo-Esbozo-Web-2.png\",\"contentUrl\":\"https:\/\/esbozodeportivo.com\/wp-content\/uploads\/2022\/08\/cropped-Logo-Esbozo-Web-2.png\",\"width\":180,\"height\":50,\"caption\":\"Esbozo Deportivo\"},\"image\":{\"@id\":\"https:\/\/esbozodeportivo.com\/#\/schema\/logo\/image\/\"}},{\"@type\":\"Person\",\"@id\":\"https:\/\/esbozodeportivo.com\/#\/schema\/person\/7277119c98823aec37bbb84e125efd44\",\"name\":\"Javier De La Cruz\",\"image\":{\"@type\":\"ImageObject\",\"inLanguage\":\"es\",\"@id\":\"https:\/\/esbozodeportivo.com\/#\/schema\/person\/image\/\",\"url\":\"https:\/\/secure.gravatar.com\/avatar\/366235a56d20f1a6e8e3d0b295897639357bea880470ddf261d17bb0bc052eb1?s=96&d=mm&r=g\",\"contentUrl\":\"https:\/\/secure.gravatar.com\/avatar\/366235a56d20f1a6e8e3d0b295897639357bea880470ddf261d17bb0bc052eb1?s=96&d=mm&r=g\",\"caption\":\"Javier De La Cruz\"},\"url\":\"https:\/\/esbozodeportivo.com\/index.php\/author\/javier-de-la-cruz-de-la-cruz\/\"}]}<\/script>\n<!-- \/ Yoast SEO plugin. -->","yoast_head_json":{"title":"Habr\u00e1 cl\u00e1sico en la Supercopa de Espa\u00f1a - Esbozo Deportivo","description":"Jude Bellingham volvi\u00f3 a marcar para llevar al Real Madrid a la final de la Supercopa de Espa\u00f1a con una victoria de 3-0 el jueves sobre el Mallorca en Arabia Saudita.La victoria merengue asegur\u00f3 que el torneo se decida el domingo con un cl\u00e1sico contra el Barcelona por tercer a\u00f1o consecutivo.","robots":{"index":"index","follow":"follow","max-snippet":"max-snippet:-1","max-image-preview":"max-image-preview:large","max-video-preview":"max-video-preview:-1"},"canonical":"https:\/\/esbozodeportivo.com\/index.php\/2025\/01\/10\/habra-clasico-en-la-supercopa-de-espana\/","og_locale":"es_MX","og_type":"article","og_title":"Habr\u00e1 cl\u00e1sico en la Supercopa de Espa\u00f1a - Esbozo Deportivo","og_description":"Jude Bellingham volvi\u00f3 a marcar para llevar al Real Madrid a la final de la Supercopa de Espa\u00f1a con una victoria de 3-0 el jueves sobre el Mallorca en Arabia Saudita.La victoria merengue asegur\u00f3 que el torneo se decida el domingo con un cl\u00e1sico contra el Barcelona por tercer a\u00f1o consecutivo.","og_url":"https:\/\/esbozodeportivo.com\/index.php\/2025\/01\/10\/habra-clasico-en-la-supercopa-de-espana\/","og_site_name":"Esbozo Deportivo","article_published_time":"2025-01-10T05:20:57+00:00","og_image":[{"width":1440,"height":960,"url":"https:\/\/esbozodeportivo.com\/wp-content\/uploads\/2025\/01\/Real-Madrid.jpg","type":"image\/jpeg"}],"author":"Javier De La Cruz","twitter_card":"summary_large_image","twitter_misc":{"Escrito por":"Javier De La Cruz","Tiempo de lectura":"1 minuto"},"schema":{"@context":"https:\/\/schema.org","@graph":[{"@type":"Article","@id":"https:\/\/esbozodeportivo.com\/index.php\/2025\/01\/10\/habra-clasico-en-la-supercopa-de-espana\/#article","isPartOf":{"@id":"https:\/\/esbozodeportivo.com\/index.php\/2025\/01\/10\/habra-clasico-en-la-supercopa-de-espana\/"},"author":{"name":"Javier De La Cruz","@id":"https:\/\/esbozodeportivo.com\/#\/schema\/person\/7277119c98823aec37bbb84e125efd44"},"headline":"Habr\u00e1 cl\u00e1sico en la Supercopa de Espa\u00f1a","datePublished":"2025-01-10T05:20:57+00:00","mainEntityOfPage":{"@id":"https:\/\/esbozodeportivo.com\/index.php\/2025\/01\/10\/habra-clasico-en-la-supercopa-de-espana\/"},"wordCount":162,"publisher":{"@id":"https:\/\/esbozodeportivo.com\/#organization"},"image":{"@id":"https:\/\/esbozodeportivo.com\/index.php\/2025\/01\/10\/habra-clasico-en-la-supercopa-de-espana\/#primaryimage"},"thumbnailUrl":"https:\/\/esbozodeportivo.com\/wp-content\/uploads\/2025\/01\/Real-Madrid.jpg","articleSection":["Futbol Espa\u00f1ol"],"inLanguage":"es"},{"@type":"WebPage","@id":"https:\/\/esbozodeportivo.com\/index.php\/2025\/01\/10\/habra-clasico-en-la-supercopa-de-espana\/","url":"https:\/\/esbozodeportivo.com\/index.php\/2025\/01\/10\/habra-clasico-en-la-supercopa-de-espana\/","name":"Habr\u00e1 cl\u00e1sico en la Supercopa de Espa\u00f1a - Esbozo Deportivo","isPartOf":{"@id":"https:\/\/esbozodeportivo.com\/#website"},"primaryImageOfPage":{"@id":"https:\/\/esbozodeportivo.com\/index.php\/2025\/01\/10\/habra-clasico-en-la-supercopa-de-espana\/#primaryimage"},"image":{"@id":"https:\/\/esbozodeportivo.com\/index.php\/2025\/01\/10\/habra-clasico-en-la-supercopa-de-espana\/#primaryimage"},"thumbnailUrl":"https:\/\/esbozodeportivo.com\/wp-content\/uploads\/2025\/01\/Real-Madrid.jpg","datePublished":"2025-01-10T05:20:57+00:00","description":"Jude Bellingham volvi\u00f3 a marcar para llevar al Real Madrid a la final de la Supercopa de Espa\u00f1a con una victoria de 3-0 el jueves sobre el Mallorca en Arabia Saudita.La victoria merengue asegur\u00f3 que el torneo se decida el domingo con un cl\u00e1sico contra el Barcelona por tercer a\u00f1o consecutivo.","breadcrumb":{"@id":"https:\/\/esbozodeportivo.com\/index.php\/2025\/01\/10\/habra-clasico-en-la-supercopa-de-espana\/#breadcrumb"},"inLanguage":"es","potentialAction":[{"@type":"ReadAction","target":["https:\/\/esbozodeportivo.com\/index.php\/2025\/01\/10\/habra-clasico-en-la-supercopa-de-espana\/"]}]},{"@type":"ImageObject","inLanguage":"es","@id":"https:\/\/esbozodeportivo.com\/index.php\/2025\/01\/10\/habra-clasico-en-la-supercopa-de-espana\/#primaryimage","url":"https:\/\/esbozodeportivo.com\/wp-content\/uploads\/2025\/01\/Real-Madrid.jpg","contentUrl":"https:\/\/esbozodeportivo.com\/wp-content\/uploads\/2025\/01\/Real-Madrid.jpg","width":1440,"height":960},{"@type":"BreadcrumbList","@id":"https:\/\/esbozodeportivo.com\/index.php\/2025\/01\/10\/habra-clasico-en-la-supercopa-de-espana\/#breadcrumb","itemListElement":[{"@type":"ListItem","position":1,"name":"Inicio","item":"https:\/\/esbozodeportivo.com\/"},{"@type":"ListItem","position":2,"name":"Habr\u00e1 cl\u00e1sico en la Supercopa de Espa\u00f1a"}]},{"@type":"WebSite","@id":"https:\/\/esbozodeportivo.com\/#website","url":"https:\/\/esbozodeportivo.com\/","name":"Esbozo Deportivo","description":"Lo m\u00e1s importante del Deporte","publisher":{"@id":"https:\/\/esbozodeportivo.com\/#organization"},"potentialAction":[{"@type":"SearchAction","target":{"@type":"EntryPoint","urlTemplate":"https:\/\/esbozodeportivo.com\/?s={search_term_string}"},"query-input":{"@type":"PropertyValueSpecification","valueRequired":true,"valueName":"search_term_string"}}],"inLanguage":"es"},{"@type":"Organization","@id":"https:\/\/esbozodeportivo.com\/#organization","name":"Esbozo Deportivo","url":"https:\/\/esbozodeportivo.com\/","logo":{"@type":"ImageObject","inLanguage":"es","@id":"https:\/\/esbozodeportivo.com\/#\/schema\/logo\/image\/","url":"https:\/\/esbozodeportivo.com\/wp-content\/uploads\/2022\/08\/cropped-Logo-Esbozo-Web-2.png","contentUrl":"https:\/\/esbozodeportivo.com\/wp-content\/uploads\/2022\/08\/cropped-Logo-Esbozo-Web-2.png","width":180,"height":50,"caption":"Esbozo Deportivo"},"image":{"@id":"https:\/\/esbozodeportivo.com\/#\/schema\/logo\/image\/"}},{"@type":"Person","@id":"https:\/\/esbozodeportivo.com\/#\/schema\/person\/7277119c98823aec37bbb84e125efd44","name":"Javier De La Cruz","image":{"@type":"ImageObject","inLanguage":"es","@id":"https:\/\/esbozodeportivo.com\/#\/schema\/person\/image\/","url":"https:\/\/secure.gravatar.com\/avatar\/366235a56d20f1a6e8e3d0b295897639357bea880470ddf261d17bb0bc052eb1?s=96&d=mm&r=g","contentUrl":"https:\/\/secure.gravatar.com\/avatar\/366235a56d20f1a6e8e3d0b295897639357bea880470ddf261d17bb0bc052eb1?s=96&d=mm&r=g","caption":"Javier De La Cruz"},"url":"https:\/\/esbozodeportivo.com\/index.php\/author\/javier-de-la-cruz-de-la-cruz\/"}]}},"jetpack_featured_media_url":"https:\/\/esbozodeportivo.com\/wp-content\/uploads\/2025\/01\/Real-Madrid.jpg","jetpack_sharing_enabled":true,"_links":{"self":[{"href":"https:\/\/esbozodeportivo.com\/index.php\/wp-json\/wp\/v2\/posts\/5208","targetHints":{"allow":["GET"]}}],"collection":[{"href":"https:\/\/esbozodeportivo.com\/index.php\/wp-json\/wp\/v2\/posts"}],"about":[{"href":"https:\/\/esbozodeportivo.com\/index.php\/wp-json\/wp\/v2\/types\/post"}],"author":[{"embeddable":true,"href":"https:\/\/esbozodeportivo.com\/index.php\/wp-json\/wp\/v2\/users\/2"}],"replies":[{"embeddable":true,"href":"https:\/\/esbozodeportivo.com\/index.php\/wp-json\/wp\/v2\/comments?post=5208"}],"version-history":[{"count":1,"href":"https:\/\/esbozodeportivo.com\/index.php\/wp-json\/wp\/v2\/posts\/5208\/revisions"}],"predecessor-version":[{"id":5210,"href":"https:\/\/esbozodeportivo.com\/index.php\/wp-json\/wp\/v2\/posts\/5208\/revisions\/5210"}],"wp:featuredmedia":[{"embeddable":true,"href":"https:\/\/esbozodeportivo.com\/index.php\/wp-json\/wp\/v2\/media\/5209"}],"wp:attachment":[{"href":"https:\/\/esbozodeportivo.com\/index.php\/wp-json\/wp\/v2\/media?parent=5208"}],"wp:term":[{"taxonomy":"category","embeddable":true,"href":"https:\/\/esbozodeportivo.com\/index.php\/wp-json\/wp\/v2\/categories?post=5208"},{"taxonomy":"post_tag","embeddable":true,"href":"https:\/\/esbozodeportivo.com\/index.php\/wp-json\/wp\/v2\/tags?post=5208"}],"curies":[{"name":"wp","href":"https:\/\/api.w.org\/{rel}","templated":true}]}}