{"id":5214,"date":"2025-01-10T22:59:10","date_gmt":"2025-01-10T22:59:10","guid":{"rendered":"https:\/\/esbozodeportivo.com\/?p=5214"},"modified":"2025-01-10T22:59:10","modified_gmt":"2025-01-10T22:59:10","slug":"alex-padilla-nuevo-refuerzo-de-pumas","status":"publish","type":"post","link":"https:\/\/esbozodeportivo.com\/index.php\/2025\/01\/10\/alex-padilla-nuevo-refuerzo-de-pumas\/","title":{"rendered":"Alex Padilla, nuevo refuerzo de Pumas"},"content":{"rendered":"\n<p>(Foto: Cortes\u00eda) <\/p>\n\n\n\n<p>El guardameta mexicano Alex Padilla, proveniente del Athletic de Bilbao de la Liga de Espa\u00f1a, se convirti\u00f3 en refuerzo de los Pumas de la Universidad, sumando as\u00ed, su primera incorporaci\u00f3n de cara al Torneo Clausura 2025 de la Liga MX.<\/p>\n\n\n\n<p>\u201cAl final, llegando a un equipo tan grande como Pumas, las expectativas obviamente son las m\u00e1s altas posibles, las m\u00e1s grandes posibles e intentar conseguir lo m\u00e1ximo con Pumas\u201d, afirm\u00f3 el nuevo futbolista auriazul.<\/p>\n\n\n\n<p>Padilla arriba al cuadro universitario por un pr\u00e9stamo prolongado con opci\u00f3n de compra a favor del Club Universidad Nacional.<\/p>\n\n\n\n<p>El arquero de 21 a\u00f1os, nacido en la ciudad de Zarautz, Guip\u00fazcoa, Espa\u00f1a, debut\u00f3 profesionalmente en la Liga espa\u00f1ola durante la presente temporada 2024-25 con el primer equipo del Athletic de Bilbao, club en el que se form\u00f3 en las categor\u00edas inferiores desde 2019.<\/p>\n\n\n\n<p>En 2024, Padilla fue convocado con la Selecci\u00f3n Mexicana mayor para los duelos de preparaci\u00f3n en la fecha FIFA de agosto de ese a\u00f1o.<\/p>\n\n\n\n<p>Tambi\u00e9n, ha disputado dos encuentros con la Selecci\u00f3n Mexicana Sub-23. Adem\u00e1s, tuvo un proceso con la Selecci\u00f3n de Espa\u00f1a Sub-19, donde jug\u00f3 en seis encuentros.<\/p>\n\n\n\n<p>\u201cLos fines de semana estar\u00e9 con la camiseta puesta con un tremendo orgullo para defender este escudo hasta el m\u00e1ximo. Quiero aportar mucha deportividad, mucho trabajo, mucho compa\u00f1erismo\u201d, coment\u00f3.<\/p>\n\n\n\n<p>Alex Padilla ya se report\u00f3 en los entrenamientos que dirige Gustavo Lema de cara al arranque del Clausura 2025, que inicia este domingo 12 de enero, a las 12:00 horas, en duelo ante Necaxa en el Estadio Ol\u00edmpico Universitario.<\/p>\n","protected":false},"excerpt":{"rendered":"<p>(Foto: Cortes\u00eda) El guardameta mexicano Alex Padilla, proveniente del Athletic de Bilbao de la Liga<\/p>\n","protected":false},"author":2,"featured_media":5215,"comment_status":"closed","ping_status":"open","sticky":false,"template":"","format":"standard","meta":{"_jetpack_memberships_contains_paid_content":false,"footnotes":""},"categories":[20],"tags":[],"class_list":["post-5214","post","type-post","status-publish","format-standard","has-post-thumbnail","hentry","category-liga"],"yoast_head":"<!-- This site is optimized with the Yoast SEO plugin v25.7 - https:\/\/yoast.com\/wordpress\/plugins\/seo\/ -->\n<title>Alex Padilla, nuevo refuerzo de Pumas - Esbozo Deportivo<\/title>\n<meta name=\"description\" content=\"El guardameta mexicano Alex Padilla, proveniente del Athletic de Bilbao de la Liga de Espa\u00f1a, se convirti\u00f3 en refuerzo de los Pumas de la Universidad, sumando as\u00ed, su primera incorporaci\u00f3n de cara al Torneo Clausura 2025 de la Liga MX.\u201cAl final, llegando a un equipo tan grande como Pumas, las expectativas obviamente son las m\u00e1s altas posibles, las m\u00e1s grandes posibles e intentar conseguir lo m\u00e1ximo con Pumas\u201d, afirm\u00f3 el nuevo futbolista auriazul.\" \/>\n<meta name=\"robots\" content=\"index, follow, max-snippet:-1, max-image-preview:large, max-video-preview:-1\" \/>\n<link rel=\"canonical\" href=\"https:\/\/esbozodeportivo.com\/index.php\/2025\/01\/10\/alex-padilla-nuevo-refuerzo-de-pumas\/\" \/>\n<meta property=\"og:locale\" content=\"es_MX\" \/>\n<meta property=\"og:type\" content=\"article\" \/>\n<meta property=\"og:title\" content=\"Alex Padilla, nuevo refuerzo de Pumas - Esbozo Deportivo\" \/>\n<meta property=\"og:description\" content=\"El guardameta mexicano Alex Padilla, proveniente del Athletic de Bilbao de la Liga de Espa\u00f1a, se convirti\u00f3 en refuerzo de los Pumas de la Universidad, sumando as\u00ed, su primera incorporaci\u00f3n de cara al Torneo Clausura 2025 de la Liga MX.\u201cAl final, llegando a un equipo tan grande como Pumas, las expectativas obviamente son las m\u00e1s altas posibles, las m\u00e1s grandes posibles e intentar conseguir lo m\u00e1ximo con Pumas\u201d, afirm\u00f3 el nuevo futbolista auriazul.\" \/>\n<meta property=\"og:url\" content=\"https:\/\/esbozodeportivo.com\/index.php\/2025\/01\/10\/alex-padilla-nuevo-refuerzo-de-pumas\/\" \/>\n<meta property=\"og:site_name\" content=\"Esbozo Deportivo\" \/>\n<meta property=\"article:published_time\" content=\"2025-01-10T22:59:10+00:00\" \/>\n<meta property=\"og:image\" content=\"https:\/\/esbozodeportivo.com\/wp-content\/uploads\/2025\/01\/Padilla.jpg\" \/>\n\t<meta property=\"og:image:width\" content=\"1024\" \/>\n\t<meta property=\"og:image:height\" content=\"576\" \/>\n\t<meta property=\"og:image:type\" content=\"image\/jpeg\" \/>\n<meta name=\"author\" content=\"Javier De La Cruz\" \/>\n<meta name=\"twitter:card\" content=\"summary_large_image\" \/>\n<meta name=\"twitter:label1\" content=\"Escrito por\" \/>\n\t<meta name=\"twitter:data1\" content=\"Javier De La Cruz\" \/>\n\t<meta name=\"twitter:label2\" content=\"Tiempo de lectura\" \/>\n\t<meta name=\"twitter:data2\" content=\"2 minutos\" \/>\n<script type=\"application\/ld+json\" class=\"yoast-schema-graph\">{\"@context\":\"https:\/\/schema.org\",\"@graph\":[{\"@type\":\"Article\",\"@id\":\"https:\/\/esbozodeportivo.com\/index.php\/2025\/01\/10\/alex-padilla-nuevo-refuerzo-de-pumas\/#article\",\"isPartOf\":{\"@id\":\"https:\/\/esbozodeportivo.com\/index.php\/2025\/01\/10\/alex-padilla-nuevo-refuerzo-de-pumas\/\"},\"author\":{\"name\":\"Javier De La Cruz\",\"@id\":\"https:\/\/esbozodeportivo.com\/#\/schema\/person\/7277119c98823aec37bbb84e125efd44\"},\"headline\":\"Alex Padilla, nuevo refuerzo de Pumas\",\"datePublished\":\"2025-01-10T22:59:10+00:00\",\"mainEntityOfPage\":{\"@id\":\"https:\/\/esbozodeportivo.com\/index.php\/2025\/01\/10\/alex-padilla-nuevo-refuerzo-de-pumas\/\"},\"wordCount\":279,\"publisher\":{\"@id\":\"https:\/\/esbozodeportivo.com\/#organization\"},\"image\":{\"@id\":\"https:\/\/esbozodeportivo.com\/index.php\/2025\/01\/10\/alex-padilla-nuevo-refuerzo-de-pumas\/#primaryimage\"},\"thumbnailUrl\":\"https:\/\/esbozodeportivo.com\/wp-content\/uploads\/2025\/01\/Padilla.jpg\",\"articleSection\":[\"Liga MX\"],\"inLanguage\":\"es\"},{\"@type\":\"WebPage\",\"@id\":\"https:\/\/esbozodeportivo.com\/index.php\/2025\/01\/10\/alex-padilla-nuevo-refuerzo-de-pumas\/\",\"url\":\"https:\/\/esbozodeportivo.com\/index.php\/2025\/01\/10\/alex-padilla-nuevo-refuerzo-de-pumas\/\",\"name\":\"Alex Padilla, nuevo refuerzo de Pumas - Esbozo Deportivo\",\"isPartOf\":{\"@id\":\"https:\/\/esbozodeportivo.com\/#website\"},\"primaryImageOfPage\":{\"@id\":\"https:\/\/esbozodeportivo.com\/index.php\/2025\/01\/10\/alex-padilla-nuevo-refuerzo-de-pumas\/#primaryimage\"},\"image\":{\"@id\":\"https:\/\/esbozodeportivo.com\/index.php\/2025\/01\/10\/alex-padilla-nuevo-refuerzo-de-pumas\/#primaryimage\"},\"thumbnailUrl\":\"https:\/\/esbozodeportivo.com\/wp-content\/uploads\/2025\/01\/Padilla.jpg\",\"datePublished\":\"2025-01-10T22:59:10+00:00\",\"description\":\"El guardameta mexicano Alex Padilla, proveniente del Athletic de Bilbao de la Liga de Espa\u00f1a, se convirti\u00f3 en refuerzo de los Pumas de la Universidad, sumando as\u00ed, su primera incorporaci\u00f3n de cara al Torneo Clausura 2025 de la Liga MX.\u201cAl final, llegando a un equipo tan grande como Pumas, las expectativas obviamente son las m\u00e1s altas posibles, las m\u00e1s grandes posibles e intentar conseguir lo m\u00e1ximo con Pumas\u201d, afirm\u00f3 el nuevo futbolista auriazul.\",\"breadcrumb\":{\"@id\":\"https:\/\/esbozodeportivo.com\/index.php\/2025\/01\/10\/alex-padilla-nuevo-refuerzo-de-pumas\/#breadcrumb\"},\"inLanguage\":\"es\",\"potentialAction\":[{\"@type\":\"ReadAction\",\"target\":[\"https:\/\/esbozodeportivo.com\/index.php\/2025\/01\/10\/alex-padilla-nuevo-refuerzo-de-pumas\/\"]}]},{\"@type\":\"ImageObject\",\"inLanguage\":\"es\",\"@id\":\"https:\/\/esbozodeportivo.com\/index.php\/2025\/01\/10\/alex-padilla-nuevo-refuerzo-de-pumas\/#primaryimage\",\"url\":\"https:\/\/esbozodeportivo.com\/wp-content\/uploads\/2025\/01\/Padilla.jpg\",\"contentUrl\":\"https:\/\/esbozodeportivo.com\/wp-content\/uploads\/2025\/01\/Padilla.jpg\",\"width\":1024,\"height\":576},{\"@type\":\"BreadcrumbList\",\"@id\":\"https:\/\/esbozodeportivo.com\/index.php\/2025\/01\/10\/alex-padilla-nuevo-refuerzo-de-pumas\/#breadcrumb\",\"itemListElement\":[{\"@type\":\"ListItem\",\"position\":1,\"name\":\"Inicio\",\"item\":\"https:\/\/esbozodeportivo.com\/\"},{\"@type\":\"ListItem\",\"position\":2,\"name\":\"Alex Padilla, nuevo refuerzo de Pumas\"}]},{\"@type\":\"WebSite\",\"@id\":\"https:\/\/esbozodeportivo.com\/#website\",\"url\":\"https:\/\/esbozodeportivo.com\/\",\"name\":\"Esbozo Deportivo\",\"description\":\"Lo m\u00e1s importante del Deporte\",\"publisher\":{\"@id\":\"https:\/\/esbozodeportivo.com\/#organization\"},\"potentialAction\":[{\"@type\":\"SearchAction\",\"target\":{\"@type\":\"EntryPoint\",\"urlTemplate\":\"https:\/\/esbozodeportivo.com\/?s={search_term_string}\"},\"query-input\":{\"@type\":\"PropertyValueSpecification\",\"valueRequired\":true,\"valueName\":\"search_term_string\"}}],\"inLanguage\":\"es\"},{\"@type\":\"Organization\",\"@id\":\"https:\/\/esbozodeportivo.com\/#organization\",\"name\":\"Esbozo Deportivo\",\"url\":\"https:\/\/esbozodeportivo.com\/\",\"logo\":{\"@type\":\"ImageObject\",\"inLanguage\":\"es\",\"@id\":\"https:\/\/esbozodeportivo.com\/#\/schema\/logo\/image\/\",\"url\":\"https:\/\/esbozodeportivo.com\/wp-content\/uploads\/2022\/08\/cropped-Logo-Esbozo-Web-2.png\",\"contentUrl\":\"https:\/\/esbozodeportivo.com\/wp-content\/uploads\/2022\/08\/cropped-Logo-Esbozo-Web-2.png\",\"width\":180,\"height\":50,\"caption\":\"Esbozo Deportivo\"},\"image\":{\"@id\":\"https:\/\/esbozodeportivo.com\/#\/schema\/logo\/image\/\"}},{\"@type\":\"Person\",\"@id\":\"https:\/\/esbozodeportivo.com\/#\/schema\/person\/7277119c98823aec37bbb84e125efd44\",\"name\":\"Javier De La Cruz\",\"image\":{\"@type\":\"ImageObject\",\"inLanguage\":\"es\",\"@id\":\"https:\/\/esbozodeportivo.com\/#\/schema\/person\/image\/\",\"url\":\"https:\/\/secure.gravatar.com\/avatar\/366235a56d20f1a6e8e3d0b295897639357bea880470ddf261d17bb0bc052eb1?s=96&d=mm&r=g\",\"contentUrl\":\"https:\/\/secure.gravatar.com\/avatar\/366235a56d20f1a6e8e3d0b295897639357bea880470ddf261d17bb0bc052eb1?s=96&d=mm&r=g\",\"caption\":\"Javier De La Cruz\"},\"url\":\"https:\/\/esbozodeportivo.com\/index.php\/author\/javier-de-la-cruz-de-la-cruz\/\"}]}<\/script>\n<!-- \/ Yoast SEO plugin. -->","yoast_head_json":{"title":"Alex Padilla, nuevo refuerzo de Pumas - Esbozo Deportivo","description":"El guardameta mexicano Alex Padilla, proveniente del Athletic de Bilbao de la Liga de Espa\u00f1a, se convirti\u00f3 en refuerzo de los Pumas de la Universidad, sumando as\u00ed, su primera incorporaci\u00f3n de cara al Torneo Clausura 2025 de la Liga MX.\u201cAl final, llegando a un equipo tan grande como Pumas, las expectativas obviamente son las m\u00e1s altas posibles, las m\u00e1s grandes posibles e intentar conseguir lo m\u00e1ximo con Pumas\u201d, afirm\u00f3 el nuevo futbolista auriazul.","robots":{"index":"index","follow":"follow","max-snippet":"max-snippet:-1","max-image-preview":"max-image-preview:large","max-video-preview":"max-video-preview:-1"},"canonical":"https:\/\/esbozodeportivo.com\/index.php\/2025\/01\/10\/alex-padilla-nuevo-refuerzo-de-pumas\/","og_locale":"es_MX","og_type":"article","og_title":"Alex Padilla, nuevo refuerzo de Pumas - Esbozo Deportivo","og_description":"El guardameta mexicano Alex Padilla, proveniente del Athletic de Bilbao de la Liga de Espa\u00f1a, se convirti\u00f3 en refuerzo de los Pumas de la Universidad, sumando as\u00ed, su primera incorporaci\u00f3n de cara al Torneo Clausura 2025 de la Liga MX.\u201cAl final, llegando a un equipo tan grande como Pumas, las expectativas obviamente son las m\u00e1s altas posibles, las m\u00e1s grandes posibles e intentar conseguir lo m\u00e1ximo con Pumas\u201d, afirm\u00f3 el nuevo futbolista auriazul.","og_url":"https:\/\/esbozodeportivo.com\/index.php\/2025\/01\/10\/alex-padilla-nuevo-refuerzo-de-pumas\/","og_site_name":"Esbozo Deportivo","article_published_time":"2025-01-10T22:59:10+00:00","og_image":[{"width":1024,"height":576,"url":"https:\/\/esbozodeportivo.com\/wp-content\/uploads\/2025\/01\/Padilla.jpg","type":"image\/jpeg"}],"author":"Javier De La Cruz","twitter_card":"summary_large_image","twitter_misc":{"Escrito por":"Javier De La Cruz","Tiempo de lectura":"2 minutos"},"schema":{"@context":"https:\/\/schema.org","@graph":[{"@type":"Article","@id":"https:\/\/esbozodeportivo.com\/index.php\/2025\/01\/10\/alex-padilla-nuevo-refuerzo-de-pumas\/#article","isPartOf":{"@id":"https:\/\/esbozodeportivo.com\/index.php\/2025\/01\/10\/alex-padilla-nuevo-refuerzo-de-pumas\/"},"author":{"name":"Javier De La Cruz","@id":"https:\/\/esbozodeportivo.com\/#\/schema\/person\/7277119c98823aec37bbb84e125efd44"},"headline":"Alex Padilla, nuevo refuerzo de Pumas","datePublished":"2025-01-10T22:59:10+00:00","mainEntityOfPage":{"@id":"https:\/\/esbozodeportivo.com\/index.php\/2025\/01\/10\/alex-padilla-nuevo-refuerzo-de-pumas\/"},"wordCount":279,"publisher":{"@id":"https:\/\/esbozodeportivo.com\/#organization"},"image":{"@id":"https:\/\/esbozodeportivo.com\/index.php\/2025\/01\/10\/alex-padilla-nuevo-refuerzo-de-pumas\/#primaryimage"},"thumbnailUrl":"https:\/\/esbozodeportivo.com\/wp-content\/uploads\/2025\/01\/Padilla.jpg","articleSection":["Liga MX"],"inLanguage":"es"},{"@type":"WebPage","@id":"https:\/\/esbozodeportivo.com\/index.php\/2025\/01\/10\/alex-padilla-nuevo-refuerzo-de-pumas\/","url":"https:\/\/esbozodeportivo.com\/index.php\/2025\/01\/10\/alex-padilla-nuevo-refuerzo-de-pumas\/","name":"Alex Padilla, nuevo refuerzo de Pumas - Esbozo Deportivo","isPartOf":{"@id":"https:\/\/esbozodeportivo.com\/#website"},"primaryImageOfPage":{"@id":"https:\/\/esbozodeportivo.com\/index.php\/2025\/01\/10\/alex-padilla-nuevo-refuerzo-de-pumas\/#primaryimage"},"image":{"@id":"https:\/\/esbozodeportivo.com\/index.php\/2025\/01\/10\/alex-padilla-nuevo-refuerzo-de-pumas\/#primaryimage"},"thumbnailUrl":"https:\/\/esbozodeportivo.com\/wp-content\/uploads\/2025\/01\/Padilla.jpg","datePublished":"2025-01-10T22:59:10+00:00","description":"El guardameta mexicano Alex Padilla, proveniente del Athletic de Bilbao de la Liga de Espa\u00f1a, se convirti\u00f3 en refuerzo de los Pumas de la Universidad, sumando as\u00ed, su primera incorporaci\u00f3n de cara al Torneo Clausura 2025 de la Liga MX.\u201cAl final, llegando a un equipo tan grande como Pumas, las expectativas obviamente son las m\u00e1s altas posibles, las m\u00e1s grandes posibles e intentar conseguir lo m\u00e1ximo con Pumas\u201d, afirm\u00f3 el nuevo futbolista auriazul.","breadcrumb":{"@id":"https:\/\/esbozodeportivo.com\/index.php\/2025\/01\/10\/alex-padilla-nuevo-refuerzo-de-pumas\/#breadcrumb"},"inLanguage":"es","potentialAction":[{"@type":"ReadAction","target":["https:\/\/esbozodeportivo.com\/index.php\/2025\/01\/10\/alex-padilla-nuevo-refuerzo-de-pumas\/"]}]},{"@type":"ImageObject","inLanguage":"es","@id":"https:\/\/esbozodeportivo.com\/index.php\/2025\/01\/10\/alex-padilla-nuevo-refuerzo-de-pumas\/#primaryimage","url":"https:\/\/esbozodeportivo.com\/wp-content\/uploads\/2025\/01\/Padilla.jpg","contentUrl":"https:\/\/esbozodeportivo.com\/wp-content\/uploads\/2025\/01\/Padilla.jpg","width":1024,"height":576},{"@type":"BreadcrumbList","@id":"https:\/\/esbozodeportivo.com\/index.php\/2025\/01\/10\/alex-padilla-nuevo-refuerzo-de-pumas\/#breadcrumb","itemListElement":[{"@type":"ListItem","position":1,"name":"Inicio","item":"https:\/\/esbozodeportivo.com\/"},{"@type":"ListItem","position":2,"name":"Alex Padilla, nuevo refuerzo de Pumas"}]},{"@type":"WebSite","@id":"https:\/\/esbozodeportivo.com\/#website","url":"https:\/\/esbozodeportivo.com\/","name":"Esbozo Deportivo","description":"Lo m\u00e1s importante del Deporte","publisher":{"@id":"https:\/\/esbozodeportivo.com\/#organization"},"potentialAction":[{"@type":"SearchAction","target":{"@type":"EntryPoint","urlTemplate":"https:\/\/esbozodeportivo.com\/?s={search_term_string}"},"query-input":{"@type":"PropertyValueSpecification","valueRequired":true,"valueName":"search_term_string"}}],"inLanguage":"es"},{"@type":"Organization","@id":"https:\/\/esbozodeportivo.com\/#organization","name":"Esbozo Deportivo","url":"https:\/\/esbozodeportivo.com\/","logo":{"@type":"ImageObject","inLanguage":"es","@id":"https:\/\/esbozodeportivo.com\/#\/schema\/logo\/image\/","url":"https:\/\/esbozodeportivo.com\/wp-content\/uploads\/2022\/08\/cropped-Logo-Esbozo-Web-2.png","contentUrl":"https:\/\/esbozodeportivo.com\/wp-content\/uploads\/2022\/08\/cropped-Logo-Esbozo-Web-2.png","width":180,"height":50,"caption":"Esbozo Deportivo"},"image":{"@id":"https:\/\/esbozodeportivo.com\/#\/schema\/logo\/image\/"}},{"@type":"Person","@id":"https:\/\/esbozodeportivo.com\/#\/schema\/person\/7277119c98823aec37bbb84e125efd44","name":"Javier De La Cruz","image":{"@type":"ImageObject","inLanguage":"es","@id":"https:\/\/esbozodeportivo.com\/#\/schema\/person\/image\/","url":"https:\/\/secure.gravatar.com\/avatar\/366235a56d20f1a6e8e3d0b295897639357bea880470ddf261d17bb0bc052eb1?s=96&d=mm&r=g","contentUrl":"https:\/\/secure.gravatar.com\/avatar\/366235a56d20f1a6e8e3d0b295897639357bea880470ddf261d17bb0bc052eb1?s=96&d=mm&r=g","caption":"Javier De La Cruz"},"url":"https:\/\/esbozodeportivo.com\/index.php\/author\/javier-de-la-cruz-de-la-cruz\/"}]}},"jetpack_featured_media_url":"https:\/\/esbozodeportivo.com\/wp-content\/uploads\/2025\/01\/Padilla.jpg","jetpack_sharing_enabled":true,"_links":{"self":[{"href":"https:\/\/esbozodeportivo.com\/index.php\/wp-json\/wp\/v2\/posts\/5214","targetHints":{"allow":["GET"]}}],"collection":[{"href":"https:\/\/esbozodeportivo.com\/index.php\/wp-json\/wp\/v2\/posts"}],"about":[{"href":"https:\/\/esbozodeportivo.com\/index.php\/wp-json\/wp\/v2\/types\/post"}],"author":[{"embeddable":true,"href":"https:\/\/esbozodeportivo.com\/index.php\/wp-json\/wp\/v2\/users\/2"}],"replies":[{"embeddable":true,"href":"https:\/\/esbozodeportivo.com\/index.php\/wp-json\/wp\/v2\/comments?post=5214"}],"version-history":[{"count":1,"href":"https:\/\/esbozodeportivo.com\/index.php\/wp-json\/wp\/v2\/posts\/5214\/revisions"}],"predecessor-version":[{"id":5216,"href":"https:\/\/esbozodeportivo.com\/index.php\/wp-json\/wp\/v2\/posts\/5214\/revisions\/5216"}],"wp:featuredmedia":[{"embeddable":true,"href":"https:\/\/esbozodeportivo.com\/index.php\/wp-json\/wp\/v2\/media\/5215"}],"wp:attachment":[{"href":"https:\/\/esbozodeportivo.com\/index.php\/wp-json\/wp\/v2\/media?parent=5214"}],"wp:term":[{"taxonomy":"category","embeddable":true,"href":"https:\/\/esbozodeportivo.com\/index.php\/wp-json\/wp\/v2\/categories?post=5214"},{"taxonomy":"post_tag","embeddable":true,"href":"https:\/\/esbozodeportivo.com\/index.php\/wp-json\/wp\/v2\/tags?post=5214"}],"curies":[{"name":"wp","href":"https:\/\/api.w.org\/{rel}","templated":true}]}}