{"id":524,"date":"2022-09-22T04:02:47","date_gmt":"2022-09-22T04:02:47","guid":{"rendered":"https:\/\/esbozodeportivo.com\/?p=524"},"modified":"2022-09-22T04:06:04","modified_gmt":"2022-09-22T04:06:04","slug":"super-clase-de-artes-marciales-en-el-monumento-a-la-revolucion-el-6-de-noviembre","status":"publish","type":"post","link":"https:\/\/esbozodeportivo.com\/index.php\/2022\/09\/22\/super-clase-de-artes-marciales-en-el-monumento-a-la-revolucion-el-6-de-noviembre\/","title":{"rendered":"S\u00faper clase de Artes Marciales en el Monumento a la Revoluci\u00f3n el 6 de noviembre"},"content":{"rendered":"<p>Bolet\u00edn.- Se esperan m\u00e1s de 3 mil participantes en la S\u00faper Clase de Artes Marciales a realizarse en el Monumento a la Revoluci\u00f3n el pr\u00f3ximo 6 de noviembre, se inform\u00f3 este mi\u00e9rcoles en conferencia de prensa.<\/p>\n<p>En la presentaci\u00f3n estuvieron el director general del Instituto del Deporte (INDEPORTE), Javier Hidalgo Ponce; los senseis Sergio Robles de Grupo Okayama Karate-Do, Arturo M\u00e1rquez de M\u00e1rquez Do Joo; Gonzalo Vega de MG Event Makers; y Arturo Chesohitz de Fundaci\u00f3n Chesohitz.<\/p>\n<p>Los maestros impartir\u00e1n la clase con la intenci\u00f3n de unificar a todos los participantes, en ella se har\u00e1 un calentamiento con calistenia y se realizar\u00e1n una serie de golpes y patadas b\u00e1sicas.<\/p>\n<p>El director del INDEPORTE coment\u00f3: &#8220;Estamos muy contentos por este evento de gran trascendencia para toda la ciudad. Las artes marciales nos ense\u00f1an valores como la disciplina, la responsabilidad y el trabajo en equipo, valores que buscamos ense\u00f1ar a nuestras ni\u00f1as y ni\u00f1os&#8221;.<\/p>\n<style>\/*! elementor - v3.7.7 - 20-09-2022 *\/\n.elementor-widget-image{text-align:center}.elementor-widget-image a{display:inline-block}.elementor-widget-image a img[src$=\".svg\"]{width:48px}.elementor-widget-image img{vertical-align:middle;display:inline-block}<\/style>\n<p>\t\t\t\t\t\t\t\t\t\t\t\t<img decoding=\"async\" width=\"640\" height=\"359\" src=\"https:\/\/esbozodeportivo.com\/wp-content\/uploads\/2022\/09\/clase-masiva-karate-2-1024x575.jpg\" alt=\"\" loading=\"lazy\" srcset=\"https:\/\/esbozodeportivo.com\/wp-content\/uploads\/2022\/09\/clase-masiva-karate-2-1024x575.jpg 1024w, https:\/\/esbozodeportivo.com\/wp-content\/uploads\/2022\/09\/clase-masiva-karate-2-300x168.jpg 300w, https:\/\/esbozodeportivo.com\/wp-content\/uploads\/2022\/09\/clase-masiva-karate-2-768x431.jpg 768w, https:\/\/esbozodeportivo.com\/wp-content\/uploads\/2022\/09\/clase-masiva-karate-2-1536x863.jpg 1536w, https:\/\/esbozodeportivo.com\/wp-content\/uploads\/2022\/09\/clase-masiva-karate-2-2048x1150.jpg 2048w\" sizes=\"auto, (max-width: 640px) 100vw, 640px\" \/>\t\t\t\t\t\t\t\t\t\t\t\t\t\t\t<\/p>\n<p>Por su parte, Sergio Robles dijo que el objetivo de esta S\u00faper Clase de Artes Marciales es promover, difundir y fomentar estas disciplinas, as\u00ed como la actividad f\u00edsica y el deporte en la Ciudad de M\u00e9xico.<\/p>\n<p>Destac\u00f3 que la S\u00faper Clase se puede considerar como la \u201cm\u00e1s grande del mundo\u201d en cuanto a diferentes artes marciales que participar\u00e1n, \u201cla gran diferencia es que pudimos unir a todos.<\/p>\n<p>El evento estar\u00e1 abierto al p\u00fablico en general para quien quiera participar el pr\u00f3ximo 6 de noviembre.<\/p>\n<p>\t\t\t\t\t\t\t\t\t\t\t\t\t\t\t<img decoding=\"async\" width=\"640\" height=\"359\" src=\"https:\/\/esbozodeportivo.com\/wp-content\/uploads\/2022\/09\/clase-masiva-karate--1024x575.jpg\" alt=\"\" loading=\"lazy\" srcset=\"https:\/\/esbozodeportivo.com\/wp-content\/uploads\/2022\/09\/clase-masiva-karate--1024x575.jpg 1024w, https:\/\/esbozodeportivo.com\/wp-content\/uploads\/2022\/09\/clase-masiva-karate--300x168.jpg 300w, https:\/\/esbozodeportivo.com\/wp-content\/uploads\/2022\/09\/clase-masiva-karate--768x431.jpg 768w, https:\/\/esbozodeportivo.com\/wp-content\/uploads\/2022\/09\/clase-masiva-karate--1536x863.jpg 1536w, https:\/\/esbozodeportivo.com\/wp-content\/uploads\/2022\/09\/clase-masiva-karate--2048x1150.jpg 2048w\" sizes=\"auto, (max-width: 640px) 100vw, 640px\" \/><br \/>\n\t\t\t\t\t\t\t\t\t\t\t\t\t\t\t<img decoding=\"async\" width=\"640\" height=\"359\" src=\"https:\/\/esbozodeportivo.com\/wp-content\/uploads\/2022\/09\/clase-masiva-karate-1-1024x575.jpg\" alt=\"\" loading=\"lazy\" srcset=\"https:\/\/esbozodeportivo.com\/wp-content\/uploads\/2022\/09\/clase-masiva-karate-1-1024x575.jpg 1024w, https:\/\/esbozodeportivo.com\/wp-content\/uploads\/2022\/09\/clase-masiva-karate-1-300x168.jpg 300w, https:\/\/esbozodeportivo.com\/wp-content\/uploads\/2022\/09\/clase-masiva-karate-1-768x431.jpg 768w, https:\/\/esbozodeportivo.com\/wp-content\/uploads\/2022\/09\/clase-masiva-karate-1-1536x863.jpg 1536w, https:\/\/esbozodeportivo.com\/wp-content\/uploads\/2022\/09\/clase-masiva-karate-1-2048x1150.jpg 2048w\" sizes=\"auto, (max-width: 640px) 100vw, 640px\" \/>\t\t\t\t\t\t\t\t\t\t\t\t\t\t\t<\/p>\n<p>(Fotos: esbozodeportivo.com)<\/p>\n","protected":false},"excerpt":{"rendered":"<p>Bolet\u00edn.- Se esperan m\u00e1s de 3 mil participantes en la S\u00faper Clase de Artes Marciales<\/p>\n","protected":false},"author":2,"featured_media":0,"comment_status":"open","ping_status":"open","sticky":false,"template":"","format":"standard","meta":{"_jetpack_memberships_contains_paid_content":false,"footnotes":""},"categories":[5],"tags":[],"class_list":["post-524","post","type-post","status-publish","format-standard","hentry","category-amateur"],"yoast_head":"<!-- This site is optimized with the Yoast SEO plugin v25.7 - https:\/\/yoast.com\/wordpress\/plugins\/seo\/ -->\n<title>S\u00faper clase de Artes Marciales en el Monumento a la Revoluci\u00f3n el 6 de noviembre - Esbozo Deportivo<\/title>\n<meta name=\"robots\" content=\"index, follow, max-snippet:-1, max-image-preview:large, max-video-preview:-1\" \/>\n<link rel=\"canonical\" href=\"https:\/\/esbozodeportivo.com\/index.php\/2022\/09\/22\/super-clase-de-artes-marciales-en-el-monumento-a-la-revolucion-el-6-de-noviembre\/\" \/>\n<meta property=\"og:locale\" content=\"es_MX\" \/>\n<meta property=\"og:type\" content=\"article\" \/>\n<meta property=\"og:title\" content=\"S\u00faper clase de Artes Marciales en el Monumento a la Revoluci\u00f3n el 6 de noviembre - Esbozo Deportivo\" \/>\n<meta property=\"og:description\" content=\"Bolet\u00edn.- Se esperan m\u00e1s de 3 mil participantes en la S\u00faper Clase de Artes Marciales\" \/>\n<meta property=\"og:url\" content=\"https:\/\/esbozodeportivo.com\/index.php\/2022\/09\/22\/super-clase-de-artes-marciales-en-el-monumento-a-la-revolucion-el-6-de-noviembre\/\" \/>\n<meta property=\"og:site_name\" content=\"Esbozo Deportivo\" \/>\n<meta property=\"article:published_time\" content=\"2022-09-22T04:02:47+00:00\" \/>\n<meta property=\"article:modified_time\" content=\"2022-09-22T04:06:04+00:00\" \/>\n<meta property=\"og:image\" content=\"https:\/\/esbozodeportivo.com\/wp-content\/uploads\/2022\/09\/clase-masiva-karate-2-1024x575.jpg\" \/>\n<meta name=\"author\" content=\"Javier De La Cruz\" \/>\n<meta name=\"twitter:card\" content=\"summary_large_image\" \/>\n<meta name=\"twitter:label1\" content=\"Escrito por\" \/>\n\t<meta name=\"twitter:data1\" content=\"Javier De La Cruz\" \/>\n\t<meta name=\"twitter:label2\" content=\"Tiempo de lectura\" \/>\n\t<meta name=\"twitter:data2\" content=\"1 minuto\" \/>\n<script type=\"application\/ld+json\" class=\"yoast-schema-graph\">{\"@context\":\"https:\/\/schema.org\",\"@graph\":[{\"@type\":\"Article\",\"@id\":\"https:\/\/esbozodeportivo.com\/index.php\/2022\/09\/22\/super-clase-de-artes-marciales-en-el-monumento-a-la-revolucion-el-6-de-noviembre\/#article\",\"isPartOf\":{\"@id\":\"https:\/\/esbozodeportivo.com\/index.php\/2022\/09\/22\/super-clase-de-artes-marciales-en-el-monumento-a-la-revolucion-el-6-de-noviembre\/\"},\"author\":{\"name\":\"Javier De La Cruz\",\"@id\":\"https:\/\/esbozodeportivo.com\/#\/schema\/person\/7277119c98823aec37bbb84e125efd44\"},\"headline\":\"S\u00faper clase de Artes Marciales en el Monumento a la Revoluci\u00f3n el 6 de noviembre\",\"datePublished\":\"2022-09-22T04:02:47+00:00\",\"dateModified\":\"2022-09-22T04:06:04+00:00\",\"mainEntityOfPage\":{\"@id\":\"https:\/\/esbozodeportivo.com\/index.php\/2022\/09\/22\/super-clase-de-artes-marciales-en-el-monumento-a-la-revolucion-el-6-de-noviembre\/\"},\"wordCount\":279,\"commentCount\":0,\"publisher\":{\"@id\":\"https:\/\/esbozodeportivo.com\/#organization\"},\"image\":{\"@id\":\"https:\/\/esbozodeportivo.com\/index.php\/2022\/09\/22\/super-clase-de-artes-marciales-en-el-monumento-a-la-revolucion-el-6-de-noviembre\/#primaryimage\"},\"thumbnailUrl\":\"https:\/\/esbozodeportivo.com\/wp-content\/uploads\/2022\/09\/clase-masiva-karate-2-1024x575.jpg\",\"articleSection\":[\"Amateur\"],\"inLanguage\":\"es\",\"potentialAction\":[{\"@type\":\"CommentAction\",\"name\":\"Comment\",\"target\":[\"https:\/\/esbozodeportivo.com\/index.php\/2022\/09\/22\/super-clase-de-artes-marciales-en-el-monumento-a-la-revolucion-el-6-de-noviembre\/#respond\"]}]},{\"@type\":\"WebPage\",\"@id\":\"https:\/\/esbozodeportivo.com\/index.php\/2022\/09\/22\/super-clase-de-artes-marciales-en-el-monumento-a-la-revolucion-el-6-de-noviembre\/\",\"url\":\"https:\/\/esbozodeportivo.com\/index.php\/2022\/09\/22\/super-clase-de-artes-marciales-en-el-monumento-a-la-revolucion-el-6-de-noviembre\/\",\"name\":\"S\u00faper clase de Artes Marciales en el Monumento a la Revoluci\u00f3n el 6 de noviembre - Esbozo Deportivo\",\"isPartOf\":{\"@id\":\"https:\/\/esbozodeportivo.com\/#website\"},\"primaryImageOfPage\":{\"@id\":\"https:\/\/esbozodeportivo.com\/index.php\/2022\/09\/22\/super-clase-de-artes-marciales-en-el-monumento-a-la-revolucion-el-6-de-noviembre\/#primaryimage\"},\"image\":{\"@id\":\"https:\/\/esbozodeportivo.com\/index.php\/2022\/09\/22\/super-clase-de-artes-marciales-en-el-monumento-a-la-revolucion-el-6-de-noviembre\/#primaryimage\"},\"thumbnailUrl\":\"https:\/\/esbozodeportivo.com\/wp-content\/uploads\/2022\/09\/clase-masiva-karate-2-1024x575.jpg\",\"datePublished\":\"2022-09-22T04:02:47+00:00\",\"dateModified\":\"2022-09-22T04:06:04+00:00\",\"breadcrumb\":{\"@id\":\"https:\/\/esbozodeportivo.com\/index.php\/2022\/09\/22\/super-clase-de-artes-marciales-en-el-monumento-a-la-revolucion-el-6-de-noviembre\/#breadcrumb\"},\"inLanguage\":\"es\",\"potentialAction\":[{\"@type\":\"ReadAction\",\"target\":[\"https:\/\/esbozodeportivo.com\/index.php\/2022\/09\/22\/super-clase-de-artes-marciales-en-el-monumento-a-la-revolucion-el-6-de-noviembre\/\"]}]},{\"@type\":\"ImageObject\",\"inLanguage\":\"es\",\"@id\":\"https:\/\/esbozodeportivo.com\/index.php\/2022\/09\/22\/super-clase-de-artes-marciales-en-el-monumento-a-la-revolucion-el-6-de-noviembre\/#primaryimage\",\"url\":\"https:\/\/esbozodeportivo.com\/wp-content\/uploads\/2022\/09\/clase-masiva-karate-2-scaled.jpg\",\"contentUrl\":\"https:\/\/esbozodeportivo.com\/wp-content\/uploads\/2022\/09\/clase-masiva-karate-2-scaled.jpg\",\"width\":2560,\"height\":1438},{\"@type\":\"BreadcrumbList\",\"@id\":\"https:\/\/esbozodeportivo.com\/index.php\/2022\/09\/22\/super-clase-de-artes-marciales-en-el-monumento-a-la-revolucion-el-6-de-noviembre\/#breadcrumb\",\"itemListElement\":[{\"@type\":\"ListItem\",\"position\":1,\"name\":\"Inicio\",\"item\":\"https:\/\/esbozodeportivo.com\/\"},{\"@type\":\"ListItem\",\"position\":2,\"name\":\"S\u00faper clase de Artes Marciales en el Monumento a la Revoluci\u00f3n el 6 de noviembre\"}]},{\"@type\":\"WebSite\",\"@id\":\"https:\/\/esbozodeportivo.com\/#website\",\"url\":\"https:\/\/esbozodeportivo.com\/\",\"name\":\"Esbozo Deportivo\",\"description\":\"Lo m\u00e1s importante del Deporte\",\"publisher\":{\"@id\":\"https:\/\/esbozodeportivo.com\/#organization\"},\"potentialAction\":[{\"@type\":\"SearchAction\",\"target\":{\"@type\":\"EntryPoint\",\"urlTemplate\":\"https:\/\/esbozodeportivo.com\/?s={search_term_string}\"},\"query-input\":{\"@type\":\"PropertyValueSpecification\",\"valueRequired\":true,\"valueName\":\"search_term_string\"}}],\"inLanguage\":\"es\"},{\"@type\":\"Organization\",\"@id\":\"https:\/\/esbozodeportivo.com\/#organization\",\"name\":\"Esbozo Deportivo\",\"url\":\"https:\/\/esbozodeportivo.com\/\",\"logo\":{\"@type\":\"ImageObject\",\"inLanguage\":\"es\",\"@id\":\"https:\/\/esbozodeportivo.com\/#\/schema\/logo\/image\/\",\"url\":\"https:\/\/esbozodeportivo.com\/wp-content\/uploads\/2022\/08\/cropped-Logo-Esbozo-Web-2.png\",\"contentUrl\":\"https:\/\/esbozodeportivo.com\/wp-content\/uploads\/2022\/08\/cropped-Logo-Esbozo-Web-2.png\",\"width\":180,\"height\":50,\"caption\":\"Esbozo Deportivo\"},\"image\":{\"@id\":\"https:\/\/esbozodeportivo.com\/#\/schema\/logo\/image\/\"}},{\"@type\":\"Person\",\"@id\":\"https:\/\/esbozodeportivo.com\/#\/schema\/person\/7277119c98823aec37bbb84e125efd44\",\"name\":\"Javier De La Cruz\",\"image\":{\"@type\":\"ImageObject\",\"inLanguage\":\"es\",\"@id\":\"https:\/\/esbozodeportivo.com\/#\/schema\/person\/image\/\",\"url\":\"https:\/\/secure.gravatar.com\/avatar\/366235a56d20f1a6e8e3d0b295897639357bea880470ddf261d17bb0bc052eb1?s=96&d=mm&r=g\",\"contentUrl\":\"https:\/\/secure.gravatar.com\/avatar\/366235a56d20f1a6e8e3d0b295897639357bea880470ddf261d17bb0bc052eb1?s=96&d=mm&r=g\",\"caption\":\"Javier De La Cruz\"},\"url\":\"https:\/\/esbozodeportivo.com\/index.php\/author\/javier-de-la-cruz-de-la-cruz\/\"}]}<\/script>\n<!-- \/ Yoast SEO plugin. -->","yoast_head_json":{"title":"S\u00faper clase de Artes Marciales en el Monumento a la Revoluci\u00f3n el 6 de noviembre - Esbozo Deportivo","robots":{"index":"index","follow":"follow","max-snippet":"max-snippet:-1","max-image-preview":"max-image-preview:large","max-video-preview":"max-video-preview:-1"},"canonical":"https:\/\/esbozodeportivo.com\/index.php\/2022\/09\/22\/super-clase-de-artes-marciales-en-el-monumento-a-la-revolucion-el-6-de-noviembre\/","og_locale":"es_MX","og_type":"article","og_title":"S\u00faper clase de Artes Marciales en el Monumento a la Revoluci\u00f3n el 6 de noviembre - Esbozo Deportivo","og_description":"Bolet\u00edn.- Se esperan m\u00e1s de 3 mil participantes en la S\u00faper Clase de Artes Marciales","og_url":"https:\/\/esbozodeportivo.com\/index.php\/2022\/09\/22\/super-clase-de-artes-marciales-en-el-monumento-a-la-revolucion-el-6-de-noviembre\/","og_site_name":"Esbozo Deportivo","article_published_time":"2022-09-22T04:02:47+00:00","article_modified_time":"2022-09-22T04:06:04+00:00","og_image":[{"url":"https:\/\/esbozodeportivo.com\/wp-content\/uploads\/2022\/09\/clase-masiva-karate-2-1024x575.jpg","type":"","width":"","height":""}],"author":"Javier De La Cruz","twitter_card":"summary_large_image","twitter_misc":{"Escrito por":"Javier De La Cruz","Tiempo de lectura":"1 minuto"},"schema":{"@context":"https:\/\/schema.org","@graph":[{"@type":"Article","@id":"https:\/\/esbozodeportivo.com\/index.php\/2022\/09\/22\/super-clase-de-artes-marciales-en-el-monumento-a-la-revolucion-el-6-de-noviembre\/#article","isPartOf":{"@id":"https:\/\/esbozodeportivo.com\/index.php\/2022\/09\/22\/super-clase-de-artes-marciales-en-el-monumento-a-la-revolucion-el-6-de-noviembre\/"},"author":{"name":"Javier De La Cruz","@id":"https:\/\/esbozodeportivo.com\/#\/schema\/person\/7277119c98823aec37bbb84e125efd44"},"headline":"S\u00faper clase de Artes Marciales en el Monumento a la Revoluci\u00f3n el 6 de noviembre","datePublished":"2022-09-22T04:02:47+00:00","dateModified":"2022-09-22T04:06:04+00:00","mainEntityOfPage":{"@id":"https:\/\/esbozodeportivo.com\/index.php\/2022\/09\/22\/super-clase-de-artes-marciales-en-el-monumento-a-la-revolucion-el-6-de-noviembre\/"},"wordCount":279,"commentCount":0,"publisher":{"@id":"https:\/\/esbozodeportivo.com\/#organization"},"image":{"@id":"https:\/\/esbozodeportivo.com\/index.php\/2022\/09\/22\/super-clase-de-artes-marciales-en-el-monumento-a-la-revolucion-el-6-de-noviembre\/#primaryimage"},"thumbnailUrl":"https:\/\/esbozodeportivo.com\/wp-content\/uploads\/2022\/09\/clase-masiva-karate-2-1024x575.jpg","articleSection":["Amateur"],"inLanguage":"es","potentialAction":[{"@type":"CommentAction","name":"Comment","target":["https:\/\/esbozodeportivo.com\/index.php\/2022\/09\/22\/super-clase-de-artes-marciales-en-el-monumento-a-la-revolucion-el-6-de-noviembre\/#respond"]}]},{"@type":"WebPage","@id":"https:\/\/esbozodeportivo.com\/index.php\/2022\/09\/22\/super-clase-de-artes-marciales-en-el-monumento-a-la-revolucion-el-6-de-noviembre\/","url":"https:\/\/esbozodeportivo.com\/index.php\/2022\/09\/22\/super-clase-de-artes-marciales-en-el-monumento-a-la-revolucion-el-6-de-noviembre\/","name":"S\u00faper clase de Artes Marciales en el Monumento a la Revoluci\u00f3n el 6 de noviembre - Esbozo Deportivo","isPartOf":{"@id":"https:\/\/esbozodeportivo.com\/#website"},"primaryImageOfPage":{"@id":"https:\/\/esbozodeportivo.com\/index.php\/2022\/09\/22\/super-clase-de-artes-marciales-en-el-monumento-a-la-revolucion-el-6-de-noviembre\/#primaryimage"},"image":{"@id":"https:\/\/esbozodeportivo.com\/index.php\/2022\/09\/22\/super-clase-de-artes-marciales-en-el-monumento-a-la-revolucion-el-6-de-noviembre\/#primaryimage"},"thumbnailUrl":"https:\/\/esbozodeportivo.com\/wp-content\/uploads\/2022\/09\/clase-masiva-karate-2-1024x575.jpg","datePublished":"2022-09-22T04:02:47+00:00","dateModified":"2022-09-22T04:06:04+00:00","breadcrumb":{"@id":"https:\/\/esbozodeportivo.com\/index.php\/2022\/09\/22\/super-clase-de-artes-marciales-en-el-monumento-a-la-revolucion-el-6-de-noviembre\/#breadcrumb"},"inLanguage":"es","potentialAction":[{"@type":"ReadAction","target":["https:\/\/esbozodeportivo.com\/index.php\/2022\/09\/22\/super-clase-de-artes-marciales-en-el-monumento-a-la-revolucion-el-6-de-noviembre\/"]}]},{"@type":"ImageObject","inLanguage":"es","@id":"https:\/\/esbozodeportivo.com\/index.php\/2022\/09\/22\/super-clase-de-artes-marciales-en-el-monumento-a-la-revolucion-el-6-de-noviembre\/#primaryimage","url":"https:\/\/esbozodeportivo.com\/wp-content\/uploads\/2022\/09\/clase-masiva-karate-2-scaled.jpg","contentUrl":"https:\/\/esbozodeportivo.com\/wp-content\/uploads\/2022\/09\/clase-masiva-karate-2-scaled.jpg","width":2560,"height":1438},{"@type":"BreadcrumbList","@id":"https:\/\/esbozodeportivo.com\/index.php\/2022\/09\/22\/super-clase-de-artes-marciales-en-el-monumento-a-la-revolucion-el-6-de-noviembre\/#breadcrumb","itemListElement":[{"@type":"ListItem","position":1,"name":"Inicio","item":"https:\/\/esbozodeportivo.com\/"},{"@type":"ListItem","position":2,"name":"S\u00faper clase de Artes Marciales en el Monumento a la Revoluci\u00f3n el 6 de noviembre"}]},{"@type":"WebSite","@id":"https:\/\/esbozodeportivo.com\/#website","url":"https:\/\/esbozodeportivo.com\/","name":"Esbozo Deportivo","description":"Lo m\u00e1s importante del Deporte","publisher":{"@id":"https:\/\/esbozodeportivo.com\/#organization"},"potentialAction":[{"@type":"SearchAction","target":{"@type":"EntryPoint","urlTemplate":"https:\/\/esbozodeportivo.com\/?s={search_term_string}"},"query-input":{"@type":"PropertyValueSpecification","valueRequired":true,"valueName":"search_term_string"}}],"inLanguage":"es"},{"@type":"Organization","@id":"https:\/\/esbozodeportivo.com\/#organization","name":"Esbozo Deportivo","url":"https:\/\/esbozodeportivo.com\/","logo":{"@type":"ImageObject","inLanguage":"es","@id":"https:\/\/esbozodeportivo.com\/#\/schema\/logo\/image\/","url":"https:\/\/esbozodeportivo.com\/wp-content\/uploads\/2022\/08\/cropped-Logo-Esbozo-Web-2.png","contentUrl":"https:\/\/esbozodeportivo.com\/wp-content\/uploads\/2022\/08\/cropped-Logo-Esbozo-Web-2.png","width":180,"height":50,"caption":"Esbozo Deportivo"},"image":{"@id":"https:\/\/esbozodeportivo.com\/#\/schema\/logo\/image\/"}},{"@type":"Person","@id":"https:\/\/esbozodeportivo.com\/#\/schema\/person\/7277119c98823aec37bbb84e125efd44","name":"Javier De La Cruz","image":{"@type":"ImageObject","inLanguage":"es","@id":"https:\/\/esbozodeportivo.com\/#\/schema\/person\/image\/","url":"https:\/\/secure.gravatar.com\/avatar\/366235a56d20f1a6e8e3d0b295897639357bea880470ddf261d17bb0bc052eb1?s=96&d=mm&r=g","contentUrl":"https:\/\/secure.gravatar.com\/avatar\/366235a56d20f1a6e8e3d0b295897639357bea880470ddf261d17bb0bc052eb1?s=96&d=mm&r=g","caption":"Javier De La Cruz"},"url":"https:\/\/esbozodeportivo.com\/index.php\/author\/javier-de-la-cruz-de-la-cruz\/"}]}},"jetpack_featured_media_url":"","jetpack_sharing_enabled":true,"_links":{"self":[{"href":"https:\/\/esbozodeportivo.com\/index.php\/wp-json\/wp\/v2\/posts\/524","targetHints":{"allow":["GET"]}}],"collection":[{"href":"https:\/\/esbozodeportivo.com\/index.php\/wp-json\/wp\/v2\/posts"}],"about":[{"href":"https:\/\/esbozodeportivo.com\/index.php\/wp-json\/wp\/v2\/types\/post"}],"author":[{"embeddable":true,"href":"https:\/\/esbozodeportivo.com\/index.php\/wp-json\/wp\/v2\/users\/2"}],"replies":[{"embeddable":true,"href":"https:\/\/esbozodeportivo.com\/index.php\/wp-json\/wp\/v2\/comments?post=524"}],"version-history":[{"count":4,"href":"https:\/\/esbozodeportivo.com\/index.php\/wp-json\/wp\/v2\/posts\/524\/revisions"}],"predecessor-version":[{"id":531,"href":"https:\/\/esbozodeportivo.com\/index.php\/wp-json\/wp\/v2\/posts\/524\/revisions\/531"}],"wp:attachment":[{"href":"https:\/\/esbozodeportivo.com\/index.php\/wp-json\/wp\/v2\/media?parent=524"}],"wp:term":[{"taxonomy":"category","embeddable":true,"href":"https:\/\/esbozodeportivo.com\/index.php\/wp-json\/wp\/v2\/categories?post=524"},{"taxonomy":"post_tag","embeddable":true,"href":"https:\/\/esbozodeportivo.com\/index.php\/wp-json\/wp\/v2\/tags?post=524"}],"curies":[{"name":"wp","href":"https:\/\/api.w.org\/{rel}","templated":true}]}}