{"id":5325,"date":"2025-01-20T05:47:54","date_gmt":"2025-01-20T05:47:54","guid":{"rendered":"https:\/\/esbozodeportivo.com\/?p=5325"},"modified":"2025-01-20T05:47:55","modified_gmt":"2025-01-20T05:47:55","slug":"mbappe-brilla-en-goleada-del-real-madrid","status":"publish","type":"post","link":"https:\/\/esbozodeportivo.com\/index.php\/2025\/01\/20\/mbappe-brilla-en-goleada-del-real-madrid\/","title":{"rendered":"Mbapp\u00e9 brilla en goleada del Real Madrid"},"content":{"rendered":"\n<p>(Foto: Agencias)<\/p>\n\n\n\n<p>Con <strong>Kylian Mbapp\u00e9<\/strong> ofreciendo otro recital, el <strong>Real Madrid<\/strong> volvi\u00f3 a la cima de la Liga espa\u00f1ola.<\/p>\n\n\n\n<p><strong>Mbapp\u00e9<\/strong> continu\u00f3 su racha goleadora al firmar un doblete y el <strong>Madrid<\/strong> arras\u00f3 el domingo 4-1 a Las <strong>Palmas,<\/strong> llev\u00e1ndose una gran ovaci\u00f3n en el estadio <strong>Santiago Bernab\u00e9u<\/strong> tras un complicado inicio de su primera temporada con el gigante espa\u00f1ol.<\/p>\n\n\n\n<p>\u201cSiempre es un sue\u00f1o vivirlo. Soy muy feliz, ya estoy adaptado al equipo y puedo jugar como quiero, con mis compa\u00f1eros, con personalidad\u201d, declar\u00f3 el astro franc\u00e9s. \u201cY pienso que todos estamos disfrutando\u201d.<\/p>\n\n\n\n<p>Luego del madrugador gol de <strong>F\u00e1bio Silva<\/strong> para los visitantes, <strong>Mbapp\u00e9 <\/strong>empat\u00f3 a los 18 minutos al cobrar un penal. <strong>Mbapp\u00e9<\/strong> hizo el tercero con una gran definici\u00f3n dentro del \u00e1rea a los 36.<\/p>\n\n\n\n<p><strong>Brahim D\u00edaz<\/strong> volte\u00f3 el marcador a los 33 y <strong>Rodrygo Goes<\/strong> sell\u00f3 la goleada a los 57.<\/p>\n\n\n\n<p><strong>Silva <\/strong>puso al frente a <strong>Las Palmas<\/strong> a los 26 segundos en una jugada que pill\u00f3 dormida a la defensa del <strong>Madrid.<\/strong><\/p>\n\n\n\n<p>Los merengues afianzaron sus pretensiones de revalidar el t\u00edtulo del torneo de liga, despu\u00e9s de que el fin de semana pasado fueron goleados 5-2 por el <strong>Bar\u00e7a<\/strong> en la final de la <strong>Supercopa de Espa\u00f1a<\/strong> en Arabia Saud\u00ed. Ven\u00edan de pasar apuros el jueves para alcanzar los cuartos de final en la <strong>Copa del Rey<\/strong>, imponi\u00e9ndose 5-2 ante el <strong>Celta de Vigo<\/strong> en una pr\u00f3rroga.<\/p>\n\n\n\n<p>El t\u00e9cnico <strong>Carlo Ancelotti<\/strong> se expres\u00f3 reivindicado tras una semana de cr\u00edticas.<\/p>\n\n\n\n<p>\u201cEl f\u00fatbol ahora es as\u00ed, todav\u00eda estoy un poco confundido. Hay d\u00edas que jugamos muy mal a f\u00fatbol y veo al <strong>Madrid <\/strong>l\u00edder\u201d, dijo. \u201cSeguir\u00e9 estudiando a ver si me equivoco o no. El partido fue completo, con mucha calidad\u201d.<\/p>\n\n\n\n<p><strong>Las Palmas<\/strong> se ubican en el 14to escal\u00f3n con 22 unidades.<\/p>\n\n\n\n<p>El <strong>Madrid<\/strong> sali\u00f3 airoso pese a la baja de <strong>Vinicius J\u00fanior<\/strong>. El atacante brasile\u00f1o observ\u00f3 el partido desde las gradas, al purgar el primero de dos partidos de suspensi\u00f3n tras su expulsi\u00f3n en <strong>Valencia<\/strong>.<\/p>\n\n\n\n<p>El tanto de <strong>Silva<\/strong> exhibi\u00f3 los problemas defensivos del <strong>Madrid<\/strong> a lo largo de la temporada, pero la reacci\u00f3n fue inmediata.<\/p>\n","protected":false},"excerpt":{"rendered":"<p>(Foto: Agencias) Con Kylian Mbapp\u00e9 ofreciendo otro recital, el Real Madrid volvi\u00f3 a la cima<\/p>\n","protected":false},"author":2,"featured_media":5326,"comment_status":"closed","ping_status":"open","sticky":false,"template":"","format":"standard","meta":{"_jetpack_memberships_contains_paid_content":false,"footnotes":""},"categories":[43],"tags":[],"class_list":["post-5325","post","type-post","status-publish","format-standard","has-post-thumbnail","hentry","category-futbol-espanol"],"yoast_head":"<!-- This site is optimized with the Yoast SEO plugin v25.7 - https:\/\/yoast.com\/wordpress\/plugins\/seo\/ -->\n<title>Mbapp\u00e9 brilla en goleada del Real Madrid - Esbozo Deportivo<\/title>\n<meta name=\"description\" content=\"Con Kylian Mbapp\u00e9 ofreciendo otro recital, el Real Madrid volvi\u00f3 a la cima de la Liga espa\u00f1ola.Mbapp\u00e9 continu\u00f3 su racha goleadora al firmar un doblete y el Madrid arras\u00f3 el domingo 4-1 a Las Palmas, llev\u00e1ndose una gran ovaci\u00f3n en el estadio Santiago Bernab\u00e9u tras un complicado inicio de su primera temporada con el gigante espa\u00f1ol.\" \/>\n<meta name=\"robots\" content=\"index, follow, max-snippet:-1, max-image-preview:large, max-video-preview:-1\" \/>\n<link rel=\"canonical\" href=\"https:\/\/esbozodeportivo.com\/index.php\/2025\/01\/20\/mbappe-brilla-en-goleada-del-real-madrid\/\" \/>\n<meta property=\"og:locale\" content=\"es_MX\" \/>\n<meta property=\"og:type\" content=\"article\" \/>\n<meta property=\"og:title\" content=\"Mbapp\u00e9 brilla en goleada del Real Madrid - Esbozo Deportivo\" \/>\n<meta property=\"og:description\" content=\"Con Kylian Mbapp\u00e9 ofreciendo otro recital, el Real Madrid volvi\u00f3 a la cima de la Liga espa\u00f1ola.Mbapp\u00e9 continu\u00f3 su racha goleadora al firmar un doblete y el Madrid arras\u00f3 el domingo 4-1 a Las Palmas, llev\u00e1ndose una gran ovaci\u00f3n en el estadio Santiago Bernab\u00e9u tras un complicado inicio de su primera temporada con el gigante espa\u00f1ol.\" \/>\n<meta property=\"og:url\" content=\"https:\/\/esbozodeportivo.com\/index.php\/2025\/01\/20\/mbappe-brilla-en-goleada-del-real-madrid\/\" \/>\n<meta property=\"og:site_name\" content=\"Esbozo Deportivo\" \/>\n<meta property=\"article:published_time\" content=\"2025-01-20T05:47:54+00:00\" \/>\n<meta property=\"article:modified_time\" content=\"2025-01-20T05:47:55+00:00\" \/>\n<meta property=\"og:image\" content=\"https:\/\/esbozodeportivo.com\/wp-content\/uploads\/2025\/01\/Real-Madrid-1.jpg\" \/>\n\t<meta property=\"og:image:width\" content=\"1440\" \/>\n\t<meta property=\"og:image:height\" content=\"960\" \/>\n\t<meta property=\"og:image:type\" content=\"image\/jpeg\" \/>\n<meta name=\"author\" content=\"Javier De La Cruz\" \/>\n<meta name=\"twitter:card\" content=\"summary_large_image\" \/>\n<meta name=\"twitter:label1\" content=\"Escrito por\" \/>\n\t<meta name=\"twitter:data1\" content=\"Javier De La Cruz\" \/>\n\t<meta name=\"twitter:label2\" content=\"Tiempo de lectura\" \/>\n\t<meta name=\"twitter:data2\" content=\"2 minutos\" \/>\n<script type=\"application\/ld+json\" class=\"yoast-schema-graph\">{\"@context\":\"https:\/\/schema.org\",\"@graph\":[{\"@type\":\"Article\",\"@id\":\"https:\/\/esbozodeportivo.com\/index.php\/2025\/01\/20\/mbappe-brilla-en-goleada-del-real-madrid\/#article\",\"isPartOf\":{\"@id\":\"https:\/\/esbozodeportivo.com\/index.php\/2025\/01\/20\/mbappe-brilla-en-goleada-del-real-madrid\/\"},\"author\":{\"name\":\"Javier De La Cruz\",\"@id\":\"https:\/\/esbozodeportivo.com\/#\/schema\/person\/7277119c98823aec37bbb84e125efd44\"},\"headline\":\"Mbapp\u00e9 brilla en goleada del Real Madrid\",\"datePublished\":\"2025-01-20T05:47:54+00:00\",\"dateModified\":\"2025-01-20T05:47:55+00:00\",\"mainEntityOfPage\":{\"@id\":\"https:\/\/esbozodeportivo.com\/index.php\/2025\/01\/20\/mbappe-brilla-en-goleada-del-real-madrid\/\"},\"wordCount\":380,\"publisher\":{\"@id\":\"https:\/\/esbozodeportivo.com\/#organization\"},\"image\":{\"@id\":\"https:\/\/esbozodeportivo.com\/index.php\/2025\/01\/20\/mbappe-brilla-en-goleada-del-real-madrid\/#primaryimage\"},\"thumbnailUrl\":\"https:\/\/esbozodeportivo.com\/wp-content\/uploads\/2025\/01\/Real-Madrid-1.jpg\",\"articleSection\":[\"Futbol Espa\u00f1ol\"],\"inLanguage\":\"es\"},{\"@type\":\"WebPage\",\"@id\":\"https:\/\/esbozodeportivo.com\/index.php\/2025\/01\/20\/mbappe-brilla-en-goleada-del-real-madrid\/\",\"url\":\"https:\/\/esbozodeportivo.com\/index.php\/2025\/01\/20\/mbappe-brilla-en-goleada-del-real-madrid\/\",\"name\":\"Mbapp\u00e9 brilla en goleada del Real Madrid - Esbozo Deportivo\",\"isPartOf\":{\"@id\":\"https:\/\/esbozodeportivo.com\/#website\"},\"primaryImageOfPage\":{\"@id\":\"https:\/\/esbozodeportivo.com\/index.php\/2025\/01\/20\/mbappe-brilla-en-goleada-del-real-madrid\/#primaryimage\"},\"image\":{\"@id\":\"https:\/\/esbozodeportivo.com\/index.php\/2025\/01\/20\/mbappe-brilla-en-goleada-del-real-madrid\/#primaryimage\"},\"thumbnailUrl\":\"https:\/\/esbozodeportivo.com\/wp-content\/uploads\/2025\/01\/Real-Madrid-1.jpg\",\"datePublished\":\"2025-01-20T05:47:54+00:00\",\"dateModified\":\"2025-01-20T05:47:55+00:00\",\"description\":\"Con Kylian Mbapp\u00e9 ofreciendo otro recital, el Real Madrid volvi\u00f3 a la cima de la Liga espa\u00f1ola.Mbapp\u00e9 continu\u00f3 su racha goleadora al firmar un doblete y el Madrid arras\u00f3 el domingo 4-1 a Las Palmas, llev\u00e1ndose una gran ovaci\u00f3n en el estadio Santiago Bernab\u00e9u tras un complicado inicio de su primera temporada con el gigante espa\u00f1ol.\",\"breadcrumb\":{\"@id\":\"https:\/\/esbozodeportivo.com\/index.php\/2025\/01\/20\/mbappe-brilla-en-goleada-del-real-madrid\/#breadcrumb\"},\"inLanguage\":\"es\",\"potentialAction\":[{\"@type\":\"ReadAction\",\"target\":[\"https:\/\/esbozodeportivo.com\/index.php\/2025\/01\/20\/mbappe-brilla-en-goleada-del-real-madrid\/\"]}]},{\"@type\":\"ImageObject\",\"inLanguage\":\"es\",\"@id\":\"https:\/\/esbozodeportivo.com\/index.php\/2025\/01\/20\/mbappe-brilla-en-goleada-del-real-madrid\/#primaryimage\",\"url\":\"https:\/\/esbozodeportivo.com\/wp-content\/uploads\/2025\/01\/Real-Madrid-1.jpg\",\"contentUrl\":\"https:\/\/esbozodeportivo.com\/wp-content\/uploads\/2025\/01\/Real-Madrid-1.jpg\",\"width\":1440,\"height\":960},{\"@type\":\"BreadcrumbList\",\"@id\":\"https:\/\/esbozodeportivo.com\/index.php\/2025\/01\/20\/mbappe-brilla-en-goleada-del-real-madrid\/#breadcrumb\",\"itemListElement\":[{\"@type\":\"ListItem\",\"position\":1,\"name\":\"Inicio\",\"item\":\"https:\/\/esbozodeportivo.com\/\"},{\"@type\":\"ListItem\",\"position\":2,\"name\":\"Mbapp\u00e9 brilla en goleada del Real Madrid\"}]},{\"@type\":\"WebSite\",\"@id\":\"https:\/\/esbozodeportivo.com\/#website\",\"url\":\"https:\/\/esbozodeportivo.com\/\",\"name\":\"Esbozo Deportivo\",\"description\":\"Lo m\u00e1s importante del Deporte\",\"publisher\":{\"@id\":\"https:\/\/esbozodeportivo.com\/#organization\"},\"potentialAction\":[{\"@type\":\"SearchAction\",\"target\":{\"@type\":\"EntryPoint\",\"urlTemplate\":\"https:\/\/esbozodeportivo.com\/?s={search_term_string}\"},\"query-input\":{\"@type\":\"PropertyValueSpecification\",\"valueRequired\":true,\"valueName\":\"search_term_string\"}}],\"inLanguage\":\"es\"},{\"@type\":\"Organization\",\"@id\":\"https:\/\/esbozodeportivo.com\/#organization\",\"name\":\"Esbozo Deportivo\",\"url\":\"https:\/\/esbozodeportivo.com\/\",\"logo\":{\"@type\":\"ImageObject\",\"inLanguage\":\"es\",\"@id\":\"https:\/\/esbozodeportivo.com\/#\/schema\/logo\/image\/\",\"url\":\"https:\/\/esbozodeportivo.com\/wp-content\/uploads\/2022\/08\/cropped-Logo-Esbozo-Web-2.png\",\"contentUrl\":\"https:\/\/esbozodeportivo.com\/wp-content\/uploads\/2022\/08\/cropped-Logo-Esbozo-Web-2.png\",\"width\":180,\"height\":50,\"caption\":\"Esbozo Deportivo\"},\"image\":{\"@id\":\"https:\/\/esbozodeportivo.com\/#\/schema\/logo\/image\/\"}},{\"@type\":\"Person\",\"@id\":\"https:\/\/esbozodeportivo.com\/#\/schema\/person\/7277119c98823aec37bbb84e125efd44\",\"name\":\"Javier De La Cruz\",\"image\":{\"@type\":\"ImageObject\",\"inLanguage\":\"es\",\"@id\":\"https:\/\/esbozodeportivo.com\/#\/schema\/person\/image\/\",\"url\":\"https:\/\/secure.gravatar.com\/avatar\/366235a56d20f1a6e8e3d0b295897639357bea880470ddf261d17bb0bc052eb1?s=96&d=mm&r=g\",\"contentUrl\":\"https:\/\/secure.gravatar.com\/avatar\/366235a56d20f1a6e8e3d0b295897639357bea880470ddf261d17bb0bc052eb1?s=96&d=mm&r=g\",\"caption\":\"Javier De La Cruz\"},\"url\":\"https:\/\/esbozodeportivo.com\/index.php\/author\/javier-de-la-cruz-de-la-cruz\/\"}]}<\/script>\n<!-- \/ Yoast SEO plugin. -->","yoast_head_json":{"title":"Mbapp\u00e9 brilla en goleada del Real Madrid - Esbozo Deportivo","description":"Con Kylian Mbapp\u00e9 ofreciendo otro recital, el Real Madrid volvi\u00f3 a la cima de la Liga espa\u00f1ola.Mbapp\u00e9 continu\u00f3 su racha goleadora al firmar un doblete y el Madrid arras\u00f3 el domingo 4-1 a Las Palmas, llev\u00e1ndose una gran ovaci\u00f3n en el estadio Santiago Bernab\u00e9u tras un complicado inicio de su primera temporada con el gigante espa\u00f1ol.","robots":{"index":"index","follow":"follow","max-snippet":"max-snippet:-1","max-image-preview":"max-image-preview:large","max-video-preview":"max-video-preview:-1"},"canonical":"https:\/\/esbozodeportivo.com\/index.php\/2025\/01\/20\/mbappe-brilla-en-goleada-del-real-madrid\/","og_locale":"es_MX","og_type":"article","og_title":"Mbapp\u00e9 brilla en goleada del Real Madrid - Esbozo Deportivo","og_description":"Con Kylian Mbapp\u00e9 ofreciendo otro recital, el Real Madrid volvi\u00f3 a la cima de la Liga espa\u00f1ola.Mbapp\u00e9 continu\u00f3 su racha goleadora al firmar un doblete y el Madrid arras\u00f3 el domingo 4-1 a Las Palmas, llev\u00e1ndose una gran ovaci\u00f3n en el estadio Santiago Bernab\u00e9u tras un complicado inicio de su primera temporada con el gigante espa\u00f1ol.","og_url":"https:\/\/esbozodeportivo.com\/index.php\/2025\/01\/20\/mbappe-brilla-en-goleada-del-real-madrid\/","og_site_name":"Esbozo Deportivo","article_published_time":"2025-01-20T05:47:54+00:00","article_modified_time":"2025-01-20T05:47:55+00:00","og_image":[{"width":1440,"height":960,"url":"https:\/\/esbozodeportivo.com\/wp-content\/uploads\/2025\/01\/Real-Madrid-1.jpg","type":"image\/jpeg"}],"author":"Javier De La Cruz","twitter_card":"summary_large_image","twitter_misc":{"Escrito por":"Javier De La Cruz","Tiempo de lectura":"2 minutos"},"schema":{"@context":"https:\/\/schema.org","@graph":[{"@type":"Article","@id":"https:\/\/esbozodeportivo.com\/index.php\/2025\/01\/20\/mbappe-brilla-en-goleada-del-real-madrid\/#article","isPartOf":{"@id":"https:\/\/esbozodeportivo.com\/index.php\/2025\/01\/20\/mbappe-brilla-en-goleada-del-real-madrid\/"},"author":{"name":"Javier De La Cruz","@id":"https:\/\/esbozodeportivo.com\/#\/schema\/person\/7277119c98823aec37bbb84e125efd44"},"headline":"Mbapp\u00e9 brilla en goleada del Real Madrid","datePublished":"2025-01-20T05:47:54+00:00","dateModified":"2025-01-20T05:47:55+00:00","mainEntityOfPage":{"@id":"https:\/\/esbozodeportivo.com\/index.php\/2025\/01\/20\/mbappe-brilla-en-goleada-del-real-madrid\/"},"wordCount":380,"publisher":{"@id":"https:\/\/esbozodeportivo.com\/#organization"},"image":{"@id":"https:\/\/esbozodeportivo.com\/index.php\/2025\/01\/20\/mbappe-brilla-en-goleada-del-real-madrid\/#primaryimage"},"thumbnailUrl":"https:\/\/esbozodeportivo.com\/wp-content\/uploads\/2025\/01\/Real-Madrid-1.jpg","articleSection":["Futbol Espa\u00f1ol"],"inLanguage":"es"},{"@type":"WebPage","@id":"https:\/\/esbozodeportivo.com\/index.php\/2025\/01\/20\/mbappe-brilla-en-goleada-del-real-madrid\/","url":"https:\/\/esbozodeportivo.com\/index.php\/2025\/01\/20\/mbappe-brilla-en-goleada-del-real-madrid\/","name":"Mbapp\u00e9 brilla en goleada del Real Madrid - Esbozo Deportivo","isPartOf":{"@id":"https:\/\/esbozodeportivo.com\/#website"},"primaryImageOfPage":{"@id":"https:\/\/esbozodeportivo.com\/index.php\/2025\/01\/20\/mbappe-brilla-en-goleada-del-real-madrid\/#primaryimage"},"image":{"@id":"https:\/\/esbozodeportivo.com\/index.php\/2025\/01\/20\/mbappe-brilla-en-goleada-del-real-madrid\/#primaryimage"},"thumbnailUrl":"https:\/\/esbozodeportivo.com\/wp-content\/uploads\/2025\/01\/Real-Madrid-1.jpg","datePublished":"2025-01-20T05:47:54+00:00","dateModified":"2025-01-20T05:47:55+00:00","description":"Con Kylian Mbapp\u00e9 ofreciendo otro recital, el Real Madrid volvi\u00f3 a la cima de la Liga espa\u00f1ola.Mbapp\u00e9 continu\u00f3 su racha goleadora al firmar un doblete y el Madrid arras\u00f3 el domingo 4-1 a Las Palmas, llev\u00e1ndose una gran ovaci\u00f3n en el estadio Santiago Bernab\u00e9u tras un complicado inicio de su primera temporada con el gigante espa\u00f1ol.","breadcrumb":{"@id":"https:\/\/esbozodeportivo.com\/index.php\/2025\/01\/20\/mbappe-brilla-en-goleada-del-real-madrid\/#breadcrumb"},"inLanguage":"es","potentialAction":[{"@type":"ReadAction","target":["https:\/\/esbozodeportivo.com\/index.php\/2025\/01\/20\/mbappe-brilla-en-goleada-del-real-madrid\/"]}]},{"@type":"ImageObject","inLanguage":"es","@id":"https:\/\/esbozodeportivo.com\/index.php\/2025\/01\/20\/mbappe-brilla-en-goleada-del-real-madrid\/#primaryimage","url":"https:\/\/esbozodeportivo.com\/wp-content\/uploads\/2025\/01\/Real-Madrid-1.jpg","contentUrl":"https:\/\/esbozodeportivo.com\/wp-content\/uploads\/2025\/01\/Real-Madrid-1.jpg","width":1440,"height":960},{"@type":"BreadcrumbList","@id":"https:\/\/esbozodeportivo.com\/index.php\/2025\/01\/20\/mbappe-brilla-en-goleada-del-real-madrid\/#breadcrumb","itemListElement":[{"@type":"ListItem","position":1,"name":"Inicio","item":"https:\/\/esbozodeportivo.com\/"},{"@type":"ListItem","position":2,"name":"Mbapp\u00e9 brilla en goleada del Real Madrid"}]},{"@type":"WebSite","@id":"https:\/\/esbozodeportivo.com\/#website","url":"https:\/\/esbozodeportivo.com\/","name":"Esbozo Deportivo","description":"Lo m\u00e1s importante del Deporte","publisher":{"@id":"https:\/\/esbozodeportivo.com\/#organization"},"potentialAction":[{"@type":"SearchAction","target":{"@type":"EntryPoint","urlTemplate":"https:\/\/esbozodeportivo.com\/?s={search_term_string}"},"query-input":{"@type":"PropertyValueSpecification","valueRequired":true,"valueName":"search_term_string"}}],"inLanguage":"es"},{"@type":"Organization","@id":"https:\/\/esbozodeportivo.com\/#organization","name":"Esbozo Deportivo","url":"https:\/\/esbozodeportivo.com\/","logo":{"@type":"ImageObject","inLanguage":"es","@id":"https:\/\/esbozodeportivo.com\/#\/schema\/logo\/image\/","url":"https:\/\/esbozodeportivo.com\/wp-content\/uploads\/2022\/08\/cropped-Logo-Esbozo-Web-2.png","contentUrl":"https:\/\/esbozodeportivo.com\/wp-content\/uploads\/2022\/08\/cropped-Logo-Esbozo-Web-2.png","width":180,"height":50,"caption":"Esbozo Deportivo"},"image":{"@id":"https:\/\/esbozodeportivo.com\/#\/schema\/logo\/image\/"}},{"@type":"Person","@id":"https:\/\/esbozodeportivo.com\/#\/schema\/person\/7277119c98823aec37bbb84e125efd44","name":"Javier De La Cruz","image":{"@type":"ImageObject","inLanguage":"es","@id":"https:\/\/esbozodeportivo.com\/#\/schema\/person\/image\/","url":"https:\/\/secure.gravatar.com\/avatar\/366235a56d20f1a6e8e3d0b295897639357bea880470ddf261d17bb0bc052eb1?s=96&d=mm&r=g","contentUrl":"https:\/\/secure.gravatar.com\/avatar\/366235a56d20f1a6e8e3d0b295897639357bea880470ddf261d17bb0bc052eb1?s=96&d=mm&r=g","caption":"Javier De La Cruz"},"url":"https:\/\/esbozodeportivo.com\/index.php\/author\/javier-de-la-cruz-de-la-cruz\/"}]}},"jetpack_featured_media_url":"https:\/\/esbozodeportivo.com\/wp-content\/uploads\/2025\/01\/Real-Madrid-1.jpg","jetpack_sharing_enabled":true,"_links":{"self":[{"href":"https:\/\/esbozodeportivo.com\/index.php\/wp-json\/wp\/v2\/posts\/5325","targetHints":{"allow":["GET"]}}],"collection":[{"href":"https:\/\/esbozodeportivo.com\/index.php\/wp-json\/wp\/v2\/posts"}],"about":[{"href":"https:\/\/esbozodeportivo.com\/index.php\/wp-json\/wp\/v2\/types\/post"}],"author":[{"embeddable":true,"href":"https:\/\/esbozodeportivo.com\/index.php\/wp-json\/wp\/v2\/users\/2"}],"replies":[{"embeddable":true,"href":"https:\/\/esbozodeportivo.com\/index.php\/wp-json\/wp\/v2\/comments?post=5325"}],"version-history":[{"count":1,"href":"https:\/\/esbozodeportivo.com\/index.php\/wp-json\/wp\/v2\/posts\/5325\/revisions"}],"predecessor-version":[{"id":5327,"href":"https:\/\/esbozodeportivo.com\/index.php\/wp-json\/wp\/v2\/posts\/5325\/revisions\/5327"}],"wp:featuredmedia":[{"embeddable":true,"href":"https:\/\/esbozodeportivo.com\/index.php\/wp-json\/wp\/v2\/media\/5326"}],"wp:attachment":[{"href":"https:\/\/esbozodeportivo.com\/index.php\/wp-json\/wp\/v2\/media?parent=5325"}],"wp:term":[{"taxonomy":"category","embeddable":true,"href":"https:\/\/esbozodeportivo.com\/index.php\/wp-json\/wp\/v2\/categories?post=5325"},{"taxonomy":"post_tag","embeddable":true,"href":"https:\/\/esbozodeportivo.com\/index.php\/wp-json\/wp\/v2\/tags?post=5325"}],"curies":[{"name":"wp","href":"https:\/\/api.w.org\/{rel}","templated":true}]}}