{"id":5378,"date":"2025-01-23T23:24:37","date_gmt":"2025-01-23T23:24:37","guid":{"rendered":"https:\/\/esbozodeportivo.com\/?p=5378"},"modified":"2025-01-23T23:24:38","modified_gmt":"2025-01-23T23:24:38","slug":"el-atletismo-de-jo-fue-visto-por-1200-millones-de-personas","status":"publish","type":"post","link":"https:\/\/esbozodeportivo.com\/index.php\/2025\/01\/23\/el-atletismo-de-jo-fue-visto-por-1200-millones-de-personas\/","title":{"rendered":"El atletismo de JO fue visto por 1,200 millones de personas"},"content":{"rendered":"\n<p><strong>(Foto: Fedmxatle)\u00a0<\/strong><\/p>\n\n\n\n<p>El titular de la <a href=\"https:\/\/www.fmaa.mx\/\"><strong>Federaci\u00f3n Mexicana de Asociaciones de Atletismo<\/strong><\/a>, <strong>Antonio Lozano Pineda<\/strong>, dio a conocer que se llev\u00f3 a cabo la reuni\u00f3n con <strong>Sebastian Coe<\/strong> de manera virtual, en la cual se dio un amplio informe, en el que se incluy\u00f3 que la participaci\u00f3n del atletismo en los <strong>Juegos Ol\u00edmpicos Par\u00eds 2024<\/strong>, que fue visto por 1,200 millones de personas en el mundo.<br><br>\u201cEn esta reuni\u00f3n se ratific\u00f3 que bajo el liderazgo de nuestro presidente <strong>Sebastian Coe<\/strong>, el atletismo es el deporte n\u00famero uno y la audiencia en los <strong>Juegos Ol\u00edmpicos de Par\u00eds 2024<\/strong> as\u00ed lo confirma, de tal forma que estamos listos para el reto del 2025 con todos los eventos del calendario\u201d, dijo <strong>Lozano Pineda <\/strong>al t\u00e9rmino de la reuni\u00f3n virtual de la World Athletics.<br><br>Este jueves, <strong>Sebastian Coe<\/strong> habl\u00f3 sobre el desarrollo del programa 2024, con los eventos internacionales y la presencia de los mejores exponentes de pista y campo del mundo, el trabajo realizado con las federaciones nacionales y los retos que se enfrentar\u00e1n con el calendario 2025, que incluye el <strong>Campeonato Mundial de Atletismo de Jap\u00f3n<\/strong>, as\u00ed como el <strong>Mundial Bajo Techo<\/strong>.<\/p>\n\n\n\n<figure class=\"wp-block-image size-large\"><img loading=\"lazy\" decoding=\"async\" width=\"1024\" height=\"768\" src=\"https:\/\/esbozodeportivo.com\/wp-content\/uploads\/2025\/01\/Reunion1-1024x768.jpg\" alt=\"\" class=\"wp-image-5380\" srcset=\"https:\/\/esbozodeportivo.com\/wp-content\/uploads\/2025\/01\/Reunion1-1024x768.jpg 1024w, https:\/\/esbozodeportivo.com\/wp-content\/uploads\/2025\/01\/Reunion1-300x225.jpg 300w, https:\/\/esbozodeportivo.com\/wp-content\/uploads\/2025\/01\/Reunion1-768x576.jpg 768w, https:\/\/esbozodeportivo.com\/wp-content\/uploads\/2025\/01\/Reunion1.jpg 1280w\" sizes=\"auto, (max-width: 1024px) 100vw, 1024px\" \/><\/figure>\n\n\n\n<p><strong>(Foto: Fedmxatle)\u00a0<\/strong><\/p>\n\n\n\n<p>En la reuni\u00f3n estuvo presente, representando a <strong>M\u00e9xico<\/strong>, el presidente de la <strong>FMAA<\/strong>, <strong>Antonio Lozano Pineda<\/strong>, quien fue parte de las discusiones sobre los retos para 2025, como el <strong>Campeonato Mundial de Atletismo en Jap\u00f3n<\/strong> y el <strong>Mundial Bajo Techo<\/strong> en Nanjing, China, que se celebrar\u00e1 del 21 al 23 de marzo.<\/p>\n\n\n\n<p>Estos eventos ser\u00e1n cruciales en el calendario internacional, y M\u00e9xico ya est\u00e1 trabajando para asegurar la participaci\u00f3n de sus mejores atletas.<\/p>\n\n\n\n<p><br>M\u00e9xico iniciar\u00e1 el proceso para tener a los mejores atletas en ambos eventos, como parte de su calendario respaldado por m\u00e1s de 34 asociaciones estatales.<\/p>\n\n\n\n<figure class=\"wp-block-image size-large\"><img loading=\"lazy\" decoding=\"async\" width=\"1024\" height=\"768\" src=\"https:\/\/esbozodeportivo.com\/wp-content\/uploads\/2025\/01\/Reunion-1024x768.jpg\" alt=\"\" class=\"wp-image-5379\" srcset=\"https:\/\/esbozodeportivo.com\/wp-content\/uploads\/2025\/01\/Reunion-1024x768.jpg 1024w, https:\/\/esbozodeportivo.com\/wp-content\/uploads\/2025\/01\/Reunion-300x225.jpg 300w, https:\/\/esbozodeportivo.com\/wp-content\/uploads\/2025\/01\/Reunion-768x576.jpg 768w, https:\/\/esbozodeportivo.com\/wp-content\/uploads\/2025\/01\/Reunion.jpg 1280w\" sizes=\"auto, (max-width: 1024px) 100vw, 1024px\" \/><\/figure>\n\n\n\n<p><strong>(Foto: Fedmxatle)\u00a0<\/strong><\/p>\n","protected":false},"excerpt":{"rendered":"<p>(Foto: Fedmxatle)\u00a0 El titular de la Federaci\u00f3n Mexicana de Asociaciones de Atletismo, Antonio Lozano Pineda,<\/p>\n","protected":false},"author":2,"featured_media":5381,"comment_status":"closed","ping_status":"open","sticky":false,"template":"","format":"standard","meta":{"_jetpack_memberships_contains_paid_content":false,"footnotes":""},"categories":[5],"tags":[],"class_list":["post-5378","post","type-post","status-publish","format-standard","has-post-thumbnail","hentry","category-amateur"],"yoast_head":"<!-- This site is optimized with the Yoast SEO plugin v25.7 - https:\/\/yoast.com\/wordpress\/plugins\/seo\/ -->\n<title>El atletismo de JO fue visto por 1,200 millones de personas - Esbozo Deportivo<\/title>\n<meta name=\"description\" content=\"El titular de la Federaci\u00f3n Mexicana de Asociaciones de Atletismo, Antonio Lozano Pineda, dio a conocer que se llev\u00f3 a cabo la reuni\u00f3n con Sebastian Coe de manera virtual, en la cual se dio un amplio informe, en el que se incluy\u00f3 que la participaci\u00f3n del atletismo en los Juegos Ol\u00edmpicos Par\u00eds 2024, que fue visto por 1,200 millones de personas en el mundo.\" \/>\n<meta name=\"robots\" content=\"index, follow, max-snippet:-1, max-image-preview:large, max-video-preview:-1\" \/>\n<link rel=\"canonical\" href=\"https:\/\/esbozodeportivo.com\/index.php\/2025\/01\/23\/el-atletismo-de-jo-fue-visto-por-1200-millones-de-personas\/\" \/>\n<meta property=\"og:locale\" content=\"es_MX\" \/>\n<meta property=\"og:type\" content=\"article\" \/>\n<meta property=\"og:title\" content=\"El atletismo de JO fue visto por 1,200 millones de personas - Esbozo Deportivo\" \/>\n<meta property=\"og:description\" content=\"El titular de la Federaci\u00f3n Mexicana de Asociaciones de Atletismo, Antonio Lozano Pineda, dio a conocer que se llev\u00f3 a cabo la reuni\u00f3n con Sebastian Coe de manera virtual, en la cual se dio un amplio informe, en el que se incluy\u00f3 que la participaci\u00f3n del atletismo en los Juegos Ol\u00edmpicos Par\u00eds 2024, que fue visto por 1,200 millones de personas en el mundo.\" \/>\n<meta property=\"og:url\" content=\"https:\/\/esbozodeportivo.com\/index.php\/2025\/01\/23\/el-atletismo-de-jo-fue-visto-por-1200-millones-de-personas\/\" \/>\n<meta property=\"og:site_name\" content=\"Esbozo Deportivo\" \/>\n<meta property=\"article:published_time\" content=\"2025-01-23T23:24:37+00:00\" \/>\n<meta property=\"article:modified_time\" content=\"2025-01-23T23:24:38+00:00\" \/>\n<meta property=\"og:image\" content=\"https:\/\/esbozodeportivo.com\/wp-content\/uploads\/2025\/01\/Sebastian-Coe.jpg\" \/>\n\t<meta property=\"og:image:width\" content=\"1280\" \/>\n\t<meta property=\"og:image:height\" content=\"960\" \/>\n\t<meta property=\"og:image:type\" content=\"image\/jpeg\" \/>\n<meta name=\"author\" content=\"Javier De La Cruz\" \/>\n<meta name=\"twitter:card\" content=\"summary_large_image\" \/>\n<meta name=\"twitter:label1\" content=\"Escrito por\" \/>\n\t<meta name=\"twitter:data1\" content=\"Javier De La Cruz\" \/>\n\t<meta name=\"twitter:label2\" content=\"Tiempo de lectura\" \/>\n\t<meta name=\"twitter:data2\" content=\"2 minutos\" \/>\n<script type=\"application\/ld+json\" class=\"yoast-schema-graph\">{\"@context\":\"https:\/\/schema.org\",\"@graph\":[{\"@type\":\"Article\",\"@id\":\"https:\/\/esbozodeportivo.com\/index.php\/2025\/01\/23\/el-atletismo-de-jo-fue-visto-por-1200-millones-de-personas\/#article\",\"isPartOf\":{\"@id\":\"https:\/\/esbozodeportivo.com\/index.php\/2025\/01\/23\/el-atletismo-de-jo-fue-visto-por-1200-millones-de-personas\/\"},\"author\":{\"name\":\"Javier De La Cruz\",\"@id\":\"https:\/\/esbozodeportivo.com\/#\/schema\/person\/7277119c98823aec37bbb84e125efd44\"},\"headline\":\"El atletismo de JO fue visto por 1,200 millones de personas\",\"datePublished\":\"2025-01-23T23:24:37+00:00\",\"dateModified\":\"2025-01-23T23:24:38+00:00\",\"mainEntityOfPage\":{\"@id\":\"https:\/\/esbozodeportivo.com\/index.php\/2025\/01\/23\/el-atletismo-de-jo-fue-visto-por-1200-millones-de-personas\/\"},\"wordCount\":313,\"publisher\":{\"@id\":\"https:\/\/esbozodeportivo.com\/#organization\"},\"image\":{\"@id\":\"https:\/\/esbozodeportivo.com\/index.php\/2025\/01\/23\/el-atletismo-de-jo-fue-visto-por-1200-millones-de-personas\/#primaryimage\"},\"thumbnailUrl\":\"https:\/\/esbozodeportivo.com\/wp-content\/uploads\/2025\/01\/Sebastian-Coe.jpg\",\"articleSection\":[\"Amateur\"],\"inLanguage\":\"es\"},{\"@type\":\"WebPage\",\"@id\":\"https:\/\/esbozodeportivo.com\/index.php\/2025\/01\/23\/el-atletismo-de-jo-fue-visto-por-1200-millones-de-personas\/\",\"url\":\"https:\/\/esbozodeportivo.com\/index.php\/2025\/01\/23\/el-atletismo-de-jo-fue-visto-por-1200-millones-de-personas\/\",\"name\":\"El atletismo de JO fue visto por 1,200 millones de personas - Esbozo Deportivo\",\"isPartOf\":{\"@id\":\"https:\/\/esbozodeportivo.com\/#website\"},\"primaryImageOfPage\":{\"@id\":\"https:\/\/esbozodeportivo.com\/index.php\/2025\/01\/23\/el-atletismo-de-jo-fue-visto-por-1200-millones-de-personas\/#primaryimage\"},\"image\":{\"@id\":\"https:\/\/esbozodeportivo.com\/index.php\/2025\/01\/23\/el-atletismo-de-jo-fue-visto-por-1200-millones-de-personas\/#primaryimage\"},\"thumbnailUrl\":\"https:\/\/esbozodeportivo.com\/wp-content\/uploads\/2025\/01\/Sebastian-Coe.jpg\",\"datePublished\":\"2025-01-23T23:24:37+00:00\",\"dateModified\":\"2025-01-23T23:24:38+00:00\",\"description\":\"El titular de la Federaci\u00f3n Mexicana de Asociaciones de Atletismo, Antonio Lozano Pineda, dio a conocer que se llev\u00f3 a cabo la reuni\u00f3n con Sebastian Coe de manera virtual, en la cual se dio un amplio informe, en el que se incluy\u00f3 que la participaci\u00f3n del atletismo en los Juegos Ol\u00edmpicos Par\u00eds 2024, que fue visto por 1,200 millones de personas en el mundo.\",\"breadcrumb\":{\"@id\":\"https:\/\/esbozodeportivo.com\/index.php\/2025\/01\/23\/el-atletismo-de-jo-fue-visto-por-1200-millones-de-personas\/#breadcrumb\"},\"inLanguage\":\"es\",\"potentialAction\":[{\"@type\":\"ReadAction\",\"target\":[\"https:\/\/esbozodeportivo.com\/index.php\/2025\/01\/23\/el-atletismo-de-jo-fue-visto-por-1200-millones-de-personas\/\"]}]},{\"@type\":\"ImageObject\",\"inLanguage\":\"es\",\"@id\":\"https:\/\/esbozodeportivo.com\/index.php\/2025\/01\/23\/el-atletismo-de-jo-fue-visto-por-1200-millones-de-personas\/#primaryimage\",\"url\":\"https:\/\/esbozodeportivo.com\/wp-content\/uploads\/2025\/01\/Sebastian-Coe.jpg\",\"contentUrl\":\"https:\/\/esbozodeportivo.com\/wp-content\/uploads\/2025\/01\/Sebastian-Coe.jpg\",\"width\":1280,\"height\":960},{\"@type\":\"BreadcrumbList\",\"@id\":\"https:\/\/esbozodeportivo.com\/index.php\/2025\/01\/23\/el-atletismo-de-jo-fue-visto-por-1200-millones-de-personas\/#breadcrumb\",\"itemListElement\":[{\"@type\":\"ListItem\",\"position\":1,\"name\":\"Inicio\",\"item\":\"https:\/\/esbozodeportivo.com\/\"},{\"@type\":\"ListItem\",\"position\":2,\"name\":\"El atletismo de JO fue visto por 1,200 millones de personas\"}]},{\"@type\":\"WebSite\",\"@id\":\"https:\/\/esbozodeportivo.com\/#website\",\"url\":\"https:\/\/esbozodeportivo.com\/\",\"name\":\"Esbozo Deportivo\",\"description\":\"Lo m\u00e1s importante del Deporte\",\"publisher\":{\"@id\":\"https:\/\/esbozodeportivo.com\/#organization\"},\"potentialAction\":[{\"@type\":\"SearchAction\",\"target\":{\"@type\":\"EntryPoint\",\"urlTemplate\":\"https:\/\/esbozodeportivo.com\/?s={search_term_string}\"},\"query-input\":{\"@type\":\"PropertyValueSpecification\",\"valueRequired\":true,\"valueName\":\"search_term_string\"}}],\"inLanguage\":\"es\"},{\"@type\":\"Organization\",\"@id\":\"https:\/\/esbozodeportivo.com\/#organization\",\"name\":\"Esbozo Deportivo\",\"url\":\"https:\/\/esbozodeportivo.com\/\",\"logo\":{\"@type\":\"ImageObject\",\"inLanguage\":\"es\",\"@id\":\"https:\/\/esbozodeportivo.com\/#\/schema\/logo\/image\/\",\"url\":\"https:\/\/esbozodeportivo.com\/wp-content\/uploads\/2022\/08\/cropped-Logo-Esbozo-Web-2.png\",\"contentUrl\":\"https:\/\/esbozodeportivo.com\/wp-content\/uploads\/2022\/08\/cropped-Logo-Esbozo-Web-2.png\",\"width\":180,\"height\":50,\"caption\":\"Esbozo Deportivo\"},\"image\":{\"@id\":\"https:\/\/esbozodeportivo.com\/#\/schema\/logo\/image\/\"}},{\"@type\":\"Person\",\"@id\":\"https:\/\/esbozodeportivo.com\/#\/schema\/person\/7277119c98823aec37bbb84e125efd44\",\"name\":\"Javier De La Cruz\",\"image\":{\"@type\":\"ImageObject\",\"inLanguage\":\"es\",\"@id\":\"https:\/\/esbozodeportivo.com\/#\/schema\/person\/image\/\",\"url\":\"https:\/\/secure.gravatar.com\/avatar\/366235a56d20f1a6e8e3d0b295897639357bea880470ddf261d17bb0bc052eb1?s=96&d=mm&r=g\",\"contentUrl\":\"https:\/\/secure.gravatar.com\/avatar\/366235a56d20f1a6e8e3d0b295897639357bea880470ddf261d17bb0bc052eb1?s=96&d=mm&r=g\",\"caption\":\"Javier De La Cruz\"},\"url\":\"https:\/\/esbozodeportivo.com\/index.php\/author\/javier-de-la-cruz-de-la-cruz\/\"}]}<\/script>\n<!-- \/ Yoast SEO plugin. -->","yoast_head_json":{"title":"El atletismo de JO fue visto por 1,200 millones de personas - Esbozo Deportivo","description":"El titular de la Federaci\u00f3n Mexicana de Asociaciones de Atletismo, Antonio Lozano Pineda, dio a conocer que se llev\u00f3 a cabo la reuni\u00f3n con Sebastian Coe de manera virtual, en la cual se dio un amplio informe, en el que se incluy\u00f3 que la participaci\u00f3n del atletismo en los Juegos Ol\u00edmpicos Par\u00eds 2024, que fue visto por 1,200 millones de personas en el mundo.","robots":{"index":"index","follow":"follow","max-snippet":"max-snippet:-1","max-image-preview":"max-image-preview:large","max-video-preview":"max-video-preview:-1"},"canonical":"https:\/\/esbozodeportivo.com\/index.php\/2025\/01\/23\/el-atletismo-de-jo-fue-visto-por-1200-millones-de-personas\/","og_locale":"es_MX","og_type":"article","og_title":"El atletismo de JO fue visto por 1,200 millones de personas - Esbozo Deportivo","og_description":"El titular de la Federaci\u00f3n Mexicana de Asociaciones de Atletismo, Antonio Lozano Pineda, dio a conocer que se llev\u00f3 a cabo la reuni\u00f3n con Sebastian Coe de manera virtual, en la cual se dio un amplio informe, en el que se incluy\u00f3 que la participaci\u00f3n del atletismo en los Juegos Ol\u00edmpicos Par\u00eds 2024, que fue visto por 1,200 millones de personas en el mundo.","og_url":"https:\/\/esbozodeportivo.com\/index.php\/2025\/01\/23\/el-atletismo-de-jo-fue-visto-por-1200-millones-de-personas\/","og_site_name":"Esbozo Deportivo","article_published_time":"2025-01-23T23:24:37+00:00","article_modified_time":"2025-01-23T23:24:38+00:00","og_image":[{"width":1280,"height":960,"url":"https:\/\/esbozodeportivo.com\/wp-content\/uploads\/2025\/01\/Sebastian-Coe.jpg","type":"image\/jpeg"}],"author":"Javier De La Cruz","twitter_card":"summary_large_image","twitter_misc":{"Escrito por":"Javier De La Cruz","Tiempo de lectura":"2 minutos"},"schema":{"@context":"https:\/\/schema.org","@graph":[{"@type":"Article","@id":"https:\/\/esbozodeportivo.com\/index.php\/2025\/01\/23\/el-atletismo-de-jo-fue-visto-por-1200-millones-de-personas\/#article","isPartOf":{"@id":"https:\/\/esbozodeportivo.com\/index.php\/2025\/01\/23\/el-atletismo-de-jo-fue-visto-por-1200-millones-de-personas\/"},"author":{"name":"Javier De La Cruz","@id":"https:\/\/esbozodeportivo.com\/#\/schema\/person\/7277119c98823aec37bbb84e125efd44"},"headline":"El atletismo de JO fue visto por 1,200 millones de personas","datePublished":"2025-01-23T23:24:37+00:00","dateModified":"2025-01-23T23:24:38+00:00","mainEntityOfPage":{"@id":"https:\/\/esbozodeportivo.com\/index.php\/2025\/01\/23\/el-atletismo-de-jo-fue-visto-por-1200-millones-de-personas\/"},"wordCount":313,"publisher":{"@id":"https:\/\/esbozodeportivo.com\/#organization"},"image":{"@id":"https:\/\/esbozodeportivo.com\/index.php\/2025\/01\/23\/el-atletismo-de-jo-fue-visto-por-1200-millones-de-personas\/#primaryimage"},"thumbnailUrl":"https:\/\/esbozodeportivo.com\/wp-content\/uploads\/2025\/01\/Sebastian-Coe.jpg","articleSection":["Amateur"],"inLanguage":"es"},{"@type":"WebPage","@id":"https:\/\/esbozodeportivo.com\/index.php\/2025\/01\/23\/el-atletismo-de-jo-fue-visto-por-1200-millones-de-personas\/","url":"https:\/\/esbozodeportivo.com\/index.php\/2025\/01\/23\/el-atletismo-de-jo-fue-visto-por-1200-millones-de-personas\/","name":"El atletismo de JO fue visto por 1,200 millones de personas - Esbozo Deportivo","isPartOf":{"@id":"https:\/\/esbozodeportivo.com\/#website"},"primaryImageOfPage":{"@id":"https:\/\/esbozodeportivo.com\/index.php\/2025\/01\/23\/el-atletismo-de-jo-fue-visto-por-1200-millones-de-personas\/#primaryimage"},"image":{"@id":"https:\/\/esbozodeportivo.com\/index.php\/2025\/01\/23\/el-atletismo-de-jo-fue-visto-por-1200-millones-de-personas\/#primaryimage"},"thumbnailUrl":"https:\/\/esbozodeportivo.com\/wp-content\/uploads\/2025\/01\/Sebastian-Coe.jpg","datePublished":"2025-01-23T23:24:37+00:00","dateModified":"2025-01-23T23:24:38+00:00","description":"El titular de la Federaci\u00f3n Mexicana de Asociaciones de Atletismo, Antonio Lozano Pineda, dio a conocer que se llev\u00f3 a cabo la reuni\u00f3n con Sebastian Coe de manera virtual, en la cual se dio un amplio informe, en el que se incluy\u00f3 que la participaci\u00f3n del atletismo en los Juegos Ol\u00edmpicos Par\u00eds 2024, que fue visto por 1,200 millones de personas en el mundo.","breadcrumb":{"@id":"https:\/\/esbozodeportivo.com\/index.php\/2025\/01\/23\/el-atletismo-de-jo-fue-visto-por-1200-millones-de-personas\/#breadcrumb"},"inLanguage":"es","potentialAction":[{"@type":"ReadAction","target":["https:\/\/esbozodeportivo.com\/index.php\/2025\/01\/23\/el-atletismo-de-jo-fue-visto-por-1200-millones-de-personas\/"]}]},{"@type":"ImageObject","inLanguage":"es","@id":"https:\/\/esbozodeportivo.com\/index.php\/2025\/01\/23\/el-atletismo-de-jo-fue-visto-por-1200-millones-de-personas\/#primaryimage","url":"https:\/\/esbozodeportivo.com\/wp-content\/uploads\/2025\/01\/Sebastian-Coe.jpg","contentUrl":"https:\/\/esbozodeportivo.com\/wp-content\/uploads\/2025\/01\/Sebastian-Coe.jpg","width":1280,"height":960},{"@type":"BreadcrumbList","@id":"https:\/\/esbozodeportivo.com\/index.php\/2025\/01\/23\/el-atletismo-de-jo-fue-visto-por-1200-millones-de-personas\/#breadcrumb","itemListElement":[{"@type":"ListItem","position":1,"name":"Inicio","item":"https:\/\/esbozodeportivo.com\/"},{"@type":"ListItem","position":2,"name":"El atletismo de JO fue visto por 1,200 millones de personas"}]},{"@type":"WebSite","@id":"https:\/\/esbozodeportivo.com\/#website","url":"https:\/\/esbozodeportivo.com\/","name":"Esbozo Deportivo","description":"Lo m\u00e1s importante del Deporte","publisher":{"@id":"https:\/\/esbozodeportivo.com\/#organization"},"potentialAction":[{"@type":"SearchAction","target":{"@type":"EntryPoint","urlTemplate":"https:\/\/esbozodeportivo.com\/?s={search_term_string}"},"query-input":{"@type":"PropertyValueSpecification","valueRequired":true,"valueName":"search_term_string"}}],"inLanguage":"es"},{"@type":"Organization","@id":"https:\/\/esbozodeportivo.com\/#organization","name":"Esbozo Deportivo","url":"https:\/\/esbozodeportivo.com\/","logo":{"@type":"ImageObject","inLanguage":"es","@id":"https:\/\/esbozodeportivo.com\/#\/schema\/logo\/image\/","url":"https:\/\/esbozodeportivo.com\/wp-content\/uploads\/2022\/08\/cropped-Logo-Esbozo-Web-2.png","contentUrl":"https:\/\/esbozodeportivo.com\/wp-content\/uploads\/2022\/08\/cropped-Logo-Esbozo-Web-2.png","width":180,"height":50,"caption":"Esbozo Deportivo"},"image":{"@id":"https:\/\/esbozodeportivo.com\/#\/schema\/logo\/image\/"}},{"@type":"Person","@id":"https:\/\/esbozodeportivo.com\/#\/schema\/person\/7277119c98823aec37bbb84e125efd44","name":"Javier De La Cruz","image":{"@type":"ImageObject","inLanguage":"es","@id":"https:\/\/esbozodeportivo.com\/#\/schema\/person\/image\/","url":"https:\/\/secure.gravatar.com\/avatar\/366235a56d20f1a6e8e3d0b295897639357bea880470ddf261d17bb0bc052eb1?s=96&d=mm&r=g","contentUrl":"https:\/\/secure.gravatar.com\/avatar\/366235a56d20f1a6e8e3d0b295897639357bea880470ddf261d17bb0bc052eb1?s=96&d=mm&r=g","caption":"Javier De La Cruz"},"url":"https:\/\/esbozodeportivo.com\/index.php\/author\/javier-de-la-cruz-de-la-cruz\/"}]}},"jetpack_featured_media_url":"https:\/\/esbozodeportivo.com\/wp-content\/uploads\/2025\/01\/Sebastian-Coe.jpg","jetpack_sharing_enabled":true,"_links":{"self":[{"href":"https:\/\/esbozodeportivo.com\/index.php\/wp-json\/wp\/v2\/posts\/5378","targetHints":{"allow":["GET"]}}],"collection":[{"href":"https:\/\/esbozodeportivo.com\/index.php\/wp-json\/wp\/v2\/posts"}],"about":[{"href":"https:\/\/esbozodeportivo.com\/index.php\/wp-json\/wp\/v2\/types\/post"}],"author":[{"embeddable":true,"href":"https:\/\/esbozodeportivo.com\/index.php\/wp-json\/wp\/v2\/users\/2"}],"replies":[{"embeddable":true,"href":"https:\/\/esbozodeportivo.com\/index.php\/wp-json\/wp\/v2\/comments?post=5378"}],"version-history":[{"count":1,"href":"https:\/\/esbozodeportivo.com\/index.php\/wp-json\/wp\/v2\/posts\/5378\/revisions"}],"predecessor-version":[{"id":5382,"href":"https:\/\/esbozodeportivo.com\/index.php\/wp-json\/wp\/v2\/posts\/5378\/revisions\/5382"}],"wp:featuredmedia":[{"embeddable":true,"href":"https:\/\/esbozodeportivo.com\/index.php\/wp-json\/wp\/v2\/media\/5381"}],"wp:attachment":[{"href":"https:\/\/esbozodeportivo.com\/index.php\/wp-json\/wp\/v2\/media?parent=5378"}],"wp:term":[{"taxonomy":"category","embeddable":true,"href":"https:\/\/esbozodeportivo.com\/index.php\/wp-json\/wp\/v2\/categories?post=5378"},{"taxonomy":"post_tag","embeddable":true,"href":"https:\/\/esbozodeportivo.com\/index.php\/wp-json\/wp\/v2\/tags?post=5378"}],"curies":[{"name":"wp","href":"https:\/\/api.w.org\/{rel}","templated":true}]}}