{"id":5413,"date":"2025-01-25T05:59:52","date_gmt":"2025-01-25T05:59:52","guid":{"rendered":"https:\/\/esbozodeportivo.com\/?p=5413"},"modified":"2025-01-25T05:59:53","modified_gmt":"2025-01-25T05:59:53","slug":"raiders-quiere-contratar-a-pete-carroll","status":"publish","type":"post","link":"https:\/\/esbozodeportivo.com\/index.php\/2025\/01\/25\/raiders-quiere-contratar-a-pete-carroll\/","title":{"rendered":"Raiders quiere contratar a Pete Carroll"},"content":{"rendered":"\n<p>(Foto: Agencias) <\/p>\n\n\n\n<p><a href=\"https:\/\/www.raiders.com\/espanol\/\"><strong>Los Raiders de Las Vegas<\/strong><\/a> est\u00e1n negociando un acuerdo para contratar a <strong>Pete Carroll<\/strong> como su nuevo entrenador en jefe, le inform\u00f3 el viernes a <strong>The Associated Press<\/strong> una persona con conocimiento de la decisi\u00f3n.<\/p>\n\n\n\n<p>La persona habl\u00f3 bajo condici\u00f3n de anonimato porque el contrato a\u00fan no ha sido finalizado.<\/p>\n\n\n\n<p><strong>Carroll<\/strong>, de 73 a\u00f1os, regresar\u00e1 a la l\u00ednea de banda despu\u00e9s de llevar a <strong>Seattle<\/strong> a dos campeonatos de la NFC y al \u00fanico t\u00edtulo del <strong>Super Bowl<\/strong> de la franquicia durante un per\u00edodo de 14 a\u00f1os que termin\u00f3 tras la temporada 2023.<\/p>\n\n\n\n<p>Se une a un equipo que es parcialmente propiedad de <strong>Tom Brady<\/strong>, quien venci\u00f3 a <strong>Carroll <\/strong>y a los <strong>Seahawks<\/strong> en el <strong>Super Bowl<\/strong> hace 10 a\u00f1os. <strong>Brady<\/strong> observ\u00f3 desde la banda c\u00f3mo <strong>Malcom Butler<\/strong> intercept\u00f3 el pase de <strong>Russell Wilson<\/strong> en la l\u00ednea de gol para sellar la victoria para los <a href=\"https:\/\/www.patriots.com\/news\/espanol\/\"><strong>Patriots de Nueva Inglaterra<\/strong><\/a>.<\/p>\n\n\n\n<p>Los <strong>Raiders <\/strong>despidieron al entrenador <strong>Antonio Pierce<\/strong> despu\u00e9s de tener un registro de 4-13 en su primera temporada completa. <strong>Pierce<\/strong> tuvo un registro de 5-4 como entrenador interino en 2023 despu\u00e9s de reemplazar a <strong>Josh McDaniels<\/strong>.<\/p>\n","protected":false},"excerpt":{"rendered":"<p>(Foto: Agencias) Los Raiders de Las Vegas est\u00e1n negociando un acuerdo para contratar a Pete<\/p>\n","protected":false},"author":2,"featured_media":5414,"comment_status":"closed","ping_status":"open","sticky":false,"template":"","format":"standard","meta":{"_jetpack_memberships_contains_paid_content":false,"footnotes":""},"categories":[6],"tags":[],"class_list":["post-5413","post","type-post","status-publish","format-standard","has-post-thumbnail","hentry","category-nfl"],"yoast_head":"<!-- This site is optimized with the Yoast SEO plugin v25.7 - https:\/\/yoast.com\/wordpress\/plugins\/seo\/ -->\n<title>Raiders quiere contratar a Pete Carroll - Esbozo Deportivo<\/title>\n<meta name=\"description\" content=\"Los Raiders de Las Vegas est\u00e1n negociando un acuerdo para contratar a Pete Carroll como su nuevo entrenador en jefe, le inform\u00f3 el viernes a The Associated Press una persona con conocimiento de la decisi\u00f3n.La persona habl\u00f3 bajo condici\u00f3n de anonimato porque el contrato a\u00fan no ha sido finalizado.\" \/>\n<meta name=\"robots\" content=\"index, follow, max-snippet:-1, max-image-preview:large, max-video-preview:-1\" \/>\n<link rel=\"canonical\" href=\"https:\/\/esbozodeportivo.com\/index.php\/2025\/01\/25\/raiders-quiere-contratar-a-pete-carroll\/\" \/>\n<meta property=\"og:locale\" content=\"es_MX\" \/>\n<meta property=\"og:type\" content=\"article\" \/>\n<meta property=\"og:title\" content=\"Raiders quiere contratar a Pete Carroll - Esbozo Deportivo\" \/>\n<meta property=\"og:description\" content=\"Los Raiders de Las Vegas est\u00e1n negociando un acuerdo para contratar a Pete Carroll como su nuevo entrenador en jefe, le inform\u00f3 el viernes a The Associated Press una persona con conocimiento de la decisi\u00f3n.La persona habl\u00f3 bajo condici\u00f3n de anonimato porque el contrato a\u00fan no ha sido finalizado.\" \/>\n<meta property=\"og:url\" content=\"https:\/\/esbozodeportivo.com\/index.php\/2025\/01\/25\/raiders-quiere-contratar-a-pete-carroll\/\" \/>\n<meta property=\"og:site_name\" content=\"Esbozo Deportivo\" \/>\n<meta property=\"article:published_time\" content=\"2025-01-25T05:59:52+00:00\" \/>\n<meta property=\"article:modified_time\" content=\"2025-01-25T05:59:53+00:00\" \/>\n<meta property=\"og:image\" content=\"https:\/\/esbozodeportivo.com\/wp-content\/uploads\/2025\/01\/Pete-Carroll.jpg\" \/>\n\t<meta property=\"og:image:width\" content=\"980\" \/>\n\t<meta property=\"og:image:height\" content=\"653\" \/>\n\t<meta property=\"og:image:type\" content=\"image\/jpeg\" \/>\n<meta name=\"author\" content=\"Javier De La Cruz\" \/>\n<meta name=\"twitter:card\" content=\"summary_large_image\" \/>\n<meta name=\"twitter:label1\" content=\"Escrito por\" \/>\n\t<meta name=\"twitter:data1\" content=\"Javier De La Cruz\" \/>\n\t<meta name=\"twitter:label2\" content=\"Tiempo de lectura\" \/>\n\t<meta name=\"twitter:data2\" content=\"2 minutos\" \/>\n<script type=\"application\/ld+json\" class=\"yoast-schema-graph\">{\"@context\":\"https:\/\/schema.org\",\"@graph\":[{\"@type\":\"Article\",\"@id\":\"https:\/\/esbozodeportivo.com\/index.php\/2025\/01\/25\/raiders-quiere-contratar-a-pete-carroll\/#article\",\"isPartOf\":{\"@id\":\"https:\/\/esbozodeportivo.com\/index.php\/2025\/01\/25\/raiders-quiere-contratar-a-pete-carroll\/\"},\"author\":{\"name\":\"Javier De La Cruz\",\"@id\":\"https:\/\/esbozodeportivo.com\/#\/schema\/person\/7277119c98823aec37bbb84e125efd44\"},\"headline\":\"Raiders quiere contratar a Pete Carroll\",\"datePublished\":\"2025-01-25T05:59:52+00:00\",\"dateModified\":\"2025-01-25T05:59:53+00:00\",\"mainEntityOfPage\":{\"@id\":\"https:\/\/esbozodeportivo.com\/index.php\/2025\/01\/25\/raiders-quiere-contratar-a-pete-carroll\/\"},\"wordCount\":203,\"publisher\":{\"@id\":\"https:\/\/esbozodeportivo.com\/#organization\"},\"image\":{\"@id\":\"https:\/\/esbozodeportivo.com\/index.php\/2025\/01\/25\/raiders-quiere-contratar-a-pete-carroll\/#primaryimage\"},\"thumbnailUrl\":\"https:\/\/esbozodeportivo.com\/wp-content\/uploads\/2025\/01\/Pete-Carroll.jpg\",\"articleSection\":[\"NFL\"],\"inLanguage\":\"es\"},{\"@type\":\"WebPage\",\"@id\":\"https:\/\/esbozodeportivo.com\/index.php\/2025\/01\/25\/raiders-quiere-contratar-a-pete-carroll\/\",\"url\":\"https:\/\/esbozodeportivo.com\/index.php\/2025\/01\/25\/raiders-quiere-contratar-a-pete-carroll\/\",\"name\":\"Raiders quiere contratar a Pete Carroll - Esbozo Deportivo\",\"isPartOf\":{\"@id\":\"https:\/\/esbozodeportivo.com\/#website\"},\"primaryImageOfPage\":{\"@id\":\"https:\/\/esbozodeportivo.com\/index.php\/2025\/01\/25\/raiders-quiere-contratar-a-pete-carroll\/#primaryimage\"},\"image\":{\"@id\":\"https:\/\/esbozodeportivo.com\/index.php\/2025\/01\/25\/raiders-quiere-contratar-a-pete-carroll\/#primaryimage\"},\"thumbnailUrl\":\"https:\/\/esbozodeportivo.com\/wp-content\/uploads\/2025\/01\/Pete-Carroll.jpg\",\"datePublished\":\"2025-01-25T05:59:52+00:00\",\"dateModified\":\"2025-01-25T05:59:53+00:00\",\"description\":\"Los Raiders de Las Vegas est\u00e1n negociando un acuerdo para contratar a Pete Carroll como su nuevo entrenador en jefe, le inform\u00f3 el viernes a The Associated Press una persona con conocimiento de la decisi\u00f3n.La persona habl\u00f3 bajo condici\u00f3n de anonimato porque el contrato a\u00fan no ha sido finalizado.\",\"breadcrumb\":{\"@id\":\"https:\/\/esbozodeportivo.com\/index.php\/2025\/01\/25\/raiders-quiere-contratar-a-pete-carroll\/#breadcrumb\"},\"inLanguage\":\"es\",\"potentialAction\":[{\"@type\":\"ReadAction\",\"target\":[\"https:\/\/esbozodeportivo.com\/index.php\/2025\/01\/25\/raiders-quiere-contratar-a-pete-carroll\/\"]}]},{\"@type\":\"ImageObject\",\"inLanguage\":\"es\",\"@id\":\"https:\/\/esbozodeportivo.com\/index.php\/2025\/01\/25\/raiders-quiere-contratar-a-pete-carroll\/#primaryimage\",\"url\":\"https:\/\/esbozodeportivo.com\/wp-content\/uploads\/2025\/01\/Pete-Carroll.jpg\",\"contentUrl\":\"https:\/\/esbozodeportivo.com\/wp-content\/uploads\/2025\/01\/Pete-Carroll.jpg\",\"width\":980,\"height\":653},{\"@type\":\"BreadcrumbList\",\"@id\":\"https:\/\/esbozodeportivo.com\/index.php\/2025\/01\/25\/raiders-quiere-contratar-a-pete-carroll\/#breadcrumb\",\"itemListElement\":[{\"@type\":\"ListItem\",\"position\":1,\"name\":\"Inicio\",\"item\":\"https:\/\/esbozodeportivo.com\/\"},{\"@type\":\"ListItem\",\"position\":2,\"name\":\"Raiders quiere contratar a Pete Carroll\"}]},{\"@type\":\"WebSite\",\"@id\":\"https:\/\/esbozodeportivo.com\/#website\",\"url\":\"https:\/\/esbozodeportivo.com\/\",\"name\":\"Esbozo Deportivo\",\"description\":\"Lo m\u00e1s importante del Deporte\",\"publisher\":{\"@id\":\"https:\/\/esbozodeportivo.com\/#organization\"},\"potentialAction\":[{\"@type\":\"SearchAction\",\"target\":{\"@type\":\"EntryPoint\",\"urlTemplate\":\"https:\/\/esbozodeportivo.com\/?s={search_term_string}\"},\"query-input\":{\"@type\":\"PropertyValueSpecification\",\"valueRequired\":true,\"valueName\":\"search_term_string\"}}],\"inLanguage\":\"es\"},{\"@type\":\"Organization\",\"@id\":\"https:\/\/esbozodeportivo.com\/#organization\",\"name\":\"Esbozo Deportivo\",\"url\":\"https:\/\/esbozodeportivo.com\/\",\"logo\":{\"@type\":\"ImageObject\",\"inLanguage\":\"es\",\"@id\":\"https:\/\/esbozodeportivo.com\/#\/schema\/logo\/image\/\",\"url\":\"https:\/\/esbozodeportivo.com\/wp-content\/uploads\/2022\/08\/cropped-Logo-Esbozo-Web-2.png\",\"contentUrl\":\"https:\/\/esbozodeportivo.com\/wp-content\/uploads\/2022\/08\/cropped-Logo-Esbozo-Web-2.png\",\"width\":180,\"height\":50,\"caption\":\"Esbozo Deportivo\"},\"image\":{\"@id\":\"https:\/\/esbozodeportivo.com\/#\/schema\/logo\/image\/\"}},{\"@type\":\"Person\",\"@id\":\"https:\/\/esbozodeportivo.com\/#\/schema\/person\/7277119c98823aec37bbb84e125efd44\",\"name\":\"Javier De La Cruz\",\"image\":{\"@type\":\"ImageObject\",\"inLanguage\":\"es\",\"@id\":\"https:\/\/esbozodeportivo.com\/#\/schema\/person\/image\/\",\"url\":\"https:\/\/secure.gravatar.com\/avatar\/366235a56d20f1a6e8e3d0b295897639357bea880470ddf261d17bb0bc052eb1?s=96&d=mm&r=g\",\"contentUrl\":\"https:\/\/secure.gravatar.com\/avatar\/366235a56d20f1a6e8e3d0b295897639357bea880470ddf261d17bb0bc052eb1?s=96&d=mm&r=g\",\"caption\":\"Javier De La Cruz\"},\"url\":\"https:\/\/esbozodeportivo.com\/index.php\/author\/javier-de-la-cruz-de-la-cruz\/\"}]}<\/script>\n<!-- \/ Yoast SEO plugin. -->","yoast_head_json":{"title":"Raiders quiere contratar a Pete Carroll - Esbozo Deportivo","description":"Los Raiders de Las Vegas est\u00e1n negociando un acuerdo para contratar a Pete Carroll como su nuevo entrenador en jefe, le inform\u00f3 el viernes a The Associated Press una persona con conocimiento de la decisi\u00f3n.La persona habl\u00f3 bajo condici\u00f3n de anonimato porque el contrato a\u00fan no ha sido finalizado.","robots":{"index":"index","follow":"follow","max-snippet":"max-snippet:-1","max-image-preview":"max-image-preview:large","max-video-preview":"max-video-preview:-1"},"canonical":"https:\/\/esbozodeportivo.com\/index.php\/2025\/01\/25\/raiders-quiere-contratar-a-pete-carroll\/","og_locale":"es_MX","og_type":"article","og_title":"Raiders quiere contratar a Pete Carroll - Esbozo Deportivo","og_description":"Los Raiders de Las Vegas est\u00e1n negociando un acuerdo para contratar a Pete Carroll como su nuevo entrenador en jefe, le inform\u00f3 el viernes a The Associated Press una persona con conocimiento de la decisi\u00f3n.La persona habl\u00f3 bajo condici\u00f3n de anonimato porque el contrato a\u00fan no ha sido finalizado.","og_url":"https:\/\/esbozodeportivo.com\/index.php\/2025\/01\/25\/raiders-quiere-contratar-a-pete-carroll\/","og_site_name":"Esbozo Deportivo","article_published_time":"2025-01-25T05:59:52+00:00","article_modified_time":"2025-01-25T05:59:53+00:00","og_image":[{"width":980,"height":653,"url":"https:\/\/esbozodeportivo.com\/wp-content\/uploads\/2025\/01\/Pete-Carroll.jpg","type":"image\/jpeg"}],"author":"Javier De La Cruz","twitter_card":"summary_large_image","twitter_misc":{"Escrito por":"Javier De La Cruz","Tiempo de lectura":"2 minutos"},"schema":{"@context":"https:\/\/schema.org","@graph":[{"@type":"Article","@id":"https:\/\/esbozodeportivo.com\/index.php\/2025\/01\/25\/raiders-quiere-contratar-a-pete-carroll\/#article","isPartOf":{"@id":"https:\/\/esbozodeportivo.com\/index.php\/2025\/01\/25\/raiders-quiere-contratar-a-pete-carroll\/"},"author":{"name":"Javier De La Cruz","@id":"https:\/\/esbozodeportivo.com\/#\/schema\/person\/7277119c98823aec37bbb84e125efd44"},"headline":"Raiders quiere contratar a Pete Carroll","datePublished":"2025-01-25T05:59:52+00:00","dateModified":"2025-01-25T05:59:53+00:00","mainEntityOfPage":{"@id":"https:\/\/esbozodeportivo.com\/index.php\/2025\/01\/25\/raiders-quiere-contratar-a-pete-carroll\/"},"wordCount":203,"publisher":{"@id":"https:\/\/esbozodeportivo.com\/#organization"},"image":{"@id":"https:\/\/esbozodeportivo.com\/index.php\/2025\/01\/25\/raiders-quiere-contratar-a-pete-carroll\/#primaryimage"},"thumbnailUrl":"https:\/\/esbozodeportivo.com\/wp-content\/uploads\/2025\/01\/Pete-Carroll.jpg","articleSection":["NFL"],"inLanguage":"es"},{"@type":"WebPage","@id":"https:\/\/esbozodeportivo.com\/index.php\/2025\/01\/25\/raiders-quiere-contratar-a-pete-carroll\/","url":"https:\/\/esbozodeportivo.com\/index.php\/2025\/01\/25\/raiders-quiere-contratar-a-pete-carroll\/","name":"Raiders quiere contratar a Pete Carroll - Esbozo Deportivo","isPartOf":{"@id":"https:\/\/esbozodeportivo.com\/#website"},"primaryImageOfPage":{"@id":"https:\/\/esbozodeportivo.com\/index.php\/2025\/01\/25\/raiders-quiere-contratar-a-pete-carroll\/#primaryimage"},"image":{"@id":"https:\/\/esbozodeportivo.com\/index.php\/2025\/01\/25\/raiders-quiere-contratar-a-pete-carroll\/#primaryimage"},"thumbnailUrl":"https:\/\/esbozodeportivo.com\/wp-content\/uploads\/2025\/01\/Pete-Carroll.jpg","datePublished":"2025-01-25T05:59:52+00:00","dateModified":"2025-01-25T05:59:53+00:00","description":"Los Raiders de Las Vegas est\u00e1n negociando un acuerdo para contratar a Pete Carroll como su nuevo entrenador en jefe, le inform\u00f3 el viernes a The Associated Press una persona con conocimiento de la decisi\u00f3n.La persona habl\u00f3 bajo condici\u00f3n de anonimato porque el contrato a\u00fan no ha sido finalizado.","breadcrumb":{"@id":"https:\/\/esbozodeportivo.com\/index.php\/2025\/01\/25\/raiders-quiere-contratar-a-pete-carroll\/#breadcrumb"},"inLanguage":"es","potentialAction":[{"@type":"ReadAction","target":["https:\/\/esbozodeportivo.com\/index.php\/2025\/01\/25\/raiders-quiere-contratar-a-pete-carroll\/"]}]},{"@type":"ImageObject","inLanguage":"es","@id":"https:\/\/esbozodeportivo.com\/index.php\/2025\/01\/25\/raiders-quiere-contratar-a-pete-carroll\/#primaryimage","url":"https:\/\/esbozodeportivo.com\/wp-content\/uploads\/2025\/01\/Pete-Carroll.jpg","contentUrl":"https:\/\/esbozodeportivo.com\/wp-content\/uploads\/2025\/01\/Pete-Carroll.jpg","width":980,"height":653},{"@type":"BreadcrumbList","@id":"https:\/\/esbozodeportivo.com\/index.php\/2025\/01\/25\/raiders-quiere-contratar-a-pete-carroll\/#breadcrumb","itemListElement":[{"@type":"ListItem","position":1,"name":"Inicio","item":"https:\/\/esbozodeportivo.com\/"},{"@type":"ListItem","position":2,"name":"Raiders quiere contratar a Pete Carroll"}]},{"@type":"WebSite","@id":"https:\/\/esbozodeportivo.com\/#website","url":"https:\/\/esbozodeportivo.com\/","name":"Esbozo Deportivo","description":"Lo m\u00e1s importante del Deporte","publisher":{"@id":"https:\/\/esbozodeportivo.com\/#organization"},"potentialAction":[{"@type":"SearchAction","target":{"@type":"EntryPoint","urlTemplate":"https:\/\/esbozodeportivo.com\/?s={search_term_string}"},"query-input":{"@type":"PropertyValueSpecification","valueRequired":true,"valueName":"search_term_string"}}],"inLanguage":"es"},{"@type":"Organization","@id":"https:\/\/esbozodeportivo.com\/#organization","name":"Esbozo Deportivo","url":"https:\/\/esbozodeportivo.com\/","logo":{"@type":"ImageObject","inLanguage":"es","@id":"https:\/\/esbozodeportivo.com\/#\/schema\/logo\/image\/","url":"https:\/\/esbozodeportivo.com\/wp-content\/uploads\/2022\/08\/cropped-Logo-Esbozo-Web-2.png","contentUrl":"https:\/\/esbozodeportivo.com\/wp-content\/uploads\/2022\/08\/cropped-Logo-Esbozo-Web-2.png","width":180,"height":50,"caption":"Esbozo Deportivo"},"image":{"@id":"https:\/\/esbozodeportivo.com\/#\/schema\/logo\/image\/"}},{"@type":"Person","@id":"https:\/\/esbozodeportivo.com\/#\/schema\/person\/7277119c98823aec37bbb84e125efd44","name":"Javier De La Cruz","image":{"@type":"ImageObject","inLanguage":"es","@id":"https:\/\/esbozodeportivo.com\/#\/schema\/person\/image\/","url":"https:\/\/secure.gravatar.com\/avatar\/366235a56d20f1a6e8e3d0b295897639357bea880470ddf261d17bb0bc052eb1?s=96&d=mm&r=g","contentUrl":"https:\/\/secure.gravatar.com\/avatar\/366235a56d20f1a6e8e3d0b295897639357bea880470ddf261d17bb0bc052eb1?s=96&d=mm&r=g","caption":"Javier De La Cruz"},"url":"https:\/\/esbozodeportivo.com\/index.php\/author\/javier-de-la-cruz-de-la-cruz\/"}]}},"jetpack_featured_media_url":"https:\/\/esbozodeportivo.com\/wp-content\/uploads\/2025\/01\/Pete-Carroll.jpg","jetpack_sharing_enabled":true,"_links":{"self":[{"href":"https:\/\/esbozodeportivo.com\/index.php\/wp-json\/wp\/v2\/posts\/5413","targetHints":{"allow":["GET"]}}],"collection":[{"href":"https:\/\/esbozodeportivo.com\/index.php\/wp-json\/wp\/v2\/posts"}],"about":[{"href":"https:\/\/esbozodeportivo.com\/index.php\/wp-json\/wp\/v2\/types\/post"}],"author":[{"embeddable":true,"href":"https:\/\/esbozodeportivo.com\/index.php\/wp-json\/wp\/v2\/users\/2"}],"replies":[{"embeddable":true,"href":"https:\/\/esbozodeportivo.com\/index.php\/wp-json\/wp\/v2\/comments?post=5413"}],"version-history":[{"count":1,"href":"https:\/\/esbozodeportivo.com\/index.php\/wp-json\/wp\/v2\/posts\/5413\/revisions"}],"predecessor-version":[{"id":5415,"href":"https:\/\/esbozodeportivo.com\/index.php\/wp-json\/wp\/v2\/posts\/5413\/revisions\/5415"}],"wp:featuredmedia":[{"embeddable":true,"href":"https:\/\/esbozodeportivo.com\/index.php\/wp-json\/wp\/v2\/media\/5414"}],"wp:attachment":[{"href":"https:\/\/esbozodeportivo.com\/index.php\/wp-json\/wp\/v2\/media?parent=5413"}],"wp:term":[{"taxonomy":"category","embeddable":true,"href":"https:\/\/esbozodeportivo.com\/index.php\/wp-json\/wp\/v2\/categories?post=5413"},{"taxonomy":"post_tag","embeddable":true,"href":"https:\/\/esbozodeportivo.com\/index.php\/wp-json\/wp\/v2\/tags?post=5413"}],"curies":[{"name":"wp","href":"https:\/\/api.w.org\/{rel}","templated":true}]}}