{"id":545,"date":"2022-09-26T04:56:37","date_gmt":"2022-09-26T04:56:37","guid":{"rendered":"https:\/\/esbozodeportivo.com\/?p=545"},"modified":"2022-09-26T04:59:55","modified_gmt":"2022-09-26T04:59:55","slug":"finaliza-congreso-mundial-de-medicina-del-deporte","status":"publish","type":"post","link":"https:\/\/esbozodeportivo.com\/index.php\/2022\/09\/26\/finaliza-congreso-mundial-de-medicina-del-deporte\/","title":{"rendered":"Finaliza Congreso Mundial de Medicina del Deporte"},"content":{"rendered":"<p>(Conade).- Tras cinco d\u00edas de intensas actividades en Guadalajara, Jalisco, la edici\u00f3n 37 del Congreso Mundial de Medicina del Deporte FIMS 2022, culmin\u00f3 con \u00e9xito este domingo en ceremonia de clausura, encabezada por Felipe Homero G\u00f3mez Ballesteros, presidente de la Federaci\u00f3n Mexicana de Medicina del Deporte (FEMMEDE).<\/p>\n<style>\/*! elementor - v3.7.7 - 20-09-2022 *\/\n.elementor-widget-image{text-align:center}.elementor-widget-image a{display:inline-block}.elementor-widget-image a img[src$=\".svg\"]{width:48px}.elementor-widget-image img{vertical-align:middle;display:inline-block}<\/style>\n<p>\t\t\t\t\t\t\t\t\t\t\t\t<img decoding=\"async\" width=\"640\" height=\"437\" src=\"https:\/\/esbozodeportivo.com\/wp-content\/uploads\/2022\/09\/Congreso-medicina1-1024x699.jpeg\" alt=\"\" loading=\"lazy\" srcset=\"https:\/\/esbozodeportivo.com\/wp-content\/uploads\/2022\/09\/Congreso-medicina1-1024x699.jpeg 1024w, https:\/\/esbozodeportivo.com\/wp-content\/uploads\/2022\/09\/Congreso-medicina1-300x205.jpeg 300w, https:\/\/esbozodeportivo.com\/wp-content\/uploads\/2022\/09\/Congreso-medicina1-768x524.jpeg 768w, https:\/\/esbozodeportivo.com\/wp-content\/uploads\/2022\/09\/Congreso-medicina1.jpeg 1280w\" sizes=\"auto, (max-width: 640px) 100vw, 640px\" \/>\t\t\t\t\t\t\t\t\t\t\t\t\t\t\t<\/p>\n<p>En el acto, que tambi\u00e9n cont\u00f3 con la presencia del Dr. Ra\u00fal Carrillo Rodr\u00edguez, director de Medicina y Ciencias Aplicadas de la Comisi\u00f3n Nacional de Cultura F\u00edsica y Deporte (CONADE), Felipe G\u00f3mez destac\u00f3 la trascendencia de este magno evento con la asistencia de mil 58 participantes y 85 ponencias, lo que constituy\u00f3 un intercambio de conocimiento cient\u00edfico y acad\u00e9mico<\/p>\n<p>\t\t\t\t\t\t\t\t\t\t\t\t\t\t\t<img decoding=\"async\" width=\"640\" height=\"426\" src=\"https:\/\/esbozodeportivo.com\/wp-content\/uploads\/2022\/09\/Congreso-medicina-1024x682.jpeg\" alt=\"\" loading=\"lazy\" srcset=\"https:\/\/esbozodeportivo.com\/wp-content\/uploads\/2022\/09\/Congreso-medicina-1024x682.jpeg 1024w, https:\/\/esbozodeportivo.com\/wp-content\/uploads\/2022\/09\/Congreso-medicina-300x200.jpeg 300w, https:\/\/esbozodeportivo.com\/wp-content\/uploads\/2022\/09\/Congreso-medicina-768x512.jpeg 768w, https:\/\/esbozodeportivo.com\/wp-content\/uploads\/2022\/09\/Congreso-medicina.jpeg 1280w\" sizes=\"auto, (max-width: 640px) 100vw, 640px\" \/>\t\t\t\t\t\t\t\t\t\t\t\t\t\t\t<\/p>\n<p>\u201cHoy concluimos de manera muy satisfactoria las arduas jornadas con un buen desarrollo de este Congreso Mundial, con la satisfacci\u00f3n que me produce el haber cumplido los objetivos; todos nuestro reconocimiento y felicitaci\u00f3n por tan buen desempe\u00f1o, el cual garantizo el \u00e9xito de esta reuni\u00f3n\u201d, mencion\u00f3, al tiempo de tambi\u00e9n agradecer a las instituciones involucradas.<\/p>\n<p>\t\t\t\t\t\t\t\t\t\t\t\t\t\t\t<img decoding=\"async\" width=\"640\" height=\"426\" src=\"https:\/\/esbozodeportivo.com\/wp-content\/uploads\/2022\/09\/Congreso-medicina2-1024x682.jpeg\" alt=\"\" loading=\"lazy\" srcset=\"https:\/\/esbozodeportivo.com\/wp-content\/uploads\/2022\/09\/Congreso-medicina2-1024x682.jpeg 1024w, https:\/\/esbozodeportivo.com\/wp-content\/uploads\/2022\/09\/Congreso-medicina2-300x200.jpeg 300w, https:\/\/esbozodeportivo.com\/wp-content\/uploads\/2022\/09\/Congreso-medicina2-768x512.jpeg 768w, https:\/\/esbozodeportivo.com\/wp-content\/uploads\/2022\/09\/Congreso-medicina2.jpeg 1280w\" sizes=\"auto, (max-width: 640px) 100vw, 640px\" \/>\t\t\t\t\t\t\t\t\t\t\t\t\t\t\t<\/p>\n<p>El presidente de la FEMMEDE detall\u00f3 que, en los cinco d\u00edas de trabajo, adem\u00e1s de las 85 ponencias, se desarrollaron 12 magistrales, tres pre-congresos, cuatro talleres y 10 simposios con un total de 127 conferencistas provenientes de pa\u00edses como Chile, Espa\u00f1a, Holanda, Arabia Saudita, Grecia, China, Jap\u00f3n, Alemania, Argentina, Inglaterra, Estados Unidos, entre otros.<\/p>\n<p>Para cerrar la ceremonia de clausura, G\u00f3mez Ballesteros cedi\u00f3 la estafeta a Dub\u00e1i, ciudad de los Emiratos \u00c1rabes Unidos, que albergara dicho congreso internacional en 2024.<\/p>\n<p>\t\t\t\t\t\t\t\t\t\t\t\t\t\t\t<img decoding=\"async\" width=\"640\" height=\"494\" src=\"https:\/\/esbozodeportivo.com\/wp-content\/uploads\/2022\/09\/Congreso-medicina3-1024x790.jpeg\" alt=\"\" loading=\"lazy\" srcset=\"https:\/\/esbozodeportivo.com\/wp-content\/uploads\/2022\/09\/Congreso-medicina3-1024x790.jpeg 1024w, https:\/\/esbozodeportivo.com\/wp-content\/uploads\/2022\/09\/Congreso-medicina3-300x232.jpeg 300w, https:\/\/esbozodeportivo.com\/wp-content\/uploads\/2022\/09\/Congreso-medicina3-768x593.jpeg 768w, https:\/\/esbozodeportivo.com\/wp-content\/uploads\/2022\/09\/Congreso-medicina3.jpeg 1280w\" sizes=\"auto, (max-width: 640px) 100vw, 640px\" \/>\t\t\t\t\t\t\t\t\t\t\t\t\t\t\t<\/p>\n<p>(Fotos: CONADE)<\/p>\n","protected":false},"excerpt":{"rendered":"<p>(Conade).- Tras cinco d\u00edas de intensas actividades en Guadalajara, Jalisco, la edici\u00f3n 37 del Congreso<\/p>\n","protected":false},"author":2,"featured_media":0,"comment_status":"open","ping_status":"open","sticky":false,"template":"","format":"standard","meta":{"_jetpack_memberships_contains_paid_content":false,"footnotes":""},"categories":[5],"tags":[],"class_list":["post-545","post","type-post","status-publish","format-standard","hentry","category-amateur"],"yoast_head":"<!-- This site is optimized with the Yoast SEO plugin v25.7 - https:\/\/yoast.com\/wordpress\/plugins\/seo\/ -->\n<title>Finaliza Congreso Mundial de Medicina del Deporte - Esbozo Deportivo<\/title>\n<meta name=\"robots\" content=\"index, follow, max-snippet:-1, max-image-preview:large, max-video-preview:-1\" \/>\n<link rel=\"canonical\" href=\"https:\/\/esbozodeportivo.com\/index.php\/2022\/09\/26\/finaliza-congreso-mundial-de-medicina-del-deporte\/\" \/>\n<meta property=\"og:locale\" content=\"es_MX\" \/>\n<meta property=\"og:type\" content=\"article\" \/>\n<meta property=\"og:title\" content=\"Finaliza Congreso Mundial de Medicina del Deporte - Esbozo Deportivo\" \/>\n<meta property=\"og:description\" content=\"(Conade).- Tras cinco d\u00edas de intensas actividades en Guadalajara, Jalisco, la edici\u00f3n 37 del Congreso\" \/>\n<meta property=\"og:url\" content=\"https:\/\/esbozodeportivo.com\/index.php\/2022\/09\/26\/finaliza-congreso-mundial-de-medicina-del-deporte\/\" \/>\n<meta property=\"og:site_name\" content=\"Esbozo Deportivo\" \/>\n<meta property=\"article:published_time\" content=\"2022-09-26T04:56:37+00:00\" \/>\n<meta property=\"article:modified_time\" content=\"2022-09-26T04:59:55+00:00\" \/>\n<meta property=\"og:image\" content=\"https:\/\/esbozodeportivo.com\/wp-content\/uploads\/2022\/09\/Congreso-medicina1-1024x699.jpeg\" \/>\n<meta name=\"author\" content=\"Javier De La Cruz\" \/>\n<meta name=\"twitter:card\" content=\"summary_large_image\" \/>\n<meta name=\"twitter:label1\" content=\"Escrito por\" \/>\n\t<meta name=\"twitter:data1\" content=\"Javier De La Cruz\" \/>\n\t<meta name=\"twitter:label2\" content=\"Tiempo de lectura\" \/>\n\t<meta name=\"twitter:data2\" content=\"1 minuto\" \/>\n<script type=\"application\/ld+json\" class=\"yoast-schema-graph\">{\"@context\":\"https:\/\/schema.org\",\"@graph\":[{\"@type\":\"Article\",\"@id\":\"https:\/\/esbozodeportivo.com\/index.php\/2022\/09\/26\/finaliza-congreso-mundial-de-medicina-del-deporte\/#article\",\"isPartOf\":{\"@id\":\"https:\/\/esbozodeportivo.com\/index.php\/2022\/09\/26\/finaliza-congreso-mundial-de-medicina-del-deporte\/\"},\"author\":{\"name\":\"Javier De La Cruz\",\"@id\":\"https:\/\/esbozodeportivo.com\/#\/schema\/person\/7277119c98823aec37bbb84e125efd44\"},\"headline\":\"Finaliza Congreso Mundial de Medicina del Deporte\",\"datePublished\":\"2022-09-26T04:56:37+00:00\",\"dateModified\":\"2022-09-26T04:59:55+00:00\",\"mainEntityOfPage\":{\"@id\":\"https:\/\/esbozodeportivo.com\/index.php\/2022\/09\/26\/finaliza-congreso-mundial-de-medicina-del-deporte\/\"},\"wordCount\":266,\"commentCount\":0,\"publisher\":{\"@id\":\"https:\/\/esbozodeportivo.com\/#organization\"},\"image\":{\"@id\":\"https:\/\/esbozodeportivo.com\/index.php\/2022\/09\/26\/finaliza-congreso-mundial-de-medicina-del-deporte\/#primaryimage\"},\"thumbnailUrl\":\"https:\/\/esbozodeportivo.com\/wp-content\/uploads\/2022\/09\/Congreso-medicina1-1024x699.jpeg\",\"articleSection\":[\"Amateur\"],\"inLanguage\":\"es\",\"potentialAction\":[{\"@type\":\"CommentAction\",\"name\":\"Comment\",\"target\":[\"https:\/\/esbozodeportivo.com\/index.php\/2022\/09\/26\/finaliza-congreso-mundial-de-medicina-del-deporte\/#respond\"]}]},{\"@type\":\"WebPage\",\"@id\":\"https:\/\/esbozodeportivo.com\/index.php\/2022\/09\/26\/finaliza-congreso-mundial-de-medicina-del-deporte\/\",\"url\":\"https:\/\/esbozodeportivo.com\/index.php\/2022\/09\/26\/finaliza-congreso-mundial-de-medicina-del-deporte\/\",\"name\":\"Finaliza Congreso Mundial de Medicina del Deporte - Esbozo Deportivo\",\"isPartOf\":{\"@id\":\"https:\/\/esbozodeportivo.com\/#website\"},\"primaryImageOfPage\":{\"@id\":\"https:\/\/esbozodeportivo.com\/index.php\/2022\/09\/26\/finaliza-congreso-mundial-de-medicina-del-deporte\/#primaryimage\"},\"image\":{\"@id\":\"https:\/\/esbozodeportivo.com\/index.php\/2022\/09\/26\/finaliza-congreso-mundial-de-medicina-del-deporte\/#primaryimage\"},\"thumbnailUrl\":\"https:\/\/esbozodeportivo.com\/wp-content\/uploads\/2022\/09\/Congreso-medicina1-1024x699.jpeg\",\"datePublished\":\"2022-09-26T04:56:37+00:00\",\"dateModified\":\"2022-09-26T04:59:55+00:00\",\"breadcrumb\":{\"@id\":\"https:\/\/esbozodeportivo.com\/index.php\/2022\/09\/26\/finaliza-congreso-mundial-de-medicina-del-deporte\/#breadcrumb\"},\"inLanguage\":\"es\",\"potentialAction\":[{\"@type\":\"ReadAction\",\"target\":[\"https:\/\/esbozodeportivo.com\/index.php\/2022\/09\/26\/finaliza-congreso-mundial-de-medicina-del-deporte\/\"]}]},{\"@type\":\"ImageObject\",\"inLanguage\":\"es\",\"@id\":\"https:\/\/esbozodeportivo.com\/index.php\/2022\/09\/26\/finaliza-congreso-mundial-de-medicina-del-deporte\/#primaryimage\",\"url\":\"https:\/\/esbozodeportivo.com\/wp-content\/uploads\/2022\/09\/Congreso-medicina1-1024x699.jpeg\",\"contentUrl\":\"https:\/\/esbozodeportivo.com\/wp-content\/uploads\/2022\/09\/Congreso-medicina1-1024x699.jpeg\"},{\"@type\":\"BreadcrumbList\",\"@id\":\"https:\/\/esbozodeportivo.com\/index.php\/2022\/09\/26\/finaliza-congreso-mundial-de-medicina-del-deporte\/#breadcrumb\",\"itemListElement\":[{\"@type\":\"ListItem\",\"position\":1,\"name\":\"Inicio\",\"item\":\"https:\/\/esbozodeportivo.com\/\"},{\"@type\":\"ListItem\",\"position\":2,\"name\":\"Finaliza Congreso Mundial de Medicina del Deporte\"}]},{\"@type\":\"WebSite\",\"@id\":\"https:\/\/esbozodeportivo.com\/#website\",\"url\":\"https:\/\/esbozodeportivo.com\/\",\"name\":\"Esbozo Deportivo\",\"description\":\"Lo m\u00e1s importante del Deporte\",\"publisher\":{\"@id\":\"https:\/\/esbozodeportivo.com\/#organization\"},\"potentialAction\":[{\"@type\":\"SearchAction\",\"target\":{\"@type\":\"EntryPoint\",\"urlTemplate\":\"https:\/\/esbozodeportivo.com\/?s={search_term_string}\"},\"query-input\":{\"@type\":\"PropertyValueSpecification\",\"valueRequired\":true,\"valueName\":\"search_term_string\"}}],\"inLanguage\":\"es\"},{\"@type\":\"Organization\",\"@id\":\"https:\/\/esbozodeportivo.com\/#organization\",\"name\":\"Esbozo Deportivo\",\"url\":\"https:\/\/esbozodeportivo.com\/\",\"logo\":{\"@type\":\"ImageObject\",\"inLanguage\":\"es\",\"@id\":\"https:\/\/esbozodeportivo.com\/#\/schema\/logo\/image\/\",\"url\":\"https:\/\/esbozodeportivo.com\/wp-content\/uploads\/2022\/08\/cropped-Logo-Esbozo-Web-2.png\",\"contentUrl\":\"https:\/\/esbozodeportivo.com\/wp-content\/uploads\/2022\/08\/cropped-Logo-Esbozo-Web-2.png\",\"width\":180,\"height\":50,\"caption\":\"Esbozo Deportivo\"},\"image\":{\"@id\":\"https:\/\/esbozodeportivo.com\/#\/schema\/logo\/image\/\"}},{\"@type\":\"Person\",\"@id\":\"https:\/\/esbozodeportivo.com\/#\/schema\/person\/7277119c98823aec37bbb84e125efd44\",\"name\":\"Javier De La Cruz\",\"image\":{\"@type\":\"ImageObject\",\"inLanguage\":\"es\",\"@id\":\"https:\/\/esbozodeportivo.com\/#\/schema\/person\/image\/\",\"url\":\"https:\/\/secure.gravatar.com\/avatar\/366235a56d20f1a6e8e3d0b295897639357bea880470ddf261d17bb0bc052eb1?s=96&d=mm&r=g\",\"contentUrl\":\"https:\/\/secure.gravatar.com\/avatar\/366235a56d20f1a6e8e3d0b295897639357bea880470ddf261d17bb0bc052eb1?s=96&d=mm&r=g\",\"caption\":\"Javier De La Cruz\"},\"url\":\"https:\/\/esbozodeportivo.com\/index.php\/author\/javier-de-la-cruz-de-la-cruz\/\"}]}<\/script>\n<!-- \/ Yoast SEO plugin. -->","yoast_head_json":{"title":"Finaliza Congreso Mundial de Medicina del Deporte - Esbozo Deportivo","robots":{"index":"index","follow":"follow","max-snippet":"max-snippet:-1","max-image-preview":"max-image-preview:large","max-video-preview":"max-video-preview:-1"},"canonical":"https:\/\/esbozodeportivo.com\/index.php\/2022\/09\/26\/finaliza-congreso-mundial-de-medicina-del-deporte\/","og_locale":"es_MX","og_type":"article","og_title":"Finaliza Congreso Mundial de Medicina del Deporte - Esbozo Deportivo","og_description":"(Conade).- Tras cinco d\u00edas de intensas actividades en Guadalajara, Jalisco, la edici\u00f3n 37 del Congreso","og_url":"https:\/\/esbozodeportivo.com\/index.php\/2022\/09\/26\/finaliza-congreso-mundial-de-medicina-del-deporte\/","og_site_name":"Esbozo Deportivo","article_published_time":"2022-09-26T04:56:37+00:00","article_modified_time":"2022-09-26T04:59:55+00:00","og_image":[{"url":"https:\/\/esbozodeportivo.com\/wp-content\/uploads\/2022\/09\/Congreso-medicina1-1024x699.jpeg","type":"","width":"","height":""}],"author":"Javier De La Cruz","twitter_card":"summary_large_image","twitter_misc":{"Escrito por":"Javier De La Cruz","Tiempo de lectura":"1 minuto"},"schema":{"@context":"https:\/\/schema.org","@graph":[{"@type":"Article","@id":"https:\/\/esbozodeportivo.com\/index.php\/2022\/09\/26\/finaliza-congreso-mundial-de-medicina-del-deporte\/#article","isPartOf":{"@id":"https:\/\/esbozodeportivo.com\/index.php\/2022\/09\/26\/finaliza-congreso-mundial-de-medicina-del-deporte\/"},"author":{"name":"Javier De La Cruz","@id":"https:\/\/esbozodeportivo.com\/#\/schema\/person\/7277119c98823aec37bbb84e125efd44"},"headline":"Finaliza Congreso Mundial de Medicina del Deporte","datePublished":"2022-09-26T04:56:37+00:00","dateModified":"2022-09-26T04:59:55+00:00","mainEntityOfPage":{"@id":"https:\/\/esbozodeportivo.com\/index.php\/2022\/09\/26\/finaliza-congreso-mundial-de-medicina-del-deporte\/"},"wordCount":266,"commentCount":0,"publisher":{"@id":"https:\/\/esbozodeportivo.com\/#organization"},"image":{"@id":"https:\/\/esbozodeportivo.com\/index.php\/2022\/09\/26\/finaliza-congreso-mundial-de-medicina-del-deporte\/#primaryimage"},"thumbnailUrl":"https:\/\/esbozodeportivo.com\/wp-content\/uploads\/2022\/09\/Congreso-medicina1-1024x699.jpeg","articleSection":["Amateur"],"inLanguage":"es","potentialAction":[{"@type":"CommentAction","name":"Comment","target":["https:\/\/esbozodeportivo.com\/index.php\/2022\/09\/26\/finaliza-congreso-mundial-de-medicina-del-deporte\/#respond"]}]},{"@type":"WebPage","@id":"https:\/\/esbozodeportivo.com\/index.php\/2022\/09\/26\/finaliza-congreso-mundial-de-medicina-del-deporte\/","url":"https:\/\/esbozodeportivo.com\/index.php\/2022\/09\/26\/finaliza-congreso-mundial-de-medicina-del-deporte\/","name":"Finaliza Congreso Mundial de Medicina del Deporte - Esbozo Deportivo","isPartOf":{"@id":"https:\/\/esbozodeportivo.com\/#website"},"primaryImageOfPage":{"@id":"https:\/\/esbozodeportivo.com\/index.php\/2022\/09\/26\/finaliza-congreso-mundial-de-medicina-del-deporte\/#primaryimage"},"image":{"@id":"https:\/\/esbozodeportivo.com\/index.php\/2022\/09\/26\/finaliza-congreso-mundial-de-medicina-del-deporte\/#primaryimage"},"thumbnailUrl":"https:\/\/esbozodeportivo.com\/wp-content\/uploads\/2022\/09\/Congreso-medicina1-1024x699.jpeg","datePublished":"2022-09-26T04:56:37+00:00","dateModified":"2022-09-26T04:59:55+00:00","breadcrumb":{"@id":"https:\/\/esbozodeportivo.com\/index.php\/2022\/09\/26\/finaliza-congreso-mundial-de-medicina-del-deporte\/#breadcrumb"},"inLanguage":"es","potentialAction":[{"@type":"ReadAction","target":["https:\/\/esbozodeportivo.com\/index.php\/2022\/09\/26\/finaliza-congreso-mundial-de-medicina-del-deporte\/"]}]},{"@type":"ImageObject","inLanguage":"es","@id":"https:\/\/esbozodeportivo.com\/index.php\/2022\/09\/26\/finaliza-congreso-mundial-de-medicina-del-deporte\/#primaryimage","url":"https:\/\/esbozodeportivo.com\/wp-content\/uploads\/2022\/09\/Congreso-medicina1-1024x699.jpeg","contentUrl":"https:\/\/esbozodeportivo.com\/wp-content\/uploads\/2022\/09\/Congreso-medicina1-1024x699.jpeg"},{"@type":"BreadcrumbList","@id":"https:\/\/esbozodeportivo.com\/index.php\/2022\/09\/26\/finaliza-congreso-mundial-de-medicina-del-deporte\/#breadcrumb","itemListElement":[{"@type":"ListItem","position":1,"name":"Inicio","item":"https:\/\/esbozodeportivo.com\/"},{"@type":"ListItem","position":2,"name":"Finaliza Congreso Mundial de Medicina del Deporte"}]},{"@type":"WebSite","@id":"https:\/\/esbozodeportivo.com\/#website","url":"https:\/\/esbozodeportivo.com\/","name":"Esbozo Deportivo","description":"Lo m\u00e1s importante del Deporte","publisher":{"@id":"https:\/\/esbozodeportivo.com\/#organization"},"potentialAction":[{"@type":"SearchAction","target":{"@type":"EntryPoint","urlTemplate":"https:\/\/esbozodeportivo.com\/?s={search_term_string}"},"query-input":{"@type":"PropertyValueSpecification","valueRequired":true,"valueName":"search_term_string"}}],"inLanguage":"es"},{"@type":"Organization","@id":"https:\/\/esbozodeportivo.com\/#organization","name":"Esbozo Deportivo","url":"https:\/\/esbozodeportivo.com\/","logo":{"@type":"ImageObject","inLanguage":"es","@id":"https:\/\/esbozodeportivo.com\/#\/schema\/logo\/image\/","url":"https:\/\/esbozodeportivo.com\/wp-content\/uploads\/2022\/08\/cropped-Logo-Esbozo-Web-2.png","contentUrl":"https:\/\/esbozodeportivo.com\/wp-content\/uploads\/2022\/08\/cropped-Logo-Esbozo-Web-2.png","width":180,"height":50,"caption":"Esbozo Deportivo"},"image":{"@id":"https:\/\/esbozodeportivo.com\/#\/schema\/logo\/image\/"}},{"@type":"Person","@id":"https:\/\/esbozodeportivo.com\/#\/schema\/person\/7277119c98823aec37bbb84e125efd44","name":"Javier De La Cruz","image":{"@type":"ImageObject","inLanguage":"es","@id":"https:\/\/esbozodeportivo.com\/#\/schema\/person\/image\/","url":"https:\/\/secure.gravatar.com\/avatar\/366235a56d20f1a6e8e3d0b295897639357bea880470ddf261d17bb0bc052eb1?s=96&d=mm&r=g","contentUrl":"https:\/\/secure.gravatar.com\/avatar\/366235a56d20f1a6e8e3d0b295897639357bea880470ddf261d17bb0bc052eb1?s=96&d=mm&r=g","caption":"Javier De La Cruz"},"url":"https:\/\/esbozodeportivo.com\/index.php\/author\/javier-de-la-cruz-de-la-cruz\/"}]}},"jetpack_featured_media_url":"","jetpack_sharing_enabled":true,"_links":{"self":[{"href":"https:\/\/esbozodeportivo.com\/index.php\/wp-json\/wp\/v2\/posts\/545","targetHints":{"allow":["GET"]}}],"collection":[{"href":"https:\/\/esbozodeportivo.com\/index.php\/wp-json\/wp\/v2\/posts"}],"about":[{"href":"https:\/\/esbozodeportivo.com\/index.php\/wp-json\/wp\/v2\/types\/post"}],"author":[{"embeddable":true,"href":"https:\/\/esbozodeportivo.com\/index.php\/wp-json\/wp\/v2\/users\/2"}],"replies":[{"embeddable":true,"href":"https:\/\/esbozodeportivo.com\/index.php\/wp-json\/wp\/v2\/comments?post=545"}],"version-history":[{"count":4,"href":"https:\/\/esbozodeportivo.com\/index.php\/wp-json\/wp\/v2\/posts\/545\/revisions"}],"predecessor-version":[{"id":553,"href":"https:\/\/esbozodeportivo.com\/index.php\/wp-json\/wp\/v2\/posts\/545\/revisions\/553"}],"wp:attachment":[{"href":"https:\/\/esbozodeportivo.com\/index.php\/wp-json\/wp\/v2\/media?parent=545"}],"wp:term":[{"taxonomy":"category","embeddable":true,"href":"https:\/\/esbozodeportivo.com\/index.php\/wp-json\/wp\/v2\/categories?post=545"},{"taxonomy":"post_tag","embeddable":true,"href":"https:\/\/esbozodeportivo.com\/index.php\/wp-json\/wp\/v2\/tags?post=545"}],"curies":[{"name":"wp","href":"https:\/\/api.w.org\/{rel}","templated":true}]}}