{"id":5487,"date":"2025-01-28T01:00:40","date_gmt":"2025-01-28T01:00:40","guid":{"rendered":"https:\/\/esbozodeportivo.com\/?p=5487"},"modified":"2025-01-28T01:00:41","modified_gmt":"2025-01-28T01:00:41","slug":"consejo-mundial-de-boxeo-presenta-nuevo-logo-y-cinturon","status":"publish","type":"post","link":"https:\/\/esbozodeportivo.com\/index.php\/2025\/01\/28\/consejo-mundial-de-boxeo-presenta-nuevo-logo-y-cinturon\/","title":{"rendered":"Consejo Mundial de Boxeo presenta nuevo logo y cintur\u00f3n"},"content":{"rendered":"\n<p>(Foto: esbozodeportivo.com) <\/p>\n\n\n\n<p><strong>Por: Javier de la Cruz<\/strong><\/p>\n\n\n\n<p>El <a href=\"https:\/\/wbcboxing.com\/wbc\/\"><strong>Consejo Mundial de Boxeo<\/strong><\/a>, que preside <strong>Mauricio Sulaiman<\/strong>, present\u00f3 la nueva imagen que llevar\u00e1 el logo y el cintur\u00f3n a partir de ahora, el cual resaltan las banderas de <strong>Ucrania <\/strong>y <strong>Arabia Saudita<\/strong>, el evento tuvo lugar en conocido hotel de la Ciudad de M\u00e9xico, se dieron cita grandes glorias del boxeo mexicano.<\/p>\n\n\n\n<p>El renovado logo y cintur\u00f3n del <strong>WBC<\/strong>, destacan la bandera de los pa\u00edses de <strong>Ucrania<\/strong> <strong>y Arabia Saudita<\/strong>, pese a los conflictos resientes que existen en el Medio Oriente.<\/p>\n\n\n\n<p>\u201cEste <strong>cintur\u00f3n verde<\/strong> representa a todos los pa\u00edses que est\u00e1n inscritos en la <a href=\"https:\/\/www.un.org\/es\/?\"><strong>ONU<\/strong><\/a>, el cual tiene cuatro filas de banderas y esta vez, hemos agregado las banderas de <strong>Ucrania<\/strong> y <strong>Arabia Saudita<\/strong>, como homenaje a la llegada del boxeo al <strong>Medio Oriente<\/strong>, pese a todos los conflictos que tuvieron es esa zona del mundo, y es una emoci\u00f3n contar con estas banderas en el cintur\u00f3n oficial del <strong>Consejo Mundial de Boxeo<\/strong>\u201d, destac\u00f3 <strong>Mauricio Sulaiman<\/strong>.<\/p>\n\n\n\n<figure class=\"wp-block-image size-large\"><img loading=\"lazy\" decoding=\"async\" width=\"1024\" height=\"575\" src=\"https:\/\/esbozodeportivo.com\/wp-content\/uploads\/2025\/01\/DSC02670-1024x575.jpg\" alt=\"\" class=\"wp-image-5490\" srcset=\"https:\/\/esbozodeportivo.com\/wp-content\/uploads\/2025\/01\/DSC02670-1024x575.jpg 1024w, https:\/\/esbozodeportivo.com\/wp-content\/uploads\/2025\/01\/DSC02670-300x168.jpg 300w, https:\/\/esbozodeportivo.com\/wp-content\/uploads\/2025\/01\/DSC02670-768x431.jpg 768w, https:\/\/esbozodeportivo.com\/wp-content\/uploads\/2025\/01\/DSC02670-1536x863.jpg 1536w, https:\/\/esbozodeportivo.com\/wp-content\/uploads\/2025\/01\/DSC02670-2048x1150.jpg 2048w\" sizes=\"auto, (max-width: 1024px) 100vw, 1024px\" \/><\/figure>\n\n\n\n<p>(Foto: esbozodeportivo.com)<\/p>\n\n\n\n<p>Por otra parte <strong>Sulaiman<\/strong>, habl\u00f3 del cintur\u00f3n rojo el cual lleva como nombre <strong>\u201cGuerrero Azteca\u201d<\/strong> y es en homenaje al reciente boxeador fallecido en noviembre, <strong>Israel \u201cMagnifico\u201d V\u00e1zquez<\/strong>.<\/p>\n\n\n\n<p>\u201cEl nuevo cintur\u00f3n <strong>\u201cGuerrero Azteca<\/strong>\u201d, estar\u00e1 en disputa solamente cuando se enfrenten dos boxeadores mexicanos y se hizo en honor al reciente fallecido <strong>Israel &nbsp;\u201cMagnifico\u201d V\u00e1zquez<\/strong>, el cual lucho contra un c\u00e1ncer que lo venci\u00f3 el a\u00f1o anterior. Pero estoy seguro que los boxeadores mexicanos y sobre todo el que lo porte lo har\u00e1 con mucho orgullo. Pues es bien sabido que las peleas entre mexicanos son muy emocionantes, tal como fueron esas peleas inolvidables de anta\u00f1o\u201d, puntualiz\u00f3 Mauricio. &nbsp;<\/p>\n\n\n\n<p><strong>Isaac \u201cPitbull\u201d Cruz<\/strong> y <strong>\u00c1ngel \u201cTashiro\u201d Fierro<\/strong>, ser\u00e1n los encargados de disputar por primera vez el faj\u00edn <strong>\u201cGuerrero Azteca\u201d,<\/strong> en <strong>Las Vegas Nevada<\/strong>, este fin de semana. Y el ganador portar\u00e1 el nuevo cintur\u00f3n, que tienen como novedad el <strong>Calendario Azteca<\/strong>.<\/p>\n\n\n\n<p>En el evento estuvieron leyendas del boxeo, como <strong>Rub\u00e9n el \u201cP\u00faas<\/strong>\u201d <strong>Olivares<\/strong>, \u201c<strong>Pipino\u201d Cuevas<\/strong>, <strong>Humberto la \u201cChiquita\u201d<\/strong> <strong>Gonz\u00e1lez<\/strong>, <strong>Carlos Zarate<\/strong>, <strong>\u201cBazooka\u201d<\/strong> <strong>Lim\u00f3n<\/strong>, <strong>\u201cBarbi\u00e9\u201d Ju\u00e1rez,<\/strong> <strong>Jackie Nava<\/strong>, entre otras glorias del boxeo.<\/p>\n\n\n\n<figure class=\"wp-block-image size-large\"><img loading=\"lazy\" decoding=\"async\" width=\"1024\" height=\"575\" src=\"https:\/\/esbozodeportivo.com\/wp-content\/uploads\/2025\/01\/DSC02581-1024x575.jpg\" alt=\"\" class=\"wp-image-5492\" srcset=\"https:\/\/esbozodeportivo.com\/wp-content\/uploads\/2025\/01\/DSC02581-1024x575.jpg 1024w, https:\/\/esbozodeportivo.com\/wp-content\/uploads\/2025\/01\/DSC02581-300x168.jpg 300w, https:\/\/esbozodeportivo.com\/wp-content\/uploads\/2025\/01\/DSC02581-768x431.jpg 768w, https:\/\/esbozodeportivo.com\/wp-content\/uploads\/2025\/01\/DSC02581-1536x863.jpg 1536w, https:\/\/esbozodeportivo.com\/wp-content\/uploads\/2025\/01\/DSC02581-2048x1150.jpg 2048w\" sizes=\"auto, (max-width: 1024px) 100vw, 1024px\" \/><\/figure>\n\n\n\n<p>(Foto: esbozodeportivo.com) <\/p>\n","protected":false},"excerpt":{"rendered":"<p>(Foto: esbozodeportivo.com) Por: Javier de la Cruz El Consejo Mundial de Boxeo, que preside Mauricio<\/p>\n","protected":false},"author":2,"featured_media":5488,"comment_status":"closed","ping_status":"open","sticky":false,"template":"","format":"standard","meta":{"_jetpack_memberships_contains_paid_content":false,"footnotes":""},"categories":[9],"tags":[],"class_list":["post-5487","post","type-post","status-publish","format-standard","has-post-thumbnail","hentry","category-boxeo"],"yoast_head":"<!-- This site is optimized with the Yoast SEO plugin v25.7 - https:\/\/yoast.com\/wordpress\/plugins\/seo\/ -->\n<title>Consejo Mundial de Boxeo presenta nuevo logo y cintur\u00f3n - Esbozo Deportivo<\/title>\n<meta name=\"robots\" content=\"index, follow, max-snippet:-1, max-image-preview:large, max-video-preview:-1\" \/>\n<link rel=\"canonical\" href=\"https:\/\/esbozodeportivo.com\/index.php\/2025\/01\/28\/consejo-mundial-de-boxeo-presenta-nuevo-logo-y-cinturon\/\" \/>\n<meta property=\"og:locale\" content=\"es_MX\" \/>\n<meta property=\"og:type\" content=\"article\" \/>\n<meta property=\"og:title\" content=\"Consejo Mundial de Boxeo presenta nuevo logo y cintur\u00f3n - Esbozo Deportivo\" \/>\n<meta property=\"og:description\" content=\"(Foto: esbozodeportivo.com) Por: Javier de la Cruz El Consejo Mundial de Boxeo, que preside Mauricio\" \/>\n<meta property=\"og:url\" content=\"https:\/\/esbozodeportivo.com\/index.php\/2025\/01\/28\/consejo-mundial-de-boxeo-presenta-nuevo-logo-y-cinturon\/\" \/>\n<meta property=\"og:site_name\" content=\"Esbozo Deportivo\" \/>\n<meta property=\"article:published_time\" content=\"2025-01-28T01:00:40+00:00\" \/>\n<meta property=\"article:modified_time\" content=\"2025-01-28T01:00:41+00:00\" \/>\n<meta property=\"og:image\" content=\"https:\/\/esbozodeportivo.com\/wp-content\/uploads\/2025\/01\/DSC02695-scaled.jpg\" \/>\n\t<meta property=\"og:image:width\" content=\"2560\" \/>\n\t<meta property=\"og:image:height\" content=\"1438\" \/>\n\t<meta property=\"og:image:type\" content=\"image\/jpeg\" \/>\n<meta name=\"author\" content=\"Javier De La Cruz\" \/>\n<meta name=\"twitter:card\" content=\"summary_large_image\" \/>\n<meta name=\"twitter:label1\" content=\"Escrito por\" \/>\n\t<meta name=\"twitter:data1\" content=\"Javier De La Cruz\" \/>\n\t<meta name=\"twitter:label2\" content=\"Tiempo de lectura\" \/>\n\t<meta name=\"twitter:data2\" content=\"3 minutos\" \/>\n<script type=\"application\/ld+json\" class=\"yoast-schema-graph\">{\"@context\":\"https:\/\/schema.org\",\"@graph\":[{\"@type\":\"Article\",\"@id\":\"https:\/\/esbozodeportivo.com\/index.php\/2025\/01\/28\/consejo-mundial-de-boxeo-presenta-nuevo-logo-y-cinturon\/#article\",\"isPartOf\":{\"@id\":\"https:\/\/esbozodeportivo.com\/index.php\/2025\/01\/28\/consejo-mundial-de-boxeo-presenta-nuevo-logo-y-cinturon\/\"},\"author\":{\"name\":\"Javier De La Cruz\",\"@id\":\"https:\/\/esbozodeportivo.com\/#\/schema\/person\/7277119c98823aec37bbb84e125efd44\"},\"headline\":\"Consejo Mundial de Boxeo presenta nuevo logo y cintur\u00f3n\",\"datePublished\":\"2025-01-28T01:00:40+00:00\",\"dateModified\":\"2025-01-28T01:00:41+00:00\",\"mainEntityOfPage\":{\"@id\":\"https:\/\/esbozodeportivo.com\/index.php\/2025\/01\/28\/consejo-mundial-de-boxeo-presenta-nuevo-logo-y-cinturon\/\"},\"wordCount\":387,\"publisher\":{\"@id\":\"https:\/\/esbozodeportivo.com\/#organization\"},\"image\":{\"@id\":\"https:\/\/esbozodeportivo.com\/index.php\/2025\/01\/28\/consejo-mundial-de-boxeo-presenta-nuevo-logo-y-cinturon\/#primaryimage\"},\"thumbnailUrl\":\"https:\/\/esbozodeportivo.com\/wp-content\/uploads\/2025\/01\/DSC02695-scaled.jpg\",\"articleSection\":[\"Boxeo\"],\"inLanguage\":\"es\"},{\"@type\":\"WebPage\",\"@id\":\"https:\/\/esbozodeportivo.com\/index.php\/2025\/01\/28\/consejo-mundial-de-boxeo-presenta-nuevo-logo-y-cinturon\/\",\"url\":\"https:\/\/esbozodeportivo.com\/index.php\/2025\/01\/28\/consejo-mundial-de-boxeo-presenta-nuevo-logo-y-cinturon\/\",\"name\":\"Consejo Mundial de Boxeo presenta nuevo logo y cintur\u00f3n - Esbozo Deportivo\",\"isPartOf\":{\"@id\":\"https:\/\/esbozodeportivo.com\/#website\"},\"primaryImageOfPage\":{\"@id\":\"https:\/\/esbozodeportivo.com\/index.php\/2025\/01\/28\/consejo-mundial-de-boxeo-presenta-nuevo-logo-y-cinturon\/#primaryimage\"},\"image\":{\"@id\":\"https:\/\/esbozodeportivo.com\/index.php\/2025\/01\/28\/consejo-mundial-de-boxeo-presenta-nuevo-logo-y-cinturon\/#primaryimage\"},\"thumbnailUrl\":\"https:\/\/esbozodeportivo.com\/wp-content\/uploads\/2025\/01\/DSC02695-scaled.jpg\",\"datePublished\":\"2025-01-28T01:00:40+00:00\",\"dateModified\":\"2025-01-28T01:00:41+00:00\",\"breadcrumb\":{\"@id\":\"https:\/\/esbozodeportivo.com\/index.php\/2025\/01\/28\/consejo-mundial-de-boxeo-presenta-nuevo-logo-y-cinturon\/#breadcrumb\"},\"inLanguage\":\"es\",\"potentialAction\":[{\"@type\":\"ReadAction\",\"target\":[\"https:\/\/esbozodeportivo.com\/index.php\/2025\/01\/28\/consejo-mundial-de-boxeo-presenta-nuevo-logo-y-cinturon\/\"]}]},{\"@type\":\"ImageObject\",\"inLanguage\":\"es\",\"@id\":\"https:\/\/esbozodeportivo.com\/index.php\/2025\/01\/28\/consejo-mundial-de-boxeo-presenta-nuevo-logo-y-cinturon\/#primaryimage\",\"url\":\"https:\/\/esbozodeportivo.com\/wp-content\/uploads\/2025\/01\/DSC02695-scaled.jpg\",\"contentUrl\":\"https:\/\/esbozodeportivo.com\/wp-content\/uploads\/2025\/01\/DSC02695-scaled.jpg\",\"width\":2560,\"height\":1438},{\"@type\":\"BreadcrumbList\",\"@id\":\"https:\/\/esbozodeportivo.com\/index.php\/2025\/01\/28\/consejo-mundial-de-boxeo-presenta-nuevo-logo-y-cinturon\/#breadcrumb\",\"itemListElement\":[{\"@type\":\"ListItem\",\"position\":1,\"name\":\"Inicio\",\"item\":\"https:\/\/esbozodeportivo.com\/\"},{\"@type\":\"ListItem\",\"position\":2,\"name\":\"Consejo Mundial de Boxeo presenta nuevo logo y cintur\u00f3n\"}]},{\"@type\":\"WebSite\",\"@id\":\"https:\/\/esbozodeportivo.com\/#website\",\"url\":\"https:\/\/esbozodeportivo.com\/\",\"name\":\"Esbozo Deportivo\",\"description\":\"Lo m\u00e1s importante del Deporte\",\"publisher\":{\"@id\":\"https:\/\/esbozodeportivo.com\/#organization\"},\"potentialAction\":[{\"@type\":\"SearchAction\",\"target\":{\"@type\":\"EntryPoint\",\"urlTemplate\":\"https:\/\/esbozodeportivo.com\/?s={search_term_string}\"},\"query-input\":{\"@type\":\"PropertyValueSpecification\",\"valueRequired\":true,\"valueName\":\"search_term_string\"}}],\"inLanguage\":\"es\"},{\"@type\":\"Organization\",\"@id\":\"https:\/\/esbozodeportivo.com\/#organization\",\"name\":\"Esbozo Deportivo\",\"url\":\"https:\/\/esbozodeportivo.com\/\",\"logo\":{\"@type\":\"ImageObject\",\"inLanguage\":\"es\",\"@id\":\"https:\/\/esbozodeportivo.com\/#\/schema\/logo\/image\/\",\"url\":\"https:\/\/esbozodeportivo.com\/wp-content\/uploads\/2022\/08\/cropped-Logo-Esbozo-Web-2.png\",\"contentUrl\":\"https:\/\/esbozodeportivo.com\/wp-content\/uploads\/2022\/08\/cropped-Logo-Esbozo-Web-2.png\",\"width\":180,\"height\":50,\"caption\":\"Esbozo Deportivo\"},\"image\":{\"@id\":\"https:\/\/esbozodeportivo.com\/#\/schema\/logo\/image\/\"}},{\"@type\":\"Person\",\"@id\":\"https:\/\/esbozodeportivo.com\/#\/schema\/person\/7277119c98823aec37bbb84e125efd44\",\"name\":\"Javier De La Cruz\",\"image\":{\"@type\":\"ImageObject\",\"inLanguage\":\"es\",\"@id\":\"https:\/\/esbozodeportivo.com\/#\/schema\/person\/image\/\",\"url\":\"https:\/\/secure.gravatar.com\/avatar\/366235a56d20f1a6e8e3d0b295897639357bea880470ddf261d17bb0bc052eb1?s=96&d=mm&r=g\",\"contentUrl\":\"https:\/\/secure.gravatar.com\/avatar\/366235a56d20f1a6e8e3d0b295897639357bea880470ddf261d17bb0bc052eb1?s=96&d=mm&r=g\",\"caption\":\"Javier De La Cruz\"},\"url\":\"https:\/\/esbozodeportivo.com\/index.php\/author\/javier-de-la-cruz-de-la-cruz\/\"}]}<\/script>\n<!-- \/ Yoast SEO plugin. -->","yoast_head_json":{"title":"Consejo Mundial de Boxeo presenta nuevo logo y cintur\u00f3n - Esbozo Deportivo","robots":{"index":"index","follow":"follow","max-snippet":"max-snippet:-1","max-image-preview":"max-image-preview:large","max-video-preview":"max-video-preview:-1"},"canonical":"https:\/\/esbozodeportivo.com\/index.php\/2025\/01\/28\/consejo-mundial-de-boxeo-presenta-nuevo-logo-y-cinturon\/","og_locale":"es_MX","og_type":"article","og_title":"Consejo Mundial de Boxeo presenta nuevo logo y cintur\u00f3n - Esbozo Deportivo","og_description":"(Foto: esbozodeportivo.com) Por: Javier de la Cruz El Consejo Mundial de Boxeo, que preside Mauricio","og_url":"https:\/\/esbozodeportivo.com\/index.php\/2025\/01\/28\/consejo-mundial-de-boxeo-presenta-nuevo-logo-y-cinturon\/","og_site_name":"Esbozo Deportivo","article_published_time":"2025-01-28T01:00:40+00:00","article_modified_time":"2025-01-28T01:00:41+00:00","og_image":[{"width":2560,"height":1438,"url":"https:\/\/esbozodeportivo.com\/wp-content\/uploads\/2025\/01\/DSC02695-scaled.jpg","type":"image\/jpeg"}],"author":"Javier De La Cruz","twitter_card":"summary_large_image","twitter_misc":{"Escrito por":"Javier De La Cruz","Tiempo de lectura":"3 minutos"},"schema":{"@context":"https:\/\/schema.org","@graph":[{"@type":"Article","@id":"https:\/\/esbozodeportivo.com\/index.php\/2025\/01\/28\/consejo-mundial-de-boxeo-presenta-nuevo-logo-y-cinturon\/#article","isPartOf":{"@id":"https:\/\/esbozodeportivo.com\/index.php\/2025\/01\/28\/consejo-mundial-de-boxeo-presenta-nuevo-logo-y-cinturon\/"},"author":{"name":"Javier De La Cruz","@id":"https:\/\/esbozodeportivo.com\/#\/schema\/person\/7277119c98823aec37bbb84e125efd44"},"headline":"Consejo Mundial de Boxeo presenta nuevo logo y cintur\u00f3n","datePublished":"2025-01-28T01:00:40+00:00","dateModified":"2025-01-28T01:00:41+00:00","mainEntityOfPage":{"@id":"https:\/\/esbozodeportivo.com\/index.php\/2025\/01\/28\/consejo-mundial-de-boxeo-presenta-nuevo-logo-y-cinturon\/"},"wordCount":387,"publisher":{"@id":"https:\/\/esbozodeportivo.com\/#organization"},"image":{"@id":"https:\/\/esbozodeportivo.com\/index.php\/2025\/01\/28\/consejo-mundial-de-boxeo-presenta-nuevo-logo-y-cinturon\/#primaryimage"},"thumbnailUrl":"https:\/\/esbozodeportivo.com\/wp-content\/uploads\/2025\/01\/DSC02695-scaled.jpg","articleSection":["Boxeo"],"inLanguage":"es"},{"@type":"WebPage","@id":"https:\/\/esbozodeportivo.com\/index.php\/2025\/01\/28\/consejo-mundial-de-boxeo-presenta-nuevo-logo-y-cinturon\/","url":"https:\/\/esbozodeportivo.com\/index.php\/2025\/01\/28\/consejo-mundial-de-boxeo-presenta-nuevo-logo-y-cinturon\/","name":"Consejo Mundial de Boxeo presenta nuevo logo y cintur\u00f3n - Esbozo Deportivo","isPartOf":{"@id":"https:\/\/esbozodeportivo.com\/#website"},"primaryImageOfPage":{"@id":"https:\/\/esbozodeportivo.com\/index.php\/2025\/01\/28\/consejo-mundial-de-boxeo-presenta-nuevo-logo-y-cinturon\/#primaryimage"},"image":{"@id":"https:\/\/esbozodeportivo.com\/index.php\/2025\/01\/28\/consejo-mundial-de-boxeo-presenta-nuevo-logo-y-cinturon\/#primaryimage"},"thumbnailUrl":"https:\/\/esbozodeportivo.com\/wp-content\/uploads\/2025\/01\/DSC02695-scaled.jpg","datePublished":"2025-01-28T01:00:40+00:00","dateModified":"2025-01-28T01:00:41+00:00","breadcrumb":{"@id":"https:\/\/esbozodeportivo.com\/index.php\/2025\/01\/28\/consejo-mundial-de-boxeo-presenta-nuevo-logo-y-cinturon\/#breadcrumb"},"inLanguage":"es","potentialAction":[{"@type":"ReadAction","target":["https:\/\/esbozodeportivo.com\/index.php\/2025\/01\/28\/consejo-mundial-de-boxeo-presenta-nuevo-logo-y-cinturon\/"]}]},{"@type":"ImageObject","inLanguage":"es","@id":"https:\/\/esbozodeportivo.com\/index.php\/2025\/01\/28\/consejo-mundial-de-boxeo-presenta-nuevo-logo-y-cinturon\/#primaryimage","url":"https:\/\/esbozodeportivo.com\/wp-content\/uploads\/2025\/01\/DSC02695-scaled.jpg","contentUrl":"https:\/\/esbozodeportivo.com\/wp-content\/uploads\/2025\/01\/DSC02695-scaled.jpg","width":2560,"height":1438},{"@type":"BreadcrumbList","@id":"https:\/\/esbozodeportivo.com\/index.php\/2025\/01\/28\/consejo-mundial-de-boxeo-presenta-nuevo-logo-y-cinturon\/#breadcrumb","itemListElement":[{"@type":"ListItem","position":1,"name":"Inicio","item":"https:\/\/esbozodeportivo.com\/"},{"@type":"ListItem","position":2,"name":"Consejo Mundial de Boxeo presenta nuevo logo y cintur\u00f3n"}]},{"@type":"WebSite","@id":"https:\/\/esbozodeportivo.com\/#website","url":"https:\/\/esbozodeportivo.com\/","name":"Esbozo Deportivo","description":"Lo m\u00e1s importante del Deporte","publisher":{"@id":"https:\/\/esbozodeportivo.com\/#organization"},"potentialAction":[{"@type":"SearchAction","target":{"@type":"EntryPoint","urlTemplate":"https:\/\/esbozodeportivo.com\/?s={search_term_string}"},"query-input":{"@type":"PropertyValueSpecification","valueRequired":true,"valueName":"search_term_string"}}],"inLanguage":"es"},{"@type":"Organization","@id":"https:\/\/esbozodeportivo.com\/#organization","name":"Esbozo Deportivo","url":"https:\/\/esbozodeportivo.com\/","logo":{"@type":"ImageObject","inLanguage":"es","@id":"https:\/\/esbozodeportivo.com\/#\/schema\/logo\/image\/","url":"https:\/\/esbozodeportivo.com\/wp-content\/uploads\/2022\/08\/cropped-Logo-Esbozo-Web-2.png","contentUrl":"https:\/\/esbozodeportivo.com\/wp-content\/uploads\/2022\/08\/cropped-Logo-Esbozo-Web-2.png","width":180,"height":50,"caption":"Esbozo Deportivo"},"image":{"@id":"https:\/\/esbozodeportivo.com\/#\/schema\/logo\/image\/"}},{"@type":"Person","@id":"https:\/\/esbozodeportivo.com\/#\/schema\/person\/7277119c98823aec37bbb84e125efd44","name":"Javier De La Cruz","image":{"@type":"ImageObject","inLanguage":"es","@id":"https:\/\/esbozodeportivo.com\/#\/schema\/person\/image\/","url":"https:\/\/secure.gravatar.com\/avatar\/366235a56d20f1a6e8e3d0b295897639357bea880470ddf261d17bb0bc052eb1?s=96&d=mm&r=g","contentUrl":"https:\/\/secure.gravatar.com\/avatar\/366235a56d20f1a6e8e3d0b295897639357bea880470ddf261d17bb0bc052eb1?s=96&d=mm&r=g","caption":"Javier De La Cruz"},"url":"https:\/\/esbozodeportivo.com\/index.php\/author\/javier-de-la-cruz-de-la-cruz\/"}]}},"jetpack_featured_media_url":"https:\/\/esbozodeportivo.com\/wp-content\/uploads\/2025\/01\/DSC02695-scaled.jpg","jetpack_sharing_enabled":true,"_links":{"self":[{"href":"https:\/\/esbozodeportivo.com\/index.php\/wp-json\/wp\/v2\/posts\/5487","targetHints":{"allow":["GET"]}}],"collection":[{"href":"https:\/\/esbozodeportivo.com\/index.php\/wp-json\/wp\/v2\/posts"}],"about":[{"href":"https:\/\/esbozodeportivo.com\/index.php\/wp-json\/wp\/v2\/types\/post"}],"author":[{"embeddable":true,"href":"https:\/\/esbozodeportivo.com\/index.php\/wp-json\/wp\/v2\/users\/2"}],"replies":[{"embeddable":true,"href":"https:\/\/esbozodeportivo.com\/index.php\/wp-json\/wp\/v2\/comments?post=5487"}],"version-history":[{"count":1,"href":"https:\/\/esbozodeportivo.com\/index.php\/wp-json\/wp\/v2\/posts\/5487\/revisions"}],"predecessor-version":[{"id":5493,"href":"https:\/\/esbozodeportivo.com\/index.php\/wp-json\/wp\/v2\/posts\/5487\/revisions\/5493"}],"wp:featuredmedia":[{"embeddable":true,"href":"https:\/\/esbozodeportivo.com\/index.php\/wp-json\/wp\/v2\/media\/5488"}],"wp:attachment":[{"href":"https:\/\/esbozodeportivo.com\/index.php\/wp-json\/wp\/v2\/media?parent=5487"}],"wp:term":[{"taxonomy":"category","embeddable":true,"href":"https:\/\/esbozodeportivo.com\/index.php\/wp-json\/wp\/v2\/categories?post=5487"},{"taxonomy":"post_tag","embeddable":true,"href":"https:\/\/esbozodeportivo.com\/index.php\/wp-json\/wp\/v2\/tags?post=5487"}],"curies":[{"name":"wp","href":"https:\/\/api.w.org\/{rel}","templated":true}]}}