{"id":5494,"date":"2025-01-28T04:18:06","date_gmt":"2025-01-28T04:18:06","guid":{"rendered":"https:\/\/esbozodeportivo.com\/?p=5494"},"modified":"2025-01-28T04:18:06","modified_gmt":"2025-01-28T04:18:06","slug":"cruz-azul-no-respeto-las-reglas","status":"publish","type":"post","link":"https:\/\/esbozodeportivo.com\/index.php\/2025\/01\/28\/cruz-azul-no-respeto-las-reglas\/","title":{"rendered":"Cruz Azul no respet\u00f3 las reglas"},"content":{"rendered":"\n<p>(Foto: Agencias) <\/p>\n\n\n\n<p>El <strong>FC Porto<\/strong> present\u00f3 el lunes al argentino <strong>Mart\u00edn Anselmi<\/strong> como su nuevo entrenador, con la tarea inmediata de llevar al bicampe\u00f3n europeo a la fase de eliminaci\u00f3n directa de la <strong>Liga Europa<\/strong>.<\/p>\n\n\n\n<p><strong>Anselmi<\/strong>, de 39 a\u00f1os, firm\u00f3 un contrato hasta junio de 2027. Fue presentado en una conferencia de prensa por el presidente del <strong>FC Porto<\/strong>, <strong>Andr\u00e9 Villas-Boas<\/strong>, y critic\u00f3 a los dirigentes de su anterior club, el <a href=\"https:\/\/cfcruzazul.com\/\"><strong>Cruz Azul<\/strong><\/a> de M\u00e9xico, al asegurar que no cumplieron un acuerdo para liberarlo.<\/p>\n\n\n\n<p>\u201cMe hicieron una promesa en la que me dejar\u00edan salir, negociaron, llegaron a un acuerdo y aceptaron una propuesta del <strong>Porto<\/strong>. Sin embargo, cuando todo estaba listo para su formalizaci\u00f3n, cambiaron las reglas del juego\u201d, dijo <strong>Anselmi<\/strong>.<\/p>\n\n\n\n<p><strong>Anselmi<\/strong> lleg\u00f3 a <strong>Cruz Azul<\/strong> con un contrato por dos a\u00f1os que fue extendido en abril de 2024 pasado hasta el 30 de junio de 2027. En ese acuerdo existe una cl\u00e1usula de salida cuyos montos difieren dependiendo del club o selecci\u00f3n nacional que pretendiera firmarlo.<\/p>\n\n\n\n<p>\u201cNada de lo que se ha dicho estos d\u00edas refleja la realidad, no compren lo que le est\u00e1n vendiendo\u201d, respondi\u00f3 <strong>Anselm<\/strong>i el lunes. \u201cSaben c\u00f3mo operan. Tom\u00e9 una decisi\u00f3n, la cual consider\u00f3 la mejor para m\u00ed y para mi crecimiento laboral, la asumo y me hago cargo, fui yo y la tom\u00e9. Lo hice de frente y con total transparencia hacia el club y sus dirigentes\u201d.<\/p>\n\n\n\n<p><strong>Mart\u00edn<\/strong> tambi\u00e9n preparar\u00e1 al <strong>Porto<\/strong> para la <strong>Copa Mundial de Clubes<\/strong> al final de temporada en <strong>Estados Unidos<\/strong>, donde quedaron en un grupo con el <strong>Inter Miami<\/strong> de <strong>Lionel Messi<\/strong>.<\/p>\n\n\n\n<p>El <strong>Porto<\/strong> se ubica 25to dentro de la clasificaci\u00f3n de 36 equipos de la Liga Europa antes de su partido contra <strong>Maccabi Tel Aviv<\/strong> el jueves. El conjunto luso necesita al menos un empate para subir a los primeros 24 y obtener un lugar en la fase de playoffs.<\/p>\n\n\n\n<p>La contrataci\u00f3n de <strong>Anselmi<\/strong> se precipit\u00f3 tras la decisi\u00f3n de despedir la semana pasada a su antecesor <strong>V\u00edtor Bruno<\/strong>, dejando al equipo en el tercer lugar de la liga portuguesa.<\/p>\n","protected":false},"excerpt":{"rendered":"<p>(Foto: Agencias) El FC Porto present\u00f3 el lunes al argentino Mart\u00edn Anselmi como su nuevo<\/p>\n","protected":false},"author":2,"featured_media":5495,"comment_status":"closed","ping_status":"open","sticky":false,"template":"","format":"standard","meta":{"_jetpack_memberships_contains_paid_content":false,"footnotes":""},"categories":[20],"tags":[],"class_list":["post-5494","post","type-post","status-publish","format-standard","has-post-thumbnail","hentry","category-liga"],"yoast_head":"<!-- This site is optimized with the Yoast SEO plugin v25.7 - https:\/\/yoast.com\/wordpress\/plugins\/seo\/ -->\n<title>Cruz Azul no respet\u00f3 las reglas - Esbozo Deportivo<\/title>\n<meta name=\"description\" content=\"El FC Porto present\u00f3 el lunes al argentino Mart\u00edn Anselmi como su nuevo entrenador, con la tarea inmediata de llevar al bicampe\u00f3n europeo a la fase de eliminaci\u00f3n directa de la Liga Europa.\" \/>\n<meta name=\"robots\" content=\"index, follow, max-snippet:-1, max-image-preview:large, max-video-preview:-1\" \/>\n<link rel=\"canonical\" href=\"https:\/\/esbozodeportivo.com\/index.php\/2025\/01\/28\/cruz-azul-no-respeto-las-reglas\/\" \/>\n<meta property=\"og:locale\" content=\"es_MX\" \/>\n<meta property=\"og:type\" content=\"article\" \/>\n<meta property=\"og:title\" content=\"Cruz Azul no respet\u00f3 las reglas - Esbozo Deportivo\" \/>\n<meta property=\"og:description\" content=\"El FC Porto present\u00f3 el lunes al argentino Mart\u00edn Anselmi como su nuevo entrenador, con la tarea inmediata de llevar al bicampe\u00f3n europeo a la fase de eliminaci\u00f3n directa de la Liga Europa.\" \/>\n<meta property=\"og:url\" content=\"https:\/\/esbozodeportivo.com\/index.php\/2025\/01\/28\/cruz-azul-no-respeto-las-reglas\/\" \/>\n<meta property=\"og:site_name\" content=\"Esbozo Deportivo\" \/>\n<meta property=\"article:published_time\" content=\"2025-01-28T04:18:06+00:00\" \/>\n<meta property=\"og:image\" content=\"https:\/\/esbozodeportivo.com\/wp-content\/uploads\/2025\/01\/Martin.jpg\" \/>\n\t<meta property=\"og:image:width\" content=\"1600\" \/>\n\t<meta property=\"og:image:height\" content=\"1066\" \/>\n\t<meta property=\"og:image:type\" content=\"image\/jpeg\" \/>\n<meta name=\"author\" content=\"Javier De La Cruz\" \/>\n<meta name=\"twitter:card\" content=\"summary_large_image\" \/>\n<meta name=\"twitter:label1\" content=\"Escrito por\" \/>\n\t<meta name=\"twitter:data1\" content=\"Javier De La Cruz\" \/>\n\t<meta name=\"twitter:label2\" content=\"Tiempo de lectura\" \/>\n\t<meta name=\"twitter:data2\" content=\"2 minutos\" \/>\n<script type=\"application\/ld+json\" class=\"yoast-schema-graph\">{\"@context\":\"https:\/\/schema.org\",\"@graph\":[{\"@type\":\"Article\",\"@id\":\"https:\/\/esbozodeportivo.com\/index.php\/2025\/01\/28\/cruz-azul-no-respeto-las-reglas\/#article\",\"isPartOf\":{\"@id\":\"https:\/\/esbozodeportivo.com\/index.php\/2025\/01\/28\/cruz-azul-no-respeto-las-reglas\/\"},\"author\":{\"name\":\"Javier De La Cruz\",\"@id\":\"https:\/\/esbozodeportivo.com\/#\/schema\/person\/7277119c98823aec37bbb84e125efd44\"},\"headline\":\"Cruz Azul no respet\u00f3 las reglas\",\"datePublished\":\"2025-01-28T04:18:06+00:00\",\"mainEntityOfPage\":{\"@id\":\"https:\/\/esbozodeportivo.com\/index.php\/2025\/01\/28\/cruz-azul-no-respeto-las-reglas\/\"},\"wordCount\":361,\"publisher\":{\"@id\":\"https:\/\/esbozodeportivo.com\/#organization\"},\"image\":{\"@id\":\"https:\/\/esbozodeportivo.com\/index.php\/2025\/01\/28\/cruz-azul-no-respeto-las-reglas\/#primaryimage\"},\"thumbnailUrl\":\"https:\/\/esbozodeportivo.com\/wp-content\/uploads\/2025\/01\/Martin.jpg\",\"articleSection\":[\"Liga MX\"],\"inLanguage\":\"es\"},{\"@type\":\"WebPage\",\"@id\":\"https:\/\/esbozodeportivo.com\/index.php\/2025\/01\/28\/cruz-azul-no-respeto-las-reglas\/\",\"url\":\"https:\/\/esbozodeportivo.com\/index.php\/2025\/01\/28\/cruz-azul-no-respeto-las-reglas\/\",\"name\":\"Cruz Azul no respet\u00f3 las reglas - Esbozo Deportivo\",\"isPartOf\":{\"@id\":\"https:\/\/esbozodeportivo.com\/#website\"},\"primaryImageOfPage\":{\"@id\":\"https:\/\/esbozodeportivo.com\/index.php\/2025\/01\/28\/cruz-azul-no-respeto-las-reglas\/#primaryimage\"},\"image\":{\"@id\":\"https:\/\/esbozodeportivo.com\/index.php\/2025\/01\/28\/cruz-azul-no-respeto-las-reglas\/#primaryimage\"},\"thumbnailUrl\":\"https:\/\/esbozodeportivo.com\/wp-content\/uploads\/2025\/01\/Martin.jpg\",\"datePublished\":\"2025-01-28T04:18:06+00:00\",\"description\":\"El FC Porto present\u00f3 el lunes al argentino Mart\u00edn Anselmi como su nuevo entrenador, con la tarea inmediata de llevar al bicampe\u00f3n europeo a la fase de eliminaci\u00f3n directa de la Liga Europa.\",\"breadcrumb\":{\"@id\":\"https:\/\/esbozodeportivo.com\/index.php\/2025\/01\/28\/cruz-azul-no-respeto-las-reglas\/#breadcrumb\"},\"inLanguage\":\"es\",\"potentialAction\":[{\"@type\":\"ReadAction\",\"target\":[\"https:\/\/esbozodeportivo.com\/index.php\/2025\/01\/28\/cruz-azul-no-respeto-las-reglas\/\"]}]},{\"@type\":\"ImageObject\",\"inLanguage\":\"es\",\"@id\":\"https:\/\/esbozodeportivo.com\/index.php\/2025\/01\/28\/cruz-azul-no-respeto-las-reglas\/#primaryimage\",\"url\":\"https:\/\/esbozodeportivo.com\/wp-content\/uploads\/2025\/01\/Martin.jpg\",\"contentUrl\":\"https:\/\/esbozodeportivo.com\/wp-content\/uploads\/2025\/01\/Martin.jpg\",\"width\":1600,\"height\":1066},{\"@type\":\"BreadcrumbList\",\"@id\":\"https:\/\/esbozodeportivo.com\/index.php\/2025\/01\/28\/cruz-azul-no-respeto-las-reglas\/#breadcrumb\",\"itemListElement\":[{\"@type\":\"ListItem\",\"position\":1,\"name\":\"Inicio\",\"item\":\"https:\/\/esbozodeportivo.com\/\"},{\"@type\":\"ListItem\",\"position\":2,\"name\":\"Cruz Azul no respet\u00f3 las reglas\"}]},{\"@type\":\"WebSite\",\"@id\":\"https:\/\/esbozodeportivo.com\/#website\",\"url\":\"https:\/\/esbozodeportivo.com\/\",\"name\":\"Esbozo Deportivo\",\"description\":\"Lo m\u00e1s importante del Deporte\",\"publisher\":{\"@id\":\"https:\/\/esbozodeportivo.com\/#organization\"},\"potentialAction\":[{\"@type\":\"SearchAction\",\"target\":{\"@type\":\"EntryPoint\",\"urlTemplate\":\"https:\/\/esbozodeportivo.com\/?s={search_term_string}\"},\"query-input\":{\"@type\":\"PropertyValueSpecification\",\"valueRequired\":true,\"valueName\":\"search_term_string\"}}],\"inLanguage\":\"es\"},{\"@type\":\"Organization\",\"@id\":\"https:\/\/esbozodeportivo.com\/#organization\",\"name\":\"Esbozo Deportivo\",\"url\":\"https:\/\/esbozodeportivo.com\/\",\"logo\":{\"@type\":\"ImageObject\",\"inLanguage\":\"es\",\"@id\":\"https:\/\/esbozodeportivo.com\/#\/schema\/logo\/image\/\",\"url\":\"https:\/\/esbozodeportivo.com\/wp-content\/uploads\/2022\/08\/cropped-Logo-Esbozo-Web-2.png\",\"contentUrl\":\"https:\/\/esbozodeportivo.com\/wp-content\/uploads\/2022\/08\/cropped-Logo-Esbozo-Web-2.png\",\"width\":180,\"height\":50,\"caption\":\"Esbozo Deportivo\"},\"image\":{\"@id\":\"https:\/\/esbozodeportivo.com\/#\/schema\/logo\/image\/\"}},{\"@type\":\"Person\",\"@id\":\"https:\/\/esbozodeportivo.com\/#\/schema\/person\/7277119c98823aec37bbb84e125efd44\",\"name\":\"Javier De La Cruz\",\"image\":{\"@type\":\"ImageObject\",\"inLanguage\":\"es\",\"@id\":\"https:\/\/esbozodeportivo.com\/#\/schema\/person\/image\/\",\"url\":\"https:\/\/secure.gravatar.com\/avatar\/366235a56d20f1a6e8e3d0b295897639357bea880470ddf261d17bb0bc052eb1?s=96&d=mm&r=g\",\"contentUrl\":\"https:\/\/secure.gravatar.com\/avatar\/366235a56d20f1a6e8e3d0b295897639357bea880470ddf261d17bb0bc052eb1?s=96&d=mm&r=g\",\"caption\":\"Javier De La Cruz\"},\"url\":\"https:\/\/esbozodeportivo.com\/index.php\/author\/javier-de-la-cruz-de-la-cruz\/\"}]}<\/script>\n<!-- \/ Yoast SEO plugin. -->","yoast_head_json":{"title":"Cruz Azul no respet\u00f3 las reglas - Esbozo Deportivo","description":"El FC Porto present\u00f3 el lunes al argentino Mart\u00edn Anselmi como su nuevo entrenador, con la tarea inmediata de llevar al bicampe\u00f3n europeo a la fase de eliminaci\u00f3n directa de la Liga Europa.","robots":{"index":"index","follow":"follow","max-snippet":"max-snippet:-1","max-image-preview":"max-image-preview:large","max-video-preview":"max-video-preview:-1"},"canonical":"https:\/\/esbozodeportivo.com\/index.php\/2025\/01\/28\/cruz-azul-no-respeto-las-reglas\/","og_locale":"es_MX","og_type":"article","og_title":"Cruz Azul no respet\u00f3 las reglas - Esbozo Deportivo","og_description":"El FC Porto present\u00f3 el lunes al argentino Mart\u00edn Anselmi como su nuevo entrenador, con la tarea inmediata de llevar al bicampe\u00f3n europeo a la fase de eliminaci\u00f3n directa de la Liga Europa.","og_url":"https:\/\/esbozodeportivo.com\/index.php\/2025\/01\/28\/cruz-azul-no-respeto-las-reglas\/","og_site_name":"Esbozo Deportivo","article_published_time":"2025-01-28T04:18:06+00:00","og_image":[{"width":1600,"height":1066,"url":"https:\/\/esbozodeportivo.com\/wp-content\/uploads\/2025\/01\/Martin.jpg","type":"image\/jpeg"}],"author":"Javier De La Cruz","twitter_card":"summary_large_image","twitter_misc":{"Escrito por":"Javier De La Cruz","Tiempo de lectura":"2 minutos"},"schema":{"@context":"https:\/\/schema.org","@graph":[{"@type":"Article","@id":"https:\/\/esbozodeportivo.com\/index.php\/2025\/01\/28\/cruz-azul-no-respeto-las-reglas\/#article","isPartOf":{"@id":"https:\/\/esbozodeportivo.com\/index.php\/2025\/01\/28\/cruz-azul-no-respeto-las-reglas\/"},"author":{"name":"Javier De La Cruz","@id":"https:\/\/esbozodeportivo.com\/#\/schema\/person\/7277119c98823aec37bbb84e125efd44"},"headline":"Cruz Azul no respet\u00f3 las reglas","datePublished":"2025-01-28T04:18:06+00:00","mainEntityOfPage":{"@id":"https:\/\/esbozodeportivo.com\/index.php\/2025\/01\/28\/cruz-azul-no-respeto-las-reglas\/"},"wordCount":361,"publisher":{"@id":"https:\/\/esbozodeportivo.com\/#organization"},"image":{"@id":"https:\/\/esbozodeportivo.com\/index.php\/2025\/01\/28\/cruz-azul-no-respeto-las-reglas\/#primaryimage"},"thumbnailUrl":"https:\/\/esbozodeportivo.com\/wp-content\/uploads\/2025\/01\/Martin.jpg","articleSection":["Liga MX"],"inLanguage":"es"},{"@type":"WebPage","@id":"https:\/\/esbozodeportivo.com\/index.php\/2025\/01\/28\/cruz-azul-no-respeto-las-reglas\/","url":"https:\/\/esbozodeportivo.com\/index.php\/2025\/01\/28\/cruz-azul-no-respeto-las-reglas\/","name":"Cruz Azul no respet\u00f3 las reglas - Esbozo Deportivo","isPartOf":{"@id":"https:\/\/esbozodeportivo.com\/#website"},"primaryImageOfPage":{"@id":"https:\/\/esbozodeportivo.com\/index.php\/2025\/01\/28\/cruz-azul-no-respeto-las-reglas\/#primaryimage"},"image":{"@id":"https:\/\/esbozodeportivo.com\/index.php\/2025\/01\/28\/cruz-azul-no-respeto-las-reglas\/#primaryimage"},"thumbnailUrl":"https:\/\/esbozodeportivo.com\/wp-content\/uploads\/2025\/01\/Martin.jpg","datePublished":"2025-01-28T04:18:06+00:00","description":"El FC Porto present\u00f3 el lunes al argentino Mart\u00edn Anselmi como su nuevo entrenador, con la tarea inmediata de llevar al bicampe\u00f3n europeo a la fase de eliminaci\u00f3n directa de la Liga Europa.","breadcrumb":{"@id":"https:\/\/esbozodeportivo.com\/index.php\/2025\/01\/28\/cruz-azul-no-respeto-las-reglas\/#breadcrumb"},"inLanguage":"es","potentialAction":[{"@type":"ReadAction","target":["https:\/\/esbozodeportivo.com\/index.php\/2025\/01\/28\/cruz-azul-no-respeto-las-reglas\/"]}]},{"@type":"ImageObject","inLanguage":"es","@id":"https:\/\/esbozodeportivo.com\/index.php\/2025\/01\/28\/cruz-azul-no-respeto-las-reglas\/#primaryimage","url":"https:\/\/esbozodeportivo.com\/wp-content\/uploads\/2025\/01\/Martin.jpg","contentUrl":"https:\/\/esbozodeportivo.com\/wp-content\/uploads\/2025\/01\/Martin.jpg","width":1600,"height":1066},{"@type":"BreadcrumbList","@id":"https:\/\/esbozodeportivo.com\/index.php\/2025\/01\/28\/cruz-azul-no-respeto-las-reglas\/#breadcrumb","itemListElement":[{"@type":"ListItem","position":1,"name":"Inicio","item":"https:\/\/esbozodeportivo.com\/"},{"@type":"ListItem","position":2,"name":"Cruz Azul no respet\u00f3 las reglas"}]},{"@type":"WebSite","@id":"https:\/\/esbozodeportivo.com\/#website","url":"https:\/\/esbozodeportivo.com\/","name":"Esbozo Deportivo","description":"Lo m\u00e1s importante del Deporte","publisher":{"@id":"https:\/\/esbozodeportivo.com\/#organization"},"potentialAction":[{"@type":"SearchAction","target":{"@type":"EntryPoint","urlTemplate":"https:\/\/esbozodeportivo.com\/?s={search_term_string}"},"query-input":{"@type":"PropertyValueSpecification","valueRequired":true,"valueName":"search_term_string"}}],"inLanguage":"es"},{"@type":"Organization","@id":"https:\/\/esbozodeportivo.com\/#organization","name":"Esbozo Deportivo","url":"https:\/\/esbozodeportivo.com\/","logo":{"@type":"ImageObject","inLanguage":"es","@id":"https:\/\/esbozodeportivo.com\/#\/schema\/logo\/image\/","url":"https:\/\/esbozodeportivo.com\/wp-content\/uploads\/2022\/08\/cropped-Logo-Esbozo-Web-2.png","contentUrl":"https:\/\/esbozodeportivo.com\/wp-content\/uploads\/2022\/08\/cropped-Logo-Esbozo-Web-2.png","width":180,"height":50,"caption":"Esbozo Deportivo"},"image":{"@id":"https:\/\/esbozodeportivo.com\/#\/schema\/logo\/image\/"}},{"@type":"Person","@id":"https:\/\/esbozodeportivo.com\/#\/schema\/person\/7277119c98823aec37bbb84e125efd44","name":"Javier De La Cruz","image":{"@type":"ImageObject","inLanguage":"es","@id":"https:\/\/esbozodeportivo.com\/#\/schema\/person\/image\/","url":"https:\/\/secure.gravatar.com\/avatar\/366235a56d20f1a6e8e3d0b295897639357bea880470ddf261d17bb0bc052eb1?s=96&d=mm&r=g","contentUrl":"https:\/\/secure.gravatar.com\/avatar\/366235a56d20f1a6e8e3d0b295897639357bea880470ddf261d17bb0bc052eb1?s=96&d=mm&r=g","caption":"Javier De La Cruz"},"url":"https:\/\/esbozodeportivo.com\/index.php\/author\/javier-de-la-cruz-de-la-cruz\/"}]}},"jetpack_featured_media_url":"https:\/\/esbozodeportivo.com\/wp-content\/uploads\/2025\/01\/Martin.jpg","jetpack_sharing_enabled":true,"_links":{"self":[{"href":"https:\/\/esbozodeportivo.com\/index.php\/wp-json\/wp\/v2\/posts\/5494","targetHints":{"allow":["GET"]}}],"collection":[{"href":"https:\/\/esbozodeportivo.com\/index.php\/wp-json\/wp\/v2\/posts"}],"about":[{"href":"https:\/\/esbozodeportivo.com\/index.php\/wp-json\/wp\/v2\/types\/post"}],"author":[{"embeddable":true,"href":"https:\/\/esbozodeportivo.com\/index.php\/wp-json\/wp\/v2\/users\/2"}],"replies":[{"embeddable":true,"href":"https:\/\/esbozodeportivo.com\/index.php\/wp-json\/wp\/v2\/comments?post=5494"}],"version-history":[{"count":1,"href":"https:\/\/esbozodeportivo.com\/index.php\/wp-json\/wp\/v2\/posts\/5494\/revisions"}],"predecessor-version":[{"id":5496,"href":"https:\/\/esbozodeportivo.com\/index.php\/wp-json\/wp\/v2\/posts\/5494\/revisions\/5496"}],"wp:featuredmedia":[{"embeddable":true,"href":"https:\/\/esbozodeportivo.com\/index.php\/wp-json\/wp\/v2\/media\/5495"}],"wp:attachment":[{"href":"https:\/\/esbozodeportivo.com\/index.php\/wp-json\/wp\/v2\/media?parent=5494"}],"wp:term":[{"taxonomy":"category","embeddable":true,"href":"https:\/\/esbozodeportivo.com\/index.php\/wp-json\/wp\/v2\/categories?post=5494"},{"taxonomy":"post_tag","embeddable":true,"href":"https:\/\/esbozodeportivo.com\/index.php\/wp-json\/wp\/v2\/tags?post=5494"}],"curies":[{"name":"wp","href":"https:\/\/api.w.org\/{rel}","templated":true}]}}