{"id":5549,"date":"2025-01-30T06:18:10","date_gmt":"2025-01-30T06:18:10","guid":{"rendered":"https:\/\/esbozodeportivo.com\/?p=5549"},"modified":"2025-01-30T06:22:35","modified_gmt":"2025-01-30T06:22:35","slug":"lautaro-es-el-maximo-goleador-del-inter-en-champions","status":"publish","type":"post","link":"https:\/\/esbozodeportivo.com\/index.php\/2025\/01\/30\/lautaro-es-el-maximo-goleador-del-inter-en-champions\/","title":{"rendered":"Lautaro es el m\u00e1ximo goleador del Inter en Champions"},"content":{"rendered":"\n<p>(Foto: Agencias) <\/p>\n\n\n\n<p><strong>Lautaro Mart\u00ednez<\/strong> se convirti\u00f3 en el m\u00e1ximo goleador del <strong>Inter de Mil\u00e1n<\/strong> en la competici\u00f3n europea de \u00e9lite el mi\u00e9rcoles, al conseguir un triplete contra el M\u00f3naco, que jugaba con 10 hombres, en la <strong>Liga de Campeones<\/strong>.<\/p>\n\n\n\n<p>Los tres tantos del argentino lo llevaron a alcanzar 18 en la <strong>Liga de Campeones<\/strong>, uno m\u00e1s que el ex delantero del <strong>Inter<\/strong> y de la selecci\u00f3n de Italia, <strong>Sandro Mazzola<\/strong>, quien consigui\u00f3 sus anotaciones en la antigua <strong>Copa de Europa<\/strong> en los a\u00f1os 1960 y 70.<\/p>\n\n\n\n<p>El capit\u00e1n del Inter recibi\u00f3 una ovaci\u00f3n de pie por parte de la multitud en el <strong>San Siro<\/strong> a los 76 minutos, cuando fue sustituido. Sus goles aseguraron una victoria de 3-0 y un lugar en los octavos de final del renovado torneo.<\/p>\n\n\n\n<p>\u201cEstoy realmente orgulloso porque estoy batiendo r\u00e9cords pero como siempre digo, lo importante es que el Inter gane, estoy aqu\u00ed para ayudar al equipo, para hacer felices a todos estos hinchas\u201d, dijo <strong>Lautaro<\/strong>. \u201cEstoy realmente orgulloso de todo lo que estoy haciendo\u201d.<\/p>\n","protected":false},"excerpt":{"rendered":"<p>(Foto: Agencias) Lautaro Mart\u00ednez se convirti\u00f3 en el m\u00e1ximo goleador del Inter de Mil\u00e1n en<\/p>\n","protected":false},"author":2,"featured_media":5551,"comment_status":"closed","ping_status":"open","sticky":false,"template":"","format":"standard","meta":{"_jetpack_memberships_contains_paid_content":false,"footnotes":""},"categories":[24],"tags":[],"class_list":["post-5549","post","type-post","status-publish","format-standard","has-post-thumbnail","hentry","category-futbol-2"],"yoast_head":"<!-- This site is optimized with the Yoast SEO plugin v25.7 - https:\/\/yoast.com\/wordpress\/plugins\/seo\/ -->\n<title>Lautaro es el m\u00e1ximo goleador del Inter en Champions - Esbozo Deportivo<\/title>\n<meta name=\"description\" content=\"Lautaro Mart\u00ednez se convirti\u00f3 en el m\u00e1ximo goleador del Inter de Mil\u00e1n en la competici\u00f3n europea de \u00e9lite el mi\u00e9rcoles, al conseguir un triplete contra el M\u00f3naco, que jugaba con 10 hombres, en la Liga de Campeones.\" \/>\n<meta name=\"robots\" content=\"index, follow, max-snippet:-1, max-image-preview:large, max-video-preview:-1\" \/>\n<link rel=\"canonical\" href=\"https:\/\/esbozodeportivo.com\/index.php\/2025\/01\/30\/lautaro-es-el-maximo-goleador-del-inter-en-champions\/\" \/>\n<meta property=\"og:locale\" content=\"es_MX\" \/>\n<meta property=\"og:type\" content=\"article\" \/>\n<meta property=\"og:title\" content=\"Lautaro es el m\u00e1ximo goleador del Inter en Champions - Esbozo Deportivo\" \/>\n<meta property=\"og:description\" content=\"Lautaro Mart\u00ednez se convirti\u00f3 en el m\u00e1ximo goleador del Inter de Mil\u00e1n en la competici\u00f3n europea de \u00e9lite el mi\u00e9rcoles, al conseguir un triplete contra el M\u00f3naco, que jugaba con 10 hombres, en la Liga de Campeones.\" \/>\n<meta property=\"og:url\" content=\"https:\/\/esbozodeportivo.com\/index.php\/2025\/01\/30\/lautaro-es-el-maximo-goleador-del-inter-en-champions\/\" \/>\n<meta property=\"og:site_name\" content=\"Esbozo Deportivo\" \/>\n<meta property=\"article:published_time\" content=\"2025-01-30T06:18:10+00:00\" \/>\n<meta property=\"article:modified_time\" content=\"2025-01-30T06:22:35+00:00\" \/>\n<meta property=\"og:image\" content=\"https:\/\/esbozodeportivo.com\/wp-content\/uploads\/2025\/01\/Inter-de-Milan.jpg\" \/>\n\t<meta property=\"og:image:width\" content=\"980\" \/>\n\t<meta property=\"og:image:height\" content=\"653\" \/>\n\t<meta property=\"og:image:type\" content=\"image\/jpeg\" \/>\n<meta name=\"author\" content=\"Javier De La Cruz\" \/>\n<meta name=\"twitter:card\" content=\"summary_large_image\" \/>\n<meta name=\"twitter:label1\" content=\"Escrito por\" \/>\n\t<meta name=\"twitter:data1\" content=\"Javier De La Cruz\" \/>\n\t<meta name=\"twitter:label2\" content=\"Tiempo de lectura\" \/>\n\t<meta name=\"twitter:data2\" content=\"1 minuto\" \/>\n<script type=\"application\/ld+json\" class=\"yoast-schema-graph\">{\"@context\":\"https:\/\/schema.org\",\"@graph\":[{\"@type\":\"Article\",\"@id\":\"https:\/\/esbozodeportivo.com\/index.php\/2025\/01\/30\/lautaro-es-el-maximo-goleador-del-inter-en-champions\/#article\",\"isPartOf\":{\"@id\":\"https:\/\/esbozodeportivo.com\/index.php\/2025\/01\/30\/lautaro-es-el-maximo-goleador-del-inter-en-champions\/\"},\"author\":{\"name\":\"Javier De La Cruz\",\"@id\":\"https:\/\/esbozodeportivo.com\/#\/schema\/person\/7277119c98823aec37bbb84e125efd44\"},\"headline\":\"Lautaro es el m\u00e1ximo goleador del Inter en Champions\",\"datePublished\":\"2025-01-30T06:18:10+00:00\",\"dateModified\":\"2025-01-30T06:22:35+00:00\",\"mainEntityOfPage\":{\"@id\":\"https:\/\/esbozodeportivo.com\/index.php\/2025\/01\/30\/lautaro-es-el-maximo-goleador-del-inter-en-champions\/\"},\"wordCount\":188,\"publisher\":{\"@id\":\"https:\/\/esbozodeportivo.com\/#organization\"},\"image\":{\"@id\":\"https:\/\/esbozodeportivo.com\/index.php\/2025\/01\/30\/lautaro-es-el-maximo-goleador-del-inter-en-champions\/#primaryimage\"},\"thumbnailUrl\":\"https:\/\/esbozodeportivo.com\/wp-content\/uploads\/2025\/01\/Inter-de-Milan.jpg\",\"articleSection\":[\"Champions League\"],\"inLanguage\":\"es\"},{\"@type\":\"WebPage\",\"@id\":\"https:\/\/esbozodeportivo.com\/index.php\/2025\/01\/30\/lautaro-es-el-maximo-goleador-del-inter-en-champions\/\",\"url\":\"https:\/\/esbozodeportivo.com\/index.php\/2025\/01\/30\/lautaro-es-el-maximo-goleador-del-inter-en-champions\/\",\"name\":\"Lautaro es el m\u00e1ximo goleador del Inter en Champions - Esbozo Deportivo\",\"isPartOf\":{\"@id\":\"https:\/\/esbozodeportivo.com\/#website\"},\"primaryImageOfPage\":{\"@id\":\"https:\/\/esbozodeportivo.com\/index.php\/2025\/01\/30\/lautaro-es-el-maximo-goleador-del-inter-en-champions\/#primaryimage\"},\"image\":{\"@id\":\"https:\/\/esbozodeportivo.com\/index.php\/2025\/01\/30\/lautaro-es-el-maximo-goleador-del-inter-en-champions\/#primaryimage\"},\"thumbnailUrl\":\"https:\/\/esbozodeportivo.com\/wp-content\/uploads\/2025\/01\/Inter-de-Milan.jpg\",\"datePublished\":\"2025-01-30T06:18:10+00:00\",\"dateModified\":\"2025-01-30T06:22:35+00:00\",\"description\":\"Lautaro Mart\u00ednez se convirti\u00f3 en el m\u00e1ximo goleador del Inter de Mil\u00e1n en la competici\u00f3n europea de \u00e9lite el mi\u00e9rcoles, al conseguir un triplete contra el M\u00f3naco, que jugaba con 10 hombres, en la Liga de Campeones.\",\"breadcrumb\":{\"@id\":\"https:\/\/esbozodeportivo.com\/index.php\/2025\/01\/30\/lautaro-es-el-maximo-goleador-del-inter-en-champions\/#breadcrumb\"},\"inLanguage\":\"es\",\"potentialAction\":[{\"@type\":\"ReadAction\",\"target\":[\"https:\/\/esbozodeportivo.com\/index.php\/2025\/01\/30\/lautaro-es-el-maximo-goleador-del-inter-en-champions\/\"]}]},{\"@type\":\"ImageObject\",\"inLanguage\":\"es\",\"@id\":\"https:\/\/esbozodeportivo.com\/index.php\/2025\/01\/30\/lautaro-es-el-maximo-goleador-del-inter-en-champions\/#primaryimage\",\"url\":\"https:\/\/esbozodeportivo.com\/wp-content\/uploads\/2025\/01\/Inter-de-Milan.jpg\",\"contentUrl\":\"https:\/\/esbozodeportivo.com\/wp-content\/uploads\/2025\/01\/Inter-de-Milan.jpg\",\"width\":980,\"height\":653},{\"@type\":\"BreadcrumbList\",\"@id\":\"https:\/\/esbozodeportivo.com\/index.php\/2025\/01\/30\/lautaro-es-el-maximo-goleador-del-inter-en-champions\/#breadcrumb\",\"itemListElement\":[{\"@type\":\"ListItem\",\"position\":1,\"name\":\"Inicio\",\"item\":\"https:\/\/esbozodeportivo.com\/\"},{\"@type\":\"ListItem\",\"position\":2,\"name\":\"Lautaro es el m\u00e1ximo goleador del Inter en Champions\"}]},{\"@type\":\"WebSite\",\"@id\":\"https:\/\/esbozodeportivo.com\/#website\",\"url\":\"https:\/\/esbozodeportivo.com\/\",\"name\":\"Esbozo Deportivo\",\"description\":\"Lo m\u00e1s importante del Deporte\",\"publisher\":{\"@id\":\"https:\/\/esbozodeportivo.com\/#organization\"},\"potentialAction\":[{\"@type\":\"SearchAction\",\"target\":{\"@type\":\"EntryPoint\",\"urlTemplate\":\"https:\/\/esbozodeportivo.com\/?s={search_term_string}\"},\"query-input\":{\"@type\":\"PropertyValueSpecification\",\"valueRequired\":true,\"valueName\":\"search_term_string\"}}],\"inLanguage\":\"es\"},{\"@type\":\"Organization\",\"@id\":\"https:\/\/esbozodeportivo.com\/#organization\",\"name\":\"Esbozo Deportivo\",\"url\":\"https:\/\/esbozodeportivo.com\/\",\"logo\":{\"@type\":\"ImageObject\",\"inLanguage\":\"es\",\"@id\":\"https:\/\/esbozodeportivo.com\/#\/schema\/logo\/image\/\",\"url\":\"https:\/\/esbozodeportivo.com\/wp-content\/uploads\/2022\/08\/cropped-Logo-Esbozo-Web-2.png\",\"contentUrl\":\"https:\/\/esbozodeportivo.com\/wp-content\/uploads\/2022\/08\/cropped-Logo-Esbozo-Web-2.png\",\"width\":180,\"height\":50,\"caption\":\"Esbozo Deportivo\"},\"image\":{\"@id\":\"https:\/\/esbozodeportivo.com\/#\/schema\/logo\/image\/\"}},{\"@type\":\"Person\",\"@id\":\"https:\/\/esbozodeportivo.com\/#\/schema\/person\/7277119c98823aec37bbb84e125efd44\",\"name\":\"Javier De La Cruz\",\"image\":{\"@type\":\"ImageObject\",\"inLanguage\":\"es\",\"@id\":\"https:\/\/esbozodeportivo.com\/#\/schema\/person\/image\/\",\"url\":\"https:\/\/secure.gravatar.com\/avatar\/366235a56d20f1a6e8e3d0b295897639357bea880470ddf261d17bb0bc052eb1?s=96&d=mm&r=g\",\"contentUrl\":\"https:\/\/secure.gravatar.com\/avatar\/366235a56d20f1a6e8e3d0b295897639357bea880470ddf261d17bb0bc052eb1?s=96&d=mm&r=g\",\"caption\":\"Javier De La Cruz\"},\"url\":\"https:\/\/esbozodeportivo.com\/index.php\/author\/javier-de-la-cruz-de-la-cruz\/\"}]}<\/script>\n<!-- \/ Yoast SEO plugin. -->","yoast_head_json":{"title":"Lautaro es el m\u00e1ximo goleador del Inter en Champions - Esbozo Deportivo","description":"Lautaro Mart\u00ednez se convirti\u00f3 en el m\u00e1ximo goleador del Inter de Mil\u00e1n en la competici\u00f3n europea de \u00e9lite el mi\u00e9rcoles, al conseguir un triplete contra el M\u00f3naco, que jugaba con 10 hombres, en la Liga de Campeones.","robots":{"index":"index","follow":"follow","max-snippet":"max-snippet:-1","max-image-preview":"max-image-preview:large","max-video-preview":"max-video-preview:-1"},"canonical":"https:\/\/esbozodeportivo.com\/index.php\/2025\/01\/30\/lautaro-es-el-maximo-goleador-del-inter-en-champions\/","og_locale":"es_MX","og_type":"article","og_title":"Lautaro es el m\u00e1ximo goleador del Inter en Champions - Esbozo Deportivo","og_description":"Lautaro Mart\u00ednez se convirti\u00f3 en el m\u00e1ximo goleador del Inter de Mil\u00e1n en la competici\u00f3n europea de \u00e9lite el mi\u00e9rcoles, al conseguir un triplete contra el M\u00f3naco, que jugaba con 10 hombres, en la Liga de Campeones.","og_url":"https:\/\/esbozodeportivo.com\/index.php\/2025\/01\/30\/lautaro-es-el-maximo-goleador-del-inter-en-champions\/","og_site_name":"Esbozo Deportivo","article_published_time":"2025-01-30T06:18:10+00:00","article_modified_time":"2025-01-30T06:22:35+00:00","og_image":[{"width":980,"height":653,"url":"https:\/\/esbozodeportivo.com\/wp-content\/uploads\/2025\/01\/Inter-de-Milan.jpg","type":"image\/jpeg"}],"author":"Javier De La Cruz","twitter_card":"summary_large_image","twitter_misc":{"Escrito por":"Javier De La Cruz","Tiempo de lectura":"1 minuto"},"schema":{"@context":"https:\/\/schema.org","@graph":[{"@type":"Article","@id":"https:\/\/esbozodeportivo.com\/index.php\/2025\/01\/30\/lautaro-es-el-maximo-goleador-del-inter-en-champions\/#article","isPartOf":{"@id":"https:\/\/esbozodeportivo.com\/index.php\/2025\/01\/30\/lautaro-es-el-maximo-goleador-del-inter-en-champions\/"},"author":{"name":"Javier De La Cruz","@id":"https:\/\/esbozodeportivo.com\/#\/schema\/person\/7277119c98823aec37bbb84e125efd44"},"headline":"Lautaro es el m\u00e1ximo goleador del Inter en Champions","datePublished":"2025-01-30T06:18:10+00:00","dateModified":"2025-01-30T06:22:35+00:00","mainEntityOfPage":{"@id":"https:\/\/esbozodeportivo.com\/index.php\/2025\/01\/30\/lautaro-es-el-maximo-goleador-del-inter-en-champions\/"},"wordCount":188,"publisher":{"@id":"https:\/\/esbozodeportivo.com\/#organization"},"image":{"@id":"https:\/\/esbozodeportivo.com\/index.php\/2025\/01\/30\/lautaro-es-el-maximo-goleador-del-inter-en-champions\/#primaryimage"},"thumbnailUrl":"https:\/\/esbozodeportivo.com\/wp-content\/uploads\/2025\/01\/Inter-de-Milan.jpg","articleSection":["Champions League"],"inLanguage":"es"},{"@type":"WebPage","@id":"https:\/\/esbozodeportivo.com\/index.php\/2025\/01\/30\/lautaro-es-el-maximo-goleador-del-inter-en-champions\/","url":"https:\/\/esbozodeportivo.com\/index.php\/2025\/01\/30\/lautaro-es-el-maximo-goleador-del-inter-en-champions\/","name":"Lautaro es el m\u00e1ximo goleador del Inter en Champions - Esbozo Deportivo","isPartOf":{"@id":"https:\/\/esbozodeportivo.com\/#website"},"primaryImageOfPage":{"@id":"https:\/\/esbozodeportivo.com\/index.php\/2025\/01\/30\/lautaro-es-el-maximo-goleador-del-inter-en-champions\/#primaryimage"},"image":{"@id":"https:\/\/esbozodeportivo.com\/index.php\/2025\/01\/30\/lautaro-es-el-maximo-goleador-del-inter-en-champions\/#primaryimage"},"thumbnailUrl":"https:\/\/esbozodeportivo.com\/wp-content\/uploads\/2025\/01\/Inter-de-Milan.jpg","datePublished":"2025-01-30T06:18:10+00:00","dateModified":"2025-01-30T06:22:35+00:00","description":"Lautaro Mart\u00ednez se convirti\u00f3 en el m\u00e1ximo goleador del Inter de Mil\u00e1n en la competici\u00f3n europea de \u00e9lite el mi\u00e9rcoles, al conseguir un triplete contra el M\u00f3naco, que jugaba con 10 hombres, en la Liga de Campeones.","breadcrumb":{"@id":"https:\/\/esbozodeportivo.com\/index.php\/2025\/01\/30\/lautaro-es-el-maximo-goleador-del-inter-en-champions\/#breadcrumb"},"inLanguage":"es","potentialAction":[{"@type":"ReadAction","target":["https:\/\/esbozodeportivo.com\/index.php\/2025\/01\/30\/lautaro-es-el-maximo-goleador-del-inter-en-champions\/"]}]},{"@type":"ImageObject","inLanguage":"es","@id":"https:\/\/esbozodeportivo.com\/index.php\/2025\/01\/30\/lautaro-es-el-maximo-goleador-del-inter-en-champions\/#primaryimage","url":"https:\/\/esbozodeportivo.com\/wp-content\/uploads\/2025\/01\/Inter-de-Milan.jpg","contentUrl":"https:\/\/esbozodeportivo.com\/wp-content\/uploads\/2025\/01\/Inter-de-Milan.jpg","width":980,"height":653},{"@type":"BreadcrumbList","@id":"https:\/\/esbozodeportivo.com\/index.php\/2025\/01\/30\/lautaro-es-el-maximo-goleador-del-inter-en-champions\/#breadcrumb","itemListElement":[{"@type":"ListItem","position":1,"name":"Inicio","item":"https:\/\/esbozodeportivo.com\/"},{"@type":"ListItem","position":2,"name":"Lautaro es el m\u00e1ximo goleador del Inter en Champions"}]},{"@type":"WebSite","@id":"https:\/\/esbozodeportivo.com\/#website","url":"https:\/\/esbozodeportivo.com\/","name":"Esbozo Deportivo","description":"Lo m\u00e1s importante del Deporte","publisher":{"@id":"https:\/\/esbozodeportivo.com\/#organization"},"potentialAction":[{"@type":"SearchAction","target":{"@type":"EntryPoint","urlTemplate":"https:\/\/esbozodeportivo.com\/?s={search_term_string}"},"query-input":{"@type":"PropertyValueSpecification","valueRequired":true,"valueName":"search_term_string"}}],"inLanguage":"es"},{"@type":"Organization","@id":"https:\/\/esbozodeportivo.com\/#organization","name":"Esbozo Deportivo","url":"https:\/\/esbozodeportivo.com\/","logo":{"@type":"ImageObject","inLanguage":"es","@id":"https:\/\/esbozodeportivo.com\/#\/schema\/logo\/image\/","url":"https:\/\/esbozodeportivo.com\/wp-content\/uploads\/2022\/08\/cropped-Logo-Esbozo-Web-2.png","contentUrl":"https:\/\/esbozodeportivo.com\/wp-content\/uploads\/2022\/08\/cropped-Logo-Esbozo-Web-2.png","width":180,"height":50,"caption":"Esbozo Deportivo"},"image":{"@id":"https:\/\/esbozodeportivo.com\/#\/schema\/logo\/image\/"}},{"@type":"Person","@id":"https:\/\/esbozodeportivo.com\/#\/schema\/person\/7277119c98823aec37bbb84e125efd44","name":"Javier De La Cruz","image":{"@type":"ImageObject","inLanguage":"es","@id":"https:\/\/esbozodeportivo.com\/#\/schema\/person\/image\/","url":"https:\/\/secure.gravatar.com\/avatar\/366235a56d20f1a6e8e3d0b295897639357bea880470ddf261d17bb0bc052eb1?s=96&d=mm&r=g","contentUrl":"https:\/\/secure.gravatar.com\/avatar\/366235a56d20f1a6e8e3d0b295897639357bea880470ddf261d17bb0bc052eb1?s=96&d=mm&r=g","caption":"Javier De La Cruz"},"url":"https:\/\/esbozodeportivo.com\/index.php\/author\/javier-de-la-cruz-de-la-cruz\/"}]}},"jetpack_featured_media_url":"https:\/\/esbozodeportivo.com\/wp-content\/uploads\/2025\/01\/Inter-de-Milan.jpg","jetpack_sharing_enabled":true,"_links":{"self":[{"href":"https:\/\/esbozodeportivo.com\/index.php\/wp-json\/wp\/v2\/posts\/5549","targetHints":{"allow":["GET"]}}],"collection":[{"href":"https:\/\/esbozodeportivo.com\/index.php\/wp-json\/wp\/v2\/posts"}],"about":[{"href":"https:\/\/esbozodeportivo.com\/index.php\/wp-json\/wp\/v2\/types\/post"}],"author":[{"embeddable":true,"href":"https:\/\/esbozodeportivo.com\/index.php\/wp-json\/wp\/v2\/users\/2"}],"replies":[{"embeddable":true,"href":"https:\/\/esbozodeportivo.com\/index.php\/wp-json\/wp\/v2\/comments?post=5549"}],"version-history":[{"count":1,"href":"https:\/\/esbozodeportivo.com\/index.php\/wp-json\/wp\/v2\/posts\/5549\/revisions"}],"predecessor-version":[{"id":5553,"href":"https:\/\/esbozodeportivo.com\/index.php\/wp-json\/wp\/v2\/posts\/5549\/revisions\/5553"}],"wp:featuredmedia":[{"embeddable":true,"href":"https:\/\/esbozodeportivo.com\/index.php\/wp-json\/wp\/v2\/media\/5551"}],"wp:attachment":[{"href":"https:\/\/esbozodeportivo.com\/index.php\/wp-json\/wp\/v2\/media?parent=5549"}],"wp:term":[{"taxonomy":"category","embeddable":true,"href":"https:\/\/esbozodeportivo.com\/index.php\/wp-json\/wp\/v2\/categories?post=5549"},{"taxonomy":"post_tag","embeddable":true,"href":"https:\/\/esbozodeportivo.com\/index.php\/wp-json\/wp\/v2\/tags?post=5549"}],"curies":[{"name":"wp","href":"https:\/\/api.w.org\/{rel}","templated":true}]}}