{"id":5556,"date":"2025-01-30T06:22:02","date_gmt":"2025-01-30T06:22:02","guid":{"rendered":"https:\/\/esbozodeportivo.com\/?p=5556"},"modified":"2025-01-30T06:22:02","modified_gmt":"2025-01-30T06:22:02","slug":"rogers-establece-record-de-goles-en-la-champions","status":"publish","type":"post","link":"https:\/\/esbozodeportivo.com\/index.php\/2025\/01\/30\/rogers-establece-record-de-goles-en-la-champions\/","title":{"rendered":"Rogers establece r\u00e9cord de goles en la Champions"},"content":{"rendered":"\n<p>(Foto: Agencias) <\/p>\n\n\n\n<p>En un momento en que los delanteros de <strong>Aston Villa<\/strong> est\u00e1n muy solicitados, otro de los atacantes del equipo consigui\u00f3 en la <strong>Liga de Campeones<\/strong> una haza\u00f1a goleadora de la que <strong>Lionel Messi<\/strong>, <strong>Cristiano Ronaldo<\/strong> o <strong>Erling Haaland<\/strong> estar\u00edan orgullosos.<\/p>\n\n\n\n<p>Con tantos en el tercer y quinto minuto contra <strong>Celtic,<\/strong> <strong>Morgan Rogers<\/strong> se convirti\u00f3 en el primer jugador en marcar dos veces en los primeros cinco minutos de un partido de la <strong>Liga de Campeones,<\/strong> inform\u00f3 el proveedor de estad\u00edsticas Opta el mi\u00e9rcoles.<\/p>\n\n\n\n<p>El mediocampista ofensivo ingl\u00e9s termin\u00f3 con un hat-trick despu\u00e9s de marcar su tercer gol en el tiempo de descuento de la segunda mitad para sellar una victoria de 4-2. El <strong>Villa<\/strong> termin\u00f3 en el octavo lugar para clasificarse autom\u00e1ticamente a los octavos de final.<\/p>\n\n\n\n<p>\u201cDefinitivamente, ha sido el punto m\u00e1s destacado de mi carrera hasta ahora\u201d, dijo <strong>Rogers<\/strong>, de 22 a\u00f1os y exjugador juvenil del <strong>Manchester City<\/strong>.<\/p>\n\n\n\n<p><strong>Rogers<\/strong> celebr\u00f3 sus goles en <strong>Villa Park<\/strong> al estilo de <strong>Cole Palmer<\/strong>, frot\u00e1ndose las manos sobre los brazos en una pose de \u201cfr\u00edo\u201d.<\/p>\n\n\n\n<p>Continu\u00f3 as\u00ed la temporada de revelaci\u00f3n de <strong>Rogers en Villa<\/strong>, y sus goles podr\u00edan ser importantes para el resto del a\u00f1o futbol\u00edstico.<\/p>\n\n\n\n<p>El mi\u00e9rcoles, surgieron especulaciones en los medios brit\u00e1nicos que vinculaban al colombiano <strong>Jhon Dur\u00e1n,<\/strong> delantero suplente del <strong>Villa<\/strong>, con un traslado a <strong>Al Nassr<\/strong>, el club saud\u00ed donde juega <strong>Cristiano Ronaldo<\/strong>.<\/p>\n\n\n\n<p>\u201cEstamos en la mira de otro equipo fuerte, otra liga fuerte como Arabia. Es algo de lo que puedo sentirme orgulloso\u201d, dijo el entrenador del <strong>Villa<\/strong>, <strong>Unai Emery<\/strong>.<\/p>\n\n\n\n<p>\u201cNo s\u00e9 exactamente hasta que todo est\u00e9 hecho si <strong>Jhon Dur\u00e1n<\/strong> se va o no. Pero si se va, es una buena noticia para nosotros, porque est\u00e1n pagando buen dinero, porque es una buena noticia para \u00e9l, porque desarrollamos un jugador durante dos a\u00f1os y obtenemos esta oferta\u201d.<\/p>\n\n\n\n<p><strong>Dur\u00e1n <\/strong>se qued\u00f3 en el banquillo durante el encuentro ante el <strong>Celtic<\/strong>. El tambi\u00e9n delantero <strong>Ollie Watkins j<\/strong>ug\u00f3 todo el partido y marc\u00f3 el otro gol de <strong>Villa<\/strong>, aunque tambi\u00e9n fall\u00f3 un penalti despu\u00e9s de resbalarse al intentar ejecutarlo.<\/p>\n\n\n\n<p><\/p>\n","protected":false},"excerpt":{"rendered":"<p>(Foto: Agencias) En un momento en que los delanteros de Aston Villa est\u00e1n muy solicitados,<\/p>\n","protected":false},"author":2,"featured_media":5550,"comment_status":"closed","ping_status":"open","sticky":false,"template":"","format":"standard","meta":{"_jetpack_memberships_contains_paid_content":false,"footnotes":""},"categories":[24],"tags":[],"class_list":["post-5556","post","type-post","status-publish","format-standard","has-post-thumbnail","hentry","category-futbol-2"],"yoast_head":"<!-- This site is optimized with the Yoast SEO plugin v25.7 - https:\/\/yoast.com\/wordpress\/plugins\/seo\/ -->\n<title>Rogers establece r\u00e9cord de goles en la Champions - Esbozo Deportivo<\/title>\n<meta name=\"description\" content=\"En un momento en que los delanteros de Aston Villa est\u00e1n muy solicitados, otro de los atacantes del equipo consigui\u00f3 en la Liga de Campeones una haza\u00f1a goleadora de la que Lionel Messi, Cristiano Ronaldo o Erling Haaland estar\u00edan orgullosos.\" \/>\n<meta name=\"robots\" content=\"index, follow, max-snippet:-1, max-image-preview:large, max-video-preview:-1\" \/>\n<link rel=\"canonical\" href=\"https:\/\/esbozodeportivo.com\/index.php\/2025\/01\/30\/rogers-establece-record-de-goles-en-la-champions\/\" \/>\n<meta property=\"og:locale\" content=\"es_MX\" \/>\n<meta property=\"og:type\" content=\"article\" \/>\n<meta property=\"og:title\" content=\"Rogers establece r\u00e9cord de goles en la Champions - Esbozo Deportivo\" \/>\n<meta property=\"og:description\" content=\"En un momento en que los delanteros de Aston Villa est\u00e1n muy solicitados, otro de los atacantes del equipo consigui\u00f3 en la Liga de Campeones una haza\u00f1a goleadora de la que Lionel Messi, Cristiano Ronaldo o Erling Haaland estar\u00edan orgullosos.\" \/>\n<meta property=\"og:url\" content=\"https:\/\/esbozodeportivo.com\/index.php\/2025\/01\/30\/rogers-establece-record-de-goles-en-la-champions\/\" \/>\n<meta property=\"og:site_name\" content=\"Esbozo Deportivo\" \/>\n<meta property=\"article:published_time\" content=\"2025-01-30T06:22:02+00:00\" \/>\n<meta property=\"og:image\" content=\"https:\/\/esbozodeportivo.com\/wp-content\/uploads\/2025\/01\/Goleador.jpg\" \/>\n\t<meta property=\"og:image:width\" content=\"980\" \/>\n\t<meta property=\"og:image:height\" content=\"653\" \/>\n\t<meta property=\"og:image:type\" content=\"image\/jpeg\" \/>\n<meta name=\"author\" content=\"Javier De La Cruz\" \/>\n<meta name=\"twitter:card\" content=\"summary_large_image\" \/>\n<meta name=\"twitter:label1\" content=\"Escrito por\" \/>\n\t<meta name=\"twitter:data1\" content=\"Javier De La Cruz\" \/>\n\t<meta name=\"twitter:label2\" content=\"Tiempo de lectura\" \/>\n\t<meta name=\"twitter:data2\" content=\"2 minutos\" \/>\n<script type=\"application\/ld+json\" class=\"yoast-schema-graph\">{\"@context\":\"https:\/\/schema.org\",\"@graph\":[{\"@type\":\"Article\",\"@id\":\"https:\/\/esbozodeportivo.com\/index.php\/2025\/01\/30\/rogers-establece-record-de-goles-en-la-champions\/#article\",\"isPartOf\":{\"@id\":\"https:\/\/esbozodeportivo.com\/index.php\/2025\/01\/30\/rogers-establece-record-de-goles-en-la-champions\/\"},\"author\":{\"name\":\"Javier De La Cruz\",\"@id\":\"https:\/\/esbozodeportivo.com\/#\/schema\/person\/7277119c98823aec37bbb84e125efd44\"},\"headline\":\"Rogers establece r\u00e9cord de goles en la Champions\",\"datePublished\":\"2025-01-30T06:22:02+00:00\",\"mainEntityOfPage\":{\"@id\":\"https:\/\/esbozodeportivo.com\/index.php\/2025\/01\/30\/rogers-establece-record-de-goles-en-la-champions\/\"},\"wordCount\":377,\"publisher\":{\"@id\":\"https:\/\/esbozodeportivo.com\/#organization\"},\"image\":{\"@id\":\"https:\/\/esbozodeportivo.com\/index.php\/2025\/01\/30\/rogers-establece-record-de-goles-en-la-champions\/#primaryimage\"},\"thumbnailUrl\":\"https:\/\/esbozodeportivo.com\/wp-content\/uploads\/2025\/01\/Goleador.jpg\",\"articleSection\":[\"Champions League\"],\"inLanguage\":\"es\"},{\"@type\":\"WebPage\",\"@id\":\"https:\/\/esbozodeportivo.com\/index.php\/2025\/01\/30\/rogers-establece-record-de-goles-en-la-champions\/\",\"url\":\"https:\/\/esbozodeportivo.com\/index.php\/2025\/01\/30\/rogers-establece-record-de-goles-en-la-champions\/\",\"name\":\"Rogers establece r\u00e9cord de goles en la Champions - Esbozo Deportivo\",\"isPartOf\":{\"@id\":\"https:\/\/esbozodeportivo.com\/#website\"},\"primaryImageOfPage\":{\"@id\":\"https:\/\/esbozodeportivo.com\/index.php\/2025\/01\/30\/rogers-establece-record-de-goles-en-la-champions\/#primaryimage\"},\"image\":{\"@id\":\"https:\/\/esbozodeportivo.com\/index.php\/2025\/01\/30\/rogers-establece-record-de-goles-en-la-champions\/#primaryimage\"},\"thumbnailUrl\":\"https:\/\/esbozodeportivo.com\/wp-content\/uploads\/2025\/01\/Goleador.jpg\",\"datePublished\":\"2025-01-30T06:22:02+00:00\",\"description\":\"En un momento en que los delanteros de Aston Villa est\u00e1n muy solicitados, otro de los atacantes del equipo consigui\u00f3 en la Liga de Campeones una haza\u00f1a goleadora de la que Lionel Messi, Cristiano Ronaldo o Erling Haaland estar\u00edan orgullosos.\",\"breadcrumb\":{\"@id\":\"https:\/\/esbozodeportivo.com\/index.php\/2025\/01\/30\/rogers-establece-record-de-goles-en-la-champions\/#breadcrumb\"},\"inLanguage\":\"es\",\"potentialAction\":[{\"@type\":\"ReadAction\",\"target\":[\"https:\/\/esbozodeportivo.com\/index.php\/2025\/01\/30\/rogers-establece-record-de-goles-en-la-champions\/\"]}]},{\"@type\":\"ImageObject\",\"inLanguage\":\"es\",\"@id\":\"https:\/\/esbozodeportivo.com\/index.php\/2025\/01\/30\/rogers-establece-record-de-goles-en-la-champions\/#primaryimage\",\"url\":\"https:\/\/esbozodeportivo.com\/wp-content\/uploads\/2025\/01\/Goleador.jpg\",\"contentUrl\":\"https:\/\/esbozodeportivo.com\/wp-content\/uploads\/2025\/01\/Goleador.jpg\",\"width\":980,\"height\":653},{\"@type\":\"BreadcrumbList\",\"@id\":\"https:\/\/esbozodeportivo.com\/index.php\/2025\/01\/30\/rogers-establece-record-de-goles-en-la-champions\/#breadcrumb\",\"itemListElement\":[{\"@type\":\"ListItem\",\"position\":1,\"name\":\"Inicio\",\"item\":\"https:\/\/esbozodeportivo.com\/\"},{\"@type\":\"ListItem\",\"position\":2,\"name\":\"Rogers establece r\u00e9cord de goles en la Champions\"}]},{\"@type\":\"WebSite\",\"@id\":\"https:\/\/esbozodeportivo.com\/#website\",\"url\":\"https:\/\/esbozodeportivo.com\/\",\"name\":\"Esbozo Deportivo\",\"description\":\"Lo m\u00e1s importante del Deporte\",\"publisher\":{\"@id\":\"https:\/\/esbozodeportivo.com\/#organization\"},\"potentialAction\":[{\"@type\":\"SearchAction\",\"target\":{\"@type\":\"EntryPoint\",\"urlTemplate\":\"https:\/\/esbozodeportivo.com\/?s={search_term_string}\"},\"query-input\":{\"@type\":\"PropertyValueSpecification\",\"valueRequired\":true,\"valueName\":\"search_term_string\"}}],\"inLanguage\":\"es\"},{\"@type\":\"Organization\",\"@id\":\"https:\/\/esbozodeportivo.com\/#organization\",\"name\":\"Esbozo Deportivo\",\"url\":\"https:\/\/esbozodeportivo.com\/\",\"logo\":{\"@type\":\"ImageObject\",\"inLanguage\":\"es\",\"@id\":\"https:\/\/esbozodeportivo.com\/#\/schema\/logo\/image\/\",\"url\":\"https:\/\/esbozodeportivo.com\/wp-content\/uploads\/2022\/08\/cropped-Logo-Esbozo-Web-2.png\",\"contentUrl\":\"https:\/\/esbozodeportivo.com\/wp-content\/uploads\/2022\/08\/cropped-Logo-Esbozo-Web-2.png\",\"width\":180,\"height\":50,\"caption\":\"Esbozo Deportivo\"},\"image\":{\"@id\":\"https:\/\/esbozodeportivo.com\/#\/schema\/logo\/image\/\"}},{\"@type\":\"Person\",\"@id\":\"https:\/\/esbozodeportivo.com\/#\/schema\/person\/7277119c98823aec37bbb84e125efd44\",\"name\":\"Javier De La Cruz\",\"image\":{\"@type\":\"ImageObject\",\"inLanguage\":\"es\",\"@id\":\"https:\/\/esbozodeportivo.com\/#\/schema\/person\/image\/\",\"url\":\"https:\/\/secure.gravatar.com\/avatar\/366235a56d20f1a6e8e3d0b295897639357bea880470ddf261d17bb0bc052eb1?s=96&d=mm&r=g\",\"contentUrl\":\"https:\/\/secure.gravatar.com\/avatar\/366235a56d20f1a6e8e3d0b295897639357bea880470ddf261d17bb0bc052eb1?s=96&d=mm&r=g\",\"caption\":\"Javier De La Cruz\"},\"url\":\"https:\/\/esbozodeportivo.com\/index.php\/author\/javier-de-la-cruz-de-la-cruz\/\"}]}<\/script>\n<!-- \/ Yoast SEO plugin. -->","yoast_head_json":{"title":"Rogers establece r\u00e9cord de goles en la Champions - Esbozo Deportivo","description":"En un momento en que los delanteros de Aston Villa est\u00e1n muy solicitados, otro de los atacantes del equipo consigui\u00f3 en la Liga de Campeones una haza\u00f1a goleadora de la que Lionel Messi, Cristiano Ronaldo o Erling Haaland estar\u00edan orgullosos.","robots":{"index":"index","follow":"follow","max-snippet":"max-snippet:-1","max-image-preview":"max-image-preview:large","max-video-preview":"max-video-preview:-1"},"canonical":"https:\/\/esbozodeportivo.com\/index.php\/2025\/01\/30\/rogers-establece-record-de-goles-en-la-champions\/","og_locale":"es_MX","og_type":"article","og_title":"Rogers establece r\u00e9cord de goles en la Champions - Esbozo Deportivo","og_description":"En un momento en que los delanteros de Aston Villa est\u00e1n muy solicitados, otro de los atacantes del equipo consigui\u00f3 en la Liga de Campeones una haza\u00f1a goleadora de la que Lionel Messi, Cristiano Ronaldo o Erling Haaland estar\u00edan orgullosos.","og_url":"https:\/\/esbozodeportivo.com\/index.php\/2025\/01\/30\/rogers-establece-record-de-goles-en-la-champions\/","og_site_name":"Esbozo Deportivo","article_published_time":"2025-01-30T06:22:02+00:00","og_image":[{"width":980,"height":653,"url":"https:\/\/esbozodeportivo.com\/wp-content\/uploads\/2025\/01\/Goleador.jpg","type":"image\/jpeg"}],"author":"Javier De La Cruz","twitter_card":"summary_large_image","twitter_misc":{"Escrito por":"Javier De La Cruz","Tiempo de lectura":"2 minutos"},"schema":{"@context":"https:\/\/schema.org","@graph":[{"@type":"Article","@id":"https:\/\/esbozodeportivo.com\/index.php\/2025\/01\/30\/rogers-establece-record-de-goles-en-la-champions\/#article","isPartOf":{"@id":"https:\/\/esbozodeportivo.com\/index.php\/2025\/01\/30\/rogers-establece-record-de-goles-en-la-champions\/"},"author":{"name":"Javier De La Cruz","@id":"https:\/\/esbozodeportivo.com\/#\/schema\/person\/7277119c98823aec37bbb84e125efd44"},"headline":"Rogers establece r\u00e9cord de goles en la Champions","datePublished":"2025-01-30T06:22:02+00:00","mainEntityOfPage":{"@id":"https:\/\/esbozodeportivo.com\/index.php\/2025\/01\/30\/rogers-establece-record-de-goles-en-la-champions\/"},"wordCount":377,"publisher":{"@id":"https:\/\/esbozodeportivo.com\/#organization"},"image":{"@id":"https:\/\/esbozodeportivo.com\/index.php\/2025\/01\/30\/rogers-establece-record-de-goles-en-la-champions\/#primaryimage"},"thumbnailUrl":"https:\/\/esbozodeportivo.com\/wp-content\/uploads\/2025\/01\/Goleador.jpg","articleSection":["Champions League"],"inLanguage":"es"},{"@type":"WebPage","@id":"https:\/\/esbozodeportivo.com\/index.php\/2025\/01\/30\/rogers-establece-record-de-goles-en-la-champions\/","url":"https:\/\/esbozodeportivo.com\/index.php\/2025\/01\/30\/rogers-establece-record-de-goles-en-la-champions\/","name":"Rogers establece r\u00e9cord de goles en la Champions - Esbozo Deportivo","isPartOf":{"@id":"https:\/\/esbozodeportivo.com\/#website"},"primaryImageOfPage":{"@id":"https:\/\/esbozodeportivo.com\/index.php\/2025\/01\/30\/rogers-establece-record-de-goles-en-la-champions\/#primaryimage"},"image":{"@id":"https:\/\/esbozodeportivo.com\/index.php\/2025\/01\/30\/rogers-establece-record-de-goles-en-la-champions\/#primaryimage"},"thumbnailUrl":"https:\/\/esbozodeportivo.com\/wp-content\/uploads\/2025\/01\/Goleador.jpg","datePublished":"2025-01-30T06:22:02+00:00","description":"En un momento en que los delanteros de Aston Villa est\u00e1n muy solicitados, otro de los atacantes del equipo consigui\u00f3 en la Liga de Campeones una haza\u00f1a goleadora de la que Lionel Messi, Cristiano Ronaldo o Erling Haaland estar\u00edan orgullosos.","breadcrumb":{"@id":"https:\/\/esbozodeportivo.com\/index.php\/2025\/01\/30\/rogers-establece-record-de-goles-en-la-champions\/#breadcrumb"},"inLanguage":"es","potentialAction":[{"@type":"ReadAction","target":["https:\/\/esbozodeportivo.com\/index.php\/2025\/01\/30\/rogers-establece-record-de-goles-en-la-champions\/"]}]},{"@type":"ImageObject","inLanguage":"es","@id":"https:\/\/esbozodeportivo.com\/index.php\/2025\/01\/30\/rogers-establece-record-de-goles-en-la-champions\/#primaryimage","url":"https:\/\/esbozodeportivo.com\/wp-content\/uploads\/2025\/01\/Goleador.jpg","contentUrl":"https:\/\/esbozodeportivo.com\/wp-content\/uploads\/2025\/01\/Goleador.jpg","width":980,"height":653},{"@type":"BreadcrumbList","@id":"https:\/\/esbozodeportivo.com\/index.php\/2025\/01\/30\/rogers-establece-record-de-goles-en-la-champions\/#breadcrumb","itemListElement":[{"@type":"ListItem","position":1,"name":"Inicio","item":"https:\/\/esbozodeportivo.com\/"},{"@type":"ListItem","position":2,"name":"Rogers establece r\u00e9cord de goles en la Champions"}]},{"@type":"WebSite","@id":"https:\/\/esbozodeportivo.com\/#website","url":"https:\/\/esbozodeportivo.com\/","name":"Esbozo Deportivo","description":"Lo m\u00e1s importante del Deporte","publisher":{"@id":"https:\/\/esbozodeportivo.com\/#organization"},"potentialAction":[{"@type":"SearchAction","target":{"@type":"EntryPoint","urlTemplate":"https:\/\/esbozodeportivo.com\/?s={search_term_string}"},"query-input":{"@type":"PropertyValueSpecification","valueRequired":true,"valueName":"search_term_string"}}],"inLanguage":"es"},{"@type":"Organization","@id":"https:\/\/esbozodeportivo.com\/#organization","name":"Esbozo Deportivo","url":"https:\/\/esbozodeportivo.com\/","logo":{"@type":"ImageObject","inLanguage":"es","@id":"https:\/\/esbozodeportivo.com\/#\/schema\/logo\/image\/","url":"https:\/\/esbozodeportivo.com\/wp-content\/uploads\/2022\/08\/cropped-Logo-Esbozo-Web-2.png","contentUrl":"https:\/\/esbozodeportivo.com\/wp-content\/uploads\/2022\/08\/cropped-Logo-Esbozo-Web-2.png","width":180,"height":50,"caption":"Esbozo Deportivo"},"image":{"@id":"https:\/\/esbozodeportivo.com\/#\/schema\/logo\/image\/"}},{"@type":"Person","@id":"https:\/\/esbozodeportivo.com\/#\/schema\/person\/7277119c98823aec37bbb84e125efd44","name":"Javier De La Cruz","image":{"@type":"ImageObject","inLanguage":"es","@id":"https:\/\/esbozodeportivo.com\/#\/schema\/person\/image\/","url":"https:\/\/secure.gravatar.com\/avatar\/366235a56d20f1a6e8e3d0b295897639357bea880470ddf261d17bb0bc052eb1?s=96&d=mm&r=g","contentUrl":"https:\/\/secure.gravatar.com\/avatar\/366235a56d20f1a6e8e3d0b295897639357bea880470ddf261d17bb0bc052eb1?s=96&d=mm&r=g","caption":"Javier De La Cruz"},"url":"https:\/\/esbozodeportivo.com\/index.php\/author\/javier-de-la-cruz-de-la-cruz\/"}]}},"jetpack_featured_media_url":"https:\/\/esbozodeportivo.com\/wp-content\/uploads\/2025\/01\/Goleador.jpg","jetpack_sharing_enabled":true,"_links":{"self":[{"href":"https:\/\/esbozodeportivo.com\/index.php\/wp-json\/wp\/v2\/posts\/5556","targetHints":{"allow":["GET"]}}],"collection":[{"href":"https:\/\/esbozodeportivo.com\/index.php\/wp-json\/wp\/v2\/posts"}],"about":[{"href":"https:\/\/esbozodeportivo.com\/index.php\/wp-json\/wp\/v2\/types\/post"}],"author":[{"embeddable":true,"href":"https:\/\/esbozodeportivo.com\/index.php\/wp-json\/wp\/v2\/users\/2"}],"replies":[{"embeddable":true,"href":"https:\/\/esbozodeportivo.com\/index.php\/wp-json\/wp\/v2\/comments?post=5556"}],"version-history":[{"count":1,"href":"https:\/\/esbozodeportivo.com\/index.php\/wp-json\/wp\/v2\/posts\/5556\/revisions"}],"predecessor-version":[{"id":5557,"href":"https:\/\/esbozodeportivo.com\/index.php\/wp-json\/wp\/v2\/posts\/5556\/revisions\/5557"}],"wp:featuredmedia":[{"embeddable":true,"href":"https:\/\/esbozodeportivo.com\/index.php\/wp-json\/wp\/v2\/media\/5550"}],"wp:attachment":[{"href":"https:\/\/esbozodeportivo.com\/index.php\/wp-json\/wp\/v2\/media?parent=5556"}],"wp:term":[{"taxonomy":"category","embeddable":true,"href":"https:\/\/esbozodeportivo.com\/index.php\/wp-json\/wp\/v2\/categories?post=5556"},{"taxonomy":"post_tag","embeddable":true,"href":"https:\/\/esbozodeportivo.com\/index.php\/wp-json\/wp\/v2\/tags?post=5556"}],"curies":[{"name":"wp","href":"https:\/\/api.w.org\/{rel}","templated":true}]}}