{"id":5559,"date":"2025-01-31T00:52:36","date_gmt":"2025-01-31T00:52:36","guid":{"rendered":"https:\/\/esbozodeportivo.com\/?p=5559"},"modified":"2025-01-31T00:52:37","modified_gmt":"2025-01-31T00:52:37","slug":"las-comision-disciplinaria-sanciona-3-juegos-a-oscar-garcia","status":"publish","type":"post","link":"https:\/\/esbozodeportivo.com\/index.php\/2025\/01\/31\/las-comision-disciplinaria-sanciona-3-juegos-a-oscar-garcia\/","title":{"rendered":"Las Comisi\u00f3n Disciplinaria sanciona 3 juegos a \u00d3scar Garc\u00eda"},"content":{"rendered":"\n<p>(Foto: Agencias) <\/p>\n\n\n\n<p>El t\u00e9cnico de <a href=\"https:\/\/www.chivasdecorazon.com.mx\/es\"><strong>Chivas<\/strong><\/a><strong>, \u00d3scar Garc\u00eda<\/strong> fue suspendido tres partidos por conducta violenta en contra del astro colombiano <strong>James Rodr\u00edguez<\/strong>, anunci\u00f3 el jueves la <strong>Comisi\u00f3n Disciplinaria de la Federaci\u00f3n Mexicana<\/strong>.<\/p>\n\n\n\n<p><strong>Garc\u00eda <\/strong>fue expulsado a los 27 minutos del partido entre <strong>Chivas<\/strong> y Le\u00f3n el s\u00e1bado pasado por la cuarta fecha del torneo <strong>Clausura<\/strong> cuando intent\u00f3 patear a un grupo de jugadores rivales en el cual se encontraba James, adem\u00e1s del \u00e1rbitro <strong>\u00d3scar Mac\u00edas<\/strong>.<\/p>\n\n\n\n<p>Adem\u00e1s del castigo de tres encuentros, el t\u00e9cnico espa\u00f1ol fue sancionado econ\u00f3micamente. La cifra no fue revelada.<\/p>\n\n\n\n<p>\u201cSe advirti\u00f3 al <strong>Club Guadalajara<\/strong> sobre la conducta futura de su director t\u00e9cnico, ya que, en caso de que este tipo de acciones se vuelvan a suscitar, la <strong>Comisi\u00f3n Disciplinaria<\/strong> podr\u00e1 imponer sanciones m\u00e1s severas en su contra\u201d, dijo el organismo en un comunicado.<\/p>\n\n\n\n<p><strong>Garc\u00eda<\/strong>, de 51 a\u00f1os, cumple su primer torneo con <strong>Chivas<\/strong>. Lleg\u00f3 en diciembre para reemplazar al argentino <strong>Fernando Gago<\/strong>.<\/p>\n\n\n\n<p>Antes de intentar patear a los jugadores de <strong>Le\u00f3n<\/strong>, <strong>Garc\u00eda<\/strong> fue empujado por <strong>Nicol\u00e1s Fonseca<\/strong>, quien buscaba recuperar una pelota en la banda. Aunque en las im\u00e1genes no se aprecia que el entrenador fuera directamente a agredir a James, el \u00e1rbitro <strong>Mac\u00edas <\/strong>as\u00ed lo report\u00f3 en su c\u00e9dula.<\/p>\n\n\n\n<p>\u201cEn un partido de f\u00fatbol las emociones siempre van a muchas revoluciones y la pasi\u00f3n por los colores que representas te llevan al l\u00edmite, pero eso no justifica mi reacci\u00f3n\u201d, dijo <strong>Garc\u00eda<\/strong> en sus redes sociales. \u201cQuiero ofrecer una sincera disculpa a la naci\u00f3n <strong>Chiva<\/strong> y, por supuesto, tambi\u00e9n al rival\u201d.<\/p>\n\n\n\n<p>El entrenador, quien gan\u00f3 dos t\u00edtulos de la liga de <strong>Austria<\/strong> con <strong>Salzburgo<\/strong>, se perder\u00e1 los partidos ante <strong>Quer\u00e9taro<\/strong>, <strong>Tijuana <\/strong>y <strong>Toluca<\/strong>. Se espera su regreso a los banquillos el 22 de febrero, ante <strong>Pachuca<\/strong>.<\/p>\n\n\n\n<p><strong>Chivas<\/strong>, uno de los dos equipos m\u00e1s populares en el pa\u00eds, busca conquistar su primer t\u00edtulo desde el <strong>Clausura 2017<\/strong>. Tras las primeras cuatro fechas del campeonato, el equipo marcha en la 11ma posici\u00f3n entre 18 equipos.<\/p>\n","protected":false},"excerpt":{"rendered":"<p>(Foto: Agencias) El t\u00e9cnico de Chivas, \u00d3scar Garc\u00eda fue suspendido tres partidos por conducta violenta<\/p>\n","protected":false},"author":2,"featured_media":5560,"comment_status":"closed","ping_status":"open","sticky":false,"template":"","format":"standard","meta":{"_jetpack_memberships_contains_paid_content":false,"footnotes":""},"categories":[20],"tags":[],"class_list":["post-5559","post","type-post","status-publish","format-standard","has-post-thumbnail","hentry","category-liga"],"yoast_head":"<!-- This site is optimized with the Yoast SEO plugin v25.7 - https:\/\/yoast.com\/wordpress\/plugins\/seo\/ -->\n<title>Las Comisi\u00f3n Disciplinaria sanciona 3 juegos a \u00d3scar Garc\u00eda - Esbozo Deportivo<\/title>\n<meta name=\"description\" content=\"El t\u00e9cnico de Chivas, \u00d3scar Garc\u00eda fue suspendido tres partidos por conducta violenta en contra del astro colombiano James Rodr\u00edguez, anunci\u00f3 el jueves la Comisi\u00f3n Disciplinaria de la Federaci\u00f3n Mexicana.\" \/>\n<meta name=\"robots\" content=\"index, follow, max-snippet:-1, max-image-preview:large, max-video-preview:-1\" \/>\n<link rel=\"canonical\" href=\"https:\/\/esbozodeportivo.com\/index.php\/2025\/01\/31\/las-comision-disciplinaria-sanciona-3-juegos-a-oscar-garcia\/\" \/>\n<meta property=\"og:locale\" content=\"es_MX\" \/>\n<meta property=\"og:type\" content=\"article\" \/>\n<meta property=\"og:title\" content=\"Las Comisi\u00f3n Disciplinaria sanciona 3 juegos a \u00d3scar Garc\u00eda - Esbozo Deportivo\" \/>\n<meta property=\"og:description\" content=\"El t\u00e9cnico de Chivas, \u00d3scar Garc\u00eda fue suspendido tres partidos por conducta violenta en contra del astro colombiano James Rodr\u00edguez, anunci\u00f3 el jueves la Comisi\u00f3n Disciplinaria de la Federaci\u00f3n Mexicana.\" \/>\n<meta property=\"og:url\" content=\"https:\/\/esbozodeportivo.com\/index.php\/2025\/01\/31\/las-comision-disciplinaria-sanciona-3-juegos-a-oscar-garcia\/\" \/>\n<meta property=\"og:site_name\" content=\"Esbozo Deportivo\" \/>\n<meta property=\"article:published_time\" content=\"2025-01-31T00:52:36+00:00\" \/>\n<meta property=\"article:modified_time\" content=\"2025-01-31T00:52:37+00:00\" \/>\n<meta property=\"og:image\" content=\"https:\/\/esbozodeportivo.com\/wp-content\/uploads\/2025\/01\/Oscar-Garcia.jpg\" \/>\n\t<meta property=\"og:image:width\" content=\"800\" \/>\n\t<meta property=\"og:image:height\" content=\"600\" \/>\n\t<meta property=\"og:image:type\" content=\"image\/jpeg\" \/>\n<meta name=\"author\" content=\"Javier De La Cruz\" \/>\n<meta name=\"twitter:card\" content=\"summary_large_image\" \/>\n<meta name=\"twitter:label1\" content=\"Escrito por\" \/>\n\t<meta name=\"twitter:data1\" content=\"Javier De La Cruz\" \/>\n\t<meta name=\"twitter:label2\" content=\"Tiempo de lectura\" \/>\n\t<meta name=\"twitter:data2\" content=\"2 minutos\" \/>\n<script type=\"application\/ld+json\" class=\"yoast-schema-graph\">{\"@context\":\"https:\/\/schema.org\",\"@graph\":[{\"@type\":\"Article\",\"@id\":\"https:\/\/esbozodeportivo.com\/index.php\/2025\/01\/31\/las-comision-disciplinaria-sanciona-3-juegos-a-oscar-garcia\/#article\",\"isPartOf\":{\"@id\":\"https:\/\/esbozodeportivo.com\/index.php\/2025\/01\/31\/las-comision-disciplinaria-sanciona-3-juegos-a-oscar-garcia\/\"},\"author\":{\"name\":\"Javier De La Cruz\",\"@id\":\"https:\/\/esbozodeportivo.com\/#\/schema\/person\/7277119c98823aec37bbb84e125efd44\"},\"headline\":\"Las Comisi\u00f3n Disciplinaria sanciona 3 juegos a \u00d3scar Garc\u00eda\",\"datePublished\":\"2025-01-31T00:52:36+00:00\",\"dateModified\":\"2025-01-31T00:52:37+00:00\",\"mainEntityOfPage\":{\"@id\":\"https:\/\/esbozodeportivo.com\/index.php\/2025\/01\/31\/las-comision-disciplinaria-sanciona-3-juegos-a-oscar-garcia\/\"},\"wordCount\":369,\"publisher\":{\"@id\":\"https:\/\/esbozodeportivo.com\/#organization\"},\"image\":{\"@id\":\"https:\/\/esbozodeportivo.com\/index.php\/2025\/01\/31\/las-comision-disciplinaria-sanciona-3-juegos-a-oscar-garcia\/#primaryimage\"},\"thumbnailUrl\":\"https:\/\/esbozodeportivo.com\/wp-content\/uploads\/2025\/01\/Oscar-Garcia.jpg\",\"articleSection\":[\"Liga MX\"],\"inLanguage\":\"es\"},{\"@type\":\"WebPage\",\"@id\":\"https:\/\/esbozodeportivo.com\/index.php\/2025\/01\/31\/las-comision-disciplinaria-sanciona-3-juegos-a-oscar-garcia\/\",\"url\":\"https:\/\/esbozodeportivo.com\/index.php\/2025\/01\/31\/las-comision-disciplinaria-sanciona-3-juegos-a-oscar-garcia\/\",\"name\":\"Las Comisi\u00f3n Disciplinaria sanciona 3 juegos a \u00d3scar Garc\u00eda - Esbozo Deportivo\",\"isPartOf\":{\"@id\":\"https:\/\/esbozodeportivo.com\/#website\"},\"primaryImageOfPage\":{\"@id\":\"https:\/\/esbozodeportivo.com\/index.php\/2025\/01\/31\/las-comision-disciplinaria-sanciona-3-juegos-a-oscar-garcia\/#primaryimage\"},\"image\":{\"@id\":\"https:\/\/esbozodeportivo.com\/index.php\/2025\/01\/31\/las-comision-disciplinaria-sanciona-3-juegos-a-oscar-garcia\/#primaryimage\"},\"thumbnailUrl\":\"https:\/\/esbozodeportivo.com\/wp-content\/uploads\/2025\/01\/Oscar-Garcia.jpg\",\"datePublished\":\"2025-01-31T00:52:36+00:00\",\"dateModified\":\"2025-01-31T00:52:37+00:00\",\"description\":\"El t\u00e9cnico de Chivas, \u00d3scar Garc\u00eda fue suspendido tres partidos por conducta violenta en contra del astro colombiano James Rodr\u00edguez, anunci\u00f3 el jueves la Comisi\u00f3n Disciplinaria de la Federaci\u00f3n Mexicana.\",\"breadcrumb\":{\"@id\":\"https:\/\/esbozodeportivo.com\/index.php\/2025\/01\/31\/las-comision-disciplinaria-sanciona-3-juegos-a-oscar-garcia\/#breadcrumb\"},\"inLanguage\":\"es\",\"potentialAction\":[{\"@type\":\"ReadAction\",\"target\":[\"https:\/\/esbozodeportivo.com\/index.php\/2025\/01\/31\/las-comision-disciplinaria-sanciona-3-juegos-a-oscar-garcia\/\"]}]},{\"@type\":\"ImageObject\",\"inLanguage\":\"es\",\"@id\":\"https:\/\/esbozodeportivo.com\/index.php\/2025\/01\/31\/las-comision-disciplinaria-sanciona-3-juegos-a-oscar-garcia\/#primaryimage\",\"url\":\"https:\/\/esbozodeportivo.com\/wp-content\/uploads\/2025\/01\/Oscar-Garcia.jpg\",\"contentUrl\":\"https:\/\/esbozodeportivo.com\/wp-content\/uploads\/2025\/01\/Oscar-Garcia.jpg\",\"width\":800,\"height\":600},{\"@type\":\"BreadcrumbList\",\"@id\":\"https:\/\/esbozodeportivo.com\/index.php\/2025\/01\/31\/las-comision-disciplinaria-sanciona-3-juegos-a-oscar-garcia\/#breadcrumb\",\"itemListElement\":[{\"@type\":\"ListItem\",\"position\":1,\"name\":\"Inicio\",\"item\":\"https:\/\/esbozodeportivo.com\/\"},{\"@type\":\"ListItem\",\"position\":2,\"name\":\"Las Comisi\u00f3n Disciplinaria sanciona 3 juegos a \u00d3scar Garc\u00eda\"}]},{\"@type\":\"WebSite\",\"@id\":\"https:\/\/esbozodeportivo.com\/#website\",\"url\":\"https:\/\/esbozodeportivo.com\/\",\"name\":\"Esbozo Deportivo\",\"description\":\"Lo m\u00e1s importante del Deporte\",\"publisher\":{\"@id\":\"https:\/\/esbozodeportivo.com\/#organization\"},\"potentialAction\":[{\"@type\":\"SearchAction\",\"target\":{\"@type\":\"EntryPoint\",\"urlTemplate\":\"https:\/\/esbozodeportivo.com\/?s={search_term_string}\"},\"query-input\":{\"@type\":\"PropertyValueSpecification\",\"valueRequired\":true,\"valueName\":\"search_term_string\"}}],\"inLanguage\":\"es\"},{\"@type\":\"Organization\",\"@id\":\"https:\/\/esbozodeportivo.com\/#organization\",\"name\":\"Esbozo Deportivo\",\"url\":\"https:\/\/esbozodeportivo.com\/\",\"logo\":{\"@type\":\"ImageObject\",\"inLanguage\":\"es\",\"@id\":\"https:\/\/esbozodeportivo.com\/#\/schema\/logo\/image\/\",\"url\":\"https:\/\/esbozodeportivo.com\/wp-content\/uploads\/2022\/08\/cropped-Logo-Esbozo-Web-2.png\",\"contentUrl\":\"https:\/\/esbozodeportivo.com\/wp-content\/uploads\/2022\/08\/cropped-Logo-Esbozo-Web-2.png\",\"width\":180,\"height\":50,\"caption\":\"Esbozo Deportivo\"},\"image\":{\"@id\":\"https:\/\/esbozodeportivo.com\/#\/schema\/logo\/image\/\"}},{\"@type\":\"Person\",\"@id\":\"https:\/\/esbozodeportivo.com\/#\/schema\/person\/7277119c98823aec37bbb84e125efd44\",\"name\":\"Javier De La Cruz\",\"image\":{\"@type\":\"ImageObject\",\"inLanguage\":\"es\",\"@id\":\"https:\/\/esbozodeportivo.com\/#\/schema\/person\/image\/\",\"url\":\"https:\/\/secure.gravatar.com\/avatar\/366235a56d20f1a6e8e3d0b295897639357bea880470ddf261d17bb0bc052eb1?s=96&d=mm&r=g\",\"contentUrl\":\"https:\/\/secure.gravatar.com\/avatar\/366235a56d20f1a6e8e3d0b295897639357bea880470ddf261d17bb0bc052eb1?s=96&d=mm&r=g\",\"caption\":\"Javier De La Cruz\"},\"url\":\"https:\/\/esbozodeportivo.com\/index.php\/author\/javier-de-la-cruz-de-la-cruz\/\"}]}<\/script>\n<!-- \/ Yoast SEO plugin. -->","yoast_head_json":{"title":"Las Comisi\u00f3n Disciplinaria sanciona 3 juegos a \u00d3scar Garc\u00eda - Esbozo Deportivo","description":"El t\u00e9cnico de Chivas, \u00d3scar Garc\u00eda fue suspendido tres partidos por conducta violenta en contra del astro colombiano James Rodr\u00edguez, anunci\u00f3 el jueves la Comisi\u00f3n Disciplinaria de la Federaci\u00f3n Mexicana.","robots":{"index":"index","follow":"follow","max-snippet":"max-snippet:-1","max-image-preview":"max-image-preview:large","max-video-preview":"max-video-preview:-1"},"canonical":"https:\/\/esbozodeportivo.com\/index.php\/2025\/01\/31\/las-comision-disciplinaria-sanciona-3-juegos-a-oscar-garcia\/","og_locale":"es_MX","og_type":"article","og_title":"Las Comisi\u00f3n Disciplinaria sanciona 3 juegos a \u00d3scar Garc\u00eda - Esbozo Deportivo","og_description":"El t\u00e9cnico de Chivas, \u00d3scar Garc\u00eda fue suspendido tres partidos por conducta violenta en contra del astro colombiano James Rodr\u00edguez, anunci\u00f3 el jueves la Comisi\u00f3n Disciplinaria de la Federaci\u00f3n Mexicana.","og_url":"https:\/\/esbozodeportivo.com\/index.php\/2025\/01\/31\/las-comision-disciplinaria-sanciona-3-juegos-a-oscar-garcia\/","og_site_name":"Esbozo Deportivo","article_published_time":"2025-01-31T00:52:36+00:00","article_modified_time":"2025-01-31T00:52:37+00:00","og_image":[{"width":800,"height":600,"url":"https:\/\/esbozodeportivo.com\/wp-content\/uploads\/2025\/01\/Oscar-Garcia.jpg","type":"image\/jpeg"}],"author":"Javier De La Cruz","twitter_card":"summary_large_image","twitter_misc":{"Escrito por":"Javier De La Cruz","Tiempo de lectura":"2 minutos"},"schema":{"@context":"https:\/\/schema.org","@graph":[{"@type":"Article","@id":"https:\/\/esbozodeportivo.com\/index.php\/2025\/01\/31\/las-comision-disciplinaria-sanciona-3-juegos-a-oscar-garcia\/#article","isPartOf":{"@id":"https:\/\/esbozodeportivo.com\/index.php\/2025\/01\/31\/las-comision-disciplinaria-sanciona-3-juegos-a-oscar-garcia\/"},"author":{"name":"Javier De La Cruz","@id":"https:\/\/esbozodeportivo.com\/#\/schema\/person\/7277119c98823aec37bbb84e125efd44"},"headline":"Las Comisi\u00f3n Disciplinaria sanciona 3 juegos a \u00d3scar Garc\u00eda","datePublished":"2025-01-31T00:52:36+00:00","dateModified":"2025-01-31T00:52:37+00:00","mainEntityOfPage":{"@id":"https:\/\/esbozodeportivo.com\/index.php\/2025\/01\/31\/las-comision-disciplinaria-sanciona-3-juegos-a-oscar-garcia\/"},"wordCount":369,"publisher":{"@id":"https:\/\/esbozodeportivo.com\/#organization"},"image":{"@id":"https:\/\/esbozodeportivo.com\/index.php\/2025\/01\/31\/las-comision-disciplinaria-sanciona-3-juegos-a-oscar-garcia\/#primaryimage"},"thumbnailUrl":"https:\/\/esbozodeportivo.com\/wp-content\/uploads\/2025\/01\/Oscar-Garcia.jpg","articleSection":["Liga MX"],"inLanguage":"es"},{"@type":"WebPage","@id":"https:\/\/esbozodeportivo.com\/index.php\/2025\/01\/31\/las-comision-disciplinaria-sanciona-3-juegos-a-oscar-garcia\/","url":"https:\/\/esbozodeportivo.com\/index.php\/2025\/01\/31\/las-comision-disciplinaria-sanciona-3-juegos-a-oscar-garcia\/","name":"Las Comisi\u00f3n Disciplinaria sanciona 3 juegos a \u00d3scar Garc\u00eda - Esbozo Deportivo","isPartOf":{"@id":"https:\/\/esbozodeportivo.com\/#website"},"primaryImageOfPage":{"@id":"https:\/\/esbozodeportivo.com\/index.php\/2025\/01\/31\/las-comision-disciplinaria-sanciona-3-juegos-a-oscar-garcia\/#primaryimage"},"image":{"@id":"https:\/\/esbozodeportivo.com\/index.php\/2025\/01\/31\/las-comision-disciplinaria-sanciona-3-juegos-a-oscar-garcia\/#primaryimage"},"thumbnailUrl":"https:\/\/esbozodeportivo.com\/wp-content\/uploads\/2025\/01\/Oscar-Garcia.jpg","datePublished":"2025-01-31T00:52:36+00:00","dateModified":"2025-01-31T00:52:37+00:00","description":"El t\u00e9cnico de Chivas, \u00d3scar Garc\u00eda fue suspendido tres partidos por conducta violenta en contra del astro colombiano James Rodr\u00edguez, anunci\u00f3 el jueves la Comisi\u00f3n Disciplinaria de la Federaci\u00f3n Mexicana.","breadcrumb":{"@id":"https:\/\/esbozodeportivo.com\/index.php\/2025\/01\/31\/las-comision-disciplinaria-sanciona-3-juegos-a-oscar-garcia\/#breadcrumb"},"inLanguage":"es","potentialAction":[{"@type":"ReadAction","target":["https:\/\/esbozodeportivo.com\/index.php\/2025\/01\/31\/las-comision-disciplinaria-sanciona-3-juegos-a-oscar-garcia\/"]}]},{"@type":"ImageObject","inLanguage":"es","@id":"https:\/\/esbozodeportivo.com\/index.php\/2025\/01\/31\/las-comision-disciplinaria-sanciona-3-juegos-a-oscar-garcia\/#primaryimage","url":"https:\/\/esbozodeportivo.com\/wp-content\/uploads\/2025\/01\/Oscar-Garcia.jpg","contentUrl":"https:\/\/esbozodeportivo.com\/wp-content\/uploads\/2025\/01\/Oscar-Garcia.jpg","width":800,"height":600},{"@type":"BreadcrumbList","@id":"https:\/\/esbozodeportivo.com\/index.php\/2025\/01\/31\/las-comision-disciplinaria-sanciona-3-juegos-a-oscar-garcia\/#breadcrumb","itemListElement":[{"@type":"ListItem","position":1,"name":"Inicio","item":"https:\/\/esbozodeportivo.com\/"},{"@type":"ListItem","position":2,"name":"Las Comisi\u00f3n Disciplinaria sanciona 3 juegos a \u00d3scar Garc\u00eda"}]},{"@type":"WebSite","@id":"https:\/\/esbozodeportivo.com\/#website","url":"https:\/\/esbozodeportivo.com\/","name":"Esbozo Deportivo","description":"Lo m\u00e1s importante del Deporte","publisher":{"@id":"https:\/\/esbozodeportivo.com\/#organization"},"potentialAction":[{"@type":"SearchAction","target":{"@type":"EntryPoint","urlTemplate":"https:\/\/esbozodeportivo.com\/?s={search_term_string}"},"query-input":{"@type":"PropertyValueSpecification","valueRequired":true,"valueName":"search_term_string"}}],"inLanguage":"es"},{"@type":"Organization","@id":"https:\/\/esbozodeportivo.com\/#organization","name":"Esbozo Deportivo","url":"https:\/\/esbozodeportivo.com\/","logo":{"@type":"ImageObject","inLanguage":"es","@id":"https:\/\/esbozodeportivo.com\/#\/schema\/logo\/image\/","url":"https:\/\/esbozodeportivo.com\/wp-content\/uploads\/2022\/08\/cropped-Logo-Esbozo-Web-2.png","contentUrl":"https:\/\/esbozodeportivo.com\/wp-content\/uploads\/2022\/08\/cropped-Logo-Esbozo-Web-2.png","width":180,"height":50,"caption":"Esbozo Deportivo"},"image":{"@id":"https:\/\/esbozodeportivo.com\/#\/schema\/logo\/image\/"}},{"@type":"Person","@id":"https:\/\/esbozodeportivo.com\/#\/schema\/person\/7277119c98823aec37bbb84e125efd44","name":"Javier De La Cruz","image":{"@type":"ImageObject","inLanguage":"es","@id":"https:\/\/esbozodeportivo.com\/#\/schema\/person\/image\/","url":"https:\/\/secure.gravatar.com\/avatar\/366235a56d20f1a6e8e3d0b295897639357bea880470ddf261d17bb0bc052eb1?s=96&d=mm&r=g","contentUrl":"https:\/\/secure.gravatar.com\/avatar\/366235a56d20f1a6e8e3d0b295897639357bea880470ddf261d17bb0bc052eb1?s=96&d=mm&r=g","caption":"Javier De La Cruz"},"url":"https:\/\/esbozodeportivo.com\/index.php\/author\/javier-de-la-cruz-de-la-cruz\/"}]}},"jetpack_featured_media_url":"https:\/\/esbozodeportivo.com\/wp-content\/uploads\/2025\/01\/Oscar-Garcia.jpg","jetpack_sharing_enabled":true,"_links":{"self":[{"href":"https:\/\/esbozodeportivo.com\/index.php\/wp-json\/wp\/v2\/posts\/5559","targetHints":{"allow":["GET"]}}],"collection":[{"href":"https:\/\/esbozodeportivo.com\/index.php\/wp-json\/wp\/v2\/posts"}],"about":[{"href":"https:\/\/esbozodeportivo.com\/index.php\/wp-json\/wp\/v2\/types\/post"}],"author":[{"embeddable":true,"href":"https:\/\/esbozodeportivo.com\/index.php\/wp-json\/wp\/v2\/users\/2"}],"replies":[{"embeddable":true,"href":"https:\/\/esbozodeportivo.com\/index.php\/wp-json\/wp\/v2\/comments?post=5559"}],"version-history":[{"count":1,"href":"https:\/\/esbozodeportivo.com\/index.php\/wp-json\/wp\/v2\/posts\/5559\/revisions"}],"predecessor-version":[{"id":5561,"href":"https:\/\/esbozodeportivo.com\/index.php\/wp-json\/wp\/v2\/posts\/5559\/revisions\/5561"}],"wp:featuredmedia":[{"embeddable":true,"href":"https:\/\/esbozodeportivo.com\/index.php\/wp-json\/wp\/v2\/media\/5560"}],"wp:attachment":[{"href":"https:\/\/esbozodeportivo.com\/index.php\/wp-json\/wp\/v2\/media?parent=5559"}],"wp:term":[{"taxonomy":"category","embeddable":true,"href":"https:\/\/esbozodeportivo.com\/index.php\/wp-json\/wp\/v2\/categories?post=5559"},{"taxonomy":"post_tag","embeddable":true,"href":"https:\/\/esbozodeportivo.com\/index.php\/wp-json\/wp\/v2\/tags?post=5559"}],"curies":[{"name":"wp","href":"https:\/\/api.w.org\/{rel}","templated":true}]}}