{"id":562,"date":"2022-09-27T00:22:25","date_gmt":"2022-09-27T00:22:25","guid":{"rendered":"https:\/\/esbozodeportivo.com\/?p=562"},"modified":"2022-09-27T00:24:53","modified_gmt":"2022-09-27T00:24:53","slug":"seleccion-de-boccia-viaja-a-colombia-al-world-boccia-challenger","status":"publish","type":"post","link":"https:\/\/esbozodeportivo.com\/index.php\/2022\/09\/27\/seleccion-de-boccia-viaja-a-colombia-al-world-boccia-challenger\/","title":{"rendered":"Selecci\u00f3n de Boccia viaja a Colombia al World Boccia Challenger"},"content":{"rendered":"<p style=\"line-height: 23.25pt; background: white; margin: 12.0pt 0cm 19.5pt 0cm;\">(Conade).- La preselecci\u00f3n nacional, integrada por ocho atletas, viaj\u00f3 este lunes a Colombia para competir en el World Boccia Challenger Cali 2022, que se efectuar\u00e1 del 29 de septiembre al 1 de octubre, con el objetivo de sumar puntos en el ranking mundial, rumbo a los Juegos Parapanamericanos Santiago 2023 y los Juegos Paral\u00edmpicos Par\u00eds 2024.<\/p>\n<style>\/*! elementor - v3.7.7 - 20-09-2022 *\/\n.elementor-widget-image{text-align:center}.elementor-widget-image a{display:inline-block}.elementor-widget-image a img[src$=\".svg\"]{width:48px}.elementor-widget-image img{vertical-align:middle;display:inline-block}<\/style>\n<p>\t\t\t\t\t\t\t\t\t\t\t\t<img decoding=\"async\" width=\"435\" height=\"427\" src=\"https:\/\/esbozodeportivo.com\/wp-content\/uploads\/2022\/09\/Viajan-a-Colombia1.jpg\" alt=\"\" loading=\"lazy\" srcset=\"https:\/\/esbozodeportivo.com\/wp-content\/uploads\/2022\/09\/Viajan-a-Colombia1.jpg 435w, https:\/\/esbozodeportivo.com\/wp-content\/uploads\/2022\/09\/Viajan-a-Colombia1-300x294.jpg 300w\" sizes=\"auto, (max-width: 435px) 100vw, 435px\" \/>\t\t\t\t\t\t\t\t\t\t\t\t\t\t\t<\/p>\n<p>El equipo que asiste al certamen con el apoyo de la Comisi\u00f3n Nacional de Cultura F\u00edsica y Deporte (CONADE), est\u00e1 conformado por Eduardo S\u00e1nchez Reyes, de la clasificaci\u00f3n BC1, Valeria Padilla C\u00e1zares BC4, Addiel Adri\u00e1n Ocampo Ramos BC4, Karina Mart\u00ednez Sandoval BC1, Irving Paul Montiel Hern\u00e1ndez BC1, Ra\u00fal Dan L\u00f3pez Rosas BC3, Rosa Isabel Flores Camacho BC3 y Karla Maritza Manuel Enr\u00edquez BC4, quienes competir\u00e1n en las modalidades de parejas y equipos.<\/p>\n<p>Esta justa servir\u00e1 como selectivo para definir a la delegaci\u00f3n mexicana que participar\u00e1 en el Campeonato Mundial Brasil 2022, que se llevar\u00e1 a cabo en el mes de diciembre.<\/p>\n<p>\t\t\t\t\t\t\t\t\t\t\t\t\t\t\t<img decoding=\"async\" width=\"385\" height=\"227\" src=\"https:\/\/esbozodeportivo.com\/wp-content\/uploads\/2022\/09\/Viajan-a-Colombia.jpg\" alt=\"\" loading=\"lazy\" srcset=\"https:\/\/esbozodeportivo.com\/wp-content\/uploads\/2022\/09\/Viajan-a-Colombia.jpg 385w, https:\/\/esbozodeportivo.com\/wp-content\/uploads\/2022\/09\/Viajan-a-Colombia-300x177.jpg 300w\" sizes=\"auto, (max-width: 385px) 100vw, 385px\" \/>\t\t\t\t\t\t\t\t\t\t\t\t\t\t\t<\/p>\n<p style=\"line-height: 23.25pt; background: white; margin: 12.0pt 0cm 19.5pt 0cm;\">Los atletas lograron su pase para el World Boccia Challenger Cali 2022, luego de colocarse en el primer lugar de cada evento de medalla, en el selectivo nacional de la Federaci\u00f3n Mexicana de Deportes para Personas con Par\u00e1lisis Cerebral, que se realiz\u00f3 en M\u00e9rida, Yucat\u00e1n, a principios de agosto.<\/p>\n<p style=\"line-height: 23.25pt; background: white; margin: 12.0pt 0cm 19.5pt 0cm;\">En los Juegos Parapanamericanos Lima 2019, Eduardo S\u00e1nchez Reyes conquist\u00f3 la medalla de oro y en el Campeonato Regional Bisfed 2019, se adjudic\u00f3 la presea dorada y la plaza a los Juegos Paral\u00edmpicos Tokio 2020, certamen donde hizo su debut paral\u00edmpico.<\/p>\n<p>\t\t\t\t\t\t\t\t\t\t\t\t\t\t\t<img decoding=\"async\" width=\"640\" height=\"421\" src=\"https:\/\/esbozodeportivo.com\/wp-content\/uploads\/2022\/09\/Viajan-a-Colombia2-1024x674.jpg\" alt=\"\" loading=\"lazy\" srcset=\"https:\/\/esbozodeportivo.com\/wp-content\/uploads\/2022\/09\/Viajan-a-Colombia2-1024x674.jpg 1024w, https:\/\/esbozodeportivo.com\/wp-content\/uploads\/2022\/09\/Viajan-a-Colombia2-300x198.jpg 300w, https:\/\/esbozodeportivo.com\/wp-content\/uploads\/2022\/09\/Viajan-a-Colombia2-768x506.jpg 768w, https:\/\/esbozodeportivo.com\/wp-content\/uploads\/2022\/09\/Viajan-a-Colombia2.jpg 1280w\" sizes=\"auto, (max-width: 640px) 100vw, 640px\" \/>\t\t\t\t\t\t\t\t\t\t\t\t\t\t\t<\/p>\n<p>(Fotos: CONADE)<\/p>\n","protected":false},"excerpt":{"rendered":"<p>(Conade).- La preselecci\u00f3n nacional, integrada por ocho atletas, viaj\u00f3 este lunes a Colombia para competir<\/p>\n","protected":false},"author":2,"featured_media":0,"comment_status":"open","ping_status":"open","sticky":false,"template":"","format":"standard","meta":{"_jetpack_memberships_contains_paid_content":false,"footnotes":""},"categories":[5],"tags":[],"class_list":["post-562","post","type-post","status-publish","format-standard","hentry","category-amateur"],"yoast_head":"<!-- This site is optimized with the Yoast SEO plugin v25.7 - https:\/\/yoast.com\/wordpress\/plugins\/seo\/ -->\n<title>Selecci\u00f3n de Boccia viaja a Colombia al World Boccia Challenger - Esbozo Deportivo<\/title>\n<meta name=\"robots\" content=\"index, follow, max-snippet:-1, max-image-preview:large, max-video-preview:-1\" \/>\n<link rel=\"canonical\" href=\"https:\/\/esbozodeportivo.com\/index.php\/2022\/09\/27\/seleccion-de-boccia-viaja-a-colombia-al-world-boccia-challenger\/\" \/>\n<meta property=\"og:locale\" content=\"es_MX\" \/>\n<meta property=\"og:type\" content=\"article\" \/>\n<meta property=\"og:title\" content=\"Selecci\u00f3n de Boccia viaja a Colombia al World Boccia Challenger - Esbozo Deportivo\" \/>\n<meta property=\"og:description\" content=\"(Conade).- La preselecci\u00f3n nacional, integrada por ocho atletas, viaj\u00f3 este lunes a Colombia para competir\" \/>\n<meta property=\"og:url\" content=\"https:\/\/esbozodeportivo.com\/index.php\/2022\/09\/27\/seleccion-de-boccia-viaja-a-colombia-al-world-boccia-challenger\/\" \/>\n<meta property=\"og:site_name\" content=\"Esbozo Deportivo\" \/>\n<meta property=\"article:published_time\" content=\"2022-09-27T00:22:25+00:00\" \/>\n<meta property=\"article:modified_time\" content=\"2022-09-27T00:24:53+00:00\" \/>\n<meta property=\"og:image\" content=\"https:\/\/esbozodeportivo.com\/wp-content\/uploads\/2022\/09\/Viajan-a-Colombia1.jpg\" \/>\n<meta name=\"author\" content=\"Javier De La Cruz\" \/>\n<meta name=\"twitter:card\" content=\"summary_large_image\" \/>\n<meta name=\"twitter:label1\" content=\"Escrito por\" \/>\n\t<meta name=\"twitter:data1\" content=\"Javier De La Cruz\" \/>\n\t<meta name=\"twitter:label2\" content=\"Tiempo de lectura\" \/>\n\t<meta name=\"twitter:data2\" content=\"1 minuto\" \/>\n<script type=\"application\/ld+json\" class=\"yoast-schema-graph\">{\"@context\":\"https:\/\/schema.org\",\"@graph\":[{\"@type\":\"Article\",\"@id\":\"https:\/\/esbozodeportivo.com\/index.php\/2022\/09\/27\/seleccion-de-boccia-viaja-a-colombia-al-world-boccia-challenger\/#article\",\"isPartOf\":{\"@id\":\"https:\/\/esbozodeportivo.com\/index.php\/2022\/09\/27\/seleccion-de-boccia-viaja-a-colombia-al-world-boccia-challenger\/\"},\"author\":{\"name\":\"Javier De La Cruz\",\"@id\":\"https:\/\/esbozodeportivo.com\/#\/schema\/person\/7277119c98823aec37bbb84e125efd44\"},\"headline\":\"Selecci\u00f3n de Boccia viaja a Colombia al World Boccia Challenger\",\"datePublished\":\"2022-09-27T00:22:25+00:00\",\"dateModified\":\"2022-09-27T00:24:53+00:00\",\"mainEntityOfPage\":{\"@id\":\"https:\/\/esbozodeportivo.com\/index.php\/2022\/09\/27\/seleccion-de-boccia-viaja-a-colombia-al-world-boccia-challenger\/\"},\"wordCount\":274,\"commentCount\":0,\"publisher\":{\"@id\":\"https:\/\/esbozodeportivo.com\/#organization\"},\"image\":{\"@id\":\"https:\/\/esbozodeportivo.com\/index.php\/2022\/09\/27\/seleccion-de-boccia-viaja-a-colombia-al-world-boccia-challenger\/#primaryimage\"},\"thumbnailUrl\":\"https:\/\/esbozodeportivo.com\/wp-content\/uploads\/2022\/09\/Viajan-a-Colombia1.jpg\",\"articleSection\":[\"Amateur\"],\"inLanguage\":\"es\",\"potentialAction\":[{\"@type\":\"CommentAction\",\"name\":\"Comment\",\"target\":[\"https:\/\/esbozodeportivo.com\/index.php\/2022\/09\/27\/seleccion-de-boccia-viaja-a-colombia-al-world-boccia-challenger\/#respond\"]}]},{\"@type\":\"WebPage\",\"@id\":\"https:\/\/esbozodeportivo.com\/index.php\/2022\/09\/27\/seleccion-de-boccia-viaja-a-colombia-al-world-boccia-challenger\/\",\"url\":\"https:\/\/esbozodeportivo.com\/index.php\/2022\/09\/27\/seleccion-de-boccia-viaja-a-colombia-al-world-boccia-challenger\/\",\"name\":\"Selecci\u00f3n de Boccia viaja a Colombia al World Boccia Challenger - Esbozo Deportivo\",\"isPartOf\":{\"@id\":\"https:\/\/esbozodeportivo.com\/#website\"},\"primaryImageOfPage\":{\"@id\":\"https:\/\/esbozodeportivo.com\/index.php\/2022\/09\/27\/seleccion-de-boccia-viaja-a-colombia-al-world-boccia-challenger\/#primaryimage\"},\"image\":{\"@id\":\"https:\/\/esbozodeportivo.com\/index.php\/2022\/09\/27\/seleccion-de-boccia-viaja-a-colombia-al-world-boccia-challenger\/#primaryimage\"},\"thumbnailUrl\":\"https:\/\/esbozodeportivo.com\/wp-content\/uploads\/2022\/09\/Viajan-a-Colombia1.jpg\",\"datePublished\":\"2022-09-27T00:22:25+00:00\",\"dateModified\":\"2022-09-27T00:24:53+00:00\",\"breadcrumb\":{\"@id\":\"https:\/\/esbozodeportivo.com\/index.php\/2022\/09\/27\/seleccion-de-boccia-viaja-a-colombia-al-world-boccia-challenger\/#breadcrumb\"},\"inLanguage\":\"es\",\"potentialAction\":[{\"@type\":\"ReadAction\",\"target\":[\"https:\/\/esbozodeportivo.com\/index.php\/2022\/09\/27\/seleccion-de-boccia-viaja-a-colombia-al-world-boccia-challenger\/\"]}]},{\"@type\":\"ImageObject\",\"inLanguage\":\"es\",\"@id\":\"https:\/\/esbozodeportivo.com\/index.php\/2022\/09\/27\/seleccion-de-boccia-viaja-a-colombia-al-world-boccia-challenger\/#primaryimage\",\"url\":\"https:\/\/esbozodeportivo.com\/wp-content\/uploads\/2022\/09\/Viajan-a-Colombia1.jpg\",\"contentUrl\":\"https:\/\/esbozodeportivo.com\/wp-content\/uploads\/2022\/09\/Viajan-a-Colombia1.jpg\",\"width\":435,\"height\":427},{\"@type\":\"BreadcrumbList\",\"@id\":\"https:\/\/esbozodeportivo.com\/index.php\/2022\/09\/27\/seleccion-de-boccia-viaja-a-colombia-al-world-boccia-challenger\/#breadcrumb\",\"itemListElement\":[{\"@type\":\"ListItem\",\"position\":1,\"name\":\"Inicio\",\"item\":\"https:\/\/esbozodeportivo.com\/\"},{\"@type\":\"ListItem\",\"position\":2,\"name\":\"Selecci\u00f3n de Boccia viaja a Colombia al World Boccia Challenger\"}]},{\"@type\":\"WebSite\",\"@id\":\"https:\/\/esbozodeportivo.com\/#website\",\"url\":\"https:\/\/esbozodeportivo.com\/\",\"name\":\"Esbozo Deportivo\",\"description\":\"Lo m\u00e1s importante del Deporte\",\"publisher\":{\"@id\":\"https:\/\/esbozodeportivo.com\/#organization\"},\"potentialAction\":[{\"@type\":\"SearchAction\",\"target\":{\"@type\":\"EntryPoint\",\"urlTemplate\":\"https:\/\/esbozodeportivo.com\/?s={search_term_string}\"},\"query-input\":{\"@type\":\"PropertyValueSpecification\",\"valueRequired\":true,\"valueName\":\"search_term_string\"}}],\"inLanguage\":\"es\"},{\"@type\":\"Organization\",\"@id\":\"https:\/\/esbozodeportivo.com\/#organization\",\"name\":\"Esbozo Deportivo\",\"url\":\"https:\/\/esbozodeportivo.com\/\",\"logo\":{\"@type\":\"ImageObject\",\"inLanguage\":\"es\",\"@id\":\"https:\/\/esbozodeportivo.com\/#\/schema\/logo\/image\/\",\"url\":\"https:\/\/esbozodeportivo.com\/wp-content\/uploads\/2022\/08\/cropped-Logo-Esbozo-Web-2.png\",\"contentUrl\":\"https:\/\/esbozodeportivo.com\/wp-content\/uploads\/2022\/08\/cropped-Logo-Esbozo-Web-2.png\",\"width\":180,\"height\":50,\"caption\":\"Esbozo Deportivo\"},\"image\":{\"@id\":\"https:\/\/esbozodeportivo.com\/#\/schema\/logo\/image\/\"}},{\"@type\":\"Person\",\"@id\":\"https:\/\/esbozodeportivo.com\/#\/schema\/person\/7277119c98823aec37bbb84e125efd44\",\"name\":\"Javier De La Cruz\",\"image\":{\"@type\":\"ImageObject\",\"inLanguage\":\"es\",\"@id\":\"https:\/\/esbozodeportivo.com\/#\/schema\/person\/image\/\",\"url\":\"https:\/\/secure.gravatar.com\/avatar\/366235a56d20f1a6e8e3d0b295897639357bea880470ddf261d17bb0bc052eb1?s=96&d=mm&r=g\",\"contentUrl\":\"https:\/\/secure.gravatar.com\/avatar\/366235a56d20f1a6e8e3d0b295897639357bea880470ddf261d17bb0bc052eb1?s=96&d=mm&r=g\",\"caption\":\"Javier De La Cruz\"},\"url\":\"https:\/\/esbozodeportivo.com\/index.php\/author\/javier-de-la-cruz-de-la-cruz\/\"}]}<\/script>\n<!-- \/ Yoast SEO plugin. -->","yoast_head_json":{"title":"Selecci\u00f3n de Boccia viaja a Colombia al World Boccia Challenger - Esbozo Deportivo","robots":{"index":"index","follow":"follow","max-snippet":"max-snippet:-1","max-image-preview":"max-image-preview:large","max-video-preview":"max-video-preview:-1"},"canonical":"https:\/\/esbozodeportivo.com\/index.php\/2022\/09\/27\/seleccion-de-boccia-viaja-a-colombia-al-world-boccia-challenger\/","og_locale":"es_MX","og_type":"article","og_title":"Selecci\u00f3n de Boccia viaja a Colombia al World Boccia Challenger - Esbozo Deportivo","og_description":"(Conade).- La preselecci\u00f3n nacional, integrada por ocho atletas, viaj\u00f3 este lunes a Colombia para competir","og_url":"https:\/\/esbozodeportivo.com\/index.php\/2022\/09\/27\/seleccion-de-boccia-viaja-a-colombia-al-world-boccia-challenger\/","og_site_name":"Esbozo Deportivo","article_published_time":"2022-09-27T00:22:25+00:00","article_modified_time":"2022-09-27T00:24:53+00:00","og_image":[{"url":"https:\/\/esbozodeportivo.com\/wp-content\/uploads\/2022\/09\/Viajan-a-Colombia1.jpg","type":"","width":"","height":""}],"author":"Javier De La Cruz","twitter_card":"summary_large_image","twitter_misc":{"Escrito por":"Javier De La Cruz","Tiempo de lectura":"1 minuto"},"schema":{"@context":"https:\/\/schema.org","@graph":[{"@type":"Article","@id":"https:\/\/esbozodeportivo.com\/index.php\/2022\/09\/27\/seleccion-de-boccia-viaja-a-colombia-al-world-boccia-challenger\/#article","isPartOf":{"@id":"https:\/\/esbozodeportivo.com\/index.php\/2022\/09\/27\/seleccion-de-boccia-viaja-a-colombia-al-world-boccia-challenger\/"},"author":{"name":"Javier De La Cruz","@id":"https:\/\/esbozodeportivo.com\/#\/schema\/person\/7277119c98823aec37bbb84e125efd44"},"headline":"Selecci\u00f3n de Boccia viaja a Colombia al World Boccia Challenger","datePublished":"2022-09-27T00:22:25+00:00","dateModified":"2022-09-27T00:24:53+00:00","mainEntityOfPage":{"@id":"https:\/\/esbozodeportivo.com\/index.php\/2022\/09\/27\/seleccion-de-boccia-viaja-a-colombia-al-world-boccia-challenger\/"},"wordCount":274,"commentCount":0,"publisher":{"@id":"https:\/\/esbozodeportivo.com\/#organization"},"image":{"@id":"https:\/\/esbozodeportivo.com\/index.php\/2022\/09\/27\/seleccion-de-boccia-viaja-a-colombia-al-world-boccia-challenger\/#primaryimage"},"thumbnailUrl":"https:\/\/esbozodeportivo.com\/wp-content\/uploads\/2022\/09\/Viajan-a-Colombia1.jpg","articleSection":["Amateur"],"inLanguage":"es","potentialAction":[{"@type":"CommentAction","name":"Comment","target":["https:\/\/esbozodeportivo.com\/index.php\/2022\/09\/27\/seleccion-de-boccia-viaja-a-colombia-al-world-boccia-challenger\/#respond"]}]},{"@type":"WebPage","@id":"https:\/\/esbozodeportivo.com\/index.php\/2022\/09\/27\/seleccion-de-boccia-viaja-a-colombia-al-world-boccia-challenger\/","url":"https:\/\/esbozodeportivo.com\/index.php\/2022\/09\/27\/seleccion-de-boccia-viaja-a-colombia-al-world-boccia-challenger\/","name":"Selecci\u00f3n de Boccia viaja a Colombia al World Boccia Challenger - Esbozo Deportivo","isPartOf":{"@id":"https:\/\/esbozodeportivo.com\/#website"},"primaryImageOfPage":{"@id":"https:\/\/esbozodeportivo.com\/index.php\/2022\/09\/27\/seleccion-de-boccia-viaja-a-colombia-al-world-boccia-challenger\/#primaryimage"},"image":{"@id":"https:\/\/esbozodeportivo.com\/index.php\/2022\/09\/27\/seleccion-de-boccia-viaja-a-colombia-al-world-boccia-challenger\/#primaryimage"},"thumbnailUrl":"https:\/\/esbozodeportivo.com\/wp-content\/uploads\/2022\/09\/Viajan-a-Colombia1.jpg","datePublished":"2022-09-27T00:22:25+00:00","dateModified":"2022-09-27T00:24:53+00:00","breadcrumb":{"@id":"https:\/\/esbozodeportivo.com\/index.php\/2022\/09\/27\/seleccion-de-boccia-viaja-a-colombia-al-world-boccia-challenger\/#breadcrumb"},"inLanguage":"es","potentialAction":[{"@type":"ReadAction","target":["https:\/\/esbozodeportivo.com\/index.php\/2022\/09\/27\/seleccion-de-boccia-viaja-a-colombia-al-world-boccia-challenger\/"]}]},{"@type":"ImageObject","inLanguage":"es","@id":"https:\/\/esbozodeportivo.com\/index.php\/2022\/09\/27\/seleccion-de-boccia-viaja-a-colombia-al-world-boccia-challenger\/#primaryimage","url":"https:\/\/esbozodeportivo.com\/wp-content\/uploads\/2022\/09\/Viajan-a-Colombia1.jpg","contentUrl":"https:\/\/esbozodeportivo.com\/wp-content\/uploads\/2022\/09\/Viajan-a-Colombia1.jpg","width":435,"height":427},{"@type":"BreadcrumbList","@id":"https:\/\/esbozodeportivo.com\/index.php\/2022\/09\/27\/seleccion-de-boccia-viaja-a-colombia-al-world-boccia-challenger\/#breadcrumb","itemListElement":[{"@type":"ListItem","position":1,"name":"Inicio","item":"https:\/\/esbozodeportivo.com\/"},{"@type":"ListItem","position":2,"name":"Selecci\u00f3n de Boccia viaja a Colombia al World Boccia Challenger"}]},{"@type":"WebSite","@id":"https:\/\/esbozodeportivo.com\/#website","url":"https:\/\/esbozodeportivo.com\/","name":"Esbozo Deportivo","description":"Lo m\u00e1s importante del Deporte","publisher":{"@id":"https:\/\/esbozodeportivo.com\/#organization"},"potentialAction":[{"@type":"SearchAction","target":{"@type":"EntryPoint","urlTemplate":"https:\/\/esbozodeportivo.com\/?s={search_term_string}"},"query-input":{"@type":"PropertyValueSpecification","valueRequired":true,"valueName":"search_term_string"}}],"inLanguage":"es"},{"@type":"Organization","@id":"https:\/\/esbozodeportivo.com\/#organization","name":"Esbozo Deportivo","url":"https:\/\/esbozodeportivo.com\/","logo":{"@type":"ImageObject","inLanguage":"es","@id":"https:\/\/esbozodeportivo.com\/#\/schema\/logo\/image\/","url":"https:\/\/esbozodeportivo.com\/wp-content\/uploads\/2022\/08\/cropped-Logo-Esbozo-Web-2.png","contentUrl":"https:\/\/esbozodeportivo.com\/wp-content\/uploads\/2022\/08\/cropped-Logo-Esbozo-Web-2.png","width":180,"height":50,"caption":"Esbozo Deportivo"},"image":{"@id":"https:\/\/esbozodeportivo.com\/#\/schema\/logo\/image\/"}},{"@type":"Person","@id":"https:\/\/esbozodeportivo.com\/#\/schema\/person\/7277119c98823aec37bbb84e125efd44","name":"Javier De La Cruz","image":{"@type":"ImageObject","inLanguage":"es","@id":"https:\/\/esbozodeportivo.com\/#\/schema\/person\/image\/","url":"https:\/\/secure.gravatar.com\/avatar\/366235a56d20f1a6e8e3d0b295897639357bea880470ddf261d17bb0bc052eb1?s=96&d=mm&r=g","contentUrl":"https:\/\/secure.gravatar.com\/avatar\/366235a56d20f1a6e8e3d0b295897639357bea880470ddf261d17bb0bc052eb1?s=96&d=mm&r=g","caption":"Javier De La Cruz"},"url":"https:\/\/esbozodeportivo.com\/index.php\/author\/javier-de-la-cruz-de-la-cruz\/"}]}},"jetpack_featured_media_url":"","jetpack_sharing_enabled":true,"_links":{"self":[{"href":"https:\/\/esbozodeportivo.com\/index.php\/wp-json\/wp\/v2\/posts\/562","targetHints":{"allow":["GET"]}}],"collection":[{"href":"https:\/\/esbozodeportivo.com\/index.php\/wp-json\/wp\/v2\/posts"}],"about":[{"href":"https:\/\/esbozodeportivo.com\/index.php\/wp-json\/wp\/v2\/types\/post"}],"author":[{"embeddable":true,"href":"https:\/\/esbozodeportivo.com\/index.php\/wp-json\/wp\/v2\/users\/2"}],"replies":[{"embeddable":true,"href":"https:\/\/esbozodeportivo.com\/index.php\/wp-json\/wp\/v2\/comments?post=562"}],"version-history":[{"count":4,"href":"https:\/\/esbozodeportivo.com\/index.php\/wp-json\/wp\/v2\/posts\/562\/revisions"}],"predecessor-version":[{"id":569,"href":"https:\/\/esbozodeportivo.com\/index.php\/wp-json\/wp\/v2\/posts\/562\/revisions\/569"}],"wp:attachment":[{"href":"https:\/\/esbozodeportivo.com\/index.php\/wp-json\/wp\/v2\/media?parent=562"}],"wp:term":[{"taxonomy":"category","embeddable":true,"href":"https:\/\/esbozodeportivo.com\/index.php\/wp-json\/wp\/v2\/categories?post=562"},{"taxonomy":"post_tag","embeddable":true,"href":"https:\/\/esbozodeportivo.com\/index.php\/wp-json\/wp\/v2\/tags?post=562"}],"curies":[{"name":"wp","href":"https:\/\/api.w.org\/{rel}","templated":true}]}}