{"id":5646,"date":"2025-02-04T06:25:32","date_gmt":"2025-02-04T06:25:32","guid":{"rendered":"https:\/\/esbozodeportivo.com\/?p=5646"},"modified":"2025-02-04T06:25:32","modified_gmt":"2025-02-04T06:25:32","slug":"ac-milan-presenta-a-santi-gimenez","status":"publish","type":"post","link":"https:\/\/esbozodeportivo.com\/index.php\/2025\/02\/04\/ac-milan-presenta-a-santi-gimenez\/","title":{"rendered":"AC Mil\u00e1n presenta a Santi Gim\u00e9nez"},"content":{"rendered":"\n<p>(Foto: Agencias) <\/p>\n\n\n\n<p>El <strong>AC Milan<\/strong> complet\u00f3 el lunes el fichaje de <strong>Santiago Gim\u00e9nez<\/strong> procedente del <strong>Feyenoord<\/strong>, y el delantero mexicano podr\u00eda enfrentarse a su antiguo club la pr\u00f3xima semana.<\/p>\n\n\n\n<p>Los <strong>Rossoneri<\/strong> informaron que <strong>Gim\u00e9nez<\/strong> ha recibido un contrato hasta finales de junio de 2029. Los medios italianos indicaron que el monto de la operaci\u00f3n alcanz\u00f3 los 30 millones de euros (31 millones de d\u00f3lares) m\u00e1s variables.<\/p>\n\n\n\n<p><strong>Gim\u00e9nez<\/strong>, quien estuvo en las gradas del <strong>San Siro<\/strong> para presenciar el <strong>Derby della Madonnina<\/strong> el domingo, probablemente har\u00e1 su debut en el partido de cuartos de final de la Copa Italia italiana contra la Roma el mi\u00e9rcoles.<\/p>\n\n\n\n<p>Tendr\u00e1 un r\u00e1pido regreso a <strong>Rotterdam<\/strong>, ya que el <strong>Milan<\/strong> visitar\u00e1 a <strong>Feyenoord<\/strong> en los playoffs de la <strong>Liga de Campeones<\/strong> el pr\u00f3ximo mi\u00e9rcoles, con el partido de vuelta la semana siguiente. El ganador embolsar\u00e1 11 millones de euros y el pase a los octavos de final.<\/p>\n\n\n\n<p><strong>Gim\u00e9nez <\/strong>anot\u00f3 65 goles en 105 partidos con <strong>Feyenoord <\/strong>desde que lleg\u00f3 procedente de <strong>Cruz Azul<\/strong> en 2022. Ha marcado seis goles en cinco partidos en 2025.<\/p>\n\n\n\n<p>El delantero de 23 a\u00f1os tambi\u00e9n ha anotado cuatro veces en 32 partidos con la selecci\u00f3n de M\u00e9xico.<\/p>\n\n\n\n<p><strong>Gim\u00e9nez<\/strong> llevar\u00e1 la camiseta n\u00famero siete, disponible despu\u00e9s de que el delantero espa\u00f1ol <strong>\u00c1lvaro Morata<\/strong> fuera cedido a pr\u00e9stamo al <strong>Galatasaray<\/strong> turco.<\/p>\n\n\n\n<p>Mientras tanto, el ex capit\u00e1n rossonero <strong>Davide Calabria<\/strong> fue cedido a <strong>Bologna<\/strong> hasta el final de la temporada.<\/p>\n\n\n\n<p>Calabria hab\u00eda sido parte del <strong>Milan<\/strong> durante 18 a\u00f1os, surgiendo de la cantera antes de hacer su debut en la Serie A en 2015.<\/p>\n","protected":false},"excerpt":{"rendered":"<p>(Foto: Agencias) El AC Milan complet\u00f3 el lunes el fichaje de Santiago Gim\u00e9nez procedente del<\/p>\n","protected":false},"author":2,"featured_media":5647,"comment_status":"closed","ping_status":"open","sticky":false,"template":"","format":"standard","meta":{"_jetpack_memberships_contains_paid_content":false,"footnotes":""},"categories":[52],"tags":[],"class_list":["post-5646","post","type-post","status-publish","format-standard","has-post-thumbnail","hentry","category-futbol-italiano"],"yoast_head":"<!-- This site is optimized with the Yoast SEO plugin v25.7 - https:\/\/yoast.com\/wordpress\/plugins\/seo\/ -->\n<title>AC Mil\u00e1n presenta a Santi Gim\u00e9nez - Esbozo Deportivo<\/title>\n<meta name=\"description\" content=\"El AC Milan complet\u00f3 el lunes el fichaje de Santiago Gim\u00e9nez procedente del Feyenoord, y el delantero mexicano podr\u00eda enfrentarse a su antiguo club la pr\u00f3xima semana.\" \/>\n<meta name=\"robots\" content=\"index, follow, max-snippet:-1, max-image-preview:large, max-video-preview:-1\" \/>\n<link rel=\"canonical\" href=\"https:\/\/esbozodeportivo.com\/index.php\/2025\/02\/04\/ac-milan-presenta-a-santi-gimenez\/\" \/>\n<meta property=\"og:locale\" content=\"es_MX\" \/>\n<meta property=\"og:type\" content=\"article\" \/>\n<meta property=\"og:title\" content=\"AC Mil\u00e1n presenta a Santi Gim\u00e9nez - Esbozo Deportivo\" \/>\n<meta property=\"og:description\" content=\"El AC Milan complet\u00f3 el lunes el fichaje de Santiago Gim\u00e9nez procedente del Feyenoord, y el delantero mexicano podr\u00eda enfrentarse a su antiguo club la pr\u00f3xima semana.\" \/>\n<meta property=\"og:url\" content=\"https:\/\/esbozodeportivo.com\/index.php\/2025\/02\/04\/ac-milan-presenta-a-santi-gimenez\/\" \/>\n<meta property=\"og:site_name\" content=\"Esbozo Deportivo\" \/>\n<meta property=\"article:published_time\" content=\"2025-02-04T06:25:32+00:00\" \/>\n<meta property=\"og:image\" content=\"https:\/\/esbozodeportivo.com\/wp-content\/uploads\/2025\/02\/Gimenez.jpg\" \/>\n\t<meta property=\"og:image:width\" content=\"800\" \/>\n\t<meta property=\"og:image:height\" content=\"600\" \/>\n\t<meta property=\"og:image:type\" content=\"image\/jpeg\" \/>\n<meta name=\"author\" content=\"Javier De La Cruz\" \/>\n<meta name=\"twitter:card\" content=\"summary_large_image\" \/>\n<meta name=\"twitter:label1\" content=\"Escrito por\" \/>\n\t<meta name=\"twitter:data1\" content=\"Javier De La Cruz\" \/>\n\t<meta name=\"twitter:label2\" content=\"Tiempo de lectura\" \/>\n\t<meta name=\"twitter:data2\" content=\"2 minutos\" \/>\n<script type=\"application\/ld+json\" class=\"yoast-schema-graph\">{\"@context\":\"https:\/\/schema.org\",\"@graph\":[{\"@type\":\"Article\",\"@id\":\"https:\/\/esbozodeportivo.com\/index.php\/2025\/02\/04\/ac-milan-presenta-a-santi-gimenez\/#article\",\"isPartOf\":{\"@id\":\"https:\/\/esbozodeportivo.com\/index.php\/2025\/02\/04\/ac-milan-presenta-a-santi-gimenez\/\"},\"author\":{\"name\":\"Javier De La Cruz\",\"@id\":\"https:\/\/esbozodeportivo.com\/#\/schema\/person\/7277119c98823aec37bbb84e125efd44\"},\"headline\":\"AC Mil\u00e1n presenta a Santi Gim\u00e9nez\",\"datePublished\":\"2025-02-04T06:25:32+00:00\",\"mainEntityOfPage\":{\"@id\":\"https:\/\/esbozodeportivo.com\/index.php\/2025\/02\/04\/ac-milan-presenta-a-santi-gimenez\/\"},\"wordCount\":281,\"publisher\":{\"@id\":\"https:\/\/esbozodeportivo.com\/#organization\"},\"image\":{\"@id\":\"https:\/\/esbozodeportivo.com\/index.php\/2025\/02\/04\/ac-milan-presenta-a-santi-gimenez\/#primaryimage\"},\"thumbnailUrl\":\"https:\/\/esbozodeportivo.com\/wp-content\/uploads\/2025\/02\/Gimenez.jpg\",\"articleSection\":[\"Futbol Italiano\"],\"inLanguage\":\"es\"},{\"@type\":\"WebPage\",\"@id\":\"https:\/\/esbozodeportivo.com\/index.php\/2025\/02\/04\/ac-milan-presenta-a-santi-gimenez\/\",\"url\":\"https:\/\/esbozodeportivo.com\/index.php\/2025\/02\/04\/ac-milan-presenta-a-santi-gimenez\/\",\"name\":\"AC Mil\u00e1n presenta a Santi Gim\u00e9nez - Esbozo Deportivo\",\"isPartOf\":{\"@id\":\"https:\/\/esbozodeportivo.com\/#website\"},\"primaryImageOfPage\":{\"@id\":\"https:\/\/esbozodeportivo.com\/index.php\/2025\/02\/04\/ac-milan-presenta-a-santi-gimenez\/#primaryimage\"},\"image\":{\"@id\":\"https:\/\/esbozodeportivo.com\/index.php\/2025\/02\/04\/ac-milan-presenta-a-santi-gimenez\/#primaryimage\"},\"thumbnailUrl\":\"https:\/\/esbozodeportivo.com\/wp-content\/uploads\/2025\/02\/Gimenez.jpg\",\"datePublished\":\"2025-02-04T06:25:32+00:00\",\"description\":\"El AC Milan complet\u00f3 el lunes el fichaje de Santiago Gim\u00e9nez procedente del Feyenoord, y el delantero mexicano podr\u00eda enfrentarse a su antiguo club la pr\u00f3xima semana.\",\"breadcrumb\":{\"@id\":\"https:\/\/esbozodeportivo.com\/index.php\/2025\/02\/04\/ac-milan-presenta-a-santi-gimenez\/#breadcrumb\"},\"inLanguage\":\"es\",\"potentialAction\":[{\"@type\":\"ReadAction\",\"target\":[\"https:\/\/esbozodeportivo.com\/index.php\/2025\/02\/04\/ac-milan-presenta-a-santi-gimenez\/\"]}]},{\"@type\":\"ImageObject\",\"inLanguage\":\"es\",\"@id\":\"https:\/\/esbozodeportivo.com\/index.php\/2025\/02\/04\/ac-milan-presenta-a-santi-gimenez\/#primaryimage\",\"url\":\"https:\/\/esbozodeportivo.com\/wp-content\/uploads\/2025\/02\/Gimenez.jpg\",\"contentUrl\":\"https:\/\/esbozodeportivo.com\/wp-content\/uploads\/2025\/02\/Gimenez.jpg\",\"width\":800,\"height\":600},{\"@type\":\"BreadcrumbList\",\"@id\":\"https:\/\/esbozodeportivo.com\/index.php\/2025\/02\/04\/ac-milan-presenta-a-santi-gimenez\/#breadcrumb\",\"itemListElement\":[{\"@type\":\"ListItem\",\"position\":1,\"name\":\"Inicio\",\"item\":\"https:\/\/esbozodeportivo.com\/\"},{\"@type\":\"ListItem\",\"position\":2,\"name\":\"AC Mil\u00e1n presenta a Santi Gim\u00e9nez\"}]},{\"@type\":\"WebSite\",\"@id\":\"https:\/\/esbozodeportivo.com\/#website\",\"url\":\"https:\/\/esbozodeportivo.com\/\",\"name\":\"Esbozo Deportivo\",\"description\":\"Lo m\u00e1s importante del Deporte\",\"publisher\":{\"@id\":\"https:\/\/esbozodeportivo.com\/#organization\"},\"potentialAction\":[{\"@type\":\"SearchAction\",\"target\":{\"@type\":\"EntryPoint\",\"urlTemplate\":\"https:\/\/esbozodeportivo.com\/?s={search_term_string}\"},\"query-input\":{\"@type\":\"PropertyValueSpecification\",\"valueRequired\":true,\"valueName\":\"search_term_string\"}}],\"inLanguage\":\"es\"},{\"@type\":\"Organization\",\"@id\":\"https:\/\/esbozodeportivo.com\/#organization\",\"name\":\"Esbozo Deportivo\",\"url\":\"https:\/\/esbozodeportivo.com\/\",\"logo\":{\"@type\":\"ImageObject\",\"inLanguage\":\"es\",\"@id\":\"https:\/\/esbozodeportivo.com\/#\/schema\/logo\/image\/\",\"url\":\"https:\/\/esbozodeportivo.com\/wp-content\/uploads\/2022\/08\/cropped-Logo-Esbozo-Web-2.png\",\"contentUrl\":\"https:\/\/esbozodeportivo.com\/wp-content\/uploads\/2022\/08\/cropped-Logo-Esbozo-Web-2.png\",\"width\":180,\"height\":50,\"caption\":\"Esbozo Deportivo\"},\"image\":{\"@id\":\"https:\/\/esbozodeportivo.com\/#\/schema\/logo\/image\/\"}},{\"@type\":\"Person\",\"@id\":\"https:\/\/esbozodeportivo.com\/#\/schema\/person\/7277119c98823aec37bbb84e125efd44\",\"name\":\"Javier De La Cruz\",\"image\":{\"@type\":\"ImageObject\",\"inLanguage\":\"es\",\"@id\":\"https:\/\/esbozodeportivo.com\/#\/schema\/person\/image\/\",\"url\":\"https:\/\/secure.gravatar.com\/avatar\/366235a56d20f1a6e8e3d0b295897639357bea880470ddf261d17bb0bc052eb1?s=96&d=mm&r=g\",\"contentUrl\":\"https:\/\/secure.gravatar.com\/avatar\/366235a56d20f1a6e8e3d0b295897639357bea880470ddf261d17bb0bc052eb1?s=96&d=mm&r=g\",\"caption\":\"Javier De La Cruz\"},\"url\":\"https:\/\/esbozodeportivo.com\/index.php\/author\/javier-de-la-cruz-de-la-cruz\/\"}]}<\/script>\n<!-- \/ Yoast SEO plugin. -->","yoast_head_json":{"title":"AC Mil\u00e1n presenta a Santi Gim\u00e9nez - Esbozo Deportivo","description":"El AC Milan complet\u00f3 el lunes el fichaje de Santiago Gim\u00e9nez procedente del Feyenoord, y el delantero mexicano podr\u00eda enfrentarse a su antiguo club la pr\u00f3xima semana.","robots":{"index":"index","follow":"follow","max-snippet":"max-snippet:-1","max-image-preview":"max-image-preview:large","max-video-preview":"max-video-preview:-1"},"canonical":"https:\/\/esbozodeportivo.com\/index.php\/2025\/02\/04\/ac-milan-presenta-a-santi-gimenez\/","og_locale":"es_MX","og_type":"article","og_title":"AC Mil\u00e1n presenta a Santi Gim\u00e9nez - Esbozo Deportivo","og_description":"El AC Milan complet\u00f3 el lunes el fichaje de Santiago Gim\u00e9nez procedente del Feyenoord, y el delantero mexicano podr\u00eda enfrentarse a su antiguo club la pr\u00f3xima semana.","og_url":"https:\/\/esbozodeportivo.com\/index.php\/2025\/02\/04\/ac-milan-presenta-a-santi-gimenez\/","og_site_name":"Esbozo Deportivo","article_published_time":"2025-02-04T06:25:32+00:00","og_image":[{"width":800,"height":600,"url":"https:\/\/esbozodeportivo.com\/wp-content\/uploads\/2025\/02\/Gimenez.jpg","type":"image\/jpeg"}],"author":"Javier De La Cruz","twitter_card":"summary_large_image","twitter_misc":{"Escrito por":"Javier De La Cruz","Tiempo de lectura":"2 minutos"},"schema":{"@context":"https:\/\/schema.org","@graph":[{"@type":"Article","@id":"https:\/\/esbozodeportivo.com\/index.php\/2025\/02\/04\/ac-milan-presenta-a-santi-gimenez\/#article","isPartOf":{"@id":"https:\/\/esbozodeportivo.com\/index.php\/2025\/02\/04\/ac-milan-presenta-a-santi-gimenez\/"},"author":{"name":"Javier De La Cruz","@id":"https:\/\/esbozodeportivo.com\/#\/schema\/person\/7277119c98823aec37bbb84e125efd44"},"headline":"AC Mil\u00e1n presenta a Santi Gim\u00e9nez","datePublished":"2025-02-04T06:25:32+00:00","mainEntityOfPage":{"@id":"https:\/\/esbozodeportivo.com\/index.php\/2025\/02\/04\/ac-milan-presenta-a-santi-gimenez\/"},"wordCount":281,"publisher":{"@id":"https:\/\/esbozodeportivo.com\/#organization"},"image":{"@id":"https:\/\/esbozodeportivo.com\/index.php\/2025\/02\/04\/ac-milan-presenta-a-santi-gimenez\/#primaryimage"},"thumbnailUrl":"https:\/\/esbozodeportivo.com\/wp-content\/uploads\/2025\/02\/Gimenez.jpg","articleSection":["Futbol Italiano"],"inLanguage":"es"},{"@type":"WebPage","@id":"https:\/\/esbozodeportivo.com\/index.php\/2025\/02\/04\/ac-milan-presenta-a-santi-gimenez\/","url":"https:\/\/esbozodeportivo.com\/index.php\/2025\/02\/04\/ac-milan-presenta-a-santi-gimenez\/","name":"AC Mil\u00e1n presenta a Santi Gim\u00e9nez - Esbozo Deportivo","isPartOf":{"@id":"https:\/\/esbozodeportivo.com\/#website"},"primaryImageOfPage":{"@id":"https:\/\/esbozodeportivo.com\/index.php\/2025\/02\/04\/ac-milan-presenta-a-santi-gimenez\/#primaryimage"},"image":{"@id":"https:\/\/esbozodeportivo.com\/index.php\/2025\/02\/04\/ac-milan-presenta-a-santi-gimenez\/#primaryimage"},"thumbnailUrl":"https:\/\/esbozodeportivo.com\/wp-content\/uploads\/2025\/02\/Gimenez.jpg","datePublished":"2025-02-04T06:25:32+00:00","description":"El AC Milan complet\u00f3 el lunes el fichaje de Santiago Gim\u00e9nez procedente del Feyenoord, y el delantero mexicano podr\u00eda enfrentarse a su antiguo club la pr\u00f3xima semana.","breadcrumb":{"@id":"https:\/\/esbozodeportivo.com\/index.php\/2025\/02\/04\/ac-milan-presenta-a-santi-gimenez\/#breadcrumb"},"inLanguage":"es","potentialAction":[{"@type":"ReadAction","target":["https:\/\/esbozodeportivo.com\/index.php\/2025\/02\/04\/ac-milan-presenta-a-santi-gimenez\/"]}]},{"@type":"ImageObject","inLanguage":"es","@id":"https:\/\/esbozodeportivo.com\/index.php\/2025\/02\/04\/ac-milan-presenta-a-santi-gimenez\/#primaryimage","url":"https:\/\/esbozodeportivo.com\/wp-content\/uploads\/2025\/02\/Gimenez.jpg","contentUrl":"https:\/\/esbozodeportivo.com\/wp-content\/uploads\/2025\/02\/Gimenez.jpg","width":800,"height":600},{"@type":"BreadcrumbList","@id":"https:\/\/esbozodeportivo.com\/index.php\/2025\/02\/04\/ac-milan-presenta-a-santi-gimenez\/#breadcrumb","itemListElement":[{"@type":"ListItem","position":1,"name":"Inicio","item":"https:\/\/esbozodeportivo.com\/"},{"@type":"ListItem","position":2,"name":"AC Mil\u00e1n presenta a Santi Gim\u00e9nez"}]},{"@type":"WebSite","@id":"https:\/\/esbozodeportivo.com\/#website","url":"https:\/\/esbozodeportivo.com\/","name":"Esbozo Deportivo","description":"Lo m\u00e1s importante del Deporte","publisher":{"@id":"https:\/\/esbozodeportivo.com\/#organization"},"potentialAction":[{"@type":"SearchAction","target":{"@type":"EntryPoint","urlTemplate":"https:\/\/esbozodeportivo.com\/?s={search_term_string}"},"query-input":{"@type":"PropertyValueSpecification","valueRequired":true,"valueName":"search_term_string"}}],"inLanguage":"es"},{"@type":"Organization","@id":"https:\/\/esbozodeportivo.com\/#organization","name":"Esbozo Deportivo","url":"https:\/\/esbozodeportivo.com\/","logo":{"@type":"ImageObject","inLanguage":"es","@id":"https:\/\/esbozodeportivo.com\/#\/schema\/logo\/image\/","url":"https:\/\/esbozodeportivo.com\/wp-content\/uploads\/2022\/08\/cropped-Logo-Esbozo-Web-2.png","contentUrl":"https:\/\/esbozodeportivo.com\/wp-content\/uploads\/2022\/08\/cropped-Logo-Esbozo-Web-2.png","width":180,"height":50,"caption":"Esbozo Deportivo"},"image":{"@id":"https:\/\/esbozodeportivo.com\/#\/schema\/logo\/image\/"}},{"@type":"Person","@id":"https:\/\/esbozodeportivo.com\/#\/schema\/person\/7277119c98823aec37bbb84e125efd44","name":"Javier De La Cruz","image":{"@type":"ImageObject","inLanguage":"es","@id":"https:\/\/esbozodeportivo.com\/#\/schema\/person\/image\/","url":"https:\/\/secure.gravatar.com\/avatar\/366235a56d20f1a6e8e3d0b295897639357bea880470ddf261d17bb0bc052eb1?s=96&d=mm&r=g","contentUrl":"https:\/\/secure.gravatar.com\/avatar\/366235a56d20f1a6e8e3d0b295897639357bea880470ddf261d17bb0bc052eb1?s=96&d=mm&r=g","caption":"Javier De La Cruz"},"url":"https:\/\/esbozodeportivo.com\/index.php\/author\/javier-de-la-cruz-de-la-cruz\/"}]}},"jetpack_featured_media_url":"https:\/\/esbozodeportivo.com\/wp-content\/uploads\/2025\/02\/Gimenez.jpg","jetpack_sharing_enabled":true,"_links":{"self":[{"href":"https:\/\/esbozodeportivo.com\/index.php\/wp-json\/wp\/v2\/posts\/5646","targetHints":{"allow":["GET"]}}],"collection":[{"href":"https:\/\/esbozodeportivo.com\/index.php\/wp-json\/wp\/v2\/posts"}],"about":[{"href":"https:\/\/esbozodeportivo.com\/index.php\/wp-json\/wp\/v2\/types\/post"}],"author":[{"embeddable":true,"href":"https:\/\/esbozodeportivo.com\/index.php\/wp-json\/wp\/v2\/users\/2"}],"replies":[{"embeddable":true,"href":"https:\/\/esbozodeportivo.com\/index.php\/wp-json\/wp\/v2\/comments?post=5646"}],"version-history":[{"count":1,"href":"https:\/\/esbozodeportivo.com\/index.php\/wp-json\/wp\/v2\/posts\/5646\/revisions"}],"predecessor-version":[{"id":5648,"href":"https:\/\/esbozodeportivo.com\/index.php\/wp-json\/wp\/v2\/posts\/5646\/revisions\/5648"}],"wp:featuredmedia":[{"embeddable":true,"href":"https:\/\/esbozodeportivo.com\/index.php\/wp-json\/wp\/v2\/media\/5647"}],"wp:attachment":[{"href":"https:\/\/esbozodeportivo.com\/index.php\/wp-json\/wp\/v2\/media?parent=5646"}],"wp:term":[{"taxonomy":"category","embeddable":true,"href":"https:\/\/esbozodeportivo.com\/index.php\/wp-json\/wp\/v2\/categories?post=5646"},{"taxonomy":"post_tag","embeddable":true,"href":"https:\/\/esbozodeportivo.com\/index.php\/wp-json\/wp\/v2\/tags?post=5646"}],"curies":[{"name":"wp","href":"https:\/\/api.w.org\/{rel}","templated":true}]}}