{"id":5677,"date":"2025-02-06T22:07:39","date_gmt":"2025-02-06T22:07:39","guid":{"rendered":"https:\/\/esbozodeportivo.com\/?p=5677"},"modified":"2025-02-06T22:07:39","modified_gmt":"2025-02-06T22:07:39","slug":"clara-brugada-anuncia-nueva-secretaria-de-deporte-y-recreacion-en-cdmx","status":"publish","type":"post","link":"https:\/\/esbozodeportivo.com\/index.php\/2025\/02\/06\/clara-brugada-anuncia-nueva-secretaria-de-deporte-y-recreacion-en-cdmx\/","title":{"rendered":"Clara Brugada anuncia nueva Secretaria de Deporte y Recreaci\u00f3n en CDMX"},"content":{"rendered":"\n<p>(Foto: esbozodeportivo.com) <\/p>\n\n\n\n<p><strong>Por: Javier de la Cruz<\/strong><\/p>\n\n\n\n<p>La Jefa de <strong>Gobierno de la Ciudad de M\u00e9xico<\/strong>, <strong>Clara Brugada<\/strong>, anunci\u00f3 la creaci\u00f3n de una nueva <strong>Secretaria del Deporte y Recreaci\u00f3n<\/strong> para los capitalinos, durante la presentaci\u00f3n de la ruta para el <strong>Medio Marat\u00f3n BBVA<\/strong> y <strong>Marat\u00f3n Telcel 2025<\/strong>, que se llev\u00f3 a cabo en el <strong>Club de Banqueros<\/strong>.<\/p>\n\n\n\n<p>Tras dar a conocer los pormenores de la ruta del <strong>Medio Marat\u00f3n BBVA<\/strong> y <strong>Marat\u00f3n Telcel 2025<\/strong>, que se realizaran el <strong>13 de julio<\/strong> y el <strong>31 de agosto<\/strong>, respectivamente, la mandataria capitalina anunci\u00f3 la creaci\u00f3n de una nueva Secretaria del Deporte y Recreaci\u00f3n para los citadinos.<\/p>\n\n\n\n<p>\u201cQueremos que la ciudadan\u00eda de la <strong>Ciudad de M\u00e9xico<\/strong>, realice m\u00e1s actividad f\u00edsica por medio del deporte, pues el deporte es una herramienta poderosa y un lenguaje universal para lograr a construir la paz, conectar lazos sociales y acelerar el bienestar, por eso les comento que haremos una nueva <strong>Secretaria del Deporte y Recreaci\u00f3n<\/strong> para la <strong>CDMX<\/strong>, en la cual estar\u00e1n involucrados todas las personas que les gusta el deporte\u201d, destac\u00f3 <strong>Brugada<\/strong>.<\/p>\n\n\n\n<figure class=\"wp-block-image size-large\"><img loading=\"lazy\" decoding=\"async\" width=\"1024\" height=\"575\" src=\"https:\/\/esbozodeportivo.com\/wp-content\/uploads\/2025\/02\/Clara-Brugada1--1024x575.jpg\" alt=\"\" class=\"wp-image-5679\" srcset=\"https:\/\/esbozodeportivo.com\/wp-content\/uploads\/2025\/02\/Clara-Brugada1--1024x575.jpg 1024w, https:\/\/esbozodeportivo.com\/wp-content\/uploads\/2025\/02\/Clara-Brugada1--300x168.jpg 300w, https:\/\/esbozodeportivo.com\/wp-content\/uploads\/2025\/02\/Clara-Brugada1--768x431.jpg 768w, https:\/\/esbozodeportivo.com\/wp-content\/uploads\/2025\/02\/Clara-Brugada1--1536x863.jpg 1536w, https:\/\/esbozodeportivo.com\/wp-content\/uploads\/2025\/02\/Clara-Brugada1--2048x1150.jpg 2048w\" sizes=\"auto, (max-width: 1024px) 100vw, 1024px\" \/><\/figure>\n\n\n\n<p>(Foto: esbozodeportivo.com) <\/p>\n\n\n\n<p>Tambi\u00e9n mencion\u00f3 que se realizar\u00e1 la construcci\u00f3n de <strong>100 Utop\u00edas<\/strong> en la capital, para que cada vez m\u00e1s la ciudadan\u00eda se una a los corredores, que en estos momentos son espacios abandonados, sin embargo la idea es que se conviertan en la mayor infraestructura deportiva de la <strong>Ciudad de M\u00e9xico<\/strong>, la cual tendr\u00e1n nuevos espacios de varias disciplinas, adem\u00e1s del <strong>atletismo<\/strong>, enfatiz\u00f3 la <strong>Jefa de Gobierno<\/strong>.<\/p>\n\n\n\n<p>En el pres\u00eddium estuvo presenta la atleta ind\u00edgena <strong>Lorena Mart\u00ednez<\/strong>, quien a nombre de su comunidad, escuch\u00f3 de voz de la mandataria capitalina, la proposici\u00f3n de designar el 16 de agosto como el <strong>D\u00eda de los Pueblos Ind\u00edgenas<\/strong>.<\/p>\n\n\n\n<p>Por su parte el titular de <strong>INDEPORTE<\/strong>, <strong>Javier Jes\u00fas Peralta<\/strong>, dio a conocer la log\u00edstica de c\u00f3mo se llevar\u00e1 a cabo la realizaci\u00f3n del <strong>Medio y Marat\u00f3n 2025<\/strong> en la ciudad, destacando que ser\u00e1n las mismas rutas tal y como se han venido manejando desde hace tiempo, con esta log\u00edstica se busca que los competidores busquen mejorar su marca y tiempo.<\/p>\n\n\n\n<figure class=\"wp-block-image size-large\"><img loading=\"lazy\" decoding=\"async\" width=\"1024\" height=\"575\" src=\"https:\/\/esbozodeportivo.com\/wp-content\/uploads\/2025\/02\/Clara-Brugada2-1-1-1024x575.jpg\" alt=\"\" class=\"wp-image-5681\" srcset=\"https:\/\/esbozodeportivo.com\/wp-content\/uploads\/2025\/02\/Clara-Brugada2-1-1-1024x575.jpg 1024w, https:\/\/esbozodeportivo.com\/wp-content\/uploads\/2025\/02\/Clara-Brugada2-1-1-300x168.jpg 300w, https:\/\/esbozodeportivo.com\/wp-content\/uploads\/2025\/02\/Clara-Brugada2-1-1-768x431.jpg 768w, https:\/\/esbozodeportivo.com\/wp-content\/uploads\/2025\/02\/Clara-Brugada2-1-1-1536x863.jpg 1536w, https:\/\/esbozodeportivo.com\/wp-content\/uploads\/2025\/02\/Clara-Brugada2-1-1-2048x1150.jpg 2048w\" sizes=\"auto, (max-width: 1024px) 100vw, 1024px\" \/><\/figure>\n\n\n\n<p>(Foto: esbozodeportivo.com) <\/p>\n\n\n\n<p><\/p>\n","protected":false},"excerpt":{"rendered":"<p>(Foto: esbozodeportivo.com) Por: Javier de la Cruz La Jefa de Gobierno de la Ciudad de<\/p>\n","protected":false},"author":2,"featured_media":5678,"comment_status":"closed","ping_status":"open","sticky":false,"template":"","format":"standard","meta":{"_jetpack_memberships_contains_paid_content":false,"footnotes":""},"categories":[5],"tags":[],"class_list":["post-5677","post","type-post","status-publish","format-standard","has-post-thumbnail","hentry","category-amateur"],"yoast_head":"<!-- This site is optimized with the Yoast SEO plugin v25.7 - https:\/\/yoast.com\/wordpress\/plugins\/seo\/ -->\n<title>Clara Brugada anuncia nueva Secretaria de Deporte y Recreaci\u00f3n en CDMX - Esbozo Deportivo<\/title>\n<meta name=\"description\" content=\"La Jefa de Gobierno de la Ciudad de M\u00e9xico, Clara Brugada, anunci\u00f3 la creaci\u00f3n de una nueva Secretaria del Deporte y Recreaci\u00f3n para los capitalinos, durante la presentaci\u00f3n de la ruta para el Medio Marat\u00f3n BBVA y Marat\u00f3n Telcel 2025, que se llev\u00f3 a cabo en el Club de Banqueros.\" \/>\n<meta name=\"robots\" content=\"index, follow, max-snippet:-1, max-image-preview:large, max-video-preview:-1\" \/>\n<link rel=\"canonical\" href=\"https:\/\/esbozodeportivo.com\/index.php\/2025\/02\/06\/clara-brugada-anuncia-nueva-secretaria-de-deporte-y-recreacion-en-cdmx\/\" \/>\n<meta property=\"og:locale\" content=\"es_MX\" \/>\n<meta property=\"og:type\" content=\"article\" \/>\n<meta property=\"og:title\" content=\"Clara Brugada anuncia nueva Secretaria de Deporte y Recreaci\u00f3n en CDMX - Esbozo Deportivo\" \/>\n<meta property=\"og:description\" content=\"La Jefa de Gobierno de la Ciudad de M\u00e9xico, Clara Brugada, anunci\u00f3 la creaci\u00f3n de una nueva Secretaria del Deporte y Recreaci\u00f3n para los capitalinos, durante la presentaci\u00f3n de la ruta para el Medio Marat\u00f3n BBVA y Marat\u00f3n Telcel 2025, que se llev\u00f3 a cabo en el Club de Banqueros.\" \/>\n<meta property=\"og:url\" content=\"https:\/\/esbozodeportivo.com\/index.php\/2025\/02\/06\/clara-brugada-anuncia-nueva-secretaria-de-deporte-y-recreacion-en-cdmx\/\" \/>\n<meta property=\"og:site_name\" content=\"Esbozo Deportivo\" \/>\n<meta property=\"article:published_time\" content=\"2025-02-06T22:07:39+00:00\" \/>\n<meta property=\"og:image\" content=\"https:\/\/esbozodeportivo.com\/wp-content\/uploads\/2025\/02\/Clara-Brugada--scaled.jpg\" \/>\n\t<meta property=\"og:image:width\" content=\"2560\" \/>\n\t<meta property=\"og:image:height\" content=\"1438\" \/>\n\t<meta property=\"og:image:type\" content=\"image\/jpeg\" \/>\n<meta name=\"author\" content=\"Javier De La Cruz\" \/>\n<meta name=\"twitter:card\" content=\"summary_large_image\" \/>\n<meta name=\"twitter:label1\" content=\"Escrito por\" \/>\n\t<meta name=\"twitter:data1\" content=\"Javier De La Cruz\" \/>\n\t<meta name=\"twitter:label2\" content=\"Tiempo de lectura\" \/>\n\t<meta name=\"twitter:data2\" content=\"3 minutos\" \/>\n<script type=\"application\/ld+json\" class=\"yoast-schema-graph\">{\"@context\":\"https:\/\/schema.org\",\"@graph\":[{\"@type\":\"Article\",\"@id\":\"https:\/\/esbozodeportivo.com\/index.php\/2025\/02\/06\/clara-brugada-anuncia-nueva-secretaria-de-deporte-y-recreacion-en-cdmx\/#article\",\"isPartOf\":{\"@id\":\"https:\/\/esbozodeportivo.com\/index.php\/2025\/02\/06\/clara-brugada-anuncia-nueva-secretaria-de-deporte-y-recreacion-en-cdmx\/\"},\"author\":{\"name\":\"Javier De La Cruz\",\"@id\":\"https:\/\/esbozodeportivo.com\/#\/schema\/person\/7277119c98823aec37bbb84e125efd44\"},\"headline\":\"Clara Brugada anuncia nueva Secretaria de Deporte y Recreaci\u00f3n en CDMX\",\"datePublished\":\"2025-02-06T22:07:39+00:00\",\"mainEntityOfPage\":{\"@id\":\"https:\/\/esbozodeportivo.com\/index.php\/2025\/02\/06\/clara-brugada-anuncia-nueva-secretaria-de-deporte-y-recreacion-en-cdmx\/\"},\"wordCount\":390,\"publisher\":{\"@id\":\"https:\/\/esbozodeportivo.com\/#organization\"},\"image\":{\"@id\":\"https:\/\/esbozodeportivo.com\/index.php\/2025\/02\/06\/clara-brugada-anuncia-nueva-secretaria-de-deporte-y-recreacion-en-cdmx\/#primaryimage\"},\"thumbnailUrl\":\"https:\/\/esbozodeportivo.com\/wp-content\/uploads\/2025\/02\/Clara-Brugada--scaled.jpg\",\"articleSection\":[\"Amateur\"],\"inLanguage\":\"es\"},{\"@type\":\"WebPage\",\"@id\":\"https:\/\/esbozodeportivo.com\/index.php\/2025\/02\/06\/clara-brugada-anuncia-nueva-secretaria-de-deporte-y-recreacion-en-cdmx\/\",\"url\":\"https:\/\/esbozodeportivo.com\/index.php\/2025\/02\/06\/clara-brugada-anuncia-nueva-secretaria-de-deporte-y-recreacion-en-cdmx\/\",\"name\":\"Clara Brugada anuncia nueva Secretaria de Deporte y Recreaci\u00f3n en CDMX - Esbozo Deportivo\",\"isPartOf\":{\"@id\":\"https:\/\/esbozodeportivo.com\/#website\"},\"primaryImageOfPage\":{\"@id\":\"https:\/\/esbozodeportivo.com\/index.php\/2025\/02\/06\/clara-brugada-anuncia-nueva-secretaria-de-deporte-y-recreacion-en-cdmx\/#primaryimage\"},\"image\":{\"@id\":\"https:\/\/esbozodeportivo.com\/index.php\/2025\/02\/06\/clara-brugada-anuncia-nueva-secretaria-de-deporte-y-recreacion-en-cdmx\/#primaryimage\"},\"thumbnailUrl\":\"https:\/\/esbozodeportivo.com\/wp-content\/uploads\/2025\/02\/Clara-Brugada--scaled.jpg\",\"datePublished\":\"2025-02-06T22:07:39+00:00\",\"description\":\"La Jefa de Gobierno de la Ciudad de M\u00e9xico, Clara Brugada, anunci\u00f3 la creaci\u00f3n de una nueva Secretaria del Deporte y Recreaci\u00f3n para los capitalinos, durante la presentaci\u00f3n de la ruta para el Medio Marat\u00f3n BBVA y Marat\u00f3n Telcel 2025, que se llev\u00f3 a cabo en el Club de Banqueros.\",\"breadcrumb\":{\"@id\":\"https:\/\/esbozodeportivo.com\/index.php\/2025\/02\/06\/clara-brugada-anuncia-nueva-secretaria-de-deporte-y-recreacion-en-cdmx\/#breadcrumb\"},\"inLanguage\":\"es\",\"potentialAction\":[{\"@type\":\"ReadAction\",\"target\":[\"https:\/\/esbozodeportivo.com\/index.php\/2025\/02\/06\/clara-brugada-anuncia-nueva-secretaria-de-deporte-y-recreacion-en-cdmx\/\"]}]},{\"@type\":\"ImageObject\",\"inLanguage\":\"es\",\"@id\":\"https:\/\/esbozodeportivo.com\/index.php\/2025\/02\/06\/clara-brugada-anuncia-nueva-secretaria-de-deporte-y-recreacion-en-cdmx\/#primaryimage\",\"url\":\"https:\/\/esbozodeportivo.com\/wp-content\/uploads\/2025\/02\/Clara-Brugada--scaled.jpg\",\"contentUrl\":\"https:\/\/esbozodeportivo.com\/wp-content\/uploads\/2025\/02\/Clara-Brugada--scaled.jpg\",\"width\":2560,\"height\":1438},{\"@type\":\"BreadcrumbList\",\"@id\":\"https:\/\/esbozodeportivo.com\/index.php\/2025\/02\/06\/clara-brugada-anuncia-nueva-secretaria-de-deporte-y-recreacion-en-cdmx\/#breadcrumb\",\"itemListElement\":[{\"@type\":\"ListItem\",\"position\":1,\"name\":\"Inicio\",\"item\":\"https:\/\/esbozodeportivo.com\/\"},{\"@type\":\"ListItem\",\"position\":2,\"name\":\"Clara Brugada anuncia nueva Secretaria de Deporte y Recreaci\u00f3n en CDMX\"}]},{\"@type\":\"WebSite\",\"@id\":\"https:\/\/esbozodeportivo.com\/#website\",\"url\":\"https:\/\/esbozodeportivo.com\/\",\"name\":\"Esbozo Deportivo\",\"description\":\"Lo m\u00e1s importante del Deporte\",\"publisher\":{\"@id\":\"https:\/\/esbozodeportivo.com\/#organization\"},\"potentialAction\":[{\"@type\":\"SearchAction\",\"target\":{\"@type\":\"EntryPoint\",\"urlTemplate\":\"https:\/\/esbozodeportivo.com\/?s={search_term_string}\"},\"query-input\":{\"@type\":\"PropertyValueSpecification\",\"valueRequired\":true,\"valueName\":\"search_term_string\"}}],\"inLanguage\":\"es\"},{\"@type\":\"Organization\",\"@id\":\"https:\/\/esbozodeportivo.com\/#organization\",\"name\":\"Esbozo Deportivo\",\"url\":\"https:\/\/esbozodeportivo.com\/\",\"logo\":{\"@type\":\"ImageObject\",\"inLanguage\":\"es\",\"@id\":\"https:\/\/esbozodeportivo.com\/#\/schema\/logo\/image\/\",\"url\":\"https:\/\/esbozodeportivo.com\/wp-content\/uploads\/2022\/08\/cropped-Logo-Esbozo-Web-2.png\",\"contentUrl\":\"https:\/\/esbozodeportivo.com\/wp-content\/uploads\/2022\/08\/cropped-Logo-Esbozo-Web-2.png\",\"width\":180,\"height\":50,\"caption\":\"Esbozo Deportivo\"},\"image\":{\"@id\":\"https:\/\/esbozodeportivo.com\/#\/schema\/logo\/image\/\"}},{\"@type\":\"Person\",\"@id\":\"https:\/\/esbozodeportivo.com\/#\/schema\/person\/7277119c98823aec37bbb84e125efd44\",\"name\":\"Javier De La Cruz\",\"image\":{\"@type\":\"ImageObject\",\"inLanguage\":\"es\",\"@id\":\"https:\/\/esbozodeportivo.com\/#\/schema\/person\/image\/\",\"url\":\"https:\/\/secure.gravatar.com\/avatar\/366235a56d20f1a6e8e3d0b295897639357bea880470ddf261d17bb0bc052eb1?s=96&d=mm&r=g\",\"contentUrl\":\"https:\/\/secure.gravatar.com\/avatar\/366235a56d20f1a6e8e3d0b295897639357bea880470ddf261d17bb0bc052eb1?s=96&d=mm&r=g\",\"caption\":\"Javier De La Cruz\"},\"url\":\"https:\/\/esbozodeportivo.com\/index.php\/author\/javier-de-la-cruz-de-la-cruz\/\"}]}<\/script>\n<!-- \/ Yoast SEO plugin. -->","yoast_head_json":{"title":"Clara Brugada anuncia nueva Secretaria de Deporte y Recreaci\u00f3n en CDMX - Esbozo Deportivo","description":"La Jefa de Gobierno de la Ciudad de M\u00e9xico, Clara Brugada, anunci\u00f3 la creaci\u00f3n de una nueva Secretaria del Deporte y Recreaci\u00f3n para los capitalinos, durante la presentaci\u00f3n de la ruta para el Medio Marat\u00f3n BBVA y Marat\u00f3n Telcel 2025, que se llev\u00f3 a cabo en el Club de Banqueros.","robots":{"index":"index","follow":"follow","max-snippet":"max-snippet:-1","max-image-preview":"max-image-preview:large","max-video-preview":"max-video-preview:-1"},"canonical":"https:\/\/esbozodeportivo.com\/index.php\/2025\/02\/06\/clara-brugada-anuncia-nueva-secretaria-de-deporte-y-recreacion-en-cdmx\/","og_locale":"es_MX","og_type":"article","og_title":"Clara Brugada anuncia nueva Secretaria de Deporte y Recreaci\u00f3n en CDMX - Esbozo Deportivo","og_description":"La Jefa de Gobierno de la Ciudad de M\u00e9xico, Clara Brugada, anunci\u00f3 la creaci\u00f3n de una nueva Secretaria del Deporte y Recreaci\u00f3n para los capitalinos, durante la presentaci\u00f3n de la ruta para el Medio Marat\u00f3n BBVA y Marat\u00f3n Telcel 2025, que se llev\u00f3 a cabo en el Club de Banqueros.","og_url":"https:\/\/esbozodeportivo.com\/index.php\/2025\/02\/06\/clara-brugada-anuncia-nueva-secretaria-de-deporte-y-recreacion-en-cdmx\/","og_site_name":"Esbozo Deportivo","article_published_time":"2025-02-06T22:07:39+00:00","og_image":[{"width":2560,"height":1438,"url":"https:\/\/esbozodeportivo.com\/wp-content\/uploads\/2025\/02\/Clara-Brugada--scaled.jpg","type":"image\/jpeg"}],"author":"Javier De La Cruz","twitter_card":"summary_large_image","twitter_misc":{"Escrito por":"Javier De La Cruz","Tiempo de lectura":"3 minutos"},"schema":{"@context":"https:\/\/schema.org","@graph":[{"@type":"Article","@id":"https:\/\/esbozodeportivo.com\/index.php\/2025\/02\/06\/clara-brugada-anuncia-nueva-secretaria-de-deporte-y-recreacion-en-cdmx\/#article","isPartOf":{"@id":"https:\/\/esbozodeportivo.com\/index.php\/2025\/02\/06\/clara-brugada-anuncia-nueva-secretaria-de-deporte-y-recreacion-en-cdmx\/"},"author":{"name":"Javier De La Cruz","@id":"https:\/\/esbozodeportivo.com\/#\/schema\/person\/7277119c98823aec37bbb84e125efd44"},"headline":"Clara Brugada anuncia nueva Secretaria de Deporte y Recreaci\u00f3n en CDMX","datePublished":"2025-02-06T22:07:39+00:00","mainEntityOfPage":{"@id":"https:\/\/esbozodeportivo.com\/index.php\/2025\/02\/06\/clara-brugada-anuncia-nueva-secretaria-de-deporte-y-recreacion-en-cdmx\/"},"wordCount":390,"publisher":{"@id":"https:\/\/esbozodeportivo.com\/#organization"},"image":{"@id":"https:\/\/esbozodeportivo.com\/index.php\/2025\/02\/06\/clara-brugada-anuncia-nueva-secretaria-de-deporte-y-recreacion-en-cdmx\/#primaryimage"},"thumbnailUrl":"https:\/\/esbozodeportivo.com\/wp-content\/uploads\/2025\/02\/Clara-Brugada--scaled.jpg","articleSection":["Amateur"],"inLanguage":"es"},{"@type":"WebPage","@id":"https:\/\/esbozodeportivo.com\/index.php\/2025\/02\/06\/clara-brugada-anuncia-nueva-secretaria-de-deporte-y-recreacion-en-cdmx\/","url":"https:\/\/esbozodeportivo.com\/index.php\/2025\/02\/06\/clara-brugada-anuncia-nueva-secretaria-de-deporte-y-recreacion-en-cdmx\/","name":"Clara Brugada anuncia nueva Secretaria de Deporte y Recreaci\u00f3n en CDMX - Esbozo Deportivo","isPartOf":{"@id":"https:\/\/esbozodeportivo.com\/#website"},"primaryImageOfPage":{"@id":"https:\/\/esbozodeportivo.com\/index.php\/2025\/02\/06\/clara-brugada-anuncia-nueva-secretaria-de-deporte-y-recreacion-en-cdmx\/#primaryimage"},"image":{"@id":"https:\/\/esbozodeportivo.com\/index.php\/2025\/02\/06\/clara-brugada-anuncia-nueva-secretaria-de-deporte-y-recreacion-en-cdmx\/#primaryimage"},"thumbnailUrl":"https:\/\/esbozodeportivo.com\/wp-content\/uploads\/2025\/02\/Clara-Brugada--scaled.jpg","datePublished":"2025-02-06T22:07:39+00:00","description":"La Jefa de Gobierno de la Ciudad de M\u00e9xico, Clara Brugada, anunci\u00f3 la creaci\u00f3n de una nueva Secretaria del Deporte y Recreaci\u00f3n para los capitalinos, durante la presentaci\u00f3n de la ruta para el Medio Marat\u00f3n BBVA y Marat\u00f3n Telcel 2025, que se llev\u00f3 a cabo en el Club de Banqueros.","breadcrumb":{"@id":"https:\/\/esbozodeportivo.com\/index.php\/2025\/02\/06\/clara-brugada-anuncia-nueva-secretaria-de-deporte-y-recreacion-en-cdmx\/#breadcrumb"},"inLanguage":"es","potentialAction":[{"@type":"ReadAction","target":["https:\/\/esbozodeportivo.com\/index.php\/2025\/02\/06\/clara-brugada-anuncia-nueva-secretaria-de-deporte-y-recreacion-en-cdmx\/"]}]},{"@type":"ImageObject","inLanguage":"es","@id":"https:\/\/esbozodeportivo.com\/index.php\/2025\/02\/06\/clara-brugada-anuncia-nueva-secretaria-de-deporte-y-recreacion-en-cdmx\/#primaryimage","url":"https:\/\/esbozodeportivo.com\/wp-content\/uploads\/2025\/02\/Clara-Brugada--scaled.jpg","contentUrl":"https:\/\/esbozodeportivo.com\/wp-content\/uploads\/2025\/02\/Clara-Brugada--scaled.jpg","width":2560,"height":1438},{"@type":"BreadcrumbList","@id":"https:\/\/esbozodeportivo.com\/index.php\/2025\/02\/06\/clara-brugada-anuncia-nueva-secretaria-de-deporte-y-recreacion-en-cdmx\/#breadcrumb","itemListElement":[{"@type":"ListItem","position":1,"name":"Inicio","item":"https:\/\/esbozodeportivo.com\/"},{"@type":"ListItem","position":2,"name":"Clara Brugada anuncia nueva Secretaria de Deporte y Recreaci\u00f3n en CDMX"}]},{"@type":"WebSite","@id":"https:\/\/esbozodeportivo.com\/#website","url":"https:\/\/esbozodeportivo.com\/","name":"Esbozo Deportivo","description":"Lo m\u00e1s importante del Deporte","publisher":{"@id":"https:\/\/esbozodeportivo.com\/#organization"},"potentialAction":[{"@type":"SearchAction","target":{"@type":"EntryPoint","urlTemplate":"https:\/\/esbozodeportivo.com\/?s={search_term_string}"},"query-input":{"@type":"PropertyValueSpecification","valueRequired":true,"valueName":"search_term_string"}}],"inLanguage":"es"},{"@type":"Organization","@id":"https:\/\/esbozodeportivo.com\/#organization","name":"Esbozo Deportivo","url":"https:\/\/esbozodeportivo.com\/","logo":{"@type":"ImageObject","inLanguage":"es","@id":"https:\/\/esbozodeportivo.com\/#\/schema\/logo\/image\/","url":"https:\/\/esbozodeportivo.com\/wp-content\/uploads\/2022\/08\/cropped-Logo-Esbozo-Web-2.png","contentUrl":"https:\/\/esbozodeportivo.com\/wp-content\/uploads\/2022\/08\/cropped-Logo-Esbozo-Web-2.png","width":180,"height":50,"caption":"Esbozo Deportivo"},"image":{"@id":"https:\/\/esbozodeportivo.com\/#\/schema\/logo\/image\/"}},{"@type":"Person","@id":"https:\/\/esbozodeportivo.com\/#\/schema\/person\/7277119c98823aec37bbb84e125efd44","name":"Javier De La Cruz","image":{"@type":"ImageObject","inLanguage":"es","@id":"https:\/\/esbozodeportivo.com\/#\/schema\/person\/image\/","url":"https:\/\/secure.gravatar.com\/avatar\/366235a56d20f1a6e8e3d0b295897639357bea880470ddf261d17bb0bc052eb1?s=96&d=mm&r=g","contentUrl":"https:\/\/secure.gravatar.com\/avatar\/366235a56d20f1a6e8e3d0b295897639357bea880470ddf261d17bb0bc052eb1?s=96&d=mm&r=g","caption":"Javier De La Cruz"},"url":"https:\/\/esbozodeportivo.com\/index.php\/author\/javier-de-la-cruz-de-la-cruz\/"}]}},"jetpack_featured_media_url":"https:\/\/esbozodeportivo.com\/wp-content\/uploads\/2025\/02\/Clara-Brugada--scaled.jpg","jetpack_sharing_enabled":true,"_links":{"self":[{"href":"https:\/\/esbozodeportivo.com\/index.php\/wp-json\/wp\/v2\/posts\/5677","targetHints":{"allow":["GET"]}}],"collection":[{"href":"https:\/\/esbozodeportivo.com\/index.php\/wp-json\/wp\/v2\/posts"}],"about":[{"href":"https:\/\/esbozodeportivo.com\/index.php\/wp-json\/wp\/v2\/types\/post"}],"author":[{"embeddable":true,"href":"https:\/\/esbozodeportivo.com\/index.php\/wp-json\/wp\/v2\/users\/2"}],"replies":[{"embeddable":true,"href":"https:\/\/esbozodeportivo.com\/index.php\/wp-json\/wp\/v2\/comments?post=5677"}],"version-history":[{"count":1,"href":"https:\/\/esbozodeportivo.com\/index.php\/wp-json\/wp\/v2\/posts\/5677\/revisions"}],"predecessor-version":[{"id":5683,"href":"https:\/\/esbozodeportivo.com\/index.php\/wp-json\/wp\/v2\/posts\/5677\/revisions\/5683"}],"wp:featuredmedia":[{"embeddable":true,"href":"https:\/\/esbozodeportivo.com\/index.php\/wp-json\/wp\/v2\/media\/5678"}],"wp:attachment":[{"href":"https:\/\/esbozodeportivo.com\/index.php\/wp-json\/wp\/v2\/media?parent=5677"}],"wp:term":[{"taxonomy":"category","embeddable":true,"href":"https:\/\/esbozodeportivo.com\/index.php\/wp-json\/wp\/v2\/categories?post=5677"},{"taxonomy":"post_tag","embeddable":true,"href":"https:\/\/esbozodeportivo.com\/index.php\/wp-json\/wp\/v2\/tags?post=5677"}],"curies":[{"name":"wp","href":"https:\/\/api.w.org\/{rel}","templated":true}]}}