{"id":5703,"date":"2025-02-07T05:38:25","date_gmt":"2025-02-07T05:38:25","guid":{"rendered":"https:\/\/esbozodeportivo.com\/?p=5703"},"modified":"2025-02-07T05:38:26","modified_gmt":"2025-02-07T05:38:26","slug":"ruben-moreira-pide-que-el-presidente-de-la-comision-jurisdiccional-salga-de-esa-instancia","status":"publish","type":"post","link":"https:\/\/esbozodeportivo.com\/index.php\/2025\/02\/07\/ruben-moreira-pide-que-el-presidente-de-la-comision-jurisdiccional-salga-de-esa-instancia\/","title":{"rendered":"Rub\u00e9n Moreira pide que el presidente de la Comisi\u00f3n Jurisdiccional salga de esa instancia"},"content":{"rendered":"\n<p>(Foto: @cuauhtemocb10)<\/p>\n\n\n\n<p>\u2022&nbsp;&nbsp;&nbsp;&nbsp;&nbsp;&nbsp;&nbsp;&nbsp;&nbsp; El legislador del PRI se\u00f1al\u00f3 que son de conocimiento p\u00fablico las rencillas pol\u00edticas que desde hace tiempo hay entre estos legisladores morelenses por una relaci\u00f3n que tuvieron para que Blanco llegara a la gubernatura, se\u00f1al\u00f3 el legislador del PRI.<\/p>\n\n\n\n<p>\u2022&nbsp;&nbsp;&nbsp;&nbsp;&nbsp;&nbsp;&nbsp;&nbsp;&nbsp; Los protagonismos, intereses personales y la vendetta pol\u00edtica, asever\u00f3 el l\u00edder congresista, no deben ni pueden tener cabida en la actuaci\u00f3n dentro de esta Comisi\u00f3n.<\/p>\n\n\n\n<p>El diputado federal Rub\u00e9n Moreira Valdez solicitar\u00e1 de manera formal que el presidente de la Comisi\u00f3n Jurisdiccional, Hugo Erick Flores Cisneros, salga de esta instancia, por conflicto de inter\u00e9s en el caso de Cuauht\u00e9moc Blanco, luego de que la Fiscal\u00eda General del Estado de Morelos solicit\u00f3 a la C\u00e1mara de Diputados iniciar el proceso de desafuero contra el exgobernador de Morelos y actual diputado federal por Morena.<\/p>\n\n\n\n<p>El coordinador parlamentario del PRI record\u00f3 que Hugo Erick Flores fue el primer impulsor de la candidatura de Cuauht\u00e9moc Blanco para que fuera gobernador, incluso la negoci\u00f3 con la dirigencia de Morena. Sin embargo, detall\u00f3, rompieron su sociedad cuando el expresidente del PES culp\u00f3 al exfutbolista del fracaso de ese partido en la entidad, intercambiando graves acusaciones.<\/p>\n\n\n\n<p>El legislador priista expres\u00f3 que no se debe prejuzgar la acusaci\u00f3n contra Cuauht\u00e9moc Blanco, y las determinaciones deben tomarse&nbsp; analizando y valorando los elementos de prueba que existan.<\/p>\n\n\n\n<p>Por ello, manifest\u00f3 su preocupaci\u00f3n de que el titular de esta Comisi\u00f3n quiera participar en este proceso, cuando son de conocimiento p\u00fablico las rencillas pol\u00edticas que desde hace tiempo hay entre estos legisladores morelenses.<\/p>\n\n\n\n<p>Los protagonismos, intereses personales y la vendetta pol\u00edtica, asever\u00f3 el l\u00edder congresista, no deben ni pueden tener cabida en la actuaci\u00f3n dentro de esta Comisi\u00f3n, por lo que insisti\u00f3 en que Hugo Flores se excuse y as\u00ed pueda procederse a una actuaci\u00f3n imparcial, apegada a los documentos presentados, sin revanchismos ni sesgos pol\u00edticos.<\/p>\n\n\n\n<p>\u201cMe preocupa que anunciando el tema del se\u00f1or Cuauht\u00e9moc Blanco tengamos aqu\u00ed un linchamiento pol\u00edtico dado los intereses que tiene el se\u00f1or presidente de la Comisi\u00f3n, por lo que deber\u00eda salir de la Comisi\u00f3n por ser tambi\u00e9n oriundo del mismo estado y miembro del mismo partido\u201d, enfatiz\u00f3 el priista.<\/p>\n","protected":false},"excerpt":{"rendered":"<p>(Foto: @cuauhtemocb10) \u2022&nbsp;&nbsp;&nbsp;&nbsp;&nbsp;&nbsp;&nbsp;&nbsp;&nbsp; El legislador del PRI se\u00f1al\u00f3 que son de conocimiento p\u00fablico las rencillas<\/p>\n","protected":false},"author":2,"featured_media":5704,"comment_status":"closed","ping_status":"open","sticky":false,"template":"","format":"standard","meta":{"_jetpack_memberships_contains_paid_content":false,"footnotes":""},"categories":[36],"tags":[],"class_list":["post-5703","post","type-post","status-publish","format-standard","has-post-thumbnail","hentry","category-nacional"],"yoast_head":"<!-- This site is optimized with the Yoast SEO plugin v25.7 - https:\/\/yoast.com\/wordpress\/plugins\/seo\/ -->\n<title>Rub\u00e9n Moreira pide que el presidente de la Comisi\u00f3n Jurisdiccional salga de esa instancia - Esbozo Deportivo<\/title>\n<meta name=\"description\" content=\"El diputado federal Rub\u00e9n Moreira Valdez solicitar\u00e1 de manera formal que el presidente de la Comisi\u00f3n Jurisdiccional, Hugo Erick Flores Cisneros, salga de esta instancia, por conflicto de inter\u00e9s en el caso de Cuauht\u00e9moc Blanco, luego de que la Fiscal\u00eda General del Estado de Morelos solicit\u00f3 a la C\u00e1mara de Diputados iniciar el proceso de desafuero contra el exgobernador de Morelos y actual diputado federal por Morena.\" \/>\n<meta name=\"robots\" content=\"index, follow, max-snippet:-1, max-image-preview:large, max-video-preview:-1\" \/>\n<link rel=\"canonical\" href=\"https:\/\/esbozodeportivo.com\/index.php\/2025\/02\/07\/ruben-moreira-pide-que-el-presidente-de-la-comision-jurisdiccional-salga-de-esa-instancia\/\" \/>\n<meta property=\"og:locale\" content=\"es_MX\" \/>\n<meta property=\"og:type\" content=\"article\" \/>\n<meta property=\"og:title\" content=\"Rub\u00e9n Moreira pide que el presidente de la Comisi\u00f3n Jurisdiccional salga de esa instancia - Esbozo Deportivo\" \/>\n<meta property=\"og:description\" content=\"El diputado federal Rub\u00e9n Moreira Valdez solicitar\u00e1 de manera formal que el presidente de la Comisi\u00f3n Jurisdiccional, Hugo Erick Flores Cisneros, salga de esta instancia, por conflicto de inter\u00e9s en el caso de Cuauht\u00e9moc Blanco, luego de que la Fiscal\u00eda General del Estado de Morelos solicit\u00f3 a la C\u00e1mara de Diputados iniciar el proceso de desafuero contra el exgobernador de Morelos y actual diputado federal por Morena.\" \/>\n<meta property=\"og:url\" content=\"https:\/\/esbozodeportivo.com\/index.php\/2025\/02\/07\/ruben-moreira-pide-que-el-presidente-de-la-comision-jurisdiccional-salga-de-esa-instancia\/\" \/>\n<meta property=\"og:site_name\" content=\"Esbozo Deportivo\" \/>\n<meta property=\"article:published_time\" content=\"2025-02-07T05:38:25+00:00\" \/>\n<meta property=\"article:modified_time\" content=\"2025-02-07T05:38:26+00:00\" \/>\n<meta property=\"og:image\" content=\"https:\/\/esbozodeportivo.com\/wp-content\/uploads\/2025\/02\/Cuauhtemoc-Blanco-scaled.jpg\" \/>\n\t<meta property=\"og:image:width\" content=\"2560\" \/>\n\t<meta property=\"og:image:height\" content=\"1735\" \/>\n\t<meta property=\"og:image:type\" content=\"image\/jpeg\" \/>\n<meta name=\"author\" content=\"Javier De La Cruz\" \/>\n<meta name=\"twitter:card\" content=\"summary_large_image\" \/>\n<meta name=\"twitter:label1\" content=\"Escrito por\" \/>\n\t<meta name=\"twitter:data1\" content=\"Javier De La Cruz\" \/>\n\t<meta name=\"twitter:label2\" content=\"Tiempo de lectura\" \/>\n\t<meta name=\"twitter:data2\" content=\"2 minutos\" \/>\n<script type=\"application\/ld+json\" class=\"yoast-schema-graph\">{\"@context\":\"https:\/\/schema.org\",\"@graph\":[{\"@type\":\"Article\",\"@id\":\"https:\/\/esbozodeportivo.com\/index.php\/2025\/02\/07\/ruben-moreira-pide-que-el-presidente-de-la-comision-jurisdiccional-salga-de-esa-instancia\/#article\",\"isPartOf\":{\"@id\":\"https:\/\/esbozodeportivo.com\/index.php\/2025\/02\/07\/ruben-moreira-pide-que-el-presidente-de-la-comision-jurisdiccional-salga-de-esa-instancia\/\"},\"author\":{\"name\":\"Javier De La Cruz\",\"@id\":\"https:\/\/esbozodeportivo.com\/#\/schema\/person\/7277119c98823aec37bbb84e125efd44\"},\"headline\":\"Rub\u00e9n Moreira pide que el presidente de la Comisi\u00f3n Jurisdiccional salga de esa instancia\",\"datePublished\":\"2025-02-07T05:38:25+00:00\",\"dateModified\":\"2025-02-07T05:38:26+00:00\",\"mainEntityOfPage\":{\"@id\":\"https:\/\/esbozodeportivo.com\/index.php\/2025\/02\/07\/ruben-moreira-pide-que-el-presidente-de-la-comision-jurisdiccional-salga-de-esa-instancia\/\"},\"wordCount\":425,\"publisher\":{\"@id\":\"https:\/\/esbozodeportivo.com\/#organization\"},\"image\":{\"@id\":\"https:\/\/esbozodeportivo.com\/index.php\/2025\/02\/07\/ruben-moreira-pide-que-el-presidente-de-la-comision-jurisdiccional-salga-de-esa-instancia\/#primaryimage\"},\"thumbnailUrl\":\"https:\/\/esbozodeportivo.com\/wp-content\/uploads\/2025\/02\/Cuauhtemoc-Blanco-scaled.jpg\",\"articleSection\":[\"Nacional\"],\"inLanguage\":\"es\"},{\"@type\":\"WebPage\",\"@id\":\"https:\/\/esbozodeportivo.com\/index.php\/2025\/02\/07\/ruben-moreira-pide-que-el-presidente-de-la-comision-jurisdiccional-salga-de-esa-instancia\/\",\"url\":\"https:\/\/esbozodeportivo.com\/index.php\/2025\/02\/07\/ruben-moreira-pide-que-el-presidente-de-la-comision-jurisdiccional-salga-de-esa-instancia\/\",\"name\":\"Rub\u00e9n Moreira pide que el presidente de la Comisi\u00f3n Jurisdiccional salga de esa instancia - Esbozo Deportivo\",\"isPartOf\":{\"@id\":\"https:\/\/esbozodeportivo.com\/#website\"},\"primaryImageOfPage\":{\"@id\":\"https:\/\/esbozodeportivo.com\/index.php\/2025\/02\/07\/ruben-moreira-pide-que-el-presidente-de-la-comision-jurisdiccional-salga-de-esa-instancia\/#primaryimage\"},\"image\":{\"@id\":\"https:\/\/esbozodeportivo.com\/index.php\/2025\/02\/07\/ruben-moreira-pide-que-el-presidente-de-la-comision-jurisdiccional-salga-de-esa-instancia\/#primaryimage\"},\"thumbnailUrl\":\"https:\/\/esbozodeportivo.com\/wp-content\/uploads\/2025\/02\/Cuauhtemoc-Blanco-scaled.jpg\",\"datePublished\":\"2025-02-07T05:38:25+00:00\",\"dateModified\":\"2025-02-07T05:38:26+00:00\",\"description\":\"El diputado federal Rub\u00e9n Moreira Valdez solicitar\u00e1 de manera formal que el presidente de la Comisi\u00f3n Jurisdiccional, Hugo Erick Flores Cisneros, salga de esta instancia, por conflicto de inter\u00e9s en el caso de Cuauht\u00e9moc Blanco, luego de que la Fiscal\u00eda General del Estado de Morelos solicit\u00f3 a la C\u00e1mara de Diputados iniciar el proceso de desafuero contra el exgobernador de Morelos y actual diputado federal por Morena.\",\"breadcrumb\":{\"@id\":\"https:\/\/esbozodeportivo.com\/index.php\/2025\/02\/07\/ruben-moreira-pide-que-el-presidente-de-la-comision-jurisdiccional-salga-de-esa-instancia\/#breadcrumb\"},\"inLanguage\":\"es\",\"potentialAction\":[{\"@type\":\"ReadAction\",\"target\":[\"https:\/\/esbozodeportivo.com\/index.php\/2025\/02\/07\/ruben-moreira-pide-que-el-presidente-de-la-comision-jurisdiccional-salga-de-esa-instancia\/\"]}]},{\"@type\":\"ImageObject\",\"inLanguage\":\"es\",\"@id\":\"https:\/\/esbozodeportivo.com\/index.php\/2025\/02\/07\/ruben-moreira-pide-que-el-presidente-de-la-comision-jurisdiccional-salga-de-esa-instancia\/#primaryimage\",\"url\":\"https:\/\/esbozodeportivo.com\/wp-content\/uploads\/2025\/02\/Cuauhtemoc-Blanco-scaled.jpg\",\"contentUrl\":\"https:\/\/esbozodeportivo.com\/wp-content\/uploads\/2025\/02\/Cuauhtemoc-Blanco-scaled.jpg\",\"width\":2560,\"height\":1735},{\"@type\":\"BreadcrumbList\",\"@id\":\"https:\/\/esbozodeportivo.com\/index.php\/2025\/02\/07\/ruben-moreira-pide-que-el-presidente-de-la-comision-jurisdiccional-salga-de-esa-instancia\/#breadcrumb\",\"itemListElement\":[{\"@type\":\"ListItem\",\"position\":1,\"name\":\"Inicio\",\"item\":\"https:\/\/esbozodeportivo.com\/\"},{\"@type\":\"ListItem\",\"position\":2,\"name\":\"Rub\u00e9n Moreira pide que el presidente de la Comisi\u00f3n Jurisdiccional salga de esa instancia\"}]},{\"@type\":\"WebSite\",\"@id\":\"https:\/\/esbozodeportivo.com\/#website\",\"url\":\"https:\/\/esbozodeportivo.com\/\",\"name\":\"Esbozo Deportivo\",\"description\":\"Lo m\u00e1s importante del Deporte\",\"publisher\":{\"@id\":\"https:\/\/esbozodeportivo.com\/#organization\"},\"potentialAction\":[{\"@type\":\"SearchAction\",\"target\":{\"@type\":\"EntryPoint\",\"urlTemplate\":\"https:\/\/esbozodeportivo.com\/?s={search_term_string}\"},\"query-input\":{\"@type\":\"PropertyValueSpecification\",\"valueRequired\":true,\"valueName\":\"search_term_string\"}}],\"inLanguage\":\"es\"},{\"@type\":\"Organization\",\"@id\":\"https:\/\/esbozodeportivo.com\/#organization\",\"name\":\"Esbozo Deportivo\",\"url\":\"https:\/\/esbozodeportivo.com\/\",\"logo\":{\"@type\":\"ImageObject\",\"inLanguage\":\"es\",\"@id\":\"https:\/\/esbozodeportivo.com\/#\/schema\/logo\/image\/\",\"url\":\"https:\/\/esbozodeportivo.com\/wp-content\/uploads\/2022\/08\/cropped-Logo-Esbozo-Web-2.png\",\"contentUrl\":\"https:\/\/esbozodeportivo.com\/wp-content\/uploads\/2022\/08\/cropped-Logo-Esbozo-Web-2.png\",\"width\":180,\"height\":50,\"caption\":\"Esbozo Deportivo\"},\"image\":{\"@id\":\"https:\/\/esbozodeportivo.com\/#\/schema\/logo\/image\/\"}},{\"@type\":\"Person\",\"@id\":\"https:\/\/esbozodeportivo.com\/#\/schema\/person\/7277119c98823aec37bbb84e125efd44\",\"name\":\"Javier De La Cruz\",\"image\":{\"@type\":\"ImageObject\",\"inLanguage\":\"es\",\"@id\":\"https:\/\/esbozodeportivo.com\/#\/schema\/person\/image\/\",\"url\":\"https:\/\/secure.gravatar.com\/avatar\/366235a56d20f1a6e8e3d0b295897639357bea880470ddf261d17bb0bc052eb1?s=96&d=mm&r=g\",\"contentUrl\":\"https:\/\/secure.gravatar.com\/avatar\/366235a56d20f1a6e8e3d0b295897639357bea880470ddf261d17bb0bc052eb1?s=96&d=mm&r=g\",\"caption\":\"Javier De La Cruz\"},\"url\":\"https:\/\/esbozodeportivo.com\/index.php\/author\/javier-de-la-cruz-de-la-cruz\/\"}]}<\/script>\n<!-- \/ Yoast SEO plugin. -->","yoast_head_json":{"title":"Rub\u00e9n Moreira pide que el presidente de la Comisi\u00f3n Jurisdiccional salga de esa instancia - Esbozo Deportivo","description":"El diputado federal Rub\u00e9n Moreira Valdez solicitar\u00e1 de manera formal que el presidente de la Comisi\u00f3n Jurisdiccional, Hugo Erick Flores Cisneros, salga de esta instancia, por conflicto de inter\u00e9s en el caso de Cuauht\u00e9moc Blanco, luego de que la Fiscal\u00eda General del Estado de Morelos solicit\u00f3 a la C\u00e1mara de Diputados iniciar el proceso de desafuero contra el exgobernador de Morelos y actual diputado federal por Morena.","robots":{"index":"index","follow":"follow","max-snippet":"max-snippet:-1","max-image-preview":"max-image-preview:large","max-video-preview":"max-video-preview:-1"},"canonical":"https:\/\/esbozodeportivo.com\/index.php\/2025\/02\/07\/ruben-moreira-pide-que-el-presidente-de-la-comision-jurisdiccional-salga-de-esa-instancia\/","og_locale":"es_MX","og_type":"article","og_title":"Rub\u00e9n Moreira pide que el presidente de la Comisi\u00f3n Jurisdiccional salga de esa instancia - Esbozo Deportivo","og_description":"El diputado federal Rub\u00e9n Moreira Valdez solicitar\u00e1 de manera formal que el presidente de la Comisi\u00f3n Jurisdiccional, Hugo Erick Flores Cisneros, salga de esta instancia, por conflicto de inter\u00e9s en el caso de Cuauht\u00e9moc Blanco, luego de que la Fiscal\u00eda General del Estado de Morelos solicit\u00f3 a la C\u00e1mara de Diputados iniciar el proceso de desafuero contra el exgobernador de Morelos y actual diputado federal por Morena.","og_url":"https:\/\/esbozodeportivo.com\/index.php\/2025\/02\/07\/ruben-moreira-pide-que-el-presidente-de-la-comision-jurisdiccional-salga-de-esa-instancia\/","og_site_name":"Esbozo Deportivo","article_published_time":"2025-02-07T05:38:25+00:00","article_modified_time":"2025-02-07T05:38:26+00:00","og_image":[{"width":2560,"height":1735,"url":"https:\/\/esbozodeportivo.com\/wp-content\/uploads\/2025\/02\/Cuauhtemoc-Blanco-scaled.jpg","type":"image\/jpeg"}],"author":"Javier De La Cruz","twitter_card":"summary_large_image","twitter_misc":{"Escrito por":"Javier De La Cruz","Tiempo de lectura":"2 minutos"},"schema":{"@context":"https:\/\/schema.org","@graph":[{"@type":"Article","@id":"https:\/\/esbozodeportivo.com\/index.php\/2025\/02\/07\/ruben-moreira-pide-que-el-presidente-de-la-comision-jurisdiccional-salga-de-esa-instancia\/#article","isPartOf":{"@id":"https:\/\/esbozodeportivo.com\/index.php\/2025\/02\/07\/ruben-moreira-pide-que-el-presidente-de-la-comision-jurisdiccional-salga-de-esa-instancia\/"},"author":{"name":"Javier De La Cruz","@id":"https:\/\/esbozodeportivo.com\/#\/schema\/person\/7277119c98823aec37bbb84e125efd44"},"headline":"Rub\u00e9n Moreira pide que el presidente de la Comisi\u00f3n Jurisdiccional salga de esa instancia","datePublished":"2025-02-07T05:38:25+00:00","dateModified":"2025-02-07T05:38:26+00:00","mainEntityOfPage":{"@id":"https:\/\/esbozodeportivo.com\/index.php\/2025\/02\/07\/ruben-moreira-pide-que-el-presidente-de-la-comision-jurisdiccional-salga-de-esa-instancia\/"},"wordCount":425,"publisher":{"@id":"https:\/\/esbozodeportivo.com\/#organization"},"image":{"@id":"https:\/\/esbozodeportivo.com\/index.php\/2025\/02\/07\/ruben-moreira-pide-que-el-presidente-de-la-comision-jurisdiccional-salga-de-esa-instancia\/#primaryimage"},"thumbnailUrl":"https:\/\/esbozodeportivo.com\/wp-content\/uploads\/2025\/02\/Cuauhtemoc-Blanco-scaled.jpg","articleSection":["Nacional"],"inLanguage":"es"},{"@type":"WebPage","@id":"https:\/\/esbozodeportivo.com\/index.php\/2025\/02\/07\/ruben-moreira-pide-que-el-presidente-de-la-comision-jurisdiccional-salga-de-esa-instancia\/","url":"https:\/\/esbozodeportivo.com\/index.php\/2025\/02\/07\/ruben-moreira-pide-que-el-presidente-de-la-comision-jurisdiccional-salga-de-esa-instancia\/","name":"Rub\u00e9n Moreira pide que el presidente de la Comisi\u00f3n Jurisdiccional salga de esa instancia - Esbozo Deportivo","isPartOf":{"@id":"https:\/\/esbozodeportivo.com\/#website"},"primaryImageOfPage":{"@id":"https:\/\/esbozodeportivo.com\/index.php\/2025\/02\/07\/ruben-moreira-pide-que-el-presidente-de-la-comision-jurisdiccional-salga-de-esa-instancia\/#primaryimage"},"image":{"@id":"https:\/\/esbozodeportivo.com\/index.php\/2025\/02\/07\/ruben-moreira-pide-que-el-presidente-de-la-comision-jurisdiccional-salga-de-esa-instancia\/#primaryimage"},"thumbnailUrl":"https:\/\/esbozodeportivo.com\/wp-content\/uploads\/2025\/02\/Cuauhtemoc-Blanco-scaled.jpg","datePublished":"2025-02-07T05:38:25+00:00","dateModified":"2025-02-07T05:38:26+00:00","description":"El diputado federal Rub\u00e9n Moreira Valdez solicitar\u00e1 de manera formal que el presidente de la Comisi\u00f3n Jurisdiccional, Hugo Erick Flores Cisneros, salga de esta instancia, por conflicto de inter\u00e9s en el caso de Cuauht\u00e9moc Blanco, luego de que la Fiscal\u00eda General del Estado de Morelos solicit\u00f3 a la C\u00e1mara de Diputados iniciar el proceso de desafuero contra el exgobernador de Morelos y actual diputado federal por Morena.","breadcrumb":{"@id":"https:\/\/esbozodeportivo.com\/index.php\/2025\/02\/07\/ruben-moreira-pide-que-el-presidente-de-la-comision-jurisdiccional-salga-de-esa-instancia\/#breadcrumb"},"inLanguage":"es","potentialAction":[{"@type":"ReadAction","target":["https:\/\/esbozodeportivo.com\/index.php\/2025\/02\/07\/ruben-moreira-pide-que-el-presidente-de-la-comision-jurisdiccional-salga-de-esa-instancia\/"]}]},{"@type":"ImageObject","inLanguage":"es","@id":"https:\/\/esbozodeportivo.com\/index.php\/2025\/02\/07\/ruben-moreira-pide-que-el-presidente-de-la-comision-jurisdiccional-salga-de-esa-instancia\/#primaryimage","url":"https:\/\/esbozodeportivo.com\/wp-content\/uploads\/2025\/02\/Cuauhtemoc-Blanco-scaled.jpg","contentUrl":"https:\/\/esbozodeportivo.com\/wp-content\/uploads\/2025\/02\/Cuauhtemoc-Blanco-scaled.jpg","width":2560,"height":1735},{"@type":"BreadcrumbList","@id":"https:\/\/esbozodeportivo.com\/index.php\/2025\/02\/07\/ruben-moreira-pide-que-el-presidente-de-la-comision-jurisdiccional-salga-de-esa-instancia\/#breadcrumb","itemListElement":[{"@type":"ListItem","position":1,"name":"Inicio","item":"https:\/\/esbozodeportivo.com\/"},{"@type":"ListItem","position":2,"name":"Rub\u00e9n Moreira pide que el presidente de la Comisi\u00f3n Jurisdiccional salga de esa instancia"}]},{"@type":"WebSite","@id":"https:\/\/esbozodeportivo.com\/#website","url":"https:\/\/esbozodeportivo.com\/","name":"Esbozo Deportivo","description":"Lo m\u00e1s importante del Deporte","publisher":{"@id":"https:\/\/esbozodeportivo.com\/#organization"},"potentialAction":[{"@type":"SearchAction","target":{"@type":"EntryPoint","urlTemplate":"https:\/\/esbozodeportivo.com\/?s={search_term_string}"},"query-input":{"@type":"PropertyValueSpecification","valueRequired":true,"valueName":"search_term_string"}}],"inLanguage":"es"},{"@type":"Organization","@id":"https:\/\/esbozodeportivo.com\/#organization","name":"Esbozo Deportivo","url":"https:\/\/esbozodeportivo.com\/","logo":{"@type":"ImageObject","inLanguage":"es","@id":"https:\/\/esbozodeportivo.com\/#\/schema\/logo\/image\/","url":"https:\/\/esbozodeportivo.com\/wp-content\/uploads\/2022\/08\/cropped-Logo-Esbozo-Web-2.png","contentUrl":"https:\/\/esbozodeportivo.com\/wp-content\/uploads\/2022\/08\/cropped-Logo-Esbozo-Web-2.png","width":180,"height":50,"caption":"Esbozo Deportivo"},"image":{"@id":"https:\/\/esbozodeportivo.com\/#\/schema\/logo\/image\/"}},{"@type":"Person","@id":"https:\/\/esbozodeportivo.com\/#\/schema\/person\/7277119c98823aec37bbb84e125efd44","name":"Javier De La Cruz","image":{"@type":"ImageObject","inLanguage":"es","@id":"https:\/\/esbozodeportivo.com\/#\/schema\/person\/image\/","url":"https:\/\/secure.gravatar.com\/avatar\/366235a56d20f1a6e8e3d0b295897639357bea880470ddf261d17bb0bc052eb1?s=96&d=mm&r=g","contentUrl":"https:\/\/secure.gravatar.com\/avatar\/366235a56d20f1a6e8e3d0b295897639357bea880470ddf261d17bb0bc052eb1?s=96&d=mm&r=g","caption":"Javier De La Cruz"},"url":"https:\/\/esbozodeportivo.com\/index.php\/author\/javier-de-la-cruz-de-la-cruz\/"}]}},"jetpack_featured_media_url":"https:\/\/esbozodeportivo.com\/wp-content\/uploads\/2025\/02\/Cuauhtemoc-Blanco-scaled.jpg","jetpack_sharing_enabled":true,"_links":{"self":[{"href":"https:\/\/esbozodeportivo.com\/index.php\/wp-json\/wp\/v2\/posts\/5703","targetHints":{"allow":["GET"]}}],"collection":[{"href":"https:\/\/esbozodeportivo.com\/index.php\/wp-json\/wp\/v2\/posts"}],"about":[{"href":"https:\/\/esbozodeportivo.com\/index.php\/wp-json\/wp\/v2\/types\/post"}],"author":[{"embeddable":true,"href":"https:\/\/esbozodeportivo.com\/index.php\/wp-json\/wp\/v2\/users\/2"}],"replies":[{"embeddable":true,"href":"https:\/\/esbozodeportivo.com\/index.php\/wp-json\/wp\/v2\/comments?post=5703"}],"version-history":[{"count":1,"href":"https:\/\/esbozodeportivo.com\/index.php\/wp-json\/wp\/v2\/posts\/5703\/revisions"}],"predecessor-version":[{"id":5705,"href":"https:\/\/esbozodeportivo.com\/index.php\/wp-json\/wp\/v2\/posts\/5703\/revisions\/5705"}],"wp:featuredmedia":[{"embeddable":true,"href":"https:\/\/esbozodeportivo.com\/index.php\/wp-json\/wp\/v2\/media\/5704"}],"wp:attachment":[{"href":"https:\/\/esbozodeportivo.com\/index.php\/wp-json\/wp\/v2\/media?parent=5703"}],"wp:term":[{"taxonomy":"category","embeddable":true,"href":"https:\/\/esbozodeportivo.com\/index.php\/wp-json\/wp\/v2\/categories?post=5703"},{"taxonomy":"post_tag","embeddable":true,"href":"https:\/\/esbozodeportivo.com\/index.php\/wp-json\/wp\/v2\/tags?post=5703"}],"curies":[{"name":"wp","href":"https:\/\/api.w.org\/{rel}","templated":true}]}}