{"id":5813,"date":"2025-02-12T03:14:50","date_gmt":"2025-02-12T03:14:50","guid":{"rendered":"https:\/\/esbozodeportivo.com\/?p=5813"},"modified":"2025-02-12T03:14:51","modified_gmt":"2025-02-12T03:14:51","slug":"oscar-garcia-no-tiene-miedo-a-perder-su-puesto","status":"publish","type":"post","link":"https:\/\/esbozodeportivo.com\/index.php\/2025\/02\/12\/oscar-garcia-no-tiene-miedo-a-perder-su-puesto\/","title":{"rendered":"\u00d3scar Garc\u00eda no tiene miedo a perder su puesto"},"content":{"rendered":"\n<p>(Foto: Agencias) <\/p>\n\n\n\n<p>Como t\u00e9cnico de <strong>Chivas<\/strong>, <strong>\u00d3scar Garc\u00eda<\/strong> se ha metido en problemas muy pronto. Lo sabe y dice no estar preocupado.<\/p>\n\n\n\n<p>El entrenador espa\u00f1ol dijo el martes que sabe que los resultados no lo han acompa\u00f1ado desde que lleg\u00f3 a <strong>M\u00e9xico<\/strong>, pero no piensa en una salida anticipada, incluso si el <strong>Guadalajara<\/strong> es sorprendido en casa el mi\u00e9rcoles por el modesto Cibao de la <strong>Rep\u00fablica Dominicana<\/strong> en la <strong>Copa de Campeones<\/strong> de la <strong>CONCACAF<\/strong>.<\/p>\n\n\n\n<p>\u201cYo trabajo en el d\u00eda a d\u00eda pensando en que voy a estar toda mi vida en el club\u201d, dijo <strong>Garc\u00eda <\/strong>en una rueda de prensa. \u201cEsa mentalidad es la que me ha llevado a tener la opci\u00f3n de entrenar a grandes clubes, y lo que me ha llevado a entrenar a este club. Tengo esa mentalidad, pero tambi\u00e9n soy consciente de que nada es perenne y no voy a durar toda la vida\u201d.<\/p>\n\n\n\n<p>El espa\u00f1ol dirigi\u00f3 a <strong>Maccabi Tel Aviv<\/strong>, <strong>Watford, Salzburgo<\/strong> y <strong>Stade de Reims<\/strong> entre otros antes de asumir con <strong>Chivas<\/strong> a inicios de a\u00f1o como la m\u00e1s reciente apuesta de la dirigencia para tratar de que el equipo, uno de los dos m\u00e1s populares en M\u00e9xico, culmine con una sequ\u00eda de t\u00edtulos que se remonta al <strong>Clausura 2017<\/strong>.<\/p>\n\n\n\n<p>En el torneo mexicano, el triunfo del fin de semana pasado ante <strong>Tijuana <\/strong>dej\u00f3 al <strong>Guadalajara<\/strong> con una cosecha de ocho puntos luego de seis fechas, ubic\u00e1ndose en el d\u00e9cimo sitio de la clasificaci\u00f3n, el cual es el \u00faltimo que da acceso a la repesca para la liguilla por el t\u00edtulo.<\/p>\n\n\n\n<p>\u201cPuedo no estar contento con los resultados que hemos tenido porque hemos merecido m\u00e1s, pero es cierto que en otros partidos el nivel podr\u00eda ser un poco m\u00e1s alto\u201d, asegur\u00f3. \u201cEs como la muerte, t\u00fa sabes que te vas a morir, desgraciadamente nos vamos a morir todos, sufrir por pensar en la muerte digo que no est\u00e1 bien\u201d.<\/p>\n\n\n\n<p>En la <strong>CONCACAF<\/strong>, <strong>Chivas<\/strong> est\u00e1 obligado a ganar el mi\u00e9rcoles ante <strong>Cibao<\/strong> si desea seguir adelante. En la siguiente fase le espera un choque ante el tricampe\u00f3n <strong>Am\u00e9rica<\/strong>, su cl\u00e1sico rival que lidera el torneo mexicano.<\/p>\n\n\n\n<p>Una eliminaci\u00f3n ante <strong>Am\u00e9rica <\/strong>y sin mejor\u00eda en los partidos del torneo local podr\u00eda ser raz\u00f3n suficiente para la dirigencia de <strong>Chivas <\/strong>para acabar con la etapa de Garc\u00eda. Desde que el argentino <strong>Mat\u00edas Almeyda<\/strong> alz\u00f3 la copa del <strong>Clausura 2017<\/strong>, un total de once entrenadores han desfilado por el banquillo rojibanco.<\/p>\n\n\n\n<p>\u201cIntento es disfrutar del proceso, ojal\u00e1 sea largo, que me dejen trabajar, que me dejen hacer las cosas que yo quiero\u201d, dijo el espa\u00f1ol. \u201cEstamos en un proceso de reconstrucci\u00f3n, y no pierdo el tiempo o me preocupo mucho porque estas cosas pueden pasar o que pasan porque no las puedo controlar ni yo ni nadie\u201d.<\/p>\n\n\n\n<p><\/p>\n","protected":false},"excerpt":{"rendered":"<p>(Foto: Agencias) Como t\u00e9cnico de Chivas, \u00d3scar Garc\u00eda se ha metido en problemas muy pronto.<\/p>\n","protected":false},"author":2,"featured_media":5815,"comment_status":"closed","ping_status":"open","sticky":false,"template":"","format":"standard","meta":{"_jetpack_memberships_contains_paid_content":false,"footnotes":""},"categories":[20],"tags":[],"class_list":["post-5813","post","type-post","status-publish","format-standard","has-post-thumbnail","hentry","category-liga"],"yoast_head":"<!-- This site is optimized with the Yoast SEO plugin v25.7 - https:\/\/yoast.com\/wordpress\/plugins\/seo\/ -->\n<title>\u00d3scar Garc\u00eda no tiene miedo a perder su puesto - Esbozo Deportivo<\/title>\n<meta name=\"description\" content=\"El entrenador espa\u00f1ol dijo el martes que sabe que los resultados no lo han acompa\u00f1ado desde que lleg\u00f3 a M\u00e9xico, pero no piensa en una salida anticipada, incluso si el Guadalajara es sorprendido en casa el mi\u00e9rcoles por el modesto Cibao de la Rep\u00fablica Dominicana en la Copa de Campeones de la CONCACAF.\" \/>\n<meta name=\"robots\" content=\"index, follow, max-snippet:-1, max-image-preview:large, max-video-preview:-1\" \/>\n<link rel=\"canonical\" href=\"https:\/\/esbozodeportivo.com\/index.php\/2025\/02\/12\/oscar-garcia-no-tiene-miedo-a-perder-su-puesto\/\" \/>\n<meta property=\"og:locale\" content=\"es_MX\" \/>\n<meta property=\"og:type\" content=\"article\" \/>\n<meta property=\"og:title\" content=\"\u00d3scar Garc\u00eda no tiene miedo a perder su puesto - Esbozo Deportivo\" \/>\n<meta property=\"og:description\" content=\"El entrenador espa\u00f1ol dijo el martes que sabe que los resultados no lo han acompa\u00f1ado desde que lleg\u00f3 a M\u00e9xico, pero no piensa en una salida anticipada, incluso si el Guadalajara es sorprendido en casa el mi\u00e9rcoles por el modesto Cibao de la Rep\u00fablica Dominicana en la Copa de Campeones de la CONCACAF.\" \/>\n<meta property=\"og:url\" content=\"https:\/\/esbozodeportivo.com\/index.php\/2025\/02\/12\/oscar-garcia-no-tiene-miedo-a-perder-su-puesto\/\" \/>\n<meta property=\"og:site_name\" content=\"Esbozo Deportivo\" \/>\n<meta property=\"article:published_time\" content=\"2025-02-12T03:14:50+00:00\" \/>\n<meta property=\"article:modified_time\" content=\"2025-02-12T03:14:51+00:00\" \/>\n<meta property=\"og:image\" content=\"https:\/\/esbozodeportivo.com\/wp-content\/uploads\/2025\/02\/OSCAR.jpg\" \/>\n\t<meta property=\"og:image:width\" content=\"800\" \/>\n\t<meta property=\"og:image:height\" content=\"600\" \/>\n\t<meta property=\"og:image:type\" content=\"image\/jpeg\" \/>\n<meta name=\"author\" content=\"Javier De La Cruz\" \/>\n<meta name=\"twitter:card\" content=\"summary_large_image\" \/>\n<meta name=\"twitter:label1\" content=\"Escrito por\" \/>\n\t<meta name=\"twitter:data1\" content=\"Javier De La Cruz\" \/>\n\t<meta name=\"twitter:label2\" content=\"Tiempo de lectura\" \/>\n\t<meta name=\"twitter:data2\" content=\"3 minutos\" \/>\n<script type=\"application\/ld+json\" class=\"yoast-schema-graph\">{\"@context\":\"https:\/\/schema.org\",\"@graph\":[{\"@type\":\"Article\",\"@id\":\"https:\/\/esbozodeportivo.com\/index.php\/2025\/02\/12\/oscar-garcia-no-tiene-miedo-a-perder-su-puesto\/#article\",\"isPartOf\":{\"@id\":\"https:\/\/esbozodeportivo.com\/index.php\/2025\/02\/12\/oscar-garcia-no-tiene-miedo-a-perder-su-puesto\/\"},\"author\":{\"name\":\"Javier De La Cruz\",\"@id\":\"https:\/\/esbozodeportivo.com\/#\/schema\/person\/7277119c98823aec37bbb84e125efd44\"},\"headline\":\"\u00d3scar Garc\u00eda no tiene miedo a perder su puesto\",\"datePublished\":\"2025-02-12T03:14:50+00:00\",\"dateModified\":\"2025-02-12T03:14:51+00:00\",\"mainEntityOfPage\":{\"@id\":\"https:\/\/esbozodeportivo.com\/index.php\/2025\/02\/12\/oscar-garcia-no-tiene-miedo-a-perder-su-puesto\/\"},\"wordCount\":507,\"publisher\":{\"@id\":\"https:\/\/esbozodeportivo.com\/#organization\"},\"image\":{\"@id\":\"https:\/\/esbozodeportivo.com\/index.php\/2025\/02\/12\/oscar-garcia-no-tiene-miedo-a-perder-su-puesto\/#primaryimage\"},\"thumbnailUrl\":\"https:\/\/esbozodeportivo.com\/wp-content\/uploads\/2025\/02\/OSCAR.jpg\",\"articleSection\":[\"Liga MX\"],\"inLanguage\":\"es\"},{\"@type\":\"WebPage\",\"@id\":\"https:\/\/esbozodeportivo.com\/index.php\/2025\/02\/12\/oscar-garcia-no-tiene-miedo-a-perder-su-puesto\/\",\"url\":\"https:\/\/esbozodeportivo.com\/index.php\/2025\/02\/12\/oscar-garcia-no-tiene-miedo-a-perder-su-puesto\/\",\"name\":\"\u00d3scar Garc\u00eda no tiene miedo a perder su puesto - Esbozo Deportivo\",\"isPartOf\":{\"@id\":\"https:\/\/esbozodeportivo.com\/#website\"},\"primaryImageOfPage\":{\"@id\":\"https:\/\/esbozodeportivo.com\/index.php\/2025\/02\/12\/oscar-garcia-no-tiene-miedo-a-perder-su-puesto\/#primaryimage\"},\"image\":{\"@id\":\"https:\/\/esbozodeportivo.com\/index.php\/2025\/02\/12\/oscar-garcia-no-tiene-miedo-a-perder-su-puesto\/#primaryimage\"},\"thumbnailUrl\":\"https:\/\/esbozodeportivo.com\/wp-content\/uploads\/2025\/02\/OSCAR.jpg\",\"datePublished\":\"2025-02-12T03:14:50+00:00\",\"dateModified\":\"2025-02-12T03:14:51+00:00\",\"description\":\"El entrenador espa\u00f1ol dijo el martes que sabe que los resultados no lo han acompa\u00f1ado desde que lleg\u00f3 a M\u00e9xico, pero no piensa en una salida anticipada, incluso si el Guadalajara es sorprendido en casa el mi\u00e9rcoles por el modesto Cibao de la Rep\u00fablica Dominicana en la Copa de Campeones de la CONCACAF.\",\"breadcrumb\":{\"@id\":\"https:\/\/esbozodeportivo.com\/index.php\/2025\/02\/12\/oscar-garcia-no-tiene-miedo-a-perder-su-puesto\/#breadcrumb\"},\"inLanguage\":\"es\",\"potentialAction\":[{\"@type\":\"ReadAction\",\"target\":[\"https:\/\/esbozodeportivo.com\/index.php\/2025\/02\/12\/oscar-garcia-no-tiene-miedo-a-perder-su-puesto\/\"]}]},{\"@type\":\"ImageObject\",\"inLanguage\":\"es\",\"@id\":\"https:\/\/esbozodeportivo.com\/index.php\/2025\/02\/12\/oscar-garcia-no-tiene-miedo-a-perder-su-puesto\/#primaryimage\",\"url\":\"https:\/\/esbozodeportivo.com\/wp-content\/uploads\/2025\/02\/OSCAR.jpg\",\"contentUrl\":\"https:\/\/esbozodeportivo.com\/wp-content\/uploads\/2025\/02\/OSCAR.jpg\",\"width\":800,\"height\":600},{\"@type\":\"BreadcrumbList\",\"@id\":\"https:\/\/esbozodeportivo.com\/index.php\/2025\/02\/12\/oscar-garcia-no-tiene-miedo-a-perder-su-puesto\/#breadcrumb\",\"itemListElement\":[{\"@type\":\"ListItem\",\"position\":1,\"name\":\"Inicio\",\"item\":\"https:\/\/esbozodeportivo.com\/\"},{\"@type\":\"ListItem\",\"position\":2,\"name\":\"\u00d3scar Garc\u00eda no tiene miedo a perder su puesto\"}]},{\"@type\":\"WebSite\",\"@id\":\"https:\/\/esbozodeportivo.com\/#website\",\"url\":\"https:\/\/esbozodeportivo.com\/\",\"name\":\"Esbozo Deportivo\",\"description\":\"Lo m\u00e1s importante del Deporte\",\"publisher\":{\"@id\":\"https:\/\/esbozodeportivo.com\/#organization\"},\"potentialAction\":[{\"@type\":\"SearchAction\",\"target\":{\"@type\":\"EntryPoint\",\"urlTemplate\":\"https:\/\/esbozodeportivo.com\/?s={search_term_string}\"},\"query-input\":{\"@type\":\"PropertyValueSpecification\",\"valueRequired\":true,\"valueName\":\"search_term_string\"}}],\"inLanguage\":\"es\"},{\"@type\":\"Organization\",\"@id\":\"https:\/\/esbozodeportivo.com\/#organization\",\"name\":\"Esbozo Deportivo\",\"url\":\"https:\/\/esbozodeportivo.com\/\",\"logo\":{\"@type\":\"ImageObject\",\"inLanguage\":\"es\",\"@id\":\"https:\/\/esbozodeportivo.com\/#\/schema\/logo\/image\/\",\"url\":\"https:\/\/esbozodeportivo.com\/wp-content\/uploads\/2022\/08\/cropped-Logo-Esbozo-Web-2.png\",\"contentUrl\":\"https:\/\/esbozodeportivo.com\/wp-content\/uploads\/2022\/08\/cropped-Logo-Esbozo-Web-2.png\",\"width\":180,\"height\":50,\"caption\":\"Esbozo Deportivo\"},\"image\":{\"@id\":\"https:\/\/esbozodeportivo.com\/#\/schema\/logo\/image\/\"}},{\"@type\":\"Person\",\"@id\":\"https:\/\/esbozodeportivo.com\/#\/schema\/person\/7277119c98823aec37bbb84e125efd44\",\"name\":\"Javier De La Cruz\",\"image\":{\"@type\":\"ImageObject\",\"inLanguage\":\"es\",\"@id\":\"https:\/\/esbozodeportivo.com\/#\/schema\/person\/image\/\",\"url\":\"https:\/\/secure.gravatar.com\/avatar\/366235a56d20f1a6e8e3d0b295897639357bea880470ddf261d17bb0bc052eb1?s=96&d=mm&r=g\",\"contentUrl\":\"https:\/\/secure.gravatar.com\/avatar\/366235a56d20f1a6e8e3d0b295897639357bea880470ddf261d17bb0bc052eb1?s=96&d=mm&r=g\",\"caption\":\"Javier De La Cruz\"},\"url\":\"https:\/\/esbozodeportivo.com\/index.php\/author\/javier-de-la-cruz-de-la-cruz\/\"}]}<\/script>\n<!-- \/ Yoast SEO plugin. -->","yoast_head_json":{"title":"\u00d3scar Garc\u00eda no tiene miedo a perder su puesto - Esbozo Deportivo","description":"El entrenador espa\u00f1ol dijo el martes que sabe que los resultados no lo han acompa\u00f1ado desde que lleg\u00f3 a M\u00e9xico, pero no piensa en una salida anticipada, incluso si el Guadalajara es sorprendido en casa el mi\u00e9rcoles por el modesto Cibao de la Rep\u00fablica Dominicana en la Copa de Campeones de la CONCACAF.","robots":{"index":"index","follow":"follow","max-snippet":"max-snippet:-1","max-image-preview":"max-image-preview:large","max-video-preview":"max-video-preview:-1"},"canonical":"https:\/\/esbozodeportivo.com\/index.php\/2025\/02\/12\/oscar-garcia-no-tiene-miedo-a-perder-su-puesto\/","og_locale":"es_MX","og_type":"article","og_title":"\u00d3scar Garc\u00eda no tiene miedo a perder su puesto - Esbozo Deportivo","og_description":"El entrenador espa\u00f1ol dijo el martes que sabe que los resultados no lo han acompa\u00f1ado desde que lleg\u00f3 a M\u00e9xico, pero no piensa en una salida anticipada, incluso si el Guadalajara es sorprendido en casa el mi\u00e9rcoles por el modesto Cibao de la Rep\u00fablica Dominicana en la Copa de Campeones de la CONCACAF.","og_url":"https:\/\/esbozodeportivo.com\/index.php\/2025\/02\/12\/oscar-garcia-no-tiene-miedo-a-perder-su-puesto\/","og_site_name":"Esbozo Deportivo","article_published_time":"2025-02-12T03:14:50+00:00","article_modified_time":"2025-02-12T03:14:51+00:00","og_image":[{"width":800,"height":600,"url":"https:\/\/esbozodeportivo.com\/wp-content\/uploads\/2025\/02\/OSCAR.jpg","type":"image\/jpeg"}],"author":"Javier De La Cruz","twitter_card":"summary_large_image","twitter_misc":{"Escrito por":"Javier De La Cruz","Tiempo de lectura":"3 minutos"},"schema":{"@context":"https:\/\/schema.org","@graph":[{"@type":"Article","@id":"https:\/\/esbozodeportivo.com\/index.php\/2025\/02\/12\/oscar-garcia-no-tiene-miedo-a-perder-su-puesto\/#article","isPartOf":{"@id":"https:\/\/esbozodeportivo.com\/index.php\/2025\/02\/12\/oscar-garcia-no-tiene-miedo-a-perder-su-puesto\/"},"author":{"name":"Javier De La Cruz","@id":"https:\/\/esbozodeportivo.com\/#\/schema\/person\/7277119c98823aec37bbb84e125efd44"},"headline":"\u00d3scar Garc\u00eda no tiene miedo a perder su puesto","datePublished":"2025-02-12T03:14:50+00:00","dateModified":"2025-02-12T03:14:51+00:00","mainEntityOfPage":{"@id":"https:\/\/esbozodeportivo.com\/index.php\/2025\/02\/12\/oscar-garcia-no-tiene-miedo-a-perder-su-puesto\/"},"wordCount":507,"publisher":{"@id":"https:\/\/esbozodeportivo.com\/#organization"},"image":{"@id":"https:\/\/esbozodeportivo.com\/index.php\/2025\/02\/12\/oscar-garcia-no-tiene-miedo-a-perder-su-puesto\/#primaryimage"},"thumbnailUrl":"https:\/\/esbozodeportivo.com\/wp-content\/uploads\/2025\/02\/OSCAR.jpg","articleSection":["Liga MX"],"inLanguage":"es"},{"@type":"WebPage","@id":"https:\/\/esbozodeportivo.com\/index.php\/2025\/02\/12\/oscar-garcia-no-tiene-miedo-a-perder-su-puesto\/","url":"https:\/\/esbozodeportivo.com\/index.php\/2025\/02\/12\/oscar-garcia-no-tiene-miedo-a-perder-su-puesto\/","name":"\u00d3scar Garc\u00eda no tiene miedo a perder su puesto - Esbozo Deportivo","isPartOf":{"@id":"https:\/\/esbozodeportivo.com\/#website"},"primaryImageOfPage":{"@id":"https:\/\/esbozodeportivo.com\/index.php\/2025\/02\/12\/oscar-garcia-no-tiene-miedo-a-perder-su-puesto\/#primaryimage"},"image":{"@id":"https:\/\/esbozodeportivo.com\/index.php\/2025\/02\/12\/oscar-garcia-no-tiene-miedo-a-perder-su-puesto\/#primaryimage"},"thumbnailUrl":"https:\/\/esbozodeportivo.com\/wp-content\/uploads\/2025\/02\/OSCAR.jpg","datePublished":"2025-02-12T03:14:50+00:00","dateModified":"2025-02-12T03:14:51+00:00","description":"El entrenador espa\u00f1ol dijo el martes que sabe que los resultados no lo han acompa\u00f1ado desde que lleg\u00f3 a M\u00e9xico, pero no piensa en una salida anticipada, incluso si el Guadalajara es sorprendido en casa el mi\u00e9rcoles por el modesto Cibao de la Rep\u00fablica Dominicana en la Copa de Campeones de la CONCACAF.","breadcrumb":{"@id":"https:\/\/esbozodeportivo.com\/index.php\/2025\/02\/12\/oscar-garcia-no-tiene-miedo-a-perder-su-puesto\/#breadcrumb"},"inLanguage":"es","potentialAction":[{"@type":"ReadAction","target":["https:\/\/esbozodeportivo.com\/index.php\/2025\/02\/12\/oscar-garcia-no-tiene-miedo-a-perder-su-puesto\/"]}]},{"@type":"ImageObject","inLanguage":"es","@id":"https:\/\/esbozodeportivo.com\/index.php\/2025\/02\/12\/oscar-garcia-no-tiene-miedo-a-perder-su-puesto\/#primaryimage","url":"https:\/\/esbozodeportivo.com\/wp-content\/uploads\/2025\/02\/OSCAR.jpg","contentUrl":"https:\/\/esbozodeportivo.com\/wp-content\/uploads\/2025\/02\/OSCAR.jpg","width":800,"height":600},{"@type":"BreadcrumbList","@id":"https:\/\/esbozodeportivo.com\/index.php\/2025\/02\/12\/oscar-garcia-no-tiene-miedo-a-perder-su-puesto\/#breadcrumb","itemListElement":[{"@type":"ListItem","position":1,"name":"Inicio","item":"https:\/\/esbozodeportivo.com\/"},{"@type":"ListItem","position":2,"name":"\u00d3scar Garc\u00eda no tiene miedo a perder su puesto"}]},{"@type":"WebSite","@id":"https:\/\/esbozodeportivo.com\/#website","url":"https:\/\/esbozodeportivo.com\/","name":"Esbozo Deportivo","description":"Lo m\u00e1s importante del Deporte","publisher":{"@id":"https:\/\/esbozodeportivo.com\/#organization"},"potentialAction":[{"@type":"SearchAction","target":{"@type":"EntryPoint","urlTemplate":"https:\/\/esbozodeportivo.com\/?s={search_term_string}"},"query-input":{"@type":"PropertyValueSpecification","valueRequired":true,"valueName":"search_term_string"}}],"inLanguage":"es"},{"@type":"Organization","@id":"https:\/\/esbozodeportivo.com\/#organization","name":"Esbozo Deportivo","url":"https:\/\/esbozodeportivo.com\/","logo":{"@type":"ImageObject","inLanguage":"es","@id":"https:\/\/esbozodeportivo.com\/#\/schema\/logo\/image\/","url":"https:\/\/esbozodeportivo.com\/wp-content\/uploads\/2022\/08\/cropped-Logo-Esbozo-Web-2.png","contentUrl":"https:\/\/esbozodeportivo.com\/wp-content\/uploads\/2022\/08\/cropped-Logo-Esbozo-Web-2.png","width":180,"height":50,"caption":"Esbozo Deportivo"},"image":{"@id":"https:\/\/esbozodeportivo.com\/#\/schema\/logo\/image\/"}},{"@type":"Person","@id":"https:\/\/esbozodeportivo.com\/#\/schema\/person\/7277119c98823aec37bbb84e125efd44","name":"Javier De La Cruz","image":{"@type":"ImageObject","inLanguage":"es","@id":"https:\/\/esbozodeportivo.com\/#\/schema\/person\/image\/","url":"https:\/\/secure.gravatar.com\/avatar\/366235a56d20f1a6e8e3d0b295897639357bea880470ddf261d17bb0bc052eb1?s=96&d=mm&r=g","contentUrl":"https:\/\/secure.gravatar.com\/avatar\/366235a56d20f1a6e8e3d0b295897639357bea880470ddf261d17bb0bc052eb1?s=96&d=mm&r=g","caption":"Javier De La Cruz"},"url":"https:\/\/esbozodeportivo.com\/index.php\/author\/javier-de-la-cruz-de-la-cruz\/"}]}},"jetpack_featured_media_url":"https:\/\/esbozodeportivo.com\/wp-content\/uploads\/2025\/02\/OSCAR.jpg","jetpack_sharing_enabled":true,"_links":{"self":[{"href":"https:\/\/esbozodeportivo.com\/index.php\/wp-json\/wp\/v2\/posts\/5813","targetHints":{"allow":["GET"]}}],"collection":[{"href":"https:\/\/esbozodeportivo.com\/index.php\/wp-json\/wp\/v2\/posts"}],"about":[{"href":"https:\/\/esbozodeportivo.com\/index.php\/wp-json\/wp\/v2\/types\/post"}],"author":[{"embeddable":true,"href":"https:\/\/esbozodeportivo.com\/index.php\/wp-json\/wp\/v2\/users\/2"}],"replies":[{"embeddable":true,"href":"https:\/\/esbozodeportivo.com\/index.php\/wp-json\/wp\/v2\/comments?post=5813"}],"version-history":[{"count":1,"href":"https:\/\/esbozodeportivo.com\/index.php\/wp-json\/wp\/v2\/posts\/5813\/revisions"}],"predecessor-version":[{"id":5816,"href":"https:\/\/esbozodeportivo.com\/index.php\/wp-json\/wp\/v2\/posts\/5813\/revisions\/5816"}],"wp:featuredmedia":[{"embeddable":true,"href":"https:\/\/esbozodeportivo.com\/index.php\/wp-json\/wp\/v2\/media\/5815"}],"wp:attachment":[{"href":"https:\/\/esbozodeportivo.com\/index.php\/wp-json\/wp\/v2\/media?parent=5813"}],"wp:term":[{"taxonomy":"category","embeddable":true,"href":"https:\/\/esbozodeportivo.com\/index.php\/wp-json\/wp\/v2\/categories?post=5813"},{"taxonomy":"post_tag","embeddable":true,"href":"https:\/\/esbozodeportivo.com\/index.php\/wp-json\/wp\/v2\/tags?post=5813"}],"curies":[{"name":"wp","href":"https:\/\/api.w.org\/{rel}","templated":true}]}}