{"id":5881,"date":"2025-02-18T05:58:11","date_gmt":"2025-02-18T05:58:11","guid":{"rendered":"https:\/\/esbozodeportivo.com\/?p=5881"},"modified":"2025-02-18T05:58:12","modified_gmt":"2025-02-18T05:58:12","slug":"thomas-oro-olimpico-y-campeon-del-tour-de-francia-se-retirara","status":"publish","type":"post","link":"https:\/\/esbozodeportivo.com\/index.php\/2025\/02\/18\/thomas-oro-olimpico-y-campeon-del-tour-de-francia-se-retirara\/","title":{"rendered":"Thomas, oro ol\u00edmpico y campe\u00f3n del Tour de Francia, se retirar\u00e1"},"content":{"rendered":"\n<p>(Foto: Agencias) <\/p>\n\n\n\n<p><strong>Geraint Thomas<\/strong>, el ex campe\u00f3n del <strong>Tour de Francia<\/strong> que tambi\u00e9n gan\u00f3 medallas de oro en ciclismo en pista para Gran Breta\u00f1a en los <strong>Juegos Ol\u00edmpicos de 2008 <\/strong>y 2012, anunci\u00f3 el lunes que este ser\u00e1 su \u00faltimo a\u00f1o como profesional.<\/p>\n\n\n\n<p><strong>Thomas<\/strong>, un gregario de equipo con un enorme deseo por t\u00edtulos que se transform\u00f3 en un l\u00edder por derecho propio a lo largo de su carrera de casi dos d\u00e9cadas, dijo que se enfocar\u00e1 en el <strong>Tour<\/strong> este verano con <strong>Ineos Grenadiers<\/strong>.<\/p>\n\n\n\n<p>A sus 38 a\u00f1os, Thomas coment\u00f3 a la <strong>BBC<\/strong> que competir\u00e1 para ayudar a las ambiciones del equipo y \u201cquiz\u00e1s intente ganar una etapa, pero s\u00f3lo disfrutar de la carrera\u201d que conquist\u00f3 en 2018.<\/p>\n\n\n\n<p>\u201cDesde que era ni\u00f1o so\u00f1aba con correr en el Tour y ser parte de los <strong>Juegos Ol\u00edmpicos<\/strong>, y ganar era, por supuesto, un sue\u00f1o tambi\u00e9n, pero lograrlo fue simplemente una locura\u201d, dijo en el programa matinal <strong>BBC Breakfast<\/strong>.<\/p>\n","protected":false},"excerpt":{"rendered":"<p>(Foto: Agencias) Geraint Thomas, el ex campe\u00f3n del Tour de Francia que tambi\u00e9n gan\u00f3 medallas<\/p>\n","protected":false},"author":2,"featured_media":5882,"comment_status":"closed","ping_status":"open","sticky":false,"template":"","format":"standard","meta":{"_jetpack_memberships_contains_paid_content":false,"footnotes":""},"categories":[10],"tags":[],"class_list":["post-5881","post","type-post","status-publish","format-standard","has-post-thumbnail","hentry","category-ciclismo"],"yoast_head":"<!-- This site is optimized with the Yoast SEO plugin v25.7 - https:\/\/yoast.com\/wordpress\/plugins\/seo\/ -->\n<title>Thomas, oro ol\u00edmpico y campe\u00f3n del Tour de Francia, se retirar\u00e1 - Esbozo Deportivo<\/title>\n<meta name=\"description\" content=\"Geraint Thomas, el ex campe\u00f3n del Tour de Francia que tambi\u00e9n gan\u00f3 medallas de oro en ciclismo en pista para Gran Breta\u00f1a en los Juegos Ol\u00edmpicos de 2008 y 2012, anunci\u00f3 el lunes que este ser\u00e1 su \u00faltimo a\u00f1o como profesional.\" \/>\n<meta name=\"robots\" content=\"index, follow, max-snippet:-1, max-image-preview:large, max-video-preview:-1\" \/>\n<link rel=\"canonical\" href=\"https:\/\/esbozodeportivo.com\/index.php\/2025\/02\/18\/thomas-oro-olimpico-y-campeon-del-tour-de-francia-se-retirara\/\" \/>\n<meta property=\"og:locale\" content=\"es_MX\" \/>\n<meta property=\"og:type\" content=\"article\" \/>\n<meta property=\"og:title\" content=\"Thomas, oro ol\u00edmpico y campe\u00f3n del Tour de Francia, se retirar\u00e1 - Esbozo Deportivo\" \/>\n<meta property=\"og:description\" content=\"Geraint Thomas, el ex campe\u00f3n del Tour de Francia que tambi\u00e9n gan\u00f3 medallas de oro en ciclismo en pista para Gran Breta\u00f1a en los Juegos Ol\u00edmpicos de 2008 y 2012, anunci\u00f3 el lunes que este ser\u00e1 su \u00faltimo a\u00f1o como profesional.\" \/>\n<meta property=\"og:url\" content=\"https:\/\/esbozodeportivo.com\/index.php\/2025\/02\/18\/thomas-oro-olimpico-y-campeon-del-tour-de-francia-se-retirara\/\" \/>\n<meta property=\"og:site_name\" content=\"Esbozo Deportivo\" \/>\n<meta property=\"article:published_time\" content=\"2025-02-18T05:58:11+00:00\" \/>\n<meta property=\"article:modified_time\" content=\"2025-02-18T05:58:12+00:00\" \/>\n<meta property=\"og:image\" content=\"https:\/\/esbozodeportivo.com\/wp-content\/uploads\/2025\/02\/Thomas-Ciclismo.jpg\" \/>\n\t<meta property=\"og:image:width\" content=\"980\" \/>\n\t<meta property=\"og:image:height\" content=\"653\" \/>\n\t<meta property=\"og:image:type\" content=\"image\/jpeg\" \/>\n<meta name=\"author\" content=\"Javier De La Cruz\" \/>\n<meta name=\"twitter:card\" content=\"summary_large_image\" \/>\n<meta name=\"twitter:label1\" content=\"Escrito por\" \/>\n\t<meta name=\"twitter:data1\" content=\"Javier De La Cruz\" \/>\n\t<meta name=\"twitter:label2\" content=\"Tiempo de lectura\" \/>\n\t<meta name=\"twitter:data2\" content=\"1 minuto\" \/>\n<script type=\"application\/ld+json\" class=\"yoast-schema-graph\">{\"@context\":\"https:\/\/schema.org\",\"@graph\":[{\"@type\":\"Article\",\"@id\":\"https:\/\/esbozodeportivo.com\/index.php\/2025\/02\/18\/thomas-oro-olimpico-y-campeon-del-tour-de-francia-se-retirara\/#article\",\"isPartOf\":{\"@id\":\"https:\/\/esbozodeportivo.com\/index.php\/2025\/02\/18\/thomas-oro-olimpico-y-campeon-del-tour-de-francia-se-retirara\/\"},\"author\":{\"name\":\"Javier De La Cruz\",\"@id\":\"https:\/\/esbozodeportivo.com\/#\/schema\/person\/7277119c98823aec37bbb84e125efd44\"},\"headline\":\"Thomas, oro ol\u00edmpico y campe\u00f3n del Tour de Francia, se retirar\u00e1\",\"datePublished\":\"2025-02-18T05:58:11+00:00\",\"dateModified\":\"2025-02-18T05:58:12+00:00\",\"mainEntityOfPage\":{\"@id\":\"https:\/\/esbozodeportivo.com\/index.php\/2025\/02\/18\/thomas-oro-olimpico-y-campeon-del-tour-de-francia-se-retirara\/\"},\"wordCount\":182,\"publisher\":{\"@id\":\"https:\/\/esbozodeportivo.com\/#organization\"},\"image\":{\"@id\":\"https:\/\/esbozodeportivo.com\/index.php\/2025\/02\/18\/thomas-oro-olimpico-y-campeon-del-tour-de-francia-se-retirara\/#primaryimage\"},\"thumbnailUrl\":\"https:\/\/esbozodeportivo.com\/wp-content\/uploads\/2025\/02\/Thomas-Ciclismo.jpg\",\"articleSection\":[\"Ciclismo\"],\"inLanguage\":\"es\"},{\"@type\":\"WebPage\",\"@id\":\"https:\/\/esbozodeportivo.com\/index.php\/2025\/02\/18\/thomas-oro-olimpico-y-campeon-del-tour-de-francia-se-retirara\/\",\"url\":\"https:\/\/esbozodeportivo.com\/index.php\/2025\/02\/18\/thomas-oro-olimpico-y-campeon-del-tour-de-francia-se-retirara\/\",\"name\":\"Thomas, oro ol\u00edmpico y campe\u00f3n del Tour de Francia, se retirar\u00e1 - Esbozo Deportivo\",\"isPartOf\":{\"@id\":\"https:\/\/esbozodeportivo.com\/#website\"},\"primaryImageOfPage\":{\"@id\":\"https:\/\/esbozodeportivo.com\/index.php\/2025\/02\/18\/thomas-oro-olimpico-y-campeon-del-tour-de-francia-se-retirara\/#primaryimage\"},\"image\":{\"@id\":\"https:\/\/esbozodeportivo.com\/index.php\/2025\/02\/18\/thomas-oro-olimpico-y-campeon-del-tour-de-francia-se-retirara\/#primaryimage\"},\"thumbnailUrl\":\"https:\/\/esbozodeportivo.com\/wp-content\/uploads\/2025\/02\/Thomas-Ciclismo.jpg\",\"datePublished\":\"2025-02-18T05:58:11+00:00\",\"dateModified\":\"2025-02-18T05:58:12+00:00\",\"description\":\"Geraint Thomas, el ex campe\u00f3n del Tour de Francia que tambi\u00e9n gan\u00f3 medallas de oro en ciclismo en pista para Gran Breta\u00f1a en los Juegos Ol\u00edmpicos de 2008 y 2012, anunci\u00f3 el lunes que este ser\u00e1 su \u00faltimo a\u00f1o como profesional.\",\"breadcrumb\":{\"@id\":\"https:\/\/esbozodeportivo.com\/index.php\/2025\/02\/18\/thomas-oro-olimpico-y-campeon-del-tour-de-francia-se-retirara\/#breadcrumb\"},\"inLanguage\":\"es\",\"potentialAction\":[{\"@type\":\"ReadAction\",\"target\":[\"https:\/\/esbozodeportivo.com\/index.php\/2025\/02\/18\/thomas-oro-olimpico-y-campeon-del-tour-de-francia-se-retirara\/\"]}]},{\"@type\":\"ImageObject\",\"inLanguage\":\"es\",\"@id\":\"https:\/\/esbozodeportivo.com\/index.php\/2025\/02\/18\/thomas-oro-olimpico-y-campeon-del-tour-de-francia-se-retirara\/#primaryimage\",\"url\":\"https:\/\/esbozodeportivo.com\/wp-content\/uploads\/2025\/02\/Thomas-Ciclismo.jpg\",\"contentUrl\":\"https:\/\/esbozodeportivo.com\/wp-content\/uploads\/2025\/02\/Thomas-Ciclismo.jpg\",\"width\":980,\"height\":653},{\"@type\":\"BreadcrumbList\",\"@id\":\"https:\/\/esbozodeportivo.com\/index.php\/2025\/02\/18\/thomas-oro-olimpico-y-campeon-del-tour-de-francia-se-retirara\/#breadcrumb\",\"itemListElement\":[{\"@type\":\"ListItem\",\"position\":1,\"name\":\"Inicio\",\"item\":\"https:\/\/esbozodeportivo.com\/\"},{\"@type\":\"ListItem\",\"position\":2,\"name\":\"Thomas, oro ol\u00edmpico y campe\u00f3n del Tour de Francia, se retirar\u00e1\"}]},{\"@type\":\"WebSite\",\"@id\":\"https:\/\/esbozodeportivo.com\/#website\",\"url\":\"https:\/\/esbozodeportivo.com\/\",\"name\":\"Esbozo Deportivo\",\"description\":\"Lo m\u00e1s importante del Deporte\",\"publisher\":{\"@id\":\"https:\/\/esbozodeportivo.com\/#organization\"},\"potentialAction\":[{\"@type\":\"SearchAction\",\"target\":{\"@type\":\"EntryPoint\",\"urlTemplate\":\"https:\/\/esbozodeportivo.com\/?s={search_term_string}\"},\"query-input\":{\"@type\":\"PropertyValueSpecification\",\"valueRequired\":true,\"valueName\":\"search_term_string\"}}],\"inLanguage\":\"es\"},{\"@type\":\"Organization\",\"@id\":\"https:\/\/esbozodeportivo.com\/#organization\",\"name\":\"Esbozo Deportivo\",\"url\":\"https:\/\/esbozodeportivo.com\/\",\"logo\":{\"@type\":\"ImageObject\",\"inLanguage\":\"es\",\"@id\":\"https:\/\/esbozodeportivo.com\/#\/schema\/logo\/image\/\",\"url\":\"https:\/\/esbozodeportivo.com\/wp-content\/uploads\/2022\/08\/cropped-Logo-Esbozo-Web-2.png\",\"contentUrl\":\"https:\/\/esbozodeportivo.com\/wp-content\/uploads\/2022\/08\/cropped-Logo-Esbozo-Web-2.png\",\"width\":180,\"height\":50,\"caption\":\"Esbozo Deportivo\"},\"image\":{\"@id\":\"https:\/\/esbozodeportivo.com\/#\/schema\/logo\/image\/\"}},{\"@type\":\"Person\",\"@id\":\"https:\/\/esbozodeportivo.com\/#\/schema\/person\/7277119c98823aec37bbb84e125efd44\",\"name\":\"Javier De La Cruz\",\"image\":{\"@type\":\"ImageObject\",\"inLanguage\":\"es\",\"@id\":\"https:\/\/esbozodeportivo.com\/#\/schema\/person\/image\/\",\"url\":\"https:\/\/secure.gravatar.com\/avatar\/366235a56d20f1a6e8e3d0b295897639357bea880470ddf261d17bb0bc052eb1?s=96&d=mm&r=g\",\"contentUrl\":\"https:\/\/secure.gravatar.com\/avatar\/366235a56d20f1a6e8e3d0b295897639357bea880470ddf261d17bb0bc052eb1?s=96&d=mm&r=g\",\"caption\":\"Javier De La Cruz\"},\"url\":\"https:\/\/esbozodeportivo.com\/index.php\/author\/javier-de-la-cruz-de-la-cruz\/\"}]}<\/script>\n<!-- \/ Yoast SEO plugin. -->","yoast_head_json":{"title":"Thomas, oro ol\u00edmpico y campe\u00f3n del Tour de Francia, se retirar\u00e1 - Esbozo Deportivo","description":"Geraint Thomas, el ex campe\u00f3n del Tour de Francia que tambi\u00e9n gan\u00f3 medallas de oro en ciclismo en pista para Gran Breta\u00f1a en los Juegos Ol\u00edmpicos de 2008 y 2012, anunci\u00f3 el lunes que este ser\u00e1 su \u00faltimo a\u00f1o como profesional.","robots":{"index":"index","follow":"follow","max-snippet":"max-snippet:-1","max-image-preview":"max-image-preview:large","max-video-preview":"max-video-preview:-1"},"canonical":"https:\/\/esbozodeportivo.com\/index.php\/2025\/02\/18\/thomas-oro-olimpico-y-campeon-del-tour-de-francia-se-retirara\/","og_locale":"es_MX","og_type":"article","og_title":"Thomas, oro ol\u00edmpico y campe\u00f3n del Tour de Francia, se retirar\u00e1 - Esbozo Deportivo","og_description":"Geraint Thomas, el ex campe\u00f3n del Tour de Francia que tambi\u00e9n gan\u00f3 medallas de oro en ciclismo en pista para Gran Breta\u00f1a en los Juegos Ol\u00edmpicos de 2008 y 2012, anunci\u00f3 el lunes que este ser\u00e1 su \u00faltimo a\u00f1o como profesional.","og_url":"https:\/\/esbozodeportivo.com\/index.php\/2025\/02\/18\/thomas-oro-olimpico-y-campeon-del-tour-de-francia-se-retirara\/","og_site_name":"Esbozo Deportivo","article_published_time":"2025-02-18T05:58:11+00:00","article_modified_time":"2025-02-18T05:58:12+00:00","og_image":[{"width":980,"height":653,"url":"https:\/\/esbozodeportivo.com\/wp-content\/uploads\/2025\/02\/Thomas-Ciclismo.jpg","type":"image\/jpeg"}],"author":"Javier De La Cruz","twitter_card":"summary_large_image","twitter_misc":{"Escrito por":"Javier De La Cruz","Tiempo de lectura":"1 minuto"},"schema":{"@context":"https:\/\/schema.org","@graph":[{"@type":"Article","@id":"https:\/\/esbozodeportivo.com\/index.php\/2025\/02\/18\/thomas-oro-olimpico-y-campeon-del-tour-de-francia-se-retirara\/#article","isPartOf":{"@id":"https:\/\/esbozodeportivo.com\/index.php\/2025\/02\/18\/thomas-oro-olimpico-y-campeon-del-tour-de-francia-se-retirara\/"},"author":{"name":"Javier De La Cruz","@id":"https:\/\/esbozodeportivo.com\/#\/schema\/person\/7277119c98823aec37bbb84e125efd44"},"headline":"Thomas, oro ol\u00edmpico y campe\u00f3n del Tour de Francia, se retirar\u00e1","datePublished":"2025-02-18T05:58:11+00:00","dateModified":"2025-02-18T05:58:12+00:00","mainEntityOfPage":{"@id":"https:\/\/esbozodeportivo.com\/index.php\/2025\/02\/18\/thomas-oro-olimpico-y-campeon-del-tour-de-francia-se-retirara\/"},"wordCount":182,"publisher":{"@id":"https:\/\/esbozodeportivo.com\/#organization"},"image":{"@id":"https:\/\/esbozodeportivo.com\/index.php\/2025\/02\/18\/thomas-oro-olimpico-y-campeon-del-tour-de-francia-se-retirara\/#primaryimage"},"thumbnailUrl":"https:\/\/esbozodeportivo.com\/wp-content\/uploads\/2025\/02\/Thomas-Ciclismo.jpg","articleSection":["Ciclismo"],"inLanguage":"es"},{"@type":"WebPage","@id":"https:\/\/esbozodeportivo.com\/index.php\/2025\/02\/18\/thomas-oro-olimpico-y-campeon-del-tour-de-francia-se-retirara\/","url":"https:\/\/esbozodeportivo.com\/index.php\/2025\/02\/18\/thomas-oro-olimpico-y-campeon-del-tour-de-francia-se-retirara\/","name":"Thomas, oro ol\u00edmpico y campe\u00f3n del Tour de Francia, se retirar\u00e1 - Esbozo Deportivo","isPartOf":{"@id":"https:\/\/esbozodeportivo.com\/#website"},"primaryImageOfPage":{"@id":"https:\/\/esbozodeportivo.com\/index.php\/2025\/02\/18\/thomas-oro-olimpico-y-campeon-del-tour-de-francia-se-retirara\/#primaryimage"},"image":{"@id":"https:\/\/esbozodeportivo.com\/index.php\/2025\/02\/18\/thomas-oro-olimpico-y-campeon-del-tour-de-francia-se-retirara\/#primaryimage"},"thumbnailUrl":"https:\/\/esbozodeportivo.com\/wp-content\/uploads\/2025\/02\/Thomas-Ciclismo.jpg","datePublished":"2025-02-18T05:58:11+00:00","dateModified":"2025-02-18T05:58:12+00:00","description":"Geraint Thomas, el ex campe\u00f3n del Tour de Francia que tambi\u00e9n gan\u00f3 medallas de oro en ciclismo en pista para Gran Breta\u00f1a en los Juegos Ol\u00edmpicos de 2008 y 2012, anunci\u00f3 el lunes que este ser\u00e1 su \u00faltimo a\u00f1o como profesional.","breadcrumb":{"@id":"https:\/\/esbozodeportivo.com\/index.php\/2025\/02\/18\/thomas-oro-olimpico-y-campeon-del-tour-de-francia-se-retirara\/#breadcrumb"},"inLanguage":"es","potentialAction":[{"@type":"ReadAction","target":["https:\/\/esbozodeportivo.com\/index.php\/2025\/02\/18\/thomas-oro-olimpico-y-campeon-del-tour-de-francia-se-retirara\/"]}]},{"@type":"ImageObject","inLanguage":"es","@id":"https:\/\/esbozodeportivo.com\/index.php\/2025\/02\/18\/thomas-oro-olimpico-y-campeon-del-tour-de-francia-se-retirara\/#primaryimage","url":"https:\/\/esbozodeportivo.com\/wp-content\/uploads\/2025\/02\/Thomas-Ciclismo.jpg","contentUrl":"https:\/\/esbozodeportivo.com\/wp-content\/uploads\/2025\/02\/Thomas-Ciclismo.jpg","width":980,"height":653},{"@type":"BreadcrumbList","@id":"https:\/\/esbozodeportivo.com\/index.php\/2025\/02\/18\/thomas-oro-olimpico-y-campeon-del-tour-de-francia-se-retirara\/#breadcrumb","itemListElement":[{"@type":"ListItem","position":1,"name":"Inicio","item":"https:\/\/esbozodeportivo.com\/"},{"@type":"ListItem","position":2,"name":"Thomas, oro ol\u00edmpico y campe\u00f3n del Tour de Francia, se retirar\u00e1"}]},{"@type":"WebSite","@id":"https:\/\/esbozodeportivo.com\/#website","url":"https:\/\/esbozodeportivo.com\/","name":"Esbozo Deportivo","description":"Lo m\u00e1s importante del Deporte","publisher":{"@id":"https:\/\/esbozodeportivo.com\/#organization"},"potentialAction":[{"@type":"SearchAction","target":{"@type":"EntryPoint","urlTemplate":"https:\/\/esbozodeportivo.com\/?s={search_term_string}"},"query-input":{"@type":"PropertyValueSpecification","valueRequired":true,"valueName":"search_term_string"}}],"inLanguage":"es"},{"@type":"Organization","@id":"https:\/\/esbozodeportivo.com\/#organization","name":"Esbozo Deportivo","url":"https:\/\/esbozodeportivo.com\/","logo":{"@type":"ImageObject","inLanguage":"es","@id":"https:\/\/esbozodeportivo.com\/#\/schema\/logo\/image\/","url":"https:\/\/esbozodeportivo.com\/wp-content\/uploads\/2022\/08\/cropped-Logo-Esbozo-Web-2.png","contentUrl":"https:\/\/esbozodeportivo.com\/wp-content\/uploads\/2022\/08\/cropped-Logo-Esbozo-Web-2.png","width":180,"height":50,"caption":"Esbozo Deportivo"},"image":{"@id":"https:\/\/esbozodeportivo.com\/#\/schema\/logo\/image\/"}},{"@type":"Person","@id":"https:\/\/esbozodeportivo.com\/#\/schema\/person\/7277119c98823aec37bbb84e125efd44","name":"Javier De La Cruz","image":{"@type":"ImageObject","inLanguage":"es","@id":"https:\/\/esbozodeportivo.com\/#\/schema\/person\/image\/","url":"https:\/\/secure.gravatar.com\/avatar\/366235a56d20f1a6e8e3d0b295897639357bea880470ddf261d17bb0bc052eb1?s=96&d=mm&r=g","contentUrl":"https:\/\/secure.gravatar.com\/avatar\/366235a56d20f1a6e8e3d0b295897639357bea880470ddf261d17bb0bc052eb1?s=96&d=mm&r=g","caption":"Javier De La Cruz"},"url":"https:\/\/esbozodeportivo.com\/index.php\/author\/javier-de-la-cruz-de-la-cruz\/"}]}},"jetpack_featured_media_url":"https:\/\/esbozodeportivo.com\/wp-content\/uploads\/2025\/02\/Thomas-Ciclismo.jpg","jetpack_sharing_enabled":true,"_links":{"self":[{"href":"https:\/\/esbozodeportivo.com\/index.php\/wp-json\/wp\/v2\/posts\/5881","targetHints":{"allow":["GET"]}}],"collection":[{"href":"https:\/\/esbozodeportivo.com\/index.php\/wp-json\/wp\/v2\/posts"}],"about":[{"href":"https:\/\/esbozodeportivo.com\/index.php\/wp-json\/wp\/v2\/types\/post"}],"author":[{"embeddable":true,"href":"https:\/\/esbozodeportivo.com\/index.php\/wp-json\/wp\/v2\/users\/2"}],"replies":[{"embeddable":true,"href":"https:\/\/esbozodeportivo.com\/index.php\/wp-json\/wp\/v2\/comments?post=5881"}],"version-history":[{"count":1,"href":"https:\/\/esbozodeportivo.com\/index.php\/wp-json\/wp\/v2\/posts\/5881\/revisions"}],"predecessor-version":[{"id":5884,"href":"https:\/\/esbozodeportivo.com\/index.php\/wp-json\/wp\/v2\/posts\/5881\/revisions\/5884"}],"wp:featuredmedia":[{"embeddable":true,"href":"https:\/\/esbozodeportivo.com\/index.php\/wp-json\/wp\/v2\/media\/5882"}],"wp:attachment":[{"href":"https:\/\/esbozodeportivo.com\/index.php\/wp-json\/wp\/v2\/media?parent=5881"}],"wp:term":[{"taxonomy":"category","embeddable":true,"href":"https:\/\/esbozodeportivo.com\/index.php\/wp-json\/wp\/v2\/categories?post=5881"},{"taxonomy":"post_tag","embeddable":true,"href":"https:\/\/esbozodeportivo.com\/index.php\/wp-json\/wp\/v2\/tags?post=5881"}],"curies":[{"name":"wp","href":"https:\/\/api.w.org\/{rel}","templated":true}]}}