{"id":5893,"date":"2025-02-18T21:02:18","date_gmt":"2025-02-18T21:02:18","guid":{"rendered":"https:\/\/esbozodeportivo.com\/?p=5893"},"modified":"2025-02-18T21:02:19","modified_gmt":"2025-02-18T21:02:19","slug":"conade-no-legitima-a-federacion-mexicana-de-basquetbol","status":"publish","type":"post","link":"https:\/\/esbozodeportivo.com\/index.php\/2025\/02\/18\/conade-no-legitima-a-federacion-mexicana-de-basquetbol\/","title":{"rendered":"CONADE no leg\u00edtima a Federaci\u00f3n Mexicana de Basquetbol \u00a0\u00a0"},"content":{"rendered":"\n<p>(Foto: esbozodeportivo.com) <\/p>\n\n\n\n<p><strong>Por: Javier de la Cruz<\/strong><\/p>\n\n\n\n<p>El presidente de la <strong>Federaci\u00f3n Mexicana de Basquetbol (FMB)<\/strong>, <strong>Israel Hermosillo Hern\u00e1ndez<\/strong>, &nbsp;acompa\u00f1ado de presidentes federativos municipales y de la Ciudad de M\u00e9xico, as\u00ed como entrenadores, jugadores y ex \u00e1rbitros de basquetbol, encabezaron una manifestaci\u00f3n a las afuera de la <strong>Secretar\u00eda de Gobernaci\u00f3n<\/strong>, con la finalidad de ser recibidos por su titular <strong>Rosa Icela Rodr\u00edguez<\/strong>, para presentar su inconformidad y tratar de conciliar con el presidente de <strong>CONADE<\/strong>, <strong>Rommel Pacheco<\/strong>, para que los reconozca como Federaci\u00f3n.<\/p>\n\n\n\n<p>La <strong>Federaci\u00f3n de Mexicana de Basquetbol<\/strong>, tuvo sus inicios desde 1931, y cuenta con una personalidad jur\u00eddica adem\u00e1s de sus actas constitutivas en 28 estados de la rep\u00fablica. Es por ello que en voz de su presidente Israel Hermosillo, hace un llamado al titular de la <strong>CONADE<\/strong>, <strong>Rommel Pacheco<\/strong>, para que legitime a la Federaci\u00f3n que \u00e9l representa y no la de <strong>Modesto Robledo<\/strong>, de la <strong>Asociaci\u00f3n Deportiva Mexicana de Basquetbol<\/strong>.<\/p>\n\n\n\n<figure class=\"wp-block-image size-large\"><img loading=\"lazy\" decoding=\"async\" width=\"1024\" height=\"575\" src=\"https:\/\/esbozodeportivo.com\/wp-content\/uploads\/2025\/02\/DSC05254-1024x575.jpg\" alt=\"\" class=\"wp-image-5899\" srcset=\"https:\/\/esbozodeportivo.com\/wp-content\/uploads\/2025\/02\/DSC05254-1024x575.jpg 1024w, https:\/\/esbozodeportivo.com\/wp-content\/uploads\/2025\/02\/DSC05254-300x168.jpg 300w, https:\/\/esbozodeportivo.com\/wp-content\/uploads\/2025\/02\/DSC05254-768x431.jpg 768w, https:\/\/esbozodeportivo.com\/wp-content\/uploads\/2025\/02\/DSC05254-1536x863.jpg 1536w, https:\/\/esbozodeportivo.com\/wp-content\/uploads\/2025\/02\/DSC05254-2048x1150.jpg 2048w\" sizes=\"auto, (max-width: 1024px) 100vw, 1024px\" \/><\/figure>\n\n\n\n<p>(Foto: esbozodeportivo.com) <\/p>\n\n\n\n<p>\u201cPara poder obtener el <strong>RUD<\/strong> (<strong>Registro \u00danico del Deportes<\/strong>) el titular de la CONADE, debi\u00f3 haber presentado una serie de requisitos normativos que exige la ley. Nosotros tenemos las carpetas donde est\u00e1 demostrado la personalidad jur\u00eddica de cada estado, la legalidad corresponde a la Federaci\u00f3n que fue fundada desde 1931. Y la necesidad de defender los intereses de nuestros deportistas de escasos recursos, que no pueden pagar las competencias ya que la Federaci\u00f3n que encabeza <strong>Modesto<\/strong>, les cobra muy caro. Por eso nos vemos en la penosa necesidad de acudir a las autoridades federales, en este caso a la Secretar\u00eda de Gobernaci\u00f3n, para solicitar la intervenci\u00f3n de la titular <strong>Rosa Icela<\/strong>, para que nos apoye como mediadora ante <strong>Rommel Pacheco<\/strong>\u201d, expres\u00f3 <strong>Hermosillo Hern\u00e1ndez<\/strong>.<\/p>\n\n\n\n<figure class=\"wp-block-image size-large\"><img loading=\"lazy\" decoding=\"async\" width=\"575\" height=\"1024\" src=\"https:\/\/esbozodeportivo.com\/wp-content\/uploads\/2025\/02\/DSC05207-575x1024.jpg\" alt=\"\" class=\"wp-image-5895\" srcset=\"https:\/\/esbozodeportivo.com\/wp-content\/uploads\/2025\/02\/DSC05207-575x1024.jpg 575w, https:\/\/esbozodeportivo.com\/wp-content\/uploads\/2025\/02\/DSC05207-168x300.jpg 168w, https:\/\/esbozodeportivo.com\/wp-content\/uploads\/2025\/02\/DSC05207-768x1368.jpg 768w, https:\/\/esbozodeportivo.com\/wp-content\/uploads\/2025\/02\/DSC05207-863x1536.jpg 863w, https:\/\/esbozodeportivo.com\/wp-content\/uploads\/2025\/02\/DSC05207-1150x2048.jpg 1150w, https:\/\/esbozodeportivo.com\/wp-content\/uploads\/2025\/02\/DSC05207-1024x1823.jpg 1024w, https:\/\/esbozodeportivo.com\/wp-content\/uploads\/2025\/02\/DSC05207-scaled.jpg 1438w\" sizes=\"auto, (max-width: 575px) 100vw, 575px\" \/><\/figure>\n\n\n\n<p>(Foto: esbozodeportivo.com) <\/p>\n\n\n\n<p>Cabe mencionar que Rommel Pacheco, acaba de anunciar hace algunos d\u00edas que entregar\u00eda el <strong>RUD,<\/strong> a la (<strong>ADEMEBA<\/strong>) ya que ellos cumplen con todos los requisitos del baloncesto. Sin embargo fue la misma <strong>CONADE<\/strong>, quien en alg\u00fan momento bloqueo los tramites a la Asociaci\u00f3n por los malos manejos de <strong>Modesto Robledo<\/strong>.<\/p>\n\n\n\n<p>Al finalizar la manifestaci\u00f3n una comisi\u00f3n de cinco personas, fue recibida por funcionarios de <strong>Gobernaci\u00f3n<\/strong> a quienes les entregaron una carta de inconformidad adem\u00e1s de un pliego petitorio, en la cual destaca que el ex clavadista Pacheco, explique cu\u00e1l fue el motivo para reconocer a <strong>Modesto<\/strong>. Tambi\u00e9n para poder conciliar a trav\u00e9s de la Secretar\u00eda una reuni\u00f3n con el titular de <strong>CONADE.<\/strong><\/p>\n\n\n\n<figure class=\"wp-block-image size-large\"><img loading=\"lazy\" decoding=\"async\" width=\"1024\" height=\"575\" src=\"https:\/\/esbozodeportivo.com\/wp-content\/uploads\/2025\/02\/DSC05242-1024x575.jpg\" alt=\"\" class=\"wp-image-5896\" srcset=\"https:\/\/esbozodeportivo.com\/wp-content\/uploads\/2025\/02\/DSC05242-1024x575.jpg 1024w, https:\/\/esbozodeportivo.com\/wp-content\/uploads\/2025\/02\/DSC05242-300x168.jpg 300w, https:\/\/esbozodeportivo.com\/wp-content\/uploads\/2025\/02\/DSC05242-768x431.jpg 768w, https:\/\/esbozodeportivo.com\/wp-content\/uploads\/2025\/02\/DSC05242-1536x863.jpg 1536w, https:\/\/esbozodeportivo.com\/wp-content\/uploads\/2025\/02\/DSC05242-2048x1150.jpg 2048w\" sizes=\"auto, (max-width: 1024px) 100vw, 1024px\" \/><\/figure>\n\n\n\n<p>(Foto: esbozodeportivo.com) <\/p>\n\n\n\n<figure class=\"wp-block-image size-large\"><img loading=\"lazy\" decoding=\"async\" width=\"1024\" height=\"575\" src=\"https:\/\/esbozodeportivo.com\/wp-content\/uploads\/2025\/02\/DSC05202-1024x575.jpg\" alt=\"\" class=\"wp-image-5894\" srcset=\"https:\/\/esbozodeportivo.com\/wp-content\/uploads\/2025\/02\/DSC05202-1024x575.jpg 1024w, https:\/\/esbozodeportivo.com\/wp-content\/uploads\/2025\/02\/DSC05202-300x168.jpg 300w, https:\/\/esbozodeportivo.com\/wp-content\/uploads\/2025\/02\/DSC05202-768x431.jpg 768w, https:\/\/esbozodeportivo.com\/wp-content\/uploads\/2025\/02\/DSC05202-1536x863.jpg 1536w, https:\/\/esbozodeportivo.com\/wp-content\/uploads\/2025\/02\/DSC05202-2048x1150.jpg 2048w\" sizes=\"auto, (max-width: 1024px) 100vw, 1024px\" \/><\/figure>\n\n\n\n<p>(Foto: esbozodeportivo.com) <\/p>\n\n\n\n<figure class=\"wp-block-image size-large\"><img loading=\"lazy\" decoding=\"async\" width=\"1024\" height=\"575\" src=\"https:\/\/esbozodeportivo.com\/wp-content\/uploads\/2025\/02\/DSC05246-1024x575.jpg\" alt=\"\" class=\"wp-image-5897\" srcset=\"https:\/\/esbozodeportivo.com\/wp-content\/uploads\/2025\/02\/DSC05246-1024x575.jpg 1024w, https:\/\/esbozodeportivo.com\/wp-content\/uploads\/2025\/02\/DSC05246-300x168.jpg 300w, https:\/\/esbozodeportivo.com\/wp-content\/uploads\/2025\/02\/DSC05246-768x431.jpg 768w, https:\/\/esbozodeportivo.com\/wp-content\/uploads\/2025\/02\/DSC05246-1536x863.jpg 1536w, https:\/\/esbozodeportivo.com\/wp-content\/uploads\/2025\/02\/DSC05246-2048x1150.jpg 2048w\" sizes=\"auto, (max-width: 1024px) 100vw, 1024px\" \/><\/figure>\n\n\n\n<p>(Foto: esbozodeportivo.com) <\/p>\n\n\n\n<figure class=\"wp-block-image size-large\"><img loading=\"lazy\" decoding=\"async\" width=\"1024\" height=\"575\" src=\"https:\/\/esbozodeportivo.com\/wp-content\/uploads\/2025\/02\/DSC05334-1024x575.jpg\" alt=\"\" class=\"wp-image-5900\" srcset=\"https:\/\/esbozodeportivo.com\/wp-content\/uploads\/2025\/02\/DSC05334-1024x575.jpg 1024w, https:\/\/esbozodeportivo.com\/wp-content\/uploads\/2025\/02\/DSC05334-300x168.jpg 300w, https:\/\/esbozodeportivo.com\/wp-content\/uploads\/2025\/02\/DSC05334-768x431.jpg 768w, https:\/\/esbozodeportivo.com\/wp-content\/uploads\/2025\/02\/DSC05334-1536x863.jpg 1536w, https:\/\/esbozodeportivo.com\/wp-content\/uploads\/2025\/02\/DSC05334-2048x1150.jpg 2048w\" sizes=\"auto, (max-width: 1024px) 100vw, 1024px\" \/><\/figure>\n\n\n\n<p>(Foto: esbozodeportivo.com) <\/p>\n\n\n\n<p><\/p>\n","protected":false},"excerpt":{"rendered":"<p>(Foto: esbozodeportivo.com) Por: Javier de la Cruz El presidente de la Federaci\u00f3n Mexicana de Basquetbol<\/p>\n","protected":false},"author":2,"featured_media":5901,"comment_status":"closed","ping_status":"open","sticky":false,"template":"","format":"standard","meta":{"_jetpack_memberships_contains_paid_content":false,"footnotes":""},"categories":[55],"tags":[],"class_list":["post-5893","post","type-post","status-publish","format-standard","has-post-thumbnail","hentry","category-basquetbol-nacional"],"yoast_head":"<!-- This site is optimized with the Yoast SEO plugin v25.7 - https:\/\/yoast.com\/wordpress\/plugins\/seo\/ -->\n<title>CONADE no leg\u00edtima a Federaci\u00f3n Mexicana de Basquetbol \u00a0\u00a0 - Esbozo Deportivo<\/title>\n<meta name=\"description\" content=\"El presidente de la Federaci\u00f3n Mexicana de Basquetbol (FMB), Israel Hermosillo Hern\u00e1ndez, \u00a0acompa\u00f1ado de presidentes federativos municipales y de la Ciudad de M\u00e9xico, as\u00ed como entrenadores, jugadores y ex \u00e1rbitros de basquetbol, encabezaron una manifestaci\u00f3n a las afuera de la Secretar\u00eda de Gobernaci\u00f3n, con la finalidad de ser recibidos por su titular Rosa Icela Rodr\u00edguez, para presentar su inconformidad y tratar de conciliar con el presidente de CONADE, Rommel Pacheco, para que los reconozca como Federaci\u00f3n.\" \/>\n<meta name=\"robots\" content=\"index, follow, max-snippet:-1, max-image-preview:large, max-video-preview:-1\" \/>\n<link rel=\"canonical\" href=\"https:\/\/esbozodeportivo.com\/index.php\/2025\/02\/18\/conade-no-legitima-a-federacion-mexicana-de-basquetbol\/\" \/>\n<meta property=\"og:locale\" content=\"es_MX\" \/>\n<meta property=\"og:type\" content=\"article\" \/>\n<meta property=\"og:title\" content=\"CONADE no leg\u00edtima a Federaci\u00f3n Mexicana de Basquetbol \u00a0\u00a0 - Esbozo Deportivo\" \/>\n<meta property=\"og:description\" content=\"El presidente de la Federaci\u00f3n Mexicana de Basquetbol (FMB), Israel Hermosillo Hern\u00e1ndez, \u00a0acompa\u00f1ado de presidentes federativos municipales y de la Ciudad de M\u00e9xico, as\u00ed como entrenadores, jugadores y ex \u00e1rbitros de basquetbol, encabezaron una manifestaci\u00f3n a las afuera de la Secretar\u00eda de Gobernaci\u00f3n, con la finalidad de ser recibidos por su titular Rosa Icela Rodr\u00edguez, para presentar su inconformidad y tratar de conciliar con el presidente de CONADE, Rommel Pacheco, para que los reconozca como Federaci\u00f3n.\" \/>\n<meta property=\"og:url\" content=\"https:\/\/esbozodeportivo.com\/index.php\/2025\/02\/18\/conade-no-legitima-a-federacion-mexicana-de-basquetbol\/\" \/>\n<meta property=\"og:site_name\" content=\"Esbozo Deportivo\" \/>\n<meta property=\"article:published_time\" content=\"2025-02-18T21:02:18+00:00\" \/>\n<meta property=\"article:modified_time\" content=\"2025-02-18T21:02:19+00:00\" \/>\n<meta property=\"og:image\" content=\"https:\/\/esbozodeportivo.com\/wp-content\/uploads\/2025\/02\/Israel-Hermosillo--scaled.jpg\" \/>\n\t<meta property=\"og:image:width\" content=\"2560\" \/>\n\t<meta property=\"og:image:height\" content=\"1438\" \/>\n\t<meta property=\"og:image:type\" content=\"image\/jpeg\" \/>\n<meta name=\"author\" content=\"Javier De La Cruz\" \/>\n<meta name=\"twitter:card\" content=\"summary_large_image\" \/>\n<meta name=\"twitter:label1\" content=\"Escrito por\" \/>\n\t<meta name=\"twitter:data1\" content=\"Javier De La Cruz\" \/>\n\t<meta name=\"twitter:label2\" content=\"Tiempo de lectura\" \/>\n\t<meta name=\"twitter:data2\" content=\"4 minutos\" \/>\n<script type=\"application\/ld+json\" class=\"yoast-schema-graph\">{\"@context\":\"https:\/\/schema.org\",\"@graph\":[{\"@type\":\"Article\",\"@id\":\"https:\/\/esbozodeportivo.com\/index.php\/2025\/02\/18\/conade-no-legitima-a-federacion-mexicana-de-basquetbol\/#article\",\"isPartOf\":{\"@id\":\"https:\/\/esbozodeportivo.com\/index.php\/2025\/02\/18\/conade-no-legitima-a-federacion-mexicana-de-basquetbol\/\"},\"author\":{\"name\":\"Javier De La Cruz\",\"@id\":\"https:\/\/esbozodeportivo.com\/#\/schema\/person\/7277119c98823aec37bbb84e125efd44\"},\"headline\":\"CONADE no leg\u00edtima a Federaci\u00f3n Mexicana de Basquetbol \u00a0\u00a0\",\"datePublished\":\"2025-02-18T21:02:18+00:00\",\"dateModified\":\"2025-02-18T21:02:19+00:00\",\"mainEntityOfPage\":{\"@id\":\"https:\/\/esbozodeportivo.com\/index.php\/2025\/02\/18\/conade-no-legitima-a-federacion-mexicana-de-basquetbol\/\"},\"wordCount\":452,\"publisher\":{\"@id\":\"https:\/\/esbozodeportivo.com\/#organization\"},\"image\":{\"@id\":\"https:\/\/esbozodeportivo.com\/index.php\/2025\/02\/18\/conade-no-legitima-a-federacion-mexicana-de-basquetbol\/#primaryimage\"},\"thumbnailUrl\":\"https:\/\/esbozodeportivo.com\/wp-content\/uploads\/2025\/02\/Israel-Hermosillo--scaled.jpg\",\"articleSection\":[\"Basquetbol Nacional\"],\"inLanguage\":\"es\"},{\"@type\":\"WebPage\",\"@id\":\"https:\/\/esbozodeportivo.com\/index.php\/2025\/02\/18\/conade-no-legitima-a-federacion-mexicana-de-basquetbol\/\",\"url\":\"https:\/\/esbozodeportivo.com\/index.php\/2025\/02\/18\/conade-no-legitima-a-federacion-mexicana-de-basquetbol\/\",\"name\":\"CONADE no leg\u00edtima a Federaci\u00f3n Mexicana de Basquetbol \u00a0\u00a0 - Esbozo Deportivo\",\"isPartOf\":{\"@id\":\"https:\/\/esbozodeportivo.com\/#website\"},\"primaryImageOfPage\":{\"@id\":\"https:\/\/esbozodeportivo.com\/index.php\/2025\/02\/18\/conade-no-legitima-a-federacion-mexicana-de-basquetbol\/#primaryimage\"},\"image\":{\"@id\":\"https:\/\/esbozodeportivo.com\/index.php\/2025\/02\/18\/conade-no-legitima-a-federacion-mexicana-de-basquetbol\/#primaryimage\"},\"thumbnailUrl\":\"https:\/\/esbozodeportivo.com\/wp-content\/uploads\/2025\/02\/Israel-Hermosillo--scaled.jpg\",\"datePublished\":\"2025-02-18T21:02:18+00:00\",\"dateModified\":\"2025-02-18T21:02:19+00:00\",\"description\":\"El presidente de la Federaci\u00f3n Mexicana de Basquetbol (FMB), Israel Hermosillo Hern\u00e1ndez, \u00a0acompa\u00f1ado de presidentes federativos municipales y de la Ciudad de M\u00e9xico, as\u00ed como entrenadores, jugadores y ex \u00e1rbitros de basquetbol, encabezaron una manifestaci\u00f3n a las afuera de la Secretar\u00eda de Gobernaci\u00f3n, con la finalidad de ser recibidos por su titular Rosa Icela Rodr\u00edguez, para presentar su inconformidad y tratar de conciliar con el presidente de CONADE, Rommel Pacheco, para que los reconozca como Federaci\u00f3n.\",\"breadcrumb\":{\"@id\":\"https:\/\/esbozodeportivo.com\/index.php\/2025\/02\/18\/conade-no-legitima-a-federacion-mexicana-de-basquetbol\/#breadcrumb\"},\"inLanguage\":\"es\",\"potentialAction\":[{\"@type\":\"ReadAction\",\"target\":[\"https:\/\/esbozodeportivo.com\/index.php\/2025\/02\/18\/conade-no-legitima-a-federacion-mexicana-de-basquetbol\/\"]}]},{\"@type\":\"ImageObject\",\"inLanguage\":\"es\",\"@id\":\"https:\/\/esbozodeportivo.com\/index.php\/2025\/02\/18\/conade-no-legitima-a-federacion-mexicana-de-basquetbol\/#primaryimage\",\"url\":\"https:\/\/esbozodeportivo.com\/wp-content\/uploads\/2025\/02\/Israel-Hermosillo--scaled.jpg\",\"contentUrl\":\"https:\/\/esbozodeportivo.com\/wp-content\/uploads\/2025\/02\/Israel-Hermosillo--scaled.jpg\",\"width\":2560,\"height\":1438},{\"@type\":\"BreadcrumbList\",\"@id\":\"https:\/\/esbozodeportivo.com\/index.php\/2025\/02\/18\/conade-no-legitima-a-federacion-mexicana-de-basquetbol\/#breadcrumb\",\"itemListElement\":[{\"@type\":\"ListItem\",\"position\":1,\"name\":\"Inicio\",\"item\":\"https:\/\/esbozodeportivo.com\/\"},{\"@type\":\"ListItem\",\"position\":2,\"name\":\"CONADE no leg\u00edtima a Federaci\u00f3n Mexicana de Basquetbol \u00a0\u00a0\"}]},{\"@type\":\"WebSite\",\"@id\":\"https:\/\/esbozodeportivo.com\/#website\",\"url\":\"https:\/\/esbozodeportivo.com\/\",\"name\":\"Esbozo Deportivo\",\"description\":\"Lo m\u00e1s importante del Deporte\",\"publisher\":{\"@id\":\"https:\/\/esbozodeportivo.com\/#organization\"},\"potentialAction\":[{\"@type\":\"SearchAction\",\"target\":{\"@type\":\"EntryPoint\",\"urlTemplate\":\"https:\/\/esbozodeportivo.com\/?s={search_term_string}\"},\"query-input\":{\"@type\":\"PropertyValueSpecification\",\"valueRequired\":true,\"valueName\":\"search_term_string\"}}],\"inLanguage\":\"es\"},{\"@type\":\"Organization\",\"@id\":\"https:\/\/esbozodeportivo.com\/#organization\",\"name\":\"Esbozo Deportivo\",\"url\":\"https:\/\/esbozodeportivo.com\/\",\"logo\":{\"@type\":\"ImageObject\",\"inLanguage\":\"es\",\"@id\":\"https:\/\/esbozodeportivo.com\/#\/schema\/logo\/image\/\",\"url\":\"https:\/\/esbozodeportivo.com\/wp-content\/uploads\/2022\/08\/cropped-Logo-Esbozo-Web-2.png\",\"contentUrl\":\"https:\/\/esbozodeportivo.com\/wp-content\/uploads\/2022\/08\/cropped-Logo-Esbozo-Web-2.png\",\"width\":180,\"height\":50,\"caption\":\"Esbozo Deportivo\"},\"image\":{\"@id\":\"https:\/\/esbozodeportivo.com\/#\/schema\/logo\/image\/\"}},{\"@type\":\"Person\",\"@id\":\"https:\/\/esbozodeportivo.com\/#\/schema\/person\/7277119c98823aec37bbb84e125efd44\",\"name\":\"Javier De La Cruz\",\"image\":{\"@type\":\"ImageObject\",\"inLanguage\":\"es\",\"@id\":\"https:\/\/esbozodeportivo.com\/#\/schema\/person\/image\/\",\"url\":\"https:\/\/secure.gravatar.com\/avatar\/366235a56d20f1a6e8e3d0b295897639357bea880470ddf261d17bb0bc052eb1?s=96&d=mm&r=g\",\"contentUrl\":\"https:\/\/secure.gravatar.com\/avatar\/366235a56d20f1a6e8e3d0b295897639357bea880470ddf261d17bb0bc052eb1?s=96&d=mm&r=g\",\"caption\":\"Javier De La Cruz\"},\"url\":\"https:\/\/esbozodeportivo.com\/index.php\/author\/javier-de-la-cruz-de-la-cruz\/\"}]}<\/script>\n<!-- \/ Yoast SEO plugin. -->","yoast_head_json":{"title":"CONADE no leg\u00edtima a Federaci\u00f3n Mexicana de Basquetbol \u00a0\u00a0 - Esbozo Deportivo","description":"El presidente de la Federaci\u00f3n Mexicana de Basquetbol (FMB), Israel Hermosillo Hern\u00e1ndez, \u00a0acompa\u00f1ado de presidentes federativos municipales y de la Ciudad de M\u00e9xico, as\u00ed como entrenadores, jugadores y ex \u00e1rbitros de basquetbol, encabezaron una manifestaci\u00f3n a las afuera de la Secretar\u00eda de Gobernaci\u00f3n, con la finalidad de ser recibidos por su titular Rosa Icela Rodr\u00edguez, para presentar su inconformidad y tratar de conciliar con el presidente de CONADE, Rommel Pacheco, para que los reconozca como Federaci\u00f3n.","robots":{"index":"index","follow":"follow","max-snippet":"max-snippet:-1","max-image-preview":"max-image-preview:large","max-video-preview":"max-video-preview:-1"},"canonical":"https:\/\/esbozodeportivo.com\/index.php\/2025\/02\/18\/conade-no-legitima-a-federacion-mexicana-de-basquetbol\/","og_locale":"es_MX","og_type":"article","og_title":"CONADE no leg\u00edtima a Federaci\u00f3n Mexicana de Basquetbol \u00a0\u00a0 - Esbozo Deportivo","og_description":"El presidente de la Federaci\u00f3n Mexicana de Basquetbol (FMB), Israel Hermosillo Hern\u00e1ndez, \u00a0acompa\u00f1ado de presidentes federativos municipales y de la Ciudad de M\u00e9xico, as\u00ed como entrenadores, jugadores y ex \u00e1rbitros de basquetbol, encabezaron una manifestaci\u00f3n a las afuera de la Secretar\u00eda de Gobernaci\u00f3n, con la finalidad de ser recibidos por su titular Rosa Icela Rodr\u00edguez, para presentar su inconformidad y tratar de conciliar con el presidente de CONADE, Rommel Pacheco, para que los reconozca como Federaci\u00f3n.","og_url":"https:\/\/esbozodeportivo.com\/index.php\/2025\/02\/18\/conade-no-legitima-a-federacion-mexicana-de-basquetbol\/","og_site_name":"Esbozo Deportivo","article_published_time":"2025-02-18T21:02:18+00:00","article_modified_time":"2025-02-18T21:02:19+00:00","og_image":[{"width":2560,"height":1438,"url":"https:\/\/esbozodeportivo.com\/wp-content\/uploads\/2025\/02\/Israel-Hermosillo--scaled.jpg","type":"image\/jpeg"}],"author":"Javier De La Cruz","twitter_card":"summary_large_image","twitter_misc":{"Escrito por":"Javier De La Cruz","Tiempo de lectura":"4 minutos"},"schema":{"@context":"https:\/\/schema.org","@graph":[{"@type":"Article","@id":"https:\/\/esbozodeportivo.com\/index.php\/2025\/02\/18\/conade-no-legitima-a-federacion-mexicana-de-basquetbol\/#article","isPartOf":{"@id":"https:\/\/esbozodeportivo.com\/index.php\/2025\/02\/18\/conade-no-legitima-a-federacion-mexicana-de-basquetbol\/"},"author":{"name":"Javier De La Cruz","@id":"https:\/\/esbozodeportivo.com\/#\/schema\/person\/7277119c98823aec37bbb84e125efd44"},"headline":"CONADE no leg\u00edtima a Federaci\u00f3n Mexicana de Basquetbol \u00a0\u00a0","datePublished":"2025-02-18T21:02:18+00:00","dateModified":"2025-02-18T21:02:19+00:00","mainEntityOfPage":{"@id":"https:\/\/esbozodeportivo.com\/index.php\/2025\/02\/18\/conade-no-legitima-a-federacion-mexicana-de-basquetbol\/"},"wordCount":452,"publisher":{"@id":"https:\/\/esbozodeportivo.com\/#organization"},"image":{"@id":"https:\/\/esbozodeportivo.com\/index.php\/2025\/02\/18\/conade-no-legitima-a-federacion-mexicana-de-basquetbol\/#primaryimage"},"thumbnailUrl":"https:\/\/esbozodeportivo.com\/wp-content\/uploads\/2025\/02\/Israel-Hermosillo--scaled.jpg","articleSection":["Basquetbol Nacional"],"inLanguage":"es"},{"@type":"WebPage","@id":"https:\/\/esbozodeportivo.com\/index.php\/2025\/02\/18\/conade-no-legitima-a-federacion-mexicana-de-basquetbol\/","url":"https:\/\/esbozodeportivo.com\/index.php\/2025\/02\/18\/conade-no-legitima-a-federacion-mexicana-de-basquetbol\/","name":"CONADE no leg\u00edtima a Federaci\u00f3n Mexicana de Basquetbol \u00a0\u00a0 - Esbozo Deportivo","isPartOf":{"@id":"https:\/\/esbozodeportivo.com\/#website"},"primaryImageOfPage":{"@id":"https:\/\/esbozodeportivo.com\/index.php\/2025\/02\/18\/conade-no-legitima-a-federacion-mexicana-de-basquetbol\/#primaryimage"},"image":{"@id":"https:\/\/esbozodeportivo.com\/index.php\/2025\/02\/18\/conade-no-legitima-a-federacion-mexicana-de-basquetbol\/#primaryimage"},"thumbnailUrl":"https:\/\/esbozodeportivo.com\/wp-content\/uploads\/2025\/02\/Israel-Hermosillo--scaled.jpg","datePublished":"2025-02-18T21:02:18+00:00","dateModified":"2025-02-18T21:02:19+00:00","description":"El presidente de la Federaci\u00f3n Mexicana de Basquetbol (FMB), Israel Hermosillo Hern\u00e1ndez, \u00a0acompa\u00f1ado de presidentes federativos municipales y de la Ciudad de M\u00e9xico, as\u00ed como entrenadores, jugadores y ex \u00e1rbitros de basquetbol, encabezaron una manifestaci\u00f3n a las afuera de la Secretar\u00eda de Gobernaci\u00f3n, con la finalidad de ser recibidos por su titular Rosa Icela Rodr\u00edguez, para presentar su inconformidad y tratar de conciliar con el presidente de CONADE, Rommel Pacheco, para que los reconozca como Federaci\u00f3n.","breadcrumb":{"@id":"https:\/\/esbozodeportivo.com\/index.php\/2025\/02\/18\/conade-no-legitima-a-federacion-mexicana-de-basquetbol\/#breadcrumb"},"inLanguage":"es","potentialAction":[{"@type":"ReadAction","target":["https:\/\/esbozodeportivo.com\/index.php\/2025\/02\/18\/conade-no-legitima-a-federacion-mexicana-de-basquetbol\/"]}]},{"@type":"ImageObject","inLanguage":"es","@id":"https:\/\/esbozodeportivo.com\/index.php\/2025\/02\/18\/conade-no-legitima-a-federacion-mexicana-de-basquetbol\/#primaryimage","url":"https:\/\/esbozodeportivo.com\/wp-content\/uploads\/2025\/02\/Israel-Hermosillo--scaled.jpg","contentUrl":"https:\/\/esbozodeportivo.com\/wp-content\/uploads\/2025\/02\/Israel-Hermosillo--scaled.jpg","width":2560,"height":1438},{"@type":"BreadcrumbList","@id":"https:\/\/esbozodeportivo.com\/index.php\/2025\/02\/18\/conade-no-legitima-a-federacion-mexicana-de-basquetbol\/#breadcrumb","itemListElement":[{"@type":"ListItem","position":1,"name":"Inicio","item":"https:\/\/esbozodeportivo.com\/"},{"@type":"ListItem","position":2,"name":"CONADE no leg\u00edtima a Federaci\u00f3n Mexicana de Basquetbol \u00a0\u00a0"}]},{"@type":"WebSite","@id":"https:\/\/esbozodeportivo.com\/#website","url":"https:\/\/esbozodeportivo.com\/","name":"Esbozo Deportivo","description":"Lo m\u00e1s importante del Deporte","publisher":{"@id":"https:\/\/esbozodeportivo.com\/#organization"},"potentialAction":[{"@type":"SearchAction","target":{"@type":"EntryPoint","urlTemplate":"https:\/\/esbozodeportivo.com\/?s={search_term_string}"},"query-input":{"@type":"PropertyValueSpecification","valueRequired":true,"valueName":"search_term_string"}}],"inLanguage":"es"},{"@type":"Organization","@id":"https:\/\/esbozodeportivo.com\/#organization","name":"Esbozo Deportivo","url":"https:\/\/esbozodeportivo.com\/","logo":{"@type":"ImageObject","inLanguage":"es","@id":"https:\/\/esbozodeportivo.com\/#\/schema\/logo\/image\/","url":"https:\/\/esbozodeportivo.com\/wp-content\/uploads\/2022\/08\/cropped-Logo-Esbozo-Web-2.png","contentUrl":"https:\/\/esbozodeportivo.com\/wp-content\/uploads\/2022\/08\/cropped-Logo-Esbozo-Web-2.png","width":180,"height":50,"caption":"Esbozo Deportivo"},"image":{"@id":"https:\/\/esbozodeportivo.com\/#\/schema\/logo\/image\/"}},{"@type":"Person","@id":"https:\/\/esbozodeportivo.com\/#\/schema\/person\/7277119c98823aec37bbb84e125efd44","name":"Javier De La Cruz","image":{"@type":"ImageObject","inLanguage":"es","@id":"https:\/\/esbozodeportivo.com\/#\/schema\/person\/image\/","url":"https:\/\/secure.gravatar.com\/avatar\/366235a56d20f1a6e8e3d0b295897639357bea880470ddf261d17bb0bc052eb1?s=96&d=mm&r=g","contentUrl":"https:\/\/secure.gravatar.com\/avatar\/366235a56d20f1a6e8e3d0b295897639357bea880470ddf261d17bb0bc052eb1?s=96&d=mm&r=g","caption":"Javier De La Cruz"},"url":"https:\/\/esbozodeportivo.com\/index.php\/author\/javier-de-la-cruz-de-la-cruz\/"}]}},"jetpack_featured_media_url":"https:\/\/esbozodeportivo.com\/wp-content\/uploads\/2025\/02\/Israel-Hermosillo--scaled.jpg","jetpack_sharing_enabled":true,"_links":{"self":[{"href":"https:\/\/esbozodeportivo.com\/index.php\/wp-json\/wp\/v2\/posts\/5893","targetHints":{"allow":["GET"]}}],"collection":[{"href":"https:\/\/esbozodeportivo.com\/index.php\/wp-json\/wp\/v2\/posts"}],"about":[{"href":"https:\/\/esbozodeportivo.com\/index.php\/wp-json\/wp\/v2\/types\/post"}],"author":[{"embeddable":true,"href":"https:\/\/esbozodeportivo.com\/index.php\/wp-json\/wp\/v2\/users\/2"}],"replies":[{"embeddable":true,"href":"https:\/\/esbozodeportivo.com\/index.php\/wp-json\/wp\/v2\/comments?post=5893"}],"version-history":[{"count":2,"href":"https:\/\/esbozodeportivo.com\/index.php\/wp-json\/wp\/v2\/posts\/5893\/revisions"}],"predecessor-version":[{"id":5903,"href":"https:\/\/esbozodeportivo.com\/index.php\/wp-json\/wp\/v2\/posts\/5893\/revisions\/5903"}],"wp:featuredmedia":[{"embeddable":true,"href":"https:\/\/esbozodeportivo.com\/index.php\/wp-json\/wp\/v2\/media\/5901"}],"wp:attachment":[{"href":"https:\/\/esbozodeportivo.com\/index.php\/wp-json\/wp\/v2\/media?parent=5893"}],"wp:term":[{"taxonomy":"category","embeddable":true,"href":"https:\/\/esbozodeportivo.com\/index.php\/wp-json\/wp\/v2\/categories?post=5893"},{"taxonomy":"post_tag","embeddable":true,"href":"https:\/\/esbozodeportivo.com\/index.php\/wp-json\/wp\/v2\/tags?post=5893"}],"curies":[{"name":"wp","href":"https:\/\/api.w.org\/{rel}","templated":true}]}}