{"id":5919,"date":"2025-02-20T20:49:47","date_gmt":"2025-02-20T20:49:47","guid":{"rendered":"https:\/\/esbozodeportivo.com\/?p=5919"},"modified":"2025-02-20T20:49:48","modified_gmt":"2025-02-20T20:49:48","slug":"un-poder-judicial-menos-burocratico","status":"publish","type":"post","link":"https:\/\/esbozodeportivo.com\/index.php\/2025\/02\/20\/un-poder-judicial-menos-burocratico\/","title":{"rendered":"Un Poder Judicial menos burocr\u00e1tico"},"content":{"rendered":"\n<p>Por primera vez en nuestro pa\u00eds se llevar\u00e1 a cabo la renovaci\u00f3n de Ministros (as), Magistrados (as), Jueces y Juezas por medio de la elecci\u00f3n popular. La jurista <strong>Celia Maya Garc\u00eda<\/strong>, reconocida por su gran trayectoria en el <strong>Poder Judicial<\/strong>, fue la invitada especial en el desayuno-conferencia, que organiza el <strong>Colegio de Abogados del Valle de M\u00e9xico A.C<\/strong>. para hablar del tema: <strong>\u201cTextos y Contextos del Poder Judicia<\/strong>l\u201d.<\/p>\n\n\n\n<p>En el panel estuvieron acompa\u00f1ando a la tambi\u00e9n pol\u00edtica <strong>Joaqu\u00edn Rodr\u00edguez Lugo<\/strong>, presidente del <strong>Colegio de Abogados del Valle de M\u00e9xico<\/strong>; Lic. <strong>Ra\u00fal Varela Gonz\u00e1lez<\/strong>, presidente del despacho <strong>REVSA<\/strong>; Mtro. <strong>Joel Ju\u00e1rez M\u00e1rquez<\/strong>, Oficial Mayor, entre otros.<\/p>\n\n\n\n<p>Al tomar la palabra la Lic. <strong>Celia Maya<\/strong>, destac\u00f3 a partir del mes de junio habr\u00e1 dos agencias judiciales, el primero el&nbsp; <strong>\u00d3rgano de Administraci\u00f3n Judicial<\/strong> y el segundo el <strong>Tribunal de Disciplina Judicial<\/strong>.<\/p>\n\n\n\n<figure class=\"wp-block-image size-full\"><img loading=\"lazy\" decoding=\"async\" width=\"851\" height=\"641\" src=\"https:\/\/esbozodeportivo.com\/wp-content\/uploads\/2025\/02\/Poder-Judicial1.jpg\" alt=\"\" class=\"wp-image-5922\" srcset=\"https:\/\/esbozodeportivo.com\/wp-content\/uploads\/2025\/02\/Poder-Judicial1.jpg 851w, https:\/\/esbozodeportivo.com\/wp-content\/uploads\/2025\/02\/Poder-Judicial1-300x226.jpg 300w, https:\/\/esbozodeportivo.com\/wp-content\/uploads\/2025\/02\/Poder-Judicial1-768x578.jpg 768w\" sizes=\"auto, (max-width: 851px) 100vw, 851px\" \/><\/figure>\n\n\n\n<p>\u201cVan a existir dos agenciad judiciales, el primero ser\u00e1 un <strong>\u00d3rgano de Administraci\u00f3n Judicial<\/strong>, que se encargar\u00e1 de las acciones administrativas, la carrera judicial de control interno, as\u00ed como de elaborar el presupuesto del <strong>Poder Judicial<\/strong>, el cual estar\u00e1 integrado por cinco personas designadas por los tres poderes para un periodo de seis a\u00f1os. Mientras que el <strong>Tribunal de Disciplina Judicial<\/strong>, lo integraran <strong>Magistradas<\/strong> y <strong>Magistrados<\/strong> que ser\u00e1n elector popularmente\u201d, afirm\u00f3 <strong>Maya Garc\u00eda<\/strong>.<\/p>\n\n\n\n<p>En ese sentido, <strong>Maya Garc\u00eda<\/strong>, coment\u00f3 que con el tiempo el <strong>Tribunal de Disciplina Judicial<\/strong>, ha reimplantado las acusaciones de vigilancia y sanciones sobre el personal judicial, se han reformulando con un nuevo marco de actuaci\u00f3n que permita la eficacia en sus procedimientos y determinaci\u00f3n.<\/p>\n\n\n\n<figure class=\"wp-block-image size-full\"><img loading=\"lazy\" decoding=\"async\" width=\"851\" height=\"641\" src=\"https:\/\/esbozodeportivo.com\/wp-content\/uploads\/2025\/02\/Poder-Judicial.jpg\" alt=\"\" class=\"wp-image-5921\" srcset=\"https:\/\/esbozodeportivo.com\/wp-content\/uploads\/2025\/02\/Poder-Judicial.jpg 851w, https:\/\/esbozodeportivo.com\/wp-content\/uploads\/2025\/02\/Poder-Judicial-300x226.jpg 300w, https:\/\/esbozodeportivo.com\/wp-content\/uploads\/2025\/02\/Poder-Judicial-768x578.jpg 768w\" sizes=\"auto, (max-width: 851px) 100vw, 851px\" \/><\/figure>\n\n\n\n<p>Tambi\u00e9n enfatiz\u00f3, que un sistema judicial s\u00f3lido, requiere de operadores capacitados y con un profundo compromiso de \u00e9tica, para poder agilizar los tiempos y reducir la burocracia.<\/p>\n\n\n\n<p>\u201cLa gente merece un <strong>Poder Judicial<\/strong>, honesto y cercano, que debe estar al servicio de la ciudadan\u00eda, con procesos m\u00e1s transparentes y jueces muy comprometidos\u201d, finaliz\u00f3 la jurista.<\/p>\n\n\n\n<figure class=\"wp-block-image size-full\"><img loading=\"lazy\" decoding=\"async\" width=\"851\" height=\"641\" src=\"https:\/\/esbozodeportivo.com\/wp-content\/uploads\/2025\/02\/Poder-Judicial4.jpg\" alt=\"\" class=\"wp-image-5925\" srcset=\"https:\/\/esbozodeportivo.com\/wp-content\/uploads\/2025\/02\/Poder-Judicial4.jpg 851w, https:\/\/esbozodeportivo.com\/wp-content\/uploads\/2025\/02\/Poder-Judicial4-300x226.jpg 300w, https:\/\/esbozodeportivo.com\/wp-content\/uploads\/2025\/02\/Poder-Judicial4-768x578.jpg 768w\" sizes=\"auto, (max-width: 851px) 100vw, 851px\" \/><\/figure>\n","protected":false},"excerpt":{"rendered":"<p>Por primera vez en nuestro pa\u00eds se llevar\u00e1 a cabo la renovaci\u00f3n de Ministros (as),<\/p>\n","protected":false},"author":2,"featured_media":5920,"comment_status":"closed","ping_status":"open","sticky":false,"template":"","format":"standard","meta":{"_jetpack_memberships_contains_paid_content":false,"footnotes":""},"categories":[36],"tags":[],"class_list":["post-5919","post","type-post","status-publish","format-standard","has-post-thumbnail","hentry","category-nacional"],"yoast_head":"<!-- This site is optimized with the Yoast SEO plugin v25.7 - https:\/\/yoast.com\/wordpress\/plugins\/seo\/ -->\n<title>Un Poder Judicial menos burocr\u00e1tico - Esbozo Deportivo<\/title>\n<meta name=\"description\" content=\"Por primera vez en nuestro pa\u00eds se llevar\u00e1 a cabo la renovaci\u00f3n de Ministros (as), Magistrados (as), Jueces y Juezas por medio de la elecci\u00f3n popular. La jurista Celia Maya Garc\u00eda, reconocida por su gran trayectoria en el Poder Judicial, fue la invitada especial en el desayuno-conferencia, que organiza el Colegio de Abogados del Valle de M\u00e9xico A.C. para hablar del tema: \u201cTextos y Contextos del Poder Judicial\u201d.\" \/>\n<meta name=\"robots\" content=\"index, follow, max-snippet:-1, max-image-preview:large, max-video-preview:-1\" \/>\n<link rel=\"canonical\" href=\"https:\/\/esbozodeportivo.com\/index.php\/2025\/02\/20\/un-poder-judicial-menos-burocratico\/\" \/>\n<meta property=\"og:locale\" content=\"es_MX\" \/>\n<meta property=\"og:type\" content=\"article\" \/>\n<meta property=\"og:title\" content=\"Un Poder Judicial menos burocr\u00e1tico - Esbozo Deportivo\" \/>\n<meta property=\"og:description\" content=\"Por primera vez en nuestro pa\u00eds se llevar\u00e1 a cabo la renovaci\u00f3n de Ministros (as), Magistrados (as), Jueces y Juezas por medio de la elecci\u00f3n popular. La jurista Celia Maya Garc\u00eda, reconocida por su gran trayectoria en el Poder Judicial, fue la invitada especial en el desayuno-conferencia, que organiza el Colegio de Abogados del Valle de M\u00e9xico A.C. para hablar del tema: \u201cTextos y Contextos del Poder Judicial\u201d.\" \/>\n<meta property=\"og:url\" content=\"https:\/\/esbozodeportivo.com\/index.php\/2025\/02\/20\/un-poder-judicial-menos-burocratico\/\" \/>\n<meta property=\"og:site_name\" content=\"Esbozo Deportivo\" \/>\n<meta property=\"article:published_time\" content=\"2025-02-20T20:49:47+00:00\" \/>\n<meta property=\"article:modified_time\" content=\"2025-02-20T20:49:48+00:00\" \/>\n<meta property=\"og:image\" content=\"https:\/\/esbozodeportivo.com\/wp-content\/uploads\/2025\/02\/Poder-Judicial2.jpg\" \/>\n\t<meta property=\"og:image:width\" content=\"851\" \/>\n\t<meta property=\"og:image:height\" content=\"641\" \/>\n\t<meta property=\"og:image:type\" content=\"image\/jpeg\" \/>\n<meta name=\"author\" content=\"Javier De La Cruz\" \/>\n<meta name=\"twitter:card\" content=\"summary_large_image\" \/>\n<meta name=\"twitter:label1\" content=\"Escrito por\" \/>\n\t<meta name=\"twitter:data1\" content=\"Javier De La Cruz\" \/>\n\t<meta name=\"twitter:label2\" content=\"Tiempo de lectura\" \/>\n\t<meta name=\"twitter:data2\" content=\"3 minutos\" \/>\n<script type=\"application\/ld+json\" class=\"yoast-schema-graph\">{\"@context\":\"https:\/\/schema.org\",\"@graph\":[{\"@type\":\"Article\",\"@id\":\"https:\/\/esbozodeportivo.com\/index.php\/2025\/02\/20\/un-poder-judicial-menos-burocratico\/#article\",\"isPartOf\":{\"@id\":\"https:\/\/esbozodeportivo.com\/index.php\/2025\/02\/20\/un-poder-judicial-menos-burocratico\/\"},\"author\":{\"name\":\"Javier De La Cruz\",\"@id\":\"https:\/\/esbozodeportivo.com\/#\/schema\/person\/7277119c98823aec37bbb84e125efd44\"},\"headline\":\"Un Poder Judicial menos burocr\u00e1tico\",\"datePublished\":\"2025-02-20T20:49:47+00:00\",\"dateModified\":\"2025-02-20T20:49:48+00:00\",\"mainEntityOfPage\":{\"@id\":\"https:\/\/esbozodeportivo.com\/index.php\/2025\/02\/20\/un-poder-judicial-menos-burocratico\/\"},\"wordCount\":347,\"publisher\":{\"@id\":\"https:\/\/esbozodeportivo.com\/#organization\"},\"image\":{\"@id\":\"https:\/\/esbozodeportivo.com\/index.php\/2025\/02\/20\/un-poder-judicial-menos-burocratico\/#primaryimage\"},\"thumbnailUrl\":\"https:\/\/esbozodeportivo.com\/wp-content\/uploads\/2025\/02\/Poder-Judicial2.jpg\",\"articleSection\":[\"Nacional\"],\"inLanguage\":\"es\"},{\"@type\":\"WebPage\",\"@id\":\"https:\/\/esbozodeportivo.com\/index.php\/2025\/02\/20\/un-poder-judicial-menos-burocratico\/\",\"url\":\"https:\/\/esbozodeportivo.com\/index.php\/2025\/02\/20\/un-poder-judicial-menos-burocratico\/\",\"name\":\"Un Poder Judicial menos burocr\u00e1tico - Esbozo Deportivo\",\"isPartOf\":{\"@id\":\"https:\/\/esbozodeportivo.com\/#website\"},\"primaryImageOfPage\":{\"@id\":\"https:\/\/esbozodeportivo.com\/index.php\/2025\/02\/20\/un-poder-judicial-menos-burocratico\/#primaryimage\"},\"image\":{\"@id\":\"https:\/\/esbozodeportivo.com\/index.php\/2025\/02\/20\/un-poder-judicial-menos-burocratico\/#primaryimage\"},\"thumbnailUrl\":\"https:\/\/esbozodeportivo.com\/wp-content\/uploads\/2025\/02\/Poder-Judicial2.jpg\",\"datePublished\":\"2025-02-20T20:49:47+00:00\",\"dateModified\":\"2025-02-20T20:49:48+00:00\",\"description\":\"Por primera vez en nuestro pa\u00eds se llevar\u00e1 a cabo la renovaci\u00f3n de Ministros (as), Magistrados (as), Jueces y Juezas por medio de la elecci\u00f3n popular. La jurista Celia Maya Garc\u00eda, reconocida por su gran trayectoria en el Poder Judicial, fue la invitada especial en el desayuno-conferencia, que organiza el Colegio de Abogados del Valle de M\u00e9xico A.C. para hablar del tema: \u201cTextos y Contextos del Poder Judicial\u201d.\",\"breadcrumb\":{\"@id\":\"https:\/\/esbozodeportivo.com\/index.php\/2025\/02\/20\/un-poder-judicial-menos-burocratico\/#breadcrumb\"},\"inLanguage\":\"es\",\"potentialAction\":[{\"@type\":\"ReadAction\",\"target\":[\"https:\/\/esbozodeportivo.com\/index.php\/2025\/02\/20\/un-poder-judicial-menos-burocratico\/\"]}]},{\"@type\":\"ImageObject\",\"inLanguage\":\"es\",\"@id\":\"https:\/\/esbozodeportivo.com\/index.php\/2025\/02\/20\/un-poder-judicial-menos-burocratico\/#primaryimage\",\"url\":\"https:\/\/esbozodeportivo.com\/wp-content\/uploads\/2025\/02\/Poder-Judicial2.jpg\",\"contentUrl\":\"https:\/\/esbozodeportivo.com\/wp-content\/uploads\/2025\/02\/Poder-Judicial2.jpg\",\"width\":851,\"height\":641},{\"@type\":\"BreadcrumbList\",\"@id\":\"https:\/\/esbozodeportivo.com\/index.php\/2025\/02\/20\/un-poder-judicial-menos-burocratico\/#breadcrumb\",\"itemListElement\":[{\"@type\":\"ListItem\",\"position\":1,\"name\":\"Inicio\",\"item\":\"https:\/\/esbozodeportivo.com\/\"},{\"@type\":\"ListItem\",\"position\":2,\"name\":\"Un Poder Judicial menos burocr\u00e1tico\"}]},{\"@type\":\"WebSite\",\"@id\":\"https:\/\/esbozodeportivo.com\/#website\",\"url\":\"https:\/\/esbozodeportivo.com\/\",\"name\":\"Esbozo Deportivo\",\"description\":\"Lo m\u00e1s importante del Deporte\",\"publisher\":{\"@id\":\"https:\/\/esbozodeportivo.com\/#organization\"},\"potentialAction\":[{\"@type\":\"SearchAction\",\"target\":{\"@type\":\"EntryPoint\",\"urlTemplate\":\"https:\/\/esbozodeportivo.com\/?s={search_term_string}\"},\"query-input\":{\"@type\":\"PropertyValueSpecification\",\"valueRequired\":true,\"valueName\":\"search_term_string\"}}],\"inLanguage\":\"es\"},{\"@type\":\"Organization\",\"@id\":\"https:\/\/esbozodeportivo.com\/#organization\",\"name\":\"Esbozo Deportivo\",\"url\":\"https:\/\/esbozodeportivo.com\/\",\"logo\":{\"@type\":\"ImageObject\",\"inLanguage\":\"es\",\"@id\":\"https:\/\/esbozodeportivo.com\/#\/schema\/logo\/image\/\",\"url\":\"https:\/\/esbozodeportivo.com\/wp-content\/uploads\/2022\/08\/cropped-Logo-Esbozo-Web-2.png\",\"contentUrl\":\"https:\/\/esbozodeportivo.com\/wp-content\/uploads\/2022\/08\/cropped-Logo-Esbozo-Web-2.png\",\"width\":180,\"height\":50,\"caption\":\"Esbozo Deportivo\"},\"image\":{\"@id\":\"https:\/\/esbozodeportivo.com\/#\/schema\/logo\/image\/\"}},{\"@type\":\"Person\",\"@id\":\"https:\/\/esbozodeportivo.com\/#\/schema\/person\/7277119c98823aec37bbb84e125efd44\",\"name\":\"Javier De La Cruz\",\"image\":{\"@type\":\"ImageObject\",\"inLanguage\":\"es\",\"@id\":\"https:\/\/esbozodeportivo.com\/#\/schema\/person\/image\/\",\"url\":\"https:\/\/secure.gravatar.com\/avatar\/366235a56d20f1a6e8e3d0b295897639357bea880470ddf261d17bb0bc052eb1?s=96&d=mm&r=g\",\"contentUrl\":\"https:\/\/secure.gravatar.com\/avatar\/366235a56d20f1a6e8e3d0b295897639357bea880470ddf261d17bb0bc052eb1?s=96&d=mm&r=g\",\"caption\":\"Javier De La Cruz\"},\"url\":\"https:\/\/esbozodeportivo.com\/index.php\/author\/javier-de-la-cruz-de-la-cruz\/\"}]}<\/script>\n<!-- \/ Yoast SEO plugin. -->","yoast_head_json":{"title":"Un Poder Judicial menos burocr\u00e1tico - Esbozo Deportivo","description":"Por primera vez en nuestro pa\u00eds se llevar\u00e1 a cabo la renovaci\u00f3n de Ministros (as), Magistrados (as), Jueces y Juezas por medio de la elecci\u00f3n popular. La jurista Celia Maya Garc\u00eda, reconocida por su gran trayectoria en el Poder Judicial, fue la invitada especial en el desayuno-conferencia, que organiza el Colegio de Abogados del Valle de M\u00e9xico A.C. para hablar del tema: \u201cTextos y Contextos del Poder Judicial\u201d.","robots":{"index":"index","follow":"follow","max-snippet":"max-snippet:-1","max-image-preview":"max-image-preview:large","max-video-preview":"max-video-preview:-1"},"canonical":"https:\/\/esbozodeportivo.com\/index.php\/2025\/02\/20\/un-poder-judicial-menos-burocratico\/","og_locale":"es_MX","og_type":"article","og_title":"Un Poder Judicial menos burocr\u00e1tico - Esbozo Deportivo","og_description":"Por primera vez en nuestro pa\u00eds se llevar\u00e1 a cabo la renovaci\u00f3n de Ministros (as), Magistrados (as), Jueces y Juezas por medio de la elecci\u00f3n popular. La jurista Celia Maya Garc\u00eda, reconocida por su gran trayectoria en el Poder Judicial, fue la invitada especial en el desayuno-conferencia, que organiza el Colegio de Abogados del Valle de M\u00e9xico A.C. para hablar del tema: \u201cTextos y Contextos del Poder Judicial\u201d.","og_url":"https:\/\/esbozodeportivo.com\/index.php\/2025\/02\/20\/un-poder-judicial-menos-burocratico\/","og_site_name":"Esbozo Deportivo","article_published_time":"2025-02-20T20:49:47+00:00","article_modified_time":"2025-02-20T20:49:48+00:00","og_image":[{"width":851,"height":641,"url":"https:\/\/esbozodeportivo.com\/wp-content\/uploads\/2025\/02\/Poder-Judicial2.jpg","type":"image\/jpeg"}],"author":"Javier De La Cruz","twitter_card":"summary_large_image","twitter_misc":{"Escrito por":"Javier De La Cruz","Tiempo de lectura":"3 minutos"},"schema":{"@context":"https:\/\/schema.org","@graph":[{"@type":"Article","@id":"https:\/\/esbozodeportivo.com\/index.php\/2025\/02\/20\/un-poder-judicial-menos-burocratico\/#article","isPartOf":{"@id":"https:\/\/esbozodeportivo.com\/index.php\/2025\/02\/20\/un-poder-judicial-menos-burocratico\/"},"author":{"name":"Javier De La Cruz","@id":"https:\/\/esbozodeportivo.com\/#\/schema\/person\/7277119c98823aec37bbb84e125efd44"},"headline":"Un Poder Judicial menos burocr\u00e1tico","datePublished":"2025-02-20T20:49:47+00:00","dateModified":"2025-02-20T20:49:48+00:00","mainEntityOfPage":{"@id":"https:\/\/esbozodeportivo.com\/index.php\/2025\/02\/20\/un-poder-judicial-menos-burocratico\/"},"wordCount":347,"publisher":{"@id":"https:\/\/esbozodeportivo.com\/#organization"},"image":{"@id":"https:\/\/esbozodeportivo.com\/index.php\/2025\/02\/20\/un-poder-judicial-menos-burocratico\/#primaryimage"},"thumbnailUrl":"https:\/\/esbozodeportivo.com\/wp-content\/uploads\/2025\/02\/Poder-Judicial2.jpg","articleSection":["Nacional"],"inLanguage":"es"},{"@type":"WebPage","@id":"https:\/\/esbozodeportivo.com\/index.php\/2025\/02\/20\/un-poder-judicial-menos-burocratico\/","url":"https:\/\/esbozodeportivo.com\/index.php\/2025\/02\/20\/un-poder-judicial-menos-burocratico\/","name":"Un Poder Judicial menos burocr\u00e1tico - Esbozo Deportivo","isPartOf":{"@id":"https:\/\/esbozodeportivo.com\/#website"},"primaryImageOfPage":{"@id":"https:\/\/esbozodeportivo.com\/index.php\/2025\/02\/20\/un-poder-judicial-menos-burocratico\/#primaryimage"},"image":{"@id":"https:\/\/esbozodeportivo.com\/index.php\/2025\/02\/20\/un-poder-judicial-menos-burocratico\/#primaryimage"},"thumbnailUrl":"https:\/\/esbozodeportivo.com\/wp-content\/uploads\/2025\/02\/Poder-Judicial2.jpg","datePublished":"2025-02-20T20:49:47+00:00","dateModified":"2025-02-20T20:49:48+00:00","description":"Por primera vez en nuestro pa\u00eds se llevar\u00e1 a cabo la renovaci\u00f3n de Ministros (as), Magistrados (as), Jueces y Juezas por medio de la elecci\u00f3n popular. La jurista Celia Maya Garc\u00eda, reconocida por su gran trayectoria en el Poder Judicial, fue la invitada especial en el desayuno-conferencia, que organiza el Colegio de Abogados del Valle de M\u00e9xico A.C. para hablar del tema: \u201cTextos y Contextos del Poder Judicial\u201d.","breadcrumb":{"@id":"https:\/\/esbozodeportivo.com\/index.php\/2025\/02\/20\/un-poder-judicial-menos-burocratico\/#breadcrumb"},"inLanguage":"es","potentialAction":[{"@type":"ReadAction","target":["https:\/\/esbozodeportivo.com\/index.php\/2025\/02\/20\/un-poder-judicial-menos-burocratico\/"]}]},{"@type":"ImageObject","inLanguage":"es","@id":"https:\/\/esbozodeportivo.com\/index.php\/2025\/02\/20\/un-poder-judicial-menos-burocratico\/#primaryimage","url":"https:\/\/esbozodeportivo.com\/wp-content\/uploads\/2025\/02\/Poder-Judicial2.jpg","contentUrl":"https:\/\/esbozodeportivo.com\/wp-content\/uploads\/2025\/02\/Poder-Judicial2.jpg","width":851,"height":641},{"@type":"BreadcrumbList","@id":"https:\/\/esbozodeportivo.com\/index.php\/2025\/02\/20\/un-poder-judicial-menos-burocratico\/#breadcrumb","itemListElement":[{"@type":"ListItem","position":1,"name":"Inicio","item":"https:\/\/esbozodeportivo.com\/"},{"@type":"ListItem","position":2,"name":"Un Poder Judicial menos burocr\u00e1tico"}]},{"@type":"WebSite","@id":"https:\/\/esbozodeportivo.com\/#website","url":"https:\/\/esbozodeportivo.com\/","name":"Esbozo Deportivo","description":"Lo m\u00e1s importante del Deporte","publisher":{"@id":"https:\/\/esbozodeportivo.com\/#organization"},"potentialAction":[{"@type":"SearchAction","target":{"@type":"EntryPoint","urlTemplate":"https:\/\/esbozodeportivo.com\/?s={search_term_string}"},"query-input":{"@type":"PropertyValueSpecification","valueRequired":true,"valueName":"search_term_string"}}],"inLanguage":"es"},{"@type":"Organization","@id":"https:\/\/esbozodeportivo.com\/#organization","name":"Esbozo Deportivo","url":"https:\/\/esbozodeportivo.com\/","logo":{"@type":"ImageObject","inLanguage":"es","@id":"https:\/\/esbozodeportivo.com\/#\/schema\/logo\/image\/","url":"https:\/\/esbozodeportivo.com\/wp-content\/uploads\/2022\/08\/cropped-Logo-Esbozo-Web-2.png","contentUrl":"https:\/\/esbozodeportivo.com\/wp-content\/uploads\/2022\/08\/cropped-Logo-Esbozo-Web-2.png","width":180,"height":50,"caption":"Esbozo Deportivo"},"image":{"@id":"https:\/\/esbozodeportivo.com\/#\/schema\/logo\/image\/"}},{"@type":"Person","@id":"https:\/\/esbozodeportivo.com\/#\/schema\/person\/7277119c98823aec37bbb84e125efd44","name":"Javier De La Cruz","image":{"@type":"ImageObject","inLanguage":"es","@id":"https:\/\/esbozodeportivo.com\/#\/schema\/person\/image\/","url":"https:\/\/secure.gravatar.com\/avatar\/366235a56d20f1a6e8e3d0b295897639357bea880470ddf261d17bb0bc052eb1?s=96&d=mm&r=g","contentUrl":"https:\/\/secure.gravatar.com\/avatar\/366235a56d20f1a6e8e3d0b295897639357bea880470ddf261d17bb0bc052eb1?s=96&d=mm&r=g","caption":"Javier De La Cruz"},"url":"https:\/\/esbozodeportivo.com\/index.php\/author\/javier-de-la-cruz-de-la-cruz\/"}]}},"jetpack_featured_media_url":"https:\/\/esbozodeportivo.com\/wp-content\/uploads\/2025\/02\/Poder-Judicial2.jpg","jetpack_sharing_enabled":true,"_links":{"self":[{"href":"https:\/\/esbozodeportivo.com\/index.php\/wp-json\/wp\/v2\/posts\/5919","targetHints":{"allow":["GET"]}}],"collection":[{"href":"https:\/\/esbozodeportivo.com\/index.php\/wp-json\/wp\/v2\/posts"}],"about":[{"href":"https:\/\/esbozodeportivo.com\/index.php\/wp-json\/wp\/v2\/types\/post"}],"author":[{"embeddable":true,"href":"https:\/\/esbozodeportivo.com\/index.php\/wp-json\/wp\/v2\/users\/2"}],"replies":[{"embeddable":true,"href":"https:\/\/esbozodeportivo.com\/index.php\/wp-json\/wp\/v2\/comments?post=5919"}],"version-history":[{"count":1,"href":"https:\/\/esbozodeportivo.com\/index.php\/wp-json\/wp\/v2\/posts\/5919\/revisions"}],"predecessor-version":[{"id":5926,"href":"https:\/\/esbozodeportivo.com\/index.php\/wp-json\/wp\/v2\/posts\/5919\/revisions\/5926"}],"wp:featuredmedia":[{"embeddable":true,"href":"https:\/\/esbozodeportivo.com\/index.php\/wp-json\/wp\/v2\/media\/5920"}],"wp:attachment":[{"href":"https:\/\/esbozodeportivo.com\/index.php\/wp-json\/wp\/v2\/media?parent=5919"}],"wp:term":[{"taxonomy":"category","embeddable":true,"href":"https:\/\/esbozodeportivo.com\/index.php\/wp-json\/wp\/v2\/categories?post=5919"},{"taxonomy":"post_tag","embeddable":true,"href":"https:\/\/esbozodeportivo.com\/index.php\/wp-json\/wp\/v2\/tags?post=5919"}],"curies":[{"name":"wp","href":"https:\/\/api.w.org\/{rel}","templated":true}]}}