{"id":5930,"date":"2025-02-22T02:03:31","date_gmt":"2025-02-22T02:03:31","guid":{"rendered":"https:\/\/esbozodeportivo.com\/?p=5930"},"modified":"2025-02-22T02:03:31","modified_gmt":"2025-02-22T02:03:31","slug":"2-copa-internacional-de-veracruz","status":"publish","type":"post","link":"https:\/\/esbozodeportivo.com\/index.php\/2025\/02\/22\/2-copa-internacional-de-veracruz\/","title":{"rendered":"2\u00b0 COPA INTERNACIONAL DE VERACRUZ"},"content":{"rendered":"\n<p><strong>(Foto: acu\u00e1ticanelsonvargas)<\/strong><\/p>\n\n\n\n<p>El Comit\u00e9 de Estabilizaci\u00f3n para la nataci\u00f3n mexicana aval\u00f3 la realizaci\u00f3n de la 2\u00b0 Copa Internacional de Veracruz, cita de car\u00e1cter nacional e internacional, que se lleva a cabo desde hoy y hasta el pr\u00f3ximo 23 de febrero, cita deportiva que cuenta con el apoyo irrestricto del Instituto Veracruzano de Deporte y que contar\u00e1 con la participaci\u00f3n de 750 nadadores que representan a 63 clubes del pa\u00eds. Las categor\u00edas en competencia, son: 8 y menores, 9 y 10 a\u00f1os, 11 y 12, 13 y 14, 15 y 16, as\u00ed como 17 y mayores.<\/p>\n\n\n\n<p>Para tener en cuenta, este acontecimiento competitivo cuenta con una larga trayectoria, all\u00ed se han dado cita Andr\u00e9s Puente \u2013 medallista panamericano o Sofia Revilak \u2013 quien ha logrado diversas medallas centroamericanas. El organizador de esta Copa, brinda, paralelamente una gran confianza, puesto que, aunque se denomina como segunda copa, en realidad en la s\u00e9ptima ocasi\u00f3n en que se desarrolla con \u00e9xito este evento, es por esto que atletas de este nivel conf\u00edan y participan en Veracruz.<\/p>\n\n\n\n<figure class=\"wp-block-image size-large\"><img loading=\"lazy\" decoding=\"async\" width=\"1024\" height=\"768\" src=\"https:\/\/esbozodeportivo.com\/wp-content\/uploads\/2025\/02\/Nelson-3-1024x768.jpg\" alt=\"\" class=\"wp-image-5933\" srcset=\"https:\/\/esbozodeportivo.com\/wp-content\/uploads\/2025\/02\/Nelson-3-1024x768.jpg 1024w, https:\/\/esbozodeportivo.com\/wp-content\/uploads\/2025\/02\/Nelson-3-300x225.jpg 300w, https:\/\/esbozodeportivo.com\/wp-content\/uploads\/2025\/02\/Nelson-3-768x576.jpg 768w, https:\/\/esbozodeportivo.com\/wp-content\/uploads\/2025\/02\/Nelson-3.jpg 1280w\" sizes=\"auto, (max-width: 1024px) 100vw, 1024px\" \/><\/figure>\n\n\n\n<p><strong><br>(Foto: acu\u00e1ticanelsonvargas)<br><br><\/strong>Es por lo anterior que all\u00ed tambi\u00e9n estar\u00e1n: Jorge Iga &#8211; <strong><em>anv<\/em><\/strong>, subcampe\u00f3n panamericano y medallista de los Juegos Centroamericano; \u00c1ngel Mart\u00ednez &#8211; <strong><em>anv <\/em><\/strong>y otros grandes nombres de la nataci\u00f3n nacional, como: Jonas Casademunt, Andr\u00e9s Puente, Fernanda Elizondo y Mar\u00eda Jos\u00e9 Z\u00fa\u00f1iga, quienes han llevado con honores los colores de nuestra bandera por el mundo. De los atletas internacionales que nos visitan, se encuentran:<\/p>\n\n\n\n<ul class=\"wp-block-list\">\n<li><strong>Chase Kalisz \u2013 USA<\/strong>: Su especialidad es el estilo combinado, ha participado en dos Juegos Ol\u00edmpicos y ha obtenido all\u00ed dos medallas, una de Plata en R\u00edo \u2013 2016 y otra de oro en Tokio \u2013 2020. Adem\u00e1s, posee seis medallas logradas en Campeonatos del Mundo, esto entre 2013 y 2022.<\/li>\n<\/ul>\n\n\n\n<p><strong>Sidney Pickrem \u2013 Canad\u00e1:<\/strong> Aunque la atleta naci\u00f3 en Dunedin \u2013 Estados Unidos, representa a Canad\u00e1. Due\u00f1a de un bronce ol\u00edmpico en Tokio y adem\u00e1s consolido una sexta posici\u00f3n en R\u00edo \u2013 2016. Paralelamente, es due\u00f1a de siete medallas del mundo logradas entre 2017 \u2013 2024<\/p>\n\n\n\n<figure class=\"wp-block-image size-large\"><img loading=\"lazy\" decoding=\"async\" width=\"1024\" height=\"768\" src=\"https:\/\/esbozodeportivo.com\/wp-content\/uploads\/2025\/02\/Nelson-2-1024x768.jpg\" alt=\"\" class=\"wp-image-5932\" srcset=\"https:\/\/esbozodeportivo.com\/wp-content\/uploads\/2025\/02\/Nelson-2-1024x768.jpg 1024w, https:\/\/esbozodeportivo.com\/wp-content\/uploads\/2025\/02\/Nelson-2-300x225.jpg 300w, https:\/\/esbozodeportivo.com\/wp-content\/uploads\/2025\/02\/Nelson-2-768x576.jpg 768w, https:\/\/esbozodeportivo.com\/wp-content\/uploads\/2025\/02\/Nelson-2.jpg 1280w\" sizes=\"auto, (max-width: 1024px) 100vw, 1024px\" \/><\/figure>\n\n\n\n<p><strong><br>(Foto: acu\u00e1ticanelsonvargas)<br><br><\/strong><strong>Grant House \u2013 USA<\/strong>: Es uno de los atletas m\u00e1s reconocidos de los Estados Unidos, la raz\u00f3n ha logrado en seis oportunidades clasificarse a la delegaci\u00f3n nacional.<\/p>\n\n\n\n<ul class=\"wp-block-list\">\n<li><strong>Penny Oleksiak \u2013 Canad\u00e1<\/strong>: Su especialidad son las pruebas de estilo libre y mariposa. En R\u00edo logr\u00f3 una plata y un bronce para su equipo en las pruebas de 100 m mariposa y en el revelo 4&#215;100 m libre, respectivamente. Siendo esta \u00faltima medalla la primera en la historia para su equipo y su pa\u00eds.<\/li>\n<\/ul>\n\n\n\n<ul class=\"wp-block-list\">\n<li><strong>Michael Andrew \u2013 USA<\/strong>: Due\u00f1o del oro ol\u00edmpico en la prueba de 4&#215;100 m estilos. Adem\u00e1s, es posee cinco medallas de Campeonatos del Mundo entre 2022 y 2024, mientras que en Campeonatos del Mundo en piscina corta ha logrado seis preseas m\u00e1s<\/li>\n<\/ul>\n\n\n\n<ul class=\"wp-block-list\">\n<li><strong>Jack Dolan \u2013 USA:<\/strong> Due\u00f1o del r\u00e9cord escolar en 50 m libre, adem\u00e1s es reconocido por su alto enfoque en este deporte<\/li>\n<\/ul>\n\n\n\n<ul class=\"wp-block-list\">\n<li><strong>Taylor Ruck \u2013 Canad\u00e1:<\/strong> Su especialidad son las competencias en estilo libre, medallista ol\u00edmpica de bronce en R\u00edo de Janeiro, esto junto al equipo de su pa\u00eds en el relevo 4&#215;100 m libre. Adem\u00e1s, ha sido dos veces campeona del mundo en eventos de piscina corta.<\/li>\n<\/ul>\n\n\n\n<p><strong>Leo de Deus \u2013 Brasil:<\/strong> Reconocido por su sexto lugar en Tokio 2020 y ha logrado en dos ocasiones ser finalista de Campeonatos del Mundo, sumadas a sus tres medallas logradas en Juegos Panamericanos<\/p>\n\n\n\n<figure class=\"wp-block-image size-large\"><img loading=\"lazy\" decoding=\"async\" width=\"1024\" height=\"682\" src=\"https:\/\/esbozodeportivo.com\/wp-content\/uploads\/2025\/02\/Nelson-1-1024x682.jpg\" alt=\"\" class=\"wp-image-5931\" srcset=\"https:\/\/esbozodeportivo.com\/wp-content\/uploads\/2025\/02\/Nelson-1-1024x682.jpg 1024w, https:\/\/esbozodeportivo.com\/wp-content\/uploads\/2025\/02\/Nelson-1-300x200.jpg 300w, https:\/\/esbozodeportivo.com\/wp-content\/uploads\/2025\/02\/Nelson-1-768x511.jpg 768w, https:\/\/esbozodeportivo.com\/wp-content\/uploads\/2025\/02\/Nelson-1.jpg 1280w\" sizes=\"auto, (max-width: 1024px) 100vw, 1024px\" \/><\/figure>\n\n\n\n<p><strong>(Foto: acu\u00e1ticanelsonvargas)<br><br><\/strong>Antes de finalizar, tambi\u00e9n destacamos que como siempre y dando un gran respaldo al desarrollo y proyecci\u00f3n de este deporte en todo el pa\u00eds, <strong><em>acu\u00e1tica nelsonvargas<\/em><\/strong> contar\u00e1 con una participaci\u00f3n numerosa, un total de 125 deportistas estar\u00e1n all\u00ed, esto en las siguientes categor\u00edas, atletas formados en nuestras sucursales, as\u00ed:<\/p>\n\n\n\n<figure class=\"wp-block-image size-full\"><img loading=\"lazy\" decoding=\"async\" width=\"912\" height=\"457\" src=\"https:\/\/esbozodeportivo.com\/wp-content\/uploads\/2025\/02\/image.png\" alt=\"\" class=\"wp-image-5935\" srcset=\"https:\/\/esbozodeportivo.com\/wp-content\/uploads\/2025\/02\/image.png 912w, https:\/\/esbozodeportivo.com\/wp-content\/uploads\/2025\/02\/image-300x150.png 300w, https:\/\/esbozodeportivo.com\/wp-content\/uploads\/2025\/02\/image-768x385.png 768w\" sizes=\"auto, (max-width: 912px) 100vw, 912px\" \/><\/figure>\n","protected":false},"excerpt":{"rendered":"<p>(Foto: acu\u00e1ticanelsonvargas) El Comit\u00e9 de Estabilizaci\u00f3n para la nataci\u00f3n mexicana aval\u00f3 la realizaci\u00f3n de la<\/p>\n","protected":false},"author":2,"featured_media":5934,"comment_status":"closed","ping_status":"open","sticky":false,"template":"","format":"standard","meta":{"_jetpack_memberships_contains_paid_content":false,"footnotes":""},"categories":[5],"tags":[],"class_list":["post-5930","post","type-post","status-publish","format-standard","has-post-thumbnail","hentry","category-amateur"],"yoast_head":"<!-- This site is optimized with the Yoast SEO plugin v25.7 - https:\/\/yoast.com\/wordpress\/plugins\/seo\/ -->\n<title>2\u00b0 COPA INTERNACIONAL DE VERACRUZ - Esbozo Deportivo<\/title>\n<meta name=\"description\" content=\"El Comit\u00e9 de Estabilizaci\u00f3n para la nataci\u00f3n mexicana aval\u00f3 la realizaci\u00f3n de la 2\u00b0 Copa Internacional de Veracruz, cita de car\u00e1cter nacional e internacional, que se lleva a cabo desde hoy y hasta el pr\u00f3ximo 23 de febrero, cita deportiva que cuenta con el apoyo irrestricto del Instituto Veracruzano de Deporte y que contar\u00e1 con la participaci\u00f3n de 750 nadadores que representan a 63 clubes del pa\u00eds. Las categor\u00edas en competencia, son: 8 y menores, 9 y 10 a\u00f1os, 11 y 12, 13 y 14, 15 y 16, as\u00ed como 17 y mayores.\" \/>\n<meta name=\"robots\" content=\"index, follow, max-snippet:-1, max-image-preview:large, max-video-preview:-1\" \/>\n<link rel=\"canonical\" href=\"https:\/\/esbozodeportivo.com\/index.php\/2025\/02\/22\/2-copa-internacional-de-veracruz\/\" \/>\n<meta property=\"og:locale\" content=\"es_MX\" \/>\n<meta property=\"og:type\" content=\"article\" \/>\n<meta property=\"og:title\" content=\"2\u00b0 COPA INTERNACIONAL DE VERACRUZ - Esbozo Deportivo\" \/>\n<meta property=\"og:description\" content=\"El Comit\u00e9 de Estabilizaci\u00f3n para la nataci\u00f3n mexicana aval\u00f3 la realizaci\u00f3n de la 2\u00b0 Copa Internacional de Veracruz, cita de car\u00e1cter nacional e internacional, que se lleva a cabo desde hoy y hasta el pr\u00f3ximo 23 de febrero, cita deportiva que cuenta con el apoyo irrestricto del Instituto Veracruzano de Deporte y que contar\u00e1 con la participaci\u00f3n de 750 nadadores que representan a 63 clubes del pa\u00eds. Las categor\u00edas en competencia, son: 8 y menores, 9 y 10 a\u00f1os, 11 y 12, 13 y 14, 15 y 16, as\u00ed como 17 y mayores.\" \/>\n<meta property=\"og:url\" content=\"https:\/\/esbozodeportivo.com\/index.php\/2025\/02\/22\/2-copa-internacional-de-veracruz\/\" \/>\n<meta property=\"og:site_name\" content=\"Esbozo Deportivo\" \/>\n<meta property=\"article:published_time\" content=\"2025-02-22T02:03:31+00:00\" \/>\n<meta property=\"og:image\" content=\"https:\/\/esbozodeportivo.com\/wp-content\/uploads\/2025\/02\/Nelson.jpg\" \/>\n\t<meta property=\"og:image:width\" content=\"1280\" \/>\n\t<meta property=\"og:image:height\" content=\"960\" \/>\n\t<meta property=\"og:image:type\" content=\"image\/jpeg\" \/>\n<meta name=\"author\" content=\"Javier De La Cruz\" \/>\n<meta name=\"twitter:card\" content=\"summary_large_image\" \/>\n<meta name=\"twitter:label1\" content=\"Escrito por\" \/>\n\t<meta name=\"twitter:data1\" content=\"Javier De La Cruz\" \/>\n\t<meta name=\"twitter:label2\" content=\"Tiempo de lectura\" \/>\n\t<meta name=\"twitter:data2\" content=\"4 minutos\" \/>\n<script type=\"application\/ld+json\" class=\"yoast-schema-graph\">{\"@context\":\"https:\/\/schema.org\",\"@graph\":[{\"@type\":\"Article\",\"@id\":\"https:\/\/esbozodeportivo.com\/index.php\/2025\/02\/22\/2-copa-internacional-de-veracruz\/#article\",\"isPartOf\":{\"@id\":\"https:\/\/esbozodeportivo.com\/index.php\/2025\/02\/22\/2-copa-internacional-de-veracruz\/\"},\"author\":{\"name\":\"Javier De La Cruz\",\"@id\":\"https:\/\/esbozodeportivo.com\/#\/schema\/person\/7277119c98823aec37bbb84e125efd44\"},\"headline\":\"2\u00b0 COPA INTERNACIONAL DE VERACRUZ\",\"datePublished\":\"2025-02-22T02:03:31+00:00\",\"mainEntityOfPage\":{\"@id\":\"https:\/\/esbozodeportivo.com\/index.php\/2025\/02\/22\/2-copa-internacional-de-veracruz\/\"},\"wordCount\":634,\"publisher\":{\"@id\":\"https:\/\/esbozodeportivo.com\/#organization\"},\"image\":{\"@id\":\"https:\/\/esbozodeportivo.com\/index.php\/2025\/02\/22\/2-copa-internacional-de-veracruz\/#primaryimage\"},\"thumbnailUrl\":\"https:\/\/esbozodeportivo.com\/wp-content\/uploads\/2025\/02\/Nelson.jpg\",\"articleSection\":[\"Amateur\"],\"inLanguage\":\"es\"},{\"@type\":\"WebPage\",\"@id\":\"https:\/\/esbozodeportivo.com\/index.php\/2025\/02\/22\/2-copa-internacional-de-veracruz\/\",\"url\":\"https:\/\/esbozodeportivo.com\/index.php\/2025\/02\/22\/2-copa-internacional-de-veracruz\/\",\"name\":\"2\u00b0 COPA INTERNACIONAL DE VERACRUZ - Esbozo Deportivo\",\"isPartOf\":{\"@id\":\"https:\/\/esbozodeportivo.com\/#website\"},\"primaryImageOfPage\":{\"@id\":\"https:\/\/esbozodeportivo.com\/index.php\/2025\/02\/22\/2-copa-internacional-de-veracruz\/#primaryimage\"},\"image\":{\"@id\":\"https:\/\/esbozodeportivo.com\/index.php\/2025\/02\/22\/2-copa-internacional-de-veracruz\/#primaryimage\"},\"thumbnailUrl\":\"https:\/\/esbozodeportivo.com\/wp-content\/uploads\/2025\/02\/Nelson.jpg\",\"datePublished\":\"2025-02-22T02:03:31+00:00\",\"description\":\"El Comit\u00e9 de Estabilizaci\u00f3n para la nataci\u00f3n mexicana aval\u00f3 la realizaci\u00f3n de la 2\u00b0 Copa Internacional de Veracruz, cita de car\u00e1cter nacional e internacional, que se lleva a cabo desde hoy y hasta el pr\u00f3ximo 23 de febrero, cita deportiva que cuenta con el apoyo irrestricto del Instituto Veracruzano de Deporte y que contar\u00e1 con la participaci\u00f3n de 750 nadadores que representan a 63 clubes del pa\u00eds. Las categor\u00edas en competencia, son: 8 y menores, 9 y 10 a\u00f1os, 11 y 12, 13 y 14, 15 y 16, as\u00ed como 17 y mayores.\",\"breadcrumb\":{\"@id\":\"https:\/\/esbozodeportivo.com\/index.php\/2025\/02\/22\/2-copa-internacional-de-veracruz\/#breadcrumb\"},\"inLanguage\":\"es\",\"potentialAction\":[{\"@type\":\"ReadAction\",\"target\":[\"https:\/\/esbozodeportivo.com\/index.php\/2025\/02\/22\/2-copa-internacional-de-veracruz\/\"]}]},{\"@type\":\"ImageObject\",\"inLanguage\":\"es\",\"@id\":\"https:\/\/esbozodeportivo.com\/index.php\/2025\/02\/22\/2-copa-internacional-de-veracruz\/#primaryimage\",\"url\":\"https:\/\/esbozodeportivo.com\/wp-content\/uploads\/2025\/02\/Nelson.jpg\",\"contentUrl\":\"https:\/\/esbozodeportivo.com\/wp-content\/uploads\/2025\/02\/Nelson.jpg\",\"width\":1280,\"height\":960},{\"@type\":\"BreadcrumbList\",\"@id\":\"https:\/\/esbozodeportivo.com\/index.php\/2025\/02\/22\/2-copa-internacional-de-veracruz\/#breadcrumb\",\"itemListElement\":[{\"@type\":\"ListItem\",\"position\":1,\"name\":\"Inicio\",\"item\":\"https:\/\/esbozodeportivo.com\/\"},{\"@type\":\"ListItem\",\"position\":2,\"name\":\"2\u00b0 COPA INTERNACIONAL DE VERACRUZ\"}]},{\"@type\":\"WebSite\",\"@id\":\"https:\/\/esbozodeportivo.com\/#website\",\"url\":\"https:\/\/esbozodeportivo.com\/\",\"name\":\"Esbozo Deportivo\",\"description\":\"Lo m\u00e1s importante del Deporte\",\"publisher\":{\"@id\":\"https:\/\/esbozodeportivo.com\/#organization\"},\"potentialAction\":[{\"@type\":\"SearchAction\",\"target\":{\"@type\":\"EntryPoint\",\"urlTemplate\":\"https:\/\/esbozodeportivo.com\/?s={search_term_string}\"},\"query-input\":{\"@type\":\"PropertyValueSpecification\",\"valueRequired\":true,\"valueName\":\"search_term_string\"}}],\"inLanguage\":\"es\"},{\"@type\":\"Organization\",\"@id\":\"https:\/\/esbozodeportivo.com\/#organization\",\"name\":\"Esbozo Deportivo\",\"url\":\"https:\/\/esbozodeportivo.com\/\",\"logo\":{\"@type\":\"ImageObject\",\"inLanguage\":\"es\",\"@id\":\"https:\/\/esbozodeportivo.com\/#\/schema\/logo\/image\/\",\"url\":\"https:\/\/esbozodeportivo.com\/wp-content\/uploads\/2022\/08\/cropped-Logo-Esbozo-Web-2.png\",\"contentUrl\":\"https:\/\/esbozodeportivo.com\/wp-content\/uploads\/2022\/08\/cropped-Logo-Esbozo-Web-2.png\",\"width\":180,\"height\":50,\"caption\":\"Esbozo Deportivo\"},\"image\":{\"@id\":\"https:\/\/esbozodeportivo.com\/#\/schema\/logo\/image\/\"}},{\"@type\":\"Person\",\"@id\":\"https:\/\/esbozodeportivo.com\/#\/schema\/person\/7277119c98823aec37bbb84e125efd44\",\"name\":\"Javier De La Cruz\",\"image\":{\"@type\":\"ImageObject\",\"inLanguage\":\"es\",\"@id\":\"https:\/\/esbozodeportivo.com\/#\/schema\/person\/image\/\",\"url\":\"https:\/\/secure.gravatar.com\/avatar\/366235a56d20f1a6e8e3d0b295897639357bea880470ddf261d17bb0bc052eb1?s=96&d=mm&r=g\",\"contentUrl\":\"https:\/\/secure.gravatar.com\/avatar\/366235a56d20f1a6e8e3d0b295897639357bea880470ddf261d17bb0bc052eb1?s=96&d=mm&r=g\",\"caption\":\"Javier De La Cruz\"},\"url\":\"https:\/\/esbozodeportivo.com\/index.php\/author\/javier-de-la-cruz-de-la-cruz\/\"}]}<\/script>\n<!-- \/ Yoast SEO plugin. -->","yoast_head_json":{"title":"2\u00b0 COPA INTERNACIONAL DE VERACRUZ - Esbozo Deportivo","description":"El Comit\u00e9 de Estabilizaci\u00f3n para la nataci\u00f3n mexicana aval\u00f3 la realizaci\u00f3n de la 2\u00b0 Copa Internacional de Veracruz, cita de car\u00e1cter nacional e internacional, que se lleva a cabo desde hoy y hasta el pr\u00f3ximo 23 de febrero, cita deportiva que cuenta con el apoyo irrestricto del Instituto Veracruzano de Deporte y que contar\u00e1 con la participaci\u00f3n de 750 nadadores que representan a 63 clubes del pa\u00eds. Las categor\u00edas en competencia, son: 8 y menores, 9 y 10 a\u00f1os, 11 y 12, 13 y 14, 15 y 16, as\u00ed como 17 y mayores.","robots":{"index":"index","follow":"follow","max-snippet":"max-snippet:-1","max-image-preview":"max-image-preview:large","max-video-preview":"max-video-preview:-1"},"canonical":"https:\/\/esbozodeportivo.com\/index.php\/2025\/02\/22\/2-copa-internacional-de-veracruz\/","og_locale":"es_MX","og_type":"article","og_title":"2\u00b0 COPA INTERNACIONAL DE VERACRUZ - Esbozo Deportivo","og_description":"El Comit\u00e9 de Estabilizaci\u00f3n para la nataci\u00f3n mexicana aval\u00f3 la realizaci\u00f3n de la 2\u00b0 Copa Internacional de Veracruz, cita de car\u00e1cter nacional e internacional, que se lleva a cabo desde hoy y hasta el pr\u00f3ximo 23 de febrero, cita deportiva que cuenta con el apoyo irrestricto del Instituto Veracruzano de Deporte y que contar\u00e1 con la participaci\u00f3n de 750 nadadores que representan a 63 clubes del pa\u00eds. Las categor\u00edas en competencia, son: 8 y menores, 9 y 10 a\u00f1os, 11 y 12, 13 y 14, 15 y 16, as\u00ed como 17 y mayores.","og_url":"https:\/\/esbozodeportivo.com\/index.php\/2025\/02\/22\/2-copa-internacional-de-veracruz\/","og_site_name":"Esbozo Deportivo","article_published_time":"2025-02-22T02:03:31+00:00","og_image":[{"width":1280,"height":960,"url":"https:\/\/esbozodeportivo.com\/wp-content\/uploads\/2025\/02\/Nelson.jpg","type":"image\/jpeg"}],"author":"Javier De La Cruz","twitter_card":"summary_large_image","twitter_misc":{"Escrito por":"Javier De La Cruz","Tiempo de lectura":"4 minutos"},"schema":{"@context":"https:\/\/schema.org","@graph":[{"@type":"Article","@id":"https:\/\/esbozodeportivo.com\/index.php\/2025\/02\/22\/2-copa-internacional-de-veracruz\/#article","isPartOf":{"@id":"https:\/\/esbozodeportivo.com\/index.php\/2025\/02\/22\/2-copa-internacional-de-veracruz\/"},"author":{"name":"Javier De La Cruz","@id":"https:\/\/esbozodeportivo.com\/#\/schema\/person\/7277119c98823aec37bbb84e125efd44"},"headline":"2\u00b0 COPA INTERNACIONAL DE VERACRUZ","datePublished":"2025-02-22T02:03:31+00:00","mainEntityOfPage":{"@id":"https:\/\/esbozodeportivo.com\/index.php\/2025\/02\/22\/2-copa-internacional-de-veracruz\/"},"wordCount":634,"publisher":{"@id":"https:\/\/esbozodeportivo.com\/#organization"},"image":{"@id":"https:\/\/esbozodeportivo.com\/index.php\/2025\/02\/22\/2-copa-internacional-de-veracruz\/#primaryimage"},"thumbnailUrl":"https:\/\/esbozodeportivo.com\/wp-content\/uploads\/2025\/02\/Nelson.jpg","articleSection":["Amateur"],"inLanguage":"es"},{"@type":"WebPage","@id":"https:\/\/esbozodeportivo.com\/index.php\/2025\/02\/22\/2-copa-internacional-de-veracruz\/","url":"https:\/\/esbozodeportivo.com\/index.php\/2025\/02\/22\/2-copa-internacional-de-veracruz\/","name":"2\u00b0 COPA INTERNACIONAL DE VERACRUZ - Esbozo Deportivo","isPartOf":{"@id":"https:\/\/esbozodeportivo.com\/#website"},"primaryImageOfPage":{"@id":"https:\/\/esbozodeportivo.com\/index.php\/2025\/02\/22\/2-copa-internacional-de-veracruz\/#primaryimage"},"image":{"@id":"https:\/\/esbozodeportivo.com\/index.php\/2025\/02\/22\/2-copa-internacional-de-veracruz\/#primaryimage"},"thumbnailUrl":"https:\/\/esbozodeportivo.com\/wp-content\/uploads\/2025\/02\/Nelson.jpg","datePublished":"2025-02-22T02:03:31+00:00","description":"El Comit\u00e9 de Estabilizaci\u00f3n para la nataci\u00f3n mexicana aval\u00f3 la realizaci\u00f3n de la 2\u00b0 Copa Internacional de Veracruz, cita de car\u00e1cter nacional e internacional, que se lleva a cabo desde hoy y hasta el pr\u00f3ximo 23 de febrero, cita deportiva que cuenta con el apoyo irrestricto del Instituto Veracruzano de Deporte y que contar\u00e1 con la participaci\u00f3n de 750 nadadores que representan a 63 clubes del pa\u00eds. Las categor\u00edas en competencia, son: 8 y menores, 9 y 10 a\u00f1os, 11 y 12, 13 y 14, 15 y 16, as\u00ed como 17 y mayores.","breadcrumb":{"@id":"https:\/\/esbozodeportivo.com\/index.php\/2025\/02\/22\/2-copa-internacional-de-veracruz\/#breadcrumb"},"inLanguage":"es","potentialAction":[{"@type":"ReadAction","target":["https:\/\/esbozodeportivo.com\/index.php\/2025\/02\/22\/2-copa-internacional-de-veracruz\/"]}]},{"@type":"ImageObject","inLanguage":"es","@id":"https:\/\/esbozodeportivo.com\/index.php\/2025\/02\/22\/2-copa-internacional-de-veracruz\/#primaryimage","url":"https:\/\/esbozodeportivo.com\/wp-content\/uploads\/2025\/02\/Nelson.jpg","contentUrl":"https:\/\/esbozodeportivo.com\/wp-content\/uploads\/2025\/02\/Nelson.jpg","width":1280,"height":960},{"@type":"BreadcrumbList","@id":"https:\/\/esbozodeportivo.com\/index.php\/2025\/02\/22\/2-copa-internacional-de-veracruz\/#breadcrumb","itemListElement":[{"@type":"ListItem","position":1,"name":"Inicio","item":"https:\/\/esbozodeportivo.com\/"},{"@type":"ListItem","position":2,"name":"2\u00b0 COPA INTERNACIONAL DE VERACRUZ"}]},{"@type":"WebSite","@id":"https:\/\/esbozodeportivo.com\/#website","url":"https:\/\/esbozodeportivo.com\/","name":"Esbozo Deportivo","description":"Lo m\u00e1s importante del Deporte","publisher":{"@id":"https:\/\/esbozodeportivo.com\/#organization"},"potentialAction":[{"@type":"SearchAction","target":{"@type":"EntryPoint","urlTemplate":"https:\/\/esbozodeportivo.com\/?s={search_term_string}"},"query-input":{"@type":"PropertyValueSpecification","valueRequired":true,"valueName":"search_term_string"}}],"inLanguage":"es"},{"@type":"Organization","@id":"https:\/\/esbozodeportivo.com\/#organization","name":"Esbozo Deportivo","url":"https:\/\/esbozodeportivo.com\/","logo":{"@type":"ImageObject","inLanguage":"es","@id":"https:\/\/esbozodeportivo.com\/#\/schema\/logo\/image\/","url":"https:\/\/esbozodeportivo.com\/wp-content\/uploads\/2022\/08\/cropped-Logo-Esbozo-Web-2.png","contentUrl":"https:\/\/esbozodeportivo.com\/wp-content\/uploads\/2022\/08\/cropped-Logo-Esbozo-Web-2.png","width":180,"height":50,"caption":"Esbozo Deportivo"},"image":{"@id":"https:\/\/esbozodeportivo.com\/#\/schema\/logo\/image\/"}},{"@type":"Person","@id":"https:\/\/esbozodeportivo.com\/#\/schema\/person\/7277119c98823aec37bbb84e125efd44","name":"Javier De La Cruz","image":{"@type":"ImageObject","inLanguage":"es","@id":"https:\/\/esbozodeportivo.com\/#\/schema\/person\/image\/","url":"https:\/\/secure.gravatar.com\/avatar\/366235a56d20f1a6e8e3d0b295897639357bea880470ddf261d17bb0bc052eb1?s=96&d=mm&r=g","contentUrl":"https:\/\/secure.gravatar.com\/avatar\/366235a56d20f1a6e8e3d0b295897639357bea880470ddf261d17bb0bc052eb1?s=96&d=mm&r=g","caption":"Javier De La Cruz"},"url":"https:\/\/esbozodeportivo.com\/index.php\/author\/javier-de-la-cruz-de-la-cruz\/"}]}},"jetpack_featured_media_url":"https:\/\/esbozodeportivo.com\/wp-content\/uploads\/2025\/02\/Nelson.jpg","jetpack_sharing_enabled":true,"_links":{"self":[{"href":"https:\/\/esbozodeportivo.com\/index.php\/wp-json\/wp\/v2\/posts\/5930","targetHints":{"allow":["GET"]}}],"collection":[{"href":"https:\/\/esbozodeportivo.com\/index.php\/wp-json\/wp\/v2\/posts"}],"about":[{"href":"https:\/\/esbozodeportivo.com\/index.php\/wp-json\/wp\/v2\/types\/post"}],"author":[{"embeddable":true,"href":"https:\/\/esbozodeportivo.com\/index.php\/wp-json\/wp\/v2\/users\/2"}],"replies":[{"embeddable":true,"href":"https:\/\/esbozodeportivo.com\/index.php\/wp-json\/wp\/v2\/comments?post=5930"}],"version-history":[{"count":1,"href":"https:\/\/esbozodeportivo.com\/index.php\/wp-json\/wp\/v2\/posts\/5930\/revisions"}],"predecessor-version":[{"id":5936,"href":"https:\/\/esbozodeportivo.com\/index.php\/wp-json\/wp\/v2\/posts\/5930\/revisions\/5936"}],"wp:featuredmedia":[{"embeddable":true,"href":"https:\/\/esbozodeportivo.com\/index.php\/wp-json\/wp\/v2\/media\/5934"}],"wp:attachment":[{"href":"https:\/\/esbozodeportivo.com\/index.php\/wp-json\/wp\/v2\/media?parent=5930"}],"wp:term":[{"taxonomy":"category","embeddable":true,"href":"https:\/\/esbozodeportivo.com\/index.php\/wp-json\/wp\/v2\/categories?post=5930"},{"taxonomy":"post_tag","embeddable":true,"href":"https:\/\/esbozodeportivo.com\/index.php\/wp-json\/wp\/v2\/tags?post=5930"}],"curies":[{"name":"wp","href":"https:\/\/api.w.org\/{rel}","templated":true}]}}