{"id":5937,"date":"2025-02-22T02:11:29","date_gmt":"2025-02-22T02:11:29","guid":{"rendered":"https:\/\/esbozodeportivo.com\/?p=5937"},"modified":"2025-02-22T02:11:30","modified_gmt":"2025-02-22T02:11:30","slug":"prime-sports-racing-team-presento-a-su-equipo-para-la-temporada-2025","status":"publish","type":"post","link":"https:\/\/esbozodeportivo.com\/index.php\/2025\/02\/22\/prime-sports-racing-team-presento-a-su-equipo-para-la-temporada-2025\/","title":{"rendered":"Prime Sports Racing Team Present\u00f3 a su equipo para la temporada 2025"},"content":{"rendered":"\n<p>(Foto: Cortes\u00eda) <\/p>\n\n\n\n<p>En un evento realizado en la Agencia Changan Pedregal, <strong>Prime Sports Racing Team <\/strong>present\u00f3 oficialmente a los pilotos que representar\u00e1n a la escuder\u00eda en la temporada 2025 de <strong>NASCAR M\u00e9xico Series, NASCAR Challenge y Trucks<\/strong><\/p>\n\n\n\n<p><strong>M\u00e9xico Series<\/strong>. La conferencia de prensa, conducida por <strong>Karina Xicot\u00e9ncatl<\/strong>, reuni\u00f3 a medios de comunicaci\u00f3n, socios comerciales y miembros del equipo en una jornada de entusiasmo y compromiso con el automovilismo.<\/p>\n\n\n\n<p><strong>ALINEACI\u00d3N DE PILOTOS 2025<\/strong><\/p>\n\n\n\n<p><strong>Trucks M\u00e9xico Series <\/strong>\u2022 <strong>Mateo Gir\u00f3n <\/strong>\u2013 Auto#5\u2022 <strong>Rafael Maggio <\/strong>&#8211; Auto #67<\/p>\n\n\n\n<p><strong>NASCAR Challenge <\/strong>\u2022 <strong>Rodrigo Maggio <\/strong>-Auto #16<\/p>\n\n\n\n<p><strong>NASCAR M\u00e9xico Series <\/strong>\u2022 <strong>Xavi Razo <\/strong>-Auto #7\u2022 <strong>Germ\u00e1n Quiroga <\/strong>-Auto #69<\/p>\n\n\n\n<figure class=\"wp-block-image size-large\"><img loading=\"lazy\" decoding=\"async\" width=\"1024\" height=\"683\" src=\"https:\/\/esbozodeportivo.com\/wp-content\/uploads\/2025\/02\/Sprime-Sports1--1024x683.jpg\" alt=\"\" class=\"wp-image-5939\" srcset=\"https:\/\/esbozodeportivo.com\/wp-content\/uploads\/2025\/02\/Sprime-Sports1--1024x683.jpg 1024w, https:\/\/esbozodeportivo.com\/wp-content\/uploads\/2025\/02\/Sprime-Sports1--300x200.jpg 300w, https:\/\/esbozodeportivo.com\/wp-content\/uploads\/2025\/02\/Sprime-Sports1--768x512.jpg 768w, https:\/\/esbozodeportivo.com\/wp-content\/uploads\/2025\/02\/Sprime-Sports1--1536x1024.jpg 1536w, https:\/\/esbozodeportivo.com\/wp-content\/uploads\/2025\/02\/Sprime-Sports1--2048x1365.jpg 2048w\" sizes=\"auto, (max-width: 1024px) 100vw, 1024px\" \/><\/figure>\n\n\n\n<p>(Foto: Cortes\u00eda) <\/p>\n\n\n\n<p><strong>PRIME SPORTS RACING TEAM: UNA ESCUDER\u00cdA DE EXCELENCIA<\/strong><\/p>\n\n\n\n<p>Prime Sports Racing Team ha demostrado ser <strong>una de las escuder\u00edas m\u00e1s s\u00f3lidas y competitivas dentro del automovilismo mexicano<\/strong>. Su filosof\u00eda de trabajo se basa en ladisciplina, la <strong>mezcla de talento joven y experiencia<\/strong>, y la b\u00fasqueda constante de la excelenciaen cada competencia.<\/p>\n\n\n\n<p>Para la temporada 2025, <strong>la escuder\u00eda se fortalece con nuevas estrategias <\/strong>y mejoras en su equipo t\u00e9cnico, con el objetivo de superar los logros obtenidos en la temporada anterior y <strong>seguir<\/strong> <strong>siendo protagonistas en cada carrera.<\/strong><\/p>\n\n\n\n<p><strong>DESEMPE\u00d1O DESTACADO EN LA TEMPORADA 2024<\/strong><\/p>\n\n\n\n<p>La temporada 2024 fue testigo del dominio de <strong>Prime Sports Racing Team, <\/strong>acumulando podios, t\u00edtulos y reconocimientos. Con 18 podios en total, incluyendo 6 victorias, la escuder\u00eda demostr\u00f3 un desempe\u00f1o excepcional en la <strong>NASCAR<\/strong>. <\/p>\n\n\n\n<figure class=\"wp-block-image size-large\"><img loading=\"lazy\" decoding=\"async\" width=\"1024\" height=\"683\" src=\"https:\/\/esbozodeportivo.com\/wp-content\/uploads\/2025\/02\/Sprime-Sports2--1024x683.jpg\" alt=\"\" class=\"wp-image-5940\" srcset=\"https:\/\/esbozodeportivo.com\/wp-content\/uploads\/2025\/02\/Sprime-Sports2--1024x683.jpg 1024w, https:\/\/esbozodeportivo.com\/wp-content\/uploads\/2025\/02\/Sprime-Sports2--300x200.jpg 300w, https:\/\/esbozodeportivo.com\/wp-content\/uploads\/2025\/02\/Sprime-Sports2--768x512.jpg 768w, https:\/\/esbozodeportivo.com\/wp-content\/uploads\/2025\/02\/Sprime-Sports2--1536x1024.jpg 1536w, https:\/\/esbozodeportivo.com\/wp-content\/uploads\/2025\/02\/Sprime-Sports2--2048x1365.jpg 2048w\" sizes=\"auto, (max-width: 1024px) 100vw, 1024px\" \/><\/figure>\n\n\n\n<p>(Foto: Cortes\u00eda)<\/p>\n\n\n\n<p><strong>Principales logros 2024:<\/strong><\/p>\n\n\n\n<p>\u2022 <strong>Campe\u00f3n de la Temporada Regular de NASCAR M\u00e9xico: <\/strong>Xavi Razo.<\/p>\n\n\n\n<p>\u2022 <strong>Campe\u00f3n de la Temporada Regular de Trucks Series: <\/strong>Rodrigo Maggio.<\/p>\n\n\n\n<p>\u2022 <strong>Novato del A\u00f1o en Trucks Series: <\/strong>Jan Philipp Krul.<\/p>\n\n\n\n<p>\u2022 <strong>18 podios en total, con 6 victorias en todo el equipo.<\/strong><\/p>\n\n\n\n<p><strong>Prime Sports Racing Team sigue creciendo y consolid\u00e1ndose como un referente en el automovilismo mexicano, apostando por el desarrollo de nuevos talentos y el fortalecimiento de su presencia en la industria.<\/strong><\/p>\n\n\n\n<figure class=\"wp-block-image size-large\"><img loading=\"lazy\" decoding=\"async\" width=\"1024\" height=\"683\" src=\"https:\/\/esbozodeportivo.com\/wp-content\/uploads\/2025\/02\/Sprime-Sports3--1024x683.jpg\" alt=\"\" class=\"wp-image-5941\" srcset=\"https:\/\/esbozodeportivo.com\/wp-content\/uploads\/2025\/02\/Sprime-Sports3--1024x683.jpg 1024w, https:\/\/esbozodeportivo.com\/wp-content\/uploads\/2025\/02\/Sprime-Sports3--300x200.jpg 300w, https:\/\/esbozodeportivo.com\/wp-content\/uploads\/2025\/02\/Sprime-Sports3--768x512.jpg 768w, https:\/\/esbozodeportivo.com\/wp-content\/uploads\/2025\/02\/Sprime-Sports3--1536x1024.jpg 1536w, https:\/\/esbozodeportivo.com\/wp-content\/uploads\/2025\/02\/Sprime-Sports3--2048x1365.jpg 2048w\" sizes=\"auto, (max-width: 1024px) 100vw, 1024px\" \/><\/figure>\n\n\n\n<p>(Foto: Cortes\u00eda) <\/p>\n\n\n\n<p><strong>DECLARACIONES DE LOS PILOTOS:<\/strong><\/p>\n\n\n\n<p><strong>Mateo Gir\u00f3n (#5 &#8211; Trucks M\u00e9xico Series):<\/strong><\/p>\n\n\n\n<p><em>&#8220;Es un honor representar a Prime Sports Racing Team en esta temporada. El equipo ha trabajado arduamente y estoy seguro de que daremos un gran espect\u00e1culo en la pista. Gracias a nuestros patrocinadores y a los medios por su apoyo.&#8221;<\/em><\/p>\n\n\n\n<p><strong>Rafael Maggio (#67 &#8211; Trucks M\u00e9xico Series):<\/strong><\/p>\n\n\n\n<p><em>&#8220;Estoy emocionado por esta nueva temporada. El 2024 fue un a\u00f1o de aprendizaje y crecimiento, y en 2025 venimos con todo. Agradezco a Prime Sports, a nuestros patrocinadores y a todos los que hacen esto posible.&#8221;<\/em><\/p>\n\n\n\n<p><strong>Rodrigo Maggio (#16 &#8211; NASCAR Challenge):<\/strong><\/p>\n\n\n\n<p><em>&#8220;Este a\u00f1o quiero seguir construyendo sobre lo logrado en 2024. Prime Sports Racing Team nos da todas las herramientas para competir al m\u00e1ximo nivel y vamos a luchar por cada punto en la pista.&#8221;<\/em><\/p>\n\n\n\n<figure class=\"wp-block-image size-large\"><img loading=\"lazy\" decoding=\"async\" width=\"1024\" height=\"683\" src=\"https:\/\/esbozodeportivo.com\/wp-content\/uploads\/2025\/02\/Sprime-Sports4--1024x683.jpg\" alt=\"\" class=\"wp-image-5942\" srcset=\"https:\/\/esbozodeportivo.com\/wp-content\/uploads\/2025\/02\/Sprime-Sports4--1024x683.jpg 1024w, https:\/\/esbozodeportivo.com\/wp-content\/uploads\/2025\/02\/Sprime-Sports4--300x200.jpg 300w, https:\/\/esbozodeportivo.com\/wp-content\/uploads\/2025\/02\/Sprime-Sports4--768x512.jpg 768w, https:\/\/esbozodeportivo.com\/wp-content\/uploads\/2025\/02\/Sprime-Sports4--1536x1024.jpg 1536w, https:\/\/esbozodeportivo.com\/wp-content\/uploads\/2025\/02\/Sprime-Sports4--2048x1365.jpg 2048w\" sizes=\"auto, (max-width: 1024px) 100vw, 1024px\" \/><\/figure>\n\n\n\n<p>(Foto: Cortes\u00eda)<\/p>\n\n\n\n<p><strong>Xavi Razo (#7 &#8211; NASCAR M\u00e9xico Series):<\/strong><\/p>\n\n\n\n<p><em>&#8220;Defender el campeonato de la temporada regular es un reto que me motiva. La competencia ser\u00e1 fuerte, pero conf\u00edo en el equipo y en el trabajo que hemos hecho. Vamos con todo este 2025.&#8221;<\/em><\/p>\n\n\n\n<p><strong>Germ\u00e1n Quiroga (#69 &#8211; NASCAR M\u00e9xico Series):<\/strong><\/p>\n\n\n\n<p><em>&#8220;Es un privilegio formar parte de Prime Sports Racing Team. Tenemos un equipo fuerte y con gran proyecci\u00f3n. Agradezco a la afici\u00f3n, a los medios y a los patrocinadores por el respaldo.&#8221;<\/em><\/p>\n\n\n\n<p><strong>AGRADECIMIENTO A CHANGAN PEDREGAL<\/strong><\/p>\n\n\n\n<p>Prime Sports Racing Team extiende su agradecimiento a <strong>Changan Pedregal <\/strong>por las facilidades brindadas para la realizaci\u00f3n de este evento. Su apoyo es fundamental para seguir impulsando el automovilismo en M\u00e9xico.<\/p>\n\n\n\n<p><strong>PR\u00d3XIMA CARRERA: SAN LUIS POTOS\u00cd 200<\/strong><\/p>\n\n\n\n<p>El inicio de la temporada 2025 de NASCAR M\u00e9xico Series est\u00e1 programado para el pr\u00f3ximo domingo <strong>2 de marzo <\/strong>en el <strong>S\u00faper \u00d3valo Potosino<\/strong>. Con una parrilla competitiva y gran expectativa, los pilotos de <strong>Prime Sports Racing Team <\/strong>buscar\u00e1n iniciar el a\u00f1o con el pie derecho y pelear por los <strong>primeros lugares desde el arranque del campeonato<\/strong>.<\/p>\n\n\n\n<p><\/p>\n","protected":false},"excerpt":{"rendered":"<p>(Foto: Cortes\u00eda) En un evento realizado en la Agencia Changan Pedregal, Prime Sports Racing Team<\/p>\n","protected":false},"author":2,"featured_media":5938,"comment_status":"closed","ping_status":"open","sticky":false,"template":"","format":"standard","meta":{"_jetpack_memberships_contains_paid_content":false,"footnotes":""},"categories":[47],"tags":[],"class_list":["post-5937","post","type-post","status-publish","format-standard","has-post-thumbnail","hentry","category-nascar"],"yoast_head":"<!-- This site is optimized with the Yoast SEO plugin v25.7 - https:\/\/yoast.com\/wordpress\/plugins\/seo\/ -->\n<title>Prime Sports Racing Team Present\u00f3 a su equipo para la temporada 2025 - Esbozo Deportivo<\/title>\n<meta name=\"description\" content=\"En un evento realizado en la Agencia Changan Pedregal, Prime Sports Racing Team present\u00f3 oficialmente a los pilotos que representar\u00e1n a la escuder\u00eda en la temporada 2025 de NASCAR M\u00e9xico Series, NASCAR Challenge y Trucks\" \/>\n<meta name=\"robots\" content=\"index, follow, max-snippet:-1, max-image-preview:large, max-video-preview:-1\" \/>\n<link rel=\"canonical\" href=\"https:\/\/esbozodeportivo.com\/index.php\/2025\/02\/22\/prime-sports-racing-team-presento-a-su-equipo-para-la-temporada-2025\/\" \/>\n<meta property=\"og:locale\" content=\"es_MX\" \/>\n<meta property=\"og:type\" content=\"article\" \/>\n<meta property=\"og:title\" content=\"Prime Sports Racing Team Present\u00f3 a su equipo para la temporada 2025 - Esbozo Deportivo\" \/>\n<meta property=\"og:description\" content=\"En un evento realizado en la Agencia Changan Pedregal, Prime Sports Racing Team present\u00f3 oficialmente a los pilotos que representar\u00e1n a la escuder\u00eda en la temporada 2025 de NASCAR M\u00e9xico Series, NASCAR Challenge y Trucks\" \/>\n<meta property=\"og:url\" content=\"https:\/\/esbozodeportivo.com\/index.php\/2025\/02\/22\/prime-sports-racing-team-presento-a-su-equipo-para-la-temporada-2025\/\" \/>\n<meta property=\"og:site_name\" content=\"Esbozo Deportivo\" \/>\n<meta property=\"article:published_time\" content=\"2025-02-22T02:11:29+00:00\" \/>\n<meta property=\"article:modified_time\" content=\"2025-02-22T02:11:30+00:00\" \/>\n<meta property=\"og:image\" content=\"https:\/\/esbozodeportivo.com\/wp-content\/uploads\/2025\/02\/Sprime-Sports--scaled.jpg\" \/>\n\t<meta property=\"og:image:width\" content=\"2560\" \/>\n\t<meta property=\"og:image:height\" content=\"1707\" \/>\n\t<meta property=\"og:image:type\" content=\"image\/jpeg\" \/>\n<meta name=\"author\" content=\"Javier De La Cruz\" \/>\n<meta name=\"twitter:card\" content=\"summary_large_image\" \/>\n<meta name=\"twitter:label1\" content=\"Escrito por\" \/>\n\t<meta name=\"twitter:data1\" content=\"Javier De La Cruz\" \/>\n\t<meta name=\"twitter:label2\" content=\"Tiempo de lectura\" \/>\n\t<meta name=\"twitter:data2\" content=\"4 minutos\" \/>\n<script type=\"application\/ld+json\" class=\"yoast-schema-graph\">{\"@context\":\"https:\/\/schema.org\",\"@graph\":[{\"@type\":\"Article\",\"@id\":\"https:\/\/esbozodeportivo.com\/index.php\/2025\/02\/22\/prime-sports-racing-team-presento-a-su-equipo-para-la-temporada-2025\/#article\",\"isPartOf\":{\"@id\":\"https:\/\/esbozodeportivo.com\/index.php\/2025\/02\/22\/prime-sports-racing-team-presento-a-su-equipo-para-la-temporada-2025\/\"},\"author\":{\"name\":\"Javier De La Cruz\",\"@id\":\"https:\/\/esbozodeportivo.com\/#\/schema\/person\/7277119c98823aec37bbb84e125efd44\"},\"headline\":\"Prime Sports Racing Team Present\u00f3 a su equipo para la temporada 2025\",\"datePublished\":\"2025-02-22T02:11:29+00:00\",\"dateModified\":\"2025-02-22T02:11:30+00:00\",\"mainEntityOfPage\":{\"@id\":\"https:\/\/esbozodeportivo.com\/index.php\/2025\/02\/22\/prime-sports-racing-team-presento-a-su-equipo-para-la-temporada-2025\/\"},\"wordCount\":660,\"publisher\":{\"@id\":\"https:\/\/esbozodeportivo.com\/#organization\"},\"image\":{\"@id\":\"https:\/\/esbozodeportivo.com\/index.php\/2025\/02\/22\/prime-sports-racing-team-presento-a-su-equipo-para-la-temporada-2025\/#primaryimage\"},\"thumbnailUrl\":\"https:\/\/esbozodeportivo.com\/wp-content\/uploads\/2025\/02\/Sprime-Sports--scaled.jpg\",\"articleSection\":[\"NASCAR\"],\"inLanguage\":\"es\"},{\"@type\":\"WebPage\",\"@id\":\"https:\/\/esbozodeportivo.com\/index.php\/2025\/02\/22\/prime-sports-racing-team-presento-a-su-equipo-para-la-temporada-2025\/\",\"url\":\"https:\/\/esbozodeportivo.com\/index.php\/2025\/02\/22\/prime-sports-racing-team-presento-a-su-equipo-para-la-temporada-2025\/\",\"name\":\"Prime Sports Racing Team Present\u00f3 a su equipo para la temporada 2025 - Esbozo Deportivo\",\"isPartOf\":{\"@id\":\"https:\/\/esbozodeportivo.com\/#website\"},\"primaryImageOfPage\":{\"@id\":\"https:\/\/esbozodeportivo.com\/index.php\/2025\/02\/22\/prime-sports-racing-team-presento-a-su-equipo-para-la-temporada-2025\/#primaryimage\"},\"image\":{\"@id\":\"https:\/\/esbozodeportivo.com\/index.php\/2025\/02\/22\/prime-sports-racing-team-presento-a-su-equipo-para-la-temporada-2025\/#primaryimage\"},\"thumbnailUrl\":\"https:\/\/esbozodeportivo.com\/wp-content\/uploads\/2025\/02\/Sprime-Sports--scaled.jpg\",\"datePublished\":\"2025-02-22T02:11:29+00:00\",\"dateModified\":\"2025-02-22T02:11:30+00:00\",\"description\":\"En un evento realizado en la Agencia Changan Pedregal, Prime Sports Racing Team present\u00f3 oficialmente a los pilotos que representar\u00e1n a la escuder\u00eda en la temporada 2025 de NASCAR M\u00e9xico Series, NASCAR Challenge y Trucks\",\"breadcrumb\":{\"@id\":\"https:\/\/esbozodeportivo.com\/index.php\/2025\/02\/22\/prime-sports-racing-team-presento-a-su-equipo-para-la-temporada-2025\/#breadcrumb\"},\"inLanguage\":\"es\",\"potentialAction\":[{\"@type\":\"ReadAction\",\"target\":[\"https:\/\/esbozodeportivo.com\/index.php\/2025\/02\/22\/prime-sports-racing-team-presento-a-su-equipo-para-la-temporada-2025\/\"]}]},{\"@type\":\"ImageObject\",\"inLanguage\":\"es\",\"@id\":\"https:\/\/esbozodeportivo.com\/index.php\/2025\/02\/22\/prime-sports-racing-team-presento-a-su-equipo-para-la-temporada-2025\/#primaryimage\",\"url\":\"https:\/\/esbozodeportivo.com\/wp-content\/uploads\/2025\/02\/Sprime-Sports--scaled.jpg\",\"contentUrl\":\"https:\/\/esbozodeportivo.com\/wp-content\/uploads\/2025\/02\/Sprime-Sports--scaled.jpg\",\"width\":2560,\"height\":1707},{\"@type\":\"BreadcrumbList\",\"@id\":\"https:\/\/esbozodeportivo.com\/index.php\/2025\/02\/22\/prime-sports-racing-team-presento-a-su-equipo-para-la-temporada-2025\/#breadcrumb\",\"itemListElement\":[{\"@type\":\"ListItem\",\"position\":1,\"name\":\"Inicio\",\"item\":\"https:\/\/esbozodeportivo.com\/\"},{\"@type\":\"ListItem\",\"position\":2,\"name\":\"Prime Sports Racing Team Present\u00f3 a su equipo para la temporada 2025\"}]},{\"@type\":\"WebSite\",\"@id\":\"https:\/\/esbozodeportivo.com\/#website\",\"url\":\"https:\/\/esbozodeportivo.com\/\",\"name\":\"Esbozo Deportivo\",\"description\":\"Lo m\u00e1s importante del Deporte\",\"publisher\":{\"@id\":\"https:\/\/esbozodeportivo.com\/#organization\"},\"potentialAction\":[{\"@type\":\"SearchAction\",\"target\":{\"@type\":\"EntryPoint\",\"urlTemplate\":\"https:\/\/esbozodeportivo.com\/?s={search_term_string}\"},\"query-input\":{\"@type\":\"PropertyValueSpecification\",\"valueRequired\":true,\"valueName\":\"search_term_string\"}}],\"inLanguage\":\"es\"},{\"@type\":\"Organization\",\"@id\":\"https:\/\/esbozodeportivo.com\/#organization\",\"name\":\"Esbozo Deportivo\",\"url\":\"https:\/\/esbozodeportivo.com\/\",\"logo\":{\"@type\":\"ImageObject\",\"inLanguage\":\"es\",\"@id\":\"https:\/\/esbozodeportivo.com\/#\/schema\/logo\/image\/\",\"url\":\"https:\/\/esbozodeportivo.com\/wp-content\/uploads\/2022\/08\/cropped-Logo-Esbozo-Web-2.png\",\"contentUrl\":\"https:\/\/esbozodeportivo.com\/wp-content\/uploads\/2022\/08\/cropped-Logo-Esbozo-Web-2.png\",\"width\":180,\"height\":50,\"caption\":\"Esbozo Deportivo\"},\"image\":{\"@id\":\"https:\/\/esbozodeportivo.com\/#\/schema\/logo\/image\/\"}},{\"@type\":\"Person\",\"@id\":\"https:\/\/esbozodeportivo.com\/#\/schema\/person\/7277119c98823aec37bbb84e125efd44\",\"name\":\"Javier De La Cruz\",\"image\":{\"@type\":\"ImageObject\",\"inLanguage\":\"es\",\"@id\":\"https:\/\/esbozodeportivo.com\/#\/schema\/person\/image\/\",\"url\":\"https:\/\/secure.gravatar.com\/avatar\/366235a56d20f1a6e8e3d0b295897639357bea880470ddf261d17bb0bc052eb1?s=96&d=mm&r=g\",\"contentUrl\":\"https:\/\/secure.gravatar.com\/avatar\/366235a56d20f1a6e8e3d0b295897639357bea880470ddf261d17bb0bc052eb1?s=96&d=mm&r=g\",\"caption\":\"Javier De La Cruz\"},\"url\":\"https:\/\/esbozodeportivo.com\/index.php\/author\/javier-de-la-cruz-de-la-cruz\/\"}]}<\/script>\n<!-- \/ Yoast SEO plugin. -->","yoast_head_json":{"title":"Prime Sports Racing Team Present\u00f3 a su equipo para la temporada 2025 - Esbozo Deportivo","description":"En un evento realizado en la Agencia Changan Pedregal, Prime Sports Racing Team present\u00f3 oficialmente a los pilotos que representar\u00e1n a la escuder\u00eda en la temporada 2025 de NASCAR M\u00e9xico Series, NASCAR Challenge y Trucks","robots":{"index":"index","follow":"follow","max-snippet":"max-snippet:-1","max-image-preview":"max-image-preview:large","max-video-preview":"max-video-preview:-1"},"canonical":"https:\/\/esbozodeportivo.com\/index.php\/2025\/02\/22\/prime-sports-racing-team-presento-a-su-equipo-para-la-temporada-2025\/","og_locale":"es_MX","og_type":"article","og_title":"Prime Sports Racing Team Present\u00f3 a su equipo para la temporada 2025 - Esbozo Deportivo","og_description":"En un evento realizado en la Agencia Changan Pedregal, Prime Sports Racing Team present\u00f3 oficialmente a los pilotos que representar\u00e1n a la escuder\u00eda en la temporada 2025 de NASCAR M\u00e9xico Series, NASCAR Challenge y Trucks","og_url":"https:\/\/esbozodeportivo.com\/index.php\/2025\/02\/22\/prime-sports-racing-team-presento-a-su-equipo-para-la-temporada-2025\/","og_site_name":"Esbozo Deportivo","article_published_time":"2025-02-22T02:11:29+00:00","article_modified_time":"2025-02-22T02:11:30+00:00","og_image":[{"width":2560,"height":1707,"url":"https:\/\/esbozodeportivo.com\/wp-content\/uploads\/2025\/02\/Sprime-Sports--scaled.jpg","type":"image\/jpeg"}],"author":"Javier De La Cruz","twitter_card":"summary_large_image","twitter_misc":{"Escrito por":"Javier De La Cruz","Tiempo de lectura":"4 minutos"},"schema":{"@context":"https:\/\/schema.org","@graph":[{"@type":"Article","@id":"https:\/\/esbozodeportivo.com\/index.php\/2025\/02\/22\/prime-sports-racing-team-presento-a-su-equipo-para-la-temporada-2025\/#article","isPartOf":{"@id":"https:\/\/esbozodeportivo.com\/index.php\/2025\/02\/22\/prime-sports-racing-team-presento-a-su-equipo-para-la-temporada-2025\/"},"author":{"name":"Javier De La Cruz","@id":"https:\/\/esbozodeportivo.com\/#\/schema\/person\/7277119c98823aec37bbb84e125efd44"},"headline":"Prime Sports Racing Team Present\u00f3 a su equipo para la temporada 2025","datePublished":"2025-02-22T02:11:29+00:00","dateModified":"2025-02-22T02:11:30+00:00","mainEntityOfPage":{"@id":"https:\/\/esbozodeportivo.com\/index.php\/2025\/02\/22\/prime-sports-racing-team-presento-a-su-equipo-para-la-temporada-2025\/"},"wordCount":660,"publisher":{"@id":"https:\/\/esbozodeportivo.com\/#organization"},"image":{"@id":"https:\/\/esbozodeportivo.com\/index.php\/2025\/02\/22\/prime-sports-racing-team-presento-a-su-equipo-para-la-temporada-2025\/#primaryimage"},"thumbnailUrl":"https:\/\/esbozodeportivo.com\/wp-content\/uploads\/2025\/02\/Sprime-Sports--scaled.jpg","articleSection":["NASCAR"],"inLanguage":"es"},{"@type":"WebPage","@id":"https:\/\/esbozodeportivo.com\/index.php\/2025\/02\/22\/prime-sports-racing-team-presento-a-su-equipo-para-la-temporada-2025\/","url":"https:\/\/esbozodeportivo.com\/index.php\/2025\/02\/22\/prime-sports-racing-team-presento-a-su-equipo-para-la-temporada-2025\/","name":"Prime Sports Racing Team Present\u00f3 a su equipo para la temporada 2025 - Esbozo Deportivo","isPartOf":{"@id":"https:\/\/esbozodeportivo.com\/#website"},"primaryImageOfPage":{"@id":"https:\/\/esbozodeportivo.com\/index.php\/2025\/02\/22\/prime-sports-racing-team-presento-a-su-equipo-para-la-temporada-2025\/#primaryimage"},"image":{"@id":"https:\/\/esbozodeportivo.com\/index.php\/2025\/02\/22\/prime-sports-racing-team-presento-a-su-equipo-para-la-temporada-2025\/#primaryimage"},"thumbnailUrl":"https:\/\/esbozodeportivo.com\/wp-content\/uploads\/2025\/02\/Sprime-Sports--scaled.jpg","datePublished":"2025-02-22T02:11:29+00:00","dateModified":"2025-02-22T02:11:30+00:00","description":"En un evento realizado en la Agencia Changan Pedregal, Prime Sports Racing Team present\u00f3 oficialmente a los pilotos que representar\u00e1n a la escuder\u00eda en la temporada 2025 de NASCAR M\u00e9xico Series, NASCAR Challenge y Trucks","breadcrumb":{"@id":"https:\/\/esbozodeportivo.com\/index.php\/2025\/02\/22\/prime-sports-racing-team-presento-a-su-equipo-para-la-temporada-2025\/#breadcrumb"},"inLanguage":"es","potentialAction":[{"@type":"ReadAction","target":["https:\/\/esbozodeportivo.com\/index.php\/2025\/02\/22\/prime-sports-racing-team-presento-a-su-equipo-para-la-temporada-2025\/"]}]},{"@type":"ImageObject","inLanguage":"es","@id":"https:\/\/esbozodeportivo.com\/index.php\/2025\/02\/22\/prime-sports-racing-team-presento-a-su-equipo-para-la-temporada-2025\/#primaryimage","url":"https:\/\/esbozodeportivo.com\/wp-content\/uploads\/2025\/02\/Sprime-Sports--scaled.jpg","contentUrl":"https:\/\/esbozodeportivo.com\/wp-content\/uploads\/2025\/02\/Sprime-Sports--scaled.jpg","width":2560,"height":1707},{"@type":"BreadcrumbList","@id":"https:\/\/esbozodeportivo.com\/index.php\/2025\/02\/22\/prime-sports-racing-team-presento-a-su-equipo-para-la-temporada-2025\/#breadcrumb","itemListElement":[{"@type":"ListItem","position":1,"name":"Inicio","item":"https:\/\/esbozodeportivo.com\/"},{"@type":"ListItem","position":2,"name":"Prime Sports Racing Team Present\u00f3 a su equipo para la temporada 2025"}]},{"@type":"WebSite","@id":"https:\/\/esbozodeportivo.com\/#website","url":"https:\/\/esbozodeportivo.com\/","name":"Esbozo Deportivo","description":"Lo m\u00e1s importante del Deporte","publisher":{"@id":"https:\/\/esbozodeportivo.com\/#organization"},"potentialAction":[{"@type":"SearchAction","target":{"@type":"EntryPoint","urlTemplate":"https:\/\/esbozodeportivo.com\/?s={search_term_string}"},"query-input":{"@type":"PropertyValueSpecification","valueRequired":true,"valueName":"search_term_string"}}],"inLanguage":"es"},{"@type":"Organization","@id":"https:\/\/esbozodeportivo.com\/#organization","name":"Esbozo Deportivo","url":"https:\/\/esbozodeportivo.com\/","logo":{"@type":"ImageObject","inLanguage":"es","@id":"https:\/\/esbozodeportivo.com\/#\/schema\/logo\/image\/","url":"https:\/\/esbozodeportivo.com\/wp-content\/uploads\/2022\/08\/cropped-Logo-Esbozo-Web-2.png","contentUrl":"https:\/\/esbozodeportivo.com\/wp-content\/uploads\/2022\/08\/cropped-Logo-Esbozo-Web-2.png","width":180,"height":50,"caption":"Esbozo Deportivo"},"image":{"@id":"https:\/\/esbozodeportivo.com\/#\/schema\/logo\/image\/"}},{"@type":"Person","@id":"https:\/\/esbozodeportivo.com\/#\/schema\/person\/7277119c98823aec37bbb84e125efd44","name":"Javier De La Cruz","image":{"@type":"ImageObject","inLanguage":"es","@id":"https:\/\/esbozodeportivo.com\/#\/schema\/person\/image\/","url":"https:\/\/secure.gravatar.com\/avatar\/366235a56d20f1a6e8e3d0b295897639357bea880470ddf261d17bb0bc052eb1?s=96&d=mm&r=g","contentUrl":"https:\/\/secure.gravatar.com\/avatar\/366235a56d20f1a6e8e3d0b295897639357bea880470ddf261d17bb0bc052eb1?s=96&d=mm&r=g","caption":"Javier De La Cruz"},"url":"https:\/\/esbozodeportivo.com\/index.php\/author\/javier-de-la-cruz-de-la-cruz\/"}]}},"jetpack_featured_media_url":"https:\/\/esbozodeportivo.com\/wp-content\/uploads\/2025\/02\/Sprime-Sports--scaled.jpg","jetpack_sharing_enabled":true,"_links":{"self":[{"href":"https:\/\/esbozodeportivo.com\/index.php\/wp-json\/wp\/v2\/posts\/5937","targetHints":{"allow":["GET"]}}],"collection":[{"href":"https:\/\/esbozodeportivo.com\/index.php\/wp-json\/wp\/v2\/posts"}],"about":[{"href":"https:\/\/esbozodeportivo.com\/index.php\/wp-json\/wp\/v2\/types\/post"}],"author":[{"embeddable":true,"href":"https:\/\/esbozodeportivo.com\/index.php\/wp-json\/wp\/v2\/users\/2"}],"replies":[{"embeddable":true,"href":"https:\/\/esbozodeportivo.com\/index.php\/wp-json\/wp\/v2\/comments?post=5937"}],"version-history":[{"count":1,"href":"https:\/\/esbozodeportivo.com\/index.php\/wp-json\/wp\/v2\/posts\/5937\/revisions"}],"predecessor-version":[{"id":5943,"href":"https:\/\/esbozodeportivo.com\/index.php\/wp-json\/wp\/v2\/posts\/5937\/revisions\/5943"}],"wp:featuredmedia":[{"embeddable":true,"href":"https:\/\/esbozodeportivo.com\/index.php\/wp-json\/wp\/v2\/media\/5938"}],"wp:attachment":[{"href":"https:\/\/esbozodeportivo.com\/index.php\/wp-json\/wp\/v2\/media?parent=5937"}],"wp:term":[{"taxonomy":"category","embeddable":true,"href":"https:\/\/esbozodeportivo.com\/index.php\/wp-json\/wp\/v2\/categories?post=5937"},{"taxonomy":"post_tag","embeddable":true,"href":"https:\/\/esbozodeportivo.com\/index.php\/wp-json\/wp\/v2\/tags?post=5937"}],"curies":[{"name":"wp","href":"https:\/\/api.w.org\/{rel}","templated":true}]}}