{"id":5944,"date":"2025-02-22T06:02:25","date_gmt":"2025-02-22T06:02:25","guid":{"rendered":"https:\/\/esbozodeportivo.com\/?p=5944"},"modified":"2025-02-22T06:02:25","modified_gmt":"2025-02-22T06:02:25","slug":"acuatica-nelsonvargas-lidera-la-2-copa-internacional-de-veracruz","status":"publish","type":"post","link":"https:\/\/esbozodeportivo.com\/index.php\/2025\/02\/22\/acuatica-nelsonvargas-lidera-la-2-copa-internacional-de-veracruz\/","title":{"rendered":"ACU\u00c1TICA NELSONVARGAS LIDERA LA 2\u00b0 COPA INTERNACIONAL DE VERACRUZ"},"content":{"rendered":"\n<p>\u00c1ngel Mart\u00ednez <strong>(Foto: acu\u00e1ticanelsonvargas)<\/strong><\/p>\n\n\n\n<p>Hace pocos minutos culmin\u00f3 la primera jornada de la 2\u00b0 Copa Internacional de Veracruz, evento que convoc\u00f3 a todo el pa\u00eds acu\u00e1tico y que cuenta con una nutrida asistencia, esto con un total, de: 750 nadadores de todo el pa\u00eds y 63 clubes que confirman y ratifican el futuro de la nataci\u00f3n mexicana.<\/p>\n\n\n\n<p>En esta jornada es de destacarse que el equipo de ITESM en la prueba de relevo libre 4&#215;50 logr\u00f3 establecer un nuevo r\u00e9cord al detener el cronometro, en: 1.49.51, tiempo que mejora el establecido en 2024 y que se encontraba en poder de ITESM Campus Monterrey, con: 1.49.88.<\/p>\n\n\n\n<p>Es de se\u00f1alarse la buena actuaci\u00f3n de tres de nuestros deportistas, quienes conquistaron el medallero en sus respectivas pruebas, quien abri\u00f3 el contador de medallas fue Sydney Pickrem, quien represent\u00f3 a <strong><em>anv<\/em><\/strong> en la prueba de 100 m pecho, apoder\u00e1ndose del centro del p\u00f3dium con un tiempo, de: 1.11.48.<\/p>\n\n\n\n<figure class=\"wp-block-image size-large\"><img loading=\"lazy\" decoding=\"async\" width=\"847\" height=\"1024\" src=\"https:\/\/esbozodeportivo.com\/wp-content\/uploads\/2025\/02\/Angel-Martinez1-847x1024.jpg\" alt=\"\" class=\"wp-image-5946\" srcset=\"https:\/\/esbozodeportivo.com\/wp-content\/uploads\/2025\/02\/Angel-Martinez1-847x1024.jpg 847w, https:\/\/esbozodeportivo.com\/wp-content\/uploads\/2025\/02\/Angel-Martinez1-248x300.jpg 248w, https:\/\/esbozodeportivo.com\/wp-content\/uploads\/2025\/02\/Angel-Martinez1-768x929.jpg 768w, https:\/\/esbozodeportivo.com\/wp-content\/uploads\/2025\/02\/Angel-Martinez1-1270x1536.jpg 1270w, https:\/\/esbozodeportivo.com\/wp-content\/uploads\/2025\/02\/Angel-Martinez1-1024x1238.jpg 1024w, https:\/\/esbozodeportivo.com\/wp-content\/uploads\/2025\/02\/Angel-Martinez1.jpg 1290w\" sizes=\"auto, (max-width: 847px) 100vw, 847px\" \/><\/figure>\n\n\n\n<p>\u00c1ngel Mart\u00ednez <strong>(Foto: acu\u00e1ticanelsonvargas)<\/strong><\/p>\n\n\n\n<p>La plata de la jornada lleg\u00f3 de manos del internacional \u00c1ngel Mart\u00ednez, quien, como siempre lleva a lo m\u00e1s alto a <strong><em>anv<\/em><\/strong>, esto al ubicarse en la segunda plaza de los 50 m mariposa, con: 24.73. El l\u00edder de la prueba fue: Grant House, con: 24.58. Y el bronce de esta programaci\u00f3n lo adquiri\u00f3 Naomi Garc\u00eda en los 800 m libre, con: 9.37.55, la primera plaza de esta competencia fue para Fernanda Elizondo, con: 9.09.41<\/p>\n\n\n\n<p>Antes de concluir es de indicarse que <strong><em>acu\u00e1tica nelsonvargas<\/em><\/strong> participa con sus mejores deportistas esto al tener en competencia a un total, de: 125 nadadores quienes en esta programaci\u00f3n permitieron que est\u00e1 instituci\u00f3n se ubicar\u00e1 en la primera plaza del conteo general por puntos, con: 299 en total; seguidos de Itesm Campus Monterrey, con: 174 y la tercera plaza la consolid\u00f3 Rosarito Nadadores, con: 108 puntos.<\/p>\n\n\n\n<figure class=\"wp-block-image size-large\"><img loading=\"lazy\" decoding=\"async\" width=\"1024\" height=\"806\" src=\"https:\/\/esbozodeportivo.com\/wp-content\/uploads\/2025\/02\/Sydney-1024x806.jpg\" alt=\"\" class=\"wp-image-5947\" srcset=\"https:\/\/esbozodeportivo.com\/wp-content\/uploads\/2025\/02\/Sydney-1024x806.jpg 1024w, https:\/\/esbozodeportivo.com\/wp-content\/uploads\/2025\/02\/Sydney-300x236.jpg 300w, https:\/\/esbozodeportivo.com\/wp-content\/uploads\/2025\/02\/Sydney-768x604.jpg 768w, https:\/\/esbozodeportivo.com\/wp-content\/uploads\/2025\/02\/Sydney.jpg 1088w\" sizes=\"auto, (max-width: 1024px) 100vw, 1024px\" \/><\/figure>\n\n\n\n<p>Sidney Pickrem <strong>(Foto: acu\u00e1ticanelsonvargas)<\/strong><\/p>\n\n\n\n<figure class=\"wp-block-table\"><table class=\"has-fixed-layout\"><tbody><tr><td><strong>LUGAR<\/strong><\/td><td><strong>EQUIPO<\/strong><\/td><td><strong>PUNTOS<\/strong><\/td><\/tr><tr><td>1<\/td><td><strong><em>Acu\u00e1tica nelsonvargas<\/em><\/strong><\/td><td>299<\/td><\/tr><tr><td>2<\/td><td>Itesm Campus Monterrey<\/td><td>174<\/td><\/tr><tr><td>3<\/td><td>Rosarito Nadadores<\/td><td>108<\/td><\/tr><\/tbody><\/table><\/figure>\n\n\n\n<p><strong><u>Medallas por pruebas:<\/u><\/strong><\/p>\n\n\n\n<p>13 y mayores. Relevo libre 4&#215;50 \/ femenino:<\/p>\n\n\n\n<figure class=\"wp-block-table\"><table class=\"has-fixed-layout\"><tbody><tr><td><strong>LUGAR<\/strong><\/td><td><strong>NOMBRE<\/strong><\/td><td><strong>TIEMPO<\/strong><\/td><\/tr><tr><td>Oro<\/td><td>ITESM<\/td><td>1.49.51<\/td><\/tr><tr><td>Plata<\/td><td><strong><em>ANV<\/em><\/strong><\/td><td>1.55.40<\/td><\/tr><tr><td>Bronce<\/td><td>T-ANA<\/td><td>1.57.38<\/td><\/tr><\/tbody><\/table><\/figure>\n\n\n\n<p>13 y mayores. Relevo libre 4&#215;50 \/masculino:<\/p>\n\n\n\n<figure class=\"wp-block-table\"><table class=\"has-fixed-layout\"><tbody><tr><td><strong>LUGAR<\/strong><\/td><td><strong>NOMBRE<\/strong><\/td><td><strong>TIEMPO<\/strong><\/td><\/tr><tr><td>Oro<\/td><td>ITESM<\/td><td>1.35.55<\/td><\/tr><tr><td>Plata<\/td><td><strong><em>ANV<\/em><\/strong><\/td><td>1.35.78<\/td><\/tr><tr><td>Bronce<\/td><td><strong><em>ANV<\/em><\/strong><\/td><td>1.43.74<\/td><\/tr><\/tbody><\/table><\/figure>\n\n\n\n<p>13 y mayores. 400 m CI \/ femenino:<\/p>\n\n\n\n<figure class=\"wp-block-table\"><table class=\"has-fixed-layout\"><tbody><tr><td><strong>LUGAR<\/strong><\/td><td><strong>NOMBRE<\/strong><\/td><td><strong>TIEMPO<\/strong><\/td><\/tr><tr><td>Oro<\/td><td>Fernanda Cabrera<\/td><td>5.02.67<\/td><\/tr><tr><td>Plata<\/td><td>Diana G\u00f3mez<\/td><td>5.18.63<\/td><\/tr><tr><td>Bronce<\/td><td>Alejandra Lira<\/td><td>5.19.42<\/td><\/tr><\/tbody><\/table><\/figure>\n\n\n\n<p>13 y mayores. 400 m CI \/ masculino:<\/p>\n\n\n\n<figure class=\"wp-block-table\"><table class=\"has-fixed-layout\"><tbody><tr><td><strong>LUGAR<\/strong><\/td><td><strong>NOMBRE<\/strong><\/td><td><strong>TIEMPO<\/strong><\/td><\/tr><tr><td>Oro<\/td><td>Rafael Arizpe<\/td><td>4.31.53<\/td><\/tr><tr><td>Plata<\/td><td>Ian Gonz\u00e1lez<\/td><td>4.36.25<\/td><\/tr><tr><td>Bronce<\/td><td>Erick Jahaziel Ch\u00e1vez<\/td><td>4.45.92<\/td><\/tr><\/tbody><\/table><\/figure>\n\n\n\n<p>13 y mayores. 100 m pecho \/ femenino:<\/p>\n\n\n\n<figure class=\"wp-block-table\"><table class=\"has-fixed-layout\"><tbody><tr><td><strong>LUGAR<\/strong><\/td><td><strong>NOMBRE<\/strong><\/td><td><strong>TIEMPO<\/strong><\/td><\/tr><tr><td>Oro<\/td><td>Sydney Pickrem <strong><em>ANV<\/em><\/strong><\/td><td>1.11.48<\/td><\/tr><tr><td>Plata<\/td><td>Mariana Ortega<\/td><td>1.13.76<\/td><\/tr><tr><td>Bronce<\/td><td>Camila Flores<\/td><td>1.16.77<\/td><\/tr><\/tbody><\/table><\/figure>\n\n\n\n<p>13 y mayores. 100 m pecho \/ masculino:<\/p>\n\n\n\n<figure class=\"wp-block-table\"><table class=\"has-fixed-layout\"><tbody><tr><td><strong>LUGAR<\/strong><\/td><td><strong>NOMBRE<\/strong><\/td><td><strong>TIEMPO<\/strong><\/td><\/tr><tr><td>Oro<\/td><td>Michael Andrew<\/td><td>1.03.66<\/td><\/tr><tr><td>Plata<\/td><td>Chase Kalizs<\/td><td>1.04.63<\/td><\/tr><tr><td>Bronce<\/td><td>Marco Pat Coronado<\/td><td>1.05.06<\/td><\/tr><\/tbody><\/table><\/figure>\n\n\n\n<p>13 y mayores. 100 m pecho \/ masculino:<\/p>\n\n\n\n<figure class=\"wp-block-table\"><table class=\"has-fixed-layout\"><tbody><tr><td><strong>LUGAR<\/strong><\/td><td><strong>NOMBRE<\/strong><\/td><td><strong>TIEMPO<\/strong><\/td><\/tr><tr><td>Oro<\/td><td>Michael Andrew<\/td><td>1.03.66<\/td><\/tr><tr><td>Plata<\/td><td>Chase Kalizs<\/td><td>1.04.63<\/td><\/tr><tr><td>Bronce<\/td><td>Marco Pat Coronado<\/td><td>1.05.06<\/td><\/tr><\/tbody><\/table><\/figure>\n\n\n\n<p>13 y mayores. 50 m mariposa \/ masculino:<\/p>\n\n\n\n<figure class=\"wp-block-table\"><table class=\"has-fixed-layout\"><tbody><tr><td><strong>LUGAR<\/strong><\/td><td><strong>NOMBRE<\/strong><\/td><td><strong>TIEMPO<\/strong><\/td><\/tr><tr><td>Oro<\/td><td>Grant House<\/td><td>24.58<\/td><\/tr><tr><td>Plata<\/td><td>\u00c1ngel Mart\u00ednez <strong><em>ANV<\/em><\/strong><\/td><td>24.73<\/td><\/tr><tr><td>Bronce<\/td><td>Santiago Blanco<\/td><td>25.47<\/td><\/tr><\/tbody><\/table><\/figure>\n\n\n\n<p>13 y mayores. 800 m libre \/ femenino:<\/p>\n\n\n\n<figure class=\"wp-block-table\"><table class=\"has-fixed-layout\"><tbody><tr><td><strong>LUGAR<\/strong><\/td><td><strong>NOMBRE<\/strong><\/td><td><strong>TIEMPO<\/strong><\/td><\/tr><tr><td>Oro<\/td><td>Fernanda Elizondo<\/td><td>9.09.41<\/td><\/tr><tr><td>Plata<\/td><td>Renata Torres<\/td><td>9.37.10<\/td><\/tr><tr><td>Bronce<\/td><td>Naomi Garc\u00eda <strong><em>ANV<\/em><\/strong><\/td><td>9.37.55<\/td><\/tr><\/tbody><\/table><\/figure>\n\n\n\n<figure class=\"wp-block-image size-large\"><img loading=\"lazy\" decoding=\"async\" width=\"1024\" height=\"956\" src=\"https:\/\/esbozodeportivo.com\/wp-content\/uploads\/2025\/02\/Sydney1-1024x956.jpg\" alt=\"\" class=\"wp-image-5948\" srcset=\"https:\/\/esbozodeportivo.com\/wp-content\/uploads\/2025\/02\/Sydney1-1024x956.jpg 1024w, https:\/\/esbozodeportivo.com\/wp-content\/uploads\/2025\/02\/Sydney1-300x280.jpg 300w, https:\/\/esbozodeportivo.com\/wp-content\/uploads\/2025\/02\/Sydney1-768x717.jpg 768w, https:\/\/esbozodeportivo.com\/wp-content\/uploads\/2025\/02\/Sydney1.jpg 1290w\" sizes=\"auto, (max-width: 1024px) 100vw, 1024px\" \/><\/figure>\n\n\n\n<p>Sidney Pickrem <strong>(Foto: acu\u00e1ticanelsonvargas)<\/strong><\/p>\n\n\n\n<p><\/p>\n","protected":false},"excerpt":{"rendered":"<p>\u00c1ngel Mart\u00ednez (Foto: acu\u00e1ticanelsonvargas) Hace pocos minutos culmin\u00f3 la primera jornada de la 2\u00b0 Copa<\/p>\n","protected":false},"author":2,"featured_media":5945,"comment_status":"closed","ping_status":"open","sticky":false,"template":"","format":"standard","meta":{"_jetpack_memberships_contains_paid_content":false,"footnotes":""},"categories":[5],"tags":[],"class_list":["post-5944","post","type-post","status-publish","format-standard","has-post-thumbnail","hentry","category-amateur"],"yoast_head":"<!-- This site is optimized with the Yoast SEO plugin v25.7 - https:\/\/yoast.com\/wordpress\/plugins\/seo\/ -->\n<title>ACU\u00c1TICA NELSONVARGAS LIDERA LA 2\u00b0 COPA INTERNACIONAL DE VERACRUZ - Esbozo Deportivo<\/title>\n<meta name=\"description\" content=\"Hace pocos minutos culmin\u00f3 la primera jornada de la 2\u00b0 Copa Internacional de Veracruz, evento que convoc\u00f3 a todo el pa\u00eds acu\u00e1tico y que cuenta con una nutrida asistencia, esto con un total, de: 750 nadadores de todo el pa\u00eds y 63 clubes que confirman y ratifican el futuro de la nataci\u00f3n mexicana.\" \/>\n<meta name=\"robots\" content=\"index, follow, max-snippet:-1, max-image-preview:large, max-video-preview:-1\" \/>\n<link rel=\"canonical\" href=\"https:\/\/esbozodeportivo.com\/index.php\/2025\/02\/22\/acuatica-nelsonvargas-lidera-la-2-copa-internacional-de-veracruz\/\" \/>\n<meta property=\"og:locale\" content=\"es_MX\" \/>\n<meta property=\"og:type\" content=\"article\" \/>\n<meta property=\"og:title\" content=\"ACU\u00c1TICA NELSONVARGAS LIDERA LA 2\u00b0 COPA INTERNACIONAL DE VERACRUZ - Esbozo Deportivo\" \/>\n<meta property=\"og:description\" content=\"Hace pocos minutos culmin\u00f3 la primera jornada de la 2\u00b0 Copa Internacional de Veracruz, evento que convoc\u00f3 a todo el pa\u00eds acu\u00e1tico y que cuenta con una nutrida asistencia, esto con un total, de: 750 nadadores de todo el pa\u00eds y 63 clubes que confirman y ratifican el futuro de la nataci\u00f3n mexicana.\" \/>\n<meta property=\"og:url\" content=\"https:\/\/esbozodeportivo.com\/index.php\/2025\/02\/22\/acuatica-nelsonvargas-lidera-la-2-copa-internacional-de-veracruz\/\" \/>\n<meta property=\"og:site_name\" content=\"Esbozo Deportivo\" \/>\n<meta property=\"article:published_time\" content=\"2025-02-22T06:02:25+00:00\" \/>\n<meta property=\"og:image\" content=\"https:\/\/esbozodeportivo.com\/wp-content\/uploads\/2025\/02\/Angel-Martinez.jpg\" \/>\n\t<meta property=\"og:image:width\" content=\"1290\" \/>\n\t<meta property=\"og:image:height\" content=\"828\" \/>\n\t<meta property=\"og:image:type\" content=\"image\/jpeg\" \/>\n<meta name=\"author\" content=\"Javier De La Cruz\" \/>\n<meta name=\"twitter:card\" content=\"summary_large_image\" \/>\n<meta name=\"twitter:label1\" content=\"Escrito por\" \/>\n\t<meta name=\"twitter:data1\" content=\"Javier De La Cruz\" \/>\n\t<meta name=\"twitter:label2\" content=\"Tiempo de lectura\" \/>\n\t<meta name=\"twitter:data2\" content=\"4 minutos\" \/>\n<script type=\"application\/ld+json\" class=\"yoast-schema-graph\">{\"@context\":\"https:\/\/schema.org\",\"@graph\":[{\"@type\":\"Article\",\"@id\":\"https:\/\/esbozodeportivo.com\/index.php\/2025\/02\/22\/acuatica-nelsonvargas-lidera-la-2-copa-internacional-de-veracruz\/#article\",\"isPartOf\":{\"@id\":\"https:\/\/esbozodeportivo.com\/index.php\/2025\/02\/22\/acuatica-nelsonvargas-lidera-la-2-copa-internacional-de-veracruz\/\"},\"author\":{\"name\":\"Javier De La Cruz\",\"@id\":\"https:\/\/esbozodeportivo.com\/#\/schema\/person\/7277119c98823aec37bbb84e125efd44\"},\"headline\":\"ACU\u00c1TICA NELSONVARGAS LIDERA LA 2\u00b0 COPA INTERNACIONAL DE VERACRUZ\",\"datePublished\":\"2025-02-22T06:02:25+00:00\",\"mainEntityOfPage\":{\"@id\":\"https:\/\/esbozodeportivo.com\/index.php\/2025\/02\/22\/acuatica-nelsonvargas-lidera-la-2-copa-internacional-de-veracruz\/\"},\"wordCount\":495,\"publisher\":{\"@id\":\"https:\/\/esbozodeportivo.com\/#organization\"},\"image\":{\"@id\":\"https:\/\/esbozodeportivo.com\/index.php\/2025\/02\/22\/acuatica-nelsonvargas-lidera-la-2-copa-internacional-de-veracruz\/#primaryimage\"},\"thumbnailUrl\":\"https:\/\/esbozodeportivo.com\/wp-content\/uploads\/2025\/02\/Angel-Martinez.jpg\",\"articleSection\":[\"Amateur\"],\"inLanguage\":\"es\"},{\"@type\":\"WebPage\",\"@id\":\"https:\/\/esbozodeportivo.com\/index.php\/2025\/02\/22\/acuatica-nelsonvargas-lidera-la-2-copa-internacional-de-veracruz\/\",\"url\":\"https:\/\/esbozodeportivo.com\/index.php\/2025\/02\/22\/acuatica-nelsonvargas-lidera-la-2-copa-internacional-de-veracruz\/\",\"name\":\"ACU\u00c1TICA NELSONVARGAS LIDERA LA 2\u00b0 COPA INTERNACIONAL DE VERACRUZ - Esbozo Deportivo\",\"isPartOf\":{\"@id\":\"https:\/\/esbozodeportivo.com\/#website\"},\"primaryImageOfPage\":{\"@id\":\"https:\/\/esbozodeportivo.com\/index.php\/2025\/02\/22\/acuatica-nelsonvargas-lidera-la-2-copa-internacional-de-veracruz\/#primaryimage\"},\"image\":{\"@id\":\"https:\/\/esbozodeportivo.com\/index.php\/2025\/02\/22\/acuatica-nelsonvargas-lidera-la-2-copa-internacional-de-veracruz\/#primaryimage\"},\"thumbnailUrl\":\"https:\/\/esbozodeportivo.com\/wp-content\/uploads\/2025\/02\/Angel-Martinez.jpg\",\"datePublished\":\"2025-02-22T06:02:25+00:00\",\"description\":\"Hace pocos minutos culmin\u00f3 la primera jornada de la 2\u00b0 Copa Internacional de Veracruz, evento que convoc\u00f3 a todo el pa\u00eds acu\u00e1tico y que cuenta con una nutrida asistencia, esto con un total, de: 750 nadadores de todo el pa\u00eds y 63 clubes que confirman y ratifican el futuro de la nataci\u00f3n mexicana.\",\"breadcrumb\":{\"@id\":\"https:\/\/esbozodeportivo.com\/index.php\/2025\/02\/22\/acuatica-nelsonvargas-lidera-la-2-copa-internacional-de-veracruz\/#breadcrumb\"},\"inLanguage\":\"es\",\"potentialAction\":[{\"@type\":\"ReadAction\",\"target\":[\"https:\/\/esbozodeportivo.com\/index.php\/2025\/02\/22\/acuatica-nelsonvargas-lidera-la-2-copa-internacional-de-veracruz\/\"]}]},{\"@type\":\"ImageObject\",\"inLanguage\":\"es\",\"@id\":\"https:\/\/esbozodeportivo.com\/index.php\/2025\/02\/22\/acuatica-nelsonvargas-lidera-la-2-copa-internacional-de-veracruz\/#primaryimage\",\"url\":\"https:\/\/esbozodeportivo.com\/wp-content\/uploads\/2025\/02\/Angel-Martinez.jpg\",\"contentUrl\":\"https:\/\/esbozodeportivo.com\/wp-content\/uploads\/2025\/02\/Angel-Martinez.jpg\",\"width\":1290,\"height\":828},{\"@type\":\"BreadcrumbList\",\"@id\":\"https:\/\/esbozodeportivo.com\/index.php\/2025\/02\/22\/acuatica-nelsonvargas-lidera-la-2-copa-internacional-de-veracruz\/#breadcrumb\",\"itemListElement\":[{\"@type\":\"ListItem\",\"position\":1,\"name\":\"Inicio\",\"item\":\"https:\/\/esbozodeportivo.com\/\"},{\"@type\":\"ListItem\",\"position\":2,\"name\":\"ACU\u00c1TICA NELSONVARGAS LIDERA LA 2\u00b0 COPA INTERNACIONAL DE VERACRUZ\"}]},{\"@type\":\"WebSite\",\"@id\":\"https:\/\/esbozodeportivo.com\/#website\",\"url\":\"https:\/\/esbozodeportivo.com\/\",\"name\":\"Esbozo Deportivo\",\"description\":\"Lo m\u00e1s importante del Deporte\",\"publisher\":{\"@id\":\"https:\/\/esbozodeportivo.com\/#organization\"},\"potentialAction\":[{\"@type\":\"SearchAction\",\"target\":{\"@type\":\"EntryPoint\",\"urlTemplate\":\"https:\/\/esbozodeportivo.com\/?s={search_term_string}\"},\"query-input\":{\"@type\":\"PropertyValueSpecification\",\"valueRequired\":true,\"valueName\":\"search_term_string\"}}],\"inLanguage\":\"es\"},{\"@type\":\"Organization\",\"@id\":\"https:\/\/esbozodeportivo.com\/#organization\",\"name\":\"Esbozo Deportivo\",\"url\":\"https:\/\/esbozodeportivo.com\/\",\"logo\":{\"@type\":\"ImageObject\",\"inLanguage\":\"es\",\"@id\":\"https:\/\/esbozodeportivo.com\/#\/schema\/logo\/image\/\",\"url\":\"https:\/\/esbozodeportivo.com\/wp-content\/uploads\/2022\/08\/cropped-Logo-Esbozo-Web-2.png\",\"contentUrl\":\"https:\/\/esbozodeportivo.com\/wp-content\/uploads\/2022\/08\/cropped-Logo-Esbozo-Web-2.png\",\"width\":180,\"height\":50,\"caption\":\"Esbozo Deportivo\"},\"image\":{\"@id\":\"https:\/\/esbozodeportivo.com\/#\/schema\/logo\/image\/\"}},{\"@type\":\"Person\",\"@id\":\"https:\/\/esbozodeportivo.com\/#\/schema\/person\/7277119c98823aec37bbb84e125efd44\",\"name\":\"Javier De La Cruz\",\"image\":{\"@type\":\"ImageObject\",\"inLanguage\":\"es\",\"@id\":\"https:\/\/esbozodeportivo.com\/#\/schema\/person\/image\/\",\"url\":\"https:\/\/secure.gravatar.com\/avatar\/366235a56d20f1a6e8e3d0b295897639357bea880470ddf261d17bb0bc052eb1?s=96&d=mm&r=g\",\"contentUrl\":\"https:\/\/secure.gravatar.com\/avatar\/366235a56d20f1a6e8e3d0b295897639357bea880470ddf261d17bb0bc052eb1?s=96&d=mm&r=g\",\"caption\":\"Javier De La Cruz\"},\"url\":\"https:\/\/esbozodeportivo.com\/index.php\/author\/javier-de-la-cruz-de-la-cruz\/\"}]}<\/script>\n<!-- \/ Yoast SEO plugin. -->","yoast_head_json":{"title":"ACU\u00c1TICA NELSONVARGAS LIDERA LA 2\u00b0 COPA INTERNACIONAL DE VERACRUZ - Esbozo Deportivo","description":"Hace pocos minutos culmin\u00f3 la primera jornada de la 2\u00b0 Copa Internacional de Veracruz, evento que convoc\u00f3 a todo el pa\u00eds acu\u00e1tico y que cuenta con una nutrida asistencia, esto con un total, de: 750 nadadores de todo el pa\u00eds y 63 clubes que confirman y ratifican el futuro de la nataci\u00f3n mexicana.","robots":{"index":"index","follow":"follow","max-snippet":"max-snippet:-1","max-image-preview":"max-image-preview:large","max-video-preview":"max-video-preview:-1"},"canonical":"https:\/\/esbozodeportivo.com\/index.php\/2025\/02\/22\/acuatica-nelsonvargas-lidera-la-2-copa-internacional-de-veracruz\/","og_locale":"es_MX","og_type":"article","og_title":"ACU\u00c1TICA NELSONVARGAS LIDERA LA 2\u00b0 COPA INTERNACIONAL DE VERACRUZ - Esbozo Deportivo","og_description":"Hace pocos minutos culmin\u00f3 la primera jornada de la 2\u00b0 Copa Internacional de Veracruz, evento que convoc\u00f3 a todo el pa\u00eds acu\u00e1tico y que cuenta con una nutrida asistencia, esto con un total, de: 750 nadadores de todo el pa\u00eds y 63 clubes que confirman y ratifican el futuro de la nataci\u00f3n mexicana.","og_url":"https:\/\/esbozodeportivo.com\/index.php\/2025\/02\/22\/acuatica-nelsonvargas-lidera-la-2-copa-internacional-de-veracruz\/","og_site_name":"Esbozo Deportivo","article_published_time":"2025-02-22T06:02:25+00:00","og_image":[{"width":1290,"height":828,"url":"https:\/\/esbozodeportivo.com\/wp-content\/uploads\/2025\/02\/Angel-Martinez.jpg","type":"image\/jpeg"}],"author":"Javier De La Cruz","twitter_card":"summary_large_image","twitter_misc":{"Escrito por":"Javier De La Cruz","Tiempo de lectura":"4 minutos"},"schema":{"@context":"https:\/\/schema.org","@graph":[{"@type":"Article","@id":"https:\/\/esbozodeportivo.com\/index.php\/2025\/02\/22\/acuatica-nelsonvargas-lidera-la-2-copa-internacional-de-veracruz\/#article","isPartOf":{"@id":"https:\/\/esbozodeportivo.com\/index.php\/2025\/02\/22\/acuatica-nelsonvargas-lidera-la-2-copa-internacional-de-veracruz\/"},"author":{"name":"Javier De La Cruz","@id":"https:\/\/esbozodeportivo.com\/#\/schema\/person\/7277119c98823aec37bbb84e125efd44"},"headline":"ACU\u00c1TICA NELSONVARGAS LIDERA LA 2\u00b0 COPA INTERNACIONAL DE VERACRUZ","datePublished":"2025-02-22T06:02:25+00:00","mainEntityOfPage":{"@id":"https:\/\/esbozodeportivo.com\/index.php\/2025\/02\/22\/acuatica-nelsonvargas-lidera-la-2-copa-internacional-de-veracruz\/"},"wordCount":495,"publisher":{"@id":"https:\/\/esbozodeportivo.com\/#organization"},"image":{"@id":"https:\/\/esbozodeportivo.com\/index.php\/2025\/02\/22\/acuatica-nelsonvargas-lidera-la-2-copa-internacional-de-veracruz\/#primaryimage"},"thumbnailUrl":"https:\/\/esbozodeportivo.com\/wp-content\/uploads\/2025\/02\/Angel-Martinez.jpg","articleSection":["Amateur"],"inLanguage":"es"},{"@type":"WebPage","@id":"https:\/\/esbozodeportivo.com\/index.php\/2025\/02\/22\/acuatica-nelsonvargas-lidera-la-2-copa-internacional-de-veracruz\/","url":"https:\/\/esbozodeportivo.com\/index.php\/2025\/02\/22\/acuatica-nelsonvargas-lidera-la-2-copa-internacional-de-veracruz\/","name":"ACU\u00c1TICA NELSONVARGAS LIDERA LA 2\u00b0 COPA INTERNACIONAL DE VERACRUZ - Esbozo Deportivo","isPartOf":{"@id":"https:\/\/esbozodeportivo.com\/#website"},"primaryImageOfPage":{"@id":"https:\/\/esbozodeportivo.com\/index.php\/2025\/02\/22\/acuatica-nelsonvargas-lidera-la-2-copa-internacional-de-veracruz\/#primaryimage"},"image":{"@id":"https:\/\/esbozodeportivo.com\/index.php\/2025\/02\/22\/acuatica-nelsonvargas-lidera-la-2-copa-internacional-de-veracruz\/#primaryimage"},"thumbnailUrl":"https:\/\/esbozodeportivo.com\/wp-content\/uploads\/2025\/02\/Angel-Martinez.jpg","datePublished":"2025-02-22T06:02:25+00:00","description":"Hace pocos minutos culmin\u00f3 la primera jornada de la 2\u00b0 Copa Internacional de Veracruz, evento que convoc\u00f3 a todo el pa\u00eds acu\u00e1tico y que cuenta con una nutrida asistencia, esto con un total, de: 750 nadadores de todo el pa\u00eds y 63 clubes que confirman y ratifican el futuro de la nataci\u00f3n mexicana.","breadcrumb":{"@id":"https:\/\/esbozodeportivo.com\/index.php\/2025\/02\/22\/acuatica-nelsonvargas-lidera-la-2-copa-internacional-de-veracruz\/#breadcrumb"},"inLanguage":"es","potentialAction":[{"@type":"ReadAction","target":["https:\/\/esbozodeportivo.com\/index.php\/2025\/02\/22\/acuatica-nelsonvargas-lidera-la-2-copa-internacional-de-veracruz\/"]}]},{"@type":"ImageObject","inLanguage":"es","@id":"https:\/\/esbozodeportivo.com\/index.php\/2025\/02\/22\/acuatica-nelsonvargas-lidera-la-2-copa-internacional-de-veracruz\/#primaryimage","url":"https:\/\/esbozodeportivo.com\/wp-content\/uploads\/2025\/02\/Angel-Martinez.jpg","contentUrl":"https:\/\/esbozodeportivo.com\/wp-content\/uploads\/2025\/02\/Angel-Martinez.jpg","width":1290,"height":828},{"@type":"BreadcrumbList","@id":"https:\/\/esbozodeportivo.com\/index.php\/2025\/02\/22\/acuatica-nelsonvargas-lidera-la-2-copa-internacional-de-veracruz\/#breadcrumb","itemListElement":[{"@type":"ListItem","position":1,"name":"Inicio","item":"https:\/\/esbozodeportivo.com\/"},{"@type":"ListItem","position":2,"name":"ACU\u00c1TICA NELSONVARGAS LIDERA LA 2\u00b0 COPA INTERNACIONAL DE VERACRUZ"}]},{"@type":"WebSite","@id":"https:\/\/esbozodeportivo.com\/#website","url":"https:\/\/esbozodeportivo.com\/","name":"Esbozo Deportivo","description":"Lo m\u00e1s importante del Deporte","publisher":{"@id":"https:\/\/esbozodeportivo.com\/#organization"},"potentialAction":[{"@type":"SearchAction","target":{"@type":"EntryPoint","urlTemplate":"https:\/\/esbozodeportivo.com\/?s={search_term_string}"},"query-input":{"@type":"PropertyValueSpecification","valueRequired":true,"valueName":"search_term_string"}}],"inLanguage":"es"},{"@type":"Organization","@id":"https:\/\/esbozodeportivo.com\/#organization","name":"Esbozo Deportivo","url":"https:\/\/esbozodeportivo.com\/","logo":{"@type":"ImageObject","inLanguage":"es","@id":"https:\/\/esbozodeportivo.com\/#\/schema\/logo\/image\/","url":"https:\/\/esbozodeportivo.com\/wp-content\/uploads\/2022\/08\/cropped-Logo-Esbozo-Web-2.png","contentUrl":"https:\/\/esbozodeportivo.com\/wp-content\/uploads\/2022\/08\/cropped-Logo-Esbozo-Web-2.png","width":180,"height":50,"caption":"Esbozo Deportivo"},"image":{"@id":"https:\/\/esbozodeportivo.com\/#\/schema\/logo\/image\/"}},{"@type":"Person","@id":"https:\/\/esbozodeportivo.com\/#\/schema\/person\/7277119c98823aec37bbb84e125efd44","name":"Javier De La Cruz","image":{"@type":"ImageObject","inLanguage":"es","@id":"https:\/\/esbozodeportivo.com\/#\/schema\/person\/image\/","url":"https:\/\/secure.gravatar.com\/avatar\/366235a56d20f1a6e8e3d0b295897639357bea880470ddf261d17bb0bc052eb1?s=96&d=mm&r=g","contentUrl":"https:\/\/secure.gravatar.com\/avatar\/366235a56d20f1a6e8e3d0b295897639357bea880470ddf261d17bb0bc052eb1?s=96&d=mm&r=g","caption":"Javier De La Cruz"},"url":"https:\/\/esbozodeportivo.com\/index.php\/author\/javier-de-la-cruz-de-la-cruz\/"}]}},"jetpack_featured_media_url":"https:\/\/esbozodeportivo.com\/wp-content\/uploads\/2025\/02\/Angel-Martinez.jpg","jetpack_sharing_enabled":true,"_links":{"self":[{"href":"https:\/\/esbozodeportivo.com\/index.php\/wp-json\/wp\/v2\/posts\/5944","targetHints":{"allow":["GET"]}}],"collection":[{"href":"https:\/\/esbozodeportivo.com\/index.php\/wp-json\/wp\/v2\/posts"}],"about":[{"href":"https:\/\/esbozodeportivo.com\/index.php\/wp-json\/wp\/v2\/types\/post"}],"author":[{"embeddable":true,"href":"https:\/\/esbozodeportivo.com\/index.php\/wp-json\/wp\/v2\/users\/2"}],"replies":[{"embeddable":true,"href":"https:\/\/esbozodeportivo.com\/index.php\/wp-json\/wp\/v2\/comments?post=5944"}],"version-history":[{"count":2,"href":"https:\/\/esbozodeportivo.com\/index.php\/wp-json\/wp\/v2\/posts\/5944\/revisions"}],"predecessor-version":[{"id":5950,"href":"https:\/\/esbozodeportivo.com\/index.php\/wp-json\/wp\/v2\/posts\/5944\/revisions\/5950"}],"wp:featuredmedia":[{"embeddable":true,"href":"https:\/\/esbozodeportivo.com\/index.php\/wp-json\/wp\/v2\/media\/5945"}],"wp:attachment":[{"href":"https:\/\/esbozodeportivo.com\/index.php\/wp-json\/wp\/v2\/media?parent=5944"}],"wp:term":[{"taxonomy":"category","embeddable":true,"href":"https:\/\/esbozodeportivo.com\/index.php\/wp-json\/wp\/v2\/categories?post=5944"},{"taxonomy":"post_tag","embeddable":true,"href":"https:\/\/esbozodeportivo.com\/index.php\/wp-json\/wp\/v2\/tags?post=5944"}],"curies":[{"name":"wp","href":"https:\/\/api.w.org\/{rel}","templated":true}]}}