{"id":5951,"date":"2025-02-23T05:01:37","date_gmt":"2025-02-23T05:01:37","guid":{"rendered":"https:\/\/esbozodeportivo.com\/?p=5951"},"modified":"2025-02-23T05:03:16","modified_gmt":"2025-02-23T05:03:16","slug":"con-record-de-campeonato-acuatica-nelsonvargas-se-ubica-en-la-primera-plaza","status":"publish","type":"post","link":"https:\/\/esbozodeportivo.com\/index.php\/2025\/02\/23\/con-record-de-campeonato-acuatica-nelsonvargas-se-ubica-en-la-primera-plaza\/","title":{"rendered":"CON R\u00c9CORD DE CAMPEONATO ACU\u00c1TICA NELSONVARGAS SE UBICA EN LA PRIMERA PLAZA"},"content":{"rendered":"\n<p><strong>(Foto: acu\u00e1ticanelsonvargas)<\/strong><\/p>\n\n\n\n<p><strong><em>750 nadadores de 63 clubes se encuentran en competencia en el puerto de Veracruz<\/em><\/strong><\/p>\n\n\n\n<p>La programaci\u00f3n de hoy de la 2\u00b0 Copa Internacional de Veracruz inici\u00f3 con la prueba de relevo libre mixto 4&#215;50 m, una extraordinaria competencia que dej\u00f3 claro que los atletas mexicanos contin\u00faan trabajando por construir un mejor futuro deportivo. Muestra clara de lo anterior se da cuando los dos cuartetos que lideraron la prueba del relevo consiguieron el R\u00e9cord de Campeonato.<\/p>\n\n\n\n<p>Los due\u00f1os de la presea de plata el equipo de ITESM, integrado por: Andr\u00e9s Gonz\u00e1lez, Guillermo Cepeda, Habibi Monserrat y Valeria Villarreal, obtuvieron un tiempo, de: 1.41.26; por su parte los due\u00f1os del centro del p\u00f3dium, el representativo de <strong><em>acu\u00e1tica nelsonvargas<\/em><\/strong> detuvieron el cronometro, en: 1.39.01, marca lograda por los nadadores Sofia Revilak, \u00c1ngel Mart\u00ednez, Sydney Pickrem y Jorge Iga, quienes en su conjunto mejoraron el r\u00e9cord impuesto en 2024 por el equipo de ITESM Campus Monterrey, con: 1.41.67.<\/p>\n\n\n\n<figure class=\"wp-block-image size-full\"><img loading=\"lazy\" decoding=\"async\" width=\"510\" height=\"682\" src=\"https:\/\/esbozodeportivo.com\/wp-content\/uploads\/2025\/02\/Ganadores1.jpg\" alt=\"\" class=\"wp-image-5953\" srcset=\"https:\/\/esbozodeportivo.com\/wp-content\/uploads\/2025\/02\/Ganadores1.jpg 510w, https:\/\/esbozodeportivo.com\/wp-content\/uploads\/2025\/02\/Ganadores1-224x300.jpg 224w\" sizes=\"auto, (max-width: 510px) 100vw, 510px\" \/><\/figure>\n\n\n\n<p><strong><br>(Foto: acu\u00e1ticanelsonvargas)<br><br><\/strong><strong><em>Acu\u00e1tica nelsonvargas<\/em><\/strong> sum\u00f3 otros dos p\u00f3diums en la prueba de 50 m pecho, tanto en la rama masculina como en la femenina. La dama del equipo, Sydney Pickrem, logr\u00f3 la dorada con un tiempo, de: 32.55; por otra parte, su compa\u00f1ero de <strong><em>anv<\/em><\/strong>, Andr\u00e9s Puente logr\u00f3 la plata al conseguir un tiempo, de: 28.71.<\/p>\n\n\n\n<p>A ellos se sum\u00f3 Sofia Revilak, la integrante de <strong><em>acu\u00e1tica nelsonvargas,<\/em><\/strong> quien en la prueba de 100 m mariposa consolid\u00f3 una medalla m\u00e1s, una dorada, primera posici\u00f3n que adquiri\u00f3 con un tiempo, de: 1.02.28. Entretanto u compa\u00f1ero de equipo, Jorge Iga, hizo lo propio en los 100 m libre donde adquiri\u00f3 la tercera plaza, con: 51.30.<\/p>\n\n\n\n<figure class=\"wp-block-image size-large\"><img loading=\"lazy\" decoding=\"async\" width=\"1024\" height=\"663\" src=\"https:\/\/esbozodeportivo.com\/wp-content\/uploads\/2025\/02\/Ganadores2-1024x663.jpg\" alt=\"\" class=\"wp-image-5954\" srcset=\"https:\/\/esbozodeportivo.com\/wp-content\/uploads\/2025\/02\/Ganadores2-1024x663.jpg 1024w, https:\/\/esbozodeportivo.com\/wp-content\/uploads\/2025\/02\/Ganadores2-300x194.jpg 300w, https:\/\/esbozodeportivo.com\/wp-content\/uploads\/2025\/02\/Ganadores2-768x497.jpg 768w, https:\/\/esbozodeportivo.com\/wp-content\/uploads\/2025\/02\/Ganadores2.jpg 1200w\" sizes=\"auto, (max-width: 1024px) 100vw, 1024px\" \/><\/figure>\n\n\n\n<p><strong><br>(Foto: acu\u00e1ticanelsonvargas)<br><br><\/strong><\/p>\n\n\n\n<figure class=\"wp-block-table\"><table class=\"has-fixed-layout\"><tbody><tr><td><strong>LUGAR<\/strong><\/td><td><strong>EQUIPO<\/strong><\/td><td><strong>PUNTOS<\/strong><\/td><\/tr><tr><td>1<\/td><td><strong><em>Acu\u00e1tica nelsonvargas<\/em><\/strong><\/td><td>605<\/td><\/tr><tr><td>2<\/td><td>Itesm Campus Monterrey<\/td><td>323<\/td><\/tr><tr><td>3<\/td><td>Acu\u00e1tica Delfines<\/td><td>299<\/td><\/tr><\/tbody><\/table><\/figure>\n\n\n\n<p><strong><u>Medallas por pruebas:<\/u><\/strong><\/p>\n\n\n\n<p>13 y mayores. Relevo libre mixto 4&#215;50:<\/p>\n\n\n\n<figure class=\"wp-block-table\"><table class=\"has-fixed-layout\"><tbody><tr><td><strong>LUGAR<\/strong><\/td><td><strong>NOMBRE<\/strong><\/td><td><strong>TIEMPO<\/strong><\/td><\/tr><tr><td>Oro<\/td><td><strong><em>ANV<\/em><\/strong>. Sofia Revilak, \u00c1ngel Mart\u00ednez, Sydney Pickrem y Jorge Iga<\/td><td>1.39.01<\/td><\/tr><tr><td>Plata<\/td><td>ITESM<\/td><td>1.41.26<\/td><\/tr><tr><td>Bronce<\/td><td>NEPT<\/td><td>1.48.09<\/td><\/tr><\/tbody><\/table><\/figure>\n\n\n\n<p>13 y mayores. 50 m pecho:<\/p>\n\n\n\n<figure class=\"wp-block-table\"><table class=\"has-fixed-layout\"><tbody><tr><td><strong>LUGAR<\/strong><\/td><td><strong>NOMBRE<\/strong><\/td><td><strong>EQUIPO<\/strong><\/td><td><strong>TIEMPO<\/strong><\/td><\/tr><tr><td>Oro<\/td><td>Sydney Pickrem<\/td><td><strong><em>ANV<\/em><\/strong><\/td><td>32.55<\/td><\/tr><tr><td>Plata<\/td><td>Mariana Ortega Gil<\/td><td>ITESM<\/td><td>33.16<\/td><\/tr><tr><td>Bronce<\/td><td>Camila Flores Guerra<\/td><td>ITESM<\/td><td>34.35<\/td><\/tr><\/tbody><\/table><\/figure>\n\n\n\n<p>13 y mayores. 50 m pecho:<\/p>\n\n\n\n<figure class=\"wp-block-table\"><table class=\"has-fixed-layout\"><tbody><tr><td><strong>LUGAR<\/strong><\/td><td><strong>NOMBRE<\/strong><\/td><td><strong>EQUIPO<\/strong><\/td><td><strong>TIEMPO<\/strong><\/td><\/tr><tr><td>Oro<\/td><td>Michael Andrew<\/td><td>USA<\/td><td>27.96<\/td><\/tr><tr><td>Plata<\/td><td>Andr\u00e9s Puente<\/td><td><strong><em>ANV<\/em><\/strong><\/td><td>28.71<\/td><\/tr><tr><td>Bronce<\/td><td>Marco Pat Coronado<\/td><td>URIOS<\/td><td>29.40<\/td><\/tr><\/tbody><\/table><\/figure>\n\n\n\n<figure class=\"wp-block-image size-large\"><img loading=\"lazy\" decoding=\"async\" width=\"804\" height=\"1024\" src=\"https:\/\/esbozodeportivo.com\/wp-content\/uploads\/2025\/02\/Ganadores3-804x1024.jpg\" alt=\"\" class=\"wp-image-5955\" srcset=\"https:\/\/esbozodeportivo.com\/wp-content\/uploads\/2025\/02\/Ganadores3-804x1024.jpg 804w, https:\/\/esbozodeportivo.com\/wp-content\/uploads\/2025\/02\/Ganadores3-235x300.jpg 235w, https:\/\/esbozodeportivo.com\/wp-content\/uploads\/2025\/02\/Ganadores3-768x979.jpg 768w, https:\/\/esbozodeportivo.com\/wp-content\/uploads\/2025\/02\/Ganadores3-1206x1536.jpg 1206w, https:\/\/esbozodeportivo.com\/wp-content\/uploads\/2025\/02\/Ganadores3-1024x1305.jpg 1024w, https:\/\/esbozodeportivo.com\/wp-content\/uploads\/2025\/02\/Ganadores3.jpg 1211w\" sizes=\"auto, (max-width: 804px) 100vw, 804px\" \/><\/figure>\n\n\n\n<p><strong>(Foto: acu\u00e1ticanelsonvargas)<br><br><\/strong>13 y mayores. 100 m mariposa:<\/p>\n\n\n\n<figure class=\"wp-block-table\"><table class=\"has-fixed-layout\"><tbody><tr><td><strong>LUGAR<\/strong><\/td><td><strong>NOMBRE<\/strong><\/td><td><strong>EQUIPO<\/strong><\/td><td><strong>TIEMPO<\/strong><\/td><\/tr><tr><td>Oro<\/td><td>Sofia Revilak<\/td><td><strong><em>ANV<\/em><\/strong><\/td><td>1.02.28<\/td><\/tr><tr><td>Plata<\/td><td>Karla Vidal Soberano<\/td><td>PIRTR<\/td><td>1.02.87<\/td><\/tr><tr><td>Bronce<\/td><td>Paola Trejo Padilla<\/td><td>ACDEL<\/td><td>1.06.98<\/td><\/tr><\/tbody><\/table><\/figure>\n\n\n\n<p>13 y mayores. 100 m libre:<\/p>\n\n\n\n<figure class=\"wp-block-table\"><table class=\"has-fixed-layout\"><tbody><tr><td><strong>LUGAR<\/strong><\/td><td><strong>NOMBRE<\/strong><\/td><td><strong>EQUIPO<\/strong><\/td><td><strong>TIEMPO<\/strong><\/td><\/tr><tr><td>Oro<\/td><td>Grant House<\/td><td>USA<\/td><td>49.81<\/td><\/tr><tr><td>Plata<\/td><td>Jack Dolan<\/td><td>USA<\/td><td>51.06<\/td><\/tr><tr><td>Bronce<\/td><td>Jorge Iga<\/td><td><strong><em>ANV<\/em><\/strong><\/td><td>51.30<\/td><\/tr><\/tbody><\/table><\/figure>\n\n\n\n<p><\/p>\n","protected":false},"excerpt":{"rendered":"<p>(Foto: acu\u00e1ticanelsonvargas) 750 nadadores de 63 clubes se encuentran en competencia en el puerto de<\/p>\n","protected":false},"author":2,"featured_media":5952,"comment_status":"closed","ping_status":"open","sticky":false,"template":"","format":"standard","meta":{"_jetpack_memberships_contains_paid_content":false,"footnotes":""},"categories":[5],"tags":[],"class_list":["post-5951","post","type-post","status-publish","format-standard","has-post-thumbnail","hentry","category-amateur"],"yoast_head":"<!-- This site is optimized with the Yoast SEO plugin v25.7 - https:\/\/yoast.com\/wordpress\/plugins\/seo\/ -->\n<title>CON R\u00c9CORD DE CAMPEONATO ACU\u00c1TICA NELSONVARGAS SE UBICA EN LA PRIMERA PLAZA - Esbozo Deportivo<\/title>\n<meta name=\"description\" content=\"La programaci\u00f3n de hoy de la 2\u00b0 Copa Internacional de Veracruz inici\u00f3 con la prueba de relevo libre mixto 4x50 m, una extraordinaria competencia que dej\u00f3 claro que los atletas mexicanos contin\u00faan trabajando por construir un mejor futuro deportivo. Muestra clara de lo anterior se da cuando los dos cuartetos que lideraron la prueba del relevo consiguieron el R\u00e9cord de Campeonato.\" \/>\n<meta name=\"robots\" content=\"index, follow, max-snippet:-1, max-image-preview:large, max-video-preview:-1\" \/>\n<link rel=\"canonical\" href=\"https:\/\/esbozodeportivo.com\/index.php\/2025\/02\/23\/con-record-de-campeonato-acuatica-nelsonvargas-se-ubica-en-la-primera-plaza\/\" \/>\n<meta property=\"og:locale\" content=\"es_MX\" \/>\n<meta property=\"og:type\" content=\"article\" \/>\n<meta property=\"og:title\" content=\"CON R\u00c9CORD DE CAMPEONATO ACU\u00c1TICA NELSONVARGAS SE UBICA EN LA PRIMERA PLAZA - Esbozo Deportivo\" \/>\n<meta property=\"og:description\" content=\"La programaci\u00f3n de hoy de la 2\u00b0 Copa Internacional de Veracruz inici\u00f3 con la prueba de relevo libre mixto 4x50 m, una extraordinaria competencia que dej\u00f3 claro que los atletas mexicanos contin\u00faan trabajando por construir un mejor futuro deportivo. Muestra clara de lo anterior se da cuando los dos cuartetos que lideraron la prueba del relevo consiguieron el R\u00e9cord de Campeonato.\" \/>\n<meta property=\"og:url\" content=\"https:\/\/esbozodeportivo.com\/index.php\/2025\/02\/23\/con-record-de-campeonato-acuatica-nelsonvargas-se-ubica-en-la-primera-plaza\/\" \/>\n<meta property=\"og:site_name\" content=\"Esbozo Deportivo\" \/>\n<meta property=\"article:published_time\" content=\"2025-02-23T05:01:37+00:00\" \/>\n<meta property=\"article:modified_time\" content=\"2025-02-23T05:03:16+00:00\" \/>\n<meta property=\"og:image\" content=\"https:\/\/esbozodeportivo.com\/wp-content\/uploads\/2025\/02\/Ganadores.jpg\" \/>\n\t<meta property=\"og:image:width\" content=\"1200\" \/>\n\t<meta property=\"og:image:height\" content=\"680\" \/>\n\t<meta property=\"og:image:type\" content=\"image\/jpeg\" \/>\n<meta name=\"author\" content=\"Javier De La Cruz\" \/>\n<meta name=\"twitter:card\" content=\"summary_large_image\" \/>\n<meta name=\"twitter:label1\" content=\"Escrito por\" \/>\n\t<meta name=\"twitter:data1\" content=\"Javier De La Cruz\" \/>\n\t<meta name=\"twitter:label2\" content=\"Tiempo de lectura\" \/>\n\t<meta name=\"twitter:data2\" content=\"3 minutos\" \/>\n<script type=\"application\/ld+json\" class=\"yoast-schema-graph\">{\"@context\":\"https:\/\/schema.org\",\"@graph\":[{\"@type\":\"Article\",\"@id\":\"https:\/\/esbozodeportivo.com\/index.php\/2025\/02\/23\/con-record-de-campeonato-acuatica-nelsonvargas-se-ubica-en-la-primera-plaza\/#article\",\"isPartOf\":{\"@id\":\"https:\/\/esbozodeportivo.com\/index.php\/2025\/02\/23\/con-record-de-campeonato-acuatica-nelsonvargas-se-ubica-en-la-primera-plaza\/\"},\"author\":{\"name\":\"Javier De La Cruz\",\"@id\":\"https:\/\/esbozodeportivo.com\/#\/schema\/person\/7277119c98823aec37bbb84e125efd44\"},\"headline\":\"CON R\u00c9CORD DE CAMPEONATO ACU\u00c1TICA NELSONVARGAS SE UBICA EN LA PRIMERA PLAZA\",\"datePublished\":\"2025-02-23T05:01:37+00:00\",\"dateModified\":\"2025-02-23T05:03:16+00:00\",\"mainEntityOfPage\":{\"@id\":\"https:\/\/esbozodeportivo.com\/index.php\/2025\/02\/23\/con-record-de-campeonato-acuatica-nelsonvargas-se-ubica-en-la-primera-plaza\/\"},\"wordCount\":421,\"publisher\":{\"@id\":\"https:\/\/esbozodeportivo.com\/#organization\"},\"image\":{\"@id\":\"https:\/\/esbozodeportivo.com\/index.php\/2025\/02\/23\/con-record-de-campeonato-acuatica-nelsonvargas-se-ubica-en-la-primera-plaza\/#primaryimage\"},\"thumbnailUrl\":\"https:\/\/esbozodeportivo.com\/wp-content\/uploads\/2025\/02\/Ganadores.jpg\",\"articleSection\":[\"Amateur\"],\"inLanguage\":\"es\"},{\"@type\":\"WebPage\",\"@id\":\"https:\/\/esbozodeportivo.com\/index.php\/2025\/02\/23\/con-record-de-campeonato-acuatica-nelsonvargas-se-ubica-en-la-primera-plaza\/\",\"url\":\"https:\/\/esbozodeportivo.com\/index.php\/2025\/02\/23\/con-record-de-campeonato-acuatica-nelsonvargas-se-ubica-en-la-primera-plaza\/\",\"name\":\"CON R\u00c9CORD DE CAMPEONATO ACU\u00c1TICA NELSONVARGAS SE UBICA EN LA PRIMERA PLAZA - Esbozo Deportivo\",\"isPartOf\":{\"@id\":\"https:\/\/esbozodeportivo.com\/#website\"},\"primaryImageOfPage\":{\"@id\":\"https:\/\/esbozodeportivo.com\/index.php\/2025\/02\/23\/con-record-de-campeonato-acuatica-nelsonvargas-se-ubica-en-la-primera-plaza\/#primaryimage\"},\"image\":{\"@id\":\"https:\/\/esbozodeportivo.com\/index.php\/2025\/02\/23\/con-record-de-campeonato-acuatica-nelsonvargas-se-ubica-en-la-primera-plaza\/#primaryimage\"},\"thumbnailUrl\":\"https:\/\/esbozodeportivo.com\/wp-content\/uploads\/2025\/02\/Ganadores.jpg\",\"datePublished\":\"2025-02-23T05:01:37+00:00\",\"dateModified\":\"2025-02-23T05:03:16+00:00\",\"description\":\"La programaci\u00f3n de hoy de la 2\u00b0 Copa Internacional de Veracruz inici\u00f3 con la prueba de relevo libre mixto 4x50 m, una extraordinaria competencia que dej\u00f3 claro que los atletas mexicanos contin\u00faan trabajando por construir un mejor futuro deportivo. Muestra clara de lo anterior se da cuando los dos cuartetos que lideraron la prueba del relevo consiguieron el R\u00e9cord de Campeonato.\",\"breadcrumb\":{\"@id\":\"https:\/\/esbozodeportivo.com\/index.php\/2025\/02\/23\/con-record-de-campeonato-acuatica-nelsonvargas-se-ubica-en-la-primera-plaza\/#breadcrumb\"},\"inLanguage\":\"es\",\"potentialAction\":[{\"@type\":\"ReadAction\",\"target\":[\"https:\/\/esbozodeportivo.com\/index.php\/2025\/02\/23\/con-record-de-campeonato-acuatica-nelsonvargas-se-ubica-en-la-primera-plaza\/\"]}]},{\"@type\":\"ImageObject\",\"inLanguage\":\"es\",\"@id\":\"https:\/\/esbozodeportivo.com\/index.php\/2025\/02\/23\/con-record-de-campeonato-acuatica-nelsonvargas-se-ubica-en-la-primera-plaza\/#primaryimage\",\"url\":\"https:\/\/esbozodeportivo.com\/wp-content\/uploads\/2025\/02\/Ganadores.jpg\",\"contentUrl\":\"https:\/\/esbozodeportivo.com\/wp-content\/uploads\/2025\/02\/Ganadores.jpg\",\"width\":1200,\"height\":680},{\"@type\":\"BreadcrumbList\",\"@id\":\"https:\/\/esbozodeportivo.com\/index.php\/2025\/02\/23\/con-record-de-campeonato-acuatica-nelsonvargas-se-ubica-en-la-primera-plaza\/#breadcrumb\",\"itemListElement\":[{\"@type\":\"ListItem\",\"position\":1,\"name\":\"Inicio\",\"item\":\"https:\/\/esbozodeportivo.com\/\"},{\"@type\":\"ListItem\",\"position\":2,\"name\":\"CON R\u00c9CORD DE CAMPEONATO ACU\u00c1TICA NELSONVARGAS SE UBICA EN LA PRIMERA PLAZA\"}]},{\"@type\":\"WebSite\",\"@id\":\"https:\/\/esbozodeportivo.com\/#website\",\"url\":\"https:\/\/esbozodeportivo.com\/\",\"name\":\"Esbozo Deportivo\",\"description\":\"Lo m\u00e1s importante del Deporte\",\"publisher\":{\"@id\":\"https:\/\/esbozodeportivo.com\/#organization\"},\"potentialAction\":[{\"@type\":\"SearchAction\",\"target\":{\"@type\":\"EntryPoint\",\"urlTemplate\":\"https:\/\/esbozodeportivo.com\/?s={search_term_string}\"},\"query-input\":{\"@type\":\"PropertyValueSpecification\",\"valueRequired\":true,\"valueName\":\"search_term_string\"}}],\"inLanguage\":\"es\"},{\"@type\":\"Organization\",\"@id\":\"https:\/\/esbozodeportivo.com\/#organization\",\"name\":\"Esbozo Deportivo\",\"url\":\"https:\/\/esbozodeportivo.com\/\",\"logo\":{\"@type\":\"ImageObject\",\"inLanguage\":\"es\",\"@id\":\"https:\/\/esbozodeportivo.com\/#\/schema\/logo\/image\/\",\"url\":\"https:\/\/esbozodeportivo.com\/wp-content\/uploads\/2022\/08\/cropped-Logo-Esbozo-Web-2.png\",\"contentUrl\":\"https:\/\/esbozodeportivo.com\/wp-content\/uploads\/2022\/08\/cropped-Logo-Esbozo-Web-2.png\",\"width\":180,\"height\":50,\"caption\":\"Esbozo Deportivo\"},\"image\":{\"@id\":\"https:\/\/esbozodeportivo.com\/#\/schema\/logo\/image\/\"}},{\"@type\":\"Person\",\"@id\":\"https:\/\/esbozodeportivo.com\/#\/schema\/person\/7277119c98823aec37bbb84e125efd44\",\"name\":\"Javier De La Cruz\",\"image\":{\"@type\":\"ImageObject\",\"inLanguage\":\"es\",\"@id\":\"https:\/\/esbozodeportivo.com\/#\/schema\/person\/image\/\",\"url\":\"https:\/\/secure.gravatar.com\/avatar\/366235a56d20f1a6e8e3d0b295897639357bea880470ddf261d17bb0bc052eb1?s=96&d=mm&r=g\",\"contentUrl\":\"https:\/\/secure.gravatar.com\/avatar\/366235a56d20f1a6e8e3d0b295897639357bea880470ddf261d17bb0bc052eb1?s=96&d=mm&r=g\",\"caption\":\"Javier De La Cruz\"},\"url\":\"https:\/\/esbozodeportivo.com\/index.php\/author\/javier-de-la-cruz-de-la-cruz\/\"}]}<\/script>\n<!-- \/ Yoast SEO plugin. -->","yoast_head_json":{"title":"CON R\u00c9CORD DE CAMPEONATO ACU\u00c1TICA NELSONVARGAS SE UBICA EN LA PRIMERA PLAZA - Esbozo Deportivo","description":"La programaci\u00f3n de hoy de la 2\u00b0 Copa Internacional de Veracruz inici\u00f3 con la prueba de relevo libre mixto 4x50 m, una extraordinaria competencia que dej\u00f3 claro que los atletas mexicanos contin\u00faan trabajando por construir un mejor futuro deportivo. Muestra clara de lo anterior se da cuando los dos cuartetos que lideraron la prueba del relevo consiguieron el R\u00e9cord de Campeonato.","robots":{"index":"index","follow":"follow","max-snippet":"max-snippet:-1","max-image-preview":"max-image-preview:large","max-video-preview":"max-video-preview:-1"},"canonical":"https:\/\/esbozodeportivo.com\/index.php\/2025\/02\/23\/con-record-de-campeonato-acuatica-nelsonvargas-se-ubica-en-la-primera-plaza\/","og_locale":"es_MX","og_type":"article","og_title":"CON R\u00c9CORD DE CAMPEONATO ACU\u00c1TICA NELSONVARGAS SE UBICA EN LA PRIMERA PLAZA - Esbozo Deportivo","og_description":"La programaci\u00f3n de hoy de la 2\u00b0 Copa Internacional de Veracruz inici\u00f3 con la prueba de relevo libre mixto 4x50 m, una extraordinaria competencia que dej\u00f3 claro que los atletas mexicanos contin\u00faan trabajando por construir un mejor futuro deportivo. Muestra clara de lo anterior se da cuando los dos cuartetos que lideraron la prueba del relevo consiguieron el R\u00e9cord de Campeonato.","og_url":"https:\/\/esbozodeportivo.com\/index.php\/2025\/02\/23\/con-record-de-campeonato-acuatica-nelsonvargas-se-ubica-en-la-primera-plaza\/","og_site_name":"Esbozo Deportivo","article_published_time":"2025-02-23T05:01:37+00:00","article_modified_time":"2025-02-23T05:03:16+00:00","og_image":[{"width":1200,"height":680,"url":"https:\/\/esbozodeportivo.com\/wp-content\/uploads\/2025\/02\/Ganadores.jpg","type":"image\/jpeg"}],"author":"Javier De La Cruz","twitter_card":"summary_large_image","twitter_misc":{"Escrito por":"Javier De La Cruz","Tiempo de lectura":"3 minutos"},"schema":{"@context":"https:\/\/schema.org","@graph":[{"@type":"Article","@id":"https:\/\/esbozodeportivo.com\/index.php\/2025\/02\/23\/con-record-de-campeonato-acuatica-nelsonvargas-se-ubica-en-la-primera-plaza\/#article","isPartOf":{"@id":"https:\/\/esbozodeportivo.com\/index.php\/2025\/02\/23\/con-record-de-campeonato-acuatica-nelsonvargas-se-ubica-en-la-primera-plaza\/"},"author":{"name":"Javier De La Cruz","@id":"https:\/\/esbozodeportivo.com\/#\/schema\/person\/7277119c98823aec37bbb84e125efd44"},"headline":"CON R\u00c9CORD DE CAMPEONATO ACU\u00c1TICA NELSONVARGAS SE UBICA EN LA PRIMERA PLAZA","datePublished":"2025-02-23T05:01:37+00:00","dateModified":"2025-02-23T05:03:16+00:00","mainEntityOfPage":{"@id":"https:\/\/esbozodeportivo.com\/index.php\/2025\/02\/23\/con-record-de-campeonato-acuatica-nelsonvargas-se-ubica-en-la-primera-plaza\/"},"wordCount":421,"publisher":{"@id":"https:\/\/esbozodeportivo.com\/#organization"},"image":{"@id":"https:\/\/esbozodeportivo.com\/index.php\/2025\/02\/23\/con-record-de-campeonato-acuatica-nelsonvargas-se-ubica-en-la-primera-plaza\/#primaryimage"},"thumbnailUrl":"https:\/\/esbozodeportivo.com\/wp-content\/uploads\/2025\/02\/Ganadores.jpg","articleSection":["Amateur"],"inLanguage":"es"},{"@type":"WebPage","@id":"https:\/\/esbozodeportivo.com\/index.php\/2025\/02\/23\/con-record-de-campeonato-acuatica-nelsonvargas-se-ubica-en-la-primera-plaza\/","url":"https:\/\/esbozodeportivo.com\/index.php\/2025\/02\/23\/con-record-de-campeonato-acuatica-nelsonvargas-se-ubica-en-la-primera-plaza\/","name":"CON R\u00c9CORD DE CAMPEONATO ACU\u00c1TICA NELSONVARGAS SE UBICA EN LA PRIMERA PLAZA - Esbozo Deportivo","isPartOf":{"@id":"https:\/\/esbozodeportivo.com\/#website"},"primaryImageOfPage":{"@id":"https:\/\/esbozodeportivo.com\/index.php\/2025\/02\/23\/con-record-de-campeonato-acuatica-nelsonvargas-se-ubica-en-la-primera-plaza\/#primaryimage"},"image":{"@id":"https:\/\/esbozodeportivo.com\/index.php\/2025\/02\/23\/con-record-de-campeonato-acuatica-nelsonvargas-se-ubica-en-la-primera-plaza\/#primaryimage"},"thumbnailUrl":"https:\/\/esbozodeportivo.com\/wp-content\/uploads\/2025\/02\/Ganadores.jpg","datePublished":"2025-02-23T05:01:37+00:00","dateModified":"2025-02-23T05:03:16+00:00","description":"La programaci\u00f3n de hoy de la 2\u00b0 Copa Internacional de Veracruz inici\u00f3 con la prueba de relevo libre mixto 4x50 m, una extraordinaria competencia que dej\u00f3 claro que los atletas mexicanos contin\u00faan trabajando por construir un mejor futuro deportivo. Muestra clara de lo anterior se da cuando los dos cuartetos que lideraron la prueba del relevo consiguieron el R\u00e9cord de Campeonato.","breadcrumb":{"@id":"https:\/\/esbozodeportivo.com\/index.php\/2025\/02\/23\/con-record-de-campeonato-acuatica-nelsonvargas-se-ubica-en-la-primera-plaza\/#breadcrumb"},"inLanguage":"es","potentialAction":[{"@type":"ReadAction","target":["https:\/\/esbozodeportivo.com\/index.php\/2025\/02\/23\/con-record-de-campeonato-acuatica-nelsonvargas-se-ubica-en-la-primera-plaza\/"]}]},{"@type":"ImageObject","inLanguage":"es","@id":"https:\/\/esbozodeportivo.com\/index.php\/2025\/02\/23\/con-record-de-campeonato-acuatica-nelsonvargas-se-ubica-en-la-primera-plaza\/#primaryimage","url":"https:\/\/esbozodeportivo.com\/wp-content\/uploads\/2025\/02\/Ganadores.jpg","contentUrl":"https:\/\/esbozodeportivo.com\/wp-content\/uploads\/2025\/02\/Ganadores.jpg","width":1200,"height":680},{"@type":"BreadcrumbList","@id":"https:\/\/esbozodeportivo.com\/index.php\/2025\/02\/23\/con-record-de-campeonato-acuatica-nelsonvargas-se-ubica-en-la-primera-plaza\/#breadcrumb","itemListElement":[{"@type":"ListItem","position":1,"name":"Inicio","item":"https:\/\/esbozodeportivo.com\/"},{"@type":"ListItem","position":2,"name":"CON R\u00c9CORD DE CAMPEONATO ACU\u00c1TICA NELSONVARGAS SE UBICA EN LA PRIMERA PLAZA"}]},{"@type":"WebSite","@id":"https:\/\/esbozodeportivo.com\/#website","url":"https:\/\/esbozodeportivo.com\/","name":"Esbozo Deportivo","description":"Lo m\u00e1s importante del Deporte","publisher":{"@id":"https:\/\/esbozodeportivo.com\/#organization"},"potentialAction":[{"@type":"SearchAction","target":{"@type":"EntryPoint","urlTemplate":"https:\/\/esbozodeportivo.com\/?s={search_term_string}"},"query-input":{"@type":"PropertyValueSpecification","valueRequired":true,"valueName":"search_term_string"}}],"inLanguage":"es"},{"@type":"Organization","@id":"https:\/\/esbozodeportivo.com\/#organization","name":"Esbozo Deportivo","url":"https:\/\/esbozodeportivo.com\/","logo":{"@type":"ImageObject","inLanguage":"es","@id":"https:\/\/esbozodeportivo.com\/#\/schema\/logo\/image\/","url":"https:\/\/esbozodeportivo.com\/wp-content\/uploads\/2022\/08\/cropped-Logo-Esbozo-Web-2.png","contentUrl":"https:\/\/esbozodeportivo.com\/wp-content\/uploads\/2022\/08\/cropped-Logo-Esbozo-Web-2.png","width":180,"height":50,"caption":"Esbozo Deportivo"},"image":{"@id":"https:\/\/esbozodeportivo.com\/#\/schema\/logo\/image\/"}},{"@type":"Person","@id":"https:\/\/esbozodeportivo.com\/#\/schema\/person\/7277119c98823aec37bbb84e125efd44","name":"Javier De La Cruz","image":{"@type":"ImageObject","inLanguage":"es","@id":"https:\/\/esbozodeportivo.com\/#\/schema\/person\/image\/","url":"https:\/\/secure.gravatar.com\/avatar\/366235a56d20f1a6e8e3d0b295897639357bea880470ddf261d17bb0bc052eb1?s=96&d=mm&r=g","contentUrl":"https:\/\/secure.gravatar.com\/avatar\/366235a56d20f1a6e8e3d0b295897639357bea880470ddf261d17bb0bc052eb1?s=96&d=mm&r=g","caption":"Javier De La Cruz"},"url":"https:\/\/esbozodeportivo.com\/index.php\/author\/javier-de-la-cruz-de-la-cruz\/"}]}},"jetpack_featured_media_url":"https:\/\/esbozodeportivo.com\/wp-content\/uploads\/2025\/02\/Ganadores.jpg","jetpack_sharing_enabled":true,"_links":{"self":[{"href":"https:\/\/esbozodeportivo.com\/index.php\/wp-json\/wp\/v2\/posts\/5951","targetHints":{"allow":["GET"]}}],"collection":[{"href":"https:\/\/esbozodeportivo.com\/index.php\/wp-json\/wp\/v2\/posts"}],"about":[{"href":"https:\/\/esbozodeportivo.com\/index.php\/wp-json\/wp\/v2\/types\/post"}],"author":[{"embeddable":true,"href":"https:\/\/esbozodeportivo.com\/index.php\/wp-json\/wp\/v2\/users\/2"}],"replies":[{"embeddable":true,"href":"https:\/\/esbozodeportivo.com\/index.php\/wp-json\/wp\/v2\/comments?post=5951"}],"version-history":[{"count":1,"href":"https:\/\/esbozodeportivo.com\/index.php\/wp-json\/wp\/v2\/posts\/5951\/revisions"}],"predecessor-version":[{"id":5956,"href":"https:\/\/esbozodeportivo.com\/index.php\/wp-json\/wp\/v2\/posts\/5951\/revisions\/5956"}],"wp:featuredmedia":[{"embeddable":true,"href":"https:\/\/esbozodeportivo.com\/index.php\/wp-json\/wp\/v2\/media\/5952"}],"wp:attachment":[{"href":"https:\/\/esbozodeportivo.com\/index.php\/wp-json\/wp\/v2\/media?parent=5951"}],"wp:term":[{"taxonomy":"category","embeddable":true,"href":"https:\/\/esbozodeportivo.com\/index.php\/wp-json\/wp\/v2\/categories?post=5951"},{"taxonomy":"post_tag","embeddable":true,"href":"https:\/\/esbozodeportivo.com\/index.php\/wp-json\/wp\/v2\/tags?post=5951"}],"curies":[{"name":"wp","href":"https:\/\/api.w.org\/{rel}","templated":true}]}}