{"id":5957,"date":"2025-02-23T23:07:43","date_gmt":"2025-02-23T23:07:43","guid":{"rendered":"https:\/\/esbozodeportivo.com\/?p=5957"},"modified":"2025-02-23T23:07:43","modified_gmt":"2025-02-23T23:07:43","slug":"se-coronan-july-jelagat-y-tadu-abate-en-el-medio-maraton-de-guadalajara","status":"publish","type":"post","link":"https:\/\/esbozodeportivo.com\/index.php\/2025\/02\/23\/se-coronan-july-jelagat-y-tadu-abate-en-el-medio-maraton-de-guadalajara\/","title":{"rendered":"Se coronan July Jelagat y Tadu Abate en el Medio Marat\u00f3n de Guadalajara"},"content":{"rendered":"\n<p>(Foto: Cortes\u00eda)<\/p>\n\n\n\n<p>La keniana <strong>July Jelagat<\/strong> y el et\u00edope <strong>Tadu Abate<\/strong> se convirtieron en los campeones elite <strong>del Medio Marat\u00f3n de Guadalajara<\/strong>, que se corri\u00f3 este domingo por las principales avenidas de esta ciudad, que bajo la organizaci\u00f3n del <a href=\"https:\/\/transparencia.guadalajara.gob.mx\/transparencia\/consejo-municipal-del-deporte-de-guadalajara\"><strong>Consejo Municipal del Deporte<\/strong><\/a> y el aval de la <a href=\"https:\/\/www.fmaa.mx\/\"><strong>Federaci\u00f3n Mexicana de Asociaciones de Atletismo<\/strong><\/a>, reuni\u00f3 a fondistas de <strong>M\u00e9xico<\/strong>, <strong>Marruecos<\/strong>, <strong>Bahrein<\/strong>, <strong>Bolivia<\/strong> y <strong>Zimbabwe<\/strong>.<\/p>\n\n\n\n<p>Un gran ambiente se vivi\u00f3 por las principales calles y avenidas de la ciudad de <strong>Guadalajara<\/strong>, desde el disparo de salida en punto de las 6.00 horas de este domingo, en el recorrido que arranc\u00f3 en la glorieta de <strong>La Minerva<\/strong> hacia la avenida <strong>Vallart<\/strong>a, que luci\u00f3 el apoyo de la afici\u00f3n que se dio cita para apoyar a los fondistas.<\/p>\n\n\n\n<p>La keniana <strong>July Jelagat<\/strong> registr\u00f3 un tiempo de <strong>1 hora<\/strong>, <strong>07 minutos<\/strong> y <strong>44 segundos<\/strong>, para establecer r\u00e9cord del <strong>Medio Marat\u00f3n de Guadalajara<\/strong> en la rama femenil, fue seguida por <strong>Hela Jelagat Kiprop<\/strong>, con <strong>1:10.23<\/strong> y en el tercero complet\u00f3 el podio <strong>Janet Ruguro<\/strong>, con <strong>1:16.18<\/strong>, con lo que las fondistas de este pa\u00eds ocuparon los tres sitios.<\/p>\n\n\n\n<figure class=\"wp-block-image size-large\"><img loading=\"lazy\" decoding=\"async\" width=\"1024\" height=\"682\" src=\"https:\/\/esbozodeportivo.com\/wp-content\/uploads\/2025\/02\/medio5-1024x682.jpg\" alt=\"\" class=\"wp-image-5962\" srcset=\"https:\/\/esbozodeportivo.com\/wp-content\/uploads\/2025\/02\/medio5-1024x682.jpg 1024w, https:\/\/esbozodeportivo.com\/wp-content\/uploads\/2025\/02\/medio5-300x200.jpg 300w, https:\/\/esbozodeportivo.com\/wp-content\/uploads\/2025\/02\/medio5-768x512.jpg 768w, https:\/\/esbozodeportivo.com\/wp-content\/uploads\/2025\/02\/medio5-1536x1024.jpg 1536w, https:\/\/esbozodeportivo.com\/wp-content\/uploads\/2025\/02\/medio5-2048x1365.jpg 2048w\" sizes=\"auto, (max-width: 1024px) 100vw, 1024px\" \/><\/figure>\n\n\n\n<p>(Foto: Cortes\u00eda)<\/p>\n\n\n\n<p>Por lo que respecta a la rama varonil, el primer sitio fue para el et\u00edope <strong>Tadu Abate<\/strong>, quien cumpli\u00f3 la prueba con tiempo de <strong>1:02.02<\/strong>, escoltado por los <strong>kenianos Rhonzas Lokitam<\/strong> y <strong>Justus Kipkogei<\/strong>, con registros de <strong>1:02:06<\/strong> y <strong>1:02.19<\/strong>, respectivamente.<\/p>\n\n\n\n<p>Mientras que el mejor mexicano fue el corredor <strong>Jos\u00e9 Luis Santana<\/strong>, quien ocup\u00f3 la sexta plaza, con tiempo de <strong>1 hora<\/strong>, <strong>04 minutos<\/strong> y <strong>37 segundos<\/strong>, seguido por el boliviano <strong>H\u00e9ctor Garibay<\/strong>, quien tuvo una buena actuaci\u00f3n y registro de <strong>1:05.05<\/strong>.<\/p>\n\n\n\n<figure class=\"wp-block-image size-large\"><img loading=\"lazy\" decoding=\"async\" width=\"1024\" height=\"682\" src=\"https:\/\/esbozodeportivo.com\/wp-content\/uploads\/2025\/02\/medio2-1024x682.jpg\" alt=\"\" class=\"wp-image-5960\" srcset=\"https:\/\/esbozodeportivo.com\/wp-content\/uploads\/2025\/02\/medio2-1024x682.jpg 1024w, https:\/\/esbozodeportivo.com\/wp-content\/uploads\/2025\/02\/medio2-300x200.jpg 300w, https:\/\/esbozodeportivo.com\/wp-content\/uploads\/2025\/02\/medio2-768x512.jpg 768w, https:\/\/esbozodeportivo.com\/wp-content\/uploads\/2025\/02\/medio2-1536x1024.jpg 1536w, https:\/\/esbozodeportivo.com\/wp-content\/uploads\/2025\/02\/medio2-2048x1365.jpg 2048w\" sizes=\"auto, (max-width: 1024px) 100vw, 1024px\" \/><\/figure>\n\n\n\n<p>(Foto: Cortes\u00eda) <\/p>\n\n\n\n<p>Finalmente, en la rama femenil las mejores mexicanas fueron <strong>Isabel Oropeza<\/strong> y <strong>Risper Biyaki<\/strong>, quienes registraron <strong>1 hora<\/strong>, <strong>14 minutos<\/strong> y <strong>42 segundos<\/strong>, y <strong>1 hora<\/strong>, <strong>15 minutos<\/strong> y <strong>1 segundos<\/strong>.<\/p>\n\n\n\n<p>De esta manera, la <strong>Federaci\u00f3n Mexicana de Asociaciones de Atletismo<\/strong> y el <strong>Consejo Municipal del Deporte de Jalisco<\/strong>, mantienen el trabajo conjunto en la entidad para promover el atletismo.<\/p>\n\n\n\n<p>(Foto: Cortes\u00eda)<\/p>\n\n\n\n<figure class=\"wp-block-image size-large\"><img loading=\"lazy\" decoding=\"async\" width=\"1024\" height=\"682\" src=\"https:\/\/esbozodeportivo.com\/wp-content\/uploads\/2025\/02\/medio7-1024x682.jpg\" alt=\"\" class=\"wp-image-5964\" srcset=\"https:\/\/esbozodeportivo.com\/wp-content\/uploads\/2025\/02\/medio7-1024x682.jpg 1024w, https:\/\/esbozodeportivo.com\/wp-content\/uploads\/2025\/02\/medio7-300x200.jpg 300w, https:\/\/esbozodeportivo.com\/wp-content\/uploads\/2025\/02\/medio7-768x512.jpg 768w, https:\/\/esbozodeportivo.com\/wp-content\/uploads\/2025\/02\/medio7-1536x1024.jpg 1536w, https:\/\/esbozodeportivo.com\/wp-content\/uploads\/2025\/02\/medio7-2048x1365.jpg 2048w\" sizes=\"auto, (max-width: 1024px) 100vw, 1024px\" \/><\/figure>\n\n\n\n<p>(Foto: Cortes\u00eda)<\/p>\n\n\n\n<figure class=\"wp-block-image size-large\"><img loading=\"lazy\" decoding=\"async\" width=\"1024\" height=\"682\" src=\"https:\/\/esbozodeportivo.com\/wp-content\/uploads\/2025\/02\/medio6-1024x682.jpg\" alt=\"\" class=\"wp-image-5963\" srcset=\"https:\/\/esbozodeportivo.com\/wp-content\/uploads\/2025\/02\/medio6-1024x682.jpg 1024w, https:\/\/esbozodeportivo.com\/wp-content\/uploads\/2025\/02\/medio6-300x200.jpg 300w, https:\/\/esbozodeportivo.com\/wp-content\/uploads\/2025\/02\/medio6-768x512.jpg 768w, https:\/\/esbozodeportivo.com\/wp-content\/uploads\/2025\/02\/medio6-1536x1024.jpg 1536w, https:\/\/esbozodeportivo.com\/wp-content\/uploads\/2025\/02\/medio6-2048x1365.jpg 2048w\" sizes=\"auto, (max-width: 1024px) 100vw, 1024px\" \/><\/figure>\n\n\n\n<p>(Foto: Cortes\u00eda)<\/p>\n\n\n\n<figure class=\"wp-block-image size-large\"><img loading=\"lazy\" decoding=\"async\" width=\"1024\" height=\"682\" src=\"https:\/\/esbozodeportivo.com\/wp-content\/uploads\/2025\/02\/medio3-1024x682.jpg\" alt=\"\" class=\"wp-image-5961\" srcset=\"https:\/\/esbozodeportivo.com\/wp-content\/uploads\/2025\/02\/medio3-1024x682.jpg 1024w, https:\/\/esbozodeportivo.com\/wp-content\/uploads\/2025\/02\/medio3-300x200.jpg 300w, https:\/\/esbozodeportivo.com\/wp-content\/uploads\/2025\/02\/medio3-768x512.jpg 768w, https:\/\/esbozodeportivo.com\/wp-content\/uploads\/2025\/02\/medio3-1536x1024.jpg 1536w, https:\/\/esbozodeportivo.com\/wp-content\/uploads\/2025\/02\/medio3-2048x1365.jpg 2048w\" sizes=\"auto, (max-width: 1024px) 100vw, 1024px\" \/><\/figure>\n\n\n\n<p>(Foto: Cortes\u00eda) <\/p>\n\n\n\n<p><\/p>\n","protected":false},"excerpt":{"rendered":"<p>(Foto: Cortes\u00eda) La keniana July Jelagat y el et\u00edope Tadu Abate se convirtieron en los<\/p>\n","protected":false},"author":2,"featured_media":5959,"comment_status":"closed","ping_status":"open","sticky":false,"template":"","format":"standard","meta":{"_jetpack_memberships_contains_paid_content":false,"footnotes":""},"categories":[56],"tags":[],"class_list":["post-5957","post","type-post","status-publish","format-standard","has-post-thumbnail","hentry","category-media-maraton"],"yoast_head":"<!-- This site is optimized with the Yoast SEO plugin v25.7 - https:\/\/yoast.com\/wordpress\/plugins\/seo\/ -->\n<title>Se coronan July Jelagat y Tadu Abate en el Medio Marat\u00f3n de Guadalajara - Esbozo Deportivo<\/title>\n<meta name=\"description\" content=\"La keniana July Jelagat y el et\u00edope Tadu Abate se convirtieron en los campeones elite del Medio Marat\u00f3n de Guadalajara, que se corri\u00f3 este domingo por las principales avenidas de esta ciudad, que bajo la organizaci\u00f3n del Consejo Municipal del Deporte y el aval de la Federaci\u00f3n Mexicana de Asociaciones de Atletismo, reuni\u00f3 a fondistas de M\u00e9xico, Marruecos, Bahrein, Bolivia y Zimbabwe.\" \/>\n<meta name=\"robots\" content=\"index, follow, max-snippet:-1, max-image-preview:large, max-video-preview:-1\" \/>\n<link rel=\"canonical\" href=\"https:\/\/esbozodeportivo.com\/index.php\/2025\/02\/23\/se-coronan-july-jelagat-y-tadu-abate-en-el-medio-maraton-de-guadalajara\/\" \/>\n<meta property=\"og:locale\" content=\"es_MX\" \/>\n<meta property=\"og:type\" content=\"article\" \/>\n<meta property=\"og:title\" content=\"Se coronan July Jelagat y Tadu Abate en el Medio Marat\u00f3n de Guadalajara - Esbozo Deportivo\" \/>\n<meta property=\"og:description\" content=\"La keniana July Jelagat y el et\u00edope Tadu Abate se convirtieron en los campeones elite del Medio Marat\u00f3n de Guadalajara, que se corri\u00f3 este domingo por las principales avenidas de esta ciudad, que bajo la organizaci\u00f3n del Consejo Municipal del Deporte y el aval de la Federaci\u00f3n Mexicana de Asociaciones de Atletismo, reuni\u00f3 a fondistas de M\u00e9xico, Marruecos, Bahrein, Bolivia y Zimbabwe.\" \/>\n<meta property=\"og:url\" content=\"https:\/\/esbozodeportivo.com\/index.php\/2025\/02\/23\/se-coronan-july-jelagat-y-tadu-abate-en-el-medio-maraton-de-guadalajara\/\" \/>\n<meta property=\"og:site_name\" content=\"Esbozo Deportivo\" \/>\n<meta property=\"article:published_time\" content=\"2025-02-23T23:07:43+00:00\" \/>\n<meta property=\"og:image\" content=\"https:\/\/esbozodeportivo.com\/wp-content\/uploads\/2025\/02\/medio1.jpg\" \/>\n\t<meta property=\"og:image:width\" content=\"2560\" \/>\n\t<meta property=\"og:image:height\" content=\"1706\" \/>\n\t<meta property=\"og:image:type\" content=\"image\/jpeg\" \/>\n<meta name=\"author\" content=\"Javier De La Cruz\" \/>\n<meta name=\"twitter:card\" content=\"summary_large_image\" \/>\n<meta name=\"twitter:label1\" content=\"Escrito por\" \/>\n\t<meta name=\"twitter:data1\" content=\"Javier De La Cruz\" \/>\n\t<meta name=\"twitter:label2\" content=\"Tiempo de lectura\" \/>\n\t<meta name=\"twitter:data2\" content=\"3 minutos\" \/>\n<script type=\"application\/ld+json\" class=\"yoast-schema-graph\">{\"@context\":\"https:\/\/schema.org\",\"@graph\":[{\"@type\":\"Article\",\"@id\":\"https:\/\/esbozodeportivo.com\/index.php\/2025\/02\/23\/se-coronan-july-jelagat-y-tadu-abate-en-el-medio-maraton-de-guadalajara\/#article\",\"isPartOf\":{\"@id\":\"https:\/\/esbozodeportivo.com\/index.php\/2025\/02\/23\/se-coronan-july-jelagat-y-tadu-abate-en-el-medio-maraton-de-guadalajara\/\"},\"author\":{\"name\":\"Javier De La Cruz\",\"@id\":\"https:\/\/esbozodeportivo.com\/#\/schema\/person\/7277119c98823aec37bbb84e125efd44\"},\"headline\":\"Se coronan July Jelagat y Tadu Abate en el Medio Marat\u00f3n de Guadalajara\",\"datePublished\":\"2025-02-23T23:07:43+00:00\",\"mainEntityOfPage\":{\"@id\":\"https:\/\/esbozodeportivo.com\/index.php\/2025\/02\/23\/se-coronan-july-jelagat-y-tadu-abate-en-el-medio-maraton-de-guadalajara\/\"},\"wordCount\":352,\"publisher\":{\"@id\":\"https:\/\/esbozodeportivo.com\/#organization\"},\"image\":{\"@id\":\"https:\/\/esbozodeportivo.com\/index.php\/2025\/02\/23\/se-coronan-july-jelagat-y-tadu-abate-en-el-medio-maraton-de-guadalajara\/#primaryimage\"},\"thumbnailUrl\":\"https:\/\/esbozodeportivo.com\/wp-content\/uploads\/2025\/02\/medio1.jpg\",\"articleSection\":[\"Media Marat\u00f3n\"],\"inLanguage\":\"es\"},{\"@type\":\"WebPage\",\"@id\":\"https:\/\/esbozodeportivo.com\/index.php\/2025\/02\/23\/se-coronan-july-jelagat-y-tadu-abate-en-el-medio-maraton-de-guadalajara\/\",\"url\":\"https:\/\/esbozodeportivo.com\/index.php\/2025\/02\/23\/se-coronan-july-jelagat-y-tadu-abate-en-el-medio-maraton-de-guadalajara\/\",\"name\":\"Se coronan July Jelagat y Tadu Abate en el Medio Marat\u00f3n de Guadalajara - Esbozo Deportivo\",\"isPartOf\":{\"@id\":\"https:\/\/esbozodeportivo.com\/#website\"},\"primaryImageOfPage\":{\"@id\":\"https:\/\/esbozodeportivo.com\/index.php\/2025\/02\/23\/se-coronan-july-jelagat-y-tadu-abate-en-el-medio-maraton-de-guadalajara\/#primaryimage\"},\"image\":{\"@id\":\"https:\/\/esbozodeportivo.com\/index.php\/2025\/02\/23\/se-coronan-july-jelagat-y-tadu-abate-en-el-medio-maraton-de-guadalajara\/#primaryimage\"},\"thumbnailUrl\":\"https:\/\/esbozodeportivo.com\/wp-content\/uploads\/2025\/02\/medio1.jpg\",\"datePublished\":\"2025-02-23T23:07:43+00:00\",\"description\":\"La keniana July Jelagat y el et\u00edope Tadu Abate se convirtieron en los campeones elite del Medio Marat\u00f3n de Guadalajara, que se corri\u00f3 este domingo por las principales avenidas de esta ciudad, que bajo la organizaci\u00f3n del Consejo Municipal del Deporte y el aval de la Federaci\u00f3n Mexicana de Asociaciones de Atletismo, reuni\u00f3 a fondistas de M\u00e9xico, Marruecos, Bahrein, Bolivia y Zimbabwe.\",\"breadcrumb\":{\"@id\":\"https:\/\/esbozodeportivo.com\/index.php\/2025\/02\/23\/se-coronan-july-jelagat-y-tadu-abate-en-el-medio-maraton-de-guadalajara\/#breadcrumb\"},\"inLanguage\":\"es\",\"potentialAction\":[{\"@type\":\"ReadAction\",\"target\":[\"https:\/\/esbozodeportivo.com\/index.php\/2025\/02\/23\/se-coronan-july-jelagat-y-tadu-abate-en-el-medio-maraton-de-guadalajara\/\"]}]},{\"@type\":\"ImageObject\",\"inLanguage\":\"es\",\"@id\":\"https:\/\/esbozodeportivo.com\/index.php\/2025\/02\/23\/se-coronan-july-jelagat-y-tadu-abate-en-el-medio-maraton-de-guadalajara\/#primaryimage\",\"url\":\"https:\/\/esbozodeportivo.com\/wp-content\/uploads\/2025\/02\/medio1.jpg\",\"contentUrl\":\"https:\/\/esbozodeportivo.com\/wp-content\/uploads\/2025\/02\/medio1.jpg\",\"width\":2560,\"height\":1706},{\"@type\":\"BreadcrumbList\",\"@id\":\"https:\/\/esbozodeportivo.com\/index.php\/2025\/02\/23\/se-coronan-july-jelagat-y-tadu-abate-en-el-medio-maraton-de-guadalajara\/#breadcrumb\",\"itemListElement\":[{\"@type\":\"ListItem\",\"position\":1,\"name\":\"Inicio\",\"item\":\"https:\/\/esbozodeportivo.com\/\"},{\"@type\":\"ListItem\",\"position\":2,\"name\":\"Se coronan July Jelagat y Tadu Abate en el Medio Marat\u00f3n de Guadalajara\"}]},{\"@type\":\"WebSite\",\"@id\":\"https:\/\/esbozodeportivo.com\/#website\",\"url\":\"https:\/\/esbozodeportivo.com\/\",\"name\":\"Esbozo Deportivo\",\"description\":\"Lo m\u00e1s importante del Deporte\",\"publisher\":{\"@id\":\"https:\/\/esbozodeportivo.com\/#organization\"},\"potentialAction\":[{\"@type\":\"SearchAction\",\"target\":{\"@type\":\"EntryPoint\",\"urlTemplate\":\"https:\/\/esbozodeportivo.com\/?s={search_term_string}\"},\"query-input\":{\"@type\":\"PropertyValueSpecification\",\"valueRequired\":true,\"valueName\":\"search_term_string\"}}],\"inLanguage\":\"es\"},{\"@type\":\"Organization\",\"@id\":\"https:\/\/esbozodeportivo.com\/#organization\",\"name\":\"Esbozo Deportivo\",\"url\":\"https:\/\/esbozodeportivo.com\/\",\"logo\":{\"@type\":\"ImageObject\",\"inLanguage\":\"es\",\"@id\":\"https:\/\/esbozodeportivo.com\/#\/schema\/logo\/image\/\",\"url\":\"https:\/\/esbozodeportivo.com\/wp-content\/uploads\/2022\/08\/cropped-Logo-Esbozo-Web-2.png\",\"contentUrl\":\"https:\/\/esbozodeportivo.com\/wp-content\/uploads\/2022\/08\/cropped-Logo-Esbozo-Web-2.png\",\"width\":180,\"height\":50,\"caption\":\"Esbozo Deportivo\"},\"image\":{\"@id\":\"https:\/\/esbozodeportivo.com\/#\/schema\/logo\/image\/\"}},{\"@type\":\"Person\",\"@id\":\"https:\/\/esbozodeportivo.com\/#\/schema\/person\/7277119c98823aec37bbb84e125efd44\",\"name\":\"Javier De La Cruz\",\"image\":{\"@type\":\"ImageObject\",\"inLanguage\":\"es\",\"@id\":\"https:\/\/esbozodeportivo.com\/#\/schema\/person\/image\/\",\"url\":\"https:\/\/secure.gravatar.com\/avatar\/366235a56d20f1a6e8e3d0b295897639357bea880470ddf261d17bb0bc052eb1?s=96&d=mm&r=g\",\"contentUrl\":\"https:\/\/secure.gravatar.com\/avatar\/366235a56d20f1a6e8e3d0b295897639357bea880470ddf261d17bb0bc052eb1?s=96&d=mm&r=g\",\"caption\":\"Javier De La Cruz\"},\"url\":\"https:\/\/esbozodeportivo.com\/index.php\/author\/javier-de-la-cruz-de-la-cruz\/\"}]}<\/script>\n<!-- \/ Yoast SEO plugin. -->","yoast_head_json":{"title":"Se coronan July Jelagat y Tadu Abate en el Medio Marat\u00f3n de Guadalajara - Esbozo Deportivo","description":"La keniana July Jelagat y el et\u00edope Tadu Abate se convirtieron en los campeones elite del Medio Marat\u00f3n de Guadalajara, que se corri\u00f3 este domingo por las principales avenidas de esta ciudad, que bajo la organizaci\u00f3n del Consejo Municipal del Deporte y el aval de la Federaci\u00f3n Mexicana de Asociaciones de Atletismo, reuni\u00f3 a fondistas de M\u00e9xico, Marruecos, Bahrein, Bolivia y Zimbabwe.","robots":{"index":"index","follow":"follow","max-snippet":"max-snippet:-1","max-image-preview":"max-image-preview:large","max-video-preview":"max-video-preview:-1"},"canonical":"https:\/\/esbozodeportivo.com\/index.php\/2025\/02\/23\/se-coronan-july-jelagat-y-tadu-abate-en-el-medio-maraton-de-guadalajara\/","og_locale":"es_MX","og_type":"article","og_title":"Se coronan July Jelagat y Tadu Abate en el Medio Marat\u00f3n de Guadalajara - Esbozo Deportivo","og_description":"La keniana July Jelagat y el et\u00edope Tadu Abate se convirtieron en los campeones elite del Medio Marat\u00f3n de Guadalajara, que se corri\u00f3 este domingo por las principales avenidas de esta ciudad, que bajo la organizaci\u00f3n del Consejo Municipal del Deporte y el aval de la Federaci\u00f3n Mexicana de Asociaciones de Atletismo, reuni\u00f3 a fondistas de M\u00e9xico, Marruecos, Bahrein, Bolivia y Zimbabwe.","og_url":"https:\/\/esbozodeportivo.com\/index.php\/2025\/02\/23\/se-coronan-july-jelagat-y-tadu-abate-en-el-medio-maraton-de-guadalajara\/","og_site_name":"Esbozo Deportivo","article_published_time":"2025-02-23T23:07:43+00:00","og_image":[{"width":2560,"height":1706,"url":"https:\/\/esbozodeportivo.com\/wp-content\/uploads\/2025\/02\/medio1.jpg","type":"image\/jpeg"}],"author":"Javier De La Cruz","twitter_card":"summary_large_image","twitter_misc":{"Escrito por":"Javier De La Cruz","Tiempo de lectura":"3 minutos"},"schema":{"@context":"https:\/\/schema.org","@graph":[{"@type":"Article","@id":"https:\/\/esbozodeportivo.com\/index.php\/2025\/02\/23\/se-coronan-july-jelagat-y-tadu-abate-en-el-medio-maraton-de-guadalajara\/#article","isPartOf":{"@id":"https:\/\/esbozodeportivo.com\/index.php\/2025\/02\/23\/se-coronan-july-jelagat-y-tadu-abate-en-el-medio-maraton-de-guadalajara\/"},"author":{"name":"Javier De La Cruz","@id":"https:\/\/esbozodeportivo.com\/#\/schema\/person\/7277119c98823aec37bbb84e125efd44"},"headline":"Se coronan July Jelagat y Tadu Abate en el Medio Marat\u00f3n de Guadalajara","datePublished":"2025-02-23T23:07:43+00:00","mainEntityOfPage":{"@id":"https:\/\/esbozodeportivo.com\/index.php\/2025\/02\/23\/se-coronan-july-jelagat-y-tadu-abate-en-el-medio-maraton-de-guadalajara\/"},"wordCount":352,"publisher":{"@id":"https:\/\/esbozodeportivo.com\/#organization"},"image":{"@id":"https:\/\/esbozodeportivo.com\/index.php\/2025\/02\/23\/se-coronan-july-jelagat-y-tadu-abate-en-el-medio-maraton-de-guadalajara\/#primaryimage"},"thumbnailUrl":"https:\/\/esbozodeportivo.com\/wp-content\/uploads\/2025\/02\/medio1.jpg","articleSection":["Media Marat\u00f3n"],"inLanguage":"es"},{"@type":"WebPage","@id":"https:\/\/esbozodeportivo.com\/index.php\/2025\/02\/23\/se-coronan-july-jelagat-y-tadu-abate-en-el-medio-maraton-de-guadalajara\/","url":"https:\/\/esbozodeportivo.com\/index.php\/2025\/02\/23\/se-coronan-july-jelagat-y-tadu-abate-en-el-medio-maraton-de-guadalajara\/","name":"Se coronan July Jelagat y Tadu Abate en el Medio Marat\u00f3n de Guadalajara - Esbozo Deportivo","isPartOf":{"@id":"https:\/\/esbozodeportivo.com\/#website"},"primaryImageOfPage":{"@id":"https:\/\/esbozodeportivo.com\/index.php\/2025\/02\/23\/se-coronan-july-jelagat-y-tadu-abate-en-el-medio-maraton-de-guadalajara\/#primaryimage"},"image":{"@id":"https:\/\/esbozodeportivo.com\/index.php\/2025\/02\/23\/se-coronan-july-jelagat-y-tadu-abate-en-el-medio-maraton-de-guadalajara\/#primaryimage"},"thumbnailUrl":"https:\/\/esbozodeportivo.com\/wp-content\/uploads\/2025\/02\/medio1.jpg","datePublished":"2025-02-23T23:07:43+00:00","description":"La keniana July Jelagat y el et\u00edope Tadu Abate se convirtieron en los campeones elite del Medio Marat\u00f3n de Guadalajara, que se corri\u00f3 este domingo por las principales avenidas de esta ciudad, que bajo la organizaci\u00f3n del Consejo Municipal del Deporte y el aval de la Federaci\u00f3n Mexicana de Asociaciones de Atletismo, reuni\u00f3 a fondistas de M\u00e9xico, Marruecos, Bahrein, Bolivia y Zimbabwe.","breadcrumb":{"@id":"https:\/\/esbozodeportivo.com\/index.php\/2025\/02\/23\/se-coronan-july-jelagat-y-tadu-abate-en-el-medio-maraton-de-guadalajara\/#breadcrumb"},"inLanguage":"es","potentialAction":[{"@type":"ReadAction","target":["https:\/\/esbozodeportivo.com\/index.php\/2025\/02\/23\/se-coronan-july-jelagat-y-tadu-abate-en-el-medio-maraton-de-guadalajara\/"]}]},{"@type":"ImageObject","inLanguage":"es","@id":"https:\/\/esbozodeportivo.com\/index.php\/2025\/02\/23\/se-coronan-july-jelagat-y-tadu-abate-en-el-medio-maraton-de-guadalajara\/#primaryimage","url":"https:\/\/esbozodeportivo.com\/wp-content\/uploads\/2025\/02\/medio1.jpg","contentUrl":"https:\/\/esbozodeportivo.com\/wp-content\/uploads\/2025\/02\/medio1.jpg","width":2560,"height":1706},{"@type":"BreadcrumbList","@id":"https:\/\/esbozodeportivo.com\/index.php\/2025\/02\/23\/se-coronan-july-jelagat-y-tadu-abate-en-el-medio-maraton-de-guadalajara\/#breadcrumb","itemListElement":[{"@type":"ListItem","position":1,"name":"Inicio","item":"https:\/\/esbozodeportivo.com\/"},{"@type":"ListItem","position":2,"name":"Se coronan July Jelagat y Tadu Abate en el Medio Marat\u00f3n de Guadalajara"}]},{"@type":"WebSite","@id":"https:\/\/esbozodeportivo.com\/#website","url":"https:\/\/esbozodeportivo.com\/","name":"Esbozo Deportivo","description":"Lo m\u00e1s importante del Deporte","publisher":{"@id":"https:\/\/esbozodeportivo.com\/#organization"},"potentialAction":[{"@type":"SearchAction","target":{"@type":"EntryPoint","urlTemplate":"https:\/\/esbozodeportivo.com\/?s={search_term_string}"},"query-input":{"@type":"PropertyValueSpecification","valueRequired":true,"valueName":"search_term_string"}}],"inLanguage":"es"},{"@type":"Organization","@id":"https:\/\/esbozodeportivo.com\/#organization","name":"Esbozo Deportivo","url":"https:\/\/esbozodeportivo.com\/","logo":{"@type":"ImageObject","inLanguage":"es","@id":"https:\/\/esbozodeportivo.com\/#\/schema\/logo\/image\/","url":"https:\/\/esbozodeportivo.com\/wp-content\/uploads\/2022\/08\/cropped-Logo-Esbozo-Web-2.png","contentUrl":"https:\/\/esbozodeportivo.com\/wp-content\/uploads\/2022\/08\/cropped-Logo-Esbozo-Web-2.png","width":180,"height":50,"caption":"Esbozo Deportivo"},"image":{"@id":"https:\/\/esbozodeportivo.com\/#\/schema\/logo\/image\/"}},{"@type":"Person","@id":"https:\/\/esbozodeportivo.com\/#\/schema\/person\/7277119c98823aec37bbb84e125efd44","name":"Javier De La Cruz","image":{"@type":"ImageObject","inLanguage":"es","@id":"https:\/\/esbozodeportivo.com\/#\/schema\/person\/image\/","url":"https:\/\/secure.gravatar.com\/avatar\/366235a56d20f1a6e8e3d0b295897639357bea880470ddf261d17bb0bc052eb1?s=96&d=mm&r=g","contentUrl":"https:\/\/secure.gravatar.com\/avatar\/366235a56d20f1a6e8e3d0b295897639357bea880470ddf261d17bb0bc052eb1?s=96&d=mm&r=g","caption":"Javier De La Cruz"},"url":"https:\/\/esbozodeportivo.com\/index.php\/author\/javier-de-la-cruz-de-la-cruz\/"}]}},"jetpack_featured_media_url":"https:\/\/esbozodeportivo.com\/wp-content\/uploads\/2025\/02\/medio1.jpg","jetpack_sharing_enabled":true,"_links":{"self":[{"href":"https:\/\/esbozodeportivo.com\/index.php\/wp-json\/wp\/v2\/posts\/5957","targetHints":{"allow":["GET"]}}],"collection":[{"href":"https:\/\/esbozodeportivo.com\/index.php\/wp-json\/wp\/v2\/posts"}],"about":[{"href":"https:\/\/esbozodeportivo.com\/index.php\/wp-json\/wp\/v2\/types\/post"}],"author":[{"embeddable":true,"href":"https:\/\/esbozodeportivo.com\/index.php\/wp-json\/wp\/v2\/users\/2"}],"replies":[{"embeddable":true,"href":"https:\/\/esbozodeportivo.com\/index.php\/wp-json\/wp\/v2\/comments?post=5957"}],"version-history":[{"count":1,"href":"https:\/\/esbozodeportivo.com\/index.php\/wp-json\/wp\/v2\/posts\/5957\/revisions"}],"predecessor-version":[{"id":5966,"href":"https:\/\/esbozodeportivo.com\/index.php\/wp-json\/wp\/v2\/posts\/5957\/revisions\/5966"}],"wp:featuredmedia":[{"embeddable":true,"href":"https:\/\/esbozodeportivo.com\/index.php\/wp-json\/wp\/v2\/media\/5959"}],"wp:attachment":[{"href":"https:\/\/esbozodeportivo.com\/index.php\/wp-json\/wp\/v2\/media?parent=5957"}],"wp:term":[{"taxonomy":"category","embeddable":true,"href":"https:\/\/esbozodeportivo.com\/index.php\/wp-json\/wp\/v2\/categories?post=5957"},{"taxonomy":"post_tag","embeddable":true,"href":"https:\/\/esbozodeportivo.com\/index.php\/wp-json\/wp\/v2\/tags?post=5957"}],"curies":[{"name":"wp","href":"https:\/\/api.w.org\/{rel}","templated":true}]}}