{"id":5982,"date":"2025-02-24T02:33:58","date_gmt":"2025-02-24T02:33:58","guid":{"rendered":"https:\/\/esbozodeportivo.com\/?p=5982"},"modified":"2025-02-24T02:33:59","modified_gmt":"2025-02-24T02:33:59","slug":"bronce-para-mexico-en-copa-del-mundo-de-gimnasia-de-trampolin","status":"publish","type":"post","link":"https:\/\/esbozodeportivo.com\/index.php\/2025\/02\/24\/bronce-para-mexico-en-copa-del-mundo-de-gimnasia-de-trampolin\/","title":{"rendered":"Bronce para M\u00e9xico en Copa del Mundo de Gimnasia de Trampol\u00edn"},"content":{"rendered":"\n<p>(Foto: Conade) <\/p>\n\n\n\n<p>Los seleccionados nacionales <strong>Donovan Guevara<\/strong> y <strong>Aldo Z\u00fa\u00f1iga<\/strong> lograron este domingo la medalla de bronce en la prueba sincronizado varonil dentro de&nbsp;la <strong>Copa del Mundo de Gimnasia de Trampol\u00edn en Bak\u00fa<\/strong>, <strong>Azerbaiy\u00e1n<\/strong>.<\/p>\n\n\n\n<p>La dupla jalisciense finaliz\u00f3 en el tercer lugar de la modalidad con un acumulado de <strong>48.650 puntos<\/strong>, solo por debajo de la pareja japonesa, que ocup\u00f3 el primer sitio con <strong>51.540<\/strong>, seguido de <strong>Kazajist\u00e1n <\/strong>con <strong>50.950<\/strong> unidades.<\/p>\n\n\n\n<p><strong>Donovan Guevara<\/strong> y <strong>Aldo Z\u00fa\u00f1iga<\/strong> tuvieron una destacada actuaci\u00f3n en el certamen al ubicarse en el noveno lugar de la fase clasificatoria con <strong>28.090 puntos<\/strong>, que les permiti\u00f3 avanzar a la final, donde lograron subir al podio.<\/p>\n\n\n\n<p>De manera individual, <strong>Z\u00fa\u00f1iga<\/strong> se ubic\u00f3 en el lugar 20 con 54.150 puntos, mientras que <strong>Guevara<\/strong> ocup\u00f3 lo posici\u00f3n 25 con un registro de 50.100, qued\u00e1ndose ambos en la primera fase de la competencia.<\/p>\n\n\n\n<p>Para la dupla de gimnastas, multimedallistas en los <strong>Nacionales CONADE<\/strong>, esta <strong>Copa del Mundo<\/strong> signific\u00f3 su primera competencia del a\u00f1o con miras a sumar puntos para obtener su pase a los <strong>Juegos Panamericanos Junior Asunci\u00f3n 2025<\/strong>.<\/p>\n\n\n\n<p><\/p>\n","protected":false},"excerpt":{"rendered":"<p>(Foto: Conade) Los seleccionados nacionales Donovan Guevara y Aldo Z\u00fa\u00f1iga lograron este domingo la medalla<\/p>\n","protected":false},"author":2,"featured_media":5980,"comment_status":"closed","ping_status":"open","sticky":false,"template":"","format":"standard","meta":{"_jetpack_memberships_contains_paid_content":false,"footnotes":""},"categories":[5],"tags":[],"class_list":["post-5982","post","type-post","status-publish","format-standard","has-post-thumbnail","hentry","category-amateur"],"yoast_head":"<!-- This site is optimized with the Yoast SEO plugin v25.7 - https:\/\/yoast.com\/wordpress\/plugins\/seo\/ -->\n<title>Bronce para M\u00e9xico en Copa del Mundo de Gimnasia de Trampol\u00edn - Esbozo Deportivo<\/title>\n<meta name=\"description\" content=\"Los seleccionados nacionales Donovan Guevara y Aldo Z\u00fa\u00f1iga lograron este domingo la medalla de bronce en la prueba sincronizado varonil dentro de\u00a0la Copa del Mundo de Gimnasia de Trampol\u00edn en Bak\u00fa, Azerbaiy\u00e1n.\" \/>\n<meta name=\"robots\" content=\"index, follow, max-snippet:-1, max-image-preview:large, max-video-preview:-1\" \/>\n<link rel=\"canonical\" href=\"https:\/\/esbozodeportivo.com\/index.php\/2025\/02\/24\/bronce-para-mexico-en-copa-del-mundo-de-gimnasia-de-trampolin\/\" \/>\n<meta property=\"og:locale\" content=\"es_MX\" \/>\n<meta property=\"og:type\" content=\"article\" \/>\n<meta property=\"og:title\" content=\"Bronce para M\u00e9xico en Copa del Mundo de Gimnasia de Trampol\u00edn - Esbozo Deportivo\" \/>\n<meta property=\"og:description\" content=\"Los seleccionados nacionales Donovan Guevara y Aldo Z\u00fa\u00f1iga lograron este domingo la medalla de bronce en la prueba sincronizado varonil dentro de\u00a0la Copa del Mundo de Gimnasia de Trampol\u00edn en Bak\u00fa, Azerbaiy\u00e1n.\" \/>\n<meta property=\"og:url\" content=\"https:\/\/esbozodeportivo.com\/index.php\/2025\/02\/24\/bronce-para-mexico-en-copa-del-mundo-de-gimnasia-de-trampolin\/\" \/>\n<meta property=\"og:site_name\" content=\"Esbozo Deportivo\" \/>\n<meta property=\"article:published_time\" content=\"2025-02-24T02:33:58+00:00\" \/>\n<meta property=\"article:modified_time\" content=\"2025-02-24T02:33:59+00:00\" \/>\n<meta property=\"og:image\" content=\"https:\/\/esbozodeportivo.com\/wp-content\/uploads\/2025\/02\/Trampolin.jpg\" \/>\n\t<meta property=\"og:image:width\" content=\"1200\" \/>\n\t<meta property=\"og:image:height\" content=\"1062\" \/>\n\t<meta property=\"og:image:type\" content=\"image\/jpeg\" \/>\n<meta name=\"author\" content=\"Javier De La Cruz\" \/>\n<meta name=\"twitter:card\" content=\"summary_large_image\" \/>\n<meta name=\"twitter:label1\" content=\"Escrito por\" \/>\n\t<meta name=\"twitter:data1\" content=\"Javier De La Cruz\" \/>\n\t<meta name=\"twitter:label2\" content=\"Tiempo de lectura\" \/>\n\t<meta name=\"twitter:data2\" content=\"2 minutos\" \/>\n<script type=\"application\/ld+json\" class=\"yoast-schema-graph\">{\"@context\":\"https:\/\/schema.org\",\"@graph\":[{\"@type\":\"Article\",\"@id\":\"https:\/\/esbozodeportivo.com\/index.php\/2025\/02\/24\/bronce-para-mexico-en-copa-del-mundo-de-gimnasia-de-trampolin\/#article\",\"isPartOf\":{\"@id\":\"https:\/\/esbozodeportivo.com\/index.php\/2025\/02\/24\/bronce-para-mexico-en-copa-del-mundo-de-gimnasia-de-trampolin\/\"},\"author\":{\"name\":\"Javier De La Cruz\",\"@id\":\"https:\/\/esbozodeportivo.com\/#\/schema\/person\/7277119c98823aec37bbb84e125efd44\"},\"headline\":\"Bronce para M\u00e9xico en Copa del Mundo de Gimnasia de Trampol\u00edn\",\"datePublished\":\"2025-02-24T02:33:58+00:00\",\"dateModified\":\"2025-02-24T02:33:59+00:00\",\"mainEntityOfPage\":{\"@id\":\"https:\/\/esbozodeportivo.com\/index.php\/2025\/02\/24\/bronce-para-mexico-en-copa-del-mundo-de-gimnasia-de-trampolin\/\"},\"wordCount\":195,\"publisher\":{\"@id\":\"https:\/\/esbozodeportivo.com\/#organization\"},\"image\":{\"@id\":\"https:\/\/esbozodeportivo.com\/index.php\/2025\/02\/24\/bronce-para-mexico-en-copa-del-mundo-de-gimnasia-de-trampolin\/#primaryimage\"},\"thumbnailUrl\":\"https:\/\/esbozodeportivo.com\/wp-content\/uploads\/2025\/02\/Trampolin.jpg\",\"articleSection\":[\"Amateur\"],\"inLanguage\":\"es\"},{\"@type\":\"WebPage\",\"@id\":\"https:\/\/esbozodeportivo.com\/index.php\/2025\/02\/24\/bronce-para-mexico-en-copa-del-mundo-de-gimnasia-de-trampolin\/\",\"url\":\"https:\/\/esbozodeportivo.com\/index.php\/2025\/02\/24\/bronce-para-mexico-en-copa-del-mundo-de-gimnasia-de-trampolin\/\",\"name\":\"Bronce para M\u00e9xico en Copa del Mundo de Gimnasia de Trampol\u00edn - Esbozo Deportivo\",\"isPartOf\":{\"@id\":\"https:\/\/esbozodeportivo.com\/#website\"},\"primaryImageOfPage\":{\"@id\":\"https:\/\/esbozodeportivo.com\/index.php\/2025\/02\/24\/bronce-para-mexico-en-copa-del-mundo-de-gimnasia-de-trampolin\/#primaryimage\"},\"image\":{\"@id\":\"https:\/\/esbozodeportivo.com\/index.php\/2025\/02\/24\/bronce-para-mexico-en-copa-del-mundo-de-gimnasia-de-trampolin\/#primaryimage\"},\"thumbnailUrl\":\"https:\/\/esbozodeportivo.com\/wp-content\/uploads\/2025\/02\/Trampolin.jpg\",\"datePublished\":\"2025-02-24T02:33:58+00:00\",\"dateModified\":\"2025-02-24T02:33:59+00:00\",\"description\":\"Los seleccionados nacionales Donovan Guevara y Aldo Z\u00fa\u00f1iga lograron este domingo la medalla de bronce en la prueba sincronizado varonil dentro de\u00a0la Copa del Mundo de Gimnasia de Trampol\u00edn en Bak\u00fa, Azerbaiy\u00e1n.\",\"breadcrumb\":{\"@id\":\"https:\/\/esbozodeportivo.com\/index.php\/2025\/02\/24\/bronce-para-mexico-en-copa-del-mundo-de-gimnasia-de-trampolin\/#breadcrumb\"},\"inLanguage\":\"es\",\"potentialAction\":[{\"@type\":\"ReadAction\",\"target\":[\"https:\/\/esbozodeportivo.com\/index.php\/2025\/02\/24\/bronce-para-mexico-en-copa-del-mundo-de-gimnasia-de-trampolin\/\"]}]},{\"@type\":\"ImageObject\",\"inLanguage\":\"es\",\"@id\":\"https:\/\/esbozodeportivo.com\/index.php\/2025\/02\/24\/bronce-para-mexico-en-copa-del-mundo-de-gimnasia-de-trampolin\/#primaryimage\",\"url\":\"https:\/\/esbozodeportivo.com\/wp-content\/uploads\/2025\/02\/Trampolin.jpg\",\"contentUrl\":\"https:\/\/esbozodeportivo.com\/wp-content\/uploads\/2025\/02\/Trampolin.jpg\",\"width\":1200,\"height\":1062},{\"@type\":\"BreadcrumbList\",\"@id\":\"https:\/\/esbozodeportivo.com\/index.php\/2025\/02\/24\/bronce-para-mexico-en-copa-del-mundo-de-gimnasia-de-trampolin\/#breadcrumb\",\"itemListElement\":[{\"@type\":\"ListItem\",\"position\":1,\"name\":\"Inicio\",\"item\":\"https:\/\/esbozodeportivo.com\/\"},{\"@type\":\"ListItem\",\"position\":2,\"name\":\"Bronce para M\u00e9xico en Copa del Mundo de Gimnasia de Trampol\u00edn\"}]},{\"@type\":\"WebSite\",\"@id\":\"https:\/\/esbozodeportivo.com\/#website\",\"url\":\"https:\/\/esbozodeportivo.com\/\",\"name\":\"Esbozo Deportivo\",\"description\":\"Lo m\u00e1s importante del Deporte\",\"publisher\":{\"@id\":\"https:\/\/esbozodeportivo.com\/#organization\"},\"potentialAction\":[{\"@type\":\"SearchAction\",\"target\":{\"@type\":\"EntryPoint\",\"urlTemplate\":\"https:\/\/esbozodeportivo.com\/?s={search_term_string}\"},\"query-input\":{\"@type\":\"PropertyValueSpecification\",\"valueRequired\":true,\"valueName\":\"search_term_string\"}}],\"inLanguage\":\"es\"},{\"@type\":\"Organization\",\"@id\":\"https:\/\/esbozodeportivo.com\/#organization\",\"name\":\"Esbozo Deportivo\",\"url\":\"https:\/\/esbozodeportivo.com\/\",\"logo\":{\"@type\":\"ImageObject\",\"inLanguage\":\"es\",\"@id\":\"https:\/\/esbozodeportivo.com\/#\/schema\/logo\/image\/\",\"url\":\"https:\/\/esbozodeportivo.com\/wp-content\/uploads\/2022\/08\/cropped-Logo-Esbozo-Web-2.png\",\"contentUrl\":\"https:\/\/esbozodeportivo.com\/wp-content\/uploads\/2022\/08\/cropped-Logo-Esbozo-Web-2.png\",\"width\":180,\"height\":50,\"caption\":\"Esbozo Deportivo\"},\"image\":{\"@id\":\"https:\/\/esbozodeportivo.com\/#\/schema\/logo\/image\/\"}},{\"@type\":\"Person\",\"@id\":\"https:\/\/esbozodeportivo.com\/#\/schema\/person\/7277119c98823aec37bbb84e125efd44\",\"name\":\"Javier De La Cruz\",\"image\":{\"@type\":\"ImageObject\",\"inLanguage\":\"es\",\"@id\":\"https:\/\/esbozodeportivo.com\/#\/schema\/person\/image\/\",\"url\":\"https:\/\/secure.gravatar.com\/avatar\/366235a56d20f1a6e8e3d0b295897639357bea880470ddf261d17bb0bc052eb1?s=96&d=mm&r=g\",\"contentUrl\":\"https:\/\/secure.gravatar.com\/avatar\/366235a56d20f1a6e8e3d0b295897639357bea880470ddf261d17bb0bc052eb1?s=96&d=mm&r=g\",\"caption\":\"Javier De La Cruz\"},\"url\":\"https:\/\/esbozodeportivo.com\/index.php\/author\/javier-de-la-cruz-de-la-cruz\/\"}]}<\/script>\n<!-- \/ Yoast SEO plugin. -->","yoast_head_json":{"title":"Bronce para M\u00e9xico en Copa del Mundo de Gimnasia de Trampol\u00edn - Esbozo Deportivo","description":"Los seleccionados nacionales Donovan Guevara y Aldo Z\u00fa\u00f1iga lograron este domingo la medalla de bronce en la prueba sincronizado varonil dentro de\u00a0la Copa del Mundo de Gimnasia de Trampol\u00edn en Bak\u00fa, Azerbaiy\u00e1n.","robots":{"index":"index","follow":"follow","max-snippet":"max-snippet:-1","max-image-preview":"max-image-preview:large","max-video-preview":"max-video-preview:-1"},"canonical":"https:\/\/esbozodeportivo.com\/index.php\/2025\/02\/24\/bronce-para-mexico-en-copa-del-mundo-de-gimnasia-de-trampolin\/","og_locale":"es_MX","og_type":"article","og_title":"Bronce para M\u00e9xico en Copa del Mundo de Gimnasia de Trampol\u00edn - Esbozo Deportivo","og_description":"Los seleccionados nacionales Donovan Guevara y Aldo Z\u00fa\u00f1iga lograron este domingo la medalla de bronce en la prueba sincronizado varonil dentro de\u00a0la Copa del Mundo de Gimnasia de Trampol\u00edn en Bak\u00fa, Azerbaiy\u00e1n.","og_url":"https:\/\/esbozodeportivo.com\/index.php\/2025\/02\/24\/bronce-para-mexico-en-copa-del-mundo-de-gimnasia-de-trampolin\/","og_site_name":"Esbozo Deportivo","article_published_time":"2025-02-24T02:33:58+00:00","article_modified_time":"2025-02-24T02:33:59+00:00","og_image":[{"width":1200,"height":1062,"url":"https:\/\/esbozodeportivo.com\/wp-content\/uploads\/2025\/02\/Trampolin.jpg","type":"image\/jpeg"}],"author":"Javier De La Cruz","twitter_card":"summary_large_image","twitter_misc":{"Escrito por":"Javier De La Cruz","Tiempo de lectura":"2 minutos"},"schema":{"@context":"https:\/\/schema.org","@graph":[{"@type":"Article","@id":"https:\/\/esbozodeportivo.com\/index.php\/2025\/02\/24\/bronce-para-mexico-en-copa-del-mundo-de-gimnasia-de-trampolin\/#article","isPartOf":{"@id":"https:\/\/esbozodeportivo.com\/index.php\/2025\/02\/24\/bronce-para-mexico-en-copa-del-mundo-de-gimnasia-de-trampolin\/"},"author":{"name":"Javier De La Cruz","@id":"https:\/\/esbozodeportivo.com\/#\/schema\/person\/7277119c98823aec37bbb84e125efd44"},"headline":"Bronce para M\u00e9xico en Copa del Mundo de Gimnasia de Trampol\u00edn","datePublished":"2025-02-24T02:33:58+00:00","dateModified":"2025-02-24T02:33:59+00:00","mainEntityOfPage":{"@id":"https:\/\/esbozodeportivo.com\/index.php\/2025\/02\/24\/bronce-para-mexico-en-copa-del-mundo-de-gimnasia-de-trampolin\/"},"wordCount":195,"publisher":{"@id":"https:\/\/esbozodeportivo.com\/#organization"},"image":{"@id":"https:\/\/esbozodeportivo.com\/index.php\/2025\/02\/24\/bronce-para-mexico-en-copa-del-mundo-de-gimnasia-de-trampolin\/#primaryimage"},"thumbnailUrl":"https:\/\/esbozodeportivo.com\/wp-content\/uploads\/2025\/02\/Trampolin.jpg","articleSection":["Amateur"],"inLanguage":"es"},{"@type":"WebPage","@id":"https:\/\/esbozodeportivo.com\/index.php\/2025\/02\/24\/bronce-para-mexico-en-copa-del-mundo-de-gimnasia-de-trampolin\/","url":"https:\/\/esbozodeportivo.com\/index.php\/2025\/02\/24\/bronce-para-mexico-en-copa-del-mundo-de-gimnasia-de-trampolin\/","name":"Bronce para M\u00e9xico en Copa del Mundo de Gimnasia de Trampol\u00edn - Esbozo Deportivo","isPartOf":{"@id":"https:\/\/esbozodeportivo.com\/#website"},"primaryImageOfPage":{"@id":"https:\/\/esbozodeportivo.com\/index.php\/2025\/02\/24\/bronce-para-mexico-en-copa-del-mundo-de-gimnasia-de-trampolin\/#primaryimage"},"image":{"@id":"https:\/\/esbozodeportivo.com\/index.php\/2025\/02\/24\/bronce-para-mexico-en-copa-del-mundo-de-gimnasia-de-trampolin\/#primaryimage"},"thumbnailUrl":"https:\/\/esbozodeportivo.com\/wp-content\/uploads\/2025\/02\/Trampolin.jpg","datePublished":"2025-02-24T02:33:58+00:00","dateModified":"2025-02-24T02:33:59+00:00","description":"Los seleccionados nacionales Donovan Guevara y Aldo Z\u00fa\u00f1iga lograron este domingo la medalla de bronce en la prueba sincronizado varonil dentro de\u00a0la Copa del Mundo de Gimnasia de Trampol\u00edn en Bak\u00fa, Azerbaiy\u00e1n.","breadcrumb":{"@id":"https:\/\/esbozodeportivo.com\/index.php\/2025\/02\/24\/bronce-para-mexico-en-copa-del-mundo-de-gimnasia-de-trampolin\/#breadcrumb"},"inLanguage":"es","potentialAction":[{"@type":"ReadAction","target":["https:\/\/esbozodeportivo.com\/index.php\/2025\/02\/24\/bronce-para-mexico-en-copa-del-mundo-de-gimnasia-de-trampolin\/"]}]},{"@type":"ImageObject","inLanguage":"es","@id":"https:\/\/esbozodeportivo.com\/index.php\/2025\/02\/24\/bronce-para-mexico-en-copa-del-mundo-de-gimnasia-de-trampolin\/#primaryimage","url":"https:\/\/esbozodeportivo.com\/wp-content\/uploads\/2025\/02\/Trampolin.jpg","contentUrl":"https:\/\/esbozodeportivo.com\/wp-content\/uploads\/2025\/02\/Trampolin.jpg","width":1200,"height":1062},{"@type":"BreadcrumbList","@id":"https:\/\/esbozodeportivo.com\/index.php\/2025\/02\/24\/bronce-para-mexico-en-copa-del-mundo-de-gimnasia-de-trampolin\/#breadcrumb","itemListElement":[{"@type":"ListItem","position":1,"name":"Inicio","item":"https:\/\/esbozodeportivo.com\/"},{"@type":"ListItem","position":2,"name":"Bronce para M\u00e9xico en Copa del Mundo de Gimnasia de Trampol\u00edn"}]},{"@type":"WebSite","@id":"https:\/\/esbozodeportivo.com\/#website","url":"https:\/\/esbozodeportivo.com\/","name":"Esbozo Deportivo","description":"Lo m\u00e1s importante del Deporte","publisher":{"@id":"https:\/\/esbozodeportivo.com\/#organization"},"potentialAction":[{"@type":"SearchAction","target":{"@type":"EntryPoint","urlTemplate":"https:\/\/esbozodeportivo.com\/?s={search_term_string}"},"query-input":{"@type":"PropertyValueSpecification","valueRequired":true,"valueName":"search_term_string"}}],"inLanguage":"es"},{"@type":"Organization","@id":"https:\/\/esbozodeportivo.com\/#organization","name":"Esbozo Deportivo","url":"https:\/\/esbozodeportivo.com\/","logo":{"@type":"ImageObject","inLanguage":"es","@id":"https:\/\/esbozodeportivo.com\/#\/schema\/logo\/image\/","url":"https:\/\/esbozodeportivo.com\/wp-content\/uploads\/2022\/08\/cropped-Logo-Esbozo-Web-2.png","contentUrl":"https:\/\/esbozodeportivo.com\/wp-content\/uploads\/2022\/08\/cropped-Logo-Esbozo-Web-2.png","width":180,"height":50,"caption":"Esbozo Deportivo"},"image":{"@id":"https:\/\/esbozodeportivo.com\/#\/schema\/logo\/image\/"}},{"@type":"Person","@id":"https:\/\/esbozodeportivo.com\/#\/schema\/person\/7277119c98823aec37bbb84e125efd44","name":"Javier De La Cruz","image":{"@type":"ImageObject","inLanguage":"es","@id":"https:\/\/esbozodeportivo.com\/#\/schema\/person\/image\/","url":"https:\/\/secure.gravatar.com\/avatar\/366235a56d20f1a6e8e3d0b295897639357bea880470ddf261d17bb0bc052eb1?s=96&d=mm&r=g","contentUrl":"https:\/\/secure.gravatar.com\/avatar\/366235a56d20f1a6e8e3d0b295897639357bea880470ddf261d17bb0bc052eb1?s=96&d=mm&r=g","caption":"Javier De La Cruz"},"url":"https:\/\/esbozodeportivo.com\/index.php\/author\/javier-de-la-cruz-de-la-cruz\/"}]}},"jetpack_featured_media_url":"https:\/\/esbozodeportivo.com\/wp-content\/uploads\/2025\/02\/Trampolin.jpg","jetpack_sharing_enabled":true,"_links":{"self":[{"href":"https:\/\/esbozodeportivo.com\/index.php\/wp-json\/wp\/v2\/posts\/5982","targetHints":{"allow":["GET"]}}],"collection":[{"href":"https:\/\/esbozodeportivo.com\/index.php\/wp-json\/wp\/v2\/posts"}],"about":[{"href":"https:\/\/esbozodeportivo.com\/index.php\/wp-json\/wp\/v2\/types\/post"}],"author":[{"embeddable":true,"href":"https:\/\/esbozodeportivo.com\/index.php\/wp-json\/wp\/v2\/users\/2"}],"replies":[{"embeddable":true,"href":"https:\/\/esbozodeportivo.com\/index.php\/wp-json\/wp\/v2\/comments?post=5982"}],"version-history":[{"count":1,"href":"https:\/\/esbozodeportivo.com\/index.php\/wp-json\/wp\/v2\/posts\/5982\/revisions"}],"predecessor-version":[{"id":5983,"href":"https:\/\/esbozodeportivo.com\/index.php\/wp-json\/wp\/v2\/posts\/5982\/revisions\/5983"}],"wp:featuredmedia":[{"embeddable":true,"href":"https:\/\/esbozodeportivo.com\/index.php\/wp-json\/wp\/v2\/media\/5980"}],"wp:attachment":[{"href":"https:\/\/esbozodeportivo.com\/index.php\/wp-json\/wp\/v2\/media?parent=5982"}],"wp:term":[{"taxonomy":"category","embeddable":true,"href":"https:\/\/esbozodeportivo.com\/index.php\/wp-json\/wp\/v2\/categories?post=5982"},{"taxonomy":"post_tag","embeddable":true,"href":"https:\/\/esbozodeportivo.com\/index.php\/wp-json\/wp\/v2\/tags?post=5982"}],"curies":[{"name":"wp","href":"https:\/\/api.w.org\/{rel}","templated":true}]}}