{"id":5984,"date":"2025-02-24T02:40:35","date_gmt":"2025-02-24T02:40:35","guid":{"rendered":"https:\/\/esbozodeportivo.com\/?p=5984"},"modified":"2025-02-24T02:40:36","modified_gmt":"2025-02-24T02:40:36","slug":"acuatica-nelsonvargas-logra-la-primera-posicion-de-la-2-copa-internacional-de-veracruz","status":"publish","type":"post","link":"https:\/\/esbozodeportivo.com\/index.php\/2025\/02\/24\/acuatica-nelsonvargas-logra-la-primera-posicion-de-la-2-copa-internacional-de-veracruz\/","title":{"rendered":"ACU\u00c1TICA NELSONVARGAS LOGRA LA PRIMERA POSICI\u00d3N DE LA 2\u00b0 COPA INTERNACIONAL DE VERACRUZ"},"content":{"rendered":"\n<p><strong>Andr\u00e9s Puente<\/strong> <strong>(Foto: acu\u00e1ticanelsonvargas)<\/strong><\/p>\n\n\n\n<p>Hace pocos minutos concluy\u00f3 la 2\u00b0 <strong>Copa Internacional de Veracruz<\/strong>, evento que cont\u00f3 con la participaci\u00f3n de 750 nadadores de 63 clubes, quienes ratificaron el trabajo intenso que se viene haciendo en los diferentes estados en pro de la nataci\u00f3n mexicana. En esta ocasi\u00f3n, <strong>acu\u00e1tica nelsonvargas<\/strong> se posicion\u00f3 en la primera plaza del evento esto al sumar un total, de: <strong>799 puntos<\/strong>; seguidos de <strong>ITESM Campus Monterrey<\/strong>, con: <strong>443<\/strong> y la tercera plaza fue para <strong>Rosarito Nadadores<\/strong>, con: <strong>293.50<\/strong>.<\/p>\n\n\n\n<p>La jornada de cierre empez\u00f3 con total \u00e9xito, esto se da gracias a la prueba del relevo combinado 4&#215;50 donde el equipo de <strong>ITESM Campus Monterrey<\/strong>, integrado por: <strong>Ana Camila Rodr\u00edguez<\/strong>, <strong>Mariana Ortega<\/strong>, <strong>Habibi Abrin<\/strong> y <strong>Hadassan Tompkins<\/strong>, lograron en su conjunto mejorar el r\u00e9cord del campeonato con una marca, de: <strong>1.59.69<\/strong>. La marca anterior se encontraba en manos de sus compa\u00f1eros de equipo, quienes en 2024 representando a <strong>ITESM Campus Monterrey<\/strong> impusieron sus nombres, con: <strong>1.59.97.<\/strong><\/p>\n\n\n\n<p>Esta misma prueba en la rama masculina tambi\u00e9n se consolid\u00f3 un incre\u00edble resultado, esto de manos del cuarteto que representa a <strong><em>acu\u00e1tica nelsonvargas<\/em><\/strong>, ellos: <strong>\u00c1ngel Mart\u00ednez<\/strong>, <strong>Andr\u00e9s Puente<\/strong>, <strong>Luka Feldhaus<\/strong> y <strong>Jorge Iga<\/strong>, sumaron esfuerzos y detuvieron el cronometro, en: <strong>1.45.25<\/strong>, registro que los establece en los <strong>r\u00e9cords de campeonato<\/strong>, puesto que, mejoraron la marca anterior que se encontraba, en: <strong>1.45.55<\/strong>, tiempo gestado por <strong>ITEMS Campus Monterrey<\/strong>.<\/p>\n\n\n\n<p>Desde lo individual es importante destacar la gran actuaci\u00f3n del integrante de <strong><em>acu\u00e1tica nelsonvargas,<\/em><\/strong> <strong>Andr\u00e9s Puente<\/strong>, quien logr\u00f3 en la prueba de 200 m pecho un tiempo, de: 2.19.88, lo que le permiti\u00f3 subirse a lo m\u00e1s alto del p\u00f3dium y apropiarse del oro; seguido de <strong>Marco Pat Coronado<\/strong>, con: <strong>2.21.22<\/strong> y la tercera plaza la obtuvo <strong>Jonas Casadenum<\/strong>, con: <strong>2.26.33.<\/strong><\/p>\n\n\n\n<figure class=\"wp-block-image size-large\"><img loading=\"lazy\" decoding=\"async\" width=\"1024\" height=\"768\" src=\"https:\/\/esbozodeportivo.com\/wp-content\/uploads\/2025\/02\/Equipo-ANV-1024x768.jpg\" alt=\"\" class=\"wp-image-5986\" srcset=\"https:\/\/esbozodeportivo.com\/wp-content\/uploads\/2025\/02\/Equipo-ANV-1024x768.jpg 1024w, https:\/\/esbozodeportivo.com\/wp-content\/uploads\/2025\/02\/Equipo-ANV-300x225.jpg 300w, https:\/\/esbozodeportivo.com\/wp-content\/uploads\/2025\/02\/Equipo-ANV-768x576.jpg 768w, https:\/\/esbozodeportivo.com\/wp-content\/uploads\/2025\/02\/Equipo-ANV-1536x1152.jpg 1536w, https:\/\/esbozodeportivo.com\/wp-content\/uploads\/2025\/02\/Equipo-ANV.jpg 1600w\" sizes=\"auto, (max-width: 1024px) 100vw, 1024px\" \/><\/figure>\n\n\n\n<p><strong>Equipo ANV<\/strong> <strong>(Foto: acu\u00e1ticanelsonvargas)<\/strong><\/p>\n\n\n\n<p><strong><u>Resultados por puntos:<\/u><\/strong><\/p>\n\n\n\n<figure class=\"wp-block-table\"><table class=\"has-fixed-layout\"><tbody><tr><td><strong>LUGAR<\/strong><\/td><td><strong>EQUIPO<\/strong><\/td><td><strong>PUNTOS<\/strong><\/td><\/tr><tr><td>1<\/td><td><strong><em>Acu\u00e1tica nelsonvargas<\/em><\/strong><\/td><td>799<\/td><\/tr><tr><td>2<\/td><td>ITESM Campus Monterrey<\/td><td>443<\/td><\/tr><tr><td>3<\/td><td>Rosarito Nadadores<\/td><td>293.50<\/td><\/tr><\/tbody><\/table><\/figure>\n\n\n\n<p><strong><u>Medallas por pruebas:<\/u><\/strong><\/p>\n\n\n\n<p>13 y mayores. Relevo combinado 4&#215;50:<\/p>\n\n\n\n<figure class=\"wp-block-table\"><table class=\"has-fixed-layout\"><tbody><tr><td><strong>LUGAR<\/strong><\/td><td><strong>NOMBRE<\/strong><\/td><td><strong>TIEMPO<\/strong><\/td><\/tr><tr><td>Oro<\/td><td>ITESM: Ana Rodr\u00edguez, Mariana Ortega, Habibi Abrin y Hadassah Tompkins<\/td><td>1.59.69<\/td><\/tr><tr><td>Plata<\/td><td><strong><em>ANV:<\/em><\/strong> Gabriela Blanco. Sydney Pickrem, Sofia Revilak y Andrea Troncoso<\/td><td>2.01.36<\/td><\/tr><tr><td>Bronce<\/td><td>ACDEL<\/td><td>2.15.18<\/td><\/tr><\/tbody><\/table><\/figure>\n\n\n\n<p>13 y mayores. Relevo combinado 4&#215;50:<\/p>\n\n\n\n<figure class=\"wp-block-table\"><table class=\"has-fixed-layout\"><tbody><tr><td><strong>LUGAR<\/strong><\/td><td><strong>NOMBRE<\/strong><\/td><td><strong>TIEMPO<\/strong><\/td><\/tr><tr><td>Oro<\/td><td><strong><em>ANV: <\/em><\/strong>\u00c1ngel Mart\u00ednez, Andr\u00e9s Puente, Luka Feldhaus y Jorge Iga<\/td><td>1.45.25<\/td><\/tr><tr><td>Plata<\/td><td>ITESM<\/td><td>1.46.15<\/td><\/tr><tr><td>Bronce<\/td><td>AQUAX<\/td><td>1.53.11<\/td><\/tr><\/tbody><\/table><\/figure>\n\n\n\n<p>13 y mayores. 200 m pecho<\/p>\n\n\n\n<figure class=\"wp-block-table\"><table class=\"has-fixed-layout\"><tbody><tr><td><strong>LUGAR<\/strong><\/td><td><strong>NOMBRE<\/strong><\/td><td><strong>EQUIPO<\/strong><\/td><td><strong>TIEMPO<\/strong><\/td><\/tr><tr><td>Oro<\/td><td>Mariana Ortega Gil<\/td><td>ITESM<\/td><td>2.41.53<\/td><\/tr><tr><td>Plata<\/td><td>Camila Flores Guerra<\/td><td>ITESM<\/td><td>2.48.28<\/td><\/tr><tr><td>Bronce<\/td><td>Victoria Cabello Orozco<\/td><td><strong><em>ANV<\/em><\/strong><\/td><td>2.53.33<\/td><\/tr><\/tbody><\/table><\/figure>\n\n\n\n<p>13 y mayores. 200 m pecho:<\/p>\n\n\n\n<figure class=\"wp-block-table\"><table class=\"has-fixed-layout\"><tbody><tr><td><strong>LUGAR<\/strong><\/td><td><strong>NOMBRE<\/strong><\/td><td><strong>EQUIPO<\/strong><\/td><td><strong>TIEMPO<\/strong><\/td><\/tr><tr><td>Oro<\/td><td>Andr\u00e9s Puente<\/td><td><strong><em>ANV<\/em><\/strong><\/td><td>2.19.88<\/td><\/tr><tr><td>Plata<\/td><td>Marco Pat Coronado<\/td><td>URIOS<\/td><td>2.21.22<\/td><\/tr><tr><td>Bronce<\/td><td>Jonas Casademun<\/td><td>AC&amp;S<\/td><td>2.26.33<\/td><\/tr><\/tbody><\/table><\/figure>\n\n\n\n<p>13 y mayores. 50 m libre:<\/p>\n\n\n\n<figure class=\"wp-block-table\"><table class=\"has-fixed-layout\"><tbody><tr><td><strong>LUGAR<\/strong><\/td><td><strong>NOMBRE<\/strong><\/td><td><strong>EQUIPO<\/strong><\/td><td><strong>TIEMPO<\/strong><\/td><\/tr><tr><td>Oro<\/td><td>Taylor Ruck<\/td><td>Canad\u00e1<\/td><td>26.33<\/td><\/tr><tr><td>Plata<\/td><td>Sydney Pickrem<\/td><td><strong><em>ANV<\/em><\/strong><\/td><td>26.56<\/td><\/tr><tr><td>Bronce<\/td><td>Sofia Revilak<\/td><td><strong><em>ANV<\/em><\/strong><\/td><td>27.78<\/td><\/tr><\/tbody><\/table><\/figure>\n\n\n\n<p>13 y mayores. 50 m libre:<\/p>\n\n\n\n<figure class=\"wp-block-table\"><table class=\"has-fixed-layout\"><tbody><tr><td><strong>LUGAR<\/strong><\/td><td><strong>NOMBRE<\/strong><\/td><td><strong>EQUIPO<\/strong><\/td><td><strong>TIEMPO<\/strong><\/td><\/tr><tr><td>Oro<\/td><td>Grant House<\/td><td>USA<\/td><td>23.55<\/td><\/tr><tr><td>Plata<\/td><td>Michel Andrew<\/td><td>USA<\/td><td>24.15<\/td><\/tr><tr><td>Bronce<\/td><td>Jorge Iga<\/td><td><strong><em>ANV<\/em><\/strong><\/td><td>24.34<\/td><\/tr><\/tbody><\/table><\/figure>\n\n\n\n<p><\/p>\n","protected":false},"excerpt":{"rendered":"<p>Andr\u00e9s Puente (Foto: acu\u00e1ticanelsonvargas) Hace pocos minutos concluy\u00f3 la 2\u00b0 Copa Internacional de Veracruz, evento<\/p>\n","protected":false},"author":2,"featured_media":5985,"comment_status":"closed","ping_status":"open","sticky":false,"template":"","format":"standard","meta":{"_jetpack_memberships_contains_paid_content":false,"footnotes":""},"categories":[5],"tags":[],"class_list":["post-5984","post","type-post","status-publish","format-standard","has-post-thumbnail","hentry","category-amateur"],"yoast_head":"<!-- This site is optimized with the Yoast SEO plugin v25.7 - https:\/\/yoast.com\/wordpress\/plugins\/seo\/ -->\n<title>ACU\u00c1TICA NELSONVARGAS LOGRA LA PRIMERA POSICI\u00d3N DE LA 2\u00b0 COPA INTERNACIONAL DE VERACRUZ - Esbozo Deportivo<\/title>\n<meta name=\"description\" content=\"Hace pocos minutos concluy\u00f3 la 2\u00b0 Copa Internacional de Veracruz, evento que cont\u00f3 con la participaci\u00f3n de 750 nadadores de 63 clubes, quienes ratificaron el trabajo intenso que se viene haciendo en los diferentes estados en pro de la nataci\u00f3n mexicana. En esta ocasi\u00f3n, acu\u00e1tica nelsonvargas se posicion\u00f3 en la primera plaza del evento esto al sumar un total, de: 799 puntos; seguidos de ITESM Campus Monterrey, con: 443 y la tercera plaza fue para Rosarito Nadadores, con: 293.50.\" \/>\n<meta name=\"robots\" content=\"index, follow, max-snippet:-1, max-image-preview:large, max-video-preview:-1\" \/>\n<link rel=\"canonical\" href=\"https:\/\/esbozodeportivo.com\/index.php\/2025\/02\/24\/acuatica-nelsonvargas-logra-la-primera-posicion-de-la-2-copa-internacional-de-veracruz\/\" \/>\n<meta property=\"og:locale\" content=\"es_MX\" \/>\n<meta property=\"og:type\" content=\"article\" \/>\n<meta property=\"og:title\" content=\"ACU\u00c1TICA NELSONVARGAS LOGRA LA PRIMERA POSICI\u00d3N DE LA 2\u00b0 COPA INTERNACIONAL DE VERACRUZ - Esbozo Deportivo\" \/>\n<meta property=\"og:description\" content=\"Hace pocos minutos concluy\u00f3 la 2\u00b0 Copa Internacional de Veracruz, evento que cont\u00f3 con la participaci\u00f3n de 750 nadadores de 63 clubes, quienes ratificaron el trabajo intenso que se viene haciendo en los diferentes estados en pro de la nataci\u00f3n mexicana. En esta ocasi\u00f3n, acu\u00e1tica nelsonvargas se posicion\u00f3 en la primera plaza del evento esto al sumar un total, de: 799 puntos; seguidos de ITESM Campus Monterrey, con: 443 y la tercera plaza fue para Rosarito Nadadores, con: 293.50.\" \/>\n<meta property=\"og:url\" content=\"https:\/\/esbozodeportivo.com\/index.php\/2025\/02\/24\/acuatica-nelsonvargas-logra-la-primera-posicion-de-la-2-copa-internacional-de-veracruz\/\" \/>\n<meta property=\"og:site_name\" content=\"Esbozo Deportivo\" \/>\n<meta property=\"article:published_time\" content=\"2025-02-24T02:40:35+00:00\" \/>\n<meta property=\"article:modified_time\" content=\"2025-02-24T02:40:36+00:00\" \/>\n<meta property=\"og:image\" content=\"https:\/\/esbozodeportivo.com\/wp-content\/uploads\/2025\/02\/Andres-Puente.jpg\" \/>\n\t<meta property=\"og:image:width\" content=\"1200\" \/>\n\t<meta property=\"og:image:height\" content=\"1600\" \/>\n\t<meta property=\"og:image:type\" content=\"image\/jpeg\" \/>\n<meta name=\"author\" content=\"Javier De La Cruz\" \/>\n<meta name=\"twitter:card\" content=\"summary_large_image\" \/>\n<meta name=\"twitter:label1\" content=\"Escrito por\" \/>\n\t<meta name=\"twitter:data1\" content=\"Javier De La Cruz\" \/>\n\t<meta name=\"twitter:label2\" content=\"Tiempo de lectura\" \/>\n\t<meta name=\"twitter:data2\" content=\"3 minutos\" \/>\n<script type=\"application\/ld+json\" class=\"yoast-schema-graph\">{\"@context\":\"https:\/\/schema.org\",\"@graph\":[{\"@type\":\"Article\",\"@id\":\"https:\/\/esbozodeportivo.com\/index.php\/2025\/02\/24\/acuatica-nelsonvargas-logra-la-primera-posicion-de-la-2-copa-internacional-de-veracruz\/#article\",\"isPartOf\":{\"@id\":\"https:\/\/esbozodeportivo.com\/index.php\/2025\/02\/24\/acuatica-nelsonvargas-logra-la-primera-posicion-de-la-2-copa-internacional-de-veracruz\/\"},\"author\":{\"name\":\"Javier De La Cruz\",\"@id\":\"https:\/\/esbozodeportivo.com\/#\/schema\/person\/7277119c98823aec37bbb84e125efd44\"},\"headline\":\"ACU\u00c1TICA NELSONVARGAS LOGRA LA PRIMERA POSICI\u00d3N DE LA 2\u00b0 COPA INTERNACIONAL DE VERACRUZ\",\"datePublished\":\"2025-02-24T02:40:35+00:00\",\"dateModified\":\"2025-02-24T02:40:36+00:00\",\"mainEntityOfPage\":{\"@id\":\"https:\/\/esbozodeportivo.com\/index.php\/2025\/02\/24\/acuatica-nelsonvargas-logra-la-primera-posicion-de-la-2-copa-internacional-de-veracruz\/\"},\"wordCount\":474,\"publisher\":{\"@id\":\"https:\/\/esbozodeportivo.com\/#organization\"},\"image\":{\"@id\":\"https:\/\/esbozodeportivo.com\/index.php\/2025\/02\/24\/acuatica-nelsonvargas-logra-la-primera-posicion-de-la-2-copa-internacional-de-veracruz\/#primaryimage\"},\"thumbnailUrl\":\"https:\/\/esbozodeportivo.com\/wp-content\/uploads\/2025\/02\/Andres-Puente.jpg\",\"articleSection\":[\"Amateur\"],\"inLanguage\":\"es\"},{\"@type\":\"WebPage\",\"@id\":\"https:\/\/esbozodeportivo.com\/index.php\/2025\/02\/24\/acuatica-nelsonvargas-logra-la-primera-posicion-de-la-2-copa-internacional-de-veracruz\/\",\"url\":\"https:\/\/esbozodeportivo.com\/index.php\/2025\/02\/24\/acuatica-nelsonvargas-logra-la-primera-posicion-de-la-2-copa-internacional-de-veracruz\/\",\"name\":\"ACU\u00c1TICA NELSONVARGAS LOGRA LA PRIMERA POSICI\u00d3N DE LA 2\u00b0 COPA INTERNACIONAL DE VERACRUZ - Esbozo Deportivo\",\"isPartOf\":{\"@id\":\"https:\/\/esbozodeportivo.com\/#website\"},\"primaryImageOfPage\":{\"@id\":\"https:\/\/esbozodeportivo.com\/index.php\/2025\/02\/24\/acuatica-nelsonvargas-logra-la-primera-posicion-de-la-2-copa-internacional-de-veracruz\/#primaryimage\"},\"image\":{\"@id\":\"https:\/\/esbozodeportivo.com\/index.php\/2025\/02\/24\/acuatica-nelsonvargas-logra-la-primera-posicion-de-la-2-copa-internacional-de-veracruz\/#primaryimage\"},\"thumbnailUrl\":\"https:\/\/esbozodeportivo.com\/wp-content\/uploads\/2025\/02\/Andres-Puente.jpg\",\"datePublished\":\"2025-02-24T02:40:35+00:00\",\"dateModified\":\"2025-02-24T02:40:36+00:00\",\"description\":\"Hace pocos minutos concluy\u00f3 la 2\u00b0 Copa Internacional de Veracruz, evento que cont\u00f3 con la participaci\u00f3n de 750 nadadores de 63 clubes, quienes ratificaron el trabajo intenso que se viene haciendo en los diferentes estados en pro de la nataci\u00f3n mexicana. En esta ocasi\u00f3n, acu\u00e1tica nelsonvargas se posicion\u00f3 en la primera plaza del evento esto al sumar un total, de: 799 puntos; seguidos de ITESM Campus Monterrey, con: 443 y la tercera plaza fue para Rosarito Nadadores, con: 293.50.\",\"breadcrumb\":{\"@id\":\"https:\/\/esbozodeportivo.com\/index.php\/2025\/02\/24\/acuatica-nelsonvargas-logra-la-primera-posicion-de-la-2-copa-internacional-de-veracruz\/#breadcrumb\"},\"inLanguage\":\"es\",\"potentialAction\":[{\"@type\":\"ReadAction\",\"target\":[\"https:\/\/esbozodeportivo.com\/index.php\/2025\/02\/24\/acuatica-nelsonvargas-logra-la-primera-posicion-de-la-2-copa-internacional-de-veracruz\/\"]}]},{\"@type\":\"ImageObject\",\"inLanguage\":\"es\",\"@id\":\"https:\/\/esbozodeportivo.com\/index.php\/2025\/02\/24\/acuatica-nelsonvargas-logra-la-primera-posicion-de-la-2-copa-internacional-de-veracruz\/#primaryimage\",\"url\":\"https:\/\/esbozodeportivo.com\/wp-content\/uploads\/2025\/02\/Andres-Puente.jpg\",\"contentUrl\":\"https:\/\/esbozodeportivo.com\/wp-content\/uploads\/2025\/02\/Andres-Puente.jpg\",\"width\":1200,\"height\":1600},{\"@type\":\"BreadcrumbList\",\"@id\":\"https:\/\/esbozodeportivo.com\/index.php\/2025\/02\/24\/acuatica-nelsonvargas-logra-la-primera-posicion-de-la-2-copa-internacional-de-veracruz\/#breadcrumb\",\"itemListElement\":[{\"@type\":\"ListItem\",\"position\":1,\"name\":\"Inicio\",\"item\":\"https:\/\/esbozodeportivo.com\/\"},{\"@type\":\"ListItem\",\"position\":2,\"name\":\"ACU\u00c1TICA NELSONVARGAS LOGRA LA PRIMERA POSICI\u00d3N DE LA 2\u00b0 COPA INTERNACIONAL DE VERACRUZ\"}]},{\"@type\":\"WebSite\",\"@id\":\"https:\/\/esbozodeportivo.com\/#website\",\"url\":\"https:\/\/esbozodeportivo.com\/\",\"name\":\"Esbozo Deportivo\",\"description\":\"Lo m\u00e1s importante del Deporte\",\"publisher\":{\"@id\":\"https:\/\/esbozodeportivo.com\/#organization\"},\"potentialAction\":[{\"@type\":\"SearchAction\",\"target\":{\"@type\":\"EntryPoint\",\"urlTemplate\":\"https:\/\/esbozodeportivo.com\/?s={search_term_string}\"},\"query-input\":{\"@type\":\"PropertyValueSpecification\",\"valueRequired\":true,\"valueName\":\"search_term_string\"}}],\"inLanguage\":\"es\"},{\"@type\":\"Organization\",\"@id\":\"https:\/\/esbozodeportivo.com\/#organization\",\"name\":\"Esbozo Deportivo\",\"url\":\"https:\/\/esbozodeportivo.com\/\",\"logo\":{\"@type\":\"ImageObject\",\"inLanguage\":\"es\",\"@id\":\"https:\/\/esbozodeportivo.com\/#\/schema\/logo\/image\/\",\"url\":\"https:\/\/esbozodeportivo.com\/wp-content\/uploads\/2022\/08\/cropped-Logo-Esbozo-Web-2.png\",\"contentUrl\":\"https:\/\/esbozodeportivo.com\/wp-content\/uploads\/2022\/08\/cropped-Logo-Esbozo-Web-2.png\",\"width\":180,\"height\":50,\"caption\":\"Esbozo Deportivo\"},\"image\":{\"@id\":\"https:\/\/esbozodeportivo.com\/#\/schema\/logo\/image\/\"}},{\"@type\":\"Person\",\"@id\":\"https:\/\/esbozodeportivo.com\/#\/schema\/person\/7277119c98823aec37bbb84e125efd44\",\"name\":\"Javier De La Cruz\",\"image\":{\"@type\":\"ImageObject\",\"inLanguage\":\"es\",\"@id\":\"https:\/\/esbozodeportivo.com\/#\/schema\/person\/image\/\",\"url\":\"https:\/\/secure.gravatar.com\/avatar\/366235a56d20f1a6e8e3d0b295897639357bea880470ddf261d17bb0bc052eb1?s=96&d=mm&r=g\",\"contentUrl\":\"https:\/\/secure.gravatar.com\/avatar\/366235a56d20f1a6e8e3d0b295897639357bea880470ddf261d17bb0bc052eb1?s=96&d=mm&r=g\",\"caption\":\"Javier De La Cruz\"},\"url\":\"https:\/\/esbozodeportivo.com\/index.php\/author\/javier-de-la-cruz-de-la-cruz\/\"}]}<\/script>\n<!-- \/ Yoast SEO plugin. -->","yoast_head_json":{"title":"ACU\u00c1TICA NELSONVARGAS LOGRA LA PRIMERA POSICI\u00d3N DE LA 2\u00b0 COPA INTERNACIONAL DE VERACRUZ - Esbozo Deportivo","description":"Hace pocos minutos concluy\u00f3 la 2\u00b0 Copa Internacional de Veracruz, evento que cont\u00f3 con la participaci\u00f3n de 750 nadadores de 63 clubes, quienes ratificaron el trabajo intenso que se viene haciendo en los diferentes estados en pro de la nataci\u00f3n mexicana. En esta ocasi\u00f3n, acu\u00e1tica nelsonvargas se posicion\u00f3 en la primera plaza del evento esto al sumar un total, de: 799 puntos; seguidos de ITESM Campus Monterrey, con: 443 y la tercera plaza fue para Rosarito Nadadores, con: 293.50.","robots":{"index":"index","follow":"follow","max-snippet":"max-snippet:-1","max-image-preview":"max-image-preview:large","max-video-preview":"max-video-preview:-1"},"canonical":"https:\/\/esbozodeportivo.com\/index.php\/2025\/02\/24\/acuatica-nelsonvargas-logra-la-primera-posicion-de-la-2-copa-internacional-de-veracruz\/","og_locale":"es_MX","og_type":"article","og_title":"ACU\u00c1TICA NELSONVARGAS LOGRA LA PRIMERA POSICI\u00d3N DE LA 2\u00b0 COPA INTERNACIONAL DE VERACRUZ - Esbozo Deportivo","og_description":"Hace pocos minutos concluy\u00f3 la 2\u00b0 Copa Internacional de Veracruz, evento que cont\u00f3 con la participaci\u00f3n de 750 nadadores de 63 clubes, quienes ratificaron el trabajo intenso que se viene haciendo en los diferentes estados en pro de la nataci\u00f3n mexicana. En esta ocasi\u00f3n, acu\u00e1tica nelsonvargas se posicion\u00f3 en la primera plaza del evento esto al sumar un total, de: 799 puntos; seguidos de ITESM Campus Monterrey, con: 443 y la tercera plaza fue para Rosarito Nadadores, con: 293.50.","og_url":"https:\/\/esbozodeportivo.com\/index.php\/2025\/02\/24\/acuatica-nelsonvargas-logra-la-primera-posicion-de-la-2-copa-internacional-de-veracruz\/","og_site_name":"Esbozo Deportivo","article_published_time":"2025-02-24T02:40:35+00:00","article_modified_time":"2025-02-24T02:40:36+00:00","og_image":[{"width":1200,"height":1600,"url":"https:\/\/esbozodeportivo.com\/wp-content\/uploads\/2025\/02\/Andres-Puente.jpg","type":"image\/jpeg"}],"author":"Javier De La Cruz","twitter_card":"summary_large_image","twitter_misc":{"Escrito por":"Javier De La Cruz","Tiempo de lectura":"3 minutos"},"schema":{"@context":"https:\/\/schema.org","@graph":[{"@type":"Article","@id":"https:\/\/esbozodeportivo.com\/index.php\/2025\/02\/24\/acuatica-nelsonvargas-logra-la-primera-posicion-de-la-2-copa-internacional-de-veracruz\/#article","isPartOf":{"@id":"https:\/\/esbozodeportivo.com\/index.php\/2025\/02\/24\/acuatica-nelsonvargas-logra-la-primera-posicion-de-la-2-copa-internacional-de-veracruz\/"},"author":{"name":"Javier De La Cruz","@id":"https:\/\/esbozodeportivo.com\/#\/schema\/person\/7277119c98823aec37bbb84e125efd44"},"headline":"ACU\u00c1TICA NELSONVARGAS LOGRA LA PRIMERA POSICI\u00d3N DE LA 2\u00b0 COPA INTERNACIONAL DE VERACRUZ","datePublished":"2025-02-24T02:40:35+00:00","dateModified":"2025-02-24T02:40:36+00:00","mainEntityOfPage":{"@id":"https:\/\/esbozodeportivo.com\/index.php\/2025\/02\/24\/acuatica-nelsonvargas-logra-la-primera-posicion-de-la-2-copa-internacional-de-veracruz\/"},"wordCount":474,"publisher":{"@id":"https:\/\/esbozodeportivo.com\/#organization"},"image":{"@id":"https:\/\/esbozodeportivo.com\/index.php\/2025\/02\/24\/acuatica-nelsonvargas-logra-la-primera-posicion-de-la-2-copa-internacional-de-veracruz\/#primaryimage"},"thumbnailUrl":"https:\/\/esbozodeportivo.com\/wp-content\/uploads\/2025\/02\/Andres-Puente.jpg","articleSection":["Amateur"],"inLanguage":"es"},{"@type":"WebPage","@id":"https:\/\/esbozodeportivo.com\/index.php\/2025\/02\/24\/acuatica-nelsonvargas-logra-la-primera-posicion-de-la-2-copa-internacional-de-veracruz\/","url":"https:\/\/esbozodeportivo.com\/index.php\/2025\/02\/24\/acuatica-nelsonvargas-logra-la-primera-posicion-de-la-2-copa-internacional-de-veracruz\/","name":"ACU\u00c1TICA NELSONVARGAS LOGRA LA PRIMERA POSICI\u00d3N DE LA 2\u00b0 COPA INTERNACIONAL DE VERACRUZ - Esbozo Deportivo","isPartOf":{"@id":"https:\/\/esbozodeportivo.com\/#website"},"primaryImageOfPage":{"@id":"https:\/\/esbozodeportivo.com\/index.php\/2025\/02\/24\/acuatica-nelsonvargas-logra-la-primera-posicion-de-la-2-copa-internacional-de-veracruz\/#primaryimage"},"image":{"@id":"https:\/\/esbozodeportivo.com\/index.php\/2025\/02\/24\/acuatica-nelsonvargas-logra-la-primera-posicion-de-la-2-copa-internacional-de-veracruz\/#primaryimage"},"thumbnailUrl":"https:\/\/esbozodeportivo.com\/wp-content\/uploads\/2025\/02\/Andres-Puente.jpg","datePublished":"2025-02-24T02:40:35+00:00","dateModified":"2025-02-24T02:40:36+00:00","description":"Hace pocos minutos concluy\u00f3 la 2\u00b0 Copa Internacional de Veracruz, evento que cont\u00f3 con la participaci\u00f3n de 750 nadadores de 63 clubes, quienes ratificaron el trabajo intenso que se viene haciendo en los diferentes estados en pro de la nataci\u00f3n mexicana. En esta ocasi\u00f3n, acu\u00e1tica nelsonvargas se posicion\u00f3 en la primera plaza del evento esto al sumar un total, de: 799 puntos; seguidos de ITESM Campus Monterrey, con: 443 y la tercera plaza fue para Rosarito Nadadores, con: 293.50.","breadcrumb":{"@id":"https:\/\/esbozodeportivo.com\/index.php\/2025\/02\/24\/acuatica-nelsonvargas-logra-la-primera-posicion-de-la-2-copa-internacional-de-veracruz\/#breadcrumb"},"inLanguage":"es","potentialAction":[{"@type":"ReadAction","target":["https:\/\/esbozodeportivo.com\/index.php\/2025\/02\/24\/acuatica-nelsonvargas-logra-la-primera-posicion-de-la-2-copa-internacional-de-veracruz\/"]}]},{"@type":"ImageObject","inLanguage":"es","@id":"https:\/\/esbozodeportivo.com\/index.php\/2025\/02\/24\/acuatica-nelsonvargas-logra-la-primera-posicion-de-la-2-copa-internacional-de-veracruz\/#primaryimage","url":"https:\/\/esbozodeportivo.com\/wp-content\/uploads\/2025\/02\/Andres-Puente.jpg","contentUrl":"https:\/\/esbozodeportivo.com\/wp-content\/uploads\/2025\/02\/Andres-Puente.jpg","width":1200,"height":1600},{"@type":"BreadcrumbList","@id":"https:\/\/esbozodeportivo.com\/index.php\/2025\/02\/24\/acuatica-nelsonvargas-logra-la-primera-posicion-de-la-2-copa-internacional-de-veracruz\/#breadcrumb","itemListElement":[{"@type":"ListItem","position":1,"name":"Inicio","item":"https:\/\/esbozodeportivo.com\/"},{"@type":"ListItem","position":2,"name":"ACU\u00c1TICA NELSONVARGAS LOGRA LA PRIMERA POSICI\u00d3N DE LA 2\u00b0 COPA INTERNACIONAL DE VERACRUZ"}]},{"@type":"WebSite","@id":"https:\/\/esbozodeportivo.com\/#website","url":"https:\/\/esbozodeportivo.com\/","name":"Esbozo Deportivo","description":"Lo m\u00e1s importante del Deporte","publisher":{"@id":"https:\/\/esbozodeportivo.com\/#organization"},"potentialAction":[{"@type":"SearchAction","target":{"@type":"EntryPoint","urlTemplate":"https:\/\/esbozodeportivo.com\/?s={search_term_string}"},"query-input":{"@type":"PropertyValueSpecification","valueRequired":true,"valueName":"search_term_string"}}],"inLanguage":"es"},{"@type":"Organization","@id":"https:\/\/esbozodeportivo.com\/#organization","name":"Esbozo Deportivo","url":"https:\/\/esbozodeportivo.com\/","logo":{"@type":"ImageObject","inLanguage":"es","@id":"https:\/\/esbozodeportivo.com\/#\/schema\/logo\/image\/","url":"https:\/\/esbozodeportivo.com\/wp-content\/uploads\/2022\/08\/cropped-Logo-Esbozo-Web-2.png","contentUrl":"https:\/\/esbozodeportivo.com\/wp-content\/uploads\/2022\/08\/cropped-Logo-Esbozo-Web-2.png","width":180,"height":50,"caption":"Esbozo Deportivo"},"image":{"@id":"https:\/\/esbozodeportivo.com\/#\/schema\/logo\/image\/"}},{"@type":"Person","@id":"https:\/\/esbozodeportivo.com\/#\/schema\/person\/7277119c98823aec37bbb84e125efd44","name":"Javier De La Cruz","image":{"@type":"ImageObject","inLanguage":"es","@id":"https:\/\/esbozodeportivo.com\/#\/schema\/person\/image\/","url":"https:\/\/secure.gravatar.com\/avatar\/366235a56d20f1a6e8e3d0b295897639357bea880470ddf261d17bb0bc052eb1?s=96&d=mm&r=g","contentUrl":"https:\/\/secure.gravatar.com\/avatar\/366235a56d20f1a6e8e3d0b295897639357bea880470ddf261d17bb0bc052eb1?s=96&d=mm&r=g","caption":"Javier De La Cruz"},"url":"https:\/\/esbozodeportivo.com\/index.php\/author\/javier-de-la-cruz-de-la-cruz\/"}]}},"jetpack_featured_media_url":"https:\/\/esbozodeportivo.com\/wp-content\/uploads\/2025\/02\/Andres-Puente.jpg","jetpack_sharing_enabled":true,"_links":{"self":[{"href":"https:\/\/esbozodeportivo.com\/index.php\/wp-json\/wp\/v2\/posts\/5984","targetHints":{"allow":["GET"]}}],"collection":[{"href":"https:\/\/esbozodeportivo.com\/index.php\/wp-json\/wp\/v2\/posts"}],"about":[{"href":"https:\/\/esbozodeportivo.com\/index.php\/wp-json\/wp\/v2\/types\/post"}],"author":[{"embeddable":true,"href":"https:\/\/esbozodeportivo.com\/index.php\/wp-json\/wp\/v2\/users\/2"}],"replies":[{"embeddable":true,"href":"https:\/\/esbozodeportivo.com\/index.php\/wp-json\/wp\/v2\/comments?post=5984"}],"version-history":[{"count":2,"href":"https:\/\/esbozodeportivo.com\/index.php\/wp-json\/wp\/v2\/posts\/5984\/revisions"}],"predecessor-version":[{"id":5988,"href":"https:\/\/esbozodeportivo.com\/index.php\/wp-json\/wp\/v2\/posts\/5984\/revisions\/5988"}],"wp:featuredmedia":[{"embeddable":true,"href":"https:\/\/esbozodeportivo.com\/index.php\/wp-json\/wp\/v2\/media\/5985"}],"wp:attachment":[{"href":"https:\/\/esbozodeportivo.com\/index.php\/wp-json\/wp\/v2\/media?parent=5984"}],"wp:term":[{"taxonomy":"category","embeddable":true,"href":"https:\/\/esbozodeportivo.com\/index.php\/wp-json\/wp\/v2\/categories?post=5984"},{"taxonomy":"post_tag","embeddable":true,"href":"https:\/\/esbozodeportivo.com\/index.php\/wp-json\/wp\/v2\/tags?post=5984"}],"curies":[{"name":"wp","href":"https:\/\/api.w.org\/{rel}","templated":true}]}}