{"id":5992,"date":"2025-02-25T00:55:22","date_gmt":"2025-02-25T06:55:22","guid":{"rendered":"https:\/\/esbozodeportivo.com\/?p=5992"},"modified":"2025-02-25T00:55:23","modified_gmt":"2025-02-25T06:55:23","slug":"kickboxing-nacional-pega-fuerte-en-su-primer-reto-del-ano","status":"publish","type":"post","link":"https:\/\/esbozodeportivo.com\/index.php\/2025\/02\/25\/kickboxing-nacional-pega-fuerte-en-su-primer-reto-del-ano\/","title":{"rendered":"Kickboxing nacional pega fuerte en su primer reto del a\u00f1o"},"content":{"rendered":"\n<p>(Foto: Cortes\u00eda) <\/p>\n\n\n\n<p>Tras cinco d\u00edas de intensa actividad, concluy\u00f3 exitosamente el <strong>Primer Campamento de Evaluaci\u00f3n y Desarrollo Deportivo de Kickboxing<\/strong>, concentraci\u00f3n que se llev\u00f3 a cabo en Villas Tlalpan, instalaciones de la <strong>Comisi\u00f3n Nacional de Cultura F\u00edsica y Deporte <\/strong>(<strong>CONADE<\/strong>).<\/p>\n\n\n\n<p>Fueron un total de 140 atletas de todas las edades quienes se entregaron en cada jornada, con el objetivo de mostrarse ante la <strong>Federaci\u00f3n Nacional de Kickboxing<\/strong> (<strong>FENAKIB<\/strong>) <strong>&amp; WAKO M\u00e9xico<\/strong>, la cual es presidida por Fernando Granados Le\u00f3n.<\/p>\n\n\n\n<p>\u201cEstoy muy orgulloso de todas y todos ustedes. Ver a m\u00e1s de 100 atletas concentrados en la casa del deporte en M\u00e9xico parece algo muy normal en este momento, pero no lo es. El a\u00f1o pasado, el kickboxing fue de los deportes que m\u00e1s satisfacciones gener\u00f3 para el Pa\u00eds al subirse al podio a nivel continental y mundial, gracias al trabajo de todos.<\/p>\n\n\n\n<p>\u201cEsto no ser\u00eda posible sin el apoyo de sus familias, sus entrenadores, las academias y, por supuesto, la visi\u00f3n del Maestro <strong>Rommel Pacheco<\/strong>, director general de la <strong>CONADE<\/strong>, para recibirnos y continuar apoy\u00e1ndonos como deporte para poner en alto a M\u00e9xico\u201d, expres\u00f3 el federativo.<\/p>\n\n\n\n<p>Tanto Granados Le\u00f3n, como las y los atletas, manifestaron su compromiso de seguirse preparando en sus respectivos estados de origen durante los siguientes meses, con el prop\u00f3sito de volver m\u00e1s fuertes a las pr\u00f3ximas concentraciones antes de emprender la traves\u00eda a los grandes retos del a\u00f1o.<\/p>\n\n\n\n<p>Los <strong>Juegos Mundiales<\/strong>, del 9 al 15 de agosto; el <strong>Campeonato Panamericano Junior<\/strong>, del 27 a 31 del mismo mes y el <strong>Mundial de Mayores<\/strong>, del 21 al 30 de noviembre, se vislumbran en el horizonte del kickboxing azteca como las justas en las que buscar\u00e1n hacer ondear la bandera tricolor en el panorama internacional.<\/p>\n\n\n\n<p><\/p>\n","protected":false},"excerpt":{"rendered":"<p>(Foto: Cortes\u00eda) Tras cinco d\u00edas de intensa actividad, concluy\u00f3 exitosamente el Primer Campamento de Evaluaci\u00f3n<\/p>\n","protected":false},"author":2,"featured_media":5993,"comment_status":"closed","ping_status":"open","sticky":false,"template":"","format":"standard","meta":{"_jetpack_memberships_contains_paid_content":false,"footnotes":""},"categories":[5],"tags":[],"class_list":["post-5992","post","type-post","status-publish","format-standard","has-post-thumbnail","hentry","category-amateur"],"yoast_head":"<!-- This site is optimized with the Yoast SEO plugin v25.7 - https:\/\/yoast.com\/wordpress\/plugins\/seo\/ -->\n<title>Kickboxing nacional pega fuerte en su primer reto del a\u00f1o - Esbozo Deportivo<\/title>\n<meta name=\"description\" content=\"Tras cinco d\u00edas de intensa actividad, concluy\u00f3 exitosamente el Primer Campamento de Evaluaci\u00f3n y Desarrollo Deportivo de Kickboxing, concentraci\u00f3n que se llev\u00f3 a cabo en Villas Tlalpan, instalaciones de la Comisi\u00f3n Nacional de Cultura F\u00edsica y Deporte (CONADE).\" \/>\n<meta name=\"robots\" content=\"index, follow, max-snippet:-1, max-image-preview:large, max-video-preview:-1\" \/>\n<link rel=\"canonical\" href=\"https:\/\/esbozodeportivo.com\/index.php\/2025\/02\/25\/kickboxing-nacional-pega-fuerte-en-su-primer-reto-del-ano\/\" \/>\n<meta property=\"og:locale\" content=\"es_MX\" \/>\n<meta property=\"og:type\" content=\"article\" \/>\n<meta property=\"og:title\" content=\"Kickboxing nacional pega fuerte en su primer reto del a\u00f1o - Esbozo Deportivo\" \/>\n<meta property=\"og:description\" content=\"Tras cinco d\u00edas de intensa actividad, concluy\u00f3 exitosamente el Primer Campamento de Evaluaci\u00f3n y Desarrollo Deportivo de Kickboxing, concentraci\u00f3n que se llev\u00f3 a cabo en Villas Tlalpan, instalaciones de la Comisi\u00f3n Nacional de Cultura F\u00edsica y Deporte (CONADE).\" \/>\n<meta property=\"og:url\" content=\"https:\/\/esbozodeportivo.com\/index.php\/2025\/02\/25\/kickboxing-nacional-pega-fuerte-en-su-primer-reto-del-ano\/\" \/>\n<meta property=\"og:site_name\" content=\"Esbozo Deportivo\" \/>\n<meta property=\"article:published_time\" content=\"2025-02-25T06:55:22+00:00\" \/>\n<meta property=\"article:modified_time\" content=\"2025-02-25T06:55:23+00:00\" \/>\n<meta property=\"og:image\" content=\"https:\/\/esbozodeportivo.com\/wp-content\/uploads\/2025\/02\/King-Boxer.jpg\" \/>\n\t<meta property=\"og:image:width\" content=\"650\" \/>\n\t<meta property=\"og:image:height\" content=\"380\" \/>\n\t<meta property=\"og:image:type\" content=\"image\/jpeg\" \/>\n<meta name=\"author\" content=\"Javier De La Cruz\" \/>\n<meta name=\"twitter:card\" content=\"summary_large_image\" \/>\n<meta name=\"twitter:label1\" content=\"Escrito por\" \/>\n\t<meta name=\"twitter:data1\" content=\"Javier De La Cruz\" \/>\n\t<meta name=\"twitter:label2\" content=\"Tiempo de lectura\" \/>\n\t<meta name=\"twitter:data2\" content=\"2 minutos\" \/>\n<script type=\"application\/ld+json\" class=\"yoast-schema-graph\">{\"@context\":\"https:\/\/schema.org\",\"@graph\":[{\"@type\":\"Article\",\"@id\":\"https:\/\/esbozodeportivo.com\/index.php\/2025\/02\/25\/kickboxing-nacional-pega-fuerte-en-su-primer-reto-del-ano\/#article\",\"isPartOf\":{\"@id\":\"https:\/\/esbozodeportivo.com\/index.php\/2025\/02\/25\/kickboxing-nacional-pega-fuerte-en-su-primer-reto-del-ano\/\"},\"author\":{\"name\":\"Javier De La Cruz\",\"@id\":\"https:\/\/esbozodeportivo.com\/#\/schema\/person\/7277119c98823aec37bbb84e125efd44\"},\"headline\":\"Kickboxing nacional pega fuerte en su primer reto del a\u00f1o\",\"datePublished\":\"2025-02-25T06:55:22+00:00\",\"dateModified\":\"2025-02-25T06:55:23+00:00\",\"mainEntityOfPage\":{\"@id\":\"https:\/\/esbozodeportivo.com\/index.php\/2025\/02\/25\/kickboxing-nacional-pega-fuerte-en-su-primer-reto-del-ano\/\"},\"wordCount\":315,\"publisher\":{\"@id\":\"https:\/\/esbozodeportivo.com\/#organization\"},\"image\":{\"@id\":\"https:\/\/esbozodeportivo.com\/index.php\/2025\/02\/25\/kickboxing-nacional-pega-fuerte-en-su-primer-reto-del-ano\/#primaryimage\"},\"thumbnailUrl\":\"https:\/\/esbozodeportivo.com\/wp-content\/uploads\/2025\/02\/King-Boxer.jpg\",\"articleSection\":[\"Amateur\"],\"inLanguage\":\"es\"},{\"@type\":\"WebPage\",\"@id\":\"https:\/\/esbozodeportivo.com\/index.php\/2025\/02\/25\/kickboxing-nacional-pega-fuerte-en-su-primer-reto-del-ano\/\",\"url\":\"https:\/\/esbozodeportivo.com\/index.php\/2025\/02\/25\/kickboxing-nacional-pega-fuerte-en-su-primer-reto-del-ano\/\",\"name\":\"Kickboxing nacional pega fuerte en su primer reto del a\u00f1o - Esbozo Deportivo\",\"isPartOf\":{\"@id\":\"https:\/\/esbozodeportivo.com\/#website\"},\"primaryImageOfPage\":{\"@id\":\"https:\/\/esbozodeportivo.com\/index.php\/2025\/02\/25\/kickboxing-nacional-pega-fuerte-en-su-primer-reto-del-ano\/#primaryimage\"},\"image\":{\"@id\":\"https:\/\/esbozodeportivo.com\/index.php\/2025\/02\/25\/kickboxing-nacional-pega-fuerte-en-su-primer-reto-del-ano\/#primaryimage\"},\"thumbnailUrl\":\"https:\/\/esbozodeportivo.com\/wp-content\/uploads\/2025\/02\/King-Boxer.jpg\",\"datePublished\":\"2025-02-25T06:55:22+00:00\",\"dateModified\":\"2025-02-25T06:55:23+00:00\",\"description\":\"Tras cinco d\u00edas de intensa actividad, concluy\u00f3 exitosamente el Primer Campamento de Evaluaci\u00f3n y Desarrollo Deportivo de Kickboxing, concentraci\u00f3n que se llev\u00f3 a cabo en Villas Tlalpan, instalaciones de la Comisi\u00f3n Nacional de Cultura F\u00edsica y Deporte (CONADE).\",\"breadcrumb\":{\"@id\":\"https:\/\/esbozodeportivo.com\/index.php\/2025\/02\/25\/kickboxing-nacional-pega-fuerte-en-su-primer-reto-del-ano\/#breadcrumb\"},\"inLanguage\":\"es\",\"potentialAction\":[{\"@type\":\"ReadAction\",\"target\":[\"https:\/\/esbozodeportivo.com\/index.php\/2025\/02\/25\/kickboxing-nacional-pega-fuerte-en-su-primer-reto-del-ano\/\"]}]},{\"@type\":\"ImageObject\",\"inLanguage\":\"es\",\"@id\":\"https:\/\/esbozodeportivo.com\/index.php\/2025\/02\/25\/kickboxing-nacional-pega-fuerte-en-su-primer-reto-del-ano\/#primaryimage\",\"url\":\"https:\/\/esbozodeportivo.com\/wp-content\/uploads\/2025\/02\/King-Boxer.jpg\",\"contentUrl\":\"https:\/\/esbozodeportivo.com\/wp-content\/uploads\/2025\/02\/King-Boxer.jpg\",\"width\":650,\"height\":380},{\"@type\":\"BreadcrumbList\",\"@id\":\"https:\/\/esbozodeportivo.com\/index.php\/2025\/02\/25\/kickboxing-nacional-pega-fuerte-en-su-primer-reto-del-ano\/#breadcrumb\",\"itemListElement\":[{\"@type\":\"ListItem\",\"position\":1,\"name\":\"Inicio\",\"item\":\"https:\/\/esbozodeportivo.com\/\"},{\"@type\":\"ListItem\",\"position\":2,\"name\":\"Kickboxing nacional pega fuerte en su primer reto del a\u00f1o\"}]},{\"@type\":\"WebSite\",\"@id\":\"https:\/\/esbozodeportivo.com\/#website\",\"url\":\"https:\/\/esbozodeportivo.com\/\",\"name\":\"Esbozo Deportivo\",\"description\":\"Lo m\u00e1s importante del Deporte\",\"publisher\":{\"@id\":\"https:\/\/esbozodeportivo.com\/#organization\"},\"potentialAction\":[{\"@type\":\"SearchAction\",\"target\":{\"@type\":\"EntryPoint\",\"urlTemplate\":\"https:\/\/esbozodeportivo.com\/?s={search_term_string}\"},\"query-input\":{\"@type\":\"PropertyValueSpecification\",\"valueRequired\":true,\"valueName\":\"search_term_string\"}}],\"inLanguage\":\"es\"},{\"@type\":\"Organization\",\"@id\":\"https:\/\/esbozodeportivo.com\/#organization\",\"name\":\"Esbozo Deportivo\",\"url\":\"https:\/\/esbozodeportivo.com\/\",\"logo\":{\"@type\":\"ImageObject\",\"inLanguage\":\"es\",\"@id\":\"https:\/\/esbozodeportivo.com\/#\/schema\/logo\/image\/\",\"url\":\"https:\/\/esbozodeportivo.com\/wp-content\/uploads\/2022\/08\/cropped-Logo-Esbozo-Web-2.png\",\"contentUrl\":\"https:\/\/esbozodeportivo.com\/wp-content\/uploads\/2022\/08\/cropped-Logo-Esbozo-Web-2.png\",\"width\":180,\"height\":50,\"caption\":\"Esbozo Deportivo\"},\"image\":{\"@id\":\"https:\/\/esbozodeportivo.com\/#\/schema\/logo\/image\/\"}},{\"@type\":\"Person\",\"@id\":\"https:\/\/esbozodeportivo.com\/#\/schema\/person\/7277119c98823aec37bbb84e125efd44\",\"name\":\"Javier De La Cruz\",\"image\":{\"@type\":\"ImageObject\",\"inLanguage\":\"es\",\"@id\":\"https:\/\/esbozodeportivo.com\/#\/schema\/person\/image\/\",\"url\":\"https:\/\/secure.gravatar.com\/avatar\/366235a56d20f1a6e8e3d0b295897639357bea880470ddf261d17bb0bc052eb1?s=96&d=mm&r=g\",\"contentUrl\":\"https:\/\/secure.gravatar.com\/avatar\/366235a56d20f1a6e8e3d0b295897639357bea880470ddf261d17bb0bc052eb1?s=96&d=mm&r=g\",\"caption\":\"Javier De La Cruz\"},\"url\":\"https:\/\/esbozodeportivo.com\/index.php\/author\/javier-de-la-cruz-de-la-cruz\/\"}]}<\/script>\n<!-- \/ Yoast SEO plugin. -->","yoast_head_json":{"title":"Kickboxing nacional pega fuerte en su primer reto del a\u00f1o - Esbozo Deportivo","description":"Tras cinco d\u00edas de intensa actividad, concluy\u00f3 exitosamente el Primer Campamento de Evaluaci\u00f3n y Desarrollo Deportivo de Kickboxing, concentraci\u00f3n que se llev\u00f3 a cabo en Villas Tlalpan, instalaciones de la Comisi\u00f3n Nacional de Cultura F\u00edsica y Deporte (CONADE).","robots":{"index":"index","follow":"follow","max-snippet":"max-snippet:-1","max-image-preview":"max-image-preview:large","max-video-preview":"max-video-preview:-1"},"canonical":"https:\/\/esbozodeportivo.com\/index.php\/2025\/02\/25\/kickboxing-nacional-pega-fuerte-en-su-primer-reto-del-ano\/","og_locale":"es_MX","og_type":"article","og_title":"Kickboxing nacional pega fuerte en su primer reto del a\u00f1o - Esbozo Deportivo","og_description":"Tras cinco d\u00edas de intensa actividad, concluy\u00f3 exitosamente el Primer Campamento de Evaluaci\u00f3n y Desarrollo Deportivo de Kickboxing, concentraci\u00f3n que se llev\u00f3 a cabo en Villas Tlalpan, instalaciones de la Comisi\u00f3n Nacional de Cultura F\u00edsica y Deporte (CONADE).","og_url":"https:\/\/esbozodeportivo.com\/index.php\/2025\/02\/25\/kickboxing-nacional-pega-fuerte-en-su-primer-reto-del-ano\/","og_site_name":"Esbozo Deportivo","article_published_time":"2025-02-25T06:55:22+00:00","article_modified_time":"2025-02-25T06:55:23+00:00","og_image":[{"width":650,"height":380,"url":"https:\/\/esbozodeportivo.com\/wp-content\/uploads\/2025\/02\/King-Boxer.jpg","type":"image\/jpeg"}],"author":"Javier De La Cruz","twitter_card":"summary_large_image","twitter_misc":{"Escrito por":"Javier De La Cruz","Tiempo de lectura":"2 minutos"},"schema":{"@context":"https:\/\/schema.org","@graph":[{"@type":"Article","@id":"https:\/\/esbozodeportivo.com\/index.php\/2025\/02\/25\/kickboxing-nacional-pega-fuerte-en-su-primer-reto-del-ano\/#article","isPartOf":{"@id":"https:\/\/esbozodeportivo.com\/index.php\/2025\/02\/25\/kickboxing-nacional-pega-fuerte-en-su-primer-reto-del-ano\/"},"author":{"name":"Javier De La Cruz","@id":"https:\/\/esbozodeportivo.com\/#\/schema\/person\/7277119c98823aec37bbb84e125efd44"},"headline":"Kickboxing nacional pega fuerte en su primer reto del a\u00f1o","datePublished":"2025-02-25T06:55:22+00:00","dateModified":"2025-02-25T06:55:23+00:00","mainEntityOfPage":{"@id":"https:\/\/esbozodeportivo.com\/index.php\/2025\/02\/25\/kickboxing-nacional-pega-fuerte-en-su-primer-reto-del-ano\/"},"wordCount":315,"publisher":{"@id":"https:\/\/esbozodeportivo.com\/#organization"},"image":{"@id":"https:\/\/esbozodeportivo.com\/index.php\/2025\/02\/25\/kickboxing-nacional-pega-fuerte-en-su-primer-reto-del-ano\/#primaryimage"},"thumbnailUrl":"https:\/\/esbozodeportivo.com\/wp-content\/uploads\/2025\/02\/King-Boxer.jpg","articleSection":["Amateur"],"inLanguage":"es"},{"@type":"WebPage","@id":"https:\/\/esbozodeportivo.com\/index.php\/2025\/02\/25\/kickboxing-nacional-pega-fuerte-en-su-primer-reto-del-ano\/","url":"https:\/\/esbozodeportivo.com\/index.php\/2025\/02\/25\/kickboxing-nacional-pega-fuerte-en-su-primer-reto-del-ano\/","name":"Kickboxing nacional pega fuerte en su primer reto del a\u00f1o - Esbozo Deportivo","isPartOf":{"@id":"https:\/\/esbozodeportivo.com\/#website"},"primaryImageOfPage":{"@id":"https:\/\/esbozodeportivo.com\/index.php\/2025\/02\/25\/kickboxing-nacional-pega-fuerte-en-su-primer-reto-del-ano\/#primaryimage"},"image":{"@id":"https:\/\/esbozodeportivo.com\/index.php\/2025\/02\/25\/kickboxing-nacional-pega-fuerte-en-su-primer-reto-del-ano\/#primaryimage"},"thumbnailUrl":"https:\/\/esbozodeportivo.com\/wp-content\/uploads\/2025\/02\/King-Boxer.jpg","datePublished":"2025-02-25T06:55:22+00:00","dateModified":"2025-02-25T06:55:23+00:00","description":"Tras cinco d\u00edas de intensa actividad, concluy\u00f3 exitosamente el Primer Campamento de Evaluaci\u00f3n y Desarrollo Deportivo de Kickboxing, concentraci\u00f3n que se llev\u00f3 a cabo en Villas Tlalpan, instalaciones de la Comisi\u00f3n Nacional de Cultura F\u00edsica y Deporte (CONADE).","breadcrumb":{"@id":"https:\/\/esbozodeportivo.com\/index.php\/2025\/02\/25\/kickboxing-nacional-pega-fuerte-en-su-primer-reto-del-ano\/#breadcrumb"},"inLanguage":"es","potentialAction":[{"@type":"ReadAction","target":["https:\/\/esbozodeportivo.com\/index.php\/2025\/02\/25\/kickboxing-nacional-pega-fuerte-en-su-primer-reto-del-ano\/"]}]},{"@type":"ImageObject","inLanguage":"es","@id":"https:\/\/esbozodeportivo.com\/index.php\/2025\/02\/25\/kickboxing-nacional-pega-fuerte-en-su-primer-reto-del-ano\/#primaryimage","url":"https:\/\/esbozodeportivo.com\/wp-content\/uploads\/2025\/02\/King-Boxer.jpg","contentUrl":"https:\/\/esbozodeportivo.com\/wp-content\/uploads\/2025\/02\/King-Boxer.jpg","width":650,"height":380},{"@type":"BreadcrumbList","@id":"https:\/\/esbozodeportivo.com\/index.php\/2025\/02\/25\/kickboxing-nacional-pega-fuerte-en-su-primer-reto-del-ano\/#breadcrumb","itemListElement":[{"@type":"ListItem","position":1,"name":"Inicio","item":"https:\/\/esbozodeportivo.com\/"},{"@type":"ListItem","position":2,"name":"Kickboxing nacional pega fuerte en su primer reto del a\u00f1o"}]},{"@type":"WebSite","@id":"https:\/\/esbozodeportivo.com\/#website","url":"https:\/\/esbozodeportivo.com\/","name":"Esbozo Deportivo","description":"Lo m\u00e1s importante del Deporte","publisher":{"@id":"https:\/\/esbozodeportivo.com\/#organization"},"potentialAction":[{"@type":"SearchAction","target":{"@type":"EntryPoint","urlTemplate":"https:\/\/esbozodeportivo.com\/?s={search_term_string}"},"query-input":{"@type":"PropertyValueSpecification","valueRequired":true,"valueName":"search_term_string"}}],"inLanguage":"es"},{"@type":"Organization","@id":"https:\/\/esbozodeportivo.com\/#organization","name":"Esbozo Deportivo","url":"https:\/\/esbozodeportivo.com\/","logo":{"@type":"ImageObject","inLanguage":"es","@id":"https:\/\/esbozodeportivo.com\/#\/schema\/logo\/image\/","url":"https:\/\/esbozodeportivo.com\/wp-content\/uploads\/2022\/08\/cropped-Logo-Esbozo-Web-2.png","contentUrl":"https:\/\/esbozodeportivo.com\/wp-content\/uploads\/2022\/08\/cropped-Logo-Esbozo-Web-2.png","width":180,"height":50,"caption":"Esbozo Deportivo"},"image":{"@id":"https:\/\/esbozodeportivo.com\/#\/schema\/logo\/image\/"}},{"@type":"Person","@id":"https:\/\/esbozodeportivo.com\/#\/schema\/person\/7277119c98823aec37bbb84e125efd44","name":"Javier De La Cruz","image":{"@type":"ImageObject","inLanguage":"es","@id":"https:\/\/esbozodeportivo.com\/#\/schema\/person\/image\/","url":"https:\/\/secure.gravatar.com\/avatar\/366235a56d20f1a6e8e3d0b295897639357bea880470ddf261d17bb0bc052eb1?s=96&d=mm&r=g","contentUrl":"https:\/\/secure.gravatar.com\/avatar\/366235a56d20f1a6e8e3d0b295897639357bea880470ddf261d17bb0bc052eb1?s=96&d=mm&r=g","caption":"Javier De La Cruz"},"url":"https:\/\/esbozodeportivo.com\/index.php\/author\/javier-de-la-cruz-de-la-cruz\/"}]}},"jetpack_featured_media_url":"https:\/\/esbozodeportivo.com\/wp-content\/uploads\/2025\/02\/King-Boxer.jpg","jetpack_sharing_enabled":true,"_links":{"self":[{"href":"https:\/\/esbozodeportivo.com\/index.php\/wp-json\/wp\/v2\/posts\/5992","targetHints":{"allow":["GET"]}}],"collection":[{"href":"https:\/\/esbozodeportivo.com\/index.php\/wp-json\/wp\/v2\/posts"}],"about":[{"href":"https:\/\/esbozodeportivo.com\/index.php\/wp-json\/wp\/v2\/types\/post"}],"author":[{"embeddable":true,"href":"https:\/\/esbozodeportivo.com\/index.php\/wp-json\/wp\/v2\/users\/2"}],"replies":[{"embeddable":true,"href":"https:\/\/esbozodeportivo.com\/index.php\/wp-json\/wp\/v2\/comments?post=5992"}],"version-history":[{"count":1,"href":"https:\/\/esbozodeportivo.com\/index.php\/wp-json\/wp\/v2\/posts\/5992\/revisions"}],"predecessor-version":[{"id":5994,"href":"https:\/\/esbozodeportivo.com\/index.php\/wp-json\/wp\/v2\/posts\/5992\/revisions\/5994"}],"wp:featuredmedia":[{"embeddable":true,"href":"https:\/\/esbozodeportivo.com\/index.php\/wp-json\/wp\/v2\/media\/5993"}],"wp:attachment":[{"href":"https:\/\/esbozodeportivo.com\/index.php\/wp-json\/wp\/v2\/media?parent=5992"}],"wp:term":[{"taxonomy":"category","embeddable":true,"href":"https:\/\/esbozodeportivo.com\/index.php\/wp-json\/wp\/v2\/categories?post=5992"},{"taxonomy":"post_tag","embeddable":true,"href":"https:\/\/esbozodeportivo.com\/index.php\/wp-json\/wp\/v2\/tags?post=5992"}],"curies":[{"name":"wp","href":"https:\/\/api.w.org\/{rel}","templated":true}]}}