{"id":6014,"date":"2025-02-26T00:42:25","date_gmt":"2025-02-26T06:42:25","guid":{"rendered":"https:\/\/esbozodeportivo.com\/?p=6014"},"modified":"2025-02-26T00:42:26","modified_gmt":"2025-02-26T06:42:26","slug":"taekwondoines-realizan-pruebas-moforfuncionales-en-el-cnar","status":"publish","type":"post","link":"https:\/\/esbozodeportivo.com\/index.php\/2025\/02\/26\/taekwondoines-realizan-pruebas-moforfuncionales-en-el-cnar\/","title":{"rendered":"Taekwondo\u00ednes realizan pruebas moforfuncionales en el CNAR"},"content":{"rendered":"\n<p>(Foto: Cortes\u00eda) <\/p>\n\n\n\n<p>La selecci\u00f3n senior y la selecci\u00f3n Sub 22 de taekwondo, concentradas en las instalaciones del <strong>Centro Nacional de Desarrollo de Talentos Deportivos y Alto Rendimiento <\/strong>(<strong>CNAR<\/strong>), perteneciente a la <strong>Comisi\u00f3n Nacional de Cultura F\u00edsica y Deporte<\/strong> (<strong>CONADE<\/strong>), realizar\u00e1n este jueves y viernes, pruebas morfofuncionales y qu\u00edmicas, en preparaci\u00f3n a sus pr\u00f3ximos compromisos internacionales, en el mes de abril.<\/p>\n\n\n\n<p>Para la selecci\u00f3n Sub 22, el <strong>Panam Series IV<\/strong> que se llevar\u00e1 a cabo el 3 y 4 de abril, en la ciudad de <strong>Quer\u00e9taro<\/strong>, ser\u00e1 el \u00faltimo evento clasificatorio a los <strong>Juegos Panamericanos Junior Asunci\u00f3n 2025<\/strong>, donde se definir\u00e1 la posibilidad de lograr cuatro plazas femeniles, dos varoniles y una plaza de pareja en formas (poomsae) para M\u00e9xico.<\/p>\n\n\n\n<p>Actualmente, nuestro pa\u00eds cuenta con una plaza varonil en -58 kilos y una femenil en -57 kilos, que se consiguieron debido al lugar que ocupan los mexicanos en el ranking internacional.<\/p>\n\n\n\n<p>En el certamen continental que se llevar\u00e1 a cabo en <strong>Quer\u00e9taro<\/strong> se buscar\u00e1 sumar tres plazas m\u00e1s en la rama femenil y un cupo m\u00e1s en varonil, en combate individual; as\u00ed como una plaza en pareja reconocida o pareja freestyle, en la modalidad de formas. La lista final de seleccionados se dar\u00e1 a conocer del 5 al 8 de abril.<\/p>\n\n\n\n<p>Por su parte, la selecci\u00f3n senior se prepara para sus pr\u00f3ximos compromisos internacionales, en los que se contempla su participaci\u00f3n en el <strong>Abierto de Espa\u00f1a<\/strong>, que se llevar\u00e1 a cabo el 27 de abril, en La <strong>Nuc\u00eda<\/strong>, <strong>Alicante, Espa\u00f1a<\/strong> y un campamento en Europa, como parte de su proceso al <strong>Campeonato Mundial de Taekwondo 2025<\/strong>, que se llevar\u00e1 a cabo del 24 al 30 de octubre, en <strong>Wuxi, China<\/strong>.<\/p>\n\n\n\n<p>En sus primeros compromisos del a\u00f1o, a mediados de febrero, la selecci\u00f3n nacional de taekwondo cosech\u00f3 ocho medallas en el <strong>Abierto de Canad\u00e1<\/strong> y siete preseas en el <strong>Abierto de Estados Unidos<\/strong>.<\/p>\n\n\n\n<p>El objetivo de las pruebas <strong>morfofuncionales<\/strong> y qu\u00edmicas es darle seguimiento al estado de salud de cada uno de los deportistas, para lograr sus condiciones \u00f3ptimas<\/p>\n\n\n\n<p>El equipo nacional continuar\u00e1 con su concentraci\u00f3n en el complejo deportivo perteneciente a la <strong>CONADE<\/strong>, bajo la supervisi\u00f3n de los entrenadores <strong>Ren\u00e9 Liz\u00e1rraga<\/strong> y <strong>Bryan Salazar<\/strong>, as\u00ed como, la preparadora f\u00edsica <strong>Martha Maya<\/strong>.<\/p>\n\n\n\n<p><\/p>\n","protected":false},"excerpt":{"rendered":"<p>(Foto: Cortes\u00eda) La selecci\u00f3n senior y la selecci\u00f3n Sub 22 de taekwondo, concentradas en las<\/p>\n","protected":false},"author":2,"featured_media":6016,"comment_status":"closed","ping_status":"open","sticky":false,"template":"","format":"standard","meta":{"_jetpack_memberships_contains_paid_content":false,"footnotes":""},"categories":[5],"tags":[],"class_list":["post-6014","post","type-post","status-publish","format-standard","has-post-thumbnail","hentry","category-amateur"],"yoast_head":"<!-- This site is optimized with the Yoast SEO plugin v25.7 - https:\/\/yoast.com\/wordpress\/plugins\/seo\/ -->\n<title>Taekwondo\u00ednes realizan pruebas moforfuncionales en el CNAR - Esbozo Deportivo<\/title>\n<meta name=\"description\" content=\"La selecci\u00f3n senior y la selecci\u00f3n Sub 22 de taekwondo, concentradas en las instalaciones del Centro Nacional de Desarrollo de Talentos Deportivos y Alto Rendimiento (CNAR), perteneciente a la Comisi\u00f3n Nacional de Cultura F\u00edsica y Deporte (CONADE), realizar\u00e1n este jueves y viernes, pruebas morfofuncionales y qu\u00edmicas, en preparaci\u00f3n a sus pr\u00f3ximos compromisos internacionales, en el mes de abril.\" \/>\n<meta name=\"robots\" content=\"index, follow, max-snippet:-1, max-image-preview:large, max-video-preview:-1\" \/>\n<link rel=\"canonical\" href=\"https:\/\/esbozodeportivo.com\/index.php\/2025\/02\/26\/taekwondoines-realizan-pruebas-moforfuncionales-en-el-cnar\/\" \/>\n<meta property=\"og:locale\" content=\"es_MX\" \/>\n<meta property=\"og:type\" content=\"article\" \/>\n<meta property=\"og:title\" content=\"Taekwondo\u00ednes realizan pruebas moforfuncionales en el CNAR - Esbozo Deportivo\" \/>\n<meta property=\"og:description\" content=\"La selecci\u00f3n senior y la selecci\u00f3n Sub 22 de taekwondo, concentradas en las instalaciones del Centro Nacional de Desarrollo de Talentos Deportivos y Alto Rendimiento (CNAR), perteneciente a la Comisi\u00f3n Nacional de Cultura F\u00edsica y Deporte (CONADE), realizar\u00e1n este jueves y viernes, pruebas morfofuncionales y qu\u00edmicas, en preparaci\u00f3n a sus pr\u00f3ximos compromisos internacionales, en el mes de abril.\" \/>\n<meta property=\"og:url\" content=\"https:\/\/esbozodeportivo.com\/index.php\/2025\/02\/26\/taekwondoines-realizan-pruebas-moforfuncionales-en-el-cnar\/\" \/>\n<meta property=\"og:site_name\" content=\"Esbozo Deportivo\" \/>\n<meta property=\"article:published_time\" content=\"2025-02-26T06:42:25+00:00\" \/>\n<meta property=\"article:modified_time\" content=\"2025-02-26T06:42:26+00:00\" \/>\n<meta property=\"og:image\" content=\"https:\/\/esbozodeportivo.com\/wp-content\/uploads\/2025\/02\/Taekwondo-1.jpg\" \/>\n\t<meta property=\"og:image:width\" content=\"1330\" \/>\n\t<meta property=\"og:image:height\" content=\"667\" \/>\n\t<meta property=\"og:image:type\" content=\"image\/jpeg\" \/>\n<meta name=\"author\" content=\"Javier De La Cruz\" \/>\n<meta name=\"twitter:card\" content=\"summary_large_image\" \/>\n<meta name=\"twitter:label1\" content=\"Escrito por\" \/>\n\t<meta name=\"twitter:data1\" content=\"Javier De La Cruz\" \/>\n\t<meta name=\"twitter:label2\" content=\"Tiempo de lectura\" \/>\n\t<meta name=\"twitter:data2\" content=\"2 minutos\" \/>\n<script type=\"application\/ld+json\" class=\"yoast-schema-graph\">{\"@context\":\"https:\/\/schema.org\",\"@graph\":[{\"@type\":\"Article\",\"@id\":\"https:\/\/esbozodeportivo.com\/index.php\/2025\/02\/26\/taekwondoines-realizan-pruebas-moforfuncionales-en-el-cnar\/#article\",\"isPartOf\":{\"@id\":\"https:\/\/esbozodeportivo.com\/index.php\/2025\/02\/26\/taekwondoines-realizan-pruebas-moforfuncionales-en-el-cnar\/\"},\"author\":{\"name\":\"Javier De La Cruz\",\"@id\":\"https:\/\/esbozodeportivo.com\/#\/schema\/person\/7277119c98823aec37bbb84e125efd44\"},\"headline\":\"Taekwondo\u00ednes realizan pruebas moforfuncionales en el CNAR\",\"datePublished\":\"2025-02-26T06:42:25+00:00\",\"dateModified\":\"2025-02-26T06:42:26+00:00\",\"mainEntityOfPage\":{\"@id\":\"https:\/\/esbozodeportivo.com\/index.php\/2025\/02\/26\/taekwondoines-realizan-pruebas-moforfuncionales-en-el-cnar\/\"},\"wordCount\":397,\"publisher\":{\"@id\":\"https:\/\/esbozodeportivo.com\/#organization\"},\"image\":{\"@id\":\"https:\/\/esbozodeportivo.com\/index.php\/2025\/02\/26\/taekwondoines-realizan-pruebas-moforfuncionales-en-el-cnar\/#primaryimage\"},\"thumbnailUrl\":\"https:\/\/esbozodeportivo.com\/wp-content\/uploads\/2025\/02\/Taekwondo-1.jpg\",\"articleSection\":[\"Amateur\"],\"inLanguage\":\"es\"},{\"@type\":\"WebPage\",\"@id\":\"https:\/\/esbozodeportivo.com\/index.php\/2025\/02\/26\/taekwondoines-realizan-pruebas-moforfuncionales-en-el-cnar\/\",\"url\":\"https:\/\/esbozodeportivo.com\/index.php\/2025\/02\/26\/taekwondoines-realizan-pruebas-moforfuncionales-en-el-cnar\/\",\"name\":\"Taekwondo\u00ednes realizan pruebas moforfuncionales en el CNAR - Esbozo Deportivo\",\"isPartOf\":{\"@id\":\"https:\/\/esbozodeportivo.com\/#website\"},\"primaryImageOfPage\":{\"@id\":\"https:\/\/esbozodeportivo.com\/index.php\/2025\/02\/26\/taekwondoines-realizan-pruebas-moforfuncionales-en-el-cnar\/#primaryimage\"},\"image\":{\"@id\":\"https:\/\/esbozodeportivo.com\/index.php\/2025\/02\/26\/taekwondoines-realizan-pruebas-moforfuncionales-en-el-cnar\/#primaryimage\"},\"thumbnailUrl\":\"https:\/\/esbozodeportivo.com\/wp-content\/uploads\/2025\/02\/Taekwondo-1.jpg\",\"datePublished\":\"2025-02-26T06:42:25+00:00\",\"dateModified\":\"2025-02-26T06:42:26+00:00\",\"description\":\"La selecci\u00f3n senior y la selecci\u00f3n Sub 22 de taekwondo, concentradas en las instalaciones del Centro Nacional de Desarrollo de Talentos Deportivos y Alto Rendimiento (CNAR), perteneciente a la Comisi\u00f3n Nacional de Cultura F\u00edsica y Deporte (CONADE), realizar\u00e1n este jueves y viernes, pruebas morfofuncionales y qu\u00edmicas, en preparaci\u00f3n a sus pr\u00f3ximos compromisos internacionales, en el mes de abril.\",\"breadcrumb\":{\"@id\":\"https:\/\/esbozodeportivo.com\/index.php\/2025\/02\/26\/taekwondoines-realizan-pruebas-moforfuncionales-en-el-cnar\/#breadcrumb\"},\"inLanguage\":\"es\",\"potentialAction\":[{\"@type\":\"ReadAction\",\"target\":[\"https:\/\/esbozodeportivo.com\/index.php\/2025\/02\/26\/taekwondoines-realizan-pruebas-moforfuncionales-en-el-cnar\/\"]}]},{\"@type\":\"ImageObject\",\"inLanguage\":\"es\",\"@id\":\"https:\/\/esbozodeportivo.com\/index.php\/2025\/02\/26\/taekwondoines-realizan-pruebas-moforfuncionales-en-el-cnar\/#primaryimage\",\"url\":\"https:\/\/esbozodeportivo.com\/wp-content\/uploads\/2025\/02\/Taekwondo-1.jpg\",\"contentUrl\":\"https:\/\/esbozodeportivo.com\/wp-content\/uploads\/2025\/02\/Taekwondo-1.jpg\",\"width\":1330,\"height\":667},{\"@type\":\"BreadcrumbList\",\"@id\":\"https:\/\/esbozodeportivo.com\/index.php\/2025\/02\/26\/taekwondoines-realizan-pruebas-moforfuncionales-en-el-cnar\/#breadcrumb\",\"itemListElement\":[{\"@type\":\"ListItem\",\"position\":1,\"name\":\"Inicio\",\"item\":\"https:\/\/esbozodeportivo.com\/\"},{\"@type\":\"ListItem\",\"position\":2,\"name\":\"Taekwondo\u00ednes realizan pruebas moforfuncionales en el CNAR\"}]},{\"@type\":\"WebSite\",\"@id\":\"https:\/\/esbozodeportivo.com\/#website\",\"url\":\"https:\/\/esbozodeportivo.com\/\",\"name\":\"Esbozo Deportivo\",\"description\":\"Lo m\u00e1s importante del Deporte\",\"publisher\":{\"@id\":\"https:\/\/esbozodeportivo.com\/#organization\"},\"potentialAction\":[{\"@type\":\"SearchAction\",\"target\":{\"@type\":\"EntryPoint\",\"urlTemplate\":\"https:\/\/esbozodeportivo.com\/?s={search_term_string}\"},\"query-input\":{\"@type\":\"PropertyValueSpecification\",\"valueRequired\":true,\"valueName\":\"search_term_string\"}}],\"inLanguage\":\"es\"},{\"@type\":\"Organization\",\"@id\":\"https:\/\/esbozodeportivo.com\/#organization\",\"name\":\"Esbozo Deportivo\",\"url\":\"https:\/\/esbozodeportivo.com\/\",\"logo\":{\"@type\":\"ImageObject\",\"inLanguage\":\"es\",\"@id\":\"https:\/\/esbozodeportivo.com\/#\/schema\/logo\/image\/\",\"url\":\"https:\/\/esbozodeportivo.com\/wp-content\/uploads\/2022\/08\/cropped-Logo-Esbozo-Web-2.png\",\"contentUrl\":\"https:\/\/esbozodeportivo.com\/wp-content\/uploads\/2022\/08\/cropped-Logo-Esbozo-Web-2.png\",\"width\":180,\"height\":50,\"caption\":\"Esbozo Deportivo\"},\"image\":{\"@id\":\"https:\/\/esbozodeportivo.com\/#\/schema\/logo\/image\/\"}},{\"@type\":\"Person\",\"@id\":\"https:\/\/esbozodeportivo.com\/#\/schema\/person\/7277119c98823aec37bbb84e125efd44\",\"name\":\"Javier De La Cruz\",\"image\":{\"@type\":\"ImageObject\",\"inLanguage\":\"es\",\"@id\":\"https:\/\/esbozodeportivo.com\/#\/schema\/person\/image\/\",\"url\":\"https:\/\/secure.gravatar.com\/avatar\/366235a56d20f1a6e8e3d0b295897639357bea880470ddf261d17bb0bc052eb1?s=96&d=mm&r=g\",\"contentUrl\":\"https:\/\/secure.gravatar.com\/avatar\/366235a56d20f1a6e8e3d0b295897639357bea880470ddf261d17bb0bc052eb1?s=96&d=mm&r=g\",\"caption\":\"Javier De La Cruz\"},\"url\":\"https:\/\/esbozodeportivo.com\/index.php\/author\/javier-de-la-cruz-de-la-cruz\/\"}]}<\/script>\n<!-- \/ Yoast SEO plugin. -->","yoast_head_json":{"title":"Taekwondo\u00ednes realizan pruebas moforfuncionales en el CNAR - Esbozo Deportivo","description":"La selecci\u00f3n senior y la selecci\u00f3n Sub 22 de taekwondo, concentradas en las instalaciones del Centro Nacional de Desarrollo de Talentos Deportivos y Alto Rendimiento (CNAR), perteneciente a la Comisi\u00f3n Nacional de Cultura F\u00edsica y Deporte (CONADE), realizar\u00e1n este jueves y viernes, pruebas morfofuncionales y qu\u00edmicas, en preparaci\u00f3n a sus pr\u00f3ximos compromisos internacionales, en el mes de abril.","robots":{"index":"index","follow":"follow","max-snippet":"max-snippet:-1","max-image-preview":"max-image-preview:large","max-video-preview":"max-video-preview:-1"},"canonical":"https:\/\/esbozodeportivo.com\/index.php\/2025\/02\/26\/taekwondoines-realizan-pruebas-moforfuncionales-en-el-cnar\/","og_locale":"es_MX","og_type":"article","og_title":"Taekwondo\u00ednes realizan pruebas moforfuncionales en el CNAR - Esbozo Deportivo","og_description":"La selecci\u00f3n senior y la selecci\u00f3n Sub 22 de taekwondo, concentradas en las instalaciones del Centro Nacional de Desarrollo de Talentos Deportivos y Alto Rendimiento (CNAR), perteneciente a la Comisi\u00f3n Nacional de Cultura F\u00edsica y Deporte (CONADE), realizar\u00e1n este jueves y viernes, pruebas morfofuncionales y qu\u00edmicas, en preparaci\u00f3n a sus pr\u00f3ximos compromisos internacionales, en el mes de abril.","og_url":"https:\/\/esbozodeportivo.com\/index.php\/2025\/02\/26\/taekwondoines-realizan-pruebas-moforfuncionales-en-el-cnar\/","og_site_name":"Esbozo Deportivo","article_published_time":"2025-02-26T06:42:25+00:00","article_modified_time":"2025-02-26T06:42:26+00:00","og_image":[{"width":1330,"height":667,"url":"https:\/\/esbozodeportivo.com\/wp-content\/uploads\/2025\/02\/Taekwondo-1.jpg","type":"image\/jpeg"}],"author":"Javier De La Cruz","twitter_card":"summary_large_image","twitter_misc":{"Escrito por":"Javier De La Cruz","Tiempo de lectura":"2 minutos"},"schema":{"@context":"https:\/\/schema.org","@graph":[{"@type":"Article","@id":"https:\/\/esbozodeportivo.com\/index.php\/2025\/02\/26\/taekwondoines-realizan-pruebas-moforfuncionales-en-el-cnar\/#article","isPartOf":{"@id":"https:\/\/esbozodeportivo.com\/index.php\/2025\/02\/26\/taekwondoines-realizan-pruebas-moforfuncionales-en-el-cnar\/"},"author":{"name":"Javier De La Cruz","@id":"https:\/\/esbozodeportivo.com\/#\/schema\/person\/7277119c98823aec37bbb84e125efd44"},"headline":"Taekwondo\u00ednes realizan pruebas moforfuncionales en el CNAR","datePublished":"2025-02-26T06:42:25+00:00","dateModified":"2025-02-26T06:42:26+00:00","mainEntityOfPage":{"@id":"https:\/\/esbozodeportivo.com\/index.php\/2025\/02\/26\/taekwondoines-realizan-pruebas-moforfuncionales-en-el-cnar\/"},"wordCount":397,"publisher":{"@id":"https:\/\/esbozodeportivo.com\/#organization"},"image":{"@id":"https:\/\/esbozodeportivo.com\/index.php\/2025\/02\/26\/taekwondoines-realizan-pruebas-moforfuncionales-en-el-cnar\/#primaryimage"},"thumbnailUrl":"https:\/\/esbozodeportivo.com\/wp-content\/uploads\/2025\/02\/Taekwondo-1.jpg","articleSection":["Amateur"],"inLanguage":"es"},{"@type":"WebPage","@id":"https:\/\/esbozodeportivo.com\/index.php\/2025\/02\/26\/taekwondoines-realizan-pruebas-moforfuncionales-en-el-cnar\/","url":"https:\/\/esbozodeportivo.com\/index.php\/2025\/02\/26\/taekwondoines-realizan-pruebas-moforfuncionales-en-el-cnar\/","name":"Taekwondo\u00ednes realizan pruebas moforfuncionales en el CNAR - Esbozo Deportivo","isPartOf":{"@id":"https:\/\/esbozodeportivo.com\/#website"},"primaryImageOfPage":{"@id":"https:\/\/esbozodeportivo.com\/index.php\/2025\/02\/26\/taekwondoines-realizan-pruebas-moforfuncionales-en-el-cnar\/#primaryimage"},"image":{"@id":"https:\/\/esbozodeportivo.com\/index.php\/2025\/02\/26\/taekwondoines-realizan-pruebas-moforfuncionales-en-el-cnar\/#primaryimage"},"thumbnailUrl":"https:\/\/esbozodeportivo.com\/wp-content\/uploads\/2025\/02\/Taekwondo-1.jpg","datePublished":"2025-02-26T06:42:25+00:00","dateModified":"2025-02-26T06:42:26+00:00","description":"La selecci\u00f3n senior y la selecci\u00f3n Sub 22 de taekwondo, concentradas en las instalaciones del Centro Nacional de Desarrollo de Talentos Deportivos y Alto Rendimiento (CNAR), perteneciente a la Comisi\u00f3n Nacional de Cultura F\u00edsica y Deporte (CONADE), realizar\u00e1n este jueves y viernes, pruebas morfofuncionales y qu\u00edmicas, en preparaci\u00f3n a sus pr\u00f3ximos compromisos internacionales, en el mes de abril.","breadcrumb":{"@id":"https:\/\/esbozodeportivo.com\/index.php\/2025\/02\/26\/taekwondoines-realizan-pruebas-moforfuncionales-en-el-cnar\/#breadcrumb"},"inLanguage":"es","potentialAction":[{"@type":"ReadAction","target":["https:\/\/esbozodeportivo.com\/index.php\/2025\/02\/26\/taekwondoines-realizan-pruebas-moforfuncionales-en-el-cnar\/"]}]},{"@type":"ImageObject","inLanguage":"es","@id":"https:\/\/esbozodeportivo.com\/index.php\/2025\/02\/26\/taekwondoines-realizan-pruebas-moforfuncionales-en-el-cnar\/#primaryimage","url":"https:\/\/esbozodeportivo.com\/wp-content\/uploads\/2025\/02\/Taekwondo-1.jpg","contentUrl":"https:\/\/esbozodeportivo.com\/wp-content\/uploads\/2025\/02\/Taekwondo-1.jpg","width":1330,"height":667},{"@type":"BreadcrumbList","@id":"https:\/\/esbozodeportivo.com\/index.php\/2025\/02\/26\/taekwondoines-realizan-pruebas-moforfuncionales-en-el-cnar\/#breadcrumb","itemListElement":[{"@type":"ListItem","position":1,"name":"Inicio","item":"https:\/\/esbozodeportivo.com\/"},{"@type":"ListItem","position":2,"name":"Taekwondo\u00ednes realizan pruebas moforfuncionales en el CNAR"}]},{"@type":"WebSite","@id":"https:\/\/esbozodeportivo.com\/#website","url":"https:\/\/esbozodeportivo.com\/","name":"Esbozo Deportivo","description":"Lo m\u00e1s importante del Deporte","publisher":{"@id":"https:\/\/esbozodeportivo.com\/#organization"},"potentialAction":[{"@type":"SearchAction","target":{"@type":"EntryPoint","urlTemplate":"https:\/\/esbozodeportivo.com\/?s={search_term_string}"},"query-input":{"@type":"PropertyValueSpecification","valueRequired":true,"valueName":"search_term_string"}}],"inLanguage":"es"},{"@type":"Organization","@id":"https:\/\/esbozodeportivo.com\/#organization","name":"Esbozo Deportivo","url":"https:\/\/esbozodeportivo.com\/","logo":{"@type":"ImageObject","inLanguage":"es","@id":"https:\/\/esbozodeportivo.com\/#\/schema\/logo\/image\/","url":"https:\/\/esbozodeportivo.com\/wp-content\/uploads\/2022\/08\/cropped-Logo-Esbozo-Web-2.png","contentUrl":"https:\/\/esbozodeportivo.com\/wp-content\/uploads\/2022\/08\/cropped-Logo-Esbozo-Web-2.png","width":180,"height":50,"caption":"Esbozo Deportivo"},"image":{"@id":"https:\/\/esbozodeportivo.com\/#\/schema\/logo\/image\/"}},{"@type":"Person","@id":"https:\/\/esbozodeportivo.com\/#\/schema\/person\/7277119c98823aec37bbb84e125efd44","name":"Javier De La Cruz","image":{"@type":"ImageObject","inLanguage":"es","@id":"https:\/\/esbozodeportivo.com\/#\/schema\/person\/image\/","url":"https:\/\/secure.gravatar.com\/avatar\/366235a56d20f1a6e8e3d0b295897639357bea880470ddf261d17bb0bc052eb1?s=96&d=mm&r=g","contentUrl":"https:\/\/secure.gravatar.com\/avatar\/366235a56d20f1a6e8e3d0b295897639357bea880470ddf261d17bb0bc052eb1?s=96&d=mm&r=g","caption":"Javier De La Cruz"},"url":"https:\/\/esbozodeportivo.com\/index.php\/author\/javier-de-la-cruz-de-la-cruz\/"}]}},"jetpack_featured_media_url":"https:\/\/esbozodeportivo.com\/wp-content\/uploads\/2025\/02\/Taekwondo-1.jpg","jetpack_sharing_enabled":true,"_links":{"self":[{"href":"https:\/\/esbozodeportivo.com\/index.php\/wp-json\/wp\/v2\/posts\/6014","targetHints":{"allow":["GET"]}}],"collection":[{"href":"https:\/\/esbozodeportivo.com\/index.php\/wp-json\/wp\/v2\/posts"}],"about":[{"href":"https:\/\/esbozodeportivo.com\/index.php\/wp-json\/wp\/v2\/types\/post"}],"author":[{"embeddable":true,"href":"https:\/\/esbozodeportivo.com\/index.php\/wp-json\/wp\/v2\/users\/2"}],"replies":[{"embeddable":true,"href":"https:\/\/esbozodeportivo.com\/index.php\/wp-json\/wp\/v2\/comments?post=6014"}],"version-history":[{"count":1,"href":"https:\/\/esbozodeportivo.com\/index.php\/wp-json\/wp\/v2\/posts\/6014\/revisions"}],"predecessor-version":[{"id":6017,"href":"https:\/\/esbozodeportivo.com\/index.php\/wp-json\/wp\/v2\/posts\/6014\/revisions\/6017"}],"wp:featuredmedia":[{"embeddable":true,"href":"https:\/\/esbozodeportivo.com\/index.php\/wp-json\/wp\/v2\/media\/6016"}],"wp:attachment":[{"href":"https:\/\/esbozodeportivo.com\/index.php\/wp-json\/wp\/v2\/media?parent=6014"}],"wp:term":[{"taxonomy":"category","embeddable":true,"href":"https:\/\/esbozodeportivo.com\/index.php\/wp-json\/wp\/v2\/categories?post=6014"},{"taxonomy":"post_tag","embeddable":true,"href":"https:\/\/esbozodeportivo.com\/index.php\/wp-json\/wp\/v2\/tags?post=6014"}],"curies":[{"name":"wp","href":"https:\/\/api.w.org\/{rel}","templated":true}]}}