{"id":6018,"date":"2025-02-26T00:44:15","date_gmt":"2025-02-26T06:44:15","guid":{"rendered":"https:\/\/esbozodeportivo.com\/?p=6018"},"modified":"2025-02-26T00:44:15","modified_gmt":"2025-02-26T06:44:15","slug":"gran-debut-de-leonel-cardenas-en-el-abierto-de-canada-de-squash","status":"publish","type":"post","link":"https:\/\/esbozodeportivo.com\/index.php\/2025\/02\/26\/gran-debut-de-leonel-cardenas-en-el-abierto-de-canada-de-squash\/","title":{"rendered":"Gran debut de Leonel C\u00e1rdenas en el Abierto de Canad\u00e1 de Squash"},"content":{"rendered":"\n<p>(Foto: Cortes\u00eda) <\/p>\n\n\n\n<p>El squashista <strong>Leonel C\u00e1rdenas Mora<\/strong> sigue en gran forma en su gira por el orbe, pues este martes protagoniz\u00f3 un debut de ensue\u00f1o en el <strong>Abierto Canadiense<\/strong>, justa perteneciente al <strong>Tour 2025 de la Asociaci\u00f3n Profesional<\/strong> de la especialidad (PSA, por sus siglas en ingl\u00e9s), y que otorga puntos de ranking mundial.<\/p>\n\n\n\n<p>Luego de haber superado la primera ronda por \u201cbye\u201d, el actual n\u00famero 16 del orbe jug\u00f3 su primer partido en los octavos de final, instancia en la que derrot\u00f3 categ\u00f3ricamente 3-0 (11-6, 11-2 y 11-9) al ingl\u00e9s <strong>Tom Walsh<\/strong>, quien apenas pudo plantar cara al mexicano.<\/p>\n\n\n\n<p>El triple medallista de oro en los <strong>Juegos Panamericanos Junior Cali-Valle 2021<\/strong> volver\u00e1 a la cancha ma\u00f1ana para afrontar los cuartos de final en contra del tambi\u00e9n ingl\u00e9s Nathan Lake.<\/p>\n\n\n\n<p><strong>Leonel C\u00e1rdenas<\/strong> busca revancha en territorio canadiense, ya que en la parada anterior, el <strong>Motor City Open<\/strong>, lleg\u00f3 hasta la gran final y se qued\u00f3 a un paso del campeonato al perder frente al australiano <strong>Paul Coll<\/strong>, cuarto lugar del ranking mundial.<\/p>\n\n\n\n<p><\/p>\n","protected":false},"excerpt":{"rendered":"<p>(Foto: Cortes\u00eda) El squashista Leonel C\u00e1rdenas Mora sigue en gran forma en su gira por<\/p>\n","protected":false},"author":2,"featured_media":6015,"comment_status":"closed","ping_status":"open","sticky":false,"template":"","format":"standard","meta":{"_jetpack_memberships_contains_paid_content":false,"footnotes":""},"categories":[5],"tags":[],"class_list":["post-6018","post","type-post","status-publish","format-standard","has-post-thumbnail","hentry","category-amateur"],"yoast_head":"<!-- This site is optimized with the Yoast SEO plugin v25.7 - https:\/\/yoast.com\/wordpress\/plugins\/seo\/ -->\n<title>Gran debut de Leonel C\u00e1rdenas en el Abierto de Canad\u00e1 de Squash - Esbozo Deportivo<\/title>\n<meta name=\"description\" content=\"El squashista Leonel C\u00e1rdenas Mora sigue en gran forma en su gira por el orbe, pues este martes protagoniz\u00f3 un debut de ensue\u00f1o en el Abierto Canadiense, justa perteneciente al Tour 2025 de la Asociaci\u00f3n Profesional de la especialidad (PSA, por sus siglas en ingl\u00e9s), y que otorga puntos de ranking mundial.\" \/>\n<meta name=\"robots\" content=\"index, follow, max-snippet:-1, max-image-preview:large, max-video-preview:-1\" \/>\n<link rel=\"canonical\" href=\"https:\/\/esbozodeportivo.com\/index.php\/2025\/02\/26\/gran-debut-de-leonel-cardenas-en-el-abierto-de-canada-de-squash\/\" \/>\n<meta property=\"og:locale\" content=\"es_MX\" \/>\n<meta property=\"og:type\" content=\"article\" \/>\n<meta property=\"og:title\" content=\"Gran debut de Leonel C\u00e1rdenas en el Abierto de Canad\u00e1 de Squash - Esbozo Deportivo\" \/>\n<meta property=\"og:description\" content=\"El squashista Leonel C\u00e1rdenas Mora sigue en gran forma en su gira por el orbe, pues este martes protagoniz\u00f3 un debut de ensue\u00f1o en el Abierto Canadiense, justa perteneciente al Tour 2025 de la Asociaci\u00f3n Profesional de la especialidad (PSA, por sus siglas en ingl\u00e9s), y que otorga puntos de ranking mundial.\" \/>\n<meta property=\"og:url\" content=\"https:\/\/esbozodeportivo.com\/index.php\/2025\/02\/26\/gran-debut-de-leonel-cardenas-en-el-abierto-de-canada-de-squash\/\" \/>\n<meta property=\"og:site_name\" content=\"Esbozo Deportivo\" \/>\n<meta property=\"article:published_time\" content=\"2025-02-26T06:44:15+00:00\" \/>\n<meta property=\"og:image\" content=\"https:\/\/esbozodeportivo.com\/wp-content\/uploads\/2025\/02\/Leonel-Cardenas.jpeg\" \/>\n\t<meta property=\"og:image:width\" content=\"650\" \/>\n\t<meta property=\"og:image:height\" content=\"380\" \/>\n\t<meta property=\"og:image:type\" content=\"image\/jpeg\" \/>\n<meta name=\"author\" content=\"Javier De La Cruz\" \/>\n<meta name=\"twitter:card\" content=\"summary_large_image\" \/>\n<meta name=\"twitter:label1\" content=\"Escrito por\" \/>\n\t<meta name=\"twitter:data1\" content=\"Javier De La Cruz\" \/>\n\t<meta name=\"twitter:label2\" content=\"Tiempo de lectura\" \/>\n\t<meta name=\"twitter:data2\" content=\"1 minuto\" \/>\n<script type=\"application\/ld+json\" class=\"yoast-schema-graph\">{\"@context\":\"https:\/\/schema.org\",\"@graph\":[{\"@type\":\"Article\",\"@id\":\"https:\/\/esbozodeportivo.com\/index.php\/2025\/02\/26\/gran-debut-de-leonel-cardenas-en-el-abierto-de-canada-de-squash\/#article\",\"isPartOf\":{\"@id\":\"https:\/\/esbozodeportivo.com\/index.php\/2025\/02\/26\/gran-debut-de-leonel-cardenas-en-el-abierto-de-canada-de-squash\/\"},\"author\":{\"name\":\"Javier De La Cruz\",\"@id\":\"https:\/\/esbozodeportivo.com\/#\/schema\/person\/7277119c98823aec37bbb84e125efd44\"},\"headline\":\"Gran debut de Leonel C\u00e1rdenas en el Abierto de Canad\u00e1 de Squash\",\"datePublished\":\"2025-02-26T06:44:15+00:00\",\"mainEntityOfPage\":{\"@id\":\"https:\/\/esbozodeportivo.com\/index.php\/2025\/02\/26\/gran-debut-de-leonel-cardenas-en-el-abierto-de-canada-de-squash\/\"},\"wordCount\":194,\"publisher\":{\"@id\":\"https:\/\/esbozodeportivo.com\/#organization\"},\"image\":{\"@id\":\"https:\/\/esbozodeportivo.com\/index.php\/2025\/02\/26\/gran-debut-de-leonel-cardenas-en-el-abierto-de-canada-de-squash\/#primaryimage\"},\"thumbnailUrl\":\"https:\/\/esbozodeportivo.com\/wp-content\/uploads\/2025\/02\/Leonel-Cardenas.jpeg\",\"articleSection\":[\"Amateur\"],\"inLanguage\":\"es\"},{\"@type\":\"WebPage\",\"@id\":\"https:\/\/esbozodeportivo.com\/index.php\/2025\/02\/26\/gran-debut-de-leonel-cardenas-en-el-abierto-de-canada-de-squash\/\",\"url\":\"https:\/\/esbozodeportivo.com\/index.php\/2025\/02\/26\/gran-debut-de-leonel-cardenas-en-el-abierto-de-canada-de-squash\/\",\"name\":\"Gran debut de Leonel C\u00e1rdenas en el Abierto de Canad\u00e1 de Squash - Esbozo Deportivo\",\"isPartOf\":{\"@id\":\"https:\/\/esbozodeportivo.com\/#website\"},\"primaryImageOfPage\":{\"@id\":\"https:\/\/esbozodeportivo.com\/index.php\/2025\/02\/26\/gran-debut-de-leonel-cardenas-en-el-abierto-de-canada-de-squash\/#primaryimage\"},\"image\":{\"@id\":\"https:\/\/esbozodeportivo.com\/index.php\/2025\/02\/26\/gran-debut-de-leonel-cardenas-en-el-abierto-de-canada-de-squash\/#primaryimage\"},\"thumbnailUrl\":\"https:\/\/esbozodeportivo.com\/wp-content\/uploads\/2025\/02\/Leonel-Cardenas.jpeg\",\"datePublished\":\"2025-02-26T06:44:15+00:00\",\"description\":\"El squashista Leonel C\u00e1rdenas Mora sigue en gran forma en su gira por el orbe, pues este martes protagoniz\u00f3 un debut de ensue\u00f1o en el Abierto Canadiense, justa perteneciente al Tour 2025 de la Asociaci\u00f3n Profesional de la especialidad (PSA, por sus siglas en ingl\u00e9s), y que otorga puntos de ranking mundial.\",\"breadcrumb\":{\"@id\":\"https:\/\/esbozodeportivo.com\/index.php\/2025\/02\/26\/gran-debut-de-leonel-cardenas-en-el-abierto-de-canada-de-squash\/#breadcrumb\"},\"inLanguage\":\"es\",\"potentialAction\":[{\"@type\":\"ReadAction\",\"target\":[\"https:\/\/esbozodeportivo.com\/index.php\/2025\/02\/26\/gran-debut-de-leonel-cardenas-en-el-abierto-de-canada-de-squash\/\"]}]},{\"@type\":\"ImageObject\",\"inLanguage\":\"es\",\"@id\":\"https:\/\/esbozodeportivo.com\/index.php\/2025\/02\/26\/gran-debut-de-leonel-cardenas-en-el-abierto-de-canada-de-squash\/#primaryimage\",\"url\":\"https:\/\/esbozodeportivo.com\/wp-content\/uploads\/2025\/02\/Leonel-Cardenas.jpeg\",\"contentUrl\":\"https:\/\/esbozodeportivo.com\/wp-content\/uploads\/2025\/02\/Leonel-Cardenas.jpeg\",\"width\":650,\"height\":380},{\"@type\":\"BreadcrumbList\",\"@id\":\"https:\/\/esbozodeportivo.com\/index.php\/2025\/02\/26\/gran-debut-de-leonel-cardenas-en-el-abierto-de-canada-de-squash\/#breadcrumb\",\"itemListElement\":[{\"@type\":\"ListItem\",\"position\":1,\"name\":\"Inicio\",\"item\":\"https:\/\/esbozodeportivo.com\/\"},{\"@type\":\"ListItem\",\"position\":2,\"name\":\"Gran debut de Leonel C\u00e1rdenas en el Abierto de Canad\u00e1 de Squash\"}]},{\"@type\":\"WebSite\",\"@id\":\"https:\/\/esbozodeportivo.com\/#website\",\"url\":\"https:\/\/esbozodeportivo.com\/\",\"name\":\"Esbozo Deportivo\",\"description\":\"Lo m\u00e1s importante del Deporte\",\"publisher\":{\"@id\":\"https:\/\/esbozodeportivo.com\/#organization\"},\"potentialAction\":[{\"@type\":\"SearchAction\",\"target\":{\"@type\":\"EntryPoint\",\"urlTemplate\":\"https:\/\/esbozodeportivo.com\/?s={search_term_string}\"},\"query-input\":{\"@type\":\"PropertyValueSpecification\",\"valueRequired\":true,\"valueName\":\"search_term_string\"}}],\"inLanguage\":\"es\"},{\"@type\":\"Organization\",\"@id\":\"https:\/\/esbozodeportivo.com\/#organization\",\"name\":\"Esbozo Deportivo\",\"url\":\"https:\/\/esbozodeportivo.com\/\",\"logo\":{\"@type\":\"ImageObject\",\"inLanguage\":\"es\",\"@id\":\"https:\/\/esbozodeportivo.com\/#\/schema\/logo\/image\/\",\"url\":\"https:\/\/esbozodeportivo.com\/wp-content\/uploads\/2022\/08\/cropped-Logo-Esbozo-Web-2.png\",\"contentUrl\":\"https:\/\/esbozodeportivo.com\/wp-content\/uploads\/2022\/08\/cropped-Logo-Esbozo-Web-2.png\",\"width\":180,\"height\":50,\"caption\":\"Esbozo Deportivo\"},\"image\":{\"@id\":\"https:\/\/esbozodeportivo.com\/#\/schema\/logo\/image\/\"}},{\"@type\":\"Person\",\"@id\":\"https:\/\/esbozodeportivo.com\/#\/schema\/person\/7277119c98823aec37bbb84e125efd44\",\"name\":\"Javier De La Cruz\",\"image\":{\"@type\":\"ImageObject\",\"inLanguage\":\"es\",\"@id\":\"https:\/\/esbozodeportivo.com\/#\/schema\/person\/image\/\",\"url\":\"https:\/\/secure.gravatar.com\/avatar\/366235a56d20f1a6e8e3d0b295897639357bea880470ddf261d17bb0bc052eb1?s=96&d=mm&r=g\",\"contentUrl\":\"https:\/\/secure.gravatar.com\/avatar\/366235a56d20f1a6e8e3d0b295897639357bea880470ddf261d17bb0bc052eb1?s=96&d=mm&r=g\",\"caption\":\"Javier De La Cruz\"},\"url\":\"https:\/\/esbozodeportivo.com\/index.php\/author\/javier-de-la-cruz-de-la-cruz\/\"}]}<\/script>\n<!-- \/ Yoast SEO plugin. -->","yoast_head_json":{"title":"Gran debut de Leonel C\u00e1rdenas en el Abierto de Canad\u00e1 de Squash - Esbozo Deportivo","description":"El squashista Leonel C\u00e1rdenas Mora sigue en gran forma en su gira por el orbe, pues este martes protagoniz\u00f3 un debut de ensue\u00f1o en el Abierto Canadiense, justa perteneciente al Tour 2025 de la Asociaci\u00f3n Profesional de la especialidad (PSA, por sus siglas en ingl\u00e9s), y que otorga puntos de ranking mundial.","robots":{"index":"index","follow":"follow","max-snippet":"max-snippet:-1","max-image-preview":"max-image-preview:large","max-video-preview":"max-video-preview:-1"},"canonical":"https:\/\/esbozodeportivo.com\/index.php\/2025\/02\/26\/gran-debut-de-leonel-cardenas-en-el-abierto-de-canada-de-squash\/","og_locale":"es_MX","og_type":"article","og_title":"Gran debut de Leonel C\u00e1rdenas en el Abierto de Canad\u00e1 de Squash - Esbozo Deportivo","og_description":"El squashista Leonel C\u00e1rdenas Mora sigue en gran forma en su gira por el orbe, pues este martes protagoniz\u00f3 un debut de ensue\u00f1o en el Abierto Canadiense, justa perteneciente al Tour 2025 de la Asociaci\u00f3n Profesional de la especialidad (PSA, por sus siglas en ingl\u00e9s), y que otorga puntos de ranking mundial.","og_url":"https:\/\/esbozodeportivo.com\/index.php\/2025\/02\/26\/gran-debut-de-leonel-cardenas-en-el-abierto-de-canada-de-squash\/","og_site_name":"Esbozo Deportivo","article_published_time":"2025-02-26T06:44:15+00:00","og_image":[{"width":650,"height":380,"url":"https:\/\/esbozodeportivo.com\/wp-content\/uploads\/2025\/02\/Leonel-Cardenas.jpeg","type":"image\/jpeg"}],"author":"Javier De La Cruz","twitter_card":"summary_large_image","twitter_misc":{"Escrito por":"Javier De La Cruz","Tiempo de lectura":"1 minuto"},"schema":{"@context":"https:\/\/schema.org","@graph":[{"@type":"Article","@id":"https:\/\/esbozodeportivo.com\/index.php\/2025\/02\/26\/gran-debut-de-leonel-cardenas-en-el-abierto-de-canada-de-squash\/#article","isPartOf":{"@id":"https:\/\/esbozodeportivo.com\/index.php\/2025\/02\/26\/gran-debut-de-leonel-cardenas-en-el-abierto-de-canada-de-squash\/"},"author":{"name":"Javier De La Cruz","@id":"https:\/\/esbozodeportivo.com\/#\/schema\/person\/7277119c98823aec37bbb84e125efd44"},"headline":"Gran debut de Leonel C\u00e1rdenas en el Abierto de Canad\u00e1 de Squash","datePublished":"2025-02-26T06:44:15+00:00","mainEntityOfPage":{"@id":"https:\/\/esbozodeportivo.com\/index.php\/2025\/02\/26\/gran-debut-de-leonel-cardenas-en-el-abierto-de-canada-de-squash\/"},"wordCount":194,"publisher":{"@id":"https:\/\/esbozodeportivo.com\/#organization"},"image":{"@id":"https:\/\/esbozodeportivo.com\/index.php\/2025\/02\/26\/gran-debut-de-leonel-cardenas-en-el-abierto-de-canada-de-squash\/#primaryimage"},"thumbnailUrl":"https:\/\/esbozodeportivo.com\/wp-content\/uploads\/2025\/02\/Leonel-Cardenas.jpeg","articleSection":["Amateur"],"inLanguage":"es"},{"@type":"WebPage","@id":"https:\/\/esbozodeportivo.com\/index.php\/2025\/02\/26\/gran-debut-de-leonel-cardenas-en-el-abierto-de-canada-de-squash\/","url":"https:\/\/esbozodeportivo.com\/index.php\/2025\/02\/26\/gran-debut-de-leonel-cardenas-en-el-abierto-de-canada-de-squash\/","name":"Gran debut de Leonel C\u00e1rdenas en el Abierto de Canad\u00e1 de Squash - Esbozo Deportivo","isPartOf":{"@id":"https:\/\/esbozodeportivo.com\/#website"},"primaryImageOfPage":{"@id":"https:\/\/esbozodeportivo.com\/index.php\/2025\/02\/26\/gran-debut-de-leonel-cardenas-en-el-abierto-de-canada-de-squash\/#primaryimage"},"image":{"@id":"https:\/\/esbozodeportivo.com\/index.php\/2025\/02\/26\/gran-debut-de-leonel-cardenas-en-el-abierto-de-canada-de-squash\/#primaryimage"},"thumbnailUrl":"https:\/\/esbozodeportivo.com\/wp-content\/uploads\/2025\/02\/Leonel-Cardenas.jpeg","datePublished":"2025-02-26T06:44:15+00:00","description":"El squashista Leonel C\u00e1rdenas Mora sigue en gran forma en su gira por el orbe, pues este martes protagoniz\u00f3 un debut de ensue\u00f1o en el Abierto Canadiense, justa perteneciente al Tour 2025 de la Asociaci\u00f3n Profesional de la especialidad (PSA, por sus siglas en ingl\u00e9s), y que otorga puntos de ranking mundial.","breadcrumb":{"@id":"https:\/\/esbozodeportivo.com\/index.php\/2025\/02\/26\/gran-debut-de-leonel-cardenas-en-el-abierto-de-canada-de-squash\/#breadcrumb"},"inLanguage":"es","potentialAction":[{"@type":"ReadAction","target":["https:\/\/esbozodeportivo.com\/index.php\/2025\/02\/26\/gran-debut-de-leonel-cardenas-en-el-abierto-de-canada-de-squash\/"]}]},{"@type":"ImageObject","inLanguage":"es","@id":"https:\/\/esbozodeportivo.com\/index.php\/2025\/02\/26\/gran-debut-de-leonel-cardenas-en-el-abierto-de-canada-de-squash\/#primaryimage","url":"https:\/\/esbozodeportivo.com\/wp-content\/uploads\/2025\/02\/Leonel-Cardenas.jpeg","contentUrl":"https:\/\/esbozodeportivo.com\/wp-content\/uploads\/2025\/02\/Leonel-Cardenas.jpeg","width":650,"height":380},{"@type":"BreadcrumbList","@id":"https:\/\/esbozodeportivo.com\/index.php\/2025\/02\/26\/gran-debut-de-leonel-cardenas-en-el-abierto-de-canada-de-squash\/#breadcrumb","itemListElement":[{"@type":"ListItem","position":1,"name":"Inicio","item":"https:\/\/esbozodeportivo.com\/"},{"@type":"ListItem","position":2,"name":"Gran debut de Leonel C\u00e1rdenas en el Abierto de Canad\u00e1 de Squash"}]},{"@type":"WebSite","@id":"https:\/\/esbozodeportivo.com\/#website","url":"https:\/\/esbozodeportivo.com\/","name":"Esbozo Deportivo","description":"Lo m\u00e1s importante del Deporte","publisher":{"@id":"https:\/\/esbozodeportivo.com\/#organization"},"potentialAction":[{"@type":"SearchAction","target":{"@type":"EntryPoint","urlTemplate":"https:\/\/esbozodeportivo.com\/?s={search_term_string}"},"query-input":{"@type":"PropertyValueSpecification","valueRequired":true,"valueName":"search_term_string"}}],"inLanguage":"es"},{"@type":"Organization","@id":"https:\/\/esbozodeportivo.com\/#organization","name":"Esbozo Deportivo","url":"https:\/\/esbozodeportivo.com\/","logo":{"@type":"ImageObject","inLanguage":"es","@id":"https:\/\/esbozodeportivo.com\/#\/schema\/logo\/image\/","url":"https:\/\/esbozodeportivo.com\/wp-content\/uploads\/2022\/08\/cropped-Logo-Esbozo-Web-2.png","contentUrl":"https:\/\/esbozodeportivo.com\/wp-content\/uploads\/2022\/08\/cropped-Logo-Esbozo-Web-2.png","width":180,"height":50,"caption":"Esbozo Deportivo"},"image":{"@id":"https:\/\/esbozodeportivo.com\/#\/schema\/logo\/image\/"}},{"@type":"Person","@id":"https:\/\/esbozodeportivo.com\/#\/schema\/person\/7277119c98823aec37bbb84e125efd44","name":"Javier De La Cruz","image":{"@type":"ImageObject","inLanguage":"es","@id":"https:\/\/esbozodeportivo.com\/#\/schema\/person\/image\/","url":"https:\/\/secure.gravatar.com\/avatar\/366235a56d20f1a6e8e3d0b295897639357bea880470ddf261d17bb0bc052eb1?s=96&d=mm&r=g","contentUrl":"https:\/\/secure.gravatar.com\/avatar\/366235a56d20f1a6e8e3d0b295897639357bea880470ddf261d17bb0bc052eb1?s=96&d=mm&r=g","caption":"Javier De La Cruz"},"url":"https:\/\/esbozodeportivo.com\/index.php\/author\/javier-de-la-cruz-de-la-cruz\/"}]}},"jetpack_featured_media_url":"https:\/\/esbozodeportivo.com\/wp-content\/uploads\/2025\/02\/Leonel-Cardenas.jpeg","jetpack_sharing_enabled":true,"_links":{"self":[{"href":"https:\/\/esbozodeportivo.com\/index.php\/wp-json\/wp\/v2\/posts\/6018","targetHints":{"allow":["GET"]}}],"collection":[{"href":"https:\/\/esbozodeportivo.com\/index.php\/wp-json\/wp\/v2\/posts"}],"about":[{"href":"https:\/\/esbozodeportivo.com\/index.php\/wp-json\/wp\/v2\/types\/post"}],"author":[{"embeddable":true,"href":"https:\/\/esbozodeportivo.com\/index.php\/wp-json\/wp\/v2\/users\/2"}],"replies":[{"embeddable":true,"href":"https:\/\/esbozodeportivo.com\/index.php\/wp-json\/wp\/v2\/comments?post=6018"}],"version-history":[{"count":1,"href":"https:\/\/esbozodeportivo.com\/index.php\/wp-json\/wp\/v2\/posts\/6018\/revisions"}],"predecessor-version":[{"id":6019,"href":"https:\/\/esbozodeportivo.com\/index.php\/wp-json\/wp\/v2\/posts\/6018\/revisions\/6019"}],"wp:featuredmedia":[{"embeddable":true,"href":"https:\/\/esbozodeportivo.com\/index.php\/wp-json\/wp\/v2\/media\/6015"}],"wp:attachment":[{"href":"https:\/\/esbozodeportivo.com\/index.php\/wp-json\/wp\/v2\/media?parent=6018"}],"wp:term":[{"taxonomy":"category","embeddable":true,"href":"https:\/\/esbozodeportivo.com\/index.php\/wp-json\/wp\/v2\/categories?post=6018"},{"taxonomy":"post_tag","embeddable":true,"href":"https:\/\/esbozodeportivo.com\/index.php\/wp-json\/wp\/v2\/tags?post=6018"}],"curies":[{"name":"wp","href":"https:\/\/api.w.org\/{rel}","templated":true}]}}