{"id":6027,"date":"2025-02-26T19:06:24","date_gmt":"2025-02-27T01:06:24","guid":{"rendered":"https:\/\/esbozodeportivo.com\/?p=6027"},"modified":"2025-02-26T19:06:25","modified_gmt":"2025-02-27T01:06:25","slug":"seleccion-mexicana-de-ciclismo-estara-en-la-copa-puerto-rico-de-mtb-2025","status":"publish","type":"post","link":"https:\/\/esbozodeportivo.com\/index.php\/2025\/02\/26\/seleccion-mexicana-de-ciclismo-estara-en-la-copa-puerto-rico-de-mtb-2025\/","title":{"rendered":"Selecci\u00f3n mexicana de ciclismo estar\u00e1 en la Copa Puerto Rico de MTB 2025"},"content":{"rendered":"\n<p>(Foto: Cortes\u00eda) <\/p>\n\n\n\n<p>La selecci\u00f3n mexicana de ciclismo de monta\u00f1a continuar\u00e1 su participaci\u00f3n en el calendario internacional de la <strong>Uni\u00f3n Ciclista Internacional<\/strong> (UCI) al competir en la <strong>Copa Puerto Rico de MTB 2025<\/strong>, que se llevar\u00e1 a cabo los d\u00edas 28 de febrero y 1 de marzo en la ciudad de Rinc\u00f3n en la costa oeste del pa\u00eds caribe\u00f1o.<\/p>\n\n\n\n<p>Tras su destacada actuaci\u00f3n en el <strong>Tropical MTB Challenge 2025<\/strong>, el representativo nacional enfrentar\u00e1 este nuevo compromiso con el objetivo de obtener unidades que contribuyan a su posicionamiento en el ranking mundial. De acuerdo con el comit\u00e9 organizador, la competencia reunir\u00e1 a atletas de las ramas femenil y varonil en las categor\u00edas <strong>\u00c9lite<\/strong>, <strong>Sub-23<\/strong> y <strong>Junio<\/strong>r, en un evento de categor\u00eda 1.<\/p>\n\n\n\n<p>En la rama femenil, <strong>M\u00e9xico<\/strong> estar\u00e1 representado por la ciclista ol\u00edmpica de <strong>Par\u00eds 2024<\/strong>, <strong>Erika Monserrath Rodr\u00edguez Su\u00e1rez<\/strong>, la reciente doble medallista de oro en la categor\u00eda <strong>Sub-23 femenil del Tropical MTB Challenge 2025<\/strong>, <strong>Mar\u00eda Carolina Flores Garc\u00eda,<\/strong> as\u00ed como por <strong>Joy Harumi M\u00e9ndez Garc\u00eda<\/strong>, <strong>Yosselin Morales de la Cruz <\/strong>y <strong>Yurithzi Z\u00fa\u00f1iga P\u00e9rez<\/strong>.<\/p>\n\n\n\n<p>Por su parte, en la rama varonil la delegaci\u00f3n estar\u00e1 conformada por el doble medallista de plata en el <strong>Tropical MTB Challenge 2025<\/strong>, <strong>Iv\u00e1n Aguilar Villegas<\/strong>, <strong>Esteban Herrera Ochoa<\/strong>, <strong>Antonio de Jes\u00fas Sandoval Jim\u00e9nez<\/strong> y <strong>Jos\u00e9 Gerardo Ulloa Ar\u00e9valo<\/strong>.<\/p>\n\n\n\n<p>La competencia se llevar\u00e1 a cabo en la pista de ciclismo de monta\u00f1a de <strong>Rinc\u00f3n<\/strong>, instalaci\u00f3n que fungi\u00f3 como sede de los <strong>Juegos Centroamericanos y del Caribe 2010<\/strong>, ubicada en la regi\u00f3n occidental de <strong>Puerto Rico<\/strong>.<\/p>\n\n\n\n<p>El programa de competencias contempla la prueba de <strong>Cross Country Short Track<\/strong> (XCC), con un recorrido de 1.4 kil\u00f3metros, a disputarse el 28 de febrero, mientras que la prueba de <strong>Cross Country Ol\u00edmpico<\/strong> (XCO), con una distancia de 4.7 kil\u00f3metros, se llevar\u00e1 a cabo el 1 de marzo.<\/p>\n\n\n\n<p>La <strong>Copa Puerto Rico de MTB 2025<\/strong> constituye el segundo evento internacional de la temporada para la selecci\u00f3n mexicana de ciclismo de monta\u00f1a: este certamen avalado por la <strong>Uni\u00f3n Ciclista Internacional<\/strong> (UCI), otorgar\u00e1 puntos para el ranking individual, lo que contribuir\u00e1 al proceso clasificatorio de los atletas en el circuito mundial.<\/p>\n\n\n\n<p><\/p>\n","protected":false},"excerpt":{"rendered":"<p>(Foto: Cortes\u00eda) La selecci\u00f3n mexicana de ciclismo de monta\u00f1a continuar\u00e1 su participaci\u00f3n en el calendario<\/p>\n","protected":false},"author":2,"featured_media":6025,"comment_status":"closed","ping_status":"open","sticky":false,"template":"","format":"standard","meta":{"_jetpack_memberships_contains_paid_content":false,"footnotes":""},"categories":[5],"tags":[],"class_list":["post-6027","post","type-post","status-publish","format-standard","has-post-thumbnail","hentry","category-amateur"],"yoast_head":"<!-- This site is optimized with the Yoast SEO plugin v25.7 - https:\/\/yoast.com\/wordpress\/plugins\/seo\/ -->\n<title>Selecci\u00f3n mexicana de ciclismo estar\u00e1 en la Copa Puerto Rico de MTB 2025 - Esbozo Deportivo<\/title>\n<meta name=\"description\" content=\"La selecci\u00f3n mexicana de ciclismo de monta\u00f1a continuar\u00e1 su participaci\u00f3n en el calendario internacional de la Uni\u00f3n Ciclista Internacional (UCI) al competir en la Copa Puerto Rico de MTB 2025, que se llevar\u00e1 a cabo los d\u00edas 28 de febrero y 1 de marzo en la ciudad de Rinc\u00f3n en la costa oeste del pa\u00eds caribe\u00f1o.\" \/>\n<meta name=\"robots\" content=\"index, follow, max-snippet:-1, max-image-preview:large, max-video-preview:-1\" \/>\n<link rel=\"canonical\" href=\"https:\/\/esbozodeportivo.com\/index.php\/2025\/02\/26\/seleccion-mexicana-de-ciclismo-estara-en-la-copa-puerto-rico-de-mtb-2025\/\" \/>\n<meta property=\"og:locale\" content=\"es_MX\" \/>\n<meta property=\"og:type\" content=\"article\" \/>\n<meta property=\"og:title\" content=\"Selecci\u00f3n mexicana de ciclismo estar\u00e1 en la Copa Puerto Rico de MTB 2025 - Esbozo Deportivo\" \/>\n<meta property=\"og:description\" content=\"La selecci\u00f3n mexicana de ciclismo de monta\u00f1a continuar\u00e1 su participaci\u00f3n en el calendario internacional de la Uni\u00f3n Ciclista Internacional (UCI) al competir en la Copa Puerto Rico de MTB 2025, que se llevar\u00e1 a cabo los d\u00edas 28 de febrero y 1 de marzo en la ciudad de Rinc\u00f3n en la costa oeste del pa\u00eds caribe\u00f1o.\" \/>\n<meta property=\"og:url\" content=\"https:\/\/esbozodeportivo.com\/index.php\/2025\/02\/26\/seleccion-mexicana-de-ciclismo-estara-en-la-copa-puerto-rico-de-mtb-2025\/\" \/>\n<meta property=\"og:site_name\" content=\"Esbozo Deportivo\" \/>\n<meta property=\"article:published_time\" content=\"2025-02-27T01:06:24+00:00\" \/>\n<meta property=\"article:modified_time\" content=\"2025-02-27T01:06:25+00:00\" \/>\n<meta property=\"og:image\" content=\"https:\/\/esbozodeportivo.com\/wp-content\/uploads\/2025\/02\/Ciclismo.jpg\" \/>\n\t<meta property=\"og:image:width\" content=\"1080\" \/>\n\t<meta property=\"og:image:height\" content=\"1350\" \/>\n\t<meta property=\"og:image:type\" content=\"image\/jpeg\" \/>\n<meta name=\"author\" content=\"Javier De La Cruz\" \/>\n<meta name=\"twitter:card\" content=\"summary_large_image\" \/>\n<meta name=\"twitter:label1\" content=\"Escrito por\" \/>\n\t<meta name=\"twitter:data1\" content=\"Javier De La Cruz\" \/>\n\t<meta name=\"twitter:label2\" content=\"Tiempo de lectura\" \/>\n\t<meta name=\"twitter:data2\" content=\"2 minutos\" \/>\n<script type=\"application\/ld+json\" class=\"yoast-schema-graph\">{\"@context\":\"https:\/\/schema.org\",\"@graph\":[{\"@type\":\"Article\",\"@id\":\"https:\/\/esbozodeportivo.com\/index.php\/2025\/02\/26\/seleccion-mexicana-de-ciclismo-estara-en-la-copa-puerto-rico-de-mtb-2025\/#article\",\"isPartOf\":{\"@id\":\"https:\/\/esbozodeportivo.com\/index.php\/2025\/02\/26\/seleccion-mexicana-de-ciclismo-estara-en-la-copa-puerto-rico-de-mtb-2025\/\"},\"author\":{\"name\":\"Javier De La Cruz\",\"@id\":\"https:\/\/esbozodeportivo.com\/#\/schema\/person\/7277119c98823aec37bbb84e125efd44\"},\"headline\":\"Selecci\u00f3n mexicana de ciclismo estar\u00e1 en la Copa Puerto Rico de MTB 2025\",\"datePublished\":\"2025-02-27T01:06:24+00:00\",\"dateModified\":\"2025-02-27T01:06:25+00:00\",\"mainEntityOfPage\":{\"@id\":\"https:\/\/esbozodeportivo.com\/index.php\/2025\/02\/26\/seleccion-mexicana-de-ciclismo-estara-en-la-copa-puerto-rico-de-mtb-2025\/\"},\"wordCount\":386,\"publisher\":{\"@id\":\"https:\/\/esbozodeportivo.com\/#organization\"},\"image\":{\"@id\":\"https:\/\/esbozodeportivo.com\/index.php\/2025\/02\/26\/seleccion-mexicana-de-ciclismo-estara-en-la-copa-puerto-rico-de-mtb-2025\/#primaryimage\"},\"thumbnailUrl\":\"https:\/\/esbozodeportivo.com\/wp-content\/uploads\/2025\/02\/Ciclismo.jpg\",\"articleSection\":[\"Amateur\"],\"inLanguage\":\"es\"},{\"@type\":\"WebPage\",\"@id\":\"https:\/\/esbozodeportivo.com\/index.php\/2025\/02\/26\/seleccion-mexicana-de-ciclismo-estara-en-la-copa-puerto-rico-de-mtb-2025\/\",\"url\":\"https:\/\/esbozodeportivo.com\/index.php\/2025\/02\/26\/seleccion-mexicana-de-ciclismo-estara-en-la-copa-puerto-rico-de-mtb-2025\/\",\"name\":\"Selecci\u00f3n mexicana de ciclismo estar\u00e1 en la Copa Puerto Rico de MTB 2025 - Esbozo Deportivo\",\"isPartOf\":{\"@id\":\"https:\/\/esbozodeportivo.com\/#website\"},\"primaryImageOfPage\":{\"@id\":\"https:\/\/esbozodeportivo.com\/index.php\/2025\/02\/26\/seleccion-mexicana-de-ciclismo-estara-en-la-copa-puerto-rico-de-mtb-2025\/#primaryimage\"},\"image\":{\"@id\":\"https:\/\/esbozodeportivo.com\/index.php\/2025\/02\/26\/seleccion-mexicana-de-ciclismo-estara-en-la-copa-puerto-rico-de-mtb-2025\/#primaryimage\"},\"thumbnailUrl\":\"https:\/\/esbozodeportivo.com\/wp-content\/uploads\/2025\/02\/Ciclismo.jpg\",\"datePublished\":\"2025-02-27T01:06:24+00:00\",\"dateModified\":\"2025-02-27T01:06:25+00:00\",\"description\":\"La selecci\u00f3n mexicana de ciclismo de monta\u00f1a continuar\u00e1 su participaci\u00f3n en el calendario internacional de la Uni\u00f3n Ciclista Internacional (UCI) al competir en la Copa Puerto Rico de MTB 2025, que se llevar\u00e1 a cabo los d\u00edas 28 de febrero y 1 de marzo en la ciudad de Rinc\u00f3n en la costa oeste del pa\u00eds caribe\u00f1o.\",\"breadcrumb\":{\"@id\":\"https:\/\/esbozodeportivo.com\/index.php\/2025\/02\/26\/seleccion-mexicana-de-ciclismo-estara-en-la-copa-puerto-rico-de-mtb-2025\/#breadcrumb\"},\"inLanguage\":\"es\",\"potentialAction\":[{\"@type\":\"ReadAction\",\"target\":[\"https:\/\/esbozodeportivo.com\/index.php\/2025\/02\/26\/seleccion-mexicana-de-ciclismo-estara-en-la-copa-puerto-rico-de-mtb-2025\/\"]}]},{\"@type\":\"ImageObject\",\"inLanguage\":\"es\",\"@id\":\"https:\/\/esbozodeportivo.com\/index.php\/2025\/02\/26\/seleccion-mexicana-de-ciclismo-estara-en-la-copa-puerto-rico-de-mtb-2025\/#primaryimage\",\"url\":\"https:\/\/esbozodeportivo.com\/wp-content\/uploads\/2025\/02\/Ciclismo.jpg\",\"contentUrl\":\"https:\/\/esbozodeportivo.com\/wp-content\/uploads\/2025\/02\/Ciclismo.jpg\",\"width\":1080,\"height\":1350},{\"@type\":\"BreadcrumbList\",\"@id\":\"https:\/\/esbozodeportivo.com\/index.php\/2025\/02\/26\/seleccion-mexicana-de-ciclismo-estara-en-la-copa-puerto-rico-de-mtb-2025\/#breadcrumb\",\"itemListElement\":[{\"@type\":\"ListItem\",\"position\":1,\"name\":\"Inicio\",\"item\":\"https:\/\/esbozodeportivo.com\/\"},{\"@type\":\"ListItem\",\"position\":2,\"name\":\"Selecci\u00f3n mexicana de ciclismo estar\u00e1 en la Copa Puerto Rico de MTB 2025\"}]},{\"@type\":\"WebSite\",\"@id\":\"https:\/\/esbozodeportivo.com\/#website\",\"url\":\"https:\/\/esbozodeportivo.com\/\",\"name\":\"Esbozo Deportivo\",\"description\":\"Lo m\u00e1s importante del Deporte\",\"publisher\":{\"@id\":\"https:\/\/esbozodeportivo.com\/#organization\"},\"potentialAction\":[{\"@type\":\"SearchAction\",\"target\":{\"@type\":\"EntryPoint\",\"urlTemplate\":\"https:\/\/esbozodeportivo.com\/?s={search_term_string}\"},\"query-input\":{\"@type\":\"PropertyValueSpecification\",\"valueRequired\":true,\"valueName\":\"search_term_string\"}}],\"inLanguage\":\"es\"},{\"@type\":\"Organization\",\"@id\":\"https:\/\/esbozodeportivo.com\/#organization\",\"name\":\"Esbozo Deportivo\",\"url\":\"https:\/\/esbozodeportivo.com\/\",\"logo\":{\"@type\":\"ImageObject\",\"inLanguage\":\"es\",\"@id\":\"https:\/\/esbozodeportivo.com\/#\/schema\/logo\/image\/\",\"url\":\"https:\/\/esbozodeportivo.com\/wp-content\/uploads\/2022\/08\/cropped-Logo-Esbozo-Web-2.png\",\"contentUrl\":\"https:\/\/esbozodeportivo.com\/wp-content\/uploads\/2022\/08\/cropped-Logo-Esbozo-Web-2.png\",\"width\":180,\"height\":50,\"caption\":\"Esbozo Deportivo\"},\"image\":{\"@id\":\"https:\/\/esbozodeportivo.com\/#\/schema\/logo\/image\/\"}},{\"@type\":\"Person\",\"@id\":\"https:\/\/esbozodeportivo.com\/#\/schema\/person\/7277119c98823aec37bbb84e125efd44\",\"name\":\"Javier De La Cruz\",\"image\":{\"@type\":\"ImageObject\",\"inLanguage\":\"es\",\"@id\":\"https:\/\/esbozodeportivo.com\/#\/schema\/person\/image\/\",\"url\":\"https:\/\/secure.gravatar.com\/avatar\/366235a56d20f1a6e8e3d0b295897639357bea880470ddf261d17bb0bc052eb1?s=96&d=mm&r=g\",\"contentUrl\":\"https:\/\/secure.gravatar.com\/avatar\/366235a56d20f1a6e8e3d0b295897639357bea880470ddf261d17bb0bc052eb1?s=96&d=mm&r=g\",\"caption\":\"Javier De La Cruz\"},\"url\":\"https:\/\/esbozodeportivo.com\/index.php\/author\/javier-de-la-cruz-de-la-cruz\/\"}]}<\/script>\n<!-- \/ Yoast SEO plugin. -->","yoast_head_json":{"title":"Selecci\u00f3n mexicana de ciclismo estar\u00e1 en la Copa Puerto Rico de MTB 2025 - Esbozo Deportivo","description":"La selecci\u00f3n mexicana de ciclismo de monta\u00f1a continuar\u00e1 su participaci\u00f3n en el calendario internacional de la Uni\u00f3n Ciclista Internacional (UCI) al competir en la Copa Puerto Rico de MTB 2025, que se llevar\u00e1 a cabo los d\u00edas 28 de febrero y 1 de marzo en la ciudad de Rinc\u00f3n en la costa oeste del pa\u00eds caribe\u00f1o.","robots":{"index":"index","follow":"follow","max-snippet":"max-snippet:-1","max-image-preview":"max-image-preview:large","max-video-preview":"max-video-preview:-1"},"canonical":"https:\/\/esbozodeportivo.com\/index.php\/2025\/02\/26\/seleccion-mexicana-de-ciclismo-estara-en-la-copa-puerto-rico-de-mtb-2025\/","og_locale":"es_MX","og_type":"article","og_title":"Selecci\u00f3n mexicana de ciclismo estar\u00e1 en la Copa Puerto Rico de MTB 2025 - Esbozo Deportivo","og_description":"La selecci\u00f3n mexicana de ciclismo de monta\u00f1a continuar\u00e1 su participaci\u00f3n en el calendario internacional de la Uni\u00f3n Ciclista Internacional (UCI) al competir en la Copa Puerto Rico de MTB 2025, que se llevar\u00e1 a cabo los d\u00edas 28 de febrero y 1 de marzo en la ciudad de Rinc\u00f3n en la costa oeste del pa\u00eds caribe\u00f1o.","og_url":"https:\/\/esbozodeportivo.com\/index.php\/2025\/02\/26\/seleccion-mexicana-de-ciclismo-estara-en-la-copa-puerto-rico-de-mtb-2025\/","og_site_name":"Esbozo Deportivo","article_published_time":"2025-02-27T01:06:24+00:00","article_modified_time":"2025-02-27T01:06:25+00:00","og_image":[{"width":1080,"height":1350,"url":"https:\/\/esbozodeportivo.com\/wp-content\/uploads\/2025\/02\/Ciclismo.jpg","type":"image\/jpeg"}],"author":"Javier De La Cruz","twitter_card":"summary_large_image","twitter_misc":{"Escrito por":"Javier De La Cruz","Tiempo de lectura":"2 minutos"},"schema":{"@context":"https:\/\/schema.org","@graph":[{"@type":"Article","@id":"https:\/\/esbozodeportivo.com\/index.php\/2025\/02\/26\/seleccion-mexicana-de-ciclismo-estara-en-la-copa-puerto-rico-de-mtb-2025\/#article","isPartOf":{"@id":"https:\/\/esbozodeportivo.com\/index.php\/2025\/02\/26\/seleccion-mexicana-de-ciclismo-estara-en-la-copa-puerto-rico-de-mtb-2025\/"},"author":{"name":"Javier De La Cruz","@id":"https:\/\/esbozodeportivo.com\/#\/schema\/person\/7277119c98823aec37bbb84e125efd44"},"headline":"Selecci\u00f3n mexicana de ciclismo estar\u00e1 en la Copa Puerto Rico de MTB 2025","datePublished":"2025-02-27T01:06:24+00:00","dateModified":"2025-02-27T01:06:25+00:00","mainEntityOfPage":{"@id":"https:\/\/esbozodeportivo.com\/index.php\/2025\/02\/26\/seleccion-mexicana-de-ciclismo-estara-en-la-copa-puerto-rico-de-mtb-2025\/"},"wordCount":386,"publisher":{"@id":"https:\/\/esbozodeportivo.com\/#organization"},"image":{"@id":"https:\/\/esbozodeportivo.com\/index.php\/2025\/02\/26\/seleccion-mexicana-de-ciclismo-estara-en-la-copa-puerto-rico-de-mtb-2025\/#primaryimage"},"thumbnailUrl":"https:\/\/esbozodeportivo.com\/wp-content\/uploads\/2025\/02\/Ciclismo.jpg","articleSection":["Amateur"],"inLanguage":"es"},{"@type":"WebPage","@id":"https:\/\/esbozodeportivo.com\/index.php\/2025\/02\/26\/seleccion-mexicana-de-ciclismo-estara-en-la-copa-puerto-rico-de-mtb-2025\/","url":"https:\/\/esbozodeportivo.com\/index.php\/2025\/02\/26\/seleccion-mexicana-de-ciclismo-estara-en-la-copa-puerto-rico-de-mtb-2025\/","name":"Selecci\u00f3n mexicana de ciclismo estar\u00e1 en la Copa Puerto Rico de MTB 2025 - Esbozo Deportivo","isPartOf":{"@id":"https:\/\/esbozodeportivo.com\/#website"},"primaryImageOfPage":{"@id":"https:\/\/esbozodeportivo.com\/index.php\/2025\/02\/26\/seleccion-mexicana-de-ciclismo-estara-en-la-copa-puerto-rico-de-mtb-2025\/#primaryimage"},"image":{"@id":"https:\/\/esbozodeportivo.com\/index.php\/2025\/02\/26\/seleccion-mexicana-de-ciclismo-estara-en-la-copa-puerto-rico-de-mtb-2025\/#primaryimage"},"thumbnailUrl":"https:\/\/esbozodeportivo.com\/wp-content\/uploads\/2025\/02\/Ciclismo.jpg","datePublished":"2025-02-27T01:06:24+00:00","dateModified":"2025-02-27T01:06:25+00:00","description":"La selecci\u00f3n mexicana de ciclismo de monta\u00f1a continuar\u00e1 su participaci\u00f3n en el calendario internacional de la Uni\u00f3n Ciclista Internacional (UCI) al competir en la Copa Puerto Rico de MTB 2025, que se llevar\u00e1 a cabo los d\u00edas 28 de febrero y 1 de marzo en la ciudad de Rinc\u00f3n en la costa oeste del pa\u00eds caribe\u00f1o.","breadcrumb":{"@id":"https:\/\/esbozodeportivo.com\/index.php\/2025\/02\/26\/seleccion-mexicana-de-ciclismo-estara-en-la-copa-puerto-rico-de-mtb-2025\/#breadcrumb"},"inLanguage":"es","potentialAction":[{"@type":"ReadAction","target":["https:\/\/esbozodeportivo.com\/index.php\/2025\/02\/26\/seleccion-mexicana-de-ciclismo-estara-en-la-copa-puerto-rico-de-mtb-2025\/"]}]},{"@type":"ImageObject","inLanguage":"es","@id":"https:\/\/esbozodeportivo.com\/index.php\/2025\/02\/26\/seleccion-mexicana-de-ciclismo-estara-en-la-copa-puerto-rico-de-mtb-2025\/#primaryimage","url":"https:\/\/esbozodeportivo.com\/wp-content\/uploads\/2025\/02\/Ciclismo.jpg","contentUrl":"https:\/\/esbozodeportivo.com\/wp-content\/uploads\/2025\/02\/Ciclismo.jpg","width":1080,"height":1350},{"@type":"BreadcrumbList","@id":"https:\/\/esbozodeportivo.com\/index.php\/2025\/02\/26\/seleccion-mexicana-de-ciclismo-estara-en-la-copa-puerto-rico-de-mtb-2025\/#breadcrumb","itemListElement":[{"@type":"ListItem","position":1,"name":"Inicio","item":"https:\/\/esbozodeportivo.com\/"},{"@type":"ListItem","position":2,"name":"Selecci\u00f3n mexicana de ciclismo estar\u00e1 en la Copa Puerto Rico de MTB 2025"}]},{"@type":"WebSite","@id":"https:\/\/esbozodeportivo.com\/#website","url":"https:\/\/esbozodeportivo.com\/","name":"Esbozo Deportivo","description":"Lo m\u00e1s importante del Deporte","publisher":{"@id":"https:\/\/esbozodeportivo.com\/#organization"},"potentialAction":[{"@type":"SearchAction","target":{"@type":"EntryPoint","urlTemplate":"https:\/\/esbozodeportivo.com\/?s={search_term_string}"},"query-input":{"@type":"PropertyValueSpecification","valueRequired":true,"valueName":"search_term_string"}}],"inLanguage":"es"},{"@type":"Organization","@id":"https:\/\/esbozodeportivo.com\/#organization","name":"Esbozo Deportivo","url":"https:\/\/esbozodeportivo.com\/","logo":{"@type":"ImageObject","inLanguage":"es","@id":"https:\/\/esbozodeportivo.com\/#\/schema\/logo\/image\/","url":"https:\/\/esbozodeportivo.com\/wp-content\/uploads\/2022\/08\/cropped-Logo-Esbozo-Web-2.png","contentUrl":"https:\/\/esbozodeportivo.com\/wp-content\/uploads\/2022\/08\/cropped-Logo-Esbozo-Web-2.png","width":180,"height":50,"caption":"Esbozo Deportivo"},"image":{"@id":"https:\/\/esbozodeportivo.com\/#\/schema\/logo\/image\/"}},{"@type":"Person","@id":"https:\/\/esbozodeportivo.com\/#\/schema\/person\/7277119c98823aec37bbb84e125efd44","name":"Javier De La Cruz","image":{"@type":"ImageObject","inLanguage":"es","@id":"https:\/\/esbozodeportivo.com\/#\/schema\/person\/image\/","url":"https:\/\/secure.gravatar.com\/avatar\/366235a56d20f1a6e8e3d0b295897639357bea880470ddf261d17bb0bc052eb1?s=96&d=mm&r=g","contentUrl":"https:\/\/secure.gravatar.com\/avatar\/366235a56d20f1a6e8e3d0b295897639357bea880470ddf261d17bb0bc052eb1?s=96&d=mm&r=g","caption":"Javier De La Cruz"},"url":"https:\/\/esbozodeportivo.com\/index.php\/author\/javier-de-la-cruz-de-la-cruz\/"}]}},"jetpack_featured_media_url":"https:\/\/esbozodeportivo.com\/wp-content\/uploads\/2025\/02\/Ciclismo.jpg","jetpack_sharing_enabled":true,"_links":{"self":[{"href":"https:\/\/esbozodeportivo.com\/index.php\/wp-json\/wp\/v2\/posts\/6027","targetHints":{"allow":["GET"]}}],"collection":[{"href":"https:\/\/esbozodeportivo.com\/index.php\/wp-json\/wp\/v2\/posts"}],"about":[{"href":"https:\/\/esbozodeportivo.com\/index.php\/wp-json\/wp\/v2\/types\/post"}],"author":[{"embeddable":true,"href":"https:\/\/esbozodeportivo.com\/index.php\/wp-json\/wp\/v2\/users\/2"}],"replies":[{"embeddable":true,"href":"https:\/\/esbozodeportivo.com\/index.php\/wp-json\/wp\/v2\/comments?post=6027"}],"version-history":[{"count":1,"href":"https:\/\/esbozodeportivo.com\/index.php\/wp-json\/wp\/v2\/posts\/6027\/revisions"}],"predecessor-version":[{"id":6028,"href":"https:\/\/esbozodeportivo.com\/index.php\/wp-json\/wp\/v2\/posts\/6027\/revisions\/6028"}],"wp:featuredmedia":[{"embeddable":true,"href":"https:\/\/esbozodeportivo.com\/index.php\/wp-json\/wp\/v2\/media\/6025"}],"wp:attachment":[{"href":"https:\/\/esbozodeportivo.com\/index.php\/wp-json\/wp\/v2\/media?parent=6027"}],"wp:term":[{"taxonomy":"category","embeddable":true,"href":"https:\/\/esbozodeportivo.com\/index.php\/wp-json\/wp\/v2\/categories?post=6027"},{"taxonomy":"post_tag","embeddable":true,"href":"https:\/\/esbozodeportivo.com\/index.php\/wp-json\/wp\/v2\/tags?post=6027"}],"curies":[{"name":"wp","href":"https:\/\/api.w.org\/{rel}","templated":true}]}}