{"id":6029,"date":"2025-02-26T22:48:59","date_gmt":"2025-02-27T04:48:59","guid":{"rendered":"https:\/\/esbozodeportivo.com\/?p=6029"},"modified":"2025-02-26T22:49:00","modified_gmt":"2025-02-27T04:49:00","slug":"tour-de-francia-2026-saldra-de-barcelona","status":"publish","type":"post","link":"https:\/\/esbozodeportivo.com\/index.php\/2025\/02\/26\/tour-de-francia-2026-saldra-de-barcelona\/","title":{"rendered":"Tour de Francia 2026 saldr\u00e1 de Barcelona"},"content":{"rendered":"\n<p>(Foto: Agencias) <\/p>\n\n\n\n<p>El <strong>Tour de Francia de 2026<\/strong>, que saldr\u00e1 desde <strong>Barcelon<\/strong>a el 4 de julio, se estrenar\u00e1 con una contrarreloj por equipos de 19,7 kil\u00f3metros, con llegada al estadio ol\u00edmpico de <strong>Montju\u00efc<\/strong>, anunci\u00f3 este martes en la Ciudad Condal el director general del <strong>Tour de Francia<\/strong>, <strong>Christian Prudhomme<\/strong>.<br><br><strong>Prudhomme<\/strong> asegur\u00f3 que espera que \u00abtodos vean la ilusi\u00f3n y las ganas que pondr\u00e1 toda la gente en las calles para recibir a los ciclistas\u00bb.<\/p>\n\n\n\n<p>Por lo tanto, el \u2018<strong>Gran D\u00e9par<\/strong>t\u2019 de 2026 arrancar\u00e1 el 4 de julio con salida en el <strong>F\u00f3rum de Barcelona<\/strong> en una etapa de 19,7 km, que recorrer\u00e1 el paseo mar\u00edtimo, pasar\u00e1 por la <strong>Sagrada Familia<\/strong> y el centro de la ciudad y se decidir\u00e1 con dos ascensiones hasta el estadio <strong>Ol\u00edmpico Llu\u00eds Companys<\/strong>.<br><br>La clasificaci\u00f3n de la etapa se cerrar\u00e1 con el tiempo del primer corredor de cada equipo, pero tambi\u00e9n se registrar\u00e1n los tiempos individualmente para la clasificaci\u00f3n general, seg\u00fan la f\u00f3rmula validada en la <strong>Par\u00eds-Niza<\/strong>.<\/p>\n\n\n\n<p><strong>Contrarreloj por equipos, algo que no ocurr\u00eda desde 1971<\/strong><\/p>\n\n\n\n<p><a href=\"https:\/\/efe.com\/deportes\/2024-06-18\/barcelona-salida-tour-francia-2026\/\"><strong>La capital catalana<\/strong><\/a>, que tomar\u00e1 en 2026 el relevo de Lille (<strong>Francia<\/strong>), presenciar\u00e1 una contrarreloj por equipos para empezar la tradicional vuelta ciclista francesa, algo que no suced\u00eda desde 1971.<br><br><strong>Prudhomme<\/strong> tambi\u00e9n desvel\u00f3 el recorrido de la segunda etapa, que discurrir\u00e1 el d\u00eda siguiente entre <strong>Tarragona y Barcelona<\/strong>, sobre 178 kil\u00f3metros.<br><br>La meta estar\u00e1 situada en el castillo de <strong>Montju\u00efc<\/strong>, despu\u00e9s de un recorrido final con tres ascensiones a la monta\u00f1a ol\u00edmpica barcelonesa.<\/p>\n\n\n\n<p>Finalmente, la tercera y \u00faltima etapa en tierras catalanas saldr\u00e1 el 6 de julio desde <strong>Granollers,<\/strong> 31 kil\u00f3metros al norte de <strong>Barcelona<\/strong>.<br><br>Los organizadores, sin embargo, no desvelaron la meta de la tercera etapa, que seguramente ser\u00e1 una ciudad francesa.<br><br>La presentaci\u00f3n oficial, que se llev\u00f3 a cabo este martes en la <strong>Casa Llotja de Mar de Barcelona<\/strong>, cont\u00f3 con la presencia del presidente de la <strong>Generalitat, Salvador <\/strong>Illa, as\u00ed como el alcalde de <strong>Barcelona<\/strong>, <strong>Jaume Collboni<\/strong>, y destacados exciclistas como <strong>Miguel Indur\u00e1in<\/strong> y <strong>Carlos Sastre<\/strong>, entre otros.<\/p>\n\n\n\n<h2 class=\"wp-block-heading\">Barcelona tendr\u00e1 tres etapas del Tour de Francia 2026<\/h2>\n\n\n\n<p><strong>Collboni<\/strong>, durante su intervenci\u00f3n, asegur\u00f3 que el hecho de que <strong>Barcelona<\/strong> tenga tres etapas del <strong>Tour de Francia 2026<\/strong> es \u00abun sue\u00f1o que hac\u00eda m\u00e1s de diez a\u00f1os que la ciudad persegu\u00eda\u00bb.<br><br>El alcalde barcelon\u00e9s afirm\u00f3 que haber logrado acoger la salida del <strong>Tour<\/strong> es \u00abesa historia de amor que por fin culmina en la ciudad de <strong>Barcelona<\/strong>\u00bb.<br><br>Y destac\u00f3 que la capital catalana ser\u00e1 \u00abla \u00fanica ciudad del mundo\u00bb que acoja los cuatro eventos deportivos con m\u00e1s impacto a nivel mundial: los <strong>Juegos Ol\u00edmpicos<\/strong>, el <strong>Mundial de f\u00fatbol<\/strong>, la <strong>Copa del Am\u00e9rica<\/strong> (de vela) y el <strong>Tour de Francia<\/strong>.<br><br>Ser\u00e1 la tercera ocasi\u00f3n que una ciudad espa\u00f1ola acoja el inicio del <strong>Tour de Francia<\/strong>, despu\u00e9s de <strong>San Sebasti\u00e1n<\/strong> (1992) y <strong>Bilbao<\/strong> (2023). El coste aproximado es de algo m\u00e1s de nueve millones de euros.<\/p>\n\n\n\n<p><\/p>\n","protected":false},"excerpt":{"rendered":"<p>(Foto: Agencias) El Tour de Francia de 2026, que saldr\u00e1 desde Barcelona el 4 de<\/p>\n","protected":false},"author":2,"featured_media":6030,"comment_status":"closed","ping_status":"open","sticky":false,"template":"","format":"standard","meta":{"_jetpack_memberships_contains_paid_content":false,"footnotes":""},"categories":[10],"tags":[],"class_list":["post-6029","post","type-post","status-publish","format-standard","has-post-thumbnail","hentry","category-ciclismo"],"yoast_head":"<!-- This site is optimized with the Yoast SEO plugin v25.7 - https:\/\/yoast.com\/wordpress\/plugins\/seo\/ -->\n<title>Tour de Francia 2026 saldr\u00e1 de Barcelona - Esbozo Deportivo<\/title>\n<meta name=\"description\" content=\"El Tour de Francia de 2026, que saldr\u00e1 desde Barcelona el 4 de julio, se estrenar\u00e1 con una contrarreloj por equipos de 19,7 kil\u00f3metros, con llegada al estadio ol\u00edmpico de Montju\u00efc, anunci\u00f3 este martes en la Ciudad Condal el director general del Tour de Francia, Christian Prudhomme.\" \/>\n<meta name=\"robots\" content=\"index, follow, max-snippet:-1, max-image-preview:large, max-video-preview:-1\" \/>\n<link rel=\"canonical\" href=\"https:\/\/esbozodeportivo.com\/index.php\/2025\/02\/26\/tour-de-francia-2026-saldra-de-barcelona\/\" \/>\n<meta property=\"og:locale\" content=\"es_MX\" \/>\n<meta property=\"og:type\" content=\"article\" \/>\n<meta property=\"og:title\" content=\"Tour de Francia 2026 saldr\u00e1 de Barcelona - Esbozo Deportivo\" \/>\n<meta property=\"og:description\" content=\"El Tour de Francia de 2026, que saldr\u00e1 desde Barcelona el 4 de julio, se estrenar\u00e1 con una contrarreloj por equipos de 19,7 kil\u00f3metros, con llegada al estadio ol\u00edmpico de Montju\u00efc, anunci\u00f3 este martes en la Ciudad Condal el director general del Tour de Francia, Christian Prudhomme.\" \/>\n<meta property=\"og:url\" content=\"https:\/\/esbozodeportivo.com\/index.php\/2025\/02\/26\/tour-de-francia-2026-saldra-de-barcelona\/\" \/>\n<meta property=\"og:site_name\" content=\"Esbozo Deportivo\" \/>\n<meta property=\"article:published_time\" content=\"2025-02-27T04:48:59+00:00\" \/>\n<meta property=\"article:modified_time\" content=\"2025-02-27T04:49:00+00:00\" \/>\n<meta property=\"og:image\" content=\"https:\/\/esbozodeportivo.com\/wp-content\/uploads\/2025\/02\/Tour-de-Francia.jpg\" \/>\n\t<meta property=\"og:image:width\" content=\"948\" \/>\n\t<meta property=\"og:image:height\" content=\"465\" \/>\n\t<meta property=\"og:image:type\" content=\"image\/jpeg\" \/>\n<meta name=\"author\" content=\"Javier De La Cruz\" \/>\n<meta name=\"twitter:card\" content=\"summary_large_image\" \/>\n<meta name=\"twitter:label1\" content=\"Escrito por\" \/>\n\t<meta name=\"twitter:data1\" content=\"Javier De La Cruz\" \/>\n\t<meta name=\"twitter:label2\" content=\"Tiempo de lectura\" \/>\n\t<meta name=\"twitter:data2\" content=\"3 minutos\" \/>\n<script type=\"application\/ld+json\" class=\"yoast-schema-graph\">{\"@context\":\"https:\/\/schema.org\",\"@graph\":[{\"@type\":\"Article\",\"@id\":\"https:\/\/esbozodeportivo.com\/index.php\/2025\/02\/26\/tour-de-francia-2026-saldra-de-barcelona\/#article\",\"isPartOf\":{\"@id\":\"https:\/\/esbozodeportivo.com\/index.php\/2025\/02\/26\/tour-de-francia-2026-saldra-de-barcelona\/\"},\"author\":{\"name\":\"Javier De La Cruz\",\"@id\":\"https:\/\/esbozodeportivo.com\/#\/schema\/person\/7277119c98823aec37bbb84e125efd44\"},\"headline\":\"Tour de Francia 2026 saldr\u00e1 de Barcelona\",\"datePublished\":\"2025-02-27T04:48:59+00:00\",\"dateModified\":\"2025-02-27T04:49:00+00:00\",\"mainEntityOfPage\":{\"@id\":\"https:\/\/esbozodeportivo.com\/index.php\/2025\/02\/26\/tour-de-francia-2026-saldra-de-barcelona\/\"},\"wordCount\":510,\"publisher\":{\"@id\":\"https:\/\/esbozodeportivo.com\/#organization\"},\"image\":{\"@id\":\"https:\/\/esbozodeportivo.com\/index.php\/2025\/02\/26\/tour-de-francia-2026-saldra-de-barcelona\/#primaryimage\"},\"thumbnailUrl\":\"https:\/\/esbozodeportivo.com\/wp-content\/uploads\/2025\/02\/Tour-de-Francia.jpg\",\"articleSection\":[\"Ciclismo\"],\"inLanguage\":\"es\"},{\"@type\":\"WebPage\",\"@id\":\"https:\/\/esbozodeportivo.com\/index.php\/2025\/02\/26\/tour-de-francia-2026-saldra-de-barcelona\/\",\"url\":\"https:\/\/esbozodeportivo.com\/index.php\/2025\/02\/26\/tour-de-francia-2026-saldra-de-barcelona\/\",\"name\":\"Tour de Francia 2026 saldr\u00e1 de Barcelona - Esbozo Deportivo\",\"isPartOf\":{\"@id\":\"https:\/\/esbozodeportivo.com\/#website\"},\"primaryImageOfPage\":{\"@id\":\"https:\/\/esbozodeportivo.com\/index.php\/2025\/02\/26\/tour-de-francia-2026-saldra-de-barcelona\/#primaryimage\"},\"image\":{\"@id\":\"https:\/\/esbozodeportivo.com\/index.php\/2025\/02\/26\/tour-de-francia-2026-saldra-de-barcelona\/#primaryimage\"},\"thumbnailUrl\":\"https:\/\/esbozodeportivo.com\/wp-content\/uploads\/2025\/02\/Tour-de-Francia.jpg\",\"datePublished\":\"2025-02-27T04:48:59+00:00\",\"dateModified\":\"2025-02-27T04:49:00+00:00\",\"description\":\"El Tour de Francia de 2026, que saldr\u00e1 desde Barcelona el 4 de julio, se estrenar\u00e1 con una contrarreloj por equipos de 19,7 kil\u00f3metros, con llegada al estadio ol\u00edmpico de Montju\u00efc, anunci\u00f3 este martes en la Ciudad Condal el director general del Tour de Francia, Christian Prudhomme.\",\"breadcrumb\":{\"@id\":\"https:\/\/esbozodeportivo.com\/index.php\/2025\/02\/26\/tour-de-francia-2026-saldra-de-barcelona\/#breadcrumb\"},\"inLanguage\":\"es\",\"potentialAction\":[{\"@type\":\"ReadAction\",\"target\":[\"https:\/\/esbozodeportivo.com\/index.php\/2025\/02\/26\/tour-de-francia-2026-saldra-de-barcelona\/\"]}]},{\"@type\":\"ImageObject\",\"inLanguage\":\"es\",\"@id\":\"https:\/\/esbozodeportivo.com\/index.php\/2025\/02\/26\/tour-de-francia-2026-saldra-de-barcelona\/#primaryimage\",\"url\":\"https:\/\/esbozodeportivo.com\/wp-content\/uploads\/2025\/02\/Tour-de-Francia.jpg\",\"contentUrl\":\"https:\/\/esbozodeportivo.com\/wp-content\/uploads\/2025\/02\/Tour-de-Francia.jpg\",\"width\":948,\"height\":465},{\"@type\":\"BreadcrumbList\",\"@id\":\"https:\/\/esbozodeportivo.com\/index.php\/2025\/02\/26\/tour-de-francia-2026-saldra-de-barcelona\/#breadcrumb\",\"itemListElement\":[{\"@type\":\"ListItem\",\"position\":1,\"name\":\"Inicio\",\"item\":\"https:\/\/esbozodeportivo.com\/\"},{\"@type\":\"ListItem\",\"position\":2,\"name\":\"Tour de Francia 2026 saldr\u00e1 de Barcelona\"}]},{\"@type\":\"WebSite\",\"@id\":\"https:\/\/esbozodeportivo.com\/#website\",\"url\":\"https:\/\/esbozodeportivo.com\/\",\"name\":\"Esbozo Deportivo\",\"description\":\"Lo m\u00e1s importante del Deporte\",\"publisher\":{\"@id\":\"https:\/\/esbozodeportivo.com\/#organization\"},\"potentialAction\":[{\"@type\":\"SearchAction\",\"target\":{\"@type\":\"EntryPoint\",\"urlTemplate\":\"https:\/\/esbozodeportivo.com\/?s={search_term_string}\"},\"query-input\":{\"@type\":\"PropertyValueSpecification\",\"valueRequired\":true,\"valueName\":\"search_term_string\"}}],\"inLanguage\":\"es\"},{\"@type\":\"Organization\",\"@id\":\"https:\/\/esbozodeportivo.com\/#organization\",\"name\":\"Esbozo Deportivo\",\"url\":\"https:\/\/esbozodeportivo.com\/\",\"logo\":{\"@type\":\"ImageObject\",\"inLanguage\":\"es\",\"@id\":\"https:\/\/esbozodeportivo.com\/#\/schema\/logo\/image\/\",\"url\":\"https:\/\/esbozodeportivo.com\/wp-content\/uploads\/2022\/08\/cropped-Logo-Esbozo-Web-2.png\",\"contentUrl\":\"https:\/\/esbozodeportivo.com\/wp-content\/uploads\/2022\/08\/cropped-Logo-Esbozo-Web-2.png\",\"width\":180,\"height\":50,\"caption\":\"Esbozo Deportivo\"},\"image\":{\"@id\":\"https:\/\/esbozodeportivo.com\/#\/schema\/logo\/image\/\"}},{\"@type\":\"Person\",\"@id\":\"https:\/\/esbozodeportivo.com\/#\/schema\/person\/7277119c98823aec37bbb84e125efd44\",\"name\":\"Javier De La Cruz\",\"image\":{\"@type\":\"ImageObject\",\"inLanguage\":\"es\",\"@id\":\"https:\/\/esbozodeportivo.com\/#\/schema\/person\/image\/\",\"url\":\"https:\/\/secure.gravatar.com\/avatar\/366235a56d20f1a6e8e3d0b295897639357bea880470ddf261d17bb0bc052eb1?s=96&d=mm&r=g\",\"contentUrl\":\"https:\/\/secure.gravatar.com\/avatar\/366235a56d20f1a6e8e3d0b295897639357bea880470ddf261d17bb0bc052eb1?s=96&d=mm&r=g\",\"caption\":\"Javier De La Cruz\"},\"url\":\"https:\/\/esbozodeportivo.com\/index.php\/author\/javier-de-la-cruz-de-la-cruz\/\"}]}<\/script>\n<!-- \/ Yoast SEO plugin. -->","yoast_head_json":{"title":"Tour de Francia 2026 saldr\u00e1 de Barcelona - Esbozo Deportivo","description":"El Tour de Francia de 2026, que saldr\u00e1 desde Barcelona el 4 de julio, se estrenar\u00e1 con una contrarreloj por equipos de 19,7 kil\u00f3metros, con llegada al estadio ol\u00edmpico de Montju\u00efc, anunci\u00f3 este martes en la Ciudad Condal el director general del Tour de Francia, Christian Prudhomme.","robots":{"index":"index","follow":"follow","max-snippet":"max-snippet:-1","max-image-preview":"max-image-preview:large","max-video-preview":"max-video-preview:-1"},"canonical":"https:\/\/esbozodeportivo.com\/index.php\/2025\/02\/26\/tour-de-francia-2026-saldra-de-barcelona\/","og_locale":"es_MX","og_type":"article","og_title":"Tour de Francia 2026 saldr\u00e1 de Barcelona - Esbozo Deportivo","og_description":"El Tour de Francia de 2026, que saldr\u00e1 desde Barcelona el 4 de julio, se estrenar\u00e1 con una contrarreloj por equipos de 19,7 kil\u00f3metros, con llegada al estadio ol\u00edmpico de Montju\u00efc, anunci\u00f3 este martes en la Ciudad Condal el director general del Tour de Francia, Christian Prudhomme.","og_url":"https:\/\/esbozodeportivo.com\/index.php\/2025\/02\/26\/tour-de-francia-2026-saldra-de-barcelona\/","og_site_name":"Esbozo Deportivo","article_published_time":"2025-02-27T04:48:59+00:00","article_modified_time":"2025-02-27T04:49:00+00:00","og_image":[{"width":948,"height":465,"url":"https:\/\/esbozodeportivo.com\/wp-content\/uploads\/2025\/02\/Tour-de-Francia.jpg","type":"image\/jpeg"}],"author":"Javier De La Cruz","twitter_card":"summary_large_image","twitter_misc":{"Escrito por":"Javier De La Cruz","Tiempo de lectura":"3 minutos"},"schema":{"@context":"https:\/\/schema.org","@graph":[{"@type":"Article","@id":"https:\/\/esbozodeportivo.com\/index.php\/2025\/02\/26\/tour-de-francia-2026-saldra-de-barcelona\/#article","isPartOf":{"@id":"https:\/\/esbozodeportivo.com\/index.php\/2025\/02\/26\/tour-de-francia-2026-saldra-de-barcelona\/"},"author":{"name":"Javier De La Cruz","@id":"https:\/\/esbozodeportivo.com\/#\/schema\/person\/7277119c98823aec37bbb84e125efd44"},"headline":"Tour de Francia 2026 saldr\u00e1 de Barcelona","datePublished":"2025-02-27T04:48:59+00:00","dateModified":"2025-02-27T04:49:00+00:00","mainEntityOfPage":{"@id":"https:\/\/esbozodeportivo.com\/index.php\/2025\/02\/26\/tour-de-francia-2026-saldra-de-barcelona\/"},"wordCount":510,"publisher":{"@id":"https:\/\/esbozodeportivo.com\/#organization"},"image":{"@id":"https:\/\/esbozodeportivo.com\/index.php\/2025\/02\/26\/tour-de-francia-2026-saldra-de-barcelona\/#primaryimage"},"thumbnailUrl":"https:\/\/esbozodeportivo.com\/wp-content\/uploads\/2025\/02\/Tour-de-Francia.jpg","articleSection":["Ciclismo"],"inLanguage":"es"},{"@type":"WebPage","@id":"https:\/\/esbozodeportivo.com\/index.php\/2025\/02\/26\/tour-de-francia-2026-saldra-de-barcelona\/","url":"https:\/\/esbozodeportivo.com\/index.php\/2025\/02\/26\/tour-de-francia-2026-saldra-de-barcelona\/","name":"Tour de Francia 2026 saldr\u00e1 de Barcelona - Esbozo Deportivo","isPartOf":{"@id":"https:\/\/esbozodeportivo.com\/#website"},"primaryImageOfPage":{"@id":"https:\/\/esbozodeportivo.com\/index.php\/2025\/02\/26\/tour-de-francia-2026-saldra-de-barcelona\/#primaryimage"},"image":{"@id":"https:\/\/esbozodeportivo.com\/index.php\/2025\/02\/26\/tour-de-francia-2026-saldra-de-barcelona\/#primaryimage"},"thumbnailUrl":"https:\/\/esbozodeportivo.com\/wp-content\/uploads\/2025\/02\/Tour-de-Francia.jpg","datePublished":"2025-02-27T04:48:59+00:00","dateModified":"2025-02-27T04:49:00+00:00","description":"El Tour de Francia de 2026, que saldr\u00e1 desde Barcelona el 4 de julio, se estrenar\u00e1 con una contrarreloj por equipos de 19,7 kil\u00f3metros, con llegada al estadio ol\u00edmpico de Montju\u00efc, anunci\u00f3 este martes en la Ciudad Condal el director general del Tour de Francia, Christian Prudhomme.","breadcrumb":{"@id":"https:\/\/esbozodeportivo.com\/index.php\/2025\/02\/26\/tour-de-francia-2026-saldra-de-barcelona\/#breadcrumb"},"inLanguage":"es","potentialAction":[{"@type":"ReadAction","target":["https:\/\/esbozodeportivo.com\/index.php\/2025\/02\/26\/tour-de-francia-2026-saldra-de-barcelona\/"]}]},{"@type":"ImageObject","inLanguage":"es","@id":"https:\/\/esbozodeportivo.com\/index.php\/2025\/02\/26\/tour-de-francia-2026-saldra-de-barcelona\/#primaryimage","url":"https:\/\/esbozodeportivo.com\/wp-content\/uploads\/2025\/02\/Tour-de-Francia.jpg","contentUrl":"https:\/\/esbozodeportivo.com\/wp-content\/uploads\/2025\/02\/Tour-de-Francia.jpg","width":948,"height":465},{"@type":"BreadcrumbList","@id":"https:\/\/esbozodeportivo.com\/index.php\/2025\/02\/26\/tour-de-francia-2026-saldra-de-barcelona\/#breadcrumb","itemListElement":[{"@type":"ListItem","position":1,"name":"Inicio","item":"https:\/\/esbozodeportivo.com\/"},{"@type":"ListItem","position":2,"name":"Tour de Francia 2026 saldr\u00e1 de Barcelona"}]},{"@type":"WebSite","@id":"https:\/\/esbozodeportivo.com\/#website","url":"https:\/\/esbozodeportivo.com\/","name":"Esbozo Deportivo","description":"Lo m\u00e1s importante del Deporte","publisher":{"@id":"https:\/\/esbozodeportivo.com\/#organization"},"potentialAction":[{"@type":"SearchAction","target":{"@type":"EntryPoint","urlTemplate":"https:\/\/esbozodeportivo.com\/?s={search_term_string}"},"query-input":{"@type":"PropertyValueSpecification","valueRequired":true,"valueName":"search_term_string"}}],"inLanguage":"es"},{"@type":"Organization","@id":"https:\/\/esbozodeportivo.com\/#organization","name":"Esbozo Deportivo","url":"https:\/\/esbozodeportivo.com\/","logo":{"@type":"ImageObject","inLanguage":"es","@id":"https:\/\/esbozodeportivo.com\/#\/schema\/logo\/image\/","url":"https:\/\/esbozodeportivo.com\/wp-content\/uploads\/2022\/08\/cropped-Logo-Esbozo-Web-2.png","contentUrl":"https:\/\/esbozodeportivo.com\/wp-content\/uploads\/2022\/08\/cropped-Logo-Esbozo-Web-2.png","width":180,"height":50,"caption":"Esbozo Deportivo"},"image":{"@id":"https:\/\/esbozodeportivo.com\/#\/schema\/logo\/image\/"}},{"@type":"Person","@id":"https:\/\/esbozodeportivo.com\/#\/schema\/person\/7277119c98823aec37bbb84e125efd44","name":"Javier De La Cruz","image":{"@type":"ImageObject","inLanguage":"es","@id":"https:\/\/esbozodeportivo.com\/#\/schema\/person\/image\/","url":"https:\/\/secure.gravatar.com\/avatar\/366235a56d20f1a6e8e3d0b295897639357bea880470ddf261d17bb0bc052eb1?s=96&d=mm&r=g","contentUrl":"https:\/\/secure.gravatar.com\/avatar\/366235a56d20f1a6e8e3d0b295897639357bea880470ddf261d17bb0bc052eb1?s=96&d=mm&r=g","caption":"Javier De La Cruz"},"url":"https:\/\/esbozodeportivo.com\/index.php\/author\/javier-de-la-cruz-de-la-cruz\/"}]}},"jetpack_featured_media_url":"https:\/\/esbozodeportivo.com\/wp-content\/uploads\/2025\/02\/Tour-de-Francia.jpg","jetpack_sharing_enabled":true,"_links":{"self":[{"href":"https:\/\/esbozodeportivo.com\/index.php\/wp-json\/wp\/v2\/posts\/6029","targetHints":{"allow":["GET"]}}],"collection":[{"href":"https:\/\/esbozodeportivo.com\/index.php\/wp-json\/wp\/v2\/posts"}],"about":[{"href":"https:\/\/esbozodeportivo.com\/index.php\/wp-json\/wp\/v2\/types\/post"}],"author":[{"embeddable":true,"href":"https:\/\/esbozodeportivo.com\/index.php\/wp-json\/wp\/v2\/users\/2"}],"replies":[{"embeddable":true,"href":"https:\/\/esbozodeportivo.com\/index.php\/wp-json\/wp\/v2\/comments?post=6029"}],"version-history":[{"count":1,"href":"https:\/\/esbozodeportivo.com\/index.php\/wp-json\/wp\/v2\/posts\/6029\/revisions"}],"predecessor-version":[{"id":6031,"href":"https:\/\/esbozodeportivo.com\/index.php\/wp-json\/wp\/v2\/posts\/6029\/revisions\/6031"}],"wp:featuredmedia":[{"embeddable":true,"href":"https:\/\/esbozodeportivo.com\/index.php\/wp-json\/wp\/v2\/media\/6030"}],"wp:attachment":[{"href":"https:\/\/esbozodeportivo.com\/index.php\/wp-json\/wp\/v2\/media?parent=6029"}],"wp:term":[{"taxonomy":"category","embeddable":true,"href":"https:\/\/esbozodeportivo.com\/index.php\/wp-json\/wp\/v2\/categories?post=6029"},{"taxonomy":"post_tag","embeddable":true,"href":"https:\/\/esbozodeportivo.com\/index.php\/wp-json\/wp\/v2\/tags?post=6029"}],"curies":[{"name":"wp","href":"https:\/\/api.w.org\/{rel}","templated":true}]}}