{"id":6114,"date":"2025-03-02T19:09:21","date_gmt":"2025-03-03T01:09:21","guid":{"rendered":"https:\/\/esbozodeportivo.com\/?p=6114"},"modified":"2025-03-02T19:09:21","modified_gmt":"2025-03-03T01:09:21","slug":"otro-dt-que-se-va-de-la-liga-mx-veljko-paunovic-queda-fuera-de-tigres-reemplazara-guido-pizarro","status":"publish","type":"post","link":"https:\/\/esbozodeportivo.com\/index.php\/2025\/03\/02\/otro-dt-que-se-va-de-la-liga-mx-veljko-paunovic-queda-fuera-de-tigres-reemplazara-guido-pizarro\/","title":{"rendered":"Otro DT que se va de la Liga MX, Veljko Paunovic queda fuera de Tigres; reemplazar\u00e1 Guido Pizarro"},"content":{"rendered":"\n<p>En las \u00faltimas horas trascendi\u00f3 que <strong>Veljko Paunovic<\/strong> qued\u00f3 fuera de la direcci\u00f3n t\u00e9cnica de los <strong>Tigres<\/strong>. A trav\u00e9s de un comunicado, la directiva se\u00f1al\u00f3 que la instituci\u00f3n hizo un an\u00e1lisis sobre la situaci\u00f3n que vive el equipo y con la intenci\u00f3n de darle un giro de tim\u00f3n a largo plazo, el entrenador serbio fue removido.<\/p>\n\n\n\n<p>\u201cEl Club <strong>Tigres <\/strong>informa que despu\u00e9s de realizar un an\u00e1lisis detallado, ha tomado la decisi\u00f3n de dar por concluido el ciclo profesional de <strong>Veljko Paunovic<\/strong> como director t\u00e9cnico del equipo. Queremos expresar nuestro sincero agradecimiento a <strong>Veljko Paunovic<\/strong> y a todo su cuerpo t\u00e9cnico por el profesionalismo, compromiso y \u00e9tica de trabajo demostrados durante su gesti\u00f3n\u201d,<\/p>\n\n\n\n<p>En otro comunicado publicado a trav\u00e9s de sus redes sociales, informaron que <strong>Guido Pizarro<\/strong> se quedar\u00e1 como t\u00e9cnico en lo que resta de este <strong>Clausura 2025<\/strong>. Cabe destacar que los <strong>Auriazules <\/strong>vencieron por 1-2 al <strong>Necaxa<\/strong> en el <strong>Estadio Victoria de Aguascalientes<\/strong>, sin embargo, la directiva acab\u00f3 por cumplir con el rumor que rondaba desde hace varias semanas debido a que el t\u00e9cnico no habr\u00eda hecho clic con la afici\u00f3n felina.<\/p>\n\n\n\n<p>\u201cHoy es un d\u00eda hist\u00f3rico para esta instituci\u00f3n, pues <strong>Guido Pizarro<\/strong> ha decidido retirarse como jugador del <strong>Club Tigres<\/strong>. As\u00ed mismo, debido a su trayectoria, liderazgo y preparaci\u00f3n, la directiva ha tomado la decisi\u00f3n de nombrarlo como el nuevo entrenador de nuestro equipo\u201d, sostiene la publicaci\u00f3n.<\/p>\n\n\n\n<p>Los <strong>Tigres<\/strong> se encuentran en la tercera posici\u00f3n tras las primeras 10 fechas del f\u00fatbol mexicano. La diferencia con el <strong>Am\u00e9rica<\/strong>, l\u00edder actual del <strong>Clausura 2025<\/strong>, es de apenas siete puntos. M\u00e1s tarde, los <strong>Tigres<\/strong> confirmaron la salida a trav\u00e9s de un comunicado de prensa compartidos en redes sociales.<\/p>\n\n\n\n<p><\/p>\n","protected":false},"excerpt":{"rendered":"<p>En las \u00faltimas horas trascendi\u00f3 que Veljko Paunovic qued\u00f3 fuera de la direcci\u00f3n t\u00e9cnica de<\/p>\n","protected":false},"author":2,"featured_media":6115,"comment_status":"closed","ping_status":"open","sticky":false,"template":"","format":"standard","meta":{"_jetpack_memberships_contains_paid_content":false,"footnotes":""},"categories":[20],"tags":[],"class_list":["post-6114","post","type-post","status-publish","format-standard","has-post-thumbnail","hentry","category-liga"],"yoast_head":"<!-- This site is optimized with the Yoast SEO plugin v25.7 - https:\/\/yoast.com\/wordpress\/plugins\/seo\/ -->\n<title>Otro DT que se va de la Liga MX, Veljko Paunovic queda fuera de Tigres; reemplazar\u00e1 Guido Pizarro - Esbozo Deportivo<\/title>\n<meta name=\"description\" content=\"En las \u00faltimas horas trascendi\u00f3 que Veljko Paunovic qued\u00f3 fuera de la direcci\u00f3n t\u00e9cnica de los Tigres. A trav\u00e9s de un comunicado, la directiva se\u00f1al\u00f3 que la instituci\u00f3n hizo un an\u00e1lisis sobre la situaci\u00f3n que vive el equipo y con la intenci\u00f3n de darle un giro de tim\u00f3n a largo plazo, el entrenador serbio fue removido.\" \/>\n<meta name=\"robots\" content=\"index, follow, max-snippet:-1, max-image-preview:large, max-video-preview:-1\" \/>\n<link rel=\"canonical\" href=\"https:\/\/esbozodeportivo.com\/index.php\/2025\/03\/02\/otro-dt-que-se-va-de-la-liga-mx-veljko-paunovic-queda-fuera-de-tigres-reemplazara-guido-pizarro\/\" \/>\n<meta property=\"og:locale\" content=\"es_MX\" \/>\n<meta property=\"og:type\" content=\"article\" \/>\n<meta property=\"og:title\" content=\"Otro DT que se va de la Liga MX, Veljko Paunovic queda fuera de Tigres; reemplazar\u00e1 Guido Pizarro - Esbozo Deportivo\" \/>\n<meta property=\"og:description\" content=\"En las \u00faltimas horas trascendi\u00f3 que Veljko Paunovic qued\u00f3 fuera de la direcci\u00f3n t\u00e9cnica de los Tigres. A trav\u00e9s de un comunicado, la directiva se\u00f1al\u00f3 que la instituci\u00f3n hizo un an\u00e1lisis sobre la situaci\u00f3n que vive el equipo y con la intenci\u00f3n de darle un giro de tim\u00f3n a largo plazo, el entrenador serbio fue removido.\" \/>\n<meta property=\"og:url\" content=\"https:\/\/esbozodeportivo.com\/index.php\/2025\/03\/02\/otro-dt-que-se-va-de-la-liga-mx-veljko-paunovic-queda-fuera-de-tigres-reemplazara-guido-pizarro\/\" \/>\n<meta property=\"og:site_name\" content=\"Esbozo Deportivo\" \/>\n<meta property=\"article:published_time\" content=\"2025-03-03T01:09:21+00:00\" \/>\n<meta property=\"og:image\" content=\"https:\/\/esbozodeportivo.com\/wp-content\/uploads\/2025\/03\/Pizarro.jpg\" \/>\n\t<meta property=\"og:image:width\" content=\"1024\" \/>\n\t<meta property=\"og:image:height\" content=\"576\" \/>\n\t<meta property=\"og:image:type\" content=\"image\/jpeg\" \/>\n<meta name=\"author\" content=\"Javier De La Cruz\" \/>\n<meta name=\"twitter:card\" content=\"summary_large_image\" \/>\n<meta name=\"twitter:label1\" content=\"Escrito por\" \/>\n\t<meta name=\"twitter:data1\" content=\"Javier De La Cruz\" \/>\n\t<meta name=\"twitter:label2\" content=\"Tiempo de lectura\" \/>\n\t<meta name=\"twitter:data2\" content=\"2 minutos\" \/>\n<script type=\"application\/ld+json\" class=\"yoast-schema-graph\">{\"@context\":\"https:\/\/schema.org\",\"@graph\":[{\"@type\":\"Article\",\"@id\":\"https:\/\/esbozodeportivo.com\/index.php\/2025\/03\/02\/otro-dt-que-se-va-de-la-liga-mx-veljko-paunovic-queda-fuera-de-tigres-reemplazara-guido-pizarro\/#article\",\"isPartOf\":{\"@id\":\"https:\/\/esbozodeportivo.com\/index.php\/2025\/03\/02\/otro-dt-que-se-va-de-la-liga-mx-veljko-paunovic-queda-fuera-de-tigres-reemplazara-guido-pizarro\/\"},\"author\":{\"name\":\"Javier De La Cruz\",\"@id\":\"https:\/\/esbozodeportivo.com\/#\/schema\/person\/7277119c98823aec37bbb84e125efd44\"},\"headline\":\"Otro DT que se va de la Liga MX, Veljko Paunovic queda fuera de Tigres; reemplazar\u00e1 Guido Pizarro\",\"datePublished\":\"2025-03-03T01:09:21+00:00\",\"mainEntityOfPage\":{\"@id\":\"https:\/\/esbozodeportivo.com\/index.php\/2025\/03\/02\/otro-dt-que-se-va-de-la-liga-mx-veljko-paunovic-queda-fuera-de-tigres-reemplazara-guido-pizarro\/\"},\"wordCount\":325,\"publisher\":{\"@id\":\"https:\/\/esbozodeportivo.com\/#organization\"},\"image\":{\"@id\":\"https:\/\/esbozodeportivo.com\/index.php\/2025\/03\/02\/otro-dt-que-se-va-de-la-liga-mx-veljko-paunovic-queda-fuera-de-tigres-reemplazara-guido-pizarro\/#primaryimage\"},\"thumbnailUrl\":\"https:\/\/esbozodeportivo.com\/wp-content\/uploads\/2025\/03\/Pizarro.jpg\",\"articleSection\":[\"Liga MX\"],\"inLanguage\":\"es\"},{\"@type\":\"WebPage\",\"@id\":\"https:\/\/esbozodeportivo.com\/index.php\/2025\/03\/02\/otro-dt-que-se-va-de-la-liga-mx-veljko-paunovic-queda-fuera-de-tigres-reemplazara-guido-pizarro\/\",\"url\":\"https:\/\/esbozodeportivo.com\/index.php\/2025\/03\/02\/otro-dt-que-se-va-de-la-liga-mx-veljko-paunovic-queda-fuera-de-tigres-reemplazara-guido-pizarro\/\",\"name\":\"Otro DT que se va de la Liga MX, Veljko Paunovic queda fuera de Tigres; reemplazar\u00e1 Guido Pizarro - Esbozo Deportivo\",\"isPartOf\":{\"@id\":\"https:\/\/esbozodeportivo.com\/#website\"},\"primaryImageOfPage\":{\"@id\":\"https:\/\/esbozodeportivo.com\/index.php\/2025\/03\/02\/otro-dt-que-se-va-de-la-liga-mx-veljko-paunovic-queda-fuera-de-tigres-reemplazara-guido-pizarro\/#primaryimage\"},\"image\":{\"@id\":\"https:\/\/esbozodeportivo.com\/index.php\/2025\/03\/02\/otro-dt-que-se-va-de-la-liga-mx-veljko-paunovic-queda-fuera-de-tigres-reemplazara-guido-pizarro\/#primaryimage\"},\"thumbnailUrl\":\"https:\/\/esbozodeportivo.com\/wp-content\/uploads\/2025\/03\/Pizarro.jpg\",\"datePublished\":\"2025-03-03T01:09:21+00:00\",\"description\":\"En las \u00faltimas horas trascendi\u00f3 que Veljko Paunovic qued\u00f3 fuera de la direcci\u00f3n t\u00e9cnica de los Tigres. A trav\u00e9s de un comunicado, la directiva se\u00f1al\u00f3 que la instituci\u00f3n hizo un an\u00e1lisis sobre la situaci\u00f3n que vive el equipo y con la intenci\u00f3n de darle un giro de tim\u00f3n a largo plazo, el entrenador serbio fue removido.\",\"breadcrumb\":{\"@id\":\"https:\/\/esbozodeportivo.com\/index.php\/2025\/03\/02\/otro-dt-que-se-va-de-la-liga-mx-veljko-paunovic-queda-fuera-de-tigres-reemplazara-guido-pizarro\/#breadcrumb\"},\"inLanguage\":\"es\",\"potentialAction\":[{\"@type\":\"ReadAction\",\"target\":[\"https:\/\/esbozodeportivo.com\/index.php\/2025\/03\/02\/otro-dt-que-se-va-de-la-liga-mx-veljko-paunovic-queda-fuera-de-tigres-reemplazara-guido-pizarro\/\"]}]},{\"@type\":\"ImageObject\",\"inLanguage\":\"es\",\"@id\":\"https:\/\/esbozodeportivo.com\/index.php\/2025\/03\/02\/otro-dt-que-se-va-de-la-liga-mx-veljko-paunovic-queda-fuera-de-tigres-reemplazara-guido-pizarro\/#primaryimage\",\"url\":\"https:\/\/esbozodeportivo.com\/wp-content\/uploads\/2025\/03\/Pizarro.jpg\",\"contentUrl\":\"https:\/\/esbozodeportivo.com\/wp-content\/uploads\/2025\/03\/Pizarro.jpg\",\"width\":1024,\"height\":576},{\"@type\":\"BreadcrumbList\",\"@id\":\"https:\/\/esbozodeportivo.com\/index.php\/2025\/03\/02\/otro-dt-que-se-va-de-la-liga-mx-veljko-paunovic-queda-fuera-de-tigres-reemplazara-guido-pizarro\/#breadcrumb\",\"itemListElement\":[{\"@type\":\"ListItem\",\"position\":1,\"name\":\"Inicio\",\"item\":\"https:\/\/esbozodeportivo.com\/\"},{\"@type\":\"ListItem\",\"position\":2,\"name\":\"Otro DT que se va de la Liga MX, Veljko Paunovic queda fuera de Tigres; reemplazar\u00e1 Guido Pizarro\"}]},{\"@type\":\"WebSite\",\"@id\":\"https:\/\/esbozodeportivo.com\/#website\",\"url\":\"https:\/\/esbozodeportivo.com\/\",\"name\":\"Esbozo Deportivo\",\"description\":\"Lo m\u00e1s importante del Deporte\",\"publisher\":{\"@id\":\"https:\/\/esbozodeportivo.com\/#organization\"},\"potentialAction\":[{\"@type\":\"SearchAction\",\"target\":{\"@type\":\"EntryPoint\",\"urlTemplate\":\"https:\/\/esbozodeportivo.com\/?s={search_term_string}\"},\"query-input\":{\"@type\":\"PropertyValueSpecification\",\"valueRequired\":true,\"valueName\":\"search_term_string\"}}],\"inLanguage\":\"es\"},{\"@type\":\"Organization\",\"@id\":\"https:\/\/esbozodeportivo.com\/#organization\",\"name\":\"Esbozo Deportivo\",\"url\":\"https:\/\/esbozodeportivo.com\/\",\"logo\":{\"@type\":\"ImageObject\",\"inLanguage\":\"es\",\"@id\":\"https:\/\/esbozodeportivo.com\/#\/schema\/logo\/image\/\",\"url\":\"https:\/\/esbozodeportivo.com\/wp-content\/uploads\/2022\/08\/cropped-Logo-Esbozo-Web-2.png\",\"contentUrl\":\"https:\/\/esbozodeportivo.com\/wp-content\/uploads\/2022\/08\/cropped-Logo-Esbozo-Web-2.png\",\"width\":180,\"height\":50,\"caption\":\"Esbozo Deportivo\"},\"image\":{\"@id\":\"https:\/\/esbozodeportivo.com\/#\/schema\/logo\/image\/\"}},{\"@type\":\"Person\",\"@id\":\"https:\/\/esbozodeportivo.com\/#\/schema\/person\/7277119c98823aec37bbb84e125efd44\",\"name\":\"Javier De La Cruz\",\"image\":{\"@type\":\"ImageObject\",\"inLanguage\":\"es\",\"@id\":\"https:\/\/esbozodeportivo.com\/#\/schema\/person\/image\/\",\"url\":\"https:\/\/secure.gravatar.com\/avatar\/366235a56d20f1a6e8e3d0b295897639357bea880470ddf261d17bb0bc052eb1?s=96&d=mm&r=g\",\"contentUrl\":\"https:\/\/secure.gravatar.com\/avatar\/366235a56d20f1a6e8e3d0b295897639357bea880470ddf261d17bb0bc052eb1?s=96&d=mm&r=g\",\"caption\":\"Javier De La Cruz\"},\"url\":\"https:\/\/esbozodeportivo.com\/index.php\/author\/javier-de-la-cruz-de-la-cruz\/\"}]}<\/script>\n<!-- \/ Yoast SEO plugin. -->","yoast_head_json":{"title":"Otro DT que se va de la Liga MX, Veljko Paunovic queda fuera de Tigres; reemplazar\u00e1 Guido Pizarro - Esbozo Deportivo","description":"En las \u00faltimas horas trascendi\u00f3 que Veljko Paunovic qued\u00f3 fuera de la direcci\u00f3n t\u00e9cnica de los Tigres. A trav\u00e9s de un comunicado, la directiva se\u00f1al\u00f3 que la instituci\u00f3n hizo un an\u00e1lisis sobre la situaci\u00f3n que vive el equipo y con la intenci\u00f3n de darle un giro de tim\u00f3n a largo plazo, el entrenador serbio fue removido.","robots":{"index":"index","follow":"follow","max-snippet":"max-snippet:-1","max-image-preview":"max-image-preview:large","max-video-preview":"max-video-preview:-1"},"canonical":"https:\/\/esbozodeportivo.com\/index.php\/2025\/03\/02\/otro-dt-que-se-va-de-la-liga-mx-veljko-paunovic-queda-fuera-de-tigres-reemplazara-guido-pizarro\/","og_locale":"es_MX","og_type":"article","og_title":"Otro DT que se va de la Liga MX, Veljko Paunovic queda fuera de Tigres; reemplazar\u00e1 Guido Pizarro - Esbozo Deportivo","og_description":"En las \u00faltimas horas trascendi\u00f3 que Veljko Paunovic qued\u00f3 fuera de la direcci\u00f3n t\u00e9cnica de los Tigres. A trav\u00e9s de un comunicado, la directiva se\u00f1al\u00f3 que la instituci\u00f3n hizo un an\u00e1lisis sobre la situaci\u00f3n que vive el equipo y con la intenci\u00f3n de darle un giro de tim\u00f3n a largo plazo, el entrenador serbio fue removido.","og_url":"https:\/\/esbozodeportivo.com\/index.php\/2025\/03\/02\/otro-dt-que-se-va-de-la-liga-mx-veljko-paunovic-queda-fuera-de-tigres-reemplazara-guido-pizarro\/","og_site_name":"Esbozo Deportivo","article_published_time":"2025-03-03T01:09:21+00:00","og_image":[{"width":1024,"height":576,"url":"https:\/\/esbozodeportivo.com\/wp-content\/uploads\/2025\/03\/Pizarro.jpg","type":"image\/jpeg"}],"author":"Javier De La Cruz","twitter_card":"summary_large_image","twitter_misc":{"Escrito por":"Javier De La Cruz","Tiempo de lectura":"2 minutos"},"schema":{"@context":"https:\/\/schema.org","@graph":[{"@type":"Article","@id":"https:\/\/esbozodeportivo.com\/index.php\/2025\/03\/02\/otro-dt-que-se-va-de-la-liga-mx-veljko-paunovic-queda-fuera-de-tigres-reemplazara-guido-pizarro\/#article","isPartOf":{"@id":"https:\/\/esbozodeportivo.com\/index.php\/2025\/03\/02\/otro-dt-que-se-va-de-la-liga-mx-veljko-paunovic-queda-fuera-de-tigres-reemplazara-guido-pizarro\/"},"author":{"name":"Javier De La Cruz","@id":"https:\/\/esbozodeportivo.com\/#\/schema\/person\/7277119c98823aec37bbb84e125efd44"},"headline":"Otro DT que se va de la Liga MX, Veljko Paunovic queda fuera de Tigres; reemplazar\u00e1 Guido Pizarro","datePublished":"2025-03-03T01:09:21+00:00","mainEntityOfPage":{"@id":"https:\/\/esbozodeportivo.com\/index.php\/2025\/03\/02\/otro-dt-que-se-va-de-la-liga-mx-veljko-paunovic-queda-fuera-de-tigres-reemplazara-guido-pizarro\/"},"wordCount":325,"publisher":{"@id":"https:\/\/esbozodeportivo.com\/#organization"},"image":{"@id":"https:\/\/esbozodeportivo.com\/index.php\/2025\/03\/02\/otro-dt-que-se-va-de-la-liga-mx-veljko-paunovic-queda-fuera-de-tigres-reemplazara-guido-pizarro\/#primaryimage"},"thumbnailUrl":"https:\/\/esbozodeportivo.com\/wp-content\/uploads\/2025\/03\/Pizarro.jpg","articleSection":["Liga MX"],"inLanguage":"es"},{"@type":"WebPage","@id":"https:\/\/esbozodeportivo.com\/index.php\/2025\/03\/02\/otro-dt-que-se-va-de-la-liga-mx-veljko-paunovic-queda-fuera-de-tigres-reemplazara-guido-pizarro\/","url":"https:\/\/esbozodeportivo.com\/index.php\/2025\/03\/02\/otro-dt-que-se-va-de-la-liga-mx-veljko-paunovic-queda-fuera-de-tigres-reemplazara-guido-pizarro\/","name":"Otro DT que se va de la Liga MX, Veljko Paunovic queda fuera de Tigres; reemplazar\u00e1 Guido Pizarro - Esbozo Deportivo","isPartOf":{"@id":"https:\/\/esbozodeportivo.com\/#website"},"primaryImageOfPage":{"@id":"https:\/\/esbozodeportivo.com\/index.php\/2025\/03\/02\/otro-dt-que-se-va-de-la-liga-mx-veljko-paunovic-queda-fuera-de-tigres-reemplazara-guido-pizarro\/#primaryimage"},"image":{"@id":"https:\/\/esbozodeportivo.com\/index.php\/2025\/03\/02\/otro-dt-que-se-va-de-la-liga-mx-veljko-paunovic-queda-fuera-de-tigres-reemplazara-guido-pizarro\/#primaryimage"},"thumbnailUrl":"https:\/\/esbozodeportivo.com\/wp-content\/uploads\/2025\/03\/Pizarro.jpg","datePublished":"2025-03-03T01:09:21+00:00","description":"En las \u00faltimas horas trascendi\u00f3 que Veljko Paunovic qued\u00f3 fuera de la direcci\u00f3n t\u00e9cnica de los Tigres. A trav\u00e9s de un comunicado, la directiva se\u00f1al\u00f3 que la instituci\u00f3n hizo un an\u00e1lisis sobre la situaci\u00f3n que vive el equipo y con la intenci\u00f3n de darle un giro de tim\u00f3n a largo plazo, el entrenador serbio fue removido.","breadcrumb":{"@id":"https:\/\/esbozodeportivo.com\/index.php\/2025\/03\/02\/otro-dt-que-se-va-de-la-liga-mx-veljko-paunovic-queda-fuera-de-tigres-reemplazara-guido-pizarro\/#breadcrumb"},"inLanguage":"es","potentialAction":[{"@type":"ReadAction","target":["https:\/\/esbozodeportivo.com\/index.php\/2025\/03\/02\/otro-dt-que-se-va-de-la-liga-mx-veljko-paunovic-queda-fuera-de-tigres-reemplazara-guido-pizarro\/"]}]},{"@type":"ImageObject","inLanguage":"es","@id":"https:\/\/esbozodeportivo.com\/index.php\/2025\/03\/02\/otro-dt-que-se-va-de-la-liga-mx-veljko-paunovic-queda-fuera-de-tigres-reemplazara-guido-pizarro\/#primaryimage","url":"https:\/\/esbozodeportivo.com\/wp-content\/uploads\/2025\/03\/Pizarro.jpg","contentUrl":"https:\/\/esbozodeportivo.com\/wp-content\/uploads\/2025\/03\/Pizarro.jpg","width":1024,"height":576},{"@type":"BreadcrumbList","@id":"https:\/\/esbozodeportivo.com\/index.php\/2025\/03\/02\/otro-dt-que-se-va-de-la-liga-mx-veljko-paunovic-queda-fuera-de-tigres-reemplazara-guido-pizarro\/#breadcrumb","itemListElement":[{"@type":"ListItem","position":1,"name":"Inicio","item":"https:\/\/esbozodeportivo.com\/"},{"@type":"ListItem","position":2,"name":"Otro DT que se va de la Liga MX, Veljko Paunovic queda fuera de Tigres; reemplazar\u00e1 Guido Pizarro"}]},{"@type":"WebSite","@id":"https:\/\/esbozodeportivo.com\/#website","url":"https:\/\/esbozodeportivo.com\/","name":"Esbozo Deportivo","description":"Lo m\u00e1s importante del Deporte","publisher":{"@id":"https:\/\/esbozodeportivo.com\/#organization"},"potentialAction":[{"@type":"SearchAction","target":{"@type":"EntryPoint","urlTemplate":"https:\/\/esbozodeportivo.com\/?s={search_term_string}"},"query-input":{"@type":"PropertyValueSpecification","valueRequired":true,"valueName":"search_term_string"}}],"inLanguage":"es"},{"@type":"Organization","@id":"https:\/\/esbozodeportivo.com\/#organization","name":"Esbozo Deportivo","url":"https:\/\/esbozodeportivo.com\/","logo":{"@type":"ImageObject","inLanguage":"es","@id":"https:\/\/esbozodeportivo.com\/#\/schema\/logo\/image\/","url":"https:\/\/esbozodeportivo.com\/wp-content\/uploads\/2022\/08\/cropped-Logo-Esbozo-Web-2.png","contentUrl":"https:\/\/esbozodeportivo.com\/wp-content\/uploads\/2022\/08\/cropped-Logo-Esbozo-Web-2.png","width":180,"height":50,"caption":"Esbozo Deportivo"},"image":{"@id":"https:\/\/esbozodeportivo.com\/#\/schema\/logo\/image\/"}},{"@type":"Person","@id":"https:\/\/esbozodeportivo.com\/#\/schema\/person\/7277119c98823aec37bbb84e125efd44","name":"Javier De La Cruz","image":{"@type":"ImageObject","inLanguage":"es","@id":"https:\/\/esbozodeportivo.com\/#\/schema\/person\/image\/","url":"https:\/\/secure.gravatar.com\/avatar\/366235a56d20f1a6e8e3d0b295897639357bea880470ddf261d17bb0bc052eb1?s=96&d=mm&r=g","contentUrl":"https:\/\/secure.gravatar.com\/avatar\/366235a56d20f1a6e8e3d0b295897639357bea880470ddf261d17bb0bc052eb1?s=96&d=mm&r=g","caption":"Javier De La Cruz"},"url":"https:\/\/esbozodeportivo.com\/index.php\/author\/javier-de-la-cruz-de-la-cruz\/"}]}},"jetpack_featured_media_url":"https:\/\/esbozodeportivo.com\/wp-content\/uploads\/2025\/03\/Pizarro.jpg","jetpack_sharing_enabled":true,"_links":{"self":[{"href":"https:\/\/esbozodeportivo.com\/index.php\/wp-json\/wp\/v2\/posts\/6114","targetHints":{"allow":["GET"]}}],"collection":[{"href":"https:\/\/esbozodeportivo.com\/index.php\/wp-json\/wp\/v2\/posts"}],"about":[{"href":"https:\/\/esbozodeportivo.com\/index.php\/wp-json\/wp\/v2\/types\/post"}],"author":[{"embeddable":true,"href":"https:\/\/esbozodeportivo.com\/index.php\/wp-json\/wp\/v2\/users\/2"}],"replies":[{"embeddable":true,"href":"https:\/\/esbozodeportivo.com\/index.php\/wp-json\/wp\/v2\/comments?post=6114"}],"version-history":[{"count":1,"href":"https:\/\/esbozodeportivo.com\/index.php\/wp-json\/wp\/v2\/posts\/6114\/revisions"}],"predecessor-version":[{"id":6116,"href":"https:\/\/esbozodeportivo.com\/index.php\/wp-json\/wp\/v2\/posts\/6114\/revisions\/6116"}],"wp:featuredmedia":[{"embeddable":true,"href":"https:\/\/esbozodeportivo.com\/index.php\/wp-json\/wp\/v2\/media\/6115"}],"wp:attachment":[{"href":"https:\/\/esbozodeportivo.com\/index.php\/wp-json\/wp\/v2\/media?parent=6114"}],"wp:term":[{"taxonomy":"category","embeddable":true,"href":"https:\/\/esbozodeportivo.com\/index.php\/wp-json\/wp\/v2\/categories?post=6114"},{"taxonomy":"post_tag","embeddable":true,"href":"https:\/\/esbozodeportivo.com\/index.php\/wp-json\/wp\/v2\/tags?post=6114"}],"curies":[{"name":"wp","href":"https:\/\/api.w.org\/{rel}","templated":true}]}}