{"id":6146,"date":"2025-03-05T00:04:32","date_gmt":"2025-03-05T06:04:32","guid":{"rendered":"https:\/\/esbozodeportivo.com\/?p=6146"},"modified":"2025-03-05T00:04:33","modified_gmt":"2025-03-05T06:04:33","slug":"espinoza-nuevo-pastor-de-las-chivas","status":"publish","type":"post","link":"https:\/\/esbozodeportivo.com\/index.php\/2025\/03\/05\/espinoza-nuevo-pastor-de-las-chivas\/","title":{"rendered":"Espinoza, nuevo pastor de las Chivas"},"content":{"rendered":"\n<p>(Foto: Agencias) <\/p>\n\n\n\n<p>GUADALAJARA.- Despu\u00e9s de nueve partidos del torneo Clausura mexicano, el espa\u00f1ol <strong>\u00d3scar Garc\u00eda<\/strong> qued\u00f3 desvinculado como entrenador de <strong>Chivas <\/strong>y su lugar ser\u00e1 ocupado por <strong>Gerardo Espinoza,<\/strong> anunci\u00f3 el equipo el lunes por la noche.<\/p>\n\n\n\n<p>La salida de <strong>Garc\u00eda<\/strong> se da tres d\u00edas despu\u00e9s de que el <strong>Guadalajara,<\/strong> uno de los dos equipos m\u00e1s populares en M\u00e9xico, disolviera al comit\u00e9 deportivo que concret\u00f3 la llegada del espa\u00f1ol al banquillo como relevo definitivo del argentino <strong>Fernando Gago<\/strong>.<\/p>\n\n\n\n<p>Ese comit\u00e9 era dirigido por los espa\u00f1oles <strong>Juan Carlos Mart\u00ednez<\/strong>, <strong>Fran P\u00e9rez L\u00e1zaro<\/strong> y <strong>Sergio P\u00e9rez Alonso<\/strong>, todos contratados por Fernando Hierro, quien antes de concluir el Clausura del a\u00f1o pasado dej\u00f3 al equipo para irse al <strong>Al-Nassr<\/strong>, de la <strong>Liga Profesional Saud\u00ed<\/strong>.<\/p>\n\n\n\n<p><strong>Chivas <\/strong>dijo que la separaci\u00f3n fue de com\u00fan acuerdo y poco despu\u00e9s anunci\u00f3 la llegada de <strong>Espinoza<\/strong>, quien dirigir\u00e1 al equipo por lo que resta del <strong>Clausura 2025<\/strong> y de la <strong>Copa de Campeones de la Concacaf<\/strong>.<\/p>\n\n\n\n<p>De 43 a\u00f1os, <strong>Espinoza<\/strong> dirigi\u00f3 al <strong>Aucas de Ecuador<\/strong> y en M\u00e9xico al <strong>Atlas<\/strong>, adem\u00e1s de los equipos de la segunda divisi\u00f3n <strong>Tapat\u00edo<\/strong> y <strong>Tampico Madero<\/strong>. Tambi\u00e9n fue entrenador de la selecci\u00f3n Sub23 mexicana donde gan\u00f3 una medalla de oro en los <strong>Juegos Centroamericanos y del Caribe de El Salvador 2023<\/strong>.<\/p>\n\n\n\n<p><strong>Espinoza <\/strong>s\u00f3lo podr\u00e1 dirigir un entrenamiento el martes, un d\u00eda antes de enfrentar a su ac\u00e9rrimo rival, <strong>Am\u00e9rica<\/strong>, por los cuartos de final de la <strong>Copa de Campeones de la Concacaf<\/strong>. Los dos equipos se miden el mi\u00e9rcoles por la noche en el estadio Akron, en el primero de tres enfrentamientos entre ambos clubes.<\/p>\n\n\n\n<p><strong>Chiva<\/strong>s es el segundo equipo m\u00e1s laureado en M\u00e9xico con 12 campeonatos, pero no ha podido ser campe\u00f3n de liga desde el torneo <strong>Clausura 2017<\/strong> cuando el equipo era dirigido por el argentino <strong>Mat\u00edas Almeyda<\/strong>.<\/p>\n\n\n\n<p>Desde la salida del \u201c<strong>Pelado\u201d Almeyda<\/strong>, 10 entrenadores se han sentado en el banquillo buscando ganar un campeonato y <strong>Espinoza <\/strong>ser\u00e1 el 11mo.<\/p>\n\n\n\n<p><\/p>\n","protected":false},"excerpt":{"rendered":"<p>(Foto: Agencias) GUADALAJARA.- Despu\u00e9s de nueve partidos del torneo Clausura mexicano, el espa\u00f1ol \u00d3scar Garc\u00eda<\/p>\n","protected":false},"author":2,"featured_media":6147,"comment_status":"closed","ping_status":"open","sticky":false,"template":"","format":"standard","meta":{"_jetpack_memberships_contains_paid_content":false,"footnotes":""},"categories":[20],"tags":[],"class_list":["post-6146","post","type-post","status-publish","format-standard","has-post-thumbnail","hentry","category-liga"],"yoast_head":"<!-- This site is optimized with the Yoast SEO plugin v25.7 - https:\/\/yoast.com\/wordpress\/plugins\/seo\/ -->\n<title>Espinoza, nuevo pastor de las Chivas - Esbozo Deportivo<\/title>\n<meta name=\"description\" content=\"Despu\u00e9s de nueve partidos del torneo Clausura mexicano, el espa\u00f1ol \u00d3scar Garc\u00eda qued\u00f3 desvinculado como entrenador de Chivas y su lugar ser\u00e1 ocupado por Gerardo Espinoza, anunci\u00f3 el equipo el lunes por la noche.\" \/>\n<meta name=\"robots\" content=\"index, follow, max-snippet:-1, max-image-preview:large, max-video-preview:-1\" \/>\n<link rel=\"canonical\" href=\"https:\/\/esbozodeportivo.com\/index.php\/2025\/03\/05\/espinoza-nuevo-pastor-de-las-chivas\/\" \/>\n<meta property=\"og:locale\" content=\"es_MX\" \/>\n<meta property=\"og:type\" content=\"article\" \/>\n<meta property=\"og:title\" content=\"Espinoza, nuevo pastor de las Chivas - Esbozo Deportivo\" \/>\n<meta property=\"og:description\" content=\"Despu\u00e9s de nueve partidos del torneo Clausura mexicano, el espa\u00f1ol \u00d3scar Garc\u00eda qued\u00f3 desvinculado como entrenador de Chivas y su lugar ser\u00e1 ocupado por Gerardo Espinoza, anunci\u00f3 el equipo el lunes por la noche.\" \/>\n<meta property=\"og:url\" content=\"https:\/\/esbozodeportivo.com\/index.php\/2025\/03\/05\/espinoza-nuevo-pastor-de-las-chivas\/\" \/>\n<meta property=\"og:site_name\" content=\"Esbozo Deportivo\" \/>\n<meta property=\"article:published_time\" content=\"2025-03-05T06:04:32+00:00\" \/>\n<meta property=\"article:modified_time\" content=\"2025-03-05T06:04:33+00:00\" \/>\n<meta property=\"og:image\" content=\"https:\/\/esbozodeportivo.com\/wp-content\/uploads\/2025\/03\/Gerardo-Espinoza.jpg\" \/>\n\t<meta property=\"og:image:width\" content=\"800\" \/>\n\t<meta property=\"og:image:height\" content=\"600\" \/>\n\t<meta property=\"og:image:type\" content=\"image\/jpeg\" \/>\n<meta name=\"author\" content=\"Javier De La Cruz\" \/>\n<meta name=\"twitter:card\" content=\"summary_large_image\" \/>\n<meta name=\"twitter:label1\" content=\"Escrito por\" \/>\n\t<meta name=\"twitter:data1\" content=\"Javier De La Cruz\" \/>\n\t<meta name=\"twitter:label2\" content=\"Tiempo de lectura\" \/>\n\t<meta name=\"twitter:data2\" content=\"2 minutos\" \/>\n<script type=\"application\/ld+json\" class=\"yoast-schema-graph\">{\"@context\":\"https:\/\/schema.org\",\"@graph\":[{\"@type\":\"Article\",\"@id\":\"https:\/\/esbozodeportivo.com\/index.php\/2025\/03\/05\/espinoza-nuevo-pastor-de-las-chivas\/#article\",\"isPartOf\":{\"@id\":\"https:\/\/esbozodeportivo.com\/index.php\/2025\/03\/05\/espinoza-nuevo-pastor-de-las-chivas\/\"},\"author\":{\"name\":\"Javier De La Cruz\",\"@id\":\"https:\/\/esbozodeportivo.com\/#\/schema\/person\/7277119c98823aec37bbb84e125efd44\"},\"headline\":\"Espinoza, nuevo pastor de las Chivas\",\"datePublished\":\"2025-03-05T06:04:32+00:00\",\"dateModified\":\"2025-03-05T06:04:33+00:00\",\"mainEntityOfPage\":{\"@id\":\"https:\/\/esbozodeportivo.com\/index.php\/2025\/03\/05\/espinoza-nuevo-pastor-de-las-chivas\/\"},\"wordCount\":356,\"publisher\":{\"@id\":\"https:\/\/esbozodeportivo.com\/#organization\"},\"image\":{\"@id\":\"https:\/\/esbozodeportivo.com\/index.php\/2025\/03\/05\/espinoza-nuevo-pastor-de-las-chivas\/#primaryimage\"},\"thumbnailUrl\":\"https:\/\/esbozodeportivo.com\/wp-content\/uploads\/2025\/03\/Gerardo-Espinoza.jpg\",\"articleSection\":[\"Liga MX\"],\"inLanguage\":\"es\"},{\"@type\":\"WebPage\",\"@id\":\"https:\/\/esbozodeportivo.com\/index.php\/2025\/03\/05\/espinoza-nuevo-pastor-de-las-chivas\/\",\"url\":\"https:\/\/esbozodeportivo.com\/index.php\/2025\/03\/05\/espinoza-nuevo-pastor-de-las-chivas\/\",\"name\":\"Espinoza, nuevo pastor de las Chivas - Esbozo Deportivo\",\"isPartOf\":{\"@id\":\"https:\/\/esbozodeportivo.com\/#website\"},\"primaryImageOfPage\":{\"@id\":\"https:\/\/esbozodeportivo.com\/index.php\/2025\/03\/05\/espinoza-nuevo-pastor-de-las-chivas\/#primaryimage\"},\"image\":{\"@id\":\"https:\/\/esbozodeportivo.com\/index.php\/2025\/03\/05\/espinoza-nuevo-pastor-de-las-chivas\/#primaryimage\"},\"thumbnailUrl\":\"https:\/\/esbozodeportivo.com\/wp-content\/uploads\/2025\/03\/Gerardo-Espinoza.jpg\",\"datePublished\":\"2025-03-05T06:04:32+00:00\",\"dateModified\":\"2025-03-05T06:04:33+00:00\",\"description\":\"Despu\u00e9s de nueve partidos del torneo Clausura mexicano, el espa\u00f1ol \u00d3scar Garc\u00eda qued\u00f3 desvinculado como entrenador de Chivas y su lugar ser\u00e1 ocupado por Gerardo Espinoza, anunci\u00f3 el equipo el lunes por la noche.\",\"breadcrumb\":{\"@id\":\"https:\/\/esbozodeportivo.com\/index.php\/2025\/03\/05\/espinoza-nuevo-pastor-de-las-chivas\/#breadcrumb\"},\"inLanguage\":\"es\",\"potentialAction\":[{\"@type\":\"ReadAction\",\"target\":[\"https:\/\/esbozodeportivo.com\/index.php\/2025\/03\/05\/espinoza-nuevo-pastor-de-las-chivas\/\"]}]},{\"@type\":\"ImageObject\",\"inLanguage\":\"es\",\"@id\":\"https:\/\/esbozodeportivo.com\/index.php\/2025\/03\/05\/espinoza-nuevo-pastor-de-las-chivas\/#primaryimage\",\"url\":\"https:\/\/esbozodeportivo.com\/wp-content\/uploads\/2025\/03\/Gerardo-Espinoza.jpg\",\"contentUrl\":\"https:\/\/esbozodeportivo.com\/wp-content\/uploads\/2025\/03\/Gerardo-Espinoza.jpg\",\"width\":800,\"height\":600},{\"@type\":\"BreadcrumbList\",\"@id\":\"https:\/\/esbozodeportivo.com\/index.php\/2025\/03\/05\/espinoza-nuevo-pastor-de-las-chivas\/#breadcrumb\",\"itemListElement\":[{\"@type\":\"ListItem\",\"position\":1,\"name\":\"Inicio\",\"item\":\"https:\/\/esbozodeportivo.com\/\"},{\"@type\":\"ListItem\",\"position\":2,\"name\":\"Espinoza, nuevo pastor de las Chivas\"}]},{\"@type\":\"WebSite\",\"@id\":\"https:\/\/esbozodeportivo.com\/#website\",\"url\":\"https:\/\/esbozodeportivo.com\/\",\"name\":\"Esbozo Deportivo\",\"description\":\"Lo m\u00e1s importante del Deporte\",\"publisher\":{\"@id\":\"https:\/\/esbozodeportivo.com\/#organization\"},\"potentialAction\":[{\"@type\":\"SearchAction\",\"target\":{\"@type\":\"EntryPoint\",\"urlTemplate\":\"https:\/\/esbozodeportivo.com\/?s={search_term_string}\"},\"query-input\":{\"@type\":\"PropertyValueSpecification\",\"valueRequired\":true,\"valueName\":\"search_term_string\"}}],\"inLanguage\":\"es\"},{\"@type\":\"Organization\",\"@id\":\"https:\/\/esbozodeportivo.com\/#organization\",\"name\":\"Esbozo Deportivo\",\"url\":\"https:\/\/esbozodeportivo.com\/\",\"logo\":{\"@type\":\"ImageObject\",\"inLanguage\":\"es\",\"@id\":\"https:\/\/esbozodeportivo.com\/#\/schema\/logo\/image\/\",\"url\":\"https:\/\/esbozodeportivo.com\/wp-content\/uploads\/2022\/08\/cropped-Logo-Esbozo-Web-2.png\",\"contentUrl\":\"https:\/\/esbozodeportivo.com\/wp-content\/uploads\/2022\/08\/cropped-Logo-Esbozo-Web-2.png\",\"width\":180,\"height\":50,\"caption\":\"Esbozo Deportivo\"},\"image\":{\"@id\":\"https:\/\/esbozodeportivo.com\/#\/schema\/logo\/image\/\"}},{\"@type\":\"Person\",\"@id\":\"https:\/\/esbozodeportivo.com\/#\/schema\/person\/7277119c98823aec37bbb84e125efd44\",\"name\":\"Javier De La Cruz\",\"image\":{\"@type\":\"ImageObject\",\"inLanguage\":\"es\",\"@id\":\"https:\/\/esbozodeportivo.com\/#\/schema\/person\/image\/\",\"url\":\"https:\/\/secure.gravatar.com\/avatar\/366235a56d20f1a6e8e3d0b295897639357bea880470ddf261d17bb0bc052eb1?s=96&d=mm&r=g\",\"contentUrl\":\"https:\/\/secure.gravatar.com\/avatar\/366235a56d20f1a6e8e3d0b295897639357bea880470ddf261d17bb0bc052eb1?s=96&d=mm&r=g\",\"caption\":\"Javier De La Cruz\"},\"url\":\"https:\/\/esbozodeportivo.com\/index.php\/author\/javier-de-la-cruz-de-la-cruz\/\"}]}<\/script>\n<!-- \/ Yoast SEO plugin. -->","yoast_head_json":{"title":"Espinoza, nuevo pastor de las Chivas - Esbozo Deportivo","description":"Despu\u00e9s de nueve partidos del torneo Clausura mexicano, el espa\u00f1ol \u00d3scar Garc\u00eda qued\u00f3 desvinculado como entrenador de Chivas y su lugar ser\u00e1 ocupado por Gerardo Espinoza, anunci\u00f3 el equipo el lunes por la noche.","robots":{"index":"index","follow":"follow","max-snippet":"max-snippet:-1","max-image-preview":"max-image-preview:large","max-video-preview":"max-video-preview:-1"},"canonical":"https:\/\/esbozodeportivo.com\/index.php\/2025\/03\/05\/espinoza-nuevo-pastor-de-las-chivas\/","og_locale":"es_MX","og_type":"article","og_title":"Espinoza, nuevo pastor de las Chivas - Esbozo Deportivo","og_description":"Despu\u00e9s de nueve partidos del torneo Clausura mexicano, el espa\u00f1ol \u00d3scar Garc\u00eda qued\u00f3 desvinculado como entrenador de Chivas y su lugar ser\u00e1 ocupado por Gerardo Espinoza, anunci\u00f3 el equipo el lunes por la noche.","og_url":"https:\/\/esbozodeportivo.com\/index.php\/2025\/03\/05\/espinoza-nuevo-pastor-de-las-chivas\/","og_site_name":"Esbozo Deportivo","article_published_time":"2025-03-05T06:04:32+00:00","article_modified_time":"2025-03-05T06:04:33+00:00","og_image":[{"width":800,"height":600,"url":"https:\/\/esbozodeportivo.com\/wp-content\/uploads\/2025\/03\/Gerardo-Espinoza.jpg","type":"image\/jpeg"}],"author":"Javier De La Cruz","twitter_card":"summary_large_image","twitter_misc":{"Escrito por":"Javier De La Cruz","Tiempo de lectura":"2 minutos"},"schema":{"@context":"https:\/\/schema.org","@graph":[{"@type":"Article","@id":"https:\/\/esbozodeportivo.com\/index.php\/2025\/03\/05\/espinoza-nuevo-pastor-de-las-chivas\/#article","isPartOf":{"@id":"https:\/\/esbozodeportivo.com\/index.php\/2025\/03\/05\/espinoza-nuevo-pastor-de-las-chivas\/"},"author":{"name":"Javier De La Cruz","@id":"https:\/\/esbozodeportivo.com\/#\/schema\/person\/7277119c98823aec37bbb84e125efd44"},"headline":"Espinoza, nuevo pastor de las Chivas","datePublished":"2025-03-05T06:04:32+00:00","dateModified":"2025-03-05T06:04:33+00:00","mainEntityOfPage":{"@id":"https:\/\/esbozodeportivo.com\/index.php\/2025\/03\/05\/espinoza-nuevo-pastor-de-las-chivas\/"},"wordCount":356,"publisher":{"@id":"https:\/\/esbozodeportivo.com\/#organization"},"image":{"@id":"https:\/\/esbozodeportivo.com\/index.php\/2025\/03\/05\/espinoza-nuevo-pastor-de-las-chivas\/#primaryimage"},"thumbnailUrl":"https:\/\/esbozodeportivo.com\/wp-content\/uploads\/2025\/03\/Gerardo-Espinoza.jpg","articleSection":["Liga MX"],"inLanguage":"es"},{"@type":"WebPage","@id":"https:\/\/esbozodeportivo.com\/index.php\/2025\/03\/05\/espinoza-nuevo-pastor-de-las-chivas\/","url":"https:\/\/esbozodeportivo.com\/index.php\/2025\/03\/05\/espinoza-nuevo-pastor-de-las-chivas\/","name":"Espinoza, nuevo pastor de las Chivas - Esbozo Deportivo","isPartOf":{"@id":"https:\/\/esbozodeportivo.com\/#website"},"primaryImageOfPage":{"@id":"https:\/\/esbozodeportivo.com\/index.php\/2025\/03\/05\/espinoza-nuevo-pastor-de-las-chivas\/#primaryimage"},"image":{"@id":"https:\/\/esbozodeportivo.com\/index.php\/2025\/03\/05\/espinoza-nuevo-pastor-de-las-chivas\/#primaryimage"},"thumbnailUrl":"https:\/\/esbozodeportivo.com\/wp-content\/uploads\/2025\/03\/Gerardo-Espinoza.jpg","datePublished":"2025-03-05T06:04:32+00:00","dateModified":"2025-03-05T06:04:33+00:00","description":"Despu\u00e9s de nueve partidos del torneo Clausura mexicano, el espa\u00f1ol \u00d3scar Garc\u00eda qued\u00f3 desvinculado como entrenador de Chivas y su lugar ser\u00e1 ocupado por Gerardo Espinoza, anunci\u00f3 el equipo el lunes por la noche.","breadcrumb":{"@id":"https:\/\/esbozodeportivo.com\/index.php\/2025\/03\/05\/espinoza-nuevo-pastor-de-las-chivas\/#breadcrumb"},"inLanguage":"es","potentialAction":[{"@type":"ReadAction","target":["https:\/\/esbozodeportivo.com\/index.php\/2025\/03\/05\/espinoza-nuevo-pastor-de-las-chivas\/"]}]},{"@type":"ImageObject","inLanguage":"es","@id":"https:\/\/esbozodeportivo.com\/index.php\/2025\/03\/05\/espinoza-nuevo-pastor-de-las-chivas\/#primaryimage","url":"https:\/\/esbozodeportivo.com\/wp-content\/uploads\/2025\/03\/Gerardo-Espinoza.jpg","contentUrl":"https:\/\/esbozodeportivo.com\/wp-content\/uploads\/2025\/03\/Gerardo-Espinoza.jpg","width":800,"height":600},{"@type":"BreadcrumbList","@id":"https:\/\/esbozodeportivo.com\/index.php\/2025\/03\/05\/espinoza-nuevo-pastor-de-las-chivas\/#breadcrumb","itemListElement":[{"@type":"ListItem","position":1,"name":"Inicio","item":"https:\/\/esbozodeportivo.com\/"},{"@type":"ListItem","position":2,"name":"Espinoza, nuevo pastor de las Chivas"}]},{"@type":"WebSite","@id":"https:\/\/esbozodeportivo.com\/#website","url":"https:\/\/esbozodeportivo.com\/","name":"Esbozo Deportivo","description":"Lo m\u00e1s importante del Deporte","publisher":{"@id":"https:\/\/esbozodeportivo.com\/#organization"},"potentialAction":[{"@type":"SearchAction","target":{"@type":"EntryPoint","urlTemplate":"https:\/\/esbozodeportivo.com\/?s={search_term_string}"},"query-input":{"@type":"PropertyValueSpecification","valueRequired":true,"valueName":"search_term_string"}}],"inLanguage":"es"},{"@type":"Organization","@id":"https:\/\/esbozodeportivo.com\/#organization","name":"Esbozo Deportivo","url":"https:\/\/esbozodeportivo.com\/","logo":{"@type":"ImageObject","inLanguage":"es","@id":"https:\/\/esbozodeportivo.com\/#\/schema\/logo\/image\/","url":"https:\/\/esbozodeportivo.com\/wp-content\/uploads\/2022\/08\/cropped-Logo-Esbozo-Web-2.png","contentUrl":"https:\/\/esbozodeportivo.com\/wp-content\/uploads\/2022\/08\/cropped-Logo-Esbozo-Web-2.png","width":180,"height":50,"caption":"Esbozo Deportivo"},"image":{"@id":"https:\/\/esbozodeportivo.com\/#\/schema\/logo\/image\/"}},{"@type":"Person","@id":"https:\/\/esbozodeportivo.com\/#\/schema\/person\/7277119c98823aec37bbb84e125efd44","name":"Javier De La Cruz","image":{"@type":"ImageObject","inLanguage":"es","@id":"https:\/\/esbozodeportivo.com\/#\/schema\/person\/image\/","url":"https:\/\/secure.gravatar.com\/avatar\/366235a56d20f1a6e8e3d0b295897639357bea880470ddf261d17bb0bc052eb1?s=96&d=mm&r=g","contentUrl":"https:\/\/secure.gravatar.com\/avatar\/366235a56d20f1a6e8e3d0b295897639357bea880470ddf261d17bb0bc052eb1?s=96&d=mm&r=g","caption":"Javier De La Cruz"},"url":"https:\/\/esbozodeportivo.com\/index.php\/author\/javier-de-la-cruz-de-la-cruz\/"}]}},"jetpack_featured_media_url":"https:\/\/esbozodeportivo.com\/wp-content\/uploads\/2025\/03\/Gerardo-Espinoza.jpg","jetpack_sharing_enabled":true,"_links":{"self":[{"href":"https:\/\/esbozodeportivo.com\/index.php\/wp-json\/wp\/v2\/posts\/6146","targetHints":{"allow":["GET"]}}],"collection":[{"href":"https:\/\/esbozodeportivo.com\/index.php\/wp-json\/wp\/v2\/posts"}],"about":[{"href":"https:\/\/esbozodeportivo.com\/index.php\/wp-json\/wp\/v2\/types\/post"}],"author":[{"embeddable":true,"href":"https:\/\/esbozodeportivo.com\/index.php\/wp-json\/wp\/v2\/users\/2"}],"replies":[{"embeddable":true,"href":"https:\/\/esbozodeportivo.com\/index.php\/wp-json\/wp\/v2\/comments?post=6146"}],"version-history":[{"count":1,"href":"https:\/\/esbozodeportivo.com\/index.php\/wp-json\/wp\/v2\/posts\/6146\/revisions"}],"predecessor-version":[{"id":6148,"href":"https:\/\/esbozodeportivo.com\/index.php\/wp-json\/wp\/v2\/posts\/6146\/revisions\/6148"}],"wp:featuredmedia":[{"embeddable":true,"href":"https:\/\/esbozodeportivo.com\/index.php\/wp-json\/wp\/v2\/media\/6147"}],"wp:attachment":[{"href":"https:\/\/esbozodeportivo.com\/index.php\/wp-json\/wp\/v2\/media?parent=6146"}],"wp:term":[{"taxonomy":"category","embeddable":true,"href":"https:\/\/esbozodeportivo.com\/index.php\/wp-json\/wp\/v2\/categories?post=6146"},{"taxonomy":"post_tag","embeddable":true,"href":"https:\/\/esbozodeportivo.com\/index.php\/wp-json\/wp\/v2\/tags?post=6146"}],"curies":[{"name":"wp","href":"https:\/\/api.w.org\/{rel}","templated":true}]}}