{"id":6155,"date":"2025-03-05T00:11:21","date_gmt":"2025-03-05T06:11:21","guid":{"rendered":"https:\/\/esbozodeportivo.com\/?p=6155"},"modified":"2025-03-05T00:11:21","modified_gmt":"2025-03-05T06:11:21","slug":"jets-cortan-a-davante-adams","status":"publish","type":"post","link":"https:\/\/esbozodeportivo.com\/index.php\/2025\/03\/05\/jets-cortan-a-davante-adams\/","title":{"rendered":"Jets cortan a Davante Adams"},"content":{"rendered":"\n<p>(Foto: Agencias) <\/p>\n\n\n\n<p>NUEVA YORK.- El reencuentro de <strong>Davante Adams<\/strong> con <strong>Aaron Rodgers<\/strong> dur\u00f3 s\u00f3lo 11 partidos en los <strong>Jets de Nueva York<\/strong>. El equipo dio de baja al veterano receptor el martes, antes del nuevo a\u00f1o de la <strong>NFL<\/strong>, que comienza la pr\u00f3xima semana.<\/p>\n\n\n\n<p>El movimiento, esperado por muchos, le generar\u00e1 a los <strong>Jets<\/strong> un ahorro de 29,9 millones de d\u00f3lares en espacio salarial. Apenas el 13 de febrero el equipo anunci\u00f3 que se desprender\u00eda tambi\u00e9n de <strong>Rodgers,<\/strong> amigo y compa\u00f1ero de <strong>Adams<\/strong> durante a\u00f1os.<\/p>\n\n\n\n<p>Dar de baja a <strong>Adams<\/strong> costar\u00e1 a los Jets 8,3 millones de d\u00f3lares en dinero muerto respecto del tope salarial, seg\u00fan overthecap.com.<\/p>\n\n\n\n<p><strong>Adams<\/strong> fue adquirido por <strong>los Jets a Las Vegas<\/strong> en octubre, a cambio de una selecci\u00f3n de tercera ronda en el draft de este a\u00f1o.<\/p>\n\n\n\n<p>El receptor de 32 a\u00f1os y tres veces <strong>All-Pro<\/strong> ten\u00eda programado ganar 35,64 millones de d\u00f3lares no garantizados en cada uno de los pr\u00f3ximos dos a\u00f1os.<\/p>\n\n\n\n<p>Ese alto precio lo convirti\u00f3 en un candidato probable para un recorte relacionado con el tope salarial en el receso previo a la pr\u00f3xima temporada, especialmente despu\u00e9s de que el nuevo r\u00e9gimen de los <strong>Jets<\/strong> \u2014el gerente general <strong>Darren Mougey<\/strong> y el entrenador <strong>Aaron Glenn<\/strong>\u2014 decidier\u00f3n ir en otra direcci\u00f3n que no inclu\u00eda a <strong>Rodgers<\/strong>.<\/p>\n\n\n\n<p><\/p>\n","protected":false},"excerpt":{"rendered":"<p>(Foto: Agencias) NUEVA YORK.- El reencuentro de Davante Adams con Aaron Rodgers dur\u00f3 s\u00f3lo 11<\/p>\n","protected":false},"author":2,"featured_media":6156,"comment_status":"closed","ping_status":"open","sticky":false,"template":"","format":"standard","meta":{"_jetpack_memberships_contains_paid_content":false,"footnotes":""},"categories":[6],"tags":[],"class_list":["post-6155","post","type-post","status-publish","format-standard","has-post-thumbnail","hentry","category-nfl"],"yoast_head":"<!-- This site is optimized with the Yoast SEO plugin v25.7 - https:\/\/yoast.com\/wordpress\/plugins\/seo\/ -->\n<title>Jets cortan a Davante Adams - Esbozo Deportivo<\/title>\n<meta name=\"description\" content=\"El reencuentro de Davante Adams con Aaron Rodgers dur\u00f3 s\u00f3lo 11 partidos en los Jets de Nueva York. El equipo dio de baja al veterano receptor el martes, antes del nuevo a\u00f1o de la NFL, que comienza la pr\u00f3xima semana.\" \/>\n<meta name=\"robots\" content=\"index, follow, max-snippet:-1, max-image-preview:large, max-video-preview:-1\" \/>\n<link rel=\"canonical\" href=\"https:\/\/esbozodeportivo.com\/index.php\/2025\/03\/05\/jets-cortan-a-davante-adams\/\" \/>\n<meta property=\"og:locale\" content=\"es_MX\" \/>\n<meta property=\"og:type\" content=\"article\" \/>\n<meta property=\"og:title\" content=\"Jets cortan a Davante Adams - Esbozo Deportivo\" \/>\n<meta property=\"og:description\" content=\"El reencuentro de Davante Adams con Aaron Rodgers dur\u00f3 s\u00f3lo 11 partidos en los Jets de Nueva York. El equipo dio de baja al veterano receptor el martes, antes del nuevo a\u00f1o de la NFL, que comienza la pr\u00f3xima semana.\" \/>\n<meta property=\"og:url\" content=\"https:\/\/esbozodeportivo.com\/index.php\/2025\/03\/05\/jets-cortan-a-davante-adams\/\" \/>\n<meta property=\"og:site_name\" content=\"Esbozo Deportivo\" \/>\n<meta property=\"article:published_time\" content=\"2025-03-05T06:11:21+00:00\" \/>\n<meta property=\"og:image\" content=\"https:\/\/esbozodeportivo.com\/wp-content\/uploads\/2025\/03\/Jets.jpg\" \/>\n\t<meta property=\"og:image:width\" content=\"980\" \/>\n\t<meta property=\"og:image:height\" content=\"653\" \/>\n\t<meta property=\"og:image:type\" content=\"image\/jpeg\" \/>\n<meta name=\"author\" content=\"Javier De La Cruz\" \/>\n<meta name=\"twitter:card\" content=\"summary_large_image\" \/>\n<meta name=\"twitter:label1\" content=\"Escrito por\" \/>\n\t<meta name=\"twitter:data1\" content=\"Javier De La Cruz\" \/>\n\t<meta name=\"twitter:label2\" content=\"Tiempo de lectura\" \/>\n\t<meta name=\"twitter:data2\" content=\"2 minutos\" \/>\n<script type=\"application\/ld+json\" class=\"yoast-schema-graph\">{\"@context\":\"https:\/\/schema.org\",\"@graph\":[{\"@type\":\"Article\",\"@id\":\"https:\/\/esbozodeportivo.com\/index.php\/2025\/03\/05\/jets-cortan-a-davante-adams\/#article\",\"isPartOf\":{\"@id\":\"https:\/\/esbozodeportivo.com\/index.php\/2025\/03\/05\/jets-cortan-a-davante-adams\/\"},\"author\":{\"name\":\"Javier De La Cruz\",\"@id\":\"https:\/\/esbozodeportivo.com\/#\/schema\/person\/7277119c98823aec37bbb84e125efd44\"},\"headline\":\"Jets cortan a Davante Adams\",\"datePublished\":\"2025-03-05T06:11:21+00:00\",\"mainEntityOfPage\":{\"@id\":\"https:\/\/esbozodeportivo.com\/index.php\/2025\/03\/05\/jets-cortan-a-davante-adams\/\"},\"wordCount\":237,\"publisher\":{\"@id\":\"https:\/\/esbozodeportivo.com\/#organization\"},\"image\":{\"@id\":\"https:\/\/esbozodeportivo.com\/index.php\/2025\/03\/05\/jets-cortan-a-davante-adams\/#primaryimage\"},\"thumbnailUrl\":\"https:\/\/esbozodeportivo.com\/wp-content\/uploads\/2025\/03\/Jets.jpg\",\"articleSection\":[\"NFL\"],\"inLanguage\":\"es\"},{\"@type\":\"WebPage\",\"@id\":\"https:\/\/esbozodeportivo.com\/index.php\/2025\/03\/05\/jets-cortan-a-davante-adams\/\",\"url\":\"https:\/\/esbozodeportivo.com\/index.php\/2025\/03\/05\/jets-cortan-a-davante-adams\/\",\"name\":\"Jets cortan a Davante Adams - Esbozo Deportivo\",\"isPartOf\":{\"@id\":\"https:\/\/esbozodeportivo.com\/#website\"},\"primaryImageOfPage\":{\"@id\":\"https:\/\/esbozodeportivo.com\/index.php\/2025\/03\/05\/jets-cortan-a-davante-adams\/#primaryimage\"},\"image\":{\"@id\":\"https:\/\/esbozodeportivo.com\/index.php\/2025\/03\/05\/jets-cortan-a-davante-adams\/#primaryimage\"},\"thumbnailUrl\":\"https:\/\/esbozodeportivo.com\/wp-content\/uploads\/2025\/03\/Jets.jpg\",\"datePublished\":\"2025-03-05T06:11:21+00:00\",\"description\":\"El reencuentro de Davante Adams con Aaron Rodgers dur\u00f3 s\u00f3lo 11 partidos en los Jets de Nueva York. El equipo dio de baja al veterano receptor el martes, antes del nuevo a\u00f1o de la NFL, que comienza la pr\u00f3xima semana.\",\"breadcrumb\":{\"@id\":\"https:\/\/esbozodeportivo.com\/index.php\/2025\/03\/05\/jets-cortan-a-davante-adams\/#breadcrumb\"},\"inLanguage\":\"es\",\"potentialAction\":[{\"@type\":\"ReadAction\",\"target\":[\"https:\/\/esbozodeportivo.com\/index.php\/2025\/03\/05\/jets-cortan-a-davante-adams\/\"]}]},{\"@type\":\"ImageObject\",\"inLanguage\":\"es\",\"@id\":\"https:\/\/esbozodeportivo.com\/index.php\/2025\/03\/05\/jets-cortan-a-davante-adams\/#primaryimage\",\"url\":\"https:\/\/esbozodeportivo.com\/wp-content\/uploads\/2025\/03\/Jets.jpg\",\"contentUrl\":\"https:\/\/esbozodeportivo.com\/wp-content\/uploads\/2025\/03\/Jets.jpg\",\"width\":980,\"height\":653},{\"@type\":\"BreadcrumbList\",\"@id\":\"https:\/\/esbozodeportivo.com\/index.php\/2025\/03\/05\/jets-cortan-a-davante-adams\/#breadcrumb\",\"itemListElement\":[{\"@type\":\"ListItem\",\"position\":1,\"name\":\"Inicio\",\"item\":\"https:\/\/esbozodeportivo.com\/\"},{\"@type\":\"ListItem\",\"position\":2,\"name\":\"Jets cortan a Davante Adams\"}]},{\"@type\":\"WebSite\",\"@id\":\"https:\/\/esbozodeportivo.com\/#website\",\"url\":\"https:\/\/esbozodeportivo.com\/\",\"name\":\"Esbozo Deportivo\",\"description\":\"Lo m\u00e1s importante del Deporte\",\"publisher\":{\"@id\":\"https:\/\/esbozodeportivo.com\/#organization\"},\"potentialAction\":[{\"@type\":\"SearchAction\",\"target\":{\"@type\":\"EntryPoint\",\"urlTemplate\":\"https:\/\/esbozodeportivo.com\/?s={search_term_string}\"},\"query-input\":{\"@type\":\"PropertyValueSpecification\",\"valueRequired\":true,\"valueName\":\"search_term_string\"}}],\"inLanguage\":\"es\"},{\"@type\":\"Organization\",\"@id\":\"https:\/\/esbozodeportivo.com\/#organization\",\"name\":\"Esbozo Deportivo\",\"url\":\"https:\/\/esbozodeportivo.com\/\",\"logo\":{\"@type\":\"ImageObject\",\"inLanguage\":\"es\",\"@id\":\"https:\/\/esbozodeportivo.com\/#\/schema\/logo\/image\/\",\"url\":\"https:\/\/esbozodeportivo.com\/wp-content\/uploads\/2022\/08\/cropped-Logo-Esbozo-Web-2.png\",\"contentUrl\":\"https:\/\/esbozodeportivo.com\/wp-content\/uploads\/2022\/08\/cropped-Logo-Esbozo-Web-2.png\",\"width\":180,\"height\":50,\"caption\":\"Esbozo Deportivo\"},\"image\":{\"@id\":\"https:\/\/esbozodeportivo.com\/#\/schema\/logo\/image\/\"}},{\"@type\":\"Person\",\"@id\":\"https:\/\/esbozodeportivo.com\/#\/schema\/person\/7277119c98823aec37bbb84e125efd44\",\"name\":\"Javier De La Cruz\",\"image\":{\"@type\":\"ImageObject\",\"inLanguage\":\"es\",\"@id\":\"https:\/\/esbozodeportivo.com\/#\/schema\/person\/image\/\",\"url\":\"https:\/\/secure.gravatar.com\/avatar\/366235a56d20f1a6e8e3d0b295897639357bea880470ddf261d17bb0bc052eb1?s=96&d=mm&r=g\",\"contentUrl\":\"https:\/\/secure.gravatar.com\/avatar\/366235a56d20f1a6e8e3d0b295897639357bea880470ddf261d17bb0bc052eb1?s=96&d=mm&r=g\",\"caption\":\"Javier De La Cruz\"},\"url\":\"https:\/\/esbozodeportivo.com\/index.php\/author\/javier-de-la-cruz-de-la-cruz\/\"}]}<\/script>\n<!-- \/ Yoast SEO plugin. -->","yoast_head_json":{"title":"Jets cortan a Davante Adams - Esbozo Deportivo","description":"El reencuentro de Davante Adams con Aaron Rodgers dur\u00f3 s\u00f3lo 11 partidos en los Jets de Nueva York. El equipo dio de baja al veterano receptor el martes, antes del nuevo a\u00f1o de la NFL, que comienza la pr\u00f3xima semana.","robots":{"index":"index","follow":"follow","max-snippet":"max-snippet:-1","max-image-preview":"max-image-preview:large","max-video-preview":"max-video-preview:-1"},"canonical":"https:\/\/esbozodeportivo.com\/index.php\/2025\/03\/05\/jets-cortan-a-davante-adams\/","og_locale":"es_MX","og_type":"article","og_title":"Jets cortan a Davante Adams - Esbozo Deportivo","og_description":"El reencuentro de Davante Adams con Aaron Rodgers dur\u00f3 s\u00f3lo 11 partidos en los Jets de Nueva York. El equipo dio de baja al veterano receptor el martes, antes del nuevo a\u00f1o de la NFL, que comienza la pr\u00f3xima semana.","og_url":"https:\/\/esbozodeportivo.com\/index.php\/2025\/03\/05\/jets-cortan-a-davante-adams\/","og_site_name":"Esbozo Deportivo","article_published_time":"2025-03-05T06:11:21+00:00","og_image":[{"width":980,"height":653,"url":"https:\/\/esbozodeportivo.com\/wp-content\/uploads\/2025\/03\/Jets.jpg","type":"image\/jpeg"}],"author":"Javier De La Cruz","twitter_card":"summary_large_image","twitter_misc":{"Escrito por":"Javier De La Cruz","Tiempo de lectura":"2 minutos"},"schema":{"@context":"https:\/\/schema.org","@graph":[{"@type":"Article","@id":"https:\/\/esbozodeportivo.com\/index.php\/2025\/03\/05\/jets-cortan-a-davante-adams\/#article","isPartOf":{"@id":"https:\/\/esbozodeportivo.com\/index.php\/2025\/03\/05\/jets-cortan-a-davante-adams\/"},"author":{"name":"Javier De La Cruz","@id":"https:\/\/esbozodeportivo.com\/#\/schema\/person\/7277119c98823aec37bbb84e125efd44"},"headline":"Jets cortan a Davante Adams","datePublished":"2025-03-05T06:11:21+00:00","mainEntityOfPage":{"@id":"https:\/\/esbozodeportivo.com\/index.php\/2025\/03\/05\/jets-cortan-a-davante-adams\/"},"wordCount":237,"publisher":{"@id":"https:\/\/esbozodeportivo.com\/#organization"},"image":{"@id":"https:\/\/esbozodeportivo.com\/index.php\/2025\/03\/05\/jets-cortan-a-davante-adams\/#primaryimage"},"thumbnailUrl":"https:\/\/esbozodeportivo.com\/wp-content\/uploads\/2025\/03\/Jets.jpg","articleSection":["NFL"],"inLanguage":"es"},{"@type":"WebPage","@id":"https:\/\/esbozodeportivo.com\/index.php\/2025\/03\/05\/jets-cortan-a-davante-adams\/","url":"https:\/\/esbozodeportivo.com\/index.php\/2025\/03\/05\/jets-cortan-a-davante-adams\/","name":"Jets cortan a Davante Adams - Esbozo Deportivo","isPartOf":{"@id":"https:\/\/esbozodeportivo.com\/#website"},"primaryImageOfPage":{"@id":"https:\/\/esbozodeportivo.com\/index.php\/2025\/03\/05\/jets-cortan-a-davante-adams\/#primaryimage"},"image":{"@id":"https:\/\/esbozodeportivo.com\/index.php\/2025\/03\/05\/jets-cortan-a-davante-adams\/#primaryimage"},"thumbnailUrl":"https:\/\/esbozodeportivo.com\/wp-content\/uploads\/2025\/03\/Jets.jpg","datePublished":"2025-03-05T06:11:21+00:00","description":"El reencuentro de Davante Adams con Aaron Rodgers dur\u00f3 s\u00f3lo 11 partidos en los Jets de Nueva York. El equipo dio de baja al veterano receptor el martes, antes del nuevo a\u00f1o de la NFL, que comienza la pr\u00f3xima semana.","breadcrumb":{"@id":"https:\/\/esbozodeportivo.com\/index.php\/2025\/03\/05\/jets-cortan-a-davante-adams\/#breadcrumb"},"inLanguage":"es","potentialAction":[{"@type":"ReadAction","target":["https:\/\/esbozodeportivo.com\/index.php\/2025\/03\/05\/jets-cortan-a-davante-adams\/"]}]},{"@type":"ImageObject","inLanguage":"es","@id":"https:\/\/esbozodeportivo.com\/index.php\/2025\/03\/05\/jets-cortan-a-davante-adams\/#primaryimage","url":"https:\/\/esbozodeportivo.com\/wp-content\/uploads\/2025\/03\/Jets.jpg","contentUrl":"https:\/\/esbozodeportivo.com\/wp-content\/uploads\/2025\/03\/Jets.jpg","width":980,"height":653},{"@type":"BreadcrumbList","@id":"https:\/\/esbozodeportivo.com\/index.php\/2025\/03\/05\/jets-cortan-a-davante-adams\/#breadcrumb","itemListElement":[{"@type":"ListItem","position":1,"name":"Inicio","item":"https:\/\/esbozodeportivo.com\/"},{"@type":"ListItem","position":2,"name":"Jets cortan a Davante Adams"}]},{"@type":"WebSite","@id":"https:\/\/esbozodeportivo.com\/#website","url":"https:\/\/esbozodeportivo.com\/","name":"Esbozo Deportivo","description":"Lo m\u00e1s importante del Deporte","publisher":{"@id":"https:\/\/esbozodeportivo.com\/#organization"},"potentialAction":[{"@type":"SearchAction","target":{"@type":"EntryPoint","urlTemplate":"https:\/\/esbozodeportivo.com\/?s={search_term_string}"},"query-input":{"@type":"PropertyValueSpecification","valueRequired":true,"valueName":"search_term_string"}}],"inLanguage":"es"},{"@type":"Organization","@id":"https:\/\/esbozodeportivo.com\/#organization","name":"Esbozo Deportivo","url":"https:\/\/esbozodeportivo.com\/","logo":{"@type":"ImageObject","inLanguage":"es","@id":"https:\/\/esbozodeportivo.com\/#\/schema\/logo\/image\/","url":"https:\/\/esbozodeportivo.com\/wp-content\/uploads\/2022\/08\/cropped-Logo-Esbozo-Web-2.png","contentUrl":"https:\/\/esbozodeportivo.com\/wp-content\/uploads\/2022\/08\/cropped-Logo-Esbozo-Web-2.png","width":180,"height":50,"caption":"Esbozo Deportivo"},"image":{"@id":"https:\/\/esbozodeportivo.com\/#\/schema\/logo\/image\/"}},{"@type":"Person","@id":"https:\/\/esbozodeportivo.com\/#\/schema\/person\/7277119c98823aec37bbb84e125efd44","name":"Javier De La Cruz","image":{"@type":"ImageObject","inLanguage":"es","@id":"https:\/\/esbozodeportivo.com\/#\/schema\/person\/image\/","url":"https:\/\/secure.gravatar.com\/avatar\/366235a56d20f1a6e8e3d0b295897639357bea880470ddf261d17bb0bc052eb1?s=96&d=mm&r=g","contentUrl":"https:\/\/secure.gravatar.com\/avatar\/366235a56d20f1a6e8e3d0b295897639357bea880470ddf261d17bb0bc052eb1?s=96&d=mm&r=g","caption":"Javier De La Cruz"},"url":"https:\/\/esbozodeportivo.com\/index.php\/author\/javier-de-la-cruz-de-la-cruz\/"}]}},"jetpack_featured_media_url":"https:\/\/esbozodeportivo.com\/wp-content\/uploads\/2025\/03\/Jets.jpg","jetpack_sharing_enabled":true,"_links":{"self":[{"href":"https:\/\/esbozodeportivo.com\/index.php\/wp-json\/wp\/v2\/posts\/6155","targetHints":{"allow":["GET"]}}],"collection":[{"href":"https:\/\/esbozodeportivo.com\/index.php\/wp-json\/wp\/v2\/posts"}],"about":[{"href":"https:\/\/esbozodeportivo.com\/index.php\/wp-json\/wp\/v2\/types\/post"}],"author":[{"embeddable":true,"href":"https:\/\/esbozodeportivo.com\/index.php\/wp-json\/wp\/v2\/users\/2"}],"replies":[{"embeddable":true,"href":"https:\/\/esbozodeportivo.com\/index.php\/wp-json\/wp\/v2\/comments?post=6155"}],"version-history":[{"count":1,"href":"https:\/\/esbozodeportivo.com\/index.php\/wp-json\/wp\/v2\/posts\/6155\/revisions"}],"predecessor-version":[{"id":6157,"href":"https:\/\/esbozodeportivo.com\/index.php\/wp-json\/wp\/v2\/posts\/6155\/revisions\/6157"}],"wp:featuredmedia":[{"embeddable":true,"href":"https:\/\/esbozodeportivo.com\/index.php\/wp-json\/wp\/v2\/media\/6156"}],"wp:attachment":[{"href":"https:\/\/esbozodeportivo.com\/index.php\/wp-json\/wp\/v2\/media?parent=6155"}],"wp:term":[{"taxonomy":"category","embeddable":true,"href":"https:\/\/esbozodeportivo.com\/index.php\/wp-json\/wp\/v2\/categories?post=6155"},{"taxonomy":"post_tag","embeddable":true,"href":"https:\/\/esbozodeportivo.com\/index.php\/wp-json\/wp\/v2\/tags?post=6155"}],"curies":[{"name":"wp","href":"https:\/\/api.w.org\/{rel}","templated":true}]}}