{"id":6224,"date":"2025-03-09T23:41:34","date_gmt":"2025-03-10T05:41:34","guid":{"rendered":"https:\/\/esbozodeportivo.com\/?p=6224"},"modified":"2025-03-09T23:41:34","modified_gmt":"2025-03-10T05:41:34","slug":"mikel-arreola-presidente-de-la-fmf","status":"publish","type":"post","link":"https:\/\/esbozodeportivo.com\/index.php\/2025\/03\/09\/mikel-arreola-presidente-de-la-fmf\/","title":{"rendered":"Mikel Arreola presidente de la FMF"},"content":{"rendered":"\n<p>(Foto: Wikipedia) <\/p>\n\n\n\n<p><strong>Por Redacci\u00f3n<\/strong><\/p>\n\n\n\n<p>Luego de la salida de <strong>Juan Carlos Rodr\u00edguez<\/strong>, como presidente de la <a href=\"https:\/\/fmf.mx\/\"><strong>Federaci\u00f3n Mexicana de Futbol<\/strong><\/a>, el mismo organismo anunci\u00f3 este d\u00eda mediante un comunicado oficial en sus redes sociales, que <strong>Mikel Arreola<\/strong>, se convierte en el nuevo presidente de la FMF ante la <a href=\"https:\/\/www.fifa.com\/es\/\"><strong>FIFA<\/strong><\/a> y <a href=\"https:\/\/www.concacaf.com\/es\/\"><strong>Concacaf.<\/strong><\/a> Dejando as\u00ed su compromiso como presidente ejecutivo de la <strong>Liga MX<\/strong>, cargo que ven\u00eda ocupando desde el 2021.<\/p>\n\n\n\n<p>El tambi\u00e9n pol\u00edtico, fue director del <a href=\"https:\/\/www.imss.gob.mx\/\"><strong>Instituto Mexicano del Seguro Social<\/strong><\/a>, antes de llegar a la <strong>Federaci\u00f3n Mexicana de Futbol<\/strong>, en el sexenio de <strong>Enrique Pe\u00f1a Nieto<\/strong>, tambi\u00e9n ocup\u00f3 el cargo de <strong>Comisionado Federal para la Protecci\u00f3n contra Riesgos Sanitarios<\/strong>, con <strong>Felipe Calder\u00f3n <\/strong>como mandatario de M\u00e9xico.<\/p>\n\n\n\n<p>Con este cambio, la <strong>FMF<\/strong>, no ha anunciado quien ocupar\u00e1 el cargo de <strong>Mikel Arreola Pe\u00f1alosa<\/strong>, quien sustituy\u00f3 a <strong>Enrique Bonilla<\/strong>, en ese cargo.<\/p>\n\n\n\n<figure class=\"wp-block-image size-full\"><img loading=\"lazy\" decoding=\"async\" width=\"905\" height=\"831\" src=\"https:\/\/esbozodeportivo.com\/wp-content\/uploads\/2025\/03\/Federacion-Mexicana-de-Futbol.jpg\" alt=\"\" class=\"wp-image-6213\" srcset=\"https:\/\/esbozodeportivo.com\/wp-content\/uploads\/2025\/03\/Federacion-Mexicana-de-Futbol.jpg 905w, https:\/\/esbozodeportivo.com\/wp-content\/uploads\/2025\/03\/Federacion-Mexicana-de-Futbol-300x275.jpg 300w, https:\/\/esbozodeportivo.com\/wp-content\/uploads\/2025\/03\/Federacion-Mexicana-de-Futbol-768x705.jpg 768w\" sizes=\"auto, (max-width: 905px) 100vw, 905px\" \/><\/figure>\n\n\n\n<p>(Foto: @FMF) <\/p>\n\n\n\n<p><\/p>\n","protected":false},"excerpt":{"rendered":"<p>(Foto: Wikipedia) Por Redacci\u00f3n Luego de la salida de Juan Carlos Rodr\u00edguez, como presidente de<\/p>\n","protected":false},"author":4,"featured_media":6214,"comment_status":"closed","ping_status":"open","sticky":false,"template":"","format":"standard","meta":{"_jetpack_memberships_contains_paid_content":false,"footnotes":""},"categories":[60],"tags":[],"class_list":["post-6224","post","type-post","status-publish","format-standard","has-post-thumbnail","hentry","category-fmf"],"yoast_head":"<!-- This site is optimized with the Yoast SEO plugin v25.7 - https:\/\/yoast.com\/wordpress\/plugins\/seo\/ -->\n<title>Mikel Arreola presidente de la FMF - Esbozo Deportivo<\/title>\n<meta name=\"description\" content=\"Luego de la salida de Juan Carlos Rodr\u00edguez, como presidente de la Federaci\u00f3n Mexicana de Futbol, el mismo organismo anunci\u00f3 este d\u00eda mediante un comunicado oficial en sus redes sociales, que Mikel Arreola, se convierte en el nuevo presidente de la FMF ante la FIFA y Concacaf. Dejando as\u00ed su compromiso como presidente ejecutivo de la Liga MX, cargo que ven\u00eda ocupando desde el 2021.\" \/>\n<meta name=\"robots\" content=\"index, follow, max-snippet:-1, max-image-preview:large, max-video-preview:-1\" \/>\n<link rel=\"canonical\" href=\"https:\/\/esbozodeportivo.com\/index.php\/2025\/03\/09\/mikel-arreola-presidente-de-la-fmf\/\" \/>\n<meta property=\"og:locale\" content=\"es_MX\" \/>\n<meta property=\"og:type\" content=\"article\" \/>\n<meta property=\"og:title\" content=\"Mikel Arreola presidente de la FMF - Esbozo Deportivo\" \/>\n<meta property=\"og:description\" content=\"Luego de la salida de Juan Carlos Rodr\u00edguez, como presidente de la Federaci\u00f3n Mexicana de Futbol, el mismo organismo anunci\u00f3 este d\u00eda mediante un comunicado oficial en sus redes sociales, que Mikel Arreola, se convierte en el nuevo presidente de la FMF ante la FIFA y Concacaf. Dejando as\u00ed su compromiso como presidente ejecutivo de la Liga MX, cargo que ven\u00eda ocupando desde el 2021.\" \/>\n<meta property=\"og:url\" content=\"https:\/\/esbozodeportivo.com\/index.php\/2025\/03\/09\/mikel-arreola-presidente-de-la-fmf\/\" \/>\n<meta property=\"og:site_name\" content=\"Esbozo Deportivo\" \/>\n<meta property=\"article:published_time\" content=\"2025-03-10T05:41:34+00:00\" \/>\n<meta property=\"og:image\" content=\"https:\/\/esbozodeportivo.com\/wp-content\/uploads\/2025\/03\/Mikel_Arriola_Penalosa.jpg\" \/>\n\t<meta property=\"og:image:width\" content=\"800\" \/>\n\t<meta property=\"og:image:height\" content=\"1217\" \/>\n\t<meta property=\"og:image:type\" content=\"image\/jpeg\" \/>\n<meta name=\"author\" content=\"Redacci\u00f3n\" \/>\n<meta name=\"twitter:card\" content=\"summary_large_image\" \/>\n<meta name=\"twitter:label1\" content=\"Escrito por\" \/>\n\t<meta name=\"twitter:data1\" content=\"Redacci\u00f3n\" \/>\n\t<meta name=\"twitter:label2\" content=\"Tiempo de lectura\" \/>\n\t<meta name=\"twitter:data2\" content=\"2 minutos\" \/>\n<script type=\"application\/ld+json\" class=\"yoast-schema-graph\">{\"@context\":\"https:\/\/schema.org\",\"@graph\":[{\"@type\":\"Article\",\"@id\":\"https:\/\/esbozodeportivo.com\/index.php\/2025\/03\/09\/mikel-arreola-presidente-de-la-fmf\/#article\",\"isPartOf\":{\"@id\":\"https:\/\/esbozodeportivo.com\/index.php\/2025\/03\/09\/mikel-arreola-presidente-de-la-fmf\/\"},\"author\":{\"name\":\"Redacci\u00f3n\",\"@id\":\"https:\/\/esbozodeportivo.com\/#\/schema\/person\/0f6df9196dfe6740dd0bb31bae50d374\"},\"headline\":\"Mikel Arreola presidente de la FMF\",\"datePublished\":\"2025-03-10T05:41:34+00:00\",\"mainEntityOfPage\":{\"@id\":\"https:\/\/esbozodeportivo.com\/index.php\/2025\/03\/09\/mikel-arreola-presidente-de-la-fmf\/\"},\"wordCount\":161,\"publisher\":{\"@id\":\"https:\/\/esbozodeportivo.com\/#organization\"},\"image\":{\"@id\":\"https:\/\/esbozodeportivo.com\/index.php\/2025\/03\/09\/mikel-arreola-presidente-de-la-fmf\/#primaryimage\"},\"thumbnailUrl\":\"https:\/\/esbozodeportivo.com\/wp-content\/uploads\/2025\/03\/Mikel_Arriola_Penalosa.jpg\",\"articleSection\":[\"FMF\"],\"inLanguage\":\"es\"},{\"@type\":\"WebPage\",\"@id\":\"https:\/\/esbozodeportivo.com\/index.php\/2025\/03\/09\/mikel-arreola-presidente-de-la-fmf\/\",\"url\":\"https:\/\/esbozodeportivo.com\/index.php\/2025\/03\/09\/mikel-arreola-presidente-de-la-fmf\/\",\"name\":\"Mikel Arreola presidente de la FMF - Esbozo Deportivo\",\"isPartOf\":{\"@id\":\"https:\/\/esbozodeportivo.com\/#website\"},\"primaryImageOfPage\":{\"@id\":\"https:\/\/esbozodeportivo.com\/index.php\/2025\/03\/09\/mikel-arreola-presidente-de-la-fmf\/#primaryimage\"},\"image\":{\"@id\":\"https:\/\/esbozodeportivo.com\/index.php\/2025\/03\/09\/mikel-arreola-presidente-de-la-fmf\/#primaryimage\"},\"thumbnailUrl\":\"https:\/\/esbozodeportivo.com\/wp-content\/uploads\/2025\/03\/Mikel_Arriola_Penalosa.jpg\",\"datePublished\":\"2025-03-10T05:41:34+00:00\",\"description\":\"Luego de la salida de Juan Carlos Rodr\u00edguez, como presidente de la Federaci\u00f3n Mexicana de Futbol, el mismo organismo anunci\u00f3 este d\u00eda mediante un comunicado oficial en sus redes sociales, que Mikel Arreola, se convierte en el nuevo presidente de la FMF ante la FIFA y Concacaf. Dejando as\u00ed su compromiso como presidente ejecutivo de la Liga MX, cargo que ven\u00eda ocupando desde el 2021.\",\"breadcrumb\":{\"@id\":\"https:\/\/esbozodeportivo.com\/index.php\/2025\/03\/09\/mikel-arreola-presidente-de-la-fmf\/#breadcrumb\"},\"inLanguage\":\"es\",\"potentialAction\":[{\"@type\":\"ReadAction\",\"target\":[\"https:\/\/esbozodeportivo.com\/index.php\/2025\/03\/09\/mikel-arreola-presidente-de-la-fmf\/\"]}]},{\"@type\":\"ImageObject\",\"inLanguage\":\"es\",\"@id\":\"https:\/\/esbozodeportivo.com\/index.php\/2025\/03\/09\/mikel-arreola-presidente-de-la-fmf\/#primaryimage\",\"url\":\"https:\/\/esbozodeportivo.com\/wp-content\/uploads\/2025\/03\/Mikel_Arriola_Penalosa.jpg\",\"contentUrl\":\"https:\/\/esbozodeportivo.com\/wp-content\/uploads\/2025\/03\/Mikel_Arriola_Penalosa.jpg\",\"width\":800,\"height\":1217},{\"@type\":\"BreadcrumbList\",\"@id\":\"https:\/\/esbozodeportivo.com\/index.php\/2025\/03\/09\/mikel-arreola-presidente-de-la-fmf\/#breadcrumb\",\"itemListElement\":[{\"@type\":\"ListItem\",\"position\":1,\"name\":\"Inicio\",\"item\":\"https:\/\/esbozodeportivo.com\/\"},{\"@type\":\"ListItem\",\"position\":2,\"name\":\"Mikel Arreola presidente de la FMF\"}]},{\"@type\":\"WebSite\",\"@id\":\"https:\/\/esbozodeportivo.com\/#website\",\"url\":\"https:\/\/esbozodeportivo.com\/\",\"name\":\"Esbozo Deportivo\",\"description\":\"Lo m\u00e1s importante del Deporte\",\"publisher\":{\"@id\":\"https:\/\/esbozodeportivo.com\/#organization\"},\"potentialAction\":[{\"@type\":\"SearchAction\",\"target\":{\"@type\":\"EntryPoint\",\"urlTemplate\":\"https:\/\/esbozodeportivo.com\/?s={search_term_string}\"},\"query-input\":{\"@type\":\"PropertyValueSpecification\",\"valueRequired\":true,\"valueName\":\"search_term_string\"}}],\"inLanguage\":\"es\"},{\"@type\":\"Organization\",\"@id\":\"https:\/\/esbozodeportivo.com\/#organization\",\"name\":\"Esbozo Deportivo\",\"url\":\"https:\/\/esbozodeportivo.com\/\",\"logo\":{\"@type\":\"ImageObject\",\"inLanguage\":\"es\",\"@id\":\"https:\/\/esbozodeportivo.com\/#\/schema\/logo\/image\/\",\"url\":\"https:\/\/esbozodeportivo.com\/wp-content\/uploads\/2022\/08\/cropped-Logo-Esbozo-Web-2.png\",\"contentUrl\":\"https:\/\/esbozodeportivo.com\/wp-content\/uploads\/2022\/08\/cropped-Logo-Esbozo-Web-2.png\",\"width\":180,\"height\":50,\"caption\":\"Esbozo Deportivo\"},\"image\":{\"@id\":\"https:\/\/esbozodeportivo.com\/#\/schema\/logo\/image\/\"}},{\"@type\":\"Person\",\"@id\":\"https:\/\/esbozodeportivo.com\/#\/schema\/person\/0f6df9196dfe6740dd0bb31bae50d374\",\"name\":\"Redacci\u00f3n\",\"image\":{\"@type\":\"ImageObject\",\"inLanguage\":\"es\",\"@id\":\"https:\/\/esbozodeportivo.com\/#\/schema\/person\/image\/\",\"url\":\"https:\/\/secure.gravatar.com\/avatar\/f55268a89c3b418f2ef172ff52ab0d09b3e653c58de29539fe329fb93d78ebf3?s=96&d=mm&r=g\",\"contentUrl\":\"https:\/\/secure.gravatar.com\/avatar\/f55268a89c3b418f2ef172ff52ab0d09b3e653c58de29539fe329fb93d78ebf3?s=96&d=mm&r=g\",\"caption\":\"Redacci\u00f3n\"},\"url\":\"https:\/\/esbozodeportivo.com\/index.php\/author\/redaccion\/\"}]}<\/script>\n<!-- \/ Yoast SEO plugin. -->","yoast_head_json":{"title":"Mikel Arreola presidente de la FMF - Esbozo Deportivo","description":"Luego de la salida de Juan Carlos Rodr\u00edguez, como presidente de la Federaci\u00f3n Mexicana de Futbol, el mismo organismo anunci\u00f3 este d\u00eda mediante un comunicado oficial en sus redes sociales, que Mikel Arreola, se convierte en el nuevo presidente de la FMF ante la FIFA y Concacaf. Dejando as\u00ed su compromiso como presidente ejecutivo de la Liga MX, cargo que ven\u00eda ocupando desde el 2021.","robots":{"index":"index","follow":"follow","max-snippet":"max-snippet:-1","max-image-preview":"max-image-preview:large","max-video-preview":"max-video-preview:-1"},"canonical":"https:\/\/esbozodeportivo.com\/index.php\/2025\/03\/09\/mikel-arreola-presidente-de-la-fmf\/","og_locale":"es_MX","og_type":"article","og_title":"Mikel Arreola presidente de la FMF - Esbozo Deportivo","og_description":"Luego de la salida de Juan Carlos Rodr\u00edguez, como presidente de la Federaci\u00f3n Mexicana de Futbol, el mismo organismo anunci\u00f3 este d\u00eda mediante un comunicado oficial en sus redes sociales, que Mikel Arreola, se convierte en el nuevo presidente de la FMF ante la FIFA y Concacaf. Dejando as\u00ed su compromiso como presidente ejecutivo de la Liga MX, cargo que ven\u00eda ocupando desde el 2021.","og_url":"https:\/\/esbozodeportivo.com\/index.php\/2025\/03\/09\/mikel-arreola-presidente-de-la-fmf\/","og_site_name":"Esbozo Deportivo","article_published_time":"2025-03-10T05:41:34+00:00","og_image":[{"width":800,"height":1217,"url":"https:\/\/esbozodeportivo.com\/wp-content\/uploads\/2025\/03\/Mikel_Arriola_Penalosa.jpg","type":"image\/jpeg"}],"author":"Redacci\u00f3n","twitter_card":"summary_large_image","twitter_misc":{"Escrito por":"Redacci\u00f3n","Tiempo de lectura":"2 minutos"},"schema":{"@context":"https:\/\/schema.org","@graph":[{"@type":"Article","@id":"https:\/\/esbozodeportivo.com\/index.php\/2025\/03\/09\/mikel-arreola-presidente-de-la-fmf\/#article","isPartOf":{"@id":"https:\/\/esbozodeportivo.com\/index.php\/2025\/03\/09\/mikel-arreola-presidente-de-la-fmf\/"},"author":{"name":"Redacci\u00f3n","@id":"https:\/\/esbozodeportivo.com\/#\/schema\/person\/0f6df9196dfe6740dd0bb31bae50d374"},"headline":"Mikel Arreola presidente de la FMF","datePublished":"2025-03-10T05:41:34+00:00","mainEntityOfPage":{"@id":"https:\/\/esbozodeportivo.com\/index.php\/2025\/03\/09\/mikel-arreola-presidente-de-la-fmf\/"},"wordCount":161,"publisher":{"@id":"https:\/\/esbozodeportivo.com\/#organization"},"image":{"@id":"https:\/\/esbozodeportivo.com\/index.php\/2025\/03\/09\/mikel-arreola-presidente-de-la-fmf\/#primaryimage"},"thumbnailUrl":"https:\/\/esbozodeportivo.com\/wp-content\/uploads\/2025\/03\/Mikel_Arriola_Penalosa.jpg","articleSection":["FMF"],"inLanguage":"es"},{"@type":"WebPage","@id":"https:\/\/esbozodeportivo.com\/index.php\/2025\/03\/09\/mikel-arreola-presidente-de-la-fmf\/","url":"https:\/\/esbozodeportivo.com\/index.php\/2025\/03\/09\/mikel-arreola-presidente-de-la-fmf\/","name":"Mikel Arreola presidente de la FMF - Esbozo Deportivo","isPartOf":{"@id":"https:\/\/esbozodeportivo.com\/#website"},"primaryImageOfPage":{"@id":"https:\/\/esbozodeportivo.com\/index.php\/2025\/03\/09\/mikel-arreola-presidente-de-la-fmf\/#primaryimage"},"image":{"@id":"https:\/\/esbozodeportivo.com\/index.php\/2025\/03\/09\/mikel-arreola-presidente-de-la-fmf\/#primaryimage"},"thumbnailUrl":"https:\/\/esbozodeportivo.com\/wp-content\/uploads\/2025\/03\/Mikel_Arriola_Penalosa.jpg","datePublished":"2025-03-10T05:41:34+00:00","description":"Luego de la salida de Juan Carlos Rodr\u00edguez, como presidente de la Federaci\u00f3n Mexicana de Futbol, el mismo organismo anunci\u00f3 este d\u00eda mediante un comunicado oficial en sus redes sociales, que Mikel Arreola, se convierte en el nuevo presidente de la FMF ante la FIFA y Concacaf. Dejando as\u00ed su compromiso como presidente ejecutivo de la Liga MX, cargo que ven\u00eda ocupando desde el 2021.","breadcrumb":{"@id":"https:\/\/esbozodeportivo.com\/index.php\/2025\/03\/09\/mikel-arreola-presidente-de-la-fmf\/#breadcrumb"},"inLanguage":"es","potentialAction":[{"@type":"ReadAction","target":["https:\/\/esbozodeportivo.com\/index.php\/2025\/03\/09\/mikel-arreola-presidente-de-la-fmf\/"]}]},{"@type":"ImageObject","inLanguage":"es","@id":"https:\/\/esbozodeportivo.com\/index.php\/2025\/03\/09\/mikel-arreola-presidente-de-la-fmf\/#primaryimage","url":"https:\/\/esbozodeportivo.com\/wp-content\/uploads\/2025\/03\/Mikel_Arriola_Penalosa.jpg","contentUrl":"https:\/\/esbozodeportivo.com\/wp-content\/uploads\/2025\/03\/Mikel_Arriola_Penalosa.jpg","width":800,"height":1217},{"@type":"BreadcrumbList","@id":"https:\/\/esbozodeportivo.com\/index.php\/2025\/03\/09\/mikel-arreola-presidente-de-la-fmf\/#breadcrumb","itemListElement":[{"@type":"ListItem","position":1,"name":"Inicio","item":"https:\/\/esbozodeportivo.com\/"},{"@type":"ListItem","position":2,"name":"Mikel Arreola presidente de la FMF"}]},{"@type":"WebSite","@id":"https:\/\/esbozodeportivo.com\/#website","url":"https:\/\/esbozodeportivo.com\/","name":"Esbozo Deportivo","description":"Lo m\u00e1s importante del Deporte","publisher":{"@id":"https:\/\/esbozodeportivo.com\/#organization"},"potentialAction":[{"@type":"SearchAction","target":{"@type":"EntryPoint","urlTemplate":"https:\/\/esbozodeportivo.com\/?s={search_term_string}"},"query-input":{"@type":"PropertyValueSpecification","valueRequired":true,"valueName":"search_term_string"}}],"inLanguage":"es"},{"@type":"Organization","@id":"https:\/\/esbozodeportivo.com\/#organization","name":"Esbozo Deportivo","url":"https:\/\/esbozodeportivo.com\/","logo":{"@type":"ImageObject","inLanguage":"es","@id":"https:\/\/esbozodeportivo.com\/#\/schema\/logo\/image\/","url":"https:\/\/esbozodeportivo.com\/wp-content\/uploads\/2022\/08\/cropped-Logo-Esbozo-Web-2.png","contentUrl":"https:\/\/esbozodeportivo.com\/wp-content\/uploads\/2022\/08\/cropped-Logo-Esbozo-Web-2.png","width":180,"height":50,"caption":"Esbozo Deportivo"},"image":{"@id":"https:\/\/esbozodeportivo.com\/#\/schema\/logo\/image\/"}},{"@type":"Person","@id":"https:\/\/esbozodeportivo.com\/#\/schema\/person\/0f6df9196dfe6740dd0bb31bae50d374","name":"Redacci\u00f3n","image":{"@type":"ImageObject","inLanguage":"es","@id":"https:\/\/esbozodeportivo.com\/#\/schema\/person\/image\/","url":"https:\/\/secure.gravatar.com\/avatar\/f55268a89c3b418f2ef172ff52ab0d09b3e653c58de29539fe329fb93d78ebf3?s=96&d=mm&r=g","contentUrl":"https:\/\/secure.gravatar.com\/avatar\/f55268a89c3b418f2ef172ff52ab0d09b3e653c58de29539fe329fb93d78ebf3?s=96&d=mm&r=g","caption":"Redacci\u00f3n"},"url":"https:\/\/esbozodeportivo.com\/index.php\/author\/redaccion\/"}]}},"jetpack_featured_media_url":"https:\/\/esbozodeportivo.com\/wp-content\/uploads\/2025\/03\/Mikel_Arriola_Penalosa.jpg","jetpack_sharing_enabled":true,"_links":{"self":[{"href":"https:\/\/esbozodeportivo.com\/index.php\/wp-json\/wp\/v2\/posts\/6224","targetHints":{"allow":["GET"]}}],"collection":[{"href":"https:\/\/esbozodeportivo.com\/index.php\/wp-json\/wp\/v2\/posts"}],"about":[{"href":"https:\/\/esbozodeportivo.com\/index.php\/wp-json\/wp\/v2\/types\/post"}],"author":[{"embeddable":true,"href":"https:\/\/esbozodeportivo.com\/index.php\/wp-json\/wp\/v2\/users\/4"}],"replies":[{"embeddable":true,"href":"https:\/\/esbozodeportivo.com\/index.php\/wp-json\/wp\/v2\/comments?post=6224"}],"version-history":[{"count":1,"href":"https:\/\/esbozodeportivo.com\/index.php\/wp-json\/wp\/v2\/posts\/6224\/revisions"}],"predecessor-version":[{"id":6225,"href":"https:\/\/esbozodeportivo.com\/index.php\/wp-json\/wp\/v2\/posts\/6224\/revisions\/6225"}],"wp:featuredmedia":[{"embeddable":true,"href":"https:\/\/esbozodeportivo.com\/index.php\/wp-json\/wp\/v2\/media\/6214"}],"wp:attachment":[{"href":"https:\/\/esbozodeportivo.com\/index.php\/wp-json\/wp\/v2\/media?parent=6224"}],"wp:term":[{"taxonomy":"category","embeddable":true,"href":"https:\/\/esbozodeportivo.com\/index.php\/wp-json\/wp\/v2\/categories?post=6224"},{"taxonomy":"post_tag","embeddable":true,"href":"https:\/\/esbozodeportivo.com\/index.php\/wp-json\/wp\/v2\/tags?post=6224"}],"curies":[{"name":"wp","href":"https:\/\/api.w.org\/{rel}","templated":true}]}}