{"id":6227,"date":"2025-03-10T14:58:42","date_gmt":"2025-03-10T20:58:42","guid":{"rendered":"https:\/\/esbozodeportivo.com\/?p=6227"},"modified":"2025-03-10T14:58:43","modified_gmt":"2025-03-10T20:58:43","slug":"rinden-homenaje-postumo-a-pepe-arevalo-en-el-gran-forum","status":"publish","type":"post","link":"https:\/\/esbozodeportivo.com\/index.php\/2025\/03\/10\/rinden-homenaje-postumo-a-pepe-arevalo-en-el-gran-forum\/","title":{"rendered":"Rinden homenaje p\u00f3stumo a Pepe Ar\u00e9valo en el Gran F\u00f3rum"},"content":{"rendered":"\n<p><strong>&gt;&gt; Mariachi, un d\u00fao de cuerdas y una presentaci\u00f3n de su&nbsp;orquesta ahora llamada \u00ab<\/strong><em><strong>Los Mulatos de Pepe Ar\u00e9val<\/strong><\/em><strong>o\u00bb&nbsp;completaron el homenaje musical&nbsp;&nbsp;&nbsp;<\/strong><\/p>\n\n\n\n<p><strong>Pepe Ar\u00e9valo<\/strong>, el famoso&nbsp;<em>Gran Le\u00f3n<\/em>&nbsp;de la m\u00fasica afroantillana fue homenajeado de manera p\u00f3stuma en el&nbsp;<strong>Sal\u00f3n Gran F\u00f3rum<\/strong>&nbsp;este domingo.<\/p>\n\n\n\n<p>El tributo hecho por su familia, fue encabezado por su famoso hijo el periodista&nbsp;<strong>Jos\u00e9 Luis Ar\u00e9valo<\/strong>. Este homenaje fue un reconocimiento a su contribuci\u00f3n al g\u00e9nero tropical y salsero, y cont\u00f3 con la participaci\u00f3n de un sin fin de colegas y amigos.<\/p>\n\n\n\n<p>La&nbsp;<strong>Orquesta Sinf\u00f3nica de Coyoac\u00e1n<\/strong>, dirigida por&nbsp;<strong>Rodrigo Ramos Elurdy<\/strong>&nbsp;y con el pianista&nbsp;<strong>Mauricio Nader<\/strong>, toc\u00f3 en el homenaje algunos de los temas m\u00e1s representativos del m\u00fasico, as\u00ed como algunos que disfrutaba, entre ellos \u00ab<em>Oye Salom\u00e9<\/em>\u00bb y el danz\u00f3n \u00ab<em>Nereidas<\/em>\u00ab.<\/p>\n\n\n\n<p>El evento tuvo muchos momentos llenos de emociones por parte de su familia que cont\u00f3 muchas an\u00e9cdotas de su vida.<\/p>\n\n\n\n<figure class=\"wp-block-image size-full\"><img loading=\"lazy\" decoding=\"async\" width=\"1024\" height=\"574\" src=\"https:\/\/esbozodeportivo.com\/wp-content\/uploads\/2025\/03\/Arevalo1.jpeg\" alt=\"\" class=\"wp-image-6229\" srcset=\"https:\/\/esbozodeportivo.com\/wp-content\/uploads\/2025\/03\/Arevalo1.jpeg 1024w, https:\/\/esbozodeportivo.com\/wp-content\/uploads\/2025\/03\/Arevalo1-300x168.jpeg 300w, https:\/\/esbozodeportivo.com\/wp-content\/uploads\/2025\/03\/Arevalo1-768x431.jpeg 768w\" sizes=\"auto, (max-width: 1024px) 100vw, 1024px\" \/><\/figure>\n\n\n\n<p>La concurrencia que llen\u00f3 el&nbsp;<strong>Gran F\u00f3rum<\/strong>, donde se present\u00f3 con sus \u201c<em>mulatos<\/em>\u201d innumerables ocasiones, aplaudi\u00f3 y celebr\u00f3 la vida del salsero. El festejo para celebrar la vida de Ar\u00e9valo, tuvo una duraci\u00f3n de m\u00e1s de 3 horas con la urna de sus cenizas en el centro de espect\u00e1culos, junto a su piano y su famosa boina de piel caf\u00e9.<\/p>\n\n\n\n<p>Celebraron el hecho de que toda su vida ayud\u00f3 a muchas personas que le ped\u00edan apoyo, sin distinguir su origen.&nbsp; \u201cMi pap\u00e1 de la mano de otros intelectuales crearon un movimiento que a la fecha se llama&nbsp;<strong>La Rumba es Cultura<\/strong>. Con la intenci\u00f3n de que esta m\u00fasica pudiera subir de nivel\u00bb, record\u00f3 el periodista&nbsp;<strong>Jos\u00e9 Luis Ar\u00e9valo<\/strong>.&nbsp;&nbsp;&nbsp;&nbsp;&nbsp;&nbsp;&nbsp;&nbsp;&nbsp;&nbsp;&nbsp;&nbsp;&nbsp;&nbsp;&nbsp;<\/p>\n\n\n\n<p>\u00abHizo bailar a todos los barrios. Fue admirado por grandes, por el&nbsp;<strong>Gran Combo de Puerto Rico<\/strong>, por&nbsp;<strong>H\u00e9ctor Lavoe<\/strong>. Pepe era un gran pianista, hac\u00eda lucir a cualquiera que acompa\u00f1aba. Lo que empez\u00f3 como un hobbie de ni\u00f1o lo llev\u00f3 a dar la vuelta al mundo\u00bb, dijo su hijo el actor<strong>&nbsp;Josu\u00e9 Ar\u00e9valo<\/strong>.<\/p>\n\n\n\n<p>Dos artistas pl\u00e1sticos contribuyeron al homenaje con un cuadro en l\u00e1mina de plata y un busto del pianista que quedar\u00e1 en la rotonda del&nbsp;<strong>Centro de Espect\u00e1culos F\u00f3rum<\/strong>&nbsp;y que ser\u00e1 develado en los pr\u00f3ximos meses.<\/p>\n\n\n\n<p>Mariachi, un d\u00fao de cuerdas y una presentaci\u00f3n de su<strong>&nbsp;orquesta ahora llamada Los Mulatos de Pepe Ar\u00e9valo&nbsp;<\/strong>completaron el homenaje musical.&nbsp;&nbsp;&nbsp;&nbsp;&nbsp;&nbsp;&nbsp;&nbsp;&nbsp;&nbsp;&nbsp;<\/p>\n\n\n\n<p><\/p>\n","protected":false},"excerpt":{"rendered":"<p>&gt;&gt; Mariachi, un d\u00fao de cuerdas y una presentaci\u00f3n de su&nbsp;orquesta ahora llamada \u00abLos Mulatos<\/p>\n","protected":false},"author":4,"featured_media":6228,"comment_status":"closed","ping_status":"open","sticky":false,"template":"","format":"standard","meta":{"_jetpack_memberships_contains_paid_content":false,"footnotes":""},"categories":[61],"tags":[],"class_list":["post-6227","post","type-post","status-publish","format-standard","has-post-thumbnail","hentry","category-espectaculos"],"yoast_head":"<!-- This site is optimized with the Yoast SEO plugin v25.7 - https:\/\/yoast.com\/wordpress\/plugins\/seo\/ -->\n<title>Rinden homenaje p\u00f3stumo a Pepe Ar\u00e9valo en el Gran F\u00f3rum - Esbozo Deportivo<\/title>\n<meta name=\"description\" content=\"El tributo hecho por su familia, fue encabezado por su famoso hijo el periodista\u00a0Jos\u00e9 Luis Ar\u00e9valo. Este homenaje fue un reconocimiento a su contribuci\u00f3n al g\u00e9nero tropical y salsero, y cont\u00f3 con la participaci\u00f3n de un sin fin de colegas y amigos.\" \/>\n<meta name=\"robots\" content=\"index, follow, max-snippet:-1, max-image-preview:large, max-video-preview:-1\" \/>\n<link rel=\"canonical\" href=\"https:\/\/esbozodeportivo.com\/index.php\/2025\/03\/10\/rinden-homenaje-postumo-a-pepe-arevalo-en-el-gran-forum\/\" \/>\n<meta property=\"og:locale\" content=\"es_MX\" \/>\n<meta property=\"og:type\" content=\"article\" \/>\n<meta property=\"og:title\" content=\"Rinden homenaje p\u00f3stumo a Pepe Ar\u00e9valo en el Gran F\u00f3rum - Esbozo Deportivo\" \/>\n<meta property=\"og:description\" content=\"El tributo hecho por su familia, fue encabezado por su famoso hijo el periodista\u00a0Jos\u00e9 Luis Ar\u00e9valo. Este homenaje fue un reconocimiento a su contribuci\u00f3n al g\u00e9nero tropical y salsero, y cont\u00f3 con la participaci\u00f3n de un sin fin de colegas y amigos.\" \/>\n<meta property=\"og:url\" content=\"https:\/\/esbozodeportivo.com\/index.php\/2025\/03\/10\/rinden-homenaje-postumo-a-pepe-arevalo-en-el-gran-forum\/\" \/>\n<meta property=\"og:site_name\" content=\"Esbozo Deportivo\" \/>\n<meta property=\"article:published_time\" content=\"2025-03-10T20:58:42+00:00\" \/>\n<meta property=\"article:modified_time\" content=\"2025-03-10T20:58:43+00:00\" \/>\n<meta property=\"og:image\" content=\"https:\/\/esbozodeportivo.com\/wp-content\/uploads\/2025\/03\/Arevalo.jpeg\" \/>\n\t<meta property=\"og:image:width\" content=\"1024\" \/>\n\t<meta property=\"og:image:height\" content=\"574\" \/>\n\t<meta property=\"og:image:type\" content=\"image\/jpeg\" \/>\n<meta name=\"author\" content=\"Redacci\u00f3n\" \/>\n<meta name=\"twitter:card\" content=\"summary_large_image\" \/>\n<meta name=\"twitter:label1\" content=\"Escrito por\" \/>\n\t<meta name=\"twitter:data1\" content=\"Redacci\u00f3n\" \/>\n\t<meta name=\"twitter:label2\" content=\"Tiempo de lectura\" \/>\n\t<meta name=\"twitter:data2\" content=\"3 minutos\" \/>\n<script type=\"application\/ld+json\" class=\"yoast-schema-graph\">{\"@context\":\"https:\/\/schema.org\",\"@graph\":[{\"@type\":\"Article\",\"@id\":\"https:\/\/esbozodeportivo.com\/index.php\/2025\/03\/10\/rinden-homenaje-postumo-a-pepe-arevalo-en-el-gran-forum\/#article\",\"isPartOf\":{\"@id\":\"https:\/\/esbozodeportivo.com\/index.php\/2025\/03\/10\/rinden-homenaje-postumo-a-pepe-arevalo-en-el-gran-forum\/\"},\"author\":{\"name\":\"Redacci\u00f3n\",\"@id\":\"https:\/\/esbozodeportivo.com\/#\/schema\/person\/0f6df9196dfe6740dd0bb31bae50d374\"},\"headline\":\"Rinden homenaje p\u00f3stumo a Pepe Ar\u00e9valo en el Gran F\u00f3rum\",\"datePublished\":\"2025-03-10T20:58:42+00:00\",\"dateModified\":\"2025-03-10T20:58:43+00:00\",\"mainEntityOfPage\":{\"@id\":\"https:\/\/esbozodeportivo.com\/index.php\/2025\/03\/10\/rinden-homenaje-postumo-a-pepe-arevalo-en-el-gran-forum\/\"},\"wordCount\":485,\"publisher\":{\"@id\":\"https:\/\/esbozodeportivo.com\/#organization\"},\"image\":{\"@id\":\"https:\/\/esbozodeportivo.com\/index.php\/2025\/03\/10\/rinden-homenaje-postumo-a-pepe-arevalo-en-el-gran-forum\/#primaryimage\"},\"thumbnailUrl\":\"https:\/\/esbozodeportivo.com\/wp-content\/uploads\/2025\/03\/Arevalo.jpeg\",\"articleSection\":[\"Espect\u00e1culos\"],\"inLanguage\":\"es\"},{\"@type\":\"WebPage\",\"@id\":\"https:\/\/esbozodeportivo.com\/index.php\/2025\/03\/10\/rinden-homenaje-postumo-a-pepe-arevalo-en-el-gran-forum\/\",\"url\":\"https:\/\/esbozodeportivo.com\/index.php\/2025\/03\/10\/rinden-homenaje-postumo-a-pepe-arevalo-en-el-gran-forum\/\",\"name\":\"Rinden homenaje p\u00f3stumo a Pepe Ar\u00e9valo en el Gran F\u00f3rum - Esbozo Deportivo\",\"isPartOf\":{\"@id\":\"https:\/\/esbozodeportivo.com\/#website\"},\"primaryImageOfPage\":{\"@id\":\"https:\/\/esbozodeportivo.com\/index.php\/2025\/03\/10\/rinden-homenaje-postumo-a-pepe-arevalo-en-el-gran-forum\/#primaryimage\"},\"image\":{\"@id\":\"https:\/\/esbozodeportivo.com\/index.php\/2025\/03\/10\/rinden-homenaje-postumo-a-pepe-arevalo-en-el-gran-forum\/#primaryimage\"},\"thumbnailUrl\":\"https:\/\/esbozodeportivo.com\/wp-content\/uploads\/2025\/03\/Arevalo.jpeg\",\"datePublished\":\"2025-03-10T20:58:42+00:00\",\"dateModified\":\"2025-03-10T20:58:43+00:00\",\"description\":\"El tributo hecho por su familia, fue encabezado por su famoso hijo el periodista\u00a0Jos\u00e9 Luis Ar\u00e9valo. Este homenaje fue un reconocimiento a su contribuci\u00f3n al g\u00e9nero tropical y salsero, y cont\u00f3 con la participaci\u00f3n de un sin fin de colegas y amigos.\",\"breadcrumb\":{\"@id\":\"https:\/\/esbozodeportivo.com\/index.php\/2025\/03\/10\/rinden-homenaje-postumo-a-pepe-arevalo-en-el-gran-forum\/#breadcrumb\"},\"inLanguage\":\"es\",\"potentialAction\":[{\"@type\":\"ReadAction\",\"target\":[\"https:\/\/esbozodeportivo.com\/index.php\/2025\/03\/10\/rinden-homenaje-postumo-a-pepe-arevalo-en-el-gran-forum\/\"]}]},{\"@type\":\"ImageObject\",\"inLanguage\":\"es\",\"@id\":\"https:\/\/esbozodeportivo.com\/index.php\/2025\/03\/10\/rinden-homenaje-postumo-a-pepe-arevalo-en-el-gran-forum\/#primaryimage\",\"url\":\"https:\/\/esbozodeportivo.com\/wp-content\/uploads\/2025\/03\/Arevalo.jpeg\",\"contentUrl\":\"https:\/\/esbozodeportivo.com\/wp-content\/uploads\/2025\/03\/Arevalo.jpeg\",\"width\":1024,\"height\":574},{\"@type\":\"BreadcrumbList\",\"@id\":\"https:\/\/esbozodeportivo.com\/index.php\/2025\/03\/10\/rinden-homenaje-postumo-a-pepe-arevalo-en-el-gran-forum\/#breadcrumb\",\"itemListElement\":[{\"@type\":\"ListItem\",\"position\":1,\"name\":\"Inicio\",\"item\":\"https:\/\/esbozodeportivo.com\/\"},{\"@type\":\"ListItem\",\"position\":2,\"name\":\"Rinden homenaje p\u00f3stumo a Pepe Ar\u00e9valo en el Gran F\u00f3rum\"}]},{\"@type\":\"WebSite\",\"@id\":\"https:\/\/esbozodeportivo.com\/#website\",\"url\":\"https:\/\/esbozodeportivo.com\/\",\"name\":\"Esbozo Deportivo\",\"description\":\"Lo m\u00e1s importante del Deporte\",\"publisher\":{\"@id\":\"https:\/\/esbozodeportivo.com\/#organization\"},\"potentialAction\":[{\"@type\":\"SearchAction\",\"target\":{\"@type\":\"EntryPoint\",\"urlTemplate\":\"https:\/\/esbozodeportivo.com\/?s={search_term_string}\"},\"query-input\":{\"@type\":\"PropertyValueSpecification\",\"valueRequired\":true,\"valueName\":\"search_term_string\"}}],\"inLanguage\":\"es\"},{\"@type\":\"Organization\",\"@id\":\"https:\/\/esbozodeportivo.com\/#organization\",\"name\":\"Esbozo Deportivo\",\"url\":\"https:\/\/esbozodeportivo.com\/\",\"logo\":{\"@type\":\"ImageObject\",\"inLanguage\":\"es\",\"@id\":\"https:\/\/esbozodeportivo.com\/#\/schema\/logo\/image\/\",\"url\":\"https:\/\/esbozodeportivo.com\/wp-content\/uploads\/2022\/08\/cropped-Logo-Esbozo-Web-2.png\",\"contentUrl\":\"https:\/\/esbozodeportivo.com\/wp-content\/uploads\/2022\/08\/cropped-Logo-Esbozo-Web-2.png\",\"width\":180,\"height\":50,\"caption\":\"Esbozo Deportivo\"},\"image\":{\"@id\":\"https:\/\/esbozodeportivo.com\/#\/schema\/logo\/image\/\"}},{\"@type\":\"Person\",\"@id\":\"https:\/\/esbozodeportivo.com\/#\/schema\/person\/0f6df9196dfe6740dd0bb31bae50d374\",\"name\":\"Redacci\u00f3n\",\"image\":{\"@type\":\"ImageObject\",\"inLanguage\":\"es\",\"@id\":\"https:\/\/esbozodeportivo.com\/#\/schema\/person\/image\/\",\"url\":\"https:\/\/secure.gravatar.com\/avatar\/f55268a89c3b418f2ef172ff52ab0d09b3e653c58de29539fe329fb93d78ebf3?s=96&d=mm&r=g\",\"contentUrl\":\"https:\/\/secure.gravatar.com\/avatar\/f55268a89c3b418f2ef172ff52ab0d09b3e653c58de29539fe329fb93d78ebf3?s=96&d=mm&r=g\",\"caption\":\"Redacci\u00f3n\"},\"url\":\"https:\/\/esbozodeportivo.com\/index.php\/author\/redaccion\/\"}]}<\/script>\n<!-- \/ Yoast SEO plugin. -->","yoast_head_json":{"title":"Rinden homenaje p\u00f3stumo a Pepe Ar\u00e9valo en el Gran F\u00f3rum - Esbozo Deportivo","description":"El tributo hecho por su familia, fue encabezado por su famoso hijo el periodista\u00a0Jos\u00e9 Luis Ar\u00e9valo. Este homenaje fue un reconocimiento a su contribuci\u00f3n al g\u00e9nero tropical y salsero, y cont\u00f3 con la participaci\u00f3n de un sin fin de colegas y amigos.","robots":{"index":"index","follow":"follow","max-snippet":"max-snippet:-1","max-image-preview":"max-image-preview:large","max-video-preview":"max-video-preview:-1"},"canonical":"https:\/\/esbozodeportivo.com\/index.php\/2025\/03\/10\/rinden-homenaje-postumo-a-pepe-arevalo-en-el-gran-forum\/","og_locale":"es_MX","og_type":"article","og_title":"Rinden homenaje p\u00f3stumo a Pepe Ar\u00e9valo en el Gran F\u00f3rum - Esbozo Deportivo","og_description":"El tributo hecho por su familia, fue encabezado por su famoso hijo el periodista\u00a0Jos\u00e9 Luis Ar\u00e9valo. Este homenaje fue un reconocimiento a su contribuci\u00f3n al g\u00e9nero tropical y salsero, y cont\u00f3 con la participaci\u00f3n de un sin fin de colegas y amigos.","og_url":"https:\/\/esbozodeportivo.com\/index.php\/2025\/03\/10\/rinden-homenaje-postumo-a-pepe-arevalo-en-el-gran-forum\/","og_site_name":"Esbozo Deportivo","article_published_time":"2025-03-10T20:58:42+00:00","article_modified_time":"2025-03-10T20:58:43+00:00","og_image":[{"width":1024,"height":574,"url":"https:\/\/esbozodeportivo.com\/wp-content\/uploads\/2025\/03\/Arevalo.jpeg","type":"image\/jpeg"}],"author":"Redacci\u00f3n","twitter_card":"summary_large_image","twitter_misc":{"Escrito por":"Redacci\u00f3n","Tiempo de lectura":"3 minutos"},"schema":{"@context":"https:\/\/schema.org","@graph":[{"@type":"Article","@id":"https:\/\/esbozodeportivo.com\/index.php\/2025\/03\/10\/rinden-homenaje-postumo-a-pepe-arevalo-en-el-gran-forum\/#article","isPartOf":{"@id":"https:\/\/esbozodeportivo.com\/index.php\/2025\/03\/10\/rinden-homenaje-postumo-a-pepe-arevalo-en-el-gran-forum\/"},"author":{"name":"Redacci\u00f3n","@id":"https:\/\/esbozodeportivo.com\/#\/schema\/person\/0f6df9196dfe6740dd0bb31bae50d374"},"headline":"Rinden homenaje p\u00f3stumo a Pepe Ar\u00e9valo en el Gran F\u00f3rum","datePublished":"2025-03-10T20:58:42+00:00","dateModified":"2025-03-10T20:58:43+00:00","mainEntityOfPage":{"@id":"https:\/\/esbozodeportivo.com\/index.php\/2025\/03\/10\/rinden-homenaje-postumo-a-pepe-arevalo-en-el-gran-forum\/"},"wordCount":485,"publisher":{"@id":"https:\/\/esbozodeportivo.com\/#organization"},"image":{"@id":"https:\/\/esbozodeportivo.com\/index.php\/2025\/03\/10\/rinden-homenaje-postumo-a-pepe-arevalo-en-el-gran-forum\/#primaryimage"},"thumbnailUrl":"https:\/\/esbozodeportivo.com\/wp-content\/uploads\/2025\/03\/Arevalo.jpeg","articleSection":["Espect\u00e1culos"],"inLanguage":"es"},{"@type":"WebPage","@id":"https:\/\/esbozodeportivo.com\/index.php\/2025\/03\/10\/rinden-homenaje-postumo-a-pepe-arevalo-en-el-gran-forum\/","url":"https:\/\/esbozodeportivo.com\/index.php\/2025\/03\/10\/rinden-homenaje-postumo-a-pepe-arevalo-en-el-gran-forum\/","name":"Rinden homenaje p\u00f3stumo a Pepe Ar\u00e9valo en el Gran F\u00f3rum - Esbozo Deportivo","isPartOf":{"@id":"https:\/\/esbozodeportivo.com\/#website"},"primaryImageOfPage":{"@id":"https:\/\/esbozodeportivo.com\/index.php\/2025\/03\/10\/rinden-homenaje-postumo-a-pepe-arevalo-en-el-gran-forum\/#primaryimage"},"image":{"@id":"https:\/\/esbozodeportivo.com\/index.php\/2025\/03\/10\/rinden-homenaje-postumo-a-pepe-arevalo-en-el-gran-forum\/#primaryimage"},"thumbnailUrl":"https:\/\/esbozodeportivo.com\/wp-content\/uploads\/2025\/03\/Arevalo.jpeg","datePublished":"2025-03-10T20:58:42+00:00","dateModified":"2025-03-10T20:58:43+00:00","description":"El tributo hecho por su familia, fue encabezado por su famoso hijo el periodista\u00a0Jos\u00e9 Luis Ar\u00e9valo. Este homenaje fue un reconocimiento a su contribuci\u00f3n al g\u00e9nero tropical y salsero, y cont\u00f3 con la participaci\u00f3n de un sin fin de colegas y amigos.","breadcrumb":{"@id":"https:\/\/esbozodeportivo.com\/index.php\/2025\/03\/10\/rinden-homenaje-postumo-a-pepe-arevalo-en-el-gran-forum\/#breadcrumb"},"inLanguage":"es","potentialAction":[{"@type":"ReadAction","target":["https:\/\/esbozodeportivo.com\/index.php\/2025\/03\/10\/rinden-homenaje-postumo-a-pepe-arevalo-en-el-gran-forum\/"]}]},{"@type":"ImageObject","inLanguage":"es","@id":"https:\/\/esbozodeportivo.com\/index.php\/2025\/03\/10\/rinden-homenaje-postumo-a-pepe-arevalo-en-el-gran-forum\/#primaryimage","url":"https:\/\/esbozodeportivo.com\/wp-content\/uploads\/2025\/03\/Arevalo.jpeg","contentUrl":"https:\/\/esbozodeportivo.com\/wp-content\/uploads\/2025\/03\/Arevalo.jpeg","width":1024,"height":574},{"@type":"BreadcrumbList","@id":"https:\/\/esbozodeportivo.com\/index.php\/2025\/03\/10\/rinden-homenaje-postumo-a-pepe-arevalo-en-el-gran-forum\/#breadcrumb","itemListElement":[{"@type":"ListItem","position":1,"name":"Inicio","item":"https:\/\/esbozodeportivo.com\/"},{"@type":"ListItem","position":2,"name":"Rinden homenaje p\u00f3stumo a Pepe Ar\u00e9valo en el Gran F\u00f3rum"}]},{"@type":"WebSite","@id":"https:\/\/esbozodeportivo.com\/#website","url":"https:\/\/esbozodeportivo.com\/","name":"Esbozo Deportivo","description":"Lo m\u00e1s importante del Deporte","publisher":{"@id":"https:\/\/esbozodeportivo.com\/#organization"},"potentialAction":[{"@type":"SearchAction","target":{"@type":"EntryPoint","urlTemplate":"https:\/\/esbozodeportivo.com\/?s={search_term_string}"},"query-input":{"@type":"PropertyValueSpecification","valueRequired":true,"valueName":"search_term_string"}}],"inLanguage":"es"},{"@type":"Organization","@id":"https:\/\/esbozodeportivo.com\/#organization","name":"Esbozo Deportivo","url":"https:\/\/esbozodeportivo.com\/","logo":{"@type":"ImageObject","inLanguage":"es","@id":"https:\/\/esbozodeportivo.com\/#\/schema\/logo\/image\/","url":"https:\/\/esbozodeportivo.com\/wp-content\/uploads\/2022\/08\/cropped-Logo-Esbozo-Web-2.png","contentUrl":"https:\/\/esbozodeportivo.com\/wp-content\/uploads\/2022\/08\/cropped-Logo-Esbozo-Web-2.png","width":180,"height":50,"caption":"Esbozo Deportivo"},"image":{"@id":"https:\/\/esbozodeportivo.com\/#\/schema\/logo\/image\/"}},{"@type":"Person","@id":"https:\/\/esbozodeportivo.com\/#\/schema\/person\/0f6df9196dfe6740dd0bb31bae50d374","name":"Redacci\u00f3n","image":{"@type":"ImageObject","inLanguage":"es","@id":"https:\/\/esbozodeportivo.com\/#\/schema\/person\/image\/","url":"https:\/\/secure.gravatar.com\/avatar\/f55268a89c3b418f2ef172ff52ab0d09b3e653c58de29539fe329fb93d78ebf3?s=96&d=mm&r=g","contentUrl":"https:\/\/secure.gravatar.com\/avatar\/f55268a89c3b418f2ef172ff52ab0d09b3e653c58de29539fe329fb93d78ebf3?s=96&d=mm&r=g","caption":"Redacci\u00f3n"},"url":"https:\/\/esbozodeportivo.com\/index.php\/author\/redaccion\/"}]}},"jetpack_featured_media_url":"https:\/\/esbozodeportivo.com\/wp-content\/uploads\/2025\/03\/Arevalo.jpeg","jetpack_sharing_enabled":true,"_links":{"self":[{"href":"https:\/\/esbozodeportivo.com\/index.php\/wp-json\/wp\/v2\/posts\/6227","targetHints":{"allow":["GET"]}}],"collection":[{"href":"https:\/\/esbozodeportivo.com\/index.php\/wp-json\/wp\/v2\/posts"}],"about":[{"href":"https:\/\/esbozodeportivo.com\/index.php\/wp-json\/wp\/v2\/types\/post"}],"author":[{"embeddable":true,"href":"https:\/\/esbozodeportivo.com\/index.php\/wp-json\/wp\/v2\/users\/4"}],"replies":[{"embeddable":true,"href":"https:\/\/esbozodeportivo.com\/index.php\/wp-json\/wp\/v2\/comments?post=6227"}],"version-history":[{"count":1,"href":"https:\/\/esbozodeportivo.com\/index.php\/wp-json\/wp\/v2\/posts\/6227\/revisions"}],"predecessor-version":[{"id":6230,"href":"https:\/\/esbozodeportivo.com\/index.php\/wp-json\/wp\/v2\/posts\/6227\/revisions\/6230"}],"wp:featuredmedia":[{"embeddable":true,"href":"https:\/\/esbozodeportivo.com\/index.php\/wp-json\/wp\/v2\/media\/6228"}],"wp:attachment":[{"href":"https:\/\/esbozodeportivo.com\/index.php\/wp-json\/wp\/v2\/media?parent=6227"}],"wp:term":[{"taxonomy":"category","embeddable":true,"href":"https:\/\/esbozodeportivo.com\/index.php\/wp-json\/wp\/v2\/categories?post=6227"},{"taxonomy":"post_tag","embeddable":true,"href":"https:\/\/esbozodeportivo.com\/index.php\/wp-json\/wp\/v2\/tags?post=6227"}],"curies":[{"name":"wp","href":"https:\/\/api.w.org\/{rel}","templated":true}]}}