{"id":6256,"date":"2025-03-11T00:24:54","date_gmt":"2025-03-11T06:24:54","guid":{"rendered":"https:\/\/esbozodeportivo.com\/?p=6256"},"modified":"2025-03-11T00:24:55","modified_gmt":"2025-03-11T06:24:55","slug":"gerrit-cole-se-sometera-a-una-cirugia-de-tommy-john","status":"publish","type":"post","link":"https:\/\/esbozodeportivo.com\/index.php\/2025\/03\/11\/gerrit-cole-se-sometera-a-una-cirugia-de-tommy-john\/","title":{"rendered":"Gerrit Cole se someter\u00e1 a una cirug\u00eda de Tommy John"},"content":{"rendered":"\n<p><strong>(Foto: Agencias) <\/strong><\/p>\n\n\n\n<p>TAMPA, Florida.- El estelar lanzador de los <strong>Yankees Gerrit Cole<\/strong> se someter\u00e1 a una cirug\u00eda de <strong>Tommy John<\/strong> en su codo derecho, lo que pondr\u00e1 fin a su temporada.<\/p>\n\n\n\n<p>Los <strong>Yankees<\/strong> informaron que el lanzador diestro de 34 a\u00f1os fue examinado el lunes por el Dr. <strong>Neal ElAttrache<\/strong> en el Instituto <strong>Cedars-Sinai Kerlan-Jobe<\/strong>, en Los <strong>\u00c1ngeles. ElAttrache<\/strong>, m\u00e9dico jefe del equipo de los <strong>Dodgers<\/strong>, ser\u00e1 el encargado de la operaci\u00f3n.<\/p>\n\n\n\n<p>\u201cEsta no es la noticia que ning\u00fan atleta quiere escuchar, pero es el siguiente paso necesario para mi carrera\u201d, dijo <strong>Cole<\/strong> en un comunicado. \u201cTengo mucho que dar, y estoy completamente comprometido con el trabajo que tengo por delante. Atacar\u00e9 mi rehabilitaci\u00f3n todos los d\u00edas y apoyar\u00e9 a los <strong>Yankees <\/strong>de 2025 en cada paso del camino. &#8230; No puedo esperar para volver al mont\u00edculo, m\u00e1s fuerte que nunca\u201d.<\/p>\n\n\n\n<p>Cole experiment\u00f3 molestias tras su segunda salida de la primavera el jueves.<\/p>\n\n\n\n<p><strong>Nueva York<\/strong> tambi\u00e9n est\u00e1 sin el Novato del A\u00f1o de la <strong>Liga Americana<\/strong>, <strong>Luis Gil<\/strong>, quien estar\u00e1 fuera al menos tres meses debido a un desgarro en el m\u00fasculo dorsal. El bateador designado <strong>Giancarlo Stanton<\/strong> est\u00e1 fuera de manera indefinida debido a dolor en los tendones de ambos codos, y el infielder <strong>DJ LeMahieu<\/strong> est\u00e1 ausente por un desgarro en la pantorrilla.<\/p>\n\n\n\n<p><\/p>\n","protected":false},"excerpt":{"rendered":"<p>(Foto: Agencias) TAMPA, Florida.- El estelar lanzador de los Yankees Gerrit Cole se someter\u00e1 a<\/p>\n","protected":false},"author":4,"featured_media":6260,"comment_status":"closed","ping_status":"open","sticky":false,"template":"","format":"standard","meta":{"_jetpack_memberships_contains_paid_content":false,"footnotes":""},"categories":[17],"tags":[],"class_list":["post-6256","post","type-post","status-publish","format-standard","has-post-thumbnail","hentry","category-beis"],"yoast_head":"<!-- This site is optimized with the Yoast SEO plugin v25.7 - https:\/\/yoast.com\/wordpress\/plugins\/seo\/ -->\n<title>Gerrit Cole se someter\u00e1 a una cirug\u00eda de Tommy John - Esbozo Deportivo<\/title>\n<meta name=\"description\" content=\"El estelar lanzador de los Yankees Gerrit Cole se someter\u00e1 a una cirug\u00eda de Tommy John en su codo derecho, lo que pondr\u00e1 fin a su temporada.\" \/>\n<meta name=\"robots\" content=\"index, follow, max-snippet:-1, max-image-preview:large, max-video-preview:-1\" \/>\n<link rel=\"canonical\" href=\"https:\/\/esbozodeportivo.com\/index.php\/2025\/03\/11\/gerrit-cole-se-sometera-a-una-cirugia-de-tommy-john\/\" \/>\n<meta property=\"og:locale\" content=\"es_MX\" \/>\n<meta property=\"og:type\" content=\"article\" \/>\n<meta property=\"og:title\" content=\"Gerrit Cole se someter\u00e1 a una cirug\u00eda de Tommy John - Esbozo Deportivo\" \/>\n<meta property=\"og:description\" content=\"El estelar lanzador de los Yankees Gerrit Cole se someter\u00e1 a una cirug\u00eda de Tommy John en su codo derecho, lo que pondr\u00e1 fin a su temporada.\" \/>\n<meta property=\"og:url\" content=\"https:\/\/esbozodeportivo.com\/index.php\/2025\/03\/11\/gerrit-cole-se-sometera-a-una-cirugia-de-tommy-john\/\" \/>\n<meta property=\"og:site_name\" content=\"Esbozo Deportivo\" \/>\n<meta property=\"article:published_time\" content=\"2025-03-11T06:24:54+00:00\" \/>\n<meta property=\"article:modified_time\" content=\"2025-03-11T06:24:55+00:00\" \/>\n<meta property=\"og:image\" content=\"https:\/\/esbozodeportivo.com\/wp-content\/uploads\/2025\/03\/Cole-1.jpg\" \/>\n\t<meta property=\"og:image:width\" content=\"980\" \/>\n\t<meta property=\"og:image:height\" content=\"653\" \/>\n\t<meta property=\"og:image:type\" content=\"image\/jpeg\" \/>\n<meta name=\"author\" content=\"Redacci\u00f3n\" \/>\n<meta name=\"twitter:card\" content=\"summary_large_image\" \/>\n<meta name=\"twitter:label1\" content=\"Escrito por\" \/>\n\t<meta name=\"twitter:data1\" content=\"Redacci\u00f3n\" \/>\n\t<meta name=\"twitter:label2\" content=\"Tiempo de lectura\" \/>\n\t<meta name=\"twitter:data2\" content=\"2 minutos\" \/>\n<script type=\"application\/ld+json\" class=\"yoast-schema-graph\">{\"@context\":\"https:\/\/schema.org\",\"@graph\":[{\"@type\":\"Article\",\"@id\":\"https:\/\/esbozodeportivo.com\/index.php\/2025\/03\/11\/gerrit-cole-se-sometera-a-una-cirugia-de-tommy-john\/#article\",\"isPartOf\":{\"@id\":\"https:\/\/esbozodeportivo.com\/index.php\/2025\/03\/11\/gerrit-cole-se-sometera-a-una-cirugia-de-tommy-john\/\"},\"author\":{\"name\":\"Redacci\u00f3n\",\"@id\":\"https:\/\/esbozodeportivo.com\/#\/schema\/person\/0f6df9196dfe6740dd0bb31bae50d374\"},\"headline\":\"Gerrit Cole se someter\u00e1 a una cirug\u00eda de Tommy John\",\"datePublished\":\"2025-03-11T06:24:54+00:00\",\"dateModified\":\"2025-03-11T06:24:55+00:00\",\"mainEntityOfPage\":{\"@id\":\"https:\/\/esbozodeportivo.com\/index.php\/2025\/03\/11\/gerrit-cole-se-sometera-a-una-cirugia-de-tommy-john\/\"},\"wordCount\":236,\"publisher\":{\"@id\":\"https:\/\/esbozodeportivo.com\/#organization\"},\"image\":{\"@id\":\"https:\/\/esbozodeportivo.com\/index.php\/2025\/03\/11\/gerrit-cole-se-sometera-a-una-cirugia-de-tommy-john\/#primaryimage\"},\"thumbnailUrl\":\"https:\/\/esbozodeportivo.com\/wp-content\/uploads\/2025\/03\/Cole-1.jpg\",\"articleSection\":[\"Beisbol Grandes Ligas\"],\"inLanguage\":\"es\"},{\"@type\":\"WebPage\",\"@id\":\"https:\/\/esbozodeportivo.com\/index.php\/2025\/03\/11\/gerrit-cole-se-sometera-a-una-cirugia-de-tommy-john\/\",\"url\":\"https:\/\/esbozodeportivo.com\/index.php\/2025\/03\/11\/gerrit-cole-se-sometera-a-una-cirugia-de-tommy-john\/\",\"name\":\"Gerrit Cole se someter\u00e1 a una cirug\u00eda de Tommy John - Esbozo Deportivo\",\"isPartOf\":{\"@id\":\"https:\/\/esbozodeportivo.com\/#website\"},\"primaryImageOfPage\":{\"@id\":\"https:\/\/esbozodeportivo.com\/index.php\/2025\/03\/11\/gerrit-cole-se-sometera-a-una-cirugia-de-tommy-john\/#primaryimage\"},\"image\":{\"@id\":\"https:\/\/esbozodeportivo.com\/index.php\/2025\/03\/11\/gerrit-cole-se-sometera-a-una-cirugia-de-tommy-john\/#primaryimage\"},\"thumbnailUrl\":\"https:\/\/esbozodeportivo.com\/wp-content\/uploads\/2025\/03\/Cole-1.jpg\",\"datePublished\":\"2025-03-11T06:24:54+00:00\",\"dateModified\":\"2025-03-11T06:24:55+00:00\",\"description\":\"El estelar lanzador de los Yankees Gerrit Cole se someter\u00e1 a una cirug\u00eda de Tommy John en su codo derecho, lo que pondr\u00e1 fin a su temporada.\",\"breadcrumb\":{\"@id\":\"https:\/\/esbozodeportivo.com\/index.php\/2025\/03\/11\/gerrit-cole-se-sometera-a-una-cirugia-de-tommy-john\/#breadcrumb\"},\"inLanguage\":\"es\",\"potentialAction\":[{\"@type\":\"ReadAction\",\"target\":[\"https:\/\/esbozodeportivo.com\/index.php\/2025\/03\/11\/gerrit-cole-se-sometera-a-una-cirugia-de-tommy-john\/\"]}]},{\"@type\":\"ImageObject\",\"inLanguage\":\"es\",\"@id\":\"https:\/\/esbozodeportivo.com\/index.php\/2025\/03\/11\/gerrit-cole-se-sometera-a-una-cirugia-de-tommy-john\/#primaryimage\",\"url\":\"https:\/\/esbozodeportivo.com\/wp-content\/uploads\/2025\/03\/Cole-1.jpg\",\"contentUrl\":\"https:\/\/esbozodeportivo.com\/wp-content\/uploads\/2025\/03\/Cole-1.jpg\",\"width\":980,\"height\":653},{\"@type\":\"BreadcrumbList\",\"@id\":\"https:\/\/esbozodeportivo.com\/index.php\/2025\/03\/11\/gerrit-cole-se-sometera-a-una-cirugia-de-tommy-john\/#breadcrumb\",\"itemListElement\":[{\"@type\":\"ListItem\",\"position\":1,\"name\":\"Inicio\",\"item\":\"https:\/\/esbozodeportivo.com\/\"},{\"@type\":\"ListItem\",\"position\":2,\"name\":\"Gerrit Cole se someter\u00e1 a una cirug\u00eda de Tommy John\"}]},{\"@type\":\"WebSite\",\"@id\":\"https:\/\/esbozodeportivo.com\/#website\",\"url\":\"https:\/\/esbozodeportivo.com\/\",\"name\":\"Esbozo Deportivo\",\"description\":\"Lo m\u00e1s importante del Deporte\",\"publisher\":{\"@id\":\"https:\/\/esbozodeportivo.com\/#organization\"},\"potentialAction\":[{\"@type\":\"SearchAction\",\"target\":{\"@type\":\"EntryPoint\",\"urlTemplate\":\"https:\/\/esbozodeportivo.com\/?s={search_term_string}\"},\"query-input\":{\"@type\":\"PropertyValueSpecification\",\"valueRequired\":true,\"valueName\":\"search_term_string\"}}],\"inLanguage\":\"es\"},{\"@type\":\"Organization\",\"@id\":\"https:\/\/esbozodeportivo.com\/#organization\",\"name\":\"Esbozo Deportivo\",\"url\":\"https:\/\/esbozodeportivo.com\/\",\"logo\":{\"@type\":\"ImageObject\",\"inLanguage\":\"es\",\"@id\":\"https:\/\/esbozodeportivo.com\/#\/schema\/logo\/image\/\",\"url\":\"https:\/\/esbozodeportivo.com\/wp-content\/uploads\/2022\/08\/cropped-Logo-Esbozo-Web-2.png\",\"contentUrl\":\"https:\/\/esbozodeportivo.com\/wp-content\/uploads\/2022\/08\/cropped-Logo-Esbozo-Web-2.png\",\"width\":180,\"height\":50,\"caption\":\"Esbozo Deportivo\"},\"image\":{\"@id\":\"https:\/\/esbozodeportivo.com\/#\/schema\/logo\/image\/\"}},{\"@type\":\"Person\",\"@id\":\"https:\/\/esbozodeportivo.com\/#\/schema\/person\/0f6df9196dfe6740dd0bb31bae50d374\",\"name\":\"Redacci\u00f3n\",\"image\":{\"@type\":\"ImageObject\",\"inLanguage\":\"es\",\"@id\":\"https:\/\/esbozodeportivo.com\/#\/schema\/person\/image\/\",\"url\":\"https:\/\/secure.gravatar.com\/avatar\/f55268a89c3b418f2ef172ff52ab0d09b3e653c58de29539fe329fb93d78ebf3?s=96&d=mm&r=g\",\"contentUrl\":\"https:\/\/secure.gravatar.com\/avatar\/f55268a89c3b418f2ef172ff52ab0d09b3e653c58de29539fe329fb93d78ebf3?s=96&d=mm&r=g\",\"caption\":\"Redacci\u00f3n\"},\"url\":\"https:\/\/esbozodeportivo.com\/index.php\/author\/redaccion\/\"}]}<\/script>\n<!-- \/ Yoast SEO plugin. -->","yoast_head_json":{"title":"Gerrit Cole se someter\u00e1 a una cirug\u00eda de Tommy John - Esbozo Deportivo","description":"El estelar lanzador de los Yankees Gerrit Cole se someter\u00e1 a una cirug\u00eda de Tommy John en su codo derecho, lo que pondr\u00e1 fin a su temporada.","robots":{"index":"index","follow":"follow","max-snippet":"max-snippet:-1","max-image-preview":"max-image-preview:large","max-video-preview":"max-video-preview:-1"},"canonical":"https:\/\/esbozodeportivo.com\/index.php\/2025\/03\/11\/gerrit-cole-se-sometera-a-una-cirugia-de-tommy-john\/","og_locale":"es_MX","og_type":"article","og_title":"Gerrit Cole se someter\u00e1 a una cirug\u00eda de Tommy John - Esbozo Deportivo","og_description":"El estelar lanzador de los Yankees Gerrit Cole se someter\u00e1 a una cirug\u00eda de Tommy John en su codo derecho, lo que pondr\u00e1 fin a su temporada.","og_url":"https:\/\/esbozodeportivo.com\/index.php\/2025\/03\/11\/gerrit-cole-se-sometera-a-una-cirugia-de-tommy-john\/","og_site_name":"Esbozo Deportivo","article_published_time":"2025-03-11T06:24:54+00:00","article_modified_time":"2025-03-11T06:24:55+00:00","og_image":[{"width":980,"height":653,"url":"https:\/\/esbozodeportivo.com\/wp-content\/uploads\/2025\/03\/Cole-1.jpg","type":"image\/jpeg"}],"author":"Redacci\u00f3n","twitter_card":"summary_large_image","twitter_misc":{"Escrito por":"Redacci\u00f3n","Tiempo de lectura":"2 minutos"},"schema":{"@context":"https:\/\/schema.org","@graph":[{"@type":"Article","@id":"https:\/\/esbozodeportivo.com\/index.php\/2025\/03\/11\/gerrit-cole-se-sometera-a-una-cirugia-de-tommy-john\/#article","isPartOf":{"@id":"https:\/\/esbozodeportivo.com\/index.php\/2025\/03\/11\/gerrit-cole-se-sometera-a-una-cirugia-de-tommy-john\/"},"author":{"name":"Redacci\u00f3n","@id":"https:\/\/esbozodeportivo.com\/#\/schema\/person\/0f6df9196dfe6740dd0bb31bae50d374"},"headline":"Gerrit Cole se someter\u00e1 a una cirug\u00eda de Tommy John","datePublished":"2025-03-11T06:24:54+00:00","dateModified":"2025-03-11T06:24:55+00:00","mainEntityOfPage":{"@id":"https:\/\/esbozodeportivo.com\/index.php\/2025\/03\/11\/gerrit-cole-se-sometera-a-una-cirugia-de-tommy-john\/"},"wordCount":236,"publisher":{"@id":"https:\/\/esbozodeportivo.com\/#organization"},"image":{"@id":"https:\/\/esbozodeportivo.com\/index.php\/2025\/03\/11\/gerrit-cole-se-sometera-a-una-cirugia-de-tommy-john\/#primaryimage"},"thumbnailUrl":"https:\/\/esbozodeportivo.com\/wp-content\/uploads\/2025\/03\/Cole-1.jpg","articleSection":["Beisbol Grandes Ligas"],"inLanguage":"es"},{"@type":"WebPage","@id":"https:\/\/esbozodeportivo.com\/index.php\/2025\/03\/11\/gerrit-cole-se-sometera-a-una-cirugia-de-tommy-john\/","url":"https:\/\/esbozodeportivo.com\/index.php\/2025\/03\/11\/gerrit-cole-se-sometera-a-una-cirugia-de-tommy-john\/","name":"Gerrit Cole se someter\u00e1 a una cirug\u00eda de Tommy John - Esbozo Deportivo","isPartOf":{"@id":"https:\/\/esbozodeportivo.com\/#website"},"primaryImageOfPage":{"@id":"https:\/\/esbozodeportivo.com\/index.php\/2025\/03\/11\/gerrit-cole-se-sometera-a-una-cirugia-de-tommy-john\/#primaryimage"},"image":{"@id":"https:\/\/esbozodeportivo.com\/index.php\/2025\/03\/11\/gerrit-cole-se-sometera-a-una-cirugia-de-tommy-john\/#primaryimage"},"thumbnailUrl":"https:\/\/esbozodeportivo.com\/wp-content\/uploads\/2025\/03\/Cole-1.jpg","datePublished":"2025-03-11T06:24:54+00:00","dateModified":"2025-03-11T06:24:55+00:00","description":"El estelar lanzador de los Yankees Gerrit Cole se someter\u00e1 a una cirug\u00eda de Tommy John en su codo derecho, lo que pondr\u00e1 fin a su temporada.","breadcrumb":{"@id":"https:\/\/esbozodeportivo.com\/index.php\/2025\/03\/11\/gerrit-cole-se-sometera-a-una-cirugia-de-tommy-john\/#breadcrumb"},"inLanguage":"es","potentialAction":[{"@type":"ReadAction","target":["https:\/\/esbozodeportivo.com\/index.php\/2025\/03\/11\/gerrit-cole-se-sometera-a-una-cirugia-de-tommy-john\/"]}]},{"@type":"ImageObject","inLanguage":"es","@id":"https:\/\/esbozodeportivo.com\/index.php\/2025\/03\/11\/gerrit-cole-se-sometera-a-una-cirugia-de-tommy-john\/#primaryimage","url":"https:\/\/esbozodeportivo.com\/wp-content\/uploads\/2025\/03\/Cole-1.jpg","contentUrl":"https:\/\/esbozodeportivo.com\/wp-content\/uploads\/2025\/03\/Cole-1.jpg","width":980,"height":653},{"@type":"BreadcrumbList","@id":"https:\/\/esbozodeportivo.com\/index.php\/2025\/03\/11\/gerrit-cole-se-sometera-a-una-cirugia-de-tommy-john\/#breadcrumb","itemListElement":[{"@type":"ListItem","position":1,"name":"Inicio","item":"https:\/\/esbozodeportivo.com\/"},{"@type":"ListItem","position":2,"name":"Gerrit Cole se someter\u00e1 a una cirug\u00eda de Tommy John"}]},{"@type":"WebSite","@id":"https:\/\/esbozodeportivo.com\/#website","url":"https:\/\/esbozodeportivo.com\/","name":"Esbozo Deportivo","description":"Lo m\u00e1s importante del Deporte","publisher":{"@id":"https:\/\/esbozodeportivo.com\/#organization"},"potentialAction":[{"@type":"SearchAction","target":{"@type":"EntryPoint","urlTemplate":"https:\/\/esbozodeportivo.com\/?s={search_term_string}"},"query-input":{"@type":"PropertyValueSpecification","valueRequired":true,"valueName":"search_term_string"}}],"inLanguage":"es"},{"@type":"Organization","@id":"https:\/\/esbozodeportivo.com\/#organization","name":"Esbozo Deportivo","url":"https:\/\/esbozodeportivo.com\/","logo":{"@type":"ImageObject","inLanguage":"es","@id":"https:\/\/esbozodeportivo.com\/#\/schema\/logo\/image\/","url":"https:\/\/esbozodeportivo.com\/wp-content\/uploads\/2022\/08\/cropped-Logo-Esbozo-Web-2.png","contentUrl":"https:\/\/esbozodeportivo.com\/wp-content\/uploads\/2022\/08\/cropped-Logo-Esbozo-Web-2.png","width":180,"height":50,"caption":"Esbozo Deportivo"},"image":{"@id":"https:\/\/esbozodeportivo.com\/#\/schema\/logo\/image\/"}},{"@type":"Person","@id":"https:\/\/esbozodeportivo.com\/#\/schema\/person\/0f6df9196dfe6740dd0bb31bae50d374","name":"Redacci\u00f3n","image":{"@type":"ImageObject","inLanguage":"es","@id":"https:\/\/esbozodeportivo.com\/#\/schema\/person\/image\/","url":"https:\/\/secure.gravatar.com\/avatar\/f55268a89c3b418f2ef172ff52ab0d09b3e653c58de29539fe329fb93d78ebf3?s=96&d=mm&r=g","contentUrl":"https:\/\/secure.gravatar.com\/avatar\/f55268a89c3b418f2ef172ff52ab0d09b3e653c58de29539fe329fb93d78ebf3?s=96&d=mm&r=g","caption":"Redacci\u00f3n"},"url":"https:\/\/esbozodeportivo.com\/index.php\/author\/redaccion\/"}]}},"jetpack_featured_media_url":"https:\/\/esbozodeportivo.com\/wp-content\/uploads\/2025\/03\/Cole-1.jpg","jetpack_sharing_enabled":true,"_links":{"self":[{"href":"https:\/\/esbozodeportivo.com\/index.php\/wp-json\/wp\/v2\/posts\/6256","targetHints":{"allow":["GET"]}}],"collection":[{"href":"https:\/\/esbozodeportivo.com\/index.php\/wp-json\/wp\/v2\/posts"}],"about":[{"href":"https:\/\/esbozodeportivo.com\/index.php\/wp-json\/wp\/v2\/types\/post"}],"author":[{"embeddable":true,"href":"https:\/\/esbozodeportivo.com\/index.php\/wp-json\/wp\/v2\/users\/4"}],"replies":[{"embeddable":true,"href":"https:\/\/esbozodeportivo.com\/index.php\/wp-json\/wp\/v2\/comments?post=6256"}],"version-history":[{"count":1,"href":"https:\/\/esbozodeportivo.com\/index.php\/wp-json\/wp\/v2\/posts\/6256\/revisions"}],"predecessor-version":[{"id":6263,"href":"https:\/\/esbozodeportivo.com\/index.php\/wp-json\/wp\/v2\/posts\/6256\/revisions\/6263"}],"wp:featuredmedia":[{"embeddable":true,"href":"https:\/\/esbozodeportivo.com\/index.php\/wp-json\/wp\/v2\/media\/6260"}],"wp:attachment":[{"href":"https:\/\/esbozodeportivo.com\/index.php\/wp-json\/wp\/v2\/media?parent=6256"}],"wp:term":[{"taxonomy":"category","embeddable":true,"href":"https:\/\/esbozodeportivo.com\/index.php\/wp-json\/wp\/v2\/categories?post=6256"},{"taxonomy":"post_tag","embeddable":true,"href":"https:\/\/esbozodeportivo.com\/index.php\/wp-json\/wp\/v2\/tags?post=6256"}],"curies":[{"name":"wp","href":"https:\/\/api.w.org\/{rel}","templated":true}]}}