{"id":6269,"date":"2025-03-11T00:33:51","date_gmt":"2025-03-11T06:33:51","guid":{"rendered":"https:\/\/esbozodeportivo.com\/?p=6269"},"modified":"2025-03-11T10:24:03","modified_gmt":"2025-03-11T16:24:03","slug":"morena-presenta-iniciativa-para-expedir-ley-general-de-derechos-de-los-pueblos-y-comunidades-indigenas-y-afromexicanas","status":"publish","type":"post","link":"https:\/\/esbozodeportivo.com\/index.php\/2025\/03\/11\/morena-presenta-iniciativa-para-expedir-ley-general-de-derechos-de-los-pueblos-y-comunidades-indigenas-y-afromexicanas\/","title":{"rendered":"MORENA presenta iniciativa para expedir Ley General de Derechos de los Pueblos y Comunidades Ind\u00edgenas y Afromexicanas"},"content":{"rendered":"\n<p>El grupo parlamentario de&nbsp;<strong>MORENA<\/strong>&nbsp;en San L\u00e1zaro, impulsa una iniciativa para expedir la&nbsp;<strong>Ley General de Derechos de los Pueblos y Comunidades Ind\u00edgenas y Afromexicanas<\/strong>, a fin de regular la implementaci\u00f3n, el reconocimiento y la protecci\u00f3n de sus derechos individuales y colectivos.<\/p>\n\n\n\n<p>A trav\u00e9s del diputado&nbsp;<strong>Alfredo V\u00e1zquez<\/strong>&nbsp;afirma que hoy el Estado tiene la oportunidad de saldar una deuda hist\u00f3rica con ellos, la propuesta busca establecer los principios, normas, instituciones y procedimientos que garanticen el respeto y la eficacia de los derechos de los pueblos y comunidades ind\u00edgenas y&nbsp;<strong>afromexicanas<\/strong>&nbsp;en su car\u00e1cter de sujetos de derecho p\u00fablico, en el marco de una nueva relaci\u00f3n basada en el ejercicio de su libre determinaci\u00f3n y autonom\u00eda, as\u00ed como su participaci\u00f3n en la vida p\u00fablica nacional, en tanto partes constitutivas de la naturaleza pluricultural del Estado mexicano.<\/p>\n\n\n\n<p>Pretende fomentar relaciones armoniosas y de cooperaci\u00f3n entre el Estado y los pueblos y comunidades ind\u00edgenas y&nbsp;<strong>afromexicanas<\/strong>, basadas en los principios de justicia, democracia, interculturalidad, tolerancia, respeto de los derechos humanos, la no discriminaci\u00f3n y la buena fe.<\/p>\n\n\n\n<p>Plantea que todos los diversos niveles de gobierno est\u00e9n obligados a cumplir y hacer cumplir el objeto de esta Ley en sus planes, programas y acciones, bajo los principios de enfoque, diferencia, pro persona, interculturalidad, precauci\u00f3n y protecci\u00f3n.<\/p>\n\n\n\n<p>Menciona que los pueblos y comunidades ind\u00edgenas y&nbsp;<strong>afromexicanas<\/strong>&nbsp;ser\u00edan sujetos de derecho p\u00fablico con personalidad jur\u00eddica y patrimonio propio, y la ley reconocer\u00eda la existencia y la composici\u00f3n del&nbsp;<strong>Cat\u00e1logo Nacional de los Pueblos y Comunidades Ind\u00edgenas y Afromexicanas<\/strong>.<\/p>\n\n\n\n<p>Hace referencia de sus derechos, su representaci\u00f3n pol\u00edtica, sistemas normativos y justicia ind\u00edgena y&nbsp;<strong>afromexicana<\/strong>, patrimonio cultural, salud, recursos naturales, desarrollo integral, atenci\u00f3n a migrantes y desplazados, y consulta libre, previa e informada.<\/p>\n\n\n\n<p>El diputado&nbsp;<strong>V\u00e1zquez<\/strong>&nbsp;expone que en el marco de los 29 a\u00f1os de la firma de los<\/p>\n\n\n\n<p><strong>Acuerdos de San Andr\u00e9s Larr\u00e1inzar<\/strong>, el 16 de febrero de 1996, hoy el Estado mexicano tiene la oportunidad hist\u00f3rica de saldar la deuda que tiene con los pueblos&nbsp;<strong>ind\u00edgenas y afromexicanos<\/strong>&nbsp;y sentar las bases para establecer una nueva relaci\u00f3n de di\u00e1logo y respeto con aquellas colectividades hist\u00f3ricamente excluidas en la construcci\u00f3n del Estado naci\u00f3n mexicano.<\/p>\n\n\n\n<p>Resalta que actualmente \u2013a\u00f1ade\u2013 no se cuenta con una ley de consulta ind\u00edgena; sin embargo, no es \u00f3bice para que el&nbsp;<strong>Poder Legislativo Federal<\/strong>&nbsp;incumpla sus funciones constituciones y legales, tal como se present\u00f3 en los \u00faltimos casos de consulta ind\u00edgena.<\/p>\n\n\n\n<p>\u201cCon este nuevo enfoque y forma de actuaci\u00f3n del gobierno mexicano advertimos un avance sustancial a favor de los pueblos y comunidades&nbsp;<strong>ind\u00edgenas y afromexicanas<\/strong>, mediante leyes, pol\u00edticas p\u00fablicas, programas sociales y presupuesto que garantizan la materializaci\u00f3n de sus derechos individuales colectivos\u201d, precisa.<\/p>\n\n\n\n<p>No obstante, afirma que la exigencia leg\u00edtima de los pueblos de que se les haga justicia por el saqueo de sus territorios y bienes naturales a\u00fan persiste; por lo tanto, es un acto de justicia que no debe postergarse.<\/p>\n\n\n\n<p>El documento, enviado a la&nbsp;<strong>Comisi\u00f3n de Pueblos Ind\u00edgenas y Afromexicanos<\/strong>&nbsp;para dictamen y a la&nbsp;<strong>Comisi\u00f3n de Presupuesto y Cuenta P\u00fablica<\/strong>&nbsp;para opini\u00f3n, tambi\u00e9n lo suscriben las y los diputados de&nbsp;<strong>Morena<\/strong>&nbsp;<strong>Evangelina Moreno Guerra<\/strong>,&nbsp;<strong>Rosario del Carmen Moreno Villatoro<\/strong>,&nbsp;<strong>Karina Margarita del R\u00edo Zenteno<\/strong>,&nbsp;<strong>Emilio Ram\u00f3n Ram\u00edrez Guzm\u00e1n<\/strong>,&nbsp;<strong>Gloria S\u00e1nchez L\u00f3pez<\/strong>,&nbsp;<strong>Briceyda Garc\u00eda Antonio<\/strong>,&nbsp;<strong>Amalia L\u00f3pez de la Cruz<\/strong>,&nbsp;<strong>Mar\u00eda Fabiola Karina P\u00e9rez Popoca<\/strong>&nbsp;y&nbsp;<strong>Alejandro Carvajal Hidalgo<\/strong>, as\u00ed como el diputado&nbsp;<strong>Roberto Armando Albores Gleason&nbsp;<\/strong>(<strong>PT<\/strong>).<\/p>\n","protected":false},"excerpt":{"rendered":"<p>El grupo parlamentario de&nbsp;MORENA&nbsp;en San L\u00e1zaro, impulsa una iniciativa para expedir la&nbsp;Ley General de Derechos<\/p>\n","protected":false},"author":4,"featured_media":6257,"comment_status":"closed","ping_status":"open","sticky":false,"template":"","format":"standard","meta":{"_jetpack_memberships_contains_paid_content":false,"footnotes":""},"categories":[36],"tags":[],"class_list":["post-6269","post","type-post","status-publish","format-standard","has-post-thumbnail","hentry","category-nacional"],"yoast_head":"<!-- This site is optimized with the Yoast SEO plugin v25.7 - https:\/\/yoast.com\/wordpress\/plugins\/seo\/ -->\n<title>MORENA presenta iniciativa para expedir Ley General de Derechos de los Pueblos y Comunidades Ind\u00edgenas y Afromexicanas - Esbozo Deportivo<\/title>\n<meta name=\"robots\" content=\"index, follow, max-snippet:-1, max-image-preview:large, max-video-preview:-1\" \/>\n<link rel=\"canonical\" href=\"https:\/\/esbozodeportivo.com\/index.php\/2025\/03\/11\/morena-presenta-iniciativa-para-expedir-ley-general-de-derechos-de-los-pueblos-y-comunidades-indigenas-y-afromexicanas\/\" \/>\n<meta property=\"og:locale\" content=\"es_MX\" \/>\n<meta property=\"og:type\" content=\"article\" \/>\n<meta property=\"og:title\" content=\"MORENA presenta iniciativa para expedir Ley General de Derechos de los Pueblos y Comunidades Ind\u00edgenas y Afromexicanas - Esbozo Deportivo\" \/>\n<meta property=\"og:description\" content=\"El grupo parlamentario de&nbsp;MORENA&nbsp;en San L\u00e1zaro, impulsa una iniciativa para expedir la&nbsp;Ley General de Derechos\" \/>\n<meta property=\"og:url\" content=\"https:\/\/esbozodeportivo.com\/index.php\/2025\/03\/11\/morena-presenta-iniciativa-para-expedir-ley-general-de-derechos-de-los-pueblos-y-comunidades-indigenas-y-afromexicanas\/\" \/>\n<meta property=\"og:site_name\" content=\"Esbozo Deportivo\" \/>\n<meta property=\"article:published_time\" content=\"2025-03-11T06:33:51+00:00\" \/>\n<meta property=\"article:modified_time\" content=\"2025-03-11T16:24:03+00:00\" \/>\n<meta property=\"og:image\" content=\"https:\/\/esbozodeportivo.com\/wp-content\/uploads\/2025\/03\/Ley-General-de-derechos.jpg\" \/>\n\t<meta property=\"og:image:width\" content=\"1600\" \/>\n\t<meta property=\"og:image:height\" content=\"1066\" \/>\n\t<meta property=\"og:image:type\" content=\"image\/jpeg\" \/>\n<meta name=\"author\" content=\"Redacci\u00f3n\" \/>\n<meta name=\"twitter:card\" content=\"summary_large_image\" \/>\n<meta name=\"twitter:label1\" content=\"Escrito por\" \/>\n\t<meta name=\"twitter:data1\" content=\"Redacci\u00f3n\" \/>\n\t<meta name=\"twitter:label2\" content=\"Tiempo de lectura\" \/>\n\t<meta name=\"twitter:data2\" content=\"3 minutos\" \/>\n<script type=\"application\/ld+json\" class=\"yoast-schema-graph\">{\"@context\":\"https:\/\/schema.org\",\"@graph\":[{\"@type\":\"Article\",\"@id\":\"https:\/\/esbozodeportivo.com\/index.php\/2025\/03\/11\/morena-presenta-iniciativa-para-expedir-ley-general-de-derechos-de-los-pueblos-y-comunidades-indigenas-y-afromexicanas\/#article\",\"isPartOf\":{\"@id\":\"https:\/\/esbozodeportivo.com\/index.php\/2025\/03\/11\/morena-presenta-iniciativa-para-expedir-ley-general-de-derechos-de-los-pueblos-y-comunidades-indigenas-y-afromexicanas\/\"},\"author\":{\"name\":\"Redacci\u00f3n\",\"@id\":\"https:\/\/esbozodeportivo.com\/#\/schema\/person\/0f6df9196dfe6740dd0bb31bae50d374\"},\"headline\":\"MORENA presenta iniciativa para expedir Ley General de Derechos de los Pueblos y Comunidades Ind\u00edgenas y Afromexicanas\",\"datePublished\":\"2025-03-11T06:33:51+00:00\",\"dateModified\":\"2025-03-11T16:24:03+00:00\",\"mainEntityOfPage\":{\"@id\":\"https:\/\/esbozodeportivo.com\/index.php\/2025\/03\/11\/morena-presenta-iniciativa-para-expedir-ley-general-de-derechos-de-los-pueblos-y-comunidades-indigenas-y-afromexicanas\/\"},\"wordCount\":683,\"publisher\":{\"@id\":\"https:\/\/esbozodeportivo.com\/#organization\"},\"image\":{\"@id\":\"https:\/\/esbozodeportivo.com\/index.php\/2025\/03\/11\/morena-presenta-iniciativa-para-expedir-ley-general-de-derechos-de-los-pueblos-y-comunidades-indigenas-y-afromexicanas\/#primaryimage\"},\"thumbnailUrl\":\"https:\/\/esbozodeportivo.com\/wp-content\/uploads\/2025\/03\/Ley-General-de-derechos.jpg\",\"articleSection\":[\"Nacional\"],\"inLanguage\":\"es\"},{\"@type\":\"WebPage\",\"@id\":\"https:\/\/esbozodeportivo.com\/index.php\/2025\/03\/11\/morena-presenta-iniciativa-para-expedir-ley-general-de-derechos-de-los-pueblos-y-comunidades-indigenas-y-afromexicanas\/\",\"url\":\"https:\/\/esbozodeportivo.com\/index.php\/2025\/03\/11\/morena-presenta-iniciativa-para-expedir-ley-general-de-derechos-de-los-pueblos-y-comunidades-indigenas-y-afromexicanas\/\",\"name\":\"MORENA presenta iniciativa para expedir Ley General de Derechos de los Pueblos y Comunidades Ind\u00edgenas y Afromexicanas - Esbozo Deportivo\",\"isPartOf\":{\"@id\":\"https:\/\/esbozodeportivo.com\/#website\"},\"primaryImageOfPage\":{\"@id\":\"https:\/\/esbozodeportivo.com\/index.php\/2025\/03\/11\/morena-presenta-iniciativa-para-expedir-ley-general-de-derechos-de-los-pueblos-y-comunidades-indigenas-y-afromexicanas\/#primaryimage\"},\"image\":{\"@id\":\"https:\/\/esbozodeportivo.com\/index.php\/2025\/03\/11\/morena-presenta-iniciativa-para-expedir-ley-general-de-derechos-de-los-pueblos-y-comunidades-indigenas-y-afromexicanas\/#primaryimage\"},\"thumbnailUrl\":\"https:\/\/esbozodeportivo.com\/wp-content\/uploads\/2025\/03\/Ley-General-de-derechos.jpg\",\"datePublished\":\"2025-03-11T06:33:51+00:00\",\"dateModified\":\"2025-03-11T16:24:03+00:00\",\"breadcrumb\":{\"@id\":\"https:\/\/esbozodeportivo.com\/index.php\/2025\/03\/11\/morena-presenta-iniciativa-para-expedir-ley-general-de-derechos-de-los-pueblos-y-comunidades-indigenas-y-afromexicanas\/#breadcrumb\"},\"inLanguage\":\"es\",\"potentialAction\":[{\"@type\":\"ReadAction\",\"target\":[\"https:\/\/esbozodeportivo.com\/index.php\/2025\/03\/11\/morena-presenta-iniciativa-para-expedir-ley-general-de-derechos-de-los-pueblos-y-comunidades-indigenas-y-afromexicanas\/\"]}]},{\"@type\":\"ImageObject\",\"inLanguage\":\"es\",\"@id\":\"https:\/\/esbozodeportivo.com\/index.php\/2025\/03\/11\/morena-presenta-iniciativa-para-expedir-ley-general-de-derechos-de-los-pueblos-y-comunidades-indigenas-y-afromexicanas\/#primaryimage\",\"url\":\"https:\/\/esbozodeportivo.com\/wp-content\/uploads\/2025\/03\/Ley-General-de-derechos.jpg\",\"contentUrl\":\"https:\/\/esbozodeportivo.com\/wp-content\/uploads\/2025\/03\/Ley-General-de-derechos.jpg\",\"width\":1600,\"height\":1066},{\"@type\":\"BreadcrumbList\",\"@id\":\"https:\/\/esbozodeportivo.com\/index.php\/2025\/03\/11\/morena-presenta-iniciativa-para-expedir-ley-general-de-derechos-de-los-pueblos-y-comunidades-indigenas-y-afromexicanas\/#breadcrumb\",\"itemListElement\":[{\"@type\":\"ListItem\",\"position\":1,\"name\":\"Inicio\",\"item\":\"https:\/\/esbozodeportivo.com\/\"},{\"@type\":\"ListItem\",\"position\":2,\"name\":\"MORENA presenta iniciativa para expedir Ley General de Derechos de los Pueblos y Comunidades Ind\u00edgenas y Afromexicanas\"}]},{\"@type\":\"WebSite\",\"@id\":\"https:\/\/esbozodeportivo.com\/#website\",\"url\":\"https:\/\/esbozodeportivo.com\/\",\"name\":\"Esbozo Deportivo\",\"description\":\"Lo m\u00e1s importante del Deporte\",\"publisher\":{\"@id\":\"https:\/\/esbozodeportivo.com\/#organization\"},\"potentialAction\":[{\"@type\":\"SearchAction\",\"target\":{\"@type\":\"EntryPoint\",\"urlTemplate\":\"https:\/\/esbozodeportivo.com\/?s={search_term_string}\"},\"query-input\":{\"@type\":\"PropertyValueSpecification\",\"valueRequired\":true,\"valueName\":\"search_term_string\"}}],\"inLanguage\":\"es\"},{\"@type\":\"Organization\",\"@id\":\"https:\/\/esbozodeportivo.com\/#organization\",\"name\":\"Esbozo Deportivo\",\"url\":\"https:\/\/esbozodeportivo.com\/\",\"logo\":{\"@type\":\"ImageObject\",\"inLanguage\":\"es\",\"@id\":\"https:\/\/esbozodeportivo.com\/#\/schema\/logo\/image\/\",\"url\":\"https:\/\/esbozodeportivo.com\/wp-content\/uploads\/2022\/08\/cropped-Logo-Esbozo-Web-2.png\",\"contentUrl\":\"https:\/\/esbozodeportivo.com\/wp-content\/uploads\/2022\/08\/cropped-Logo-Esbozo-Web-2.png\",\"width\":180,\"height\":50,\"caption\":\"Esbozo Deportivo\"},\"image\":{\"@id\":\"https:\/\/esbozodeportivo.com\/#\/schema\/logo\/image\/\"}},{\"@type\":\"Person\",\"@id\":\"https:\/\/esbozodeportivo.com\/#\/schema\/person\/0f6df9196dfe6740dd0bb31bae50d374\",\"name\":\"Redacci\u00f3n\",\"image\":{\"@type\":\"ImageObject\",\"inLanguage\":\"es\",\"@id\":\"https:\/\/esbozodeportivo.com\/#\/schema\/person\/image\/\",\"url\":\"https:\/\/secure.gravatar.com\/avatar\/f55268a89c3b418f2ef172ff52ab0d09b3e653c58de29539fe329fb93d78ebf3?s=96&d=mm&r=g\",\"contentUrl\":\"https:\/\/secure.gravatar.com\/avatar\/f55268a89c3b418f2ef172ff52ab0d09b3e653c58de29539fe329fb93d78ebf3?s=96&d=mm&r=g\",\"caption\":\"Redacci\u00f3n\"},\"url\":\"https:\/\/esbozodeportivo.com\/index.php\/author\/redaccion\/\"}]}<\/script>\n<!-- \/ Yoast SEO plugin. -->","yoast_head_json":{"title":"MORENA presenta iniciativa para expedir Ley General de Derechos de los Pueblos y Comunidades Ind\u00edgenas y Afromexicanas - Esbozo Deportivo","robots":{"index":"index","follow":"follow","max-snippet":"max-snippet:-1","max-image-preview":"max-image-preview:large","max-video-preview":"max-video-preview:-1"},"canonical":"https:\/\/esbozodeportivo.com\/index.php\/2025\/03\/11\/morena-presenta-iniciativa-para-expedir-ley-general-de-derechos-de-los-pueblos-y-comunidades-indigenas-y-afromexicanas\/","og_locale":"es_MX","og_type":"article","og_title":"MORENA presenta iniciativa para expedir Ley General de Derechos de los Pueblos y Comunidades Ind\u00edgenas y Afromexicanas - Esbozo Deportivo","og_description":"El grupo parlamentario de&nbsp;MORENA&nbsp;en San L\u00e1zaro, impulsa una iniciativa para expedir la&nbsp;Ley General de Derechos","og_url":"https:\/\/esbozodeportivo.com\/index.php\/2025\/03\/11\/morena-presenta-iniciativa-para-expedir-ley-general-de-derechos-de-los-pueblos-y-comunidades-indigenas-y-afromexicanas\/","og_site_name":"Esbozo Deportivo","article_published_time":"2025-03-11T06:33:51+00:00","article_modified_time":"2025-03-11T16:24:03+00:00","og_image":[{"width":1600,"height":1066,"url":"https:\/\/esbozodeportivo.com\/wp-content\/uploads\/2025\/03\/Ley-General-de-derechos.jpg","type":"image\/jpeg"}],"author":"Redacci\u00f3n","twitter_card":"summary_large_image","twitter_misc":{"Escrito por":"Redacci\u00f3n","Tiempo de lectura":"3 minutos"},"schema":{"@context":"https:\/\/schema.org","@graph":[{"@type":"Article","@id":"https:\/\/esbozodeportivo.com\/index.php\/2025\/03\/11\/morena-presenta-iniciativa-para-expedir-ley-general-de-derechos-de-los-pueblos-y-comunidades-indigenas-y-afromexicanas\/#article","isPartOf":{"@id":"https:\/\/esbozodeportivo.com\/index.php\/2025\/03\/11\/morena-presenta-iniciativa-para-expedir-ley-general-de-derechos-de-los-pueblos-y-comunidades-indigenas-y-afromexicanas\/"},"author":{"name":"Redacci\u00f3n","@id":"https:\/\/esbozodeportivo.com\/#\/schema\/person\/0f6df9196dfe6740dd0bb31bae50d374"},"headline":"MORENA presenta iniciativa para expedir Ley General de Derechos de los Pueblos y Comunidades Ind\u00edgenas y Afromexicanas","datePublished":"2025-03-11T06:33:51+00:00","dateModified":"2025-03-11T16:24:03+00:00","mainEntityOfPage":{"@id":"https:\/\/esbozodeportivo.com\/index.php\/2025\/03\/11\/morena-presenta-iniciativa-para-expedir-ley-general-de-derechos-de-los-pueblos-y-comunidades-indigenas-y-afromexicanas\/"},"wordCount":683,"publisher":{"@id":"https:\/\/esbozodeportivo.com\/#organization"},"image":{"@id":"https:\/\/esbozodeportivo.com\/index.php\/2025\/03\/11\/morena-presenta-iniciativa-para-expedir-ley-general-de-derechos-de-los-pueblos-y-comunidades-indigenas-y-afromexicanas\/#primaryimage"},"thumbnailUrl":"https:\/\/esbozodeportivo.com\/wp-content\/uploads\/2025\/03\/Ley-General-de-derechos.jpg","articleSection":["Nacional"],"inLanguage":"es"},{"@type":"WebPage","@id":"https:\/\/esbozodeportivo.com\/index.php\/2025\/03\/11\/morena-presenta-iniciativa-para-expedir-ley-general-de-derechos-de-los-pueblos-y-comunidades-indigenas-y-afromexicanas\/","url":"https:\/\/esbozodeportivo.com\/index.php\/2025\/03\/11\/morena-presenta-iniciativa-para-expedir-ley-general-de-derechos-de-los-pueblos-y-comunidades-indigenas-y-afromexicanas\/","name":"MORENA presenta iniciativa para expedir Ley General de Derechos de los Pueblos y Comunidades Ind\u00edgenas y Afromexicanas - Esbozo Deportivo","isPartOf":{"@id":"https:\/\/esbozodeportivo.com\/#website"},"primaryImageOfPage":{"@id":"https:\/\/esbozodeportivo.com\/index.php\/2025\/03\/11\/morena-presenta-iniciativa-para-expedir-ley-general-de-derechos-de-los-pueblos-y-comunidades-indigenas-y-afromexicanas\/#primaryimage"},"image":{"@id":"https:\/\/esbozodeportivo.com\/index.php\/2025\/03\/11\/morena-presenta-iniciativa-para-expedir-ley-general-de-derechos-de-los-pueblos-y-comunidades-indigenas-y-afromexicanas\/#primaryimage"},"thumbnailUrl":"https:\/\/esbozodeportivo.com\/wp-content\/uploads\/2025\/03\/Ley-General-de-derechos.jpg","datePublished":"2025-03-11T06:33:51+00:00","dateModified":"2025-03-11T16:24:03+00:00","breadcrumb":{"@id":"https:\/\/esbozodeportivo.com\/index.php\/2025\/03\/11\/morena-presenta-iniciativa-para-expedir-ley-general-de-derechos-de-los-pueblos-y-comunidades-indigenas-y-afromexicanas\/#breadcrumb"},"inLanguage":"es","potentialAction":[{"@type":"ReadAction","target":["https:\/\/esbozodeportivo.com\/index.php\/2025\/03\/11\/morena-presenta-iniciativa-para-expedir-ley-general-de-derechos-de-los-pueblos-y-comunidades-indigenas-y-afromexicanas\/"]}]},{"@type":"ImageObject","inLanguage":"es","@id":"https:\/\/esbozodeportivo.com\/index.php\/2025\/03\/11\/morena-presenta-iniciativa-para-expedir-ley-general-de-derechos-de-los-pueblos-y-comunidades-indigenas-y-afromexicanas\/#primaryimage","url":"https:\/\/esbozodeportivo.com\/wp-content\/uploads\/2025\/03\/Ley-General-de-derechos.jpg","contentUrl":"https:\/\/esbozodeportivo.com\/wp-content\/uploads\/2025\/03\/Ley-General-de-derechos.jpg","width":1600,"height":1066},{"@type":"BreadcrumbList","@id":"https:\/\/esbozodeportivo.com\/index.php\/2025\/03\/11\/morena-presenta-iniciativa-para-expedir-ley-general-de-derechos-de-los-pueblos-y-comunidades-indigenas-y-afromexicanas\/#breadcrumb","itemListElement":[{"@type":"ListItem","position":1,"name":"Inicio","item":"https:\/\/esbozodeportivo.com\/"},{"@type":"ListItem","position":2,"name":"MORENA presenta iniciativa para expedir Ley General de Derechos de los Pueblos y Comunidades Ind\u00edgenas y Afromexicanas"}]},{"@type":"WebSite","@id":"https:\/\/esbozodeportivo.com\/#website","url":"https:\/\/esbozodeportivo.com\/","name":"Esbozo Deportivo","description":"Lo m\u00e1s importante del Deporte","publisher":{"@id":"https:\/\/esbozodeportivo.com\/#organization"},"potentialAction":[{"@type":"SearchAction","target":{"@type":"EntryPoint","urlTemplate":"https:\/\/esbozodeportivo.com\/?s={search_term_string}"},"query-input":{"@type":"PropertyValueSpecification","valueRequired":true,"valueName":"search_term_string"}}],"inLanguage":"es"},{"@type":"Organization","@id":"https:\/\/esbozodeportivo.com\/#organization","name":"Esbozo Deportivo","url":"https:\/\/esbozodeportivo.com\/","logo":{"@type":"ImageObject","inLanguage":"es","@id":"https:\/\/esbozodeportivo.com\/#\/schema\/logo\/image\/","url":"https:\/\/esbozodeportivo.com\/wp-content\/uploads\/2022\/08\/cropped-Logo-Esbozo-Web-2.png","contentUrl":"https:\/\/esbozodeportivo.com\/wp-content\/uploads\/2022\/08\/cropped-Logo-Esbozo-Web-2.png","width":180,"height":50,"caption":"Esbozo Deportivo"},"image":{"@id":"https:\/\/esbozodeportivo.com\/#\/schema\/logo\/image\/"}},{"@type":"Person","@id":"https:\/\/esbozodeportivo.com\/#\/schema\/person\/0f6df9196dfe6740dd0bb31bae50d374","name":"Redacci\u00f3n","image":{"@type":"ImageObject","inLanguage":"es","@id":"https:\/\/esbozodeportivo.com\/#\/schema\/person\/image\/","url":"https:\/\/secure.gravatar.com\/avatar\/f55268a89c3b418f2ef172ff52ab0d09b3e653c58de29539fe329fb93d78ebf3?s=96&d=mm&r=g","contentUrl":"https:\/\/secure.gravatar.com\/avatar\/f55268a89c3b418f2ef172ff52ab0d09b3e653c58de29539fe329fb93d78ebf3?s=96&d=mm&r=g","caption":"Redacci\u00f3n"},"url":"https:\/\/esbozodeportivo.com\/index.php\/author\/redaccion\/"}]}},"jetpack_featured_media_url":"https:\/\/esbozodeportivo.com\/wp-content\/uploads\/2025\/03\/Ley-General-de-derechos.jpg","jetpack_sharing_enabled":true,"_links":{"self":[{"href":"https:\/\/esbozodeportivo.com\/index.php\/wp-json\/wp\/v2\/posts\/6269","targetHints":{"allow":["GET"]}}],"collection":[{"href":"https:\/\/esbozodeportivo.com\/index.php\/wp-json\/wp\/v2\/posts"}],"about":[{"href":"https:\/\/esbozodeportivo.com\/index.php\/wp-json\/wp\/v2\/types\/post"}],"author":[{"embeddable":true,"href":"https:\/\/esbozodeportivo.com\/index.php\/wp-json\/wp\/v2\/users\/4"}],"replies":[{"embeddable":true,"href":"https:\/\/esbozodeportivo.com\/index.php\/wp-json\/wp\/v2\/comments?post=6269"}],"version-history":[{"count":1,"href":"https:\/\/esbozodeportivo.com\/index.php\/wp-json\/wp\/v2\/posts\/6269\/revisions"}],"predecessor-version":[{"id":6270,"href":"https:\/\/esbozodeportivo.com\/index.php\/wp-json\/wp\/v2\/posts\/6269\/revisions\/6270"}],"wp:featuredmedia":[{"embeddable":true,"href":"https:\/\/esbozodeportivo.com\/index.php\/wp-json\/wp\/v2\/media\/6257"}],"wp:attachment":[{"href":"https:\/\/esbozodeportivo.com\/index.php\/wp-json\/wp\/v2\/media?parent=6269"}],"wp:term":[{"taxonomy":"category","embeddable":true,"href":"https:\/\/esbozodeportivo.com\/index.php\/wp-json\/wp\/v2\/categories?post=6269"},{"taxonomy":"post_tag","embeddable":true,"href":"https:\/\/esbozodeportivo.com\/index.php\/wp-json\/wp\/v2\/tags?post=6269"}],"curies":[{"name":"wp","href":"https:\/\/api.w.org\/{rel}","templated":true}]}}