{"id":6279,"date":"2025-03-11T19:54:41","date_gmt":"2025-03-12T01:54:41","guid":{"rendered":"https:\/\/esbozodeportivo.com\/?p=6279"},"modified":"2025-03-11T19:54:41","modified_gmt":"2025-03-12T01:54:41","slug":"prepara-mexico-las-selecciones-rumbo-al-mundial-de-atletismo-de-japon","status":"publish","type":"post","link":"https:\/\/esbozodeportivo.com\/index.php\/2025\/03\/11\/prepara-mexico-las-selecciones-rumbo-al-mundial-de-atletismo-de-japon\/","title":{"rendered":"Prepara M\u00e9xico las selecciones rumbo al Mundial de Atletismo de Jap\u00f3n"},"content":{"rendered":"\n<p><strong>(Foto: Fedmxatle)\u00a0<\/strong><\/p>\n\n\n\n<p>Los <strong>campeonatos nacionales juvenil<\/strong> <strong>Sub 18-23<\/strong> as\u00ed como el abierto, con sede en la ciudad de <strong>M\u00e9xico <\/strong>en junio y agosto, respectivamente, forman parte del proceso selectivo rumbo a los Juegos Panamericanos Junior de Asunci\u00f3n y los <strong>Campeonatos Mundiales de Atletismo<\/strong>, que se llevar\u00e1 a cabo en septiembre pr\u00f3ximo en <strong>Jap\u00f3n<\/strong>.<\/p>\n\n\n\n<p>El presidente de la <strong>Federaci\u00f3n Mexicana de Asociaciones<\/strong> <strong>de Atletismo<\/strong>, <strong>Antonio Lozano Pineda<\/strong>, dio a conocer el calendario 2025 que desarrollar\u00e1 el organismo, luego de la reuni\u00f3n que llev\u00f3 a cabo con m\u00e1s de 30 asociaciones estatales para informar sobre los procesos de selecci\u00f3n y los eventos nacionales e internacionales del programa avalado por la <strong>World Athletics<\/strong>.<\/p>\n\n\n\n<p>De tal forma que el calendario aprobado por la <strong>FMAA<\/strong> desarrollar\u00e1 el <strong>Festival de Fondo y Medio Fondo<\/strong>, a realizarse los d\u00edas 11 y 12 de abril en <strong>Mazatl\u00e1n<\/strong>, <strong>Sinaloa<\/strong>, mientras que el <strong>Encuentro FMAA<\/strong> <strong>Prof. C\u00e9sar Moreno Bravo<\/strong>, se llevar\u00e1 a cabo en la <strong>Ciudad de M\u00e9xico<\/strong> del 18 al 20 de ese mes.<\/p>\n\n\n\n<p><\/p>\n\n\n\n<figure class=\"wp-block-image size-large\"><img loading=\"lazy\" decoding=\"async\" width=\"1024\" height=\"767\" src=\"https:\/\/esbozodeportivo.com\/wp-content\/uploads\/2025\/03\/IMG-20240713-WA0081-1024x767.jpg\" alt=\"\" class=\"wp-image-6282\" srcset=\"https:\/\/esbozodeportivo.com\/wp-content\/uploads\/2025\/03\/IMG-20240713-WA0081-1024x767.jpg 1024w, https:\/\/esbozodeportivo.com\/wp-content\/uploads\/2025\/03\/IMG-20240713-WA0081-300x225.jpg 300w, https:\/\/esbozodeportivo.com\/wp-content\/uploads\/2025\/03\/IMG-20240713-WA0081-768x575.jpg 768w, https:\/\/esbozodeportivo.com\/wp-content\/uploads\/2025\/03\/IMG-20240713-WA0081.jpg 1246w\" sizes=\"auto, (max-width: 1024px) 100vw, 1024px\" \/><\/figure>\n\n\n\n<p><strong>(Foto: Fedmxatle)\u00a0<\/strong><\/p>\n\n\n\n<p>Los <strong>Campeonatos Nacionales Juvenil Sub 18, 20 y 23<\/strong>, se disputar\u00e1n en la <strong>Ciudad de M\u00e9xico<\/strong> del 30 de mayo al 1 de junio, los cuales forman parte del proceso selectivo para integrar la delegaci\u00f3n nacional que asistir\u00e1 a los <strong>Juegos Panamericanos Junior<\/strong>, que se efectuar\u00e1n en agosto pr\u00f3ximo en <strong>Asunci\u00f3n, Paraguay.<\/strong><\/p>\n\n\n\n<p>Mientras que el <strong>Campeonato Nacional Abierto<\/strong>, programado del 1 al 3 de agosto en la capital del pa\u00eds, ser\u00e1 selectivo para quienes buscan tiempos y marcas rumbo a los <strong>Campeonatos Mundiales de Atletismo<\/strong>, con sede en <strong>Jap\u00f3n<\/strong> durante el mes de septiembre.<\/p>\n\n\n\n<figure class=\"wp-block-image size-large\"><img loading=\"lazy\" decoding=\"async\" width=\"1024\" height=\"824\" src=\"https:\/\/esbozodeportivo.com\/wp-content\/uploads\/2025\/03\/IMG-20240713-WA0038-1024x824.jpg\" alt=\"\" class=\"wp-image-6281\" srcset=\"https:\/\/esbozodeportivo.com\/wp-content\/uploads\/2025\/03\/IMG-20240713-WA0038-1024x824.jpg 1024w, https:\/\/esbozodeportivo.com\/wp-content\/uploads\/2025\/03\/IMG-20240713-WA0038-300x241.jpg 300w, https:\/\/esbozodeportivo.com\/wp-content\/uploads\/2025\/03\/IMG-20240713-WA0038-768x618.jpg 768w, https:\/\/esbozodeportivo.com\/wp-content\/uploads\/2025\/03\/IMG-20240713-WA0038.jpg 1170w\" sizes=\"auto, (max-width: 1024px) 100vw, 1024px\" \/><\/figure>\n\n\n\n<p><strong>(Foto: Fedmxatle)\u00a0<\/strong><\/p>\n\n\n\n<p>\u201cTendremos un a\u00f1o muy activo con competencias del calendario de la <strong>World Athletics<\/strong>, que forman parte de los procesos para integrar las delegaciones que participar\u00e1n en los diferentes eventos internacionales\u201d, dijo <strong>Antonio Lozano<\/strong> durante la reuni\u00f3n que tuvo con los presidentes de m\u00e1s de 30 asociaciones del pa\u00eds.<\/p>\n\n\n\n<p><strong>Antonio Lozano<\/strong> indic\u00f3 que esta reuni\u00f3n forma parte de la continuidad del <strong>Congreso T\u00e9cnico<\/strong>, que se llev\u00f3 a cabo el 9 de noviembre pasado, en el que se aprobaron los eventos que hoy se presentaron.<\/p>\n\n\n\n<figure class=\"wp-block-image size-large\"><img loading=\"lazy\" decoding=\"async\" width=\"1024\" height=\"683\" src=\"https:\/\/esbozodeportivo.com\/wp-content\/uploads\/2025\/03\/IMG-20240405-WA0051-1-1024x683.jpg\" alt=\"\" class=\"wp-image-6280\" srcset=\"https:\/\/esbozodeportivo.com\/wp-content\/uploads\/2025\/03\/IMG-20240405-WA0051-1-1024x683.jpg 1024w, https:\/\/esbozodeportivo.com\/wp-content\/uploads\/2025\/03\/IMG-20240405-WA0051-1-300x200.jpg 300w, https:\/\/esbozodeportivo.com\/wp-content\/uploads\/2025\/03\/IMG-20240405-WA0051-1-768x512.jpg 768w, https:\/\/esbozodeportivo.com\/wp-content\/uploads\/2025\/03\/IMG-20240405-WA0051-1-1536x1024.jpg 1536w, https:\/\/esbozodeportivo.com\/wp-content\/uploads\/2025\/03\/IMG-20240405-WA0051-1.jpg 1599w\" sizes=\"auto, (max-width: 1024px) 100vw, 1024px\" \/><\/figure>\n\n\n\n<p><strong>(Foto: Fedmxatle)\u00a0<\/strong><\/p>\n\n\n\n<p><\/p>\n","protected":false},"excerpt":{"rendered":"<p>(Foto: Fedmxatle)\u00a0 Los campeonatos nacionales juvenil Sub 18-23 as\u00ed como el abierto, con sede en<\/p>\n","protected":false},"author":4,"featured_media":6283,"comment_status":"closed","ping_status":"open","sticky":false,"template":"","format":"standard","meta":{"_jetpack_memberships_contains_paid_content":false,"footnotes":""},"categories":[5],"tags":[],"class_list":["post-6279","post","type-post","status-publish","format-standard","has-post-thumbnail","hentry","category-amateur"],"yoast_head":"<!-- This site is optimized with the Yoast SEO plugin v25.7 - https:\/\/yoast.com\/wordpress\/plugins\/seo\/ -->\n<title>Prepara M\u00e9xico las selecciones rumbo al Mundial de Atletismo de Jap\u00f3n - Esbozo Deportivo<\/title>\n<meta name=\"description\" content=\"Los campeonatos nacionales juvenil Sub 18-23 as\u00ed como el abierto, con sede en la ciudad de M\u00e9xico en junio y agosto, respectivamente, forman parte del proceso selectivo rumbo a los Juegos Panamericanos Junior de Asunci\u00f3n y los Campeonatos Mundiales de Atletismo, que se llevar\u00e1 a cabo en septiembre pr\u00f3ximo en Jap\u00f3n.\" \/>\n<meta name=\"robots\" content=\"index, follow, max-snippet:-1, max-image-preview:large, max-video-preview:-1\" \/>\n<link rel=\"canonical\" href=\"https:\/\/esbozodeportivo.com\/index.php\/2025\/03\/11\/prepara-mexico-las-selecciones-rumbo-al-mundial-de-atletismo-de-japon\/\" \/>\n<meta property=\"og:locale\" content=\"es_MX\" \/>\n<meta property=\"og:type\" content=\"article\" \/>\n<meta property=\"og:title\" content=\"Prepara M\u00e9xico las selecciones rumbo al Mundial de Atletismo de Jap\u00f3n - Esbozo Deportivo\" \/>\n<meta property=\"og:description\" content=\"Los campeonatos nacionales juvenil Sub 18-23 as\u00ed como el abierto, con sede en la ciudad de M\u00e9xico en junio y agosto, respectivamente, forman parte del proceso selectivo rumbo a los Juegos Panamericanos Junior de Asunci\u00f3n y los Campeonatos Mundiales de Atletismo, que se llevar\u00e1 a cabo en septiembre pr\u00f3ximo en Jap\u00f3n.\" \/>\n<meta property=\"og:url\" content=\"https:\/\/esbozodeportivo.com\/index.php\/2025\/03\/11\/prepara-mexico-las-selecciones-rumbo-al-mundial-de-atletismo-de-japon\/\" \/>\n<meta property=\"og:site_name\" content=\"Esbozo Deportivo\" \/>\n<meta property=\"article:published_time\" content=\"2025-03-12T01:54:41+00:00\" \/>\n<meta property=\"og:image\" content=\"https:\/\/esbozodeportivo.com\/wp-content\/uploads\/2025\/03\/IMG-20240713-WA0084.jpg\" \/>\n\t<meta property=\"og:image:width\" content=\"1066\" \/>\n\t<meta property=\"og:image:height\" content=\"1471\" \/>\n\t<meta property=\"og:image:type\" content=\"image\/jpeg\" \/>\n<meta name=\"author\" content=\"Redacci\u00f3n\" \/>\n<meta name=\"twitter:card\" content=\"summary_large_image\" \/>\n<meta name=\"twitter:label1\" content=\"Escrito por\" \/>\n\t<meta name=\"twitter:data1\" content=\"Redacci\u00f3n\" \/>\n\t<meta name=\"twitter:label2\" content=\"Tiempo de lectura\" \/>\n\t<meta name=\"twitter:data2\" content=\"3 minutos\" \/>\n<script type=\"application\/ld+json\" class=\"yoast-schema-graph\">{\"@context\":\"https:\/\/schema.org\",\"@graph\":[{\"@type\":\"Article\",\"@id\":\"https:\/\/esbozodeportivo.com\/index.php\/2025\/03\/11\/prepara-mexico-las-selecciones-rumbo-al-mundial-de-atletismo-de-japon\/#article\",\"isPartOf\":{\"@id\":\"https:\/\/esbozodeportivo.com\/index.php\/2025\/03\/11\/prepara-mexico-las-selecciones-rumbo-al-mundial-de-atletismo-de-japon\/\"},\"author\":{\"name\":\"Redacci\u00f3n\",\"@id\":\"https:\/\/esbozodeportivo.com\/#\/schema\/person\/0f6df9196dfe6740dd0bb31bae50d374\"},\"headline\":\"Prepara M\u00e9xico las selecciones rumbo al Mundial de Atletismo de Jap\u00f3n\",\"datePublished\":\"2025-03-12T01:54:41+00:00\",\"mainEntityOfPage\":{\"@id\":\"https:\/\/esbozodeportivo.com\/index.php\/2025\/03\/11\/prepara-mexico-las-selecciones-rumbo-al-mundial-de-atletismo-de-japon\/\"},\"wordCount\":373,\"publisher\":{\"@id\":\"https:\/\/esbozodeportivo.com\/#organization\"},\"image\":{\"@id\":\"https:\/\/esbozodeportivo.com\/index.php\/2025\/03\/11\/prepara-mexico-las-selecciones-rumbo-al-mundial-de-atletismo-de-japon\/#primaryimage\"},\"thumbnailUrl\":\"https:\/\/esbozodeportivo.com\/wp-content\/uploads\/2025\/03\/IMG-20240713-WA0084.jpg\",\"articleSection\":[\"Amateur\"],\"inLanguage\":\"es\"},{\"@type\":\"WebPage\",\"@id\":\"https:\/\/esbozodeportivo.com\/index.php\/2025\/03\/11\/prepara-mexico-las-selecciones-rumbo-al-mundial-de-atletismo-de-japon\/\",\"url\":\"https:\/\/esbozodeportivo.com\/index.php\/2025\/03\/11\/prepara-mexico-las-selecciones-rumbo-al-mundial-de-atletismo-de-japon\/\",\"name\":\"Prepara M\u00e9xico las selecciones rumbo al Mundial de Atletismo de Jap\u00f3n - Esbozo Deportivo\",\"isPartOf\":{\"@id\":\"https:\/\/esbozodeportivo.com\/#website\"},\"primaryImageOfPage\":{\"@id\":\"https:\/\/esbozodeportivo.com\/index.php\/2025\/03\/11\/prepara-mexico-las-selecciones-rumbo-al-mundial-de-atletismo-de-japon\/#primaryimage\"},\"image\":{\"@id\":\"https:\/\/esbozodeportivo.com\/index.php\/2025\/03\/11\/prepara-mexico-las-selecciones-rumbo-al-mundial-de-atletismo-de-japon\/#primaryimage\"},\"thumbnailUrl\":\"https:\/\/esbozodeportivo.com\/wp-content\/uploads\/2025\/03\/IMG-20240713-WA0084.jpg\",\"datePublished\":\"2025-03-12T01:54:41+00:00\",\"description\":\"Los campeonatos nacionales juvenil Sub 18-23 as\u00ed como el abierto, con sede en la ciudad de M\u00e9xico en junio y agosto, respectivamente, forman parte del proceso selectivo rumbo a los Juegos Panamericanos Junior de Asunci\u00f3n y los Campeonatos Mundiales de Atletismo, que se llevar\u00e1 a cabo en septiembre pr\u00f3ximo en Jap\u00f3n.\",\"breadcrumb\":{\"@id\":\"https:\/\/esbozodeportivo.com\/index.php\/2025\/03\/11\/prepara-mexico-las-selecciones-rumbo-al-mundial-de-atletismo-de-japon\/#breadcrumb\"},\"inLanguage\":\"es\",\"potentialAction\":[{\"@type\":\"ReadAction\",\"target\":[\"https:\/\/esbozodeportivo.com\/index.php\/2025\/03\/11\/prepara-mexico-las-selecciones-rumbo-al-mundial-de-atletismo-de-japon\/\"]}]},{\"@type\":\"ImageObject\",\"inLanguage\":\"es\",\"@id\":\"https:\/\/esbozodeportivo.com\/index.php\/2025\/03\/11\/prepara-mexico-las-selecciones-rumbo-al-mundial-de-atletismo-de-japon\/#primaryimage\",\"url\":\"https:\/\/esbozodeportivo.com\/wp-content\/uploads\/2025\/03\/IMG-20240713-WA0084.jpg\",\"contentUrl\":\"https:\/\/esbozodeportivo.com\/wp-content\/uploads\/2025\/03\/IMG-20240713-WA0084.jpg\",\"width\":1066,\"height\":1471},{\"@type\":\"BreadcrumbList\",\"@id\":\"https:\/\/esbozodeportivo.com\/index.php\/2025\/03\/11\/prepara-mexico-las-selecciones-rumbo-al-mundial-de-atletismo-de-japon\/#breadcrumb\",\"itemListElement\":[{\"@type\":\"ListItem\",\"position\":1,\"name\":\"Inicio\",\"item\":\"https:\/\/esbozodeportivo.com\/\"},{\"@type\":\"ListItem\",\"position\":2,\"name\":\"Prepara M\u00e9xico las selecciones rumbo al Mundial de Atletismo de Jap\u00f3n\"}]},{\"@type\":\"WebSite\",\"@id\":\"https:\/\/esbozodeportivo.com\/#website\",\"url\":\"https:\/\/esbozodeportivo.com\/\",\"name\":\"Esbozo Deportivo\",\"description\":\"Lo m\u00e1s importante del Deporte\",\"publisher\":{\"@id\":\"https:\/\/esbozodeportivo.com\/#organization\"},\"potentialAction\":[{\"@type\":\"SearchAction\",\"target\":{\"@type\":\"EntryPoint\",\"urlTemplate\":\"https:\/\/esbozodeportivo.com\/?s={search_term_string}\"},\"query-input\":{\"@type\":\"PropertyValueSpecification\",\"valueRequired\":true,\"valueName\":\"search_term_string\"}}],\"inLanguage\":\"es\"},{\"@type\":\"Organization\",\"@id\":\"https:\/\/esbozodeportivo.com\/#organization\",\"name\":\"Esbozo Deportivo\",\"url\":\"https:\/\/esbozodeportivo.com\/\",\"logo\":{\"@type\":\"ImageObject\",\"inLanguage\":\"es\",\"@id\":\"https:\/\/esbozodeportivo.com\/#\/schema\/logo\/image\/\",\"url\":\"https:\/\/esbozodeportivo.com\/wp-content\/uploads\/2022\/08\/cropped-Logo-Esbozo-Web-2.png\",\"contentUrl\":\"https:\/\/esbozodeportivo.com\/wp-content\/uploads\/2022\/08\/cropped-Logo-Esbozo-Web-2.png\",\"width\":180,\"height\":50,\"caption\":\"Esbozo Deportivo\"},\"image\":{\"@id\":\"https:\/\/esbozodeportivo.com\/#\/schema\/logo\/image\/\"}},{\"@type\":\"Person\",\"@id\":\"https:\/\/esbozodeportivo.com\/#\/schema\/person\/0f6df9196dfe6740dd0bb31bae50d374\",\"name\":\"Redacci\u00f3n\",\"image\":{\"@type\":\"ImageObject\",\"inLanguage\":\"es\",\"@id\":\"https:\/\/esbozodeportivo.com\/#\/schema\/person\/image\/\",\"url\":\"https:\/\/secure.gravatar.com\/avatar\/f55268a89c3b418f2ef172ff52ab0d09b3e653c58de29539fe329fb93d78ebf3?s=96&d=mm&r=g\",\"contentUrl\":\"https:\/\/secure.gravatar.com\/avatar\/f55268a89c3b418f2ef172ff52ab0d09b3e653c58de29539fe329fb93d78ebf3?s=96&d=mm&r=g\",\"caption\":\"Redacci\u00f3n\"},\"url\":\"https:\/\/esbozodeportivo.com\/index.php\/author\/redaccion\/\"}]}<\/script>\n<!-- \/ Yoast SEO plugin. -->","yoast_head_json":{"title":"Prepara M\u00e9xico las selecciones rumbo al Mundial de Atletismo de Jap\u00f3n - Esbozo Deportivo","description":"Los campeonatos nacionales juvenil Sub 18-23 as\u00ed como el abierto, con sede en la ciudad de M\u00e9xico en junio y agosto, respectivamente, forman parte del proceso selectivo rumbo a los Juegos Panamericanos Junior de Asunci\u00f3n y los Campeonatos Mundiales de Atletismo, que se llevar\u00e1 a cabo en septiembre pr\u00f3ximo en Jap\u00f3n.","robots":{"index":"index","follow":"follow","max-snippet":"max-snippet:-1","max-image-preview":"max-image-preview:large","max-video-preview":"max-video-preview:-1"},"canonical":"https:\/\/esbozodeportivo.com\/index.php\/2025\/03\/11\/prepara-mexico-las-selecciones-rumbo-al-mundial-de-atletismo-de-japon\/","og_locale":"es_MX","og_type":"article","og_title":"Prepara M\u00e9xico las selecciones rumbo al Mundial de Atletismo de Jap\u00f3n - Esbozo Deportivo","og_description":"Los campeonatos nacionales juvenil Sub 18-23 as\u00ed como el abierto, con sede en la ciudad de M\u00e9xico en junio y agosto, respectivamente, forman parte del proceso selectivo rumbo a los Juegos Panamericanos Junior de Asunci\u00f3n y los Campeonatos Mundiales de Atletismo, que se llevar\u00e1 a cabo en septiembre pr\u00f3ximo en Jap\u00f3n.","og_url":"https:\/\/esbozodeportivo.com\/index.php\/2025\/03\/11\/prepara-mexico-las-selecciones-rumbo-al-mundial-de-atletismo-de-japon\/","og_site_name":"Esbozo Deportivo","article_published_time":"2025-03-12T01:54:41+00:00","og_image":[{"width":1066,"height":1471,"url":"https:\/\/esbozodeportivo.com\/wp-content\/uploads\/2025\/03\/IMG-20240713-WA0084.jpg","type":"image\/jpeg"}],"author":"Redacci\u00f3n","twitter_card":"summary_large_image","twitter_misc":{"Escrito por":"Redacci\u00f3n","Tiempo de lectura":"3 minutos"},"schema":{"@context":"https:\/\/schema.org","@graph":[{"@type":"Article","@id":"https:\/\/esbozodeportivo.com\/index.php\/2025\/03\/11\/prepara-mexico-las-selecciones-rumbo-al-mundial-de-atletismo-de-japon\/#article","isPartOf":{"@id":"https:\/\/esbozodeportivo.com\/index.php\/2025\/03\/11\/prepara-mexico-las-selecciones-rumbo-al-mundial-de-atletismo-de-japon\/"},"author":{"name":"Redacci\u00f3n","@id":"https:\/\/esbozodeportivo.com\/#\/schema\/person\/0f6df9196dfe6740dd0bb31bae50d374"},"headline":"Prepara M\u00e9xico las selecciones rumbo al Mundial de Atletismo de Jap\u00f3n","datePublished":"2025-03-12T01:54:41+00:00","mainEntityOfPage":{"@id":"https:\/\/esbozodeportivo.com\/index.php\/2025\/03\/11\/prepara-mexico-las-selecciones-rumbo-al-mundial-de-atletismo-de-japon\/"},"wordCount":373,"publisher":{"@id":"https:\/\/esbozodeportivo.com\/#organization"},"image":{"@id":"https:\/\/esbozodeportivo.com\/index.php\/2025\/03\/11\/prepara-mexico-las-selecciones-rumbo-al-mundial-de-atletismo-de-japon\/#primaryimage"},"thumbnailUrl":"https:\/\/esbozodeportivo.com\/wp-content\/uploads\/2025\/03\/IMG-20240713-WA0084.jpg","articleSection":["Amateur"],"inLanguage":"es"},{"@type":"WebPage","@id":"https:\/\/esbozodeportivo.com\/index.php\/2025\/03\/11\/prepara-mexico-las-selecciones-rumbo-al-mundial-de-atletismo-de-japon\/","url":"https:\/\/esbozodeportivo.com\/index.php\/2025\/03\/11\/prepara-mexico-las-selecciones-rumbo-al-mundial-de-atletismo-de-japon\/","name":"Prepara M\u00e9xico las selecciones rumbo al Mundial de Atletismo de Jap\u00f3n - Esbozo Deportivo","isPartOf":{"@id":"https:\/\/esbozodeportivo.com\/#website"},"primaryImageOfPage":{"@id":"https:\/\/esbozodeportivo.com\/index.php\/2025\/03\/11\/prepara-mexico-las-selecciones-rumbo-al-mundial-de-atletismo-de-japon\/#primaryimage"},"image":{"@id":"https:\/\/esbozodeportivo.com\/index.php\/2025\/03\/11\/prepara-mexico-las-selecciones-rumbo-al-mundial-de-atletismo-de-japon\/#primaryimage"},"thumbnailUrl":"https:\/\/esbozodeportivo.com\/wp-content\/uploads\/2025\/03\/IMG-20240713-WA0084.jpg","datePublished":"2025-03-12T01:54:41+00:00","description":"Los campeonatos nacionales juvenil Sub 18-23 as\u00ed como el abierto, con sede en la ciudad de M\u00e9xico en junio y agosto, respectivamente, forman parte del proceso selectivo rumbo a los Juegos Panamericanos Junior de Asunci\u00f3n y los Campeonatos Mundiales de Atletismo, que se llevar\u00e1 a cabo en septiembre pr\u00f3ximo en Jap\u00f3n.","breadcrumb":{"@id":"https:\/\/esbozodeportivo.com\/index.php\/2025\/03\/11\/prepara-mexico-las-selecciones-rumbo-al-mundial-de-atletismo-de-japon\/#breadcrumb"},"inLanguage":"es","potentialAction":[{"@type":"ReadAction","target":["https:\/\/esbozodeportivo.com\/index.php\/2025\/03\/11\/prepara-mexico-las-selecciones-rumbo-al-mundial-de-atletismo-de-japon\/"]}]},{"@type":"ImageObject","inLanguage":"es","@id":"https:\/\/esbozodeportivo.com\/index.php\/2025\/03\/11\/prepara-mexico-las-selecciones-rumbo-al-mundial-de-atletismo-de-japon\/#primaryimage","url":"https:\/\/esbozodeportivo.com\/wp-content\/uploads\/2025\/03\/IMG-20240713-WA0084.jpg","contentUrl":"https:\/\/esbozodeportivo.com\/wp-content\/uploads\/2025\/03\/IMG-20240713-WA0084.jpg","width":1066,"height":1471},{"@type":"BreadcrumbList","@id":"https:\/\/esbozodeportivo.com\/index.php\/2025\/03\/11\/prepara-mexico-las-selecciones-rumbo-al-mundial-de-atletismo-de-japon\/#breadcrumb","itemListElement":[{"@type":"ListItem","position":1,"name":"Inicio","item":"https:\/\/esbozodeportivo.com\/"},{"@type":"ListItem","position":2,"name":"Prepara M\u00e9xico las selecciones rumbo al Mundial de Atletismo de Jap\u00f3n"}]},{"@type":"WebSite","@id":"https:\/\/esbozodeportivo.com\/#website","url":"https:\/\/esbozodeportivo.com\/","name":"Esbozo Deportivo","description":"Lo m\u00e1s importante del Deporte","publisher":{"@id":"https:\/\/esbozodeportivo.com\/#organization"},"potentialAction":[{"@type":"SearchAction","target":{"@type":"EntryPoint","urlTemplate":"https:\/\/esbozodeportivo.com\/?s={search_term_string}"},"query-input":{"@type":"PropertyValueSpecification","valueRequired":true,"valueName":"search_term_string"}}],"inLanguage":"es"},{"@type":"Organization","@id":"https:\/\/esbozodeportivo.com\/#organization","name":"Esbozo Deportivo","url":"https:\/\/esbozodeportivo.com\/","logo":{"@type":"ImageObject","inLanguage":"es","@id":"https:\/\/esbozodeportivo.com\/#\/schema\/logo\/image\/","url":"https:\/\/esbozodeportivo.com\/wp-content\/uploads\/2022\/08\/cropped-Logo-Esbozo-Web-2.png","contentUrl":"https:\/\/esbozodeportivo.com\/wp-content\/uploads\/2022\/08\/cropped-Logo-Esbozo-Web-2.png","width":180,"height":50,"caption":"Esbozo Deportivo"},"image":{"@id":"https:\/\/esbozodeportivo.com\/#\/schema\/logo\/image\/"}},{"@type":"Person","@id":"https:\/\/esbozodeportivo.com\/#\/schema\/person\/0f6df9196dfe6740dd0bb31bae50d374","name":"Redacci\u00f3n","image":{"@type":"ImageObject","inLanguage":"es","@id":"https:\/\/esbozodeportivo.com\/#\/schema\/person\/image\/","url":"https:\/\/secure.gravatar.com\/avatar\/f55268a89c3b418f2ef172ff52ab0d09b3e653c58de29539fe329fb93d78ebf3?s=96&d=mm&r=g","contentUrl":"https:\/\/secure.gravatar.com\/avatar\/f55268a89c3b418f2ef172ff52ab0d09b3e653c58de29539fe329fb93d78ebf3?s=96&d=mm&r=g","caption":"Redacci\u00f3n"},"url":"https:\/\/esbozodeportivo.com\/index.php\/author\/redaccion\/"}]}},"jetpack_featured_media_url":"https:\/\/esbozodeportivo.com\/wp-content\/uploads\/2025\/03\/IMG-20240713-WA0084.jpg","jetpack_sharing_enabled":true,"_links":{"self":[{"href":"https:\/\/esbozodeportivo.com\/index.php\/wp-json\/wp\/v2\/posts\/6279","targetHints":{"allow":["GET"]}}],"collection":[{"href":"https:\/\/esbozodeportivo.com\/index.php\/wp-json\/wp\/v2\/posts"}],"about":[{"href":"https:\/\/esbozodeportivo.com\/index.php\/wp-json\/wp\/v2\/types\/post"}],"author":[{"embeddable":true,"href":"https:\/\/esbozodeportivo.com\/index.php\/wp-json\/wp\/v2\/users\/4"}],"replies":[{"embeddable":true,"href":"https:\/\/esbozodeportivo.com\/index.php\/wp-json\/wp\/v2\/comments?post=6279"}],"version-history":[{"count":1,"href":"https:\/\/esbozodeportivo.com\/index.php\/wp-json\/wp\/v2\/posts\/6279\/revisions"}],"predecessor-version":[{"id":6284,"href":"https:\/\/esbozodeportivo.com\/index.php\/wp-json\/wp\/v2\/posts\/6279\/revisions\/6284"}],"wp:featuredmedia":[{"embeddable":true,"href":"https:\/\/esbozodeportivo.com\/index.php\/wp-json\/wp\/v2\/media\/6283"}],"wp:attachment":[{"href":"https:\/\/esbozodeportivo.com\/index.php\/wp-json\/wp\/v2\/media?parent=6279"}],"wp:term":[{"taxonomy":"category","embeddable":true,"href":"https:\/\/esbozodeportivo.com\/index.php\/wp-json\/wp\/v2\/categories?post=6279"},{"taxonomy":"post_tag","embeddable":true,"href":"https:\/\/esbozodeportivo.com\/index.php\/wp-json\/wp\/v2\/tags?post=6279"}],"curies":[{"name":"wp","href":"https:\/\/api.w.org\/{rel}","templated":true}]}}