{"id":6291,"date":"2025-03-12T23:39:26","date_gmt":"2025-03-13T05:39:26","guid":{"rendered":"https:\/\/esbozodeportivo.com\/?p=6291"},"modified":"2025-03-12T23:39:27","modified_gmt":"2025-03-13T05:39:27","slug":"foro-sobre-inseguridad-en-las-carreteras-de-mexico-exige-adoptar-medidas-mas-rigurosas","status":"publish","type":"post","link":"https:\/\/esbozodeportivo.com\/index.php\/2025\/03\/12\/foro-sobre-inseguridad-en-las-carreteras-de-mexico-exige-adoptar-medidas-mas-rigurosas\/","title":{"rendered":"Foro sobre inseguridad en las carreteras de M\u00e9xico exige adoptar medidas m\u00e1s rigurosas"},"content":{"rendered":"\n<p>La <strong>Comisi\u00f3n de Comunicaciones y Transportes<\/strong>, que preside el diputado, <strong>V\u00edctor Manuel P\u00e9rez D\u00edaz<\/strong> <strong>(PAN),<\/strong> organiz\u00f3 el foro \u201cInseguridad de las carreteras en M\u00e9xico\u201d, cuyo prop\u00f3sito es generar un espacio de di\u00e1logo en el que los distintos sectores puedan compartir experiencias y estad\u00edsticas, para dise\u00f1ar un esquema m\u00e1s efectivo de seguridad en la red nacional de caminos.<\/p>\n\n\n\n<p>Ante representantes del <strong>Gobierno Federal<\/strong>, diputadas, diputados, integrantes de diversas c\u00e1maras y asociaciones del ramo, el diputado P\u00e9rez D\u00edaz subray\u00f3 que ante los hechos que han venido sucediendo en los \u00faltimos a\u00f1os se solicit\u00f3 a los involucrados que den sus perspectivas y testimonios, para tener conclusiones y apoyar a este sector con una pol\u00edtica p\u00fablica m\u00e1s adecuada.<\/p>\n\n\n\n<p>Dej\u00f3 en claro que este es un tema que no se ha politizado dentro de la Comisi\u00f3n, por lo que hay coincidencia en que vale m\u00e1s la tranquilidad, la paz y la seguridad de las y los mexicanos, para procurar la estabilidad y el buen camino de la econom\u00eda nacional de la que forma parte la cadena log\u00edstica del pa\u00eds y el traslado de productos que le dan vida a la sociedad.<\/p>\n\n\n\n<p><strong>P\u00e9rez D\u00edaz<\/strong> afirm\u00f3 que desde hace varios a\u00f1os se han impulsado iniciativas, entre ellas modificaciones al art\u00edculo 19 constitucional en materia de transporte de carga y se han endurecido acciones con relaci\u00f3n a las casetas en las carreteras, que est\u00e1n enmascaradas en la libertad de expresi\u00f3n, as\u00ed como en el bloque de v\u00edas f\u00e9rreas, entre otras.<\/p>\n\n\n\n<p>Al concluir, resalt\u00f3 que se trabajar\u00e1 en un documento con las conclusiones y planteamientos expresados en el foro, y que les har\u00e1 llegar a las autoridades que no estuvieron, para posteriormente adoptar las medidas necesarias.&nbsp; Enfatiz\u00f3 que tenemos una <strong>Guardia Nacional<\/strong> a la que se le dio la confianza para que se configurara como un ente de seguridad, pero algo no est\u00e1 funcionando en el sistema.<\/p>\n\n\n\n<p>En su intervenci\u00f3n, la diputada <strong>Claudia Garfias Alcantara<\/strong> <strong>(Morena)<\/strong> dijo que el transporte son las venas del pa\u00eds, ya que es lo que permite que se mueva la econom\u00eda; por ello, se deben generar nuevas estrategias para recuperar los veh\u00edculos de los ministerios p\u00fablicos, porque son tr\u00e1mites muy engorrosos y cuotas muy altas las que se imponen, lo que significa una corrupci\u00f3n que hay que atender.<\/p>\n\n\n\n<p>El diputado <strong>Emilio Manzanilla T\u00e9llez (PT)<\/strong> se\u00f1al\u00f3 que el problema de la inseguridad en carreteras radica en la corrupci\u00f3n. Indic\u00f3 que se debe a la falta de participaci\u00f3n ciudadana y a la ausencia de \u00f3rganos de control interno a nivel municipal, estatal y federal que supervisen el actuar de los polic\u00edas.<\/p>\n\n\n\n<p>De <strong>Morena,<\/strong> el diputado <strong>Ricardo Crespo Arroyo<\/strong> consider\u00f3 relevante abordar el tema de las fuerzas de seguridad de manera integral, y atenderlo de fondo en cada uno de los estados de la Rep\u00fablica. Subray\u00f3 que, desde la parte legislativa, es esencial elaborar las leyes necesarias para garantizar un enfoque eficaz y adecuado a la situaci\u00f3n.<\/p>\n\n\n\n<p>Por su parte, el general <strong>Cruz Isaac Mu\u00f1oz Navarro<\/strong>, director de <strong>Seguridad de Carreteras e Instalaciones de la Guardia Nacional,<\/strong> expuso que en 2018 cuando entr\u00f3 en operaciones este cuerpo de seguridad se presentaban 13 mil 68 robos y para 2024 se registraron 7 mil 968; no obstante, invit\u00f3 a la ciudadan\u00eda a denunciar cualquier acto de corrupci\u00f3n, pues lo que se busca es estar limpios de malos elementos.<\/p>\n\n\n\n<p><strong>Elim Luviano Heredia<\/strong>, presidente de la <strong>Comisi\u00f3n de Transporte de la Confederaci\u00f3n de C\u00e1maras Industriales<\/strong>, se\u00f1al\u00f3 que la legislaci\u00f3n debe dar certidumbre a la inversi\u00f3n, promover el desarrollo de transporte seguro y eficiente y castigar a quien atente contra el sector productivo. Adem\u00e1s, favorecer el derecho a la movilidad, facilitar la transici\u00f3n energ\u00e9tica e incentivar el desarrollo de infraestructura carretera.<\/p>\n\n\n\n<p><strong>Leonardo G\u00f3mez Vargas<\/strong>, presidente Ejecutivo de la <strong>Asociaci\u00f3n Nacional de Transporte Privado<\/strong> <strong>(ANTP),<\/strong> expuso que como usuarios del transporte de carga y empresas con flota propia, su principal inter\u00e9s es reducir el \u00edndice delictivo en las carreteras. Por ello, solicit\u00f3 fortalecer las estrategias de prevenci\u00f3n del delito y trabajar en la reconstrucci\u00f3n del tejido social.<\/p>\n\n\n\n<p>Por su parte, <strong>Miguel Ogaz\u00f3n del Abrego<\/strong>, de la <strong>Asociaci\u00f3n Nacional de Productores de Autobuses,<\/strong> <strong>Camiones y Tractocamiones (ANPACT),<\/strong> exhort\u00f3 a las autoridades a proporcionar informaci\u00f3n sobre los veh\u00edculos de pasaje y carga que circulan en el pa\u00eds, con la finalidad de que las fuerzas del orden sepan los que deben transitar por las carreteras. Tambi\u00e9n conmin\u00f3 a tener un mayor control en los veh\u00edculos importados, pesados y usados, en virtud de que el a\u00f1o pasado entraron al pa\u00eds alrededor de 30 mil unidades.<\/p>\n\n\n\n<p>En tanto, <strong>Carlos Garc\u00eda \u00c1lvarez<\/strong>, presidente nacional de la H. <strong>Alianza Mexicana de Organizaci\u00f3n de Transportistas, A.C.<\/strong>, mencion\u00f3 que uno de los problemas m\u00e1s graves que enfrentan es que la polic\u00eda estatal y municipal detiene a los transportistas y les siembran droga, de ah\u00ed que los operadores requieren garant\u00edas de seguridad para desempe\u00f1ar bien su trabajo.<\/p>\n\n\n\n<p><strong>Luis Garc\u00eda L\u00f3pez<\/strong>, director de seguridad de la <strong>C\u00e1mara Nacional de Autotransporte de Carga (CANACAR),<\/strong> expres\u00f3 su preocupaci\u00f3n por la alta incidencia delictiva en la regi\u00f3n centro del pa\u00eds, donde circula el mayor n\u00famero de unidades de carga. Destac\u00f3 que el nuevo esquema legal mejora la coordinaci\u00f3n entre las instancias del sistema y el Poder Judicial de la Federaci\u00f3n, permitiendo un intercambio de conocimientos y la adopci\u00f3n de buenas pr\u00e1cticas.<\/p>\n\n\n\n<p><\/p>\n","protected":false},"excerpt":{"rendered":"<p>La Comisi\u00f3n de Comunicaciones y Transportes, que preside el diputado, V\u00edctor Manuel P\u00e9rez D\u00edaz (PAN),<\/p>\n","protected":false},"author":4,"featured_media":6295,"comment_status":"closed","ping_status":"open","sticky":false,"template":"","format":"standard","meta":{"_jetpack_memberships_contains_paid_content":false,"footnotes":""},"categories":[36],"tags":[],"class_list":["post-6291","post","type-post","status-publish","format-standard","has-post-thumbnail","hentry","category-nacional"],"yoast_head":"<!-- This site is optimized with the Yoast SEO plugin v25.7 - https:\/\/yoast.com\/wordpress\/plugins\/seo\/ -->\n<title>Foro sobre inseguridad en las carreteras de M\u00e9xico exige adoptar medidas m\u00e1s rigurosas - Esbozo Deportivo<\/title>\n<meta name=\"description\" content=\"La Comisi\u00f3n de Comunicaciones y Transportes, que preside el diputado, V\u00edctor Manuel P\u00e9rez D\u00edaz (PAN), organiz\u00f3 el foro \u201cInseguridad de las carreteras en M\u00e9xico\u201d, cuyo prop\u00f3sito es generar un espacio de di\u00e1logo en el que los distintos sectores puedan compartir experiencias y estad\u00edsticas, para dise\u00f1ar un esquema m\u00e1s efectivo de seguridad en la red nacional de caminos.\" \/>\n<meta name=\"robots\" content=\"index, follow, max-snippet:-1, max-image-preview:large, max-video-preview:-1\" \/>\n<link rel=\"canonical\" href=\"https:\/\/esbozodeportivo.com\/index.php\/2025\/03\/12\/foro-sobre-inseguridad-en-las-carreteras-de-mexico-exige-adoptar-medidas-mas-rigurosas\/\" \/>\n<meta property=\"og:locale\" content=\"es_MX\" \/>\n<meta property=\"og:type\" content=\"article\" \/>\n<meta property=\"og:title\" content=\"Foro sobre inseguridad en las carreteras de M\u00e9xico exige adoptar medidas m\u00e1s rigurosas - Esbozo Deportivo\" \/>\n<meta property=\"og:description\" content=\"La Comisi\u00f3n de Comunicaciones y Transportes, que preside el diputado, V\u00edctor Manuel P\u00e9rez D\u00edaz (PAN), organiz\u00f3 el foro \u201cInseguridad de las carreteras en M\u00e9xico\u201d, cuyo prop\u00f3sito es generar un espacio de di\u00e1logo en el que los distintos sectores puedan compartir experiencias y estad\u00edsticas, para dise\u00f1ar un esquema m\u00e1s efectivo de seguridad en la red nacional de caminos.\" \/>\n<meta property=\"og:url\" content=\"https:\/\/esbozodeportivo.com\/index.php\/2025\/03\/12\/foro-sobre-inseguridad-en-las-carreteras-de-mexico-exige-adoptar-medidas-mas-rigurosas\/\" \/>\n<meta property=\"og:site_name\" content=\"Esbozo Deportivo\" \/>\n<meta property=\"article:published_time\" content=\"2025-03-13T05:39:26+00:00\" \/>\n<meta property=\"article:modified_time\" content=\"2025-03-13T05:39:27+00:00\" \/>\n<meta property=\"og:image\" content=\"https:\/\/esbozodeportivo.com\/wp-content\/uploads\/2025\/03\/Comunicaciones-y-Transportes.jpg\" \/>\n\t<meta property=\"og:image:width\" content=\"1600\" \/>\n\t<meta property=\"og:image:height\" content=\"1065\" \/>\n\t<meta property=\"og:image:type\" content=\"image\/jpeg\" \/>\n<meta name=\"author\" content=\"Redacci\u00f3n\" \/>\n<meta name=\"twitter:card\" content=\"summary_large_image\" \/>\n<meta name=\"twitter:label1\" content=\"Escrito por\" \/>\n\t<meta name=\"twitter:data1\" content=\"Redacci\u00f3n\" \/>\n\t<meta name=\"twitter:label2\" content=\"Tiempo de lectura\" \/>\n\t<meta name=\"twitter:data2\" content=\"5 minutos\" \/>\n<script type=\"application\/ld+json\" class=\"yoast-schema-graph\">{\"@context\":\"https:\/\/schema.org\",\"@graph\":[{\"@type\":\"Article\",\"@id\":\"https:\/\/esbozodeportivo.com\/index.php\/2025\/03\/12\/foro-sobre-inseguridad-en-las-carreteras-de-mexico-exige-adoptar-medidas-mas-rigurosas\/#article\",\"isPartOf\":{\"@id\":\"https:\/\/esbozodeportivo.com\/index.php\/2025\/03\/12\/foro-sobre-inseguridad-en-las-carreteras-de-mexico-exige-adoptar-medidas-mas-rigurosas\/\"},\"author\":{\"name\":\"Redacci\u00f3n\",\"@id\":\"https:\/\/esbozodeportivo.com\/#\/schema\/person\/0f6df9196dfe6740dd0bb31bae50d374\"},\"headline\":\"Foro sobre inseguridad en las carreteras de M\u00e9xico exige adoptar medidas m\u00e1s rigurosas\",\"datePublished\":\"2025-03-13T05:39:26+00:00\",\"dateModified\":\"2025-03-13T05:39:27+00:00\",\"mainEntityOfPage\":{\"@id\":\"https:\/\/esbozodeportivo.com\/index.php\/2025\/03\/12\/foro-sobre-inseguridad-en-las-carreteras-de-mexico-exige-adoptar-medidas-mas-rigurosas\/\"},\"wordCount\":971,\"publisher\":{\"@id\":\"https:\/\/esbozodeportivo.com\/#organization\"},\"image\":{\"@id\":\"https:\/\/esbozodeportivo.com\/index.php\/2025\/03\/12\/foro-sobre-inseguridad-en-las-carreteras-de-mexico-exige-adoptar-medidas-mas-rigurosas\/#primaryimage\"},\"thumbnailUrl\":\"https:\/\/esbozodeportivo.com\/wp-content\/uploads\/2025\/03\/Comunicaciones-y-Transportes.jpg\",\"articleSection\":[\"Nacional\"],\"inLanguage\":\"es\"},{\"@type\":\"WebPage\",\"@id\":\"https:\/\/esbozodeportivo.com\/index.php\/2025\/03\/12\/foro-sobre-inseguridad-en-las-carreteras-de-mexico-exige-adoptar-medidas-mas-rigurosas\/\",\"url\":\"https:\/\/esbozodeportivo.com\/index.php\/2025\/03\/12\/foro-sobre-inseguridad-en-las-carreteras-de-mexico-exige-adoptar-medidas-mas-rigurosas\/\",\"name\":\"Foro sobre inseguridad en las carreteras de M\u00e9xico exige adoptar medidas m\u00e1s rigurosas - Esbozo Deportivo\",\"isPartOf\":{\"@id\":\"https:\/\/esbozodeportivo.com\/#website\"},\"primaryImageOfPage\":{\"@id\":\"https:\/\/esbozodeportivo.com\/index.php\/2025\/03\/12\/foro-sobre-inseguridad-en-las-carreteras-de-mexico-exige-adoptar-medidas-mas-rigurosas\/#primaryimage\"},\"image\":{\"@id\":\"https:\/\/esbozodeportivo.com\/index.php\/2025\/03\/12\/foro-sobre-inseguridad-en-las-carreteras-de-mexico-exige-adoptar-medidas-mas-rigurosas\/#primaryimage\"},\"thumbnailUrl\":\"https:\/\/esbozodeportivo.com\/wp-content\/uploads\/2025\/03\/Comunicaciones-y-Transportes.jpg\",\"datePublished\":\"2025-03-13T05:39:26+00:00\",\"dateModified\":\"2025-03-13T05:39:27+00:00\",\"description\":\"La Comisi\u00f3n de Comunicaciones y Transportes, que preside el diputado, V\u00edctor Manuel P\u00e9rez D\u00edaz (PAN), organiz\u00f3 el foro \u201cInseguridad de las carreteras en M\u00e9xico\u201d, cuyo prop\u00f3sito es generar un espacio de di\u00e1logo en el que los distintos sectores puedan compartir experiencias y estad\u00edsticas, para dise\u00f1ar un esquema m\u00e1s efectivo de seguridad en la red nacional de caminos.\",\"breadcrumb\":{\"@id\":\"https:\/\/esbozodeportivo.com\/index.php\/2025\/03\/12\/foro-sobre-inseguridad-en-las-carreteras-de-mexico-exige-adoptar-medidas-mas-rigurosas\/#breadcrumb\"},\"inLanguage\":\"es\",\"potentialAction\":[{\"@type\":\"ReadAction\",\"target\":[\"https:\/\/esbozodeportivo.com\/index.php\/2025\/03\/12\/foro-sobre-inseguridad-en-las-carreteras-de-mexico-exige-adoptar-medidas-mas-rigurosas\/\"]}]},{\"@type\":\"ImageObject\",\"inLanguage\":\"es\",\"@id\":\"https:\/\/esbozodeportivo.com\/index.php\/2025\/03\/12\/foro-sobre-inseguridad-en-las-carreteras-de-mexico-exige-adoptar-medidas-mas-rigurosas\/#primaryimage\",\"url\":\"https:\/\/esbozodeportivo.com\/wp-content\/uploads\/2025\/03\/Comunicaciones-y-Transportes.jpg\",\"contentUrl\":\"https:\/\/esbozodeportivo.com\/wp-content\/uploads\/2025\/03\/Comunicaciones-y-Transportes.jpg\",\"width\":1600,\"height\":1065},{\"@type\":\"BreadcrumbList\",\"@id\":\"https:\/\/esbozodeportivo.com\/index.php\/2025\/03\/12\/foro-sobre-inseguridad-en-las-carreteras-de-mexico-exige-adoptar-medidas-mas-rigurosas\/#breadcrumb\",\"itemListElement\":[{\"@type\":\"ListItem\",\"position\":1,\"name\":\"Inicio\",\"item\":\"https:\/\/esbozodeportivo.com\/\"},{\"@type\":\"ListItem\",\"position\":2,\"name\":\"Foro sobre inseguridad en las carreteras de M\u00e9xico exige adoptar medidas m\u00e1s rigurosas\"}]},{\"@type\":\"WebSite\",\"@id\":\"https:\/\/esbozodeportivo.com\/#website\",\"url\":\"https:\/\/esbozodeportivo.com\/\",\"name\":\"Esbozo Deportivo\",\"description\":\"Lo m\u00e1s importante del Deporte\",\"publisher\":{\"@id\":\"https:\/\/esbozodeportivo.com\/#organization\"},\"potentialAction\":[{\"@type\":\"SearchAction\",\"target\":{\"@type\":\"EntryPoint\",\"urlTemplate\":\"https:\/\/esbozodeportivo.com\/?s={search_term_string}\"},\"query-input\":{\"@type\":\"PropertyValueSpecification\",\"valueRequired\":true,\"valueName\":\"search_term_string\"}}],\"inLanguage\":\"es\"},{\"@type\":\"Organization\",\"@id\":\"https:\/\/esbozodeportivo.com\/#organization\",\"name\":\"Esbozo Deportivo\",\"url\":\"https:\/\/esbozodeportivo.com\/\",\"logo\":{\"@type\":\"ImageObject\",\"inLanguage\":\"es\",\"@id\":\"https:\/\/esbozodeportivo.com\/#\/schema\/logo\/image\/\",\"url\":\"https:\/\/esbozodeportivo.com\/wp-content\/uploads\/2022\/08\/cropped-Logo-Esbozo-Web-2.png\",\"contentUrl\":\"https:\/\/esbozodeportivo.com\/wp-content\/uploads\/2022\/08\/cropped-Logo-Esbozo-Web-2.png\",\"width\":180,\"height\":50,\"caption\":\"Esbozo Deportivo\"},\"image\":{\"@id\":\"https:\/\/esbozodeportivo.com\/#\/schema\/logo\/image\/\"}},{\"@type\":\"Person\",\"@id\":\"https:\/\/esbozodeportivo.com\/#\/schema\/person\/0f6df9196dfe6740dd0bb31bae50d374\",\"name\":\"Redacci\u00f3n\",\"image\":{\"@type\":\"ImageObject\",\"inLanguage\":\"es\",\"@id\":\"https:\/\/esbozodeportivo.com\/#\/schema\/person\/image\/\",\"url\":\"https:\/\/secure.gravatar.com\/avatar\/f55268a89c3b418f2ef172ff52ab0d09b3e653c58de29539fe329fb93d78ebf3?s=96&d=mm&r=g\",\"contentUrl\":\"https:\/\/secure.gravatar.com\/avatar\/f55268a89c3b418f2ef172ff52ab0d09b3e653c58de29539fe329fb93d78ebf3?s=96&d=mm&r=g\",\"caption\":\"Redacci\u00f3n\"},\"url\":\"https:\/\/esbozodeportivo.com\/index.php\/author\/redaccion\/\"}]}<\/script>\n<!-- \/ Yoast SEO plugin. -->","yoast_head_json":{"title":"Foro sobre inseguridad en las carreteras de M\u00e9xico exige adoptar medidas m\u00e1s rigurosas - Esbozo Deportivo","description":"La Comisi\u00f3n de Comunicaciones y Transportes, que preside el diputado, V\u00edctor Manuel P\u00e9rez D\u00edaz (PAN), organiz\u00f3 el foro \u201cInseguridad de las carreteras en M\u00e9xico\u201d, cuyo prop\u00f3sito es generar un espacio de di\u00e1logo en el que los distintos sectores puedan compartir experiencias y estad\u00edsticas, para dise\u00f1ar un esquema m\u00e1s efectivo de seguridad en la red nacional de caminos.","robots":{"index":"index","follow":"follow","max-snippet":"max-snippet:-1","max-image-preview":"max-image-preview:large","max-video-preview":"max-video-preview:-1"},"canonical":"https:\/\/esbozodeportivo.com\/index.php\/2025\/03\/12\/foro-sobre-inseguridad-en-las-carreteras-de-mexico-exige-adoptar-medidas-mas-rigurosas\/","og_locale":"es_MX","og_type":"article","og_title":"Foro sobre inseguridad en las carreteras de M\u00e9xico exige adoptar medidas m\u00e1s rigurosas - Esbozo Deportivo","og_description":"La Comisi\u00f3n de Comunicaciones y Transportes, que preside el diputado, V\u00edctor Manuel P\u00e9rez D\u00edaz (PAN), organiz\u00f3 el foro \u201cInseguridad de las carreteras en M\u00e9xico\u201d, cuyo prop\u00f3sito es generar un espacio de di\u00e1logo en el que los distintos sectores puedan compartir experiencias y estad\u00edsticas, para dise\u00f1ar un esquema m\u00e1s efectivo de seguridad en la red nacional de caminos.","og_url":"https:\/\/esbozodeportivo.com\/index.php\/2025\/03\/12\/foro-sobre-inseguridad-en-las-carreteras-de-mexico-exige-adoptar-medidas-mas-rigurosas\/","og_site_name":"Esbozo Deportivo","article_published_time":"2025-03-13T05:39:26+00:00","article_modified_time":"2025-03-13T05:39:27+00:00","og_image":[{"width":1600,"height":1065,"url":"https:\/\/esbozodeportivo.com\/wp-content\/uploads\/2025\/03\/Comunicaciones-y-Transportes.jpg","type":"image\/jpeg"}],"author":"Redacci\u00f3n","twitter_card":"summary_large_image","twitter_misc":{"Escrito por":"Redacci\u00f3n","Tiempo de lectura":"5 minutos"},"schema":{"@context":"https:\/\/schema.org","@graph":[{"@type":"Article","@id":"https:\/\/esbozodeportivo.com\/index.php\/2025\/03\/12\/foro-sobre-inseguridad-en-las-carreteras-de-mexico-exige-adoptar-medidas-mas-rigurosas\/#article","isPartOf":{"@id":"https:\/\/esbozodeportivo.com\/index.php\/2025\/03\/12\/foro-sobre-inseguridad-en-las-carreteras-de-mexico-exige-adoptar-medidas-mas-rigurosas\/"},"author":{"name":"Redacci\u00f3n","@id":"https:\/\/esbozodeportivo.com\/#\/schema\/person\/0f6df9196dfe6740dd0bb31bae50d374"},"headline":"Foro sobre inseguridad en las carreteras de M\u00e9xico exige adoptar medidas m\u00e1s rigurosas","datePublished":"2025-03-13T05:39:26+00:00","dateModified":"2025-03-13T05:39:27+00:00","mainEntityOfPage":{"@id":"https:\/\/esbozodeportivo.com\/index.php\/2025\/03\/12\/foro-sobre-inseguridad-en-las-carreteras-de-mexico-exige-adoptar-medidas-mas-rigurosas\/"},"wordCount":971,"publisher":{"@id":"https:\/\/esbozodeportivo.com\/#organization"},"image":{"@id":"https:\/\/esbozodeportivo.com\/index.php\/2025\/03\/12\/foro-sobre-inseguridad-en-las-carreteras-de-mexico-exige-adoptar-medidas-mas-rigurosas\/#primaryimage"},"thumbnailUrl":"https:\/\/esbozodeportivo.com\/wp-content\/uploads\/2025\/03\/Comunicaciones-y-Transportes.jpg","articleSection":["Nacional"],"inLanguage":"es"},{"@type":"WebPage","@id":"https:\/\/esbozodeportivo.com\/index.php\/2025\/03\/12\/foro-sobre-inseguridad-en-las-carreteras-de-mexico-exige-adoptar-medidas-mas-rigurosas\/","url":"https:\/\/esbozodeportivo.com\/index.php\/2025\/03\/12\/foro-sobre-inseguridad-en-las-carreteras-de-mexico-exige-adoptar-medidas-mas-rigurosas\/","name":"Foro sobre inseguridad en las carreteras de M\u00e9xico exige adoptar medidas m\u00e1s rigurosas - Esbozo Deportivo","isPartOf":{"@id":"https:\/\/esbozodeportivo.com\/#website"},"primaryImageOfPage":{"@id":"https:\/\/esbozodeportivo.com\/index.php\/2025\/03\/12\/foro-sobre-inseguridad-en-las-carreteras-de-mexico-exige-adoptar-medidas-mas-rigurosas\/#primaryimage"},"image":{"@id":"https:\/\/esbozodeportivo.com\/index.php\/2025\/03\/12\/foro-sobre-inseguridad-en-las-carreteras-de-mexico-exige-adoptar-medidas-mas-rigurosas\/#primaryimage"},"thumbnailUrl":"https:\/\/esbozodeportivo.com\/wp-content\/uploads\/2025\/03\/Comunicaciones-y-Transportes.jpg","datePublished":"2025-03-13T05:39:26+00:00","dateModified":"2025-03-13T05:39:27+00:00","description":"La Comisi\u00f3n de Comunicaciones y Transportes, que preside el diputado, V\u00edctor Manuel P\u00e9rez D\u00edaz (PAN), organiz\u00f3 el foro \u201cInseguridad de las carreteras en M\u00e9xico\u201d, cuyo prop\u00f3sito es generar un espacio de di\u00e1logo en el que los distintos sectores puedan compartir experiencias y estad\u00edsticas, para dise\u00f1ar un esquema m\u00e1s efectivo de seguridad en la red nacional de caminos.","breadcrumb":{"@id":"https:\/\/esbozodeportivo.com\/index.php\/2025\/03\/12\/foro-sobre-inseguridad-en-las-carreteras-de-mexico-exige-adoptar-medidas-mas-rigurosas\/#breadcrumb"},"inLanguage":"es","potentialAction":[{"@type":"ReadAction","target":["https:\/\/esbozodeportivo.com\/index.php\/2025\/03\/12\/foro-sobre-inseguridad-en-las-carreteras-de-mexico-exige-adoptar-medidas-mas-rigurosas\/"]}]},{"@type":"ImageObject","inLanguage":"es","@id":"https:\/\/esbozodeportivo.com\/index.php\/2025\/03\/12\/foro-sobre-inseguridad-en-las-carreteras-de-mexico-exige-adoptar-medidas-mas-rigurosas\/#primaryimage","url":"https:\/\/esbozodeportivo.com\/wp-content\/uploads\/2025\/03\/Comunicaciones-y-Transportes.jpg","contentUrl":"https:\/\/esbozodeportivo.com\/wp-content\/uploads\/2025\/03\/Comunicaciones-y-Transportes.jpg","width":1600,"height":1065},{"@type":"BreadcrumbList","@id":"https:\/\/esbozodeportivo.com\/index.php\/2025\/03\/12\/foro-sobre-inseguridad-en-las-carreteras-de-mexico-exige-adoptar-medidas-mas-rigurosas\/#breadcrumb","itemListElement":[{"@type":"ListItem","position":1,"name":"Inicio","item":"https:\/\/esbozodeportivo.com\/"},{"@type":"ListItem","position":2,"name":"Foro sobre inseguridad en las carreteras de M\u00e9xico exige adoptar medidas m\u00e1s rigurosas"}]},{"@type":"WebSite","@id":"https:\/\/esbozodeportivo.com\/#website","url":"https:\/\/esbozodeportivo.com\/","name":"Esbozo Deportivo","description":"Lo m\u00e1s importante del Deporte","publisher":{"@id":"https:\/\/esbozodeportivo.com\/#organization"},"potentialAction":[{"@type":"SearchAction","target":{"@type":"EntryPoint","urlTemplate":"https:\/\/esbozodeportivo.com\/?s={search_term_string}"},"query-input":{"@type":"PropertyValueSpecification","valueRequired":true,"valueName":"search_term_string"}}],"inLanguage":"es"},{"@type":"Organization","@id":"https:\/\/esbozodeportivo.com\/#organization","name":"Esbozo Deportivo","url":"https:\/\/esbozodeportivo.com\/","logo":{"@type":"ImageObject","inLanguage":"es","@id":"https:\/\/esbozodeportivo.com\/#\/schema\/logo\/image\/","url":"https:\/\/esbozodeportivo.com\/wp-content\/uploads\/2022\/08\/cropped-Logo-Esbozo-Web-2.png","contentUrl":"https:\/\/esbozodeportivo.com\/wp-content\/uploads\/2022\/08\/cropped-Logo-Esbozo-Web-2.png","width":180,"height":50,"caption":"Esbozo Deportivo"},"image":{"@id":"https:\/\/esbozodeportivo.com\/#\/schema\/logo\/image\/"}},{"@type":"Person","@id":"https:\/\/esbozodeportivo.com\/#\/schema\/person\/0f6df9196dfe6740dd0bb31bae50d374","name":"Redacci\u00f3n","image":{"@type":"ImageObject","inLanguage":"es","@id":"https:\/\/esbozodeportivo.com\/#\/schema\/person\/image\/","url":"https:\/\/secure.gravatar.com\/avatar\/f55268a89c3b418f2ef172ff52ab0d09b3e653c58de29539fe329fb93d78ebf3?s=96&d=mm&r=g","contentUrl":"https:\/\/secure.gravatar.com\/avatar\/f55268a89c3b418f2ef172ff52ab0d09b3e653c58de29539fe329fb93d78ebf3?s=96&d=mm&r=g","caption":"Redacci\u00f3n"},"url":"https:\/\/esbozodeportivo.com\/index.php\/author\/redaccion\/"}]}},"jetpack_featured_media_url":"https:\/\/esbozodeportivo.com\/wp-content\/uploads\/2025\/03\/Comunicaciones-y-Transportes.jpg","jetpack_sharing_enabled":true,"_links":{"self":[{"href":"https:\/\/esbozodeportivo.com\/index.php\/wp-json\/wp\/v2\/posts\/6291","targetHints":{"allow":["GET"]}}],"collection":[{"href":"https:\/\/esbozodeportivo.com\/index.php\/wp-json\/wp\/v2\/posts"}],"about":[{"href":"https:\/\/esbozodeportivo.com\/index.php\/wp-json\/wp\/v2\/types\/post"}],"author":[{"embeddable":true,"href":"https:\/\/esbozodeportivo.com\/index.php\/wp-json\/wp\/v2\/users\/4"}],"replies":[{"embeddable":true,"href":"https:\/\/esbozodeportivo.com\/index.php\/wp-json\/wp\/v2\/comments?post=6291"}],"version-history":[{"count":1,"href":"https:\/\/esbozodeportivo.com\/index.php\/wp-json\/wp\/v2\/posts\/6291\/revisions"}],"predecessor-version":[{"id":6300,"href":"https:\/\/esbozodeportivo.com\/index.php\/wp-json\/wp\/v2\/posts\/6291\/revisions\/6300"}],"wp:featuredmedia":[{"embeddable":true,"href":"https:\/\/esbozodeportivo.com\/index.php\/wp-json\/wp\/v2\/media\/6295"}],"wp:attachment":[{"href":"https:\/\/esbozodeportivo.com\/index.php\/wp-json\/wp\/v2\/media?parent=6291"}],"wp:term":[{"taxonomy":"category","embeddable":true,"href":"https:\/\/esbozodeportivo.com\/index.php\/wp-json\/wp\/v2\/categories?post=6291"},{"taxonomy":"post_tag","embeddable":true,"href":"https:\/\/esbozodeportivo.com\/index.php\/wp-json\/wp\/v2\/tags?post=6291"}],"curies":[{"name":"wp","href":"https:\/\/api.w.org\/{rel}","templated":true}]}}