{"id":6305,"date":"2025-03-12T23:44:30","date_gmt":"2025-03-13T05:44:30","guid":{"rendered":"https:\/\/esbozodeportivo.com\/?p=6305"},"modified":"2025-03-12T23:44:30","modified_gmt":"2025-03-13T05:44:30","slug":"presentan-en-el-congreso-de-la-union-el-libro-america-sin-tilde-de-fernando-valverde","status":"publish","type":"post","link":"https:\/\/esbozodeportivo.com\/index.php\/2025\/03\/12\/presentan-en-el-congreso-de-la-union-el-libro-america-sin-tilde-de-fernando-valverde\/","title":{"rendered":"Presentan en el Congreso de la Uni\u00f3n, el libro \u201cAmerica\u201d (sin tilde), de Fernando Valverde"},"content":{"rendered":"\n<p>La <strong>C\u00e1mara de Diputados<\/strong>, a trav\u00e9s del <strong>Espacio Cultural San L\u00e1zaro<\/strong>, que dirige <strong>El\u00edas Robles Andrade<\/strong>, present\u00f3 el libro <strong>\u201cAmerica\u201d<\/strong> (sin tilde), del autor <strong>Fernando Valverde<\/strong>.<\/p>\n\n\n\n<p>En el marco del Mes de la Poes\u00eda, en la <strong>Biblioteca General del Congreso de la Uni\u00f3n<\/strong>, ubicada en el <strong>Centro Hist\u00f3rico de la Ciudad de M\u00e9xico,<\/strong> se llevan a cabo expresiones editoriales de autores internacionales.<\/p>\n\n\n\n<p><strong>Robles Andrade<\/strong> puntualiz\u00f3 que de ese nivel son los poetas y artistas que se han presentado en dicho programa, siendo en este caso con el libro <strong>\u201cAmerica\u201d. \u201cPor favor<\/strong>, no dejen de invitar a su familia, amigos, conocidos; es un privilegio que estemos recibiendo estos grandes talentos\u201d.<\/p>\n\n\n\n<p>Destac\u00f3 que m\u00e1s de 200 cr\u00edticos y expertos en literatura de las mejores universidades del mundo, entre ellas la <strong>UNAM,<\/strong> <strong>Oxford, Princeton<\/strong> y <strong>Harvard<\/strong> consideran que Fernando Valverde es el mejor poeta contempor\u00e1neo b\u00e1sicamente de lengua castellana.<\/p>\n\n\n\n<p><strong>Tania Hern\u00e1ndez Cervantes<\/strong>, investigadora y colaboradora del <strong>Espacio Cultural San L\u00e1zaro<\/strong>, explic\u00f3 que en el contexto del <strong>Mes de la Poes\u00eda<\/strong> se insert\u00f3 el programa de Poes\u00eda del Mundo en donde traemos a autores y literatos de diferentes latitudes que comparten lo que han escrito recientemente.<\/p>\n\n\n\n<p>\u201cEsta tarde nos volvemos a poner de lujo, nos volvemos a poner de manteles largos con la presencia de Fernando Valverde, un poeta imprescindible\u201d, resalt\u00f3.&nbsp;<\/p>\n\n\n\n<p><strong>Jos\u00e9 Luis Mart\u00ednez Salazar<\/strong>, director del semanario cultural Laberinto, del Diario Milenio, indic\u00f3 que este libro versa sobre la historia de Estados Unidos de Am\u00e9rica, llena de contradicciones sobre un imperio que guarda en su interior haza\u00f1as y cr\u00edmenes que ha propiciado el exterminio de pueblos originarios en su territorio y participado en guerras en lugares lejanos.<\/p>\n\n\n\n<p>&nbsp;Sin embargo, tambi\u00e9n se ha vuelto escenario de luchas heroicas por los derechos civiles, la igualdad y la paz, sue\u00f1os que desbaratan los intereses econ\u00f3micos y ponen fin a los delirios de quienes se empe\u00f1an en uniformar el pensamiento y condenar a los herejes.<\/p>\n\n\n\n<p>&nbsp;\u201cEsta es la historia que nos cuenta Fernando Valverde en \u201cAmerica\u201d (sin tilde), como precisa \u00e9l y como la escriben en Estados Unidos en su apropiaci\u00f3n de un sustantivo que en rigor denomina a todo un continente.<\/p>\n\n\n\n<p>Es un poema narrativo como lo fue la poes\u00eda en su origen. No hay que olvidar que la poes\u00eda comienza contando historias y lo que nos cuenta Fernando Valverde en el libro es el relato de un pa\u00eds que viene desde el pasado a trav\u00e9s de diferentes episodios y llega hasta nuestros d\u00edas\u201d.<\/p>\n\n\n\n<p>Por su parte, Fernando Valverde agradeci\u00f3 a las autoridades de la C\u00e1mara de Diputados por apoyar la poes\u00eda, ya que es realmente muy dif\u00edcil encontrar espacios.<\/p>\n\n\n\n<p><\/p>\n","protected":false},"excerpt":{"rendered":"<p>La C\u00e1mara de Diputados, a trav\u00e9s del Espacio Cultural San L\u00e1zaro, que dirige El\u00edas Robles<\/p>\n","protected":false},"author":4,"featured_media":6292,"comment_status":"closed","ping_status":"open","sticky":false,"template":"","format":"standard","meta":{"_jetpack_memberships_contains_paid_content":false,"footnotes":""},"categories":[36],"tags":[],"class_list":["post-6305","post","type-post","status-publish","format-standard","has-post-thumbnail","hentry","category-nacional"],"yoast_head":"<!-- This site is optimized with the Yoast SEO plugin v25.7 - https:\/\/yoast.com\/wordpress\/plugins\/seo\/ -->\n<title>Presentan en el Congreso de la Uni\u00f3n, el libro \u201cAmerica\u201d (sin tilde), de Fernando Valverde - Esbozo Deportivo<\/title>\n<meta name=\"description\" content=\"La C\u00e1mara de Diputados, a trav\u00e9s del Espacio Cultural San L\u00e1zaro, que dirige El\u00edas Robles Andrade, present\u00f3 el libro \u201cAmerica\u201d (sin tilde), del autor Fernando Valverde.\" \/>\n<meta name=\"robots\" content=\"index, follow, max-snippet:-1, max-image-preview:large, max-video-preview:-1\" \/>\n<link rel=\"canonical\" href=\"https:\/\/esbozodeportivo.com\/index.php\/2025\/03\/12\/presentan-en-el-congreso-de-la-union-el-libro-america-sin-tilde-de-fernando-valverde\/\" \/>\n<meta property=\"og:locale\" content=\"es_MX\" \/>\n<meta property=\"og:type\" content=\"article\" \/>\n<meta property=\"og:title\" content=\"Presentan en el Congreso de la Uni\u00f3n, el libro \u201cAmerica\u201d (sin tilde), de Fernando Valverde - Esbozo Deportivo\" \/>\n<meta property=\"og:description\" content=\"La C\u00e1mara de Diputados, a trav\u00e9s del Espacio Cultural San L\u00e1zaro, que dirige El\u00edas Robles Andrade, present\u00f3 el libro \u201cAmerica\u201d (sin tilde), del autor Fernando Valverde.\" \/>\n<meta property=\"og:url\" content=\"https:\/\/esbozodeportivo.com\/index.php\/2025\/03\/12\/presentan-en-el-congreso-de-la-union-el-libro-america-sin-tilde-de-fernando-valverde\/\" \/>\n<meta property=\"og:site_name\" content=\"Esbozo Deportivo\" \/>\n<meta property=\"article:published_time\" content=\"2025-03-13T05:44:30+00:00\" \/>\n<meta property=\"og:image\" content=\"https:\/\/esbozodeportivo.com\/wp-content\/uploads\/2025\/03\/Biblioteca-general-1064.jpg\" \/>\n\t<meta property=\"og:image:width\" content=\"1600\" \/>\n\t<meta property=\"og:image:height\" content=\"1065\" \/>\n\t<meta property=\"og:image:type\" content=\"image\/jpeg\" \/>\n<meta name=\"author\" content=\"Redacci\u00f3n\" \/>\n<meta name=\"twitter:card\" content=\"summary_large_image\" \/>\n<meta name=\"twitter:label1\" content=\"Escrito por\" \/>\n\t<meta name=\"twitter:data1\" content=\"Redacci\u00f3n\" \/>\n\t<meta name=\"twitter:label2\" content=\"Tiempo de lectura\" \/>\n\t<meta name=\"twitter:data2\" content=\"3 minutos\" \/>\n<script type=\"application\/ld+json\" class=\"yoast-schema-graph\">{\"@context\":\"https:\/\/schema.org\",\"@graph\":[{\"@type\":\"Article\",\"@id\":\"https:\/\/esbozodeportivo.com\/index.php\/2025\/03\/12\/presentan-en-el-congreso-de-la-union-el-libro-america-sin-tilde-de-fernando-valverde\/#article\",\"isPartOf\":{\"@id\":\"https:\/\/esbozodeportivo.com\/index.php\/2025\/03\/12\/presentan-en-el-congreso-de-la-union-el-libro-america-sin-tilde-de-fernando-valverde\/\"},\"author\":{\"name\":\"Redacci\u00f3n\",\"@id\":\"https:\/\/esbozodeportivo.com\/#\/schema\/person\/0f6df9196dfe6740dd0bb31bae50d374\"},\"headline\":\"Presentan en el Congreso de la Uni\u00f3n, el libro \u201cAmerica\u201d (sin tilde), de Fernando Valverde\",\"datePublished\":\"2025-03-13T05:44:30+00:00\",\"mainEntityOfPage\":{\"@id\":\"https:\/\/esbozodeportivo.com\/index.php\/2025\/03\/12\/presentan-en-el-congreso-de-la-union-el-libro-america-sin-tilde-de-fernando-valverde\/\"},\"wordCount\":485,\"publisher\":{\"@id\":\"https:\/\/esbozodeportivo.com\/#organization\"},\"image\":{\"@id\":\"https:\/\/esbozodeportivo.com\/index.php\/2025\/03\/12\/presentan-en-el-congreso-de-la-union-el-libro-america-sin-tilde-de-fernando-valverde\/#primaryimage\"},\"thumbnailUrl\":\"https:\/\/esbozodeportivo.com\/wp-content\/uploads\/2025\/03\/Biblioteca-general-1064.jpg\",\"articleSection\":[\"Nacional\"],\"inLanguage\":\"es\"},{\"@type\":\"WebPage\",\"@id\":\"https:\/\/esbozodeportivo.com\/index.php\/2025\/03\/12\/presentan-en-el-congreso-de-la-union-el-libro-america-sin-tilde-de-fernando-valverde\/\",\"url\":\"https:\/\/esbozodeportivo.com\/index.php\/2025\/03\/12\/presentan-en-el-congreso-de-la-union-el-libro-america-sin-tilde-de-fernando-valverde\/\",\"name\":\"Presentan en el Congreso de la Uni\u00f3n, el libro \u201cAmerica\u201d (sin tilde), de Fernando Valverde - Esbozo Deportivo\",\"isPartOf\":{\"@id\":\"https:\/\/esbozodeportivo.com\/#website\"},\"primaryImageOfPage\":{\"@id\":\"https:\/\/esbozodeportivo.com\/index.php\/2025\/03\/12\/presentan-en-el-congreso-de-la-union-el-libro-america-sin-tilde-de-fernando-valverde\/#primaryimage\"},\"image\":{\"@id\":\"https:\/\/esbozodeportivo.com\/index.php\/2025\/03\/12\/presentan-en-el-congreso-de-la-union-el-libro-america-sin-tilde-de-fernando-valverde\/#primaryimage\"},\"thumbnailUrl\":\"https:\/\/esbozodeportivo.com\/wp-content\/uploads\/2025\/03\/Biblioteca-general-1064.jpg\",\"datePublished\":\"2025-03-13T05:44:30+00:00\",\"description\":\"La C\u00e1mara de Diputados, a trav\u00e9s del Espacio Cultural San L\u00e1zaro, que dirige El\u00edas Robles Andrade, present\u00f3 el libro \u201cAmerica\u201d (sin tilde), del autor Fernando Valverde.\",\"breadcrumb\":{\"@id\":\"https:\/\/esbozodeportivo.com\/index.php\/2025\/03\/12\/presentan-en-el-congreso-de-la-union-el-libro-america-sin-tilde-de-fernando-valverde\/#breadcrumb\"},\"inLanguage\":\"es\",\"potentialAction\":[{\"@type\":\"ReadAction\",\"target\":[\"https:\/\/esbozodeportivo.com\/index.php\/2025\/03\/12\/presentan-en-el-congreso-de-la-union-el-libro-america-sin-tilde-de-fernando-valverde\/\"]}]},{\"@type\":\"ImageObject\",\"inLanguage\":\"es\",\"@id\":\"https:\/\/esbozodeportivo.com\/index.php\/2025\/03\/12\/presentan-en-el-congreso-de-la-union-el-libro-america-sin-tilde-de-fernando-valverde\/#primaryimage\",\"url\":\"https:\/\/esbozodeportivo.com\/wp-content\/uploads\/2025\/03\/Biblioteca-general-1064.jpg\",\"contentUrl\":\"https:\/\/esbozodeportivo.com\/wp-content\/uploads\/2025\/03\/Biblioteca-general-1064.jpg\",\"width\":1600,\"height\":1065},{\"@type\":\"BreadcrumbList\",\"@id\":\"https:\/\/esbozodeportivo.com\/index.php\/2025\/03\/12\/presentan-en-el-congreso-de-la-union-el-libro-america-sin-tilde-de-fernando-valverde\/#breadcrumb\",\"itemListElement\":[{\"@type\":\"ListItem\",\"position\":1,\"name\":\"Inicio\",\"item\":\"https:\/\/esbozodeportivo.com\/\"},{\"@type\":\"ListItem\",\"position\":2,\"name\":\"Presentan en el Congreso de la Uni\u00f3n, el libro \u201cAmerica\u201d (sin tilde), de Fernando Valverde\"}]},{\"@type\":\"WebSite\",\"@id\":\"https:\/\/esbozodeportivo.com\/#website\",\"url\":\"https:\/\/esbozodeportivo.com\/\",\"name\":\"Esbozo Deportivo\",\"description\":\"Lo m\u00e1s importante del Deporte\",\"publisher\":{\"@id\":\"https:\/\/esbozodeportivo.com\/#organization\"},\"potentialAction\":[{\"@type\":\"SearchAction\",\"target\":{\"@type\":\"EntryPoint\",\"urlTemplate\":\"https:\/\/esbozodeportivo.com\/?s={search_term_string}\"},\"query-input\":{\"@type\":\"PropertyValueSpecification\",\"valueRequired\":true,\"valueName\":\"search_term_string\"}}],\"inLanguage\":\"es\"},{\"@type\":\"Organization\",\"@id\":\"https:\/\/esbozodeportivo.com\/#organization\",\"name\":\"Esbozo Deportivo\",\"url\":\"https:\/\/esbozodeportivo.com\/\",\"logo\":{\"@type\":\"ImageObject\",\"inLanguage\":\"es\",\"@id\":\"https:\/\/esbozodeportivo.com\/#\/schema\/logo\/image\/\",\"url\":\"https:\/\/esbozodeportivo.com\/wp-content\/uploads\/2022\/08\/cropped-Logo-Esbozo-Web-2.png\",\"contentUrl\":\"https:\/\/esbozodeportivo.com\/wp-content\/uploads\/2022\/08\/cropped-Logo-Esbozo-Web-2.png\",\"width\":180,\"height\":50,\"caption\":\"Esbozo Deportivo\"},\"image\":{\"@id\":\"https:\/\/esbozodeportivo.com\/#\/schema\/logo\/image\/\"}},{\"@type\":\"Person\",\"@id\":\"https:\/\/esbozodeportivo.com\/#\/schema\/person\/0f6df9196dfe6740dd0bb31bae50d374\",\"name\":\"Redacci\u00f3n\",\"image\":{\"@type\":\"ImageObject\",\"inLanguage\":\"es\",\"@id\":\"https:\/\/esbozodeportivo.com\/#\/schema\/person\/image\/\",\"url\":\"https:\/\/secure.gravatar.com\/avatar\/f55268a89c3b418f2ef172ff52ab0d09b3e653c58de29539fe329fb93d78ebf3?s=96&d=mm&r=g\",\"contentUrl\":\"https:\/\/secure.gravatar.com\/avatar\/f55268a89c3b418f2ef172ff52ab0d09b3e653c58de29539fe329fb93d78ebf3?s=96&d=mm&r=g\",\"caption\":\"Redacci\u00f3n\"},\"url\":\"https:\/\/esbozodeportivo.com\/index.php\/author\/redaccion\/\"}]}<\/script>\n<!-- \/ Yoast SEO plugin. -->","yoast_head_json":{"title":"Presentan en el Congreso de la Uni\u00f3n, el libro \u201cAmerica\u201d (sin tilde), de Fernando Valverde - Esbozo Deportivo","description":"La C\u00e1mara de Diputados, a trav\u00e9s del Espacio Cultural San L\u00e1zaro, que dirige El\u00edas Robles Andrade, present\u00f3 el libro \u201cAmerica\u201d (sin tilde), del autor Fernando Valverde.","robots":{"index":"index","follow":"follow","max-snippet":"max-snippet:-1","max-image-preview":"max-image-preview:large","max-video-preview":"max-video-preview:-1"},"canonical":"https:\/\/esbozodeportivo.com\/index.php\/2025\/03\/12\/presentan-en-el-congreso-de-la-union-el-libro-america-sin-tilde-de-fernando-valverde\/","og_locale":"es_MX","og_type":"article","og_title":"Presentan en el Congreso de la Uni\u00f3n, el libro \u201cAmerica\u201d (sin tilde), de Fernando Valverde - Esbozo Deportivo","og_description":"La C\u00e1mara de Diputados, a trav\u00e9s del Espacio Cultural San L\u00e1zaro, que dirige El\u00edas Robles Andrade, present\u00f3 el libro \u201cAmerica\u201d (sin tilde), del autor Fernando Valverde.","og_url":"https:\/\/esbozodeportivo.com\/index.php\/2025\/03\/12\/presentan-en-el-congreso-de-la-union-el-libro-america-sin-tilde-de-fernando-valverde\/","og_site_name":"Esbozo Deportivo","article_published_time":"2025-03-13T05:44:30+00:00","og_image":[{"width":1600,"height":1065,"url":"https:\/\/esbozodeportivo.com\/wp-content\/uploads\/2025\/03\/Biblioteca-general-1064.jpg","type":"image\/jpeg"}],"author":"Redacci\u00f3n","twitter_card":"summary_large_image","twitter_misc":{"Escrito por":"Redacci\u00f3n","Tiempo de lectura":"3 minutos"},"schema":{"@context":"https:\/\/schema.org","@graph":[{"@type":"Article","@id":"https:\/\/esbozodeportivo.com\/index.php\/2025\/03\/12\/presentan-en-el-congreso-de-la-union-el-libro-america-sin-tilde-de-fernando-valverde\/#article","isPartOf":{"@id":"https:\/\/esbozodeportivo.com\/index.php\/2025\/03\/12\/presentan-en-el-congreso-de-la-union-el-libro-america-sin-tilde-de-fernando-valverde\/"},"author":{"name":"Redacci\u00f3n","@id":"https:\/\/esbozodeportivo.com\/#\/schema\/person\/0f6df9196dfe6740dd0bb31bae50d374"},"headline":"Presentan en el Congreso de la Uni\u00f3n, el libro \u201cAmerica\u201d (sin tilde), de Fernando Valverde","datePublished":"2025-03-13T05:44:30+00:00","mainEntityOfPage":{"@id":"https:\/\/esbozodeportivo.com\/index.php\/2025\/03\/12\/presentan-en-el-congreso-de-la-union-el-libro-america-sin-tilde-de-fernando-valverde\/"},"wordCount":485,"publisher":{"@id":"https:\/\/esbozodeportivo.com\/#organization"},"image":{"@id":"https:\/\/esbozodeportivo.com\/index.php\/2025\/03\/12\/presentan-en-el-congreso-de-la-union-el-libro-america-sin-tilde-de-fernando-valverde\/#primaryimage"},"thumbnailUrl":"https:\/\/esbozodeportivo.com\/wp-content\/uploads\/2025\/03\/Biblioteca-general-1064.jpg","articleSection":["Nacional"],"inLanguage":"es"},{"@type":"WebPage","@id":"https:\/\/esbozodeportivo.com\/index.php\/2025\/03\/12\/presentan-en-el-congreso-de-la-union-el-libro-america-sin-tilde-de-fernando-valverde\/","url":"https:\/\/esbozodeportivo.com\/index.php\/2025\/03\/12\/presentan-en-el-congreso-de-la-union-el-libro-america-sin-tilde-de-fernando-valverde\/","name":"Presentan en el Congreso de la Uni\u00f3n, el libro \u201cAmerica\u201d (sin tilde), de Fernando Valverde - Esbozo Deportivo","isPartOf":{"@id":"https:\/\/esbozodeportivo.com\/#website"},"primaryImageOfPage":{"@id":"https:\/\/esbozodeportivo.com\/index.php\/2025\/03\/12\/presentan-en-el-congreso-de-la-union-el-libro-america-sin-tilde-de-fernando-valverde\/#primaryimage"},"image":{"@id":"https:\/\/esbozodeportivo.com\/index.php\/2025\/03\/12\/presentan-en-el-congreso-de-la-union-el-libro-america-sin-tilde-de-fernando-valverde\/#primaryimage"},"thumbnailUrl":"https:\/\/esbozodeportivo.com\/wp-content\/uploads\/2025\/03\/Biblioteca-general-1064.jpg","datePublished":"2025-03-13T05:44:30+00:00","description":"La C\u00e1mara de Diputados, a trav\u00e9s del Espacio Cultural San L\u00e1zaro, que dirige El\u00edas Robles Andrade, present\u00f3 el libro \u201cAmerica\u201d (sin tilde), del autor Fernando Valverde.","breadcrumb":{"@id":"https:\/\/esbozodeportivo.com\/index.php\/2025\/03\/12\/presentan-en-el-congreso-de-la-union-el-libro-america-sin-tilde-de-fernando-valverde\/#breadcrumb"},"inLanguage":"es","potentialAction":[{"@type":"ReadAction","target":["https:\/\/esbozodeportivo.com\/index.php\/2025\/03\/12\/presentan-en-el-congreso-de-la-union-el-libro-america-sin-tilde-de-fernando-valverde\/"]}]},{"@type":"ImageObject","inLanguage":"es","@id":"https:\/\/esbozodeportivo.com\/index.php\/2025\/03\/12\/presentan-en-el-congreso-de-la-union-el-libro-america-sin-tilde-de-fernando-valverde\/#primaryimage","url":"https:\/\/esbozodeportivo.com\/wp-content\/uploads\/2025\/03\/Biblioteca-general-1064.jpg","contentUrl":"https:\/\/esbozodeportivo.com\/wp-content\/uploads\/2025\/03\/Biblioteca-general-1064.jpg","width":1600,"height":1065},{"@type":"BreadcrumbList","@id":"https:\/\/esbozodeportivo.com\/index.php\/2025\/03\/12\/presentan-en-el-congreso-de-la-union-el-libro-america-sin-tilde-de-fernando-valverde\/#breadcrumb","itemListElement":[{"@type":"ListItem","position":1,"name":"Inicio","item":"https:\/\/esbozodeportivo.com\/"},{"@type":"ListItem","position":2,"name":"Presentan en el Congreso de la Uni\u00f3n, el libro \u201cAmerica\u201d (sin tilde), de Fernando Valverde"}]},{"@type":"WebSite","@id":"https:\/\/esbozodeportivo.com\/#website","url":"https:\/\/esbozodeportivo.com\/","name":"Esbozo Deportivo","description":"Lo m\u00e1s importante del Deporte","publisher":{"@id":"https:\/\/esbozodeportivo.com\/#organization"},"potentialAction":[{"@type":"SearchAction","target":{"@type":"EntryPoint","urlTemplate":"https:\/\/esbozodeportivo.com\/?s={search_term_string}"},"query-input":{"@type":"PropertyValueSpecification","valueRequired":true,"valueName":"search_term_string"}}],"inLanguage":"es"},{"@type":"Organization","@id":"https:\/\/esbozodeportivo.com\/#organization","name":"Esbozo Deportivo","url":"https:\/\/esbozodeportivo.com\/","logo":{"@type":"ImageObject","inLanguage":"es","@id":"https:\/\/esbozodeportivo.com\/#\/schema\/logo\/image\/","url":"https:\/\/esbozodeportivo.com\/wp-content\/uploads\/2022\/08\/cropped-Logo-Esbozo-Web-2.png","contentUrl":"https:\/\/esbozodeportivo.com\/wp-content\/uploads\/2022\/08\/cropped-Logo-Esbozo-Web-2.png","width":180,"height":50,"caption":"Esbozo Deportivo"},"image":{"@id":"https:\/\/esbozodeportivo.com\/#\/schema\/logo\/image\/"}},{"@type":"Person","@id":"https:\/\/esbozodeportivo.com\/#\/schema\/person\/0f6df9196dfe6740dd0bb31bae50d374","name":"Redacci\u00f3n","image":{"@type":"ImageObject","inLanguage":"es","@id":"https:\/\/esbozodeportivo.com\/#\/schema\/person\/image\/","url":"https:\/\/secure.gravatar.com\/avatar\/f55268a89c3b418f2ef172ff52ab0d09b3e653c58de29539fe329fb93d78ebf3?s=96&d=mm&r=g","contentUrl":"https:\/\/secure.gravatar.com\/avatar\/f55268a89c3b418f2ef172ff52ab0d09b3e653c58de29539fe329fb93d78ebf3?s=96&d=mm&r=g","caption":"Redacci\u00f3n"},"url":"https:\/\/esbozodeportivo.com\/index.php\/author\/redaccion\/"}]}},"jetpack_featured_media_url":"https:\/\/esbozodeportivo.com\/wp-content\/uploads\/2025\/03\/Biblioteca-general-1064.jpg","jetpack_sharing_enabled":true,"_links":{"self":[{"href":"https:\/\/esbozodeportivo.com\/index.php\/wp-json\/wp\/v2\/posts\/6305","targetHints":{"allow":["GET"]}}],"collection":[{"href":"https:\/\/esbozodeportivo.com\/index.php\/wp-json\/wp\/v2\/posts"}],"about":[{"href":"https:\/\/esbozodeportivo.com\/index.php\/wp-json\/wp\/v2\/types\/post"}],"author":[{"embeddable":true,"href":"https:\/\/esbozodeportivo.com\/index.php\/wp-json\/wp\/v2\/users\/4"}],"replies":[{"embeddable":true,"href":"https:\/\/esbozodeportivo.com\/index.php\/wp-json\/wp\/v2\/comments?post=6305"}],"version-history":[{"count":1,"href":"https:\/\/esbozodeportivo.com\/index.php\/wp-json\/wp\/v2\/posts\/6305\/revisions"}],"predecessor-version":[{"id":6306,"href":"https:\/\/esbozodeportivo.com\/index.php\/wp-json\/wp\/v2\/posts\/6305\/revisions\/6306"}],"wp:featuredmedia":[{"embeddable":true,"href":"https:\/\/esbozodeportivo.com\/index.php\/wp-json\/wp\/v2\/media\/6292"}],"wp:attachment":[{"href":"https:\/\/esbozodeportivo.com\/index.php\/wp-json\/wp\/v2\/media?parent=6305"}],"wp:term":[{"taxonomy":"category","embeddable":true,"href":"https:\/\/esbozodeportivo.com\/index.php\/wp-json\/wp\/v2\/categories?post=6305"},{"taxonomy":"post_tag","embeddable":true,"href":"https:\/\/esbozodeportivo.com\/index.php\/wp-json\/wp\/v2\/tags?post=6305"}],"curies":[{"name":"wp","href":"https:\/\/api.w.org\/{rel}","templated":true}]}}