{"id":6307,"date":"2025-03-12T23:46:13","date_gmt":"2025-03-13T05:46:13","guid":{"rendered":"https:\/\/esbozodeportivo.com\/?p=6307"},"modified":"2025-03-12T23:46:14","modified_gmt":"2025-03-13T05:46:14","slug":"ratifica-camara-de-diputados-a-edgar-abraham-amador-zamora-como-titular-de-la-shcp","status":"publish","type":"post","link":"https:\/\/esbozodeportivo.com\/index.php\/2025\/03\/12\/ratifica-camara-de-diputados-a-edgar-abraham-amador-zamora-como-titular-de-la-shcp\/","title":{"rendered":"Ratifica C\u00e1mara de Diputados a \u00c9dgar Abraham Amador Zamora como titular de la SHCP"},"content":{"rendered":"\n<p>La <strong>Comisi\u00f3n de Hacienda y Cr\u00e9dito P\u00fablico<\/strong>, aprob\u00f3, con 38 votos a favor, cero en contra y cero abstenciones, el dictamen por el que se ratifica el nombramiento de <strong>Edgar Abraham Amador Zamora,<\/strong> como titular de la <strong>Secretar\u00eda de Hacienda y Cr\u00e9dito P\u00fablico (SCHP),<\/strong> propuesto por la presidenta de la Rep\u00fablica.<\/p>\n\n\n\n<p>En la reuni\u00f3n, a la que asisti\u00f3 el presidente de la <strong>C\u00e1mara de Diputados<\/strong>, <strong>Sergio Guti\u00e9rrez Luna<\/strong>, se aval\u00f3 asimismo ratificar a <strong>Carlos Gabriel Lerma Cotera<\/strong>, como subsecretario de Ingresos y de <strong>Roberto Carlos Fern\u00e1ndez Gonz\u00e1lez<\/strong>, como tesorero de la <strong>Federaci\u00f3n de la SHCP<\/strong>, en su car\u00e1cter de empleados superiores de Hacienda.<\/p>\n\n\n\n<p>El diputado <strong>Federico D\u00f6ring Casar (PAN)<\/strong> reconoci\u00f3 que <strong>Amador Zamora<\/strong> y <strong>Fern\u00e1ndez Gonz\u00e1lez<\/strong> son muy buenos funcionarios y \u201cno damos cheques en blanco, porque se les conoce, se les va a apoyar, y a quien no se conoce se le va a dar el beneficio de la duda\u201d. Afirm\u00f3 que, en los momentos aciagos de la Rep\u00fablica, su grupo parlamentario da muestra de suacompa\u00f1amiento y frente com\u00fan ante las amenazas de \u201clos narcoaranceles y excesos del presidente Donald Trump\u201d.&nbsp;<\/p>\n\n\n\n<p>Del <strong>PVEM<\/strong>, el diputado <strong>Ernesto N\u00fa\u00f1ez Aguilar<\/strong> reconoci\u00f3 la trayectoria de los funcionarios y \u201cme da gusto que sea gente con altos perfiles porque el reto que tienen es mayor\u201d. Consider\u00f3 que el nombramiento del secretario de <strong>Hacienda y Cr\u00e9dito P\u00fablico<\/strong> ocurre en un momento crucial para nuestro pa\u00eds, por lo que esta labor exige m\u00e1s. Solicit\u00f3 conocer qu\u00e9 medidas se consideran para reforzar la cooperaci\u00f3n bilateral con Estados Unidos en la lucha contra el narcotr\u00e1fico.&nbsp;<\/p>\n\n\n\n<p>El diputado <strong>Reginaldo Sandoval Flores (PT)<\/strong> coment\u00f3 que la recaudaci\u00f3n tributaria en M\u00e9xico est\u00e1 influenciada por diversos factores, como el comportamiento de la econom\u00eda, las pol\u00edticas fiscales, la evoluci\u00f3n de sectores clave y la capacidad del gobierno para combatir la evasi\u00f3n y la elusi\u00f3n fiscal, por lo que resulta crucial analizar los elementos que inciden en los ingresos p\u00fablicos.<\/p>\n\n\n\n<p>A su vez, el diputado <strong>Christian Mishel Castro Bello (PRI)<\/strong> dijo que su grupo parlamentario da la bienvenida a los funcionarios y les dese\u00f3 el mayor de los \u00e9xitos por el bien de M\u00e9xico. Pidi\u00f3 saber c\u00f3mo se planea la pol\u00edtica fiscal en congruencia y en relaci\u00f3n al crecimiento que plantea el Plan Nacional de Desarrollo.&nbsp;<\/p>\n\n\n\n<p>La diputada <strong>Patricia Flores Elizondo (MC)<\/strong> se\u00f1al\u00f3 que en estos tiempos complejos para M\u00e9xico la labor de dichos funcionarios ser\u00e1 fundamental para garantizar la estabilidad econ\u00f3mica del pa\u00eds, impulsar el crecimiento y generar confianza en nuestras finanzas p\u00fablicas. Estim\u00f3 que deber\u00e1n equilibrar la responsabilidad fiscal con la necesidad de inversi\u00f3n en sectores estrat\u00e9gicos, fortalecer la recaudaci\u00f3n sin afectar a los m\u00e1s vulnerables y fomentar un ambiente econ\u00f3mico que promueva la competitividad y el desarrollo.<\/p>\n\n\n\n<p><strong>Edgar Abraham Amador Zamora,<\/strong> propuesto como titular de la <strong>SCHP<\/strong>, asegur\u00f3 que se dar\u00e1 continuidad a los esfuerzos para alcanzar los objetivos establecidos en el Paquete Econ\u00f3mico 2025, \u201ca pesar de las adversidades y de los posibles vientos en contra\u201d. Se mantendr\u00e1 el compromiso de conducir las finanzas p\u00fablicas hacia una convergencia fiscal responsable, impulsando inversiones estrat\u00e9gicas y reduciendo la brecha de desigualdad.<\/p>\n\n\n\n<p>Asimismo &#8211;dijo&#8211; se promover\u00e1 la inclusi\u00f3n social, se mejorar\u00e1 la calidad de vida de la poblaci\u00f3n y se fortalecer\u00e1 la inversi\u00f3n en infraestructura. Adem\u00e1s, se optimizar\u00e1 la eficiencia administrativa, se aumentar\u00e1 la recaudaci\u00f3n y se asegurar\u00e1 un gasto social m\u00e1s eficiente, garantizando as\u00ed el bienestar de todos los mexicanos. A nivel internacional, a\u00f1adi\u00f3 que la posici\u00f3n de M\u00e9xico debe consolidarse mediante una pol\u00edtica comercial estrat\u00e9gica que fomente la integraci\u00f3n en sectores de alto valor agregado.<\/p>\n\n\n\n<p>Subray\u00f3 que la inversi\u00f3n p\u00fablica continuar\u00e1 desempe\u00f1ando un papel clave en su agenda. Se priorizar\u00e1 el financiamiento de proyectos estrat\u00e9gicos que generen crecimiento econ\u00f3mico y contribuyan al desarrollo social y regional, como los incluidos en los polos de bienestar, as\u00ed como la creaci\u00f3n y modernizaci\u00f3n de infraestructura log\u00edstica y de transporte.<\/p>\n\n\n\n<p><strong>Roberto Carlos Fern\u00e1ndez Gonz\u00e1lez,<\/strong> propuesto como titular de la Tesorer\u00eda de la Federaci\u00f3n, precis\u00f3 que su intenci\u00f3n es hacer que el pago de servicios del gobierno y de las contribuciones sean m\u00e1s f\u00e1ciles de realizar y de mejor manera en el futuro.&nbsp; Afirm\u00f3 que el papel de la Tesorer\u00eda es hacer mejor el trabajo y contribuir al buen desempe\u00f1o de las finanzas p\u00fablicas.<\/p>\n\n\n\n<p>La Tesorer\u00eda, dijo, no solo se constituye en el garante del seguro destino de los recursos de las arcas p\u00fablicas, sino tambi\u00e9n una de sus funciones m\u00e1s importantes es el enlace entre el sistema financiero mexicano y los instrumentos de captaci\u00f3n y recaudaci\u00f3n de recursos.<\/p>\n\n\n\n<p><strong>Carlos Gabriel Lerma Cotera<\/strong>, designado para la Subsecretar\u00eda de Ingresos, se\u00f1al\u00f3 que la pol\u00edtica de ingresos tiene un papel fundamental, ya que establece las medidas y acciones necesarias para asegurar que el gobierno cuente con los recursos suficientes y oportunos para satisfacer las necesidades de la poblaci\u00f3n, al tiempo que fortalece la equidad, eficiencia y justica del sistema tributario y garantiza certeza jur\u00eddica a los agentes econ\u00f3micos.&nbsp;<\/p>\n\n\n\n<p>En el \u00e1mbito de las atribuciones de la Subsecretar\u00eda, dijo que su labor se centrar\u00e1 en conjunto y coordinadamente con el Sistema de Administraci\u00f3n Tributaria y la Agencia de Transformaci\u00f3n Digital y Telecomunicaciones en simplificar las barreras de entrada a nuevos contribuyentes y trabajadores formales, y reforzar un proceso de simplificaci\u00f3n fiscal basado en nuevas herramientas tecnol\u00f3gicas.<\/p>\n\n\n\n<p><\/p>\n","protected":false},"excerpt":{"rendered":"<p>La Comisi\u00f3n de Hacienda y Cr\u00e9dito P\u00fablico, aprob\u00f3, con 38 votos a favor, cero en<\/p>\n","protected":false},"author":4,"featured_media":6294,"comment_status":"closed","ping_status":"open","sticky":false,"template":"","format":"standard","meta":{"_jetpack_memberships_contains_paid_content":false,"footnotes":""},"categories":[36],"tags":[],"class_list":["post-6307","post","type-post","status-publish","format-standard","has-post-thumbnail","hentry","category-nacional"],"yoast_head":"<!-- This site is optimized with the Yoast SEO plugin v25.7 - https:\/\/yoast.com\/wordpress\/plugins\/seo\/ -->\n<title>Ratifica C\u00e1mara de Diputados a \u00c9dgar Abraham Amador Zamora como titular de la SHCP - Esbozo Deportivo<\/title>\n<meta name=\"description\" content=\"La Comisi\u00f3n de Hacienda y Cr\u00e9dito P\u00fablico, aprob\u00f3, con 38 votos a favor, cero en contra y cero abstenciones, el dictamen por el que se ratifica el nombramiento de Edgar Abraham Amador Zamora, como titular de la Secretar\u00eda de Hacienda y Cr\u00e9dito P\u00fablico (SCHP), propuesto por la presidenta de la Rep\u00fablica.\" \/>\n<meta name=\"robots\" content=\"index, follow, max-snippet:-1, max-image-preview:large, max-video-preview:-1\" \/>\n<link rel=\"canonical\" href=\"https:\/\/esbozodeportivo.com\/index.php\/2025\/03\/12\/ratifica-camara-de-diputados-a-edgar-abraham-amador-zamora-como-titular-de-la-shcp\/\" \/>\n<meta property=\"og:locale\" content=\"es_MX\" \/>\n<meta property=\"og:type\" content=\"article\" \/>\n<meta property=\"og:title\" content=\"Ratifica C\u00e1mara de Diputados a \u00c9dgar Abraham Amador Zamora como titular de la SHCP - Esbozo Deportivo\" \/>\n<meta property=\"og:description\" content=\"La Comisi\u00f3n de Hacienda y Cr\u00e9dito P\u00fablico, aprob\u00f3, con 38 votos a favor, cero en contra y cero abstenciones, el dictamen por el que se ratifica el nombramiento de Edgar Abraham Amador Zamora, como titular de la Secretar\u00eda de Hacienda y Cr\u00e9dito P\u00fablico (SCHP), propuesto por la presidenta de la Rep\u00fablica.\" \/>\n<meta property=\"og:url\" content=\"https:\/\/esbozodeportivo.com\/index.php\/2025\/03\/12\/ratifica-camara-de-diputados-a-edgar-abraham-amador-zamora-como-titular-de-la-shcp\/\" \/>\n<meta property=\"og:site_name\" content=\"Esbozo Deportivo\" \/>\n<meta property=\"article:published_time\" content=\"2025-03-13T05:46:13+00:00\" \/>\n<meta property=\"article:modified_time\" content=\"2025-03-13T05:46:14+00:00\" \/>\n<meta property=\"og:image\" content=\"https:\/\/esbozodeportivo.com\/wp-content\/uploads\/2025\/03\/Comision-de-Hacienda-Edgar.jpg\" \/>\n\t<meta property=\"og:image:width\" content=\"1600\" \/>\n\t<meta property=\"og:image:height\" content=\"1066\" \/>\n\t<meta property=\"og:image:type\" content=\"image\/jpeg\" \/>\n<meta name=\"author\" content=\"Redacci\u00f3n\" \/>\n<meta name=\"twitter:card\" content=\"summary_large_image\" \/>\n<meta name=\"twitter:label1\" content=\"Escrito por\" \/>\n\t<meta name=\"twitter:data1\" content=\"Redacci\u00f3n\" \/>\n\t<meta name=\"twitter:label2\" content=\"Tiempo de lectura\" \/>\n\t<meta name=\"twitter:data2\" content=\"5 minutos\" \/>\n<script type=\"application\/ld+json\" class=\"yoast-schema-graph\">{\"@context\":\"https:\/\/schema.org\",\"@graph\":[{\"@type\":\"Article\",\"@id\":\"https:\/\/esbozodeportivo.com\/index.php\/2025\/03\/12\/ratifica-camara-de-diputados-a-edgar-abraham-amador-zamora-como-titular-de-la-shcp\/#article\",\"isPartOf\":{\"@id\":\"https:\/\/esbozodeportivo.com\/index.php\/2025\/03\/12\/ratifica-camara-de-diputados-a-edgar-abraham-amador-zamora-como-titular-de-la-shcp\/\"},\"author\":{\"name\":\"Redacci\u00f3n\",\"@id\":\"https:\/\/esbozodeportivo.com\/#\/schema\/person\/0f6df9196dfe6740dd0bb31bae50d374\"},\"headline\":\"Ratifica C\u00e1mara de Diputados a \u00c9dgar Abraham Amador Zamora como titular de la SHCP\",\"datePublished\":\"2025-03-13T05:46:13+00:00\",\"dateModified\":\"2025-03-13T05:46:14+00:00\",\"mainEntityOfPage\":{\"@id\":\"https:\/\/esbozodeportivo.com\/index.php\/2025\/03\/12\/ratifica-camara-de-diputados-a-edgar-abraham-amador-zamora-como-titular-de-la-shcp\/\"},\"wordCount\":986,\"publisher\":{\"@id\":\"https:\/\/esbozodeportivo.com\/#organization\"},\"image\":{\"@id\":\"https:\/\/esbozodeportivo.com\/index.php\/2025\/03\/12\/ratifica-camara-de-diputados-a-edgar-abraham-amador-zamora-como-titular-de-la-shcp\/#primaryimage\"},\"thumbnailUrl\":\"https:\/\/esbozodeportivo.com\/wp-content\/uploads\/2025\/03\/Comision-de-Hacienda-Edgar.jpg\",\"articleSection\":[\"Nacional\"],\"inLanguage\":\"es\"},{\"@type\":\"WebPage\",\"@id\":\"https:\/\/esbozodeportivo.com\/index.php\/2025\/03\/12\/ratifica-camara-de-diputados-a-edgar-abraham-amador-zamora-como-titular-de-la-shcp\/\",\"url\":\"https:\/\/esbozodeportivo.com\/index.php\/2025\/03\/12\/ratifica-camara-de-diputados-a-edgar-abraham-amador-zamora-como-titular-de-la-shcp\/\",\"name\":\"Ratifica C\u00e1mara de Diputados a \u00c9dgar Abraham Amador Zamora como titular de la SHCP - Esbozo Deportivo\",\"isPartOf\":{\"@id\":\"https:\/\/esbozodeportivo.com\/#website\"},\"primaryImageOfPage\":{\"@id\":\"https:\/\/esbozodeportivo.com\/index.php\/2025\/03\/12\/ratifica-camara-de-diputados-a-edgar-abraham-amador-zamora-como-titular-de-la-shcp\/#primaryimage\"},\"image\":{\"@id\":\"https:\/\/esbozodeportivo.com\/index.php\/2025\/03\/12\/ratifica-camara-de-diputados-a-edgar-abraham-amador-zamora-como-titular-de-la-shcp\/#primaryimage\"},\"thumbnailUrl\":\"https:\/\/esbozodeportivo.com\/wp-content\/uploads\/2025\/03\/Comision-de-Hacienda-Edgar.jpg\",\"datePublished\":\"2025-03-13T05:46:13+00:00\",\"dateModified\":\"2025-03-13T05:46:14+00:00\",\"description\":\"La Comisi\u00f3n de Hacienda y Cr\u00e9dito P\u00fablico, aprob\u00f3, con 38 votos a favor, cero en contra y cero abstenciones, el dictamen por el que se ratifica el nombramiento de Edgar Abraham Amador Zamora, como titular de la Secretar\u00eda de Hacienda y Cr\u00e9dito P\u00fablico (SCHP), propuesto por la presidenta de la Rep\u00fablica.\",\"breadcrumb\":{\"@id\":\"https:\/\/esbozodeportivo.com\/index.php\/2025\/03\/12\/ratifica-camara-de-diputados-a-edgar-abraham-amador-zamora-como-titular-de-la-shcp\/#breadcrumb\"},\"inLanguage\":\"es\",\"potentialAction\":[{\"@type\":\"ReadAction\",\"target\":[\"https:\/\/esbozodeportivo.com\/index.php\/2025\/03\/12\/ratifica-camara-de-diputados-a-edgar-abraham-amador-zamora-como-titular-de-la-shcp\/\"]}]},{\"@type\":\"ImageObject\",\"inLanguage\":\"es\",\"@id\":\"https:\/\/esbozodeportivo.com\/index.php\/2025\/03\/12\/ratifica-camara-de-diputados-a-edgar-abraham-amador-zamora-como-titular-de-la-shcp\/#primaryimage\",\"url\":\"https:\/\/esbozodeportivo.com\/wp-content\/uploads\/2025\/03\/Comision-de-Hacienda-Edgar.jpg\",\"contentUrl\":\"https:\/\/esbozodeportivo.com\/wp-content\/uploads\/2025\/03\/Comision-de-Hacienda-Edgar.jpg\",\"width\":1600,\"height\":1066},{\"@type\":\"BreadcrumbList\",\"@id\":\"https:\/\/esbozodeportivo.com\/index.php\/2025\/03\/12\/ratifica-camara-de-diputados-a-edgar-abraham-amador-zamora-como-titular-de-la-shcp\/#breadcrumb\",\"itemListElement\":[{\"@type\":\"ListItem\",\"position\":1,\"name\":\"Inicio\",\"item\":\"https:\/\/esbozodeportivo.com\/\"},{\"@type\":\"ListItem\",\"position\":2,\"name\":\"Ratifica C\u00e1mara de Diputados a \u00c9dgar Abraham Amador Zamora como titular de la SHCP\"}]},{\"@type\":\"WebSite\",\"@id\":\"https:\/\/esbozodeportivo.com\/#website\",\"url\":\"https:\/\/esbozodeportivo.com\/\",\"name\":\"Esbozo Deportivo\",\"description\":\"Lo m\u00e1s importante del Deporte\",\"publisher\":{\"@id\":\"https:\/\/esbozodeportivo.com\/#organization\"},\"potentialAction\":[{\"@type\":\"SearchAction\",\"target\":{\"@type\":\"EntryPoint\",\"urlTemplate\":\"https:\/\/esbozodeportivo.com\/?s={search_term_string}\"},\"query-input\":{\"@type\":\"PropertyValueSpecification\",\"valueRequired\":true,\"valueName\":\"search_term_string\"}}],\"inLanguage\":\"es\"},{\"@type\":\"Organization\",\"@id\":\"https:\/\/esbozodeportivo.com\/#organization\",\"name\":\"Esbozo Deportivo\",\"url\":\"https:\/\/esbozodeportivo.com\/\",\"logo\":{\"@type\":\"ImageObject\",\"inLanguage\":\"es\",\"@id\":\"https:\/\/esbozodeportivo.com\/#\/schema\/logo\/image\/\",\"url\":\"https:\/\/esbozodeportivo.com\/wp-content\/uploads\/2022\/08\/cropped-Logo-Esbozo-Web-2.png\",\"contentUrl\":\"https:\/\/esbozodeportivo.com\/wp-content\/uploads\/2022\/08\/cropped-Logo-Esbozo-Web-2.png\",\"width\":180,\"height\":50,\"caption\":\"Esbozo Deportivo\"},\"image\":{\"@id\":\"https:\/\/esbozodeportivo.com\/#\/schema\/logo\/image\/\"}},{\"@type\":\"Person\",\"@id\":\"https:\/\/esbozodeportivo.com\/#\/schema\/person\/0f6df9196dfe6740dd0bb31bae50d374\",\"name\":\"Redacci\u00f3n\",\"image\":{\"@type\":\"ImageObject\",\"inLanguage\":\"es\",\"@id\":\"https:\/\/esbozodeportivo.com\/#\/schema\/person\/image\/\",\"url\":\"https:\/\/secure.gravatar.com\/avatar\/f55268a89c3b418f2ef172ff52ab0d09b3e653c58de29539fe329fb93d78ebf3?s=96&d=mm&r=g\",\"contentUrl\":\"https:\/\/secure.gravatar.com\/avatar\/f55268a89c3b418f2ef172ff52ab0d09b3e653c58de29539fe329fb93d78ebf3?s=96&d=mm&r=g\",\"caption\":\"Redacci\u00f3n\"},\"url\":\"https:\/\/esbozodeportivo.com\/index.php\/author\/redaccion\/\"}]}<\/script>\n<!-- \/ Yoast SEO plugin. -->","yoast_head_json":{"title":"Ratifica C\u00e1mara de Diputados a \u00c9dgar Abraham Amador Zamora como titular de la SHCP - Esbozo Deportivo","description":"La Comisi\u00f3n de Hacienda y Cr\u00e9dito P\u00fablico, aprob\u00f3, con 38 votos a favor, cero en contra y cero abstenciones, el dictamen por el que se ratifica el nombramiento de Edgar Abraham Amador Zamora, como titular de la Secretar\u00eda de Hacienda y Cr\u00e9dito P\u00fablico (SCHP), propuesto por la presidenta de la Rep\u00fablica.","robots":{"index":"index","follow":"follow","max-snippet":"max-snippet:-1","max-image-preview":"max-image-preview:large","max-video-preview":"max-video-preview:-1"},"canonical":"https:\/\/esbozodeportivo.com\/index.php\/2025\/03\/12\/ratifica-camara-de-diputados-a-edgar-abraham-amador-zamora-como-titular-de-la-shcp\/","og_locale":"es_MX","og_type":"article","og_title":"Ratifica C\u00e1mara de Diputados a \u00c9dgar Abraham Amador Zamora como titular de la SHCP - Esbozo Deportivo","og_description":"La Comisi\u00f3n de Hacienda y Cr\u00e9dito P\u00fablico, aprob\u00f3, con 38 votos a favor, cero en contra y cero abstenciones, el dictamen por el que se ratifica el nombramiento de Edgar Abraham Amador Zamora, como titular de la Secretar\u00eda de Hacienda y Cr\u00e9dito P\u00fablico (SCHP), propuesto por la presidenta de la Rep\u00fablica.","og_url":"https:\/\/esbozodeportivo.com\/index.php\/2025\/03\/12\/ratifica-camara-de-diputados-a-edgar-abraham-amador-zamora-como-titular-de-la-shcp\/","og_site_name":"Esbozo Deportivo","article_published_time":"2025-03-13T05:46:13+00:00","article_modified_time":"2025-03-13T05:46:14+00:00","og_image":[{"width":1600,"height":1066,"url":"https:\/\/esbozodeportivo.com\/wp-content\/uploads\/2025\/03\/Comision-de-Hacienda-Edgar.jpg","type":"image\/jpeg"}],"author":"Redacci\u00f3n","twitter_card":"summary_large_image","twitter_misc":{"Escrito por":"Redacci\u00f3n","Tiempo de lectura":"5 minutos"},"schema":{"@context":"https:\/\/schema.org","@graph":[{"@type":"Article","@id":"https:\/\/esbozodeportivo.com\/index.php\/2025\/03\/12\/ratifica-camara-de-diputados-a-edgar-abraham-amador-zamora-como-titular-de-la-shcp\/#article","isPartOf":{"@id":"https:\/\/esbozodeportivo.com\/index.php\/2025\/03\/12\/ratifica-camara-de-diputados-a-edgar-abraham-amador-zamora-como-titular-de-la-shcp\/"},"author":{"name":"Redacci\u00f3n","@id":"https:\/\/esbozodeportivo.com\/#\/schema\/person\/0f6df9196dfe6740dd0bb31bae50d374"},"headline":"Ratifica C\u00e1mara de Diputados a \u00c9dgar Abraham Amador Zamora como titular de la SHCP","datePublished":"2025-03-13T05:46:13+00:00","dateModified":"2025-03-13T05:46:14+00:00","mainEntityOfPage":{"@id":"https:\/\/esbozodeportivo.com\/index.php\/2025\/03\/12\/ratifica-camara-de-diputados-a-edgar-abraham-amador-zamora-como-titular-de-la-shcp\/"},"wordCount":986,"publisher":{"@id":"https:\/\/esbozodeportivo.com\/#organization"},"image":{"@id":"https:\/\/esbozodeportivo.com\/index.php\/2025\/03\/12\/ratifica-camara-de-diputados-a-edgar-abraham-amador-zamora-como-titular-de-la-shcp\/#primaryimage"},"thumbnailUrl":"https:\/\/esbozodeportivo.com\/wp-content\/uploads\/2025\/03\/Comision-de-Hacienda-Edgar.jpg","articleSection":["Nacional"],"inLanguage":"es"},{"@type":"WebPage","@id":"https:\/\/esbozodeportivo.com\/index.php\/2025\/03\/12\/ratifica-camara-de-diputados-a-edgar-abraham-amador-zamora-como-titular-de-la-shcp\/","url":"https:\/\/esbozodeportivo.com\/index.php\/2025\/03\/12\/ratifica-camara-de-diputados-a-edgar-abraham-amador-zamora-como-titular-de-la-shcp\/","name":"Ratifica C\u00e1mara de Diputados a \u00c9dgar Abraham Amador Zamora como titular de la SHCP - Esbozo Deportivo","isPartOf":{"@id":"https:\/\/esbozodeportivo.com\/#website"},"primaryImageOfPage":{"@id":"https:\/\/esbozodeportivo.com\/index.php\/2025\/03\/12\/ratifica-camara-de-diputados-a-edgar-abraham-amador-zamora-como-titular-de-la-shcp\/#primaryimage"},"image":{"@id":"https:\/\/esbozodeportivo.com\/index.php\/2025\/03\/12\/ratifica-camara-de-diputados-a-edgar-abraham-amador-zamora-como-titular-de-la-shcp\/#primaryimage"},"thumbnailUrl":"https:\/\/esbozodeportivo.com\/wp-content\/uploads\/2025\/03\/Comision-de-Hacienda-Edgar.jpg","datePublished":"2025-03-13T05:46:13+00:00","dateModified":"2025-03-13T05:46:14+00:00","description":"La Comisi\u00f3n de Hacienda y Cr\u00e9dito P\u00fablico, aprob\u00f3, con 38 votos a favor, cero en contra y cero abstenciones, el dictamen por el que se ratifica el nombramiento de Edgar Abraham Amador Zamora, como titular de la Secretar\u00eda de Hacienda y Cr\u00e9dito P\u00fablico (SCHP), propuesto por la presidenta de la Rep\u00fablica.","breadcrumb":{"@id":"https:\/\/esbozodeportivo.com\/index.php\/2025\/03\/12\/ratifica-camara-de-diputados-a-edgar-abraham-amador-zamora-como-titular-de-la-shcp\/#breadcrumb"},"inLanguage":"es","potentialAction":[{"@type":"ReadAction","target":["https:\/\/esbozodeportivo.com\/index.php\/2025\/03\/12\/ratifica-camara-de-diputados-a-edgar-abraham-amador-zamora-como-titular-de-la-shcp\/"]}]},{"@type":"ImageObject","inLanguage":"es","@id":"https:\/\/esbozodeportivo.com\/index.php\/2025\/03\/12\/ratifica-camara-de-diputados-a-edgar-abraham-amador-zamora-como-titular-de-la-shcp\/#primaryimage","url":"https:\/\/esbozodeportivo.com\/wp-content\/uploads\/2025\/03\/Comision-de-Hacienda-Edgar.jpg","contentUrl":"https:\/\/esbozodeportivo.com\/wp-content\/uploads\/2025\/03\/Comision-de-Hacienda-Edgar.jpg","width":1600,"height":1066},{"@type":"BreadcrumbList","@id":"https:\/\/esbozodeportivo.com\/index.php\/2025\/03\/12\/ratifica-camara-de-diputados-a-edgar-abraham-amador-zamora-como-titular-de-la-shcp\/#breadcrumb","itemListElement":[{"@type":"ListItem","position":1,"name":"Inicio","item":"https:\/\/esbozodeportivo.com\/"},{"@type":"ListItem","position":2,"name":"Ratifica C\u00e1mara de Diputados a \u00c9dgar Abraham Amador Zamora como titular de la SHCP"}]},{"@type":"WebSite","@id":"https:\/\/esbozodeportivo.com\/#website","url":"https:\/\/esbozodeportivo.com\/","name":"Esbozo Deportivo","description":"Lo m\u00e1s importante del Deporte","publisher":{"@id":"https:\/\/esbozodeportivo.com\/#organization"},"potentialAction":[{"@type":"SearchAction","target":{"@type":"EntryPoint","urlTemplate":"https:\/\/esbozodeportivo.com\/?s={search_term_string}"},"query-input":{"@type":"PropertyValueSpecification","valueRequired":true,"valueName":"search_term_string"}}],"inLanguage":"es"},{"@type":"Organization","@id":"https:\/\/esbozodeportivo.com\/#organization","name":"Esbozo Deportivo","url":"https:\/\/esbozodeportivo.com\/","logo":{"@type":"ImageObject","inLanguage":"es","@id":"https:\/\/esbozodeportivo.com\/#\/schema\/logo\/image\/","url":"https:\/\/esbozodeportivo.com\/wp-content\/uploads\/2022\/08\/cropped-Logo-Esbozo-Web-2.png","contentUrl":"https:\/\/esbozodeportivo.com\/wp-content\/uploads\/2022\/08\/cropped-Logo-Esbozo-Web-2.png","width":180,"height":50,"caption":"Esbozo Deportivo"},"image":{"@id":"https:\/\/esbozodeportivo.com\/#\/schema\/logo\/image\/"}},{"@type":"Person","@id":"https:\/\/esbozodeportivo.com\/#\/schema\/person\/0f6df9196dfe6740dd0bb31bae50d374","name":"Redacci\u00f3n","image":{"@type":"ImageObject","inLanguage":"es","@id":"https:\/\/esbozodeportivo.com\/#\/schema\/person\/image\/","url":"https:\/\/secure.gravatar.com\/avatar\/f55268a89c3b418f2ef172ff52ab0d09b3e653c58de29539fe329fb93d78ebf3?s=96&d=mm&r=g","contentUrl":"https:\/\/secure.gravatar.com\/avatar\/f55268a89c3b418f2ef172ff52ab0d09b3e653c58de29539fe329fb93d78ebf3?s=96&d=mm&r=g","caption":"Redacci\u00f3n"},"url":"https:\/\/esbozodeportivo.com\/index.php\/author\/redaccion\/"}]}},"jetpack_featured_media_url":"https:\/\/esbozodeportivo.com\/wp-content\/uploads\/2025\/03\/Comision-de-Hacienda-Edgar.jpg","jetpack_sharing_enabled":true,"_links":{"self":[{"href":"https:\/\/esbozodeportivo.com\/index.php\/wp-json\/wp\/v2\/posts\/6307","targetHints":{"allow":["GET"]}}],"collection":[{"href":"https:\/\/esbozodeportivo.com\/index.php\/wp-json\/wp\/v2\/posts"}],"about":[{"href":"https:\/\/esbozodeportivo.com\/index.php\/wp-json\/wp\/v2\/types\/post"}],"author":[{"embeddable":true,"href":"https:\/\/esbozodeportivo.com\/index.php\/wp-json\/wp\/v2\/users\/4"}],"replies":[{"embeddable":true,"href":"https:\/\/esbozodeportivo.com\/index.php\/wp-json\/wp\/v2\/comments?post=6307"}],"version-history":[{"count":1,"href":"https:\/\/esbozodeportivo.com\/index.php\/wp-json\/wp\/v2\/posts\/6307\/revisions"}],"predecessor-version":[{"id":6308,"href":"https:\/\/esbozodeportivo.com\/index.php\/wp-json\/wp\/v2\/posts\/6307\/revisions\/6308"}],"wp:featuredmedia":[{"embeddable":true,"href":"https:\/\/esbozodeportivo.com\/index.php\/wp-json\/wp\/v2\/media\/6294"}],"wp:attachment":[{"href":"https:\/\/esbozodeportivo.com\/index.php\/wp-json\/wp\/v2\/media?parent=6307"}],"wp:term":[{"taxonomy":"category","embeddable":true,"href":"https:\/\/esbozodeportivo.com\/index.php\/wp-json\/wp\/v2\/categories?post=6307"},{"taxonomy":"post_tag","embeddable":true,"href":"https:\/\/esbozodeportivo.com\/index.php\/wp-json\/wp\/v2\/tags?post=6307"}],"curies":[{"name":"wp","href":"https:\/\/api.w.org\/{rel}","templated":true}]}}