{"id":6374,"date":"2025-03-15T00:19:51","date_gmt":"2025-03-15T06:19:51","guid":{"rendered":"https:\/\/esbozodeportivo.com\/?p=6374"},"modified":"2025-03-15T00:19:52","modified_gmt":"2025-03-15T06:19:52","slug":"ante-cumulo-de-reformas-por-aprobar-habra-periodo-extraordinario-en-la-camara-de-diputados-ricardo-monreal","status":"publish","type":"post","link":"https:\/\/esbozodeportivo.com\/index.php\/2025\/03\/15\/ante-cumulo-de-reformas-por-aprobar-habra-periodo-extraordinario-en-la-camara-de-diputados-ricardo-monreal\/","title":{"rendered":"Ante c\u00famulo de reformas por aprobar, habr\u00e1 periodo extraordinario en la C\u00e1mara de Diputados: Ricardo Monreal"},"content":{"rendered":"\n<p>El presidente de la <strong>Junta de Coordinaci\u00f3n Pol\u00edtica<\/strong> (Jucopo) de la <strong>C\u00e1mara de Diputados<\/strong>, <strong>Ricardo Monreal \u00c1vila<\/strong>, se\u00f1al\u00f3 que s\u00ed habr\u00e1 un periodo extraordinario de sesiones, \u201cporque no hemos logrado sacar todas las reformas que necesitamos\u201d.<\/p>\n\n\n\n<p>Relat\u00f3 que llegaron dos iniciativas: una, que expide la <strong>Ley de Adquisiciones, Arrendamientos y Servicios del Sector P\u00fablico<\/strong>, y contempla modificaciones a la <strong>Ley Federal de Austeridad Republicana<\/strong>, <strong>Ley de Econom\u00eda Social y Solidaridad<\/strong> y la <strong>Ley de Sociedades Cooperativas<\/strong>, y otra que reforma, adiciona y deroga la <strong>Ley Federal de Obras P\u00fablicas<\/strong> <strong>y Servicios Relacionados<\/strong> con las Mismas.<\/p>\n\n\n\n<p>Tambi\u00e9n est\u00e1n pendientes las dos de seguridad p\u00fablica, Investigaci\u00f3n e Inteligencia y la Ley de Seguridad, una de Transparencia que remiti\u00f3 el <strong>Senado de la Rep\u00fablica<\/strong> y otra m\u00e1s de <strong>Servicios Digitales<\/strong>, que es una modificaci\u00f3n la <strong>Constituci\u00f3n Pol\u00edtica<\/strong>.<\/p>\n\n\n\n<p>\u201cS\u00ed, tenemos un c\u00famulo de normas constitucionales y legales que debemos estudiar y revisar la viabilidad de su modificaci\u00f3n, ya sea legal o constitucional, pero lo m\u00e1s seguro es que s\u00ed haya un periodo extraordinario\u201d, subray\u00f3.<\/p>\n\n\n\n<p>En declaraciones a representantes de los medios de comunicaci\u00f3n, el tambi\u00e9n coordinador del grupo parlamentario de <strong>Morena<\/strong> consider\u00f3 probable que se discutan y aprueben la Ley de Transparencia, cuyo dictamen ya fue avalado y las dos de <strong>Seguridad P\u00fablica<\/strong>. \u201cEstas tres de seguro y las tres que llegaron ayer apenas las comisiones dictaminar\u00e1n junto con la de <strong>Servicios Digitales<\/strong>. Entonces, podr\u00edamos sacarlas la pr\u00f3xima semana, la \u00faltima semana de marzo\u201d.<\/p>\n\n\n\n<p>Respecto a las declaraciones del pr\u00f3ximo embajador de <strong>Estados Unidos<\/strong> en <strong>M\u00e9xico<\/strong>, el diputado <strong>Ricardo Monreal<\/strong> dijo: \u201cle decimos al embajador Johnson &#8211;quiz\u00e1 no est\u00e9 enterado&#8211;, que no coincidimos con sus expresiones y sus dichos expresados el d\u00eda de ayer en una comparecencia en el Congreso\u201d.<\/p>\n\n\n\n<p>Abund\u00f3 que quiz\u00e1 no ha llegado la noticia al Congreso norteamericano y a \u00e9l de que se ha reformado la Constituci\u00f3n, en sus art\u00edculos 40 y 19, y que en el 40 se han incorporado dos p\u00e1rrafos y en el 19 se ha agregado la prisi\u00f3n preventiva oficiosa para los terroristas y para los que trafican armas de Estados Unidos a nuestro pa\u00eds, pero tambi\u00e9n para todos aquellos que persigan y que act\u00faen al margen de la ley y de las autoridades por su propia cuenta.<\/p>\n\n\n\n<p>\u201cSu dicho no es respaldado por la Constituci\u00f3n y a partir de la promulgaci\u00f3n que espero que ocurra estos d\u00edas, cuando ya sea derecho vigente, le enviaremos el art\u00edculo reformado al embajador donde se proh\u00edbe cualquier intromisi\u00f3n, injerencia, perturbaci\u00f3n de la soberan\u00eda o de nuestros asuntos internos. As\u00ed es de que entiendo que es porque no tiene la informaci\u00f3n debida de lo que el Congreso mexicano est\u00e1 llevando a cabo\u201d, a\u00f1adi\u00f3.<\/p>\n\n\n\n<p><strong>Monreal \u00c1vila<\/strong> dijo: \u201cle enviaremos copia del Diario Oficial de la Federaci\u00f3n donde se han modificado esos dos art\u00edculos que proh\u00edben cualquier intromisi\u00f3n, injerencia, perturbaci\u00f3n del r\u00e9gimen interno mexicano y de nuestro orden jur\u00eddico nacional. Creo que con eso basta para que el buen entendedor pueda asumir una conducta m\u00e1s cuidadosa y m\u00e1s respetuosa para con nuestro pa\u00eds\u201d.<\/p>\n\n\n\n<p>Sobre los plazos de la <strong>Secci\u00f3n Instructora<\/strong>, <strong>Monreal \u00c1vila<\/strong> extern\u00f3 que \u201cnada se quedar\u00e1 en el limbo; todo lo que se tiene pendiente en la <strong>C\u00e1mara de Diputados<\/strong> se va a atender, se va a resolver y, en este caso, cualquier acci\u00f3n que se tenga y cuyos t\u00e9rminos est\u00e9n corriendo, se va a respetar\u201d.<\/p>\n\n\n\n<p>Record\u00f3 que son 60 d\u00edas los que se plantean y una vez iniciado el proceso, las comisiones dictaminan. \u201cPero en este momento est\u00e1n a disposici\u00f3n de la Subcomisi\u00f3n de Examen Previo los expedientes que se remitieron de la <strong>Fiscal\u00eda General de Morelos<\/strong>, en el caso del diputado <strong>Cuauht\u00e9moc Blanco<\/strong>, y una vez que concluya el proceso de la admisi\u00f3n y revisi\u00f3n, la ley establece que habr\u00e1n de precisarse los elementos por cada uno de los integrantes y definirse para que el pleno en definitiva resuelva\u201d.<\/p>\n\n\n\n<p>Agreg\u00f3 que aun cuando termine el periodo ordinario el \u00faltimo d\u00eda de abril, \u201ceso no implica que se le d\u00e9 carpetazo\u201d. \u201cNo, porque son plazos fatales y por cuerda separada; no tiene que ver con la terminaci\u00f3n o el inicio del periodo de sesiones, son procedimientos que se llevan a cabo por cuerda separada, y nosotros le hemos dicho a la Comisi\u00f3n que contin\u00fae con su trabajo como la <strong>Ley Org\u00e1nica y la Constituci\u00f3n lo establece<\/strong>\u201d.<\/p>\n\n\n\n<p>Detall\u00f3 que se tiene que diferenciar una declaraci\u00f3n de procedencia de lo que es un juicio pol\u00edtico.&nbsp; La declaraci\u00f3n tiene por objeto quitar la inmunidad procesal a quien est\u00e1 siendo denunciado y a quien la Fiscal\u00eda de determinado lugar, sea federal o de un estado, presenta un expediente que a su juicio re\u00fane los elementos para someter a proceso a un funcionario que tenga inmunidad procesal.<\/p>\n\n\n\n<p>Hizo menci\u00f3n que en el pasado ha habido tres casos a los que se les ha quitado inmunidad procesal. \u201cEntonces, no ha habido impunidad ni protecci\u00f3n para nadie. Lo digo con toda honestidad. No hay ning\u00fan manto de impunidad contra nadie y yo no prejuzgo a nadie\u201d.<\/p>\n\n\n\n<p>Si la <strong>Fiscal\u00eda de Morelos<\/strong>, dijo, tiene todos los elementos, seguramente aqu\u00ed la Subcomisi\u00f3n habr\u00e1 de valorarlos y, en su momento, emitir un veredicto.<\/p>\n\n\n\n<p>\u201cYo no soy juez ni tampoco soy <strong>Ministerio P\u00fablico<\/strong> para acusar a nadie; no tengo elementos y no es mi funci\u00f3n juzgar o perseguir delitos contra alg\u00fan miembro de la C\u00e1mara o contra alg\u00fan funcionario al que se refiere el art\u00edculo 110 constitucional y que establecen inmunidad procesal trat\u00e1ndose de gobernadores, secretarios de Estado, senadores, diputados, ministros de la Corte, magistrados federales y de jueces federales\u201d, puntualiz\u00f3.<\/p>\n\n\n\n<p><\/p>\n","protected":false},"excerpt":{"rendered":"<p>El presidente de la Junta de Coordinaci\u00f3n Pol\u00edtica (Jucopo) de la C\u00e1mara de Diputados, Ricardo<\/p>\n","protected":false},"author":4,"featured_media":6371,"comment_status":"closed","ping_status":"open","sticky":false,"template":"","format":"standard","meta":{"_jetpack_memberships_contains_paid_content":false,"footnotes":""},"categories":[36],"tags":[],"class_list":["post-6374","post","type-post","status-publish","format-standard","has-post-thumbnail","hentry","category-nacional"],"yoast_head":"<!-- This site is optimized with the Yoast SEO plugin v25.7 - https:\/\/yoast.com\/wordpress\/plugins\/seo\/ -->\n<title>Ante c\u00famulo de reformas por aprobar, habr\u00e1 periodo extraordinario en la C\u00e1mara de Diputados: Ricardo Monreal - Esbozo Deportivo<\/title>\n<meta name=\"description\" content=\"El presidente de la Junta de Coordinaci\u00f3n Pol\u00edtica (Jucopo) de la C\u00e1mara de Diputados, Ricardo Monreal \u00c1vila, se\u00f1al\u00f3 que s\u00ed habr\u00e1 un periodo extraordinario de sesiones, \u201cporque no hemos logrado sacar todas las reformas que necesitamos\u201d.\" \/>\n<meta name=\"robots\" content=\"index, follow, max-snippet:-1, max-image-preview:large, max-video-preview:-1\" \/>\n<link rel=\"canonical\" href=\"https:\/\/esbozodeportivo.com\/index.php\/2025\/03\/15\/ante-cumulo-de-reformas-por-aprobar-habra-periodo-extraordinario-en-la-camara-de-diputados-ricardo-monreal\/\" \/>\n<meta property=\"og:locale\" content=\"es_MX\" \/>\n<meta property=\"og:type\" content=\"article\" \/>\n<meta property=\"og:title\" content=\"Ante c\u00famulo de reformas por aprobar, habr\u00e1 periodo extraordinario en la C\u00e1mara de Diputados: Ricardo Monreal - Esbozo Deportivo\" \/>\n<meta property=\"og:description\" content=\"El presidente de la Junta de Coordinaci\u00f3n Pol\u00edtica (Jucopo) de la C\u00e1mara de Diputados, Ricardo Monreal \u00c1vila, se\u00f1al\u00f3 que s\u00ed habr\u00e1 un periodo extraordinario de sesiones, \u201cporque no hemos logrado sacar todas las reformas que necesitamos\u201d.\" \/>\n<meta property=\"og:url\" content=\"https:\/\/esbozodeportivo.com\/index.php\/2025\/03\/15\/ante-cumulo-de-reformas-por-aprobar-habra-periodo-extraordinario-en-la-camara-de-diputados-ricardo-monreal\/\" \/>\n<meta property=\"og:site_name\" content=\"Esbozo Deportivo\" \/>\n<meta property=\"article:published_time\" content=\"2025-03-15T06:19:51+00:00\" \/>\n<meta property=\"article:modified_time\" content=\"2025-03-15T06:19:52+00:00\" \/>\n<meta property=\"og:image\" content=\"https:\/\/esbozodeportivo.com\/wp-content\/uploads\/2025\/03\/RM.jpg\" \/>\n\t<meta property=\"og:image:width\" content=\"850\" \/>\n\t<meta property=\"og:image:height\" content=\"565\" \/>\n\t<meta property=\"og:image:type\" content=\"image\/jpeg\" \/>\n<meta name=\"author\" content=\"Redacci\u00f3n\" \/>\n<meta name=\"twitter:card\" content=\"summary_large_image\" \/>\n<meta name=\"twitter:label1\" content=\"Escrito por\" \/>\n\t<meta name=\"twitter:data1\" content=\"Redacci\u00f3n\" \/>\n\t<meta name=\"twitter:label2\" content=\"Tiempo de lectura\" \/>\n\t<meta name=\"twitter:data2\" content=\"5 minutos\" \/>\n<script type=\"application\/ld+json\" class=\"yoast-schema-graph\">{\"@context\":\"https:\/\/schema.org\",\"@graph\":[{\"@type\":\"Article\",\"@id\":\"https:\/\/esbozodeportivo.com\/index.php\/2025\/03\/15\/ante-cumulo-de-reformas-por-aprobar-habra-periodo-extraordinario-en-la-camara-de-diputados-ricardo-monreal\/#article\",\"isPartOf\":{\"@id\":\"https:\/\/esbozodeportivo.com\/index.php\/2025\/03\/15\/ante-cumulo-de-reformas-por-aprobar-habra-periodo-extraordinario-en-la-camara-de-diputados-ricardo-monreal\/\"},\"author\":{\"name\":\"Redacci\u00f3n\",\"@id\":\"https:\/\/esbozodeportivo.com\/#\/schema\/person\/0f6df9196dfe6740dd0bb31bae50d374\"},\"headline\":\"Ante c\u00famulo de reformas por aprobar, habr\u00e1 periodo extraordinario en la C\u00e1mara de Diputados: Ricardo Monreal\",\"datePublished\":\"2025-03-15T06:19:51+00:00\",\"dateModified\":\"2025-03-15T06:19:52+00:00\",\"mainEntityOfPage\":{\"@id\":\"https:\/\/esbozodeportivo.com\/index.php\/2025\/03\/15\/ante-cumulo-de-reformas-por-aprobar-habra-periodo-extraordinario-en-la-camara-de-diputados-ricardo-monreal\/\"},\"wordCount\":1025,\"publisher\":{\"@id\":\"https:\/\/esbozodeportivo.com\/#organization\"},\"image\":{\"@id\":\"https:\/\/esbozodeportivo.com\/index.php\/2025\/03\/15\/ante-cumulo-de-reformas-por-aprobar-habra-periodo-extraordinario-en-la-camara-de-diputados-ricardo-monreal\/#primaryimage\"},\"thumbnailUrl\":\"https:\/\/esbozodeportivo.com\/wp-content\/uploads\/2025\/03\/RM.jpg\",\"articleSection\":[\"Nacional\"],\"inLanguage\":\"es\"},{\"@type\":\"WebPage\",\"@id\":\"https:\/\/esbozodeportivo.com\/index.php\/2025\/03\/15\/ante-cumulo-de-reformas-por-aprobar-habra-periodo-extraordinario-en-la-camara-de-diputados-ricardo-monreal\/\",\"url\":\"https:\/\/esbozodeportivo.com\/index.php\/2025\/03\/15\/ante-cumulo-de-reformas-por-aprobar-habra-periodo-extraordinario-en-la-camara-de-diputados-ricardo-monreal\/\",\"name\":\"Ante c\u00famulo de reformas por aprobar, habr\u00e1 periodo extraordinario en la C\u00e1mara de Diputados: Ricardo Monreal - Esbozo Deportivo\",\"isPartOf\":{\"@id\":\"https:\/\/esbozodeportivo.com\/#website\"},\"primaryImageOfPage\":{\"@id\":\"https:\/\/esbozodeportivo.com\/index.php\/2025\/03\/15\/ante-cumulo-de-reformas-por-aprobar-habra-periodo-extraordinario-en-la-camara-de-diputados-ricardo-monreal\/#primaryimage\"},\"image\":{\"@id\":\"https:\/\/esbozodeportivo.com\/index.php\/2025\/03\/15\/ante-cumulo-de-reformas-por-aprobar-habra-periodo-extraordinario-en-la-camara-de-diputados-ricardo-monreal\/#primaryimage\"},\"thumbnailUrl\":\"https:\/\/esbozodeportivo.com\/wp-content\/uploads\/2025\/03\/RM.jpg\",\"datePublished\":\"2025-03-15T06:19:51+00:00\",\"dateModified\":\"2025-03-15T06:19:52+00:00\",\"description\":\"El presidente de la Junta de Coordinaci\u00f3n Pol\u00edtica (Jucopo) de la C\u00e1mara de Diputados, Ricardo Monreal \u00c1vila, se\u00f1al\u00f3 que s\u00ed habr\u00e1 un periodo extraordinario de sesiones, \u201cporque no hemos logrado sacar todas las reformas que necesitamos\u201d.\",\"breadcrumb\":{\"@id\":\"https:\/\/esbozodeportivo.com\/index.php\/2025\/03\/15\/ante-cumulo-de-reformas-por-aprobar-habra-periodo-extraordinario-en-la-camara-de-diputados-ricardo-monreal\/#breadcrumb\"},\"inLanguage\":\"es\",\"potentialAction\":[{\"@type\":\"ReadAction\",\"target\":[\"https:\/\/esbozodeportivo.com\/index.php\/2025\/03\/15\/ante-cumulo-de-reformas-por-aprobar-habra-periodo-extraordinario-en-la-camara-de-diputados-ricardo-monreal\/\"]}]},{\"@type\":\"ImageObject\",\"inLanguage\":\"es\",\"@id\":\"https:\/\/esbozodeportivo.com\/index.php\/2025\/03\/15\/ante-cumulo-de-reformas-por-aprobar-habra-periodo-extraordinario-en-la-camara-de-diputados-ricardo-monreal\/#primaryimage\",\"url\":\"https:\/\/esbozodeportivo.com\/wp-content\/uploads\/2025\/03\/RM.jpg\",\"contentUrl\":\"https:\/\/esbozodeportivo.com\/wp-content\/uploads\/2025\/03\/RM.jpg\",\"width\":850,\"height\":565},{\"@type\":\"BreadcrumbList\",\"@id\":\"https:\/\/esbozodeportivo.com\/index.php\/2025\/03\/15\/ante-cumulo-de-reformas-por-aprobar-habra-periodo-extraordinario-en-la-camara-de-diputados-ricardo-monreal\/#breadcrumb\",\"itemListElement\":[{\"@type\":\"ListItem\",\"position\":1,\"name\":\"Inicio\",\"item\":\"https:\/\/esbozodeportivo.com\/\"},{\"@type\":\"ListItem\",\"position\":2,\"name\":\"Ante c\u00famulo de reformas por aprobar, habr\u00e1 periodo extraordinario en la C\u00e1mara de Diputados: Ricardo Monreal\"}]},{\"@type\":\"WebSite\",\"@id\":\"https:\/\/esbozodeportivo.com\/#website\",\"url\":\"https:\/\/esbozodeportivo.com\/\",\"name\":\"Esbozo Deportivo\",\"description\":\"Lo m\u00e1s importante del Deporte\",\"publisher\":{\"@id\":\"https:\/\/esbozodeportivo.com\/#organization\"},\"potentialAction\":[{\"@type\":\"SearchAction\",\"target\":{\"@type\":\"EntryPoint\",\"urlTemplate\":\"https:\/\/esbozodeportivo.com\/?s={search_term_string}\"},\"query-input\":{\"@type\":\"PropertyValueSpecification\",\"valueRequired\":true,\"valueName\":\"search_term_string\"}}],\"inLanguage\":\"es\"},{\"@type\":\"Organization\",\"@id\":\"https:\/\/esbozodeportivo.com\/#organization\",\"name\":\"Esbozo Deportivo\",\"url\":\"https:\/\/esbozodeportivo.com\/\",\"logo\":{\"@type\":\"ImageObject\",\"inLanguage\":\"es\",\"@id\":\"https:\/\/esbozodeportivo.com\/#\/schema\/logo\/image\/\",\"url\":\"https:\/\/esbozodeportivo.com\/wp-content\/uploads\/2022\/08\/cropped-Logo-Esbozo-Web-2.png\",\"contentUrl\":\"https:\/\/esbozodeportivo.com\/wp-content\/uploads\/2022\/08\/cropped-Logo-Esbozo-Web-2.png\",\"width\":180,\"height\":50,\"caption\":\"Esbozo Deportivo\"},\"image\":{\"@id\":\"https:\/\/esbozodeportivo.com\/#\/schema\/logo\/image\/\"}},{\"@type\":\"Person\",\"@id\":\"https:\/\/esbozodeportivo.com\/#\/schema\/person\/0f6df9196dfe6740dd0bb31bae50d374\",\"name\":\"Redacci\u00f3n\",\"image\":{\"@type\":\"ImageObject\",\"inLanguage\":\"es\",\"@id\":\"https:\/\/esbozodeportivo.com\/#\/schema\/person\/image\/\",\"url\":\"https:\/\/secure.gravatar.com\/avatar\/f55268a89c3b418f2ef172ff52ab0d09b3e653c58de29539fe329fb93d78ebf3?s=96&d=mm&r=g\",\"contentUrl\":\"https:\/\/secure.gravatar.com\/avatar\/f55268a89c3b418f2ef172ff52ab0d09b3e653c58de29539fe329fb93d78ebf3?s=96&d=mm&r=g\",\"caption\":\"Redacci\u00f3n\"},\"url\":\"https:\/\/esbozodeportivo.com\/index.php\/author\/redaccion\/\"}]}<\/script>\n<!-- \/ Yoast SEO plugin. -->","yoast_head_json":{"title":"Ante c\u00famulo de reformas por aprobar, habr\u00e1 periodo extraordinario en la C\u00e1mara de Diputados: Ricardo Monreal - Esbozo Deportivo","description":"El presidente de la Junta de Coordinaci\u00f3n Pol\u00edtica (Jucopo) de la C\u00e1mara de Diputados, Ricardo Monreal \u00c1vila, se\u00f1al\u00f3 que s\u00ed habr\u00e1 un periodo extraordinario de sesiones, \u201cporque no hemos logrado sacar todas las reformas que necesitamos\u201d.","robots":{"index":"index","follow":"follow","max-snippet":"max-snippet:-1","max-image-preview":"max-image-preview:large","max-video-preview":"max-video-preview:-1"},"canonical":"https:\/\/esbozodeportivo.com\/index.php\/2025\/03\/15\/ante-cumulo-de-reformas-por-aprobar-habra-periodo-extraordinario-en-la-camara-de-diputados-ricardo-monreal\/","og_locale":"es_MX","og_type":"article","og_title":"Ante c\u00famulo de reformas por aprobar, habr\u00e1 periodo extraordinario en la C\u00e1mara de Diputados: Ricardo Monreal - Esbozo Deportivo","og_description":"El presidente de la Junta de Coordinaci\u00f3n Pol\u00edtica (Jucopo) de la C\u00e1mara de Diputados, Ricardo Monreal \u00c1vila, se\u00f1al\u00f3 que s\u00ed habr\u00e1 un periodo extraordinario de sesiones, \u201cporque no hemos logrado sacar todas las reformas que necesitamos\u201d.","og_url":"https:\/\/esbozodeportivo.com\/index.php\/2025\/03\/15\/ante-cumulo-de-reformas-por-aprobar-habra-periodo-extraordinario-en-la-camara-de-diputados-ricardo-monreal\/","og_site_name":"Esbozo Deportivo","article_published_time":"2025-03-15T06:19:51+00:00","article_modified_time":"2025-03-15T06:19:52+00:00","og_image":[{"width":850,"height":565,"url":"https:\/\/esbozodeportivo.com\/wp-content\/uploads\/2025\/03\/RM.jpg","type":"image\/jpeg"}],"author":"Redacci\u00f3n","twitter_card":"summary_large_image","twitter_misc":{"Escrito por":"Redacci\u00f3n","Tiempo de lectura":"5 minutos"},"schema":{"@context":"https:\/\/schema.org","@graph":[{"@type":"Article","@id":"https:\/\/esbozodeportivo.com\/index.php\/2025\/03\/15\/ante-cumulo-de-reformas-por-aprobar-habra-periodo-extraordinario-en-la-camara-de-diputados-ricardo-monreal\/#article","isPartOf":{"@id":"https:\/\/esbozodeportivo.com\/index.php\/2025\/03\/15\/ante-cumulo-de-reformas-por-aprobar-habra-periodo-extraordinario-en-la-camara-de-diputados-ricardo-monreal\/"},"author":{"name":"Redacci\u00f3n","@id":"https:\/\/esbozodeportivo.com\/#\/schema\/person\/0f6df9196dfe6740dd0bb31bae50d374"},"headline":"Ante c\u00famulo de reformas por aprobar, habr\u00e1 periodo extraordinario en la C\u00e1mara de Diputados: Ricardo Monreal","datePublished":"2025-03-15T06:19:51+00:00","dateModified":"2025-03-15T06:19:52+00:00","mainEntityOfPage":{"@id":"https:\/\/esbozodeportivo.com\/index.php\/2025\/03\/15\/ante-cumulo-de-reformas-por-aprobar-habra-periodo-extraordinario-en-la-camara-de-diputados-ricardo-monreal\/"},"wordCount":1025,"publisher":{"@id":"https:\/\/esbozodeportivo.com\/#organization"},"image":{"@id":"https:\/\/esbozodeportivo.com\/index.php\/2025\/03\/15\/ante-cumulo-de-reformas-por-aprobar-habra-periodo-extraordinario-en-la-camara-de-diputados-ricardo-monreal\/#primaryimage"},"thumbnailUrl":"https:\/\/esbozodeportivo.com\/wp-content\/uploads\/2025\/03\/RM.jpg","articleSection":["Nacional"],"inLanguage":"es"},{"@type":"WebPage","@id":"https:\/\/esbozodeportivo.com\/index.php\/2025\/03\/15\/ante-cumulo-de-reformas-por-aprobar-habra-periodo-extraordinario-en-la-camara-de-diputados-ricardo-monreal\/","url":"https:\/\/esbozodeportivo.com\/index.php\/2025\/03\/15\/ante-cumulo-de-reformas-por-aprobar-habra-periodo-extraordinario-en-la-camara-de-diputados-ricardo-monreal\/","name":"Ante c\u00famulo de reformas por aprobar, habr\u00e1 periodo extraordinario en la C\u00e1mara de Diputados: Ricardo Monreal - Esbozo Deportivo","isPartOf":{"@id":"https:\/\/esbozodeportivo.com\/#website"},"primaryImageOfPage":{"@id":"https:\/\/esbozodeportivo.com\/index.php\/2025\/03\/15\/ante-cumulo-de-reformas-por-aprobar-habra-periodo-extraordinario-en-la-camara-de-diputados-ricardo-monreal\/#primaryimage"},"image":{"@id":"https:\/\/esbozodeportivo.com\/index.php\/2025\/03\/15\/ante-cumulo-de-reformas-por-aprobar-habra-periodo-extraordinario-en-la-camara-de-diputados-ricardo-monreal\/#primaryimage"},"thumbnailUrl":"https:\/\/esbozodeportivo.com\/wp-content\/uploads\/2025\/03\/RM.jpg","datePublished":"2025-03-15T06:19:51+00:00","dateModified":"2025-03-15T06:19:52+00:00","description":"El presidente de la Junta de Coordinaci\u00f3n Pol\u00edtica (Jucopo) de la C\u00e1mara de Diputados, Ricardo Monreal \u00c1vila, se\u00f1al\u00f3 que s\u00ed habr\u00e1 un periodo extraordinario de sesiones, \u201cporque no hemos logrado sacar todas las reformas que necesitamos\u201d.","breadcrumb":{"@id":"https:\/\/esbozodeportivo.com\/index.php\/2025\/03\/15\/ante-cumulo-de-reformas-por-aprobar-habra-periodo-extraordinario-en-la-camara-de-diputados-ricardo-monreal\/#breadcrumb"},"inLanguage":"es","potentialAction":[{"@type":"ReadAction","target":["https:\/\/esbozodeportivo.com\/index.php\/2025\/03\/15\/ante-cumulo-de-reformas-por-aprobar-habra-periodo-extraordinario-en-la-camara-de-diputados-ricardo-monreal\/"]}]},{"@type":"ImageObject","inLanguage":"es","@id":"https:\/\/esbozodeportivo.com\/index.php\/2025\/03\/15\/ante-cumulo-de-reformas-por-aprobar-habra-periodo-extraordinario-en-la-camara-de-diputados-ricardo-monreal\/#primaryimage","url":"https:\/\/esbozodeportivo.com\/wp-content\/uploads\/2025\/03\/RM.jpg","contentUrl":"https:\/\/esbozodeportivo.com\/wp-content\/uploads\/2025\/03\/RM.jpg","width":850,"height":565},{"@type":"BreadcrumbList","@id":"https:\/\/esbozodeportivo.com\/index.php\/2025\/03\/15\/ante-cumulo-de-reformas-por-aprobar-habra-periodo-extraordinario-en-la-camara-de-diputados-ricardo-monreal\/#breadcrumb","itemListElement":[{"@type":"ListItem","position":1,"name":"Inicio","item":"https:\/\/esbozodeportivo.com\/"},{"@type":"ListItem","position":2,"name":"Ante c\u00famulo de reformas por aprobar, habr\u00e1 periodo extraordinario en la C\u00e1mara de Diputados: Ricardo Monreal"}]},{"@type":"WebSite","@id":"https:\/\/esbozodeportivo.com\/#website","url":"https:\/\/esbozodeportivo.com\/","name":"Esbozo Deportivo","description":"Lo m\u00e1s importante del Deporte","publisher":{"@id":"https:\/\/esbozodeportivo.com\/#organization"},"potentialAction":[{"@type":"SearchAction","target":{"@type":"EntryPoint","urlTemplate":"https:\/\/esbozodeportivo.com\/?s={search_term_string}"},"query-input":{"@type":"PropertyValueSpecification","valueRequired":true,"valueName":"search_term_string"}}],"inLanguage":"es"},{"@type":"Organization","@id":"https:\/\/esbozodeportivo.com\/#organization","name":"Esbozo Deportivo","url":"https:\/\/esbozodeportivo.com\/","logo":{"@type":"ImageObject","inLanguage":"es","@id":"https:\/\/esbozodeportivo.com\/#\/schema\/logo\/image\/","url":"https:\/\/esbozodeportivo.com\/wp-content\/uploads\/2022\/08\/cropped-Logo-Esbozo-Web-2.png","contentUrl":"https:\/\/esbozodeportivo.com\/wp-content\/uploads\/2022\/08\/cropped-Logo-Esbozo-Web-2.png","width":180,"height":50,"caption":"Esbozo Deportivo"},"image":{"@id":"https:\/\/esbozodeportivo.com\/#\/schema\/logo\/image\/"}},{"@type":"Person","@id":"https:\/\/esbozodeportivo.com\/#\/schema\/person\/0f6df9196dfe6740dd0bb31bae50d374","name":"Redacci\u00f3n","image":{"@type":"ImageObject","inLanguage":"es","@id":"https:\/\/esbozodeportivo.com\/#\/schema\/person\/image\/","url":"https:\/\/secure.gravatar.com\/avatar\/f55268a89c3b418f2ef172ff52ab0d09b3e653c58de29539fe329fb93d78ebf3?s=96&d=mm&r=g","contentUrl":"https:\/\/secure.gravatar.com\/avatar\/f55268a89c3b418f2ef172ff52ab0d09b3e653c58de29539fe329fb93d78ebf3?s=96&d=mm&r=g","caption":"Redacci\u00f3n"},"url":"https:\/\/esbozodeportivo.com\/index.php\/author\/redaccion\/"}]}},"jetpack_featured_media_url":"https:\/\/esbozodeportivo.com\/wp-content\/uploads\/2025\/03\/RM.jpg","jetpack_sharing_enabled":true,"_links":{"self":[{"href":"https:\/\/esbozodeportivo.com\/index.php\/wp-json\/wp\/v2\/posts\/6374","targetHints":{"allow":["GET"]}}],"collection":[{"href":"https:\/\/esbozodeportivo.com\/index.php\/wp-json\/wp\/v2\/posts"}],"about":[{"href":"https:\/\/esbozodeportivo.com\/index.php\/wp-json\/wp\/v2\/types\/post"}],"author":[{"embeddable":true,"href":"https:\/\/esbozodeportivo.com\/index.php\/wp-json\/wp\/v2\/users\/4"}],"replies":[{"embeddable":true,"href":"https:\/\/esbozodeportivo.com\/index.php\/wp-json\/wp\/v2\/comments?post=6374"}],"version-history":[{"count":1,"href":"https:\/\/esbozodeportivo.com\/index.php\/wp-json\/wp\/v2\/posts\/6374\/revisions"}],"predecessor-version":[{"id":6375,"href":"https:\/\/esbozodeportivo.com\/index.php\/wp-json\/wp\/v2\/posts\/6374\/revisions\/6375"}],"wp:featuredmedia":[{"embeddable":true,"href":"https:\/\/esbozodeportivo.com\/index.php\/wp-json\/wp\/v2\/media\/6371"}],"wp:attachment":[{"href":"https:\/\/esbozodeportivo.com\/index.php\/wp-json\/wp\/v2\/media?parent=6374"}],"wp:term":[{"taxonomy":"category","embeddable":true,"href":"https:\/\/esbozodeportivo.com\/index.php\/wp-json\/wp\/v2\/categories?post=6374"},{"taxonomy":"post_tag","embeddable":true,"href":"https:\/\/esbozodeportivo.com\/index.php\/wp-json\/wp\/v2\/tags?post=6374"}],"curies":[{"name":"wp","href":"https:\/\/api.w.org\/{rel}","templated":true}]}}