{"id":6423,"date":"2025-03-19T23:05:37","date_gmt":"2025-03-20T05:05:37","guid":{"rendered":"https:\/\/esbozodeportivo.com\/?p=6423"},"modified":"2025-03-19T23:05:37","modified_gmt":"2025-03-20T05:05:37","slug":"buena-prueba-para-javier-aguirre-al-enfrentar-a-canada","status":"publish","type":"post","link":"https:\/\/esbozodeportivo.com\/index.php\/2025\/03\/19\/buena-prueba-para-javier-aguirre-al-enfrentar-a-canada\/","title":{"rendered":"Buena prueba para Javier Aguirre al enfrentar a Canad\u00e1"},"content":{"rendered":"\n<p>(Foto: Agencias) <\/p>\n\n\n\n<p>NUEVA YORK.- Ocho meses despu\u00e9s de asumir su cargo como entrenador de la selecci\u00f3n mexicana, <strong>Javier Aguirre<\/strong> tiene frente a \u00e9l el reto m\u00e1s dif\u00edcil hasta ahora en la que es su tercera etapa al frente del <strong>Tri<\/strong>: ganar la <strong>Liga de Naciones de la CONCACAF<\/strong>.<\/p>\n\n\n\n<p>El primer paso para que <strong>M\u00e9xico<\/strong> logre esa misi\u00f3n ser\u00e1 el jueves cuando enfrente a <strong>Canad\u00e1<\/strong> en la segunda semifinal del torneo regional de naciones que se disputa por cuarta ocasi\u00f3n en la historia. <strong>Estados Unidos<\/strong> ha mantenido una hegemon\u00eda, llev\u00e1ndose los tres t\u00edtulos disputados hasta ahora.<\/p>\n\n\n\n<p><strong>Aguirre<\/strong>, quien dirigi\u00f3 a <strong>M\u00e9xico<\/strong> en los mundiales de <strong>Corea-Jap\u00f3n 2002<\/strong> y <strong>Sud\u00e1frica 2010<\/strong>, tom\u00f3 el tim\u00f3n de la selecci\u00f3n en agosto del a\u00f1o pasado despu\u00e9s de que el <strong>Tri <\/strong>naufragara en la primera ronda de la <strong>Copa Am\u00e9rica<\/strong> con <strong>Jaime Lozano<\/strong> como su entrenador.<\/p>\n\n\n\n<p>Aunque el <strong>\u201cVasco\u201d<\/strong> tiene un contrato firmado hasta el <strong>Mundial de 2026<\/strong>, sabe que una derrota en las semifinales despertar\u00e1 dudas. El argentino <strong>Diego Cocca<\/strong> fue cesado en 2023 luego de perder en semifinales ante <strong>Estados Unidos<\/strong> en el mismo torneo y a <strong>Lozano<\/strong> la presi\u00f3n le cay\u00f3 encima al perder la final del a\u00f1o pasado ante los estadounidenses.<\/p>\n\n\n\n<p>\u201cLa presi\u00f3n siempre existe en selecci\u00f3n por hacer un buen papel y ganar torneos, siempre es latente y los que estamos aqu\u00ed sabemos a lo que nos exponemos, no hay de otra, podemos matizar o endulzar las derrotas, pero yo pienso en ganar y esta competencia tambi\u00e9n\u201d, afirm\u00f3 <strong>Aguirre<\/strong>.<\/p>\n\n\n\n<p>Para lograrlo deber\u00e1 sobreponerse a la ausencia de su central titular <strong>C\u00e9sar Montes<\/strong>, quien est\u00e1 suspendido para el encuentro. Aunque no lo revel\u00f3, es probable que <strong>Ram\u00f3n Ju\u00e1rez<\/strong> sea el relevo.<\/p>\n\n\n\n<p>Adem\u00e1s de eso, la \u00fanica duda es saber por cu\u00e1l de sus dos centros delanteros se decantar\u00e1 el entrenador: Santiago Gim\u00e9nez del <strong>AC Milan<\/strong> o <strong>Ra\u00fal Jim\u00e9nez<\/strong> del <strong>Fulham<\/strong>. <strong>Javier<\/strong> ha dicho que no descarta jugar con ambos.<\/p>\n\n\n\n<p>\u201cLa idea es ganar la copa, entendemos que el f\u00fatbol tiene variables que no puedes controlar, pero despu\u00e9s de ver al grupo ellos tienen esas ganas de revertir esa situaci\u00f3n\u201d, indic\u00f3 el entrenador azteca.<\/p>\n\n\n\n<p>En la otra semifinal se enfrentar\u00e1n <strong>Panam\u00e1<\/strong> ante <strong>Estados Unidos<\/strong>. Los dos encuentros y la final, que est\u00e1 programada para el pr\u00f3ximo domingo, se disputar\u00e1n en el estadio <strong>SoFi de Inglewood<\/strong>, <strong>California<\/strong>.<\/p>\n\n\n\n<p><\/p>\n","protected":false},"excerpt":{"rendered":"<p>(Foto: Agencias) NUEVA YORK.- Ocho meses despu\u00e9s de asumir su cargo como entrenador de la<\/p>\n","protected":false},"author":4,"featured_media":6424,"comment_status":"closed","ping_status":"open","sticky":false,"template":"","format":"standard","meta":{"_jetpack_memberships_contains_paid_content":false,"footnotes":""},"categories":[22],"tags":[],"class_list":["post-6423","post","type-post","status-publish","format-standard","has-post-thumbnail","hentry","category-tricolor"],"yoast_head":"<!-- This site is optimized with the Yoast SEO plugin v25.7 - https:\/\/yoast.com\/wordpress\/plugins\/seo\/ -->\n<title>Buena prueba para Javier Aguirre al enfrentar a Canad\u00e1 - Esbozo Deportivo<\/title>\n<meta name=\"description\" content=\"Ocho meses despu\u00e9s de asumir su cargo como entrenador de la selecci\u00f3n mexicana, Javier Aguirre tiene frente a \u00e9l el reto m\u00e1s dif\u00edcil hasta ahora en la que es su tercera etapa al frente del Tri: ganar la Liga de Naciones de la CONCACAF.\" \/>\n<meta name=\"robots\" content=\"index, follow, max-snippet:-1, max-image-preview:large, max-video-preview:-1\" \/>\n<link rel=\"canonical\" href=\"https:\/\/esbozodeportivo.com\/index.php\/2025\/03\/19\/buena-prueba-para-javier-aguirre-al-enfrentar-a-canada\/\" \/>\n<meta property=\"og:locale\" content=\"es_MX\" \/>\n<meta property=\"og:type\" content=\"article\" \/>\n<meta property=\"og:title\" content=\"Buena prueba para Javier Aguirre al enfrentar a Canad\u00e1 - Esbozo Deportivo\" \/>\n<meta property=\"og:description\" content=\"Ocho meses despu\u00e9s de asumir su cargo como entrenador de la selecci\u00f3n mexicana, Javier Aguirre tiene frente a \u00e9l el reto m\u00e1s dif\u00edcil hasta ahora en la que es su tercera etapa al frente del Tri: ganar la Liga de Naciones de la CONCACAF.\" \/>\n<meta property=\"og:url\" content=\"https:\/\/esbozodeportivo.com\/index.php\/2025\/03\/19\/buena-prueba-para-javier-aguirre-al-enfrentar-a-canada\/\" \/>\n<meta property=\"og:site_name\" content=\"Esbozo Deportivo\" \/>\n<meta property=\"article:published_time\" content=\"2025-03-20T05:05:37+00:00\" \/>\n<meta property=\"og:image\" content=\"https:\/\/esbozodeportivo.com\/wp-content\/uploads\/2025\/03\/Santi-Gimenez.jpg\" \/>\n\t<meta property=\"og:image:width\" content=\"980\" \/>\n\t<meta property=\"og:image:height\" content=\"653\" \/>\n\t<meta property=\"og:image:type\" content=\"image\/jpeg\" \/>\n<meta name=\"author\" content=\"Redacci\u00f3n\" \/>\n<meta name=\"twitter:card\" content=\"summary_large_image\" \/>\n<meta name=\"twitter:label1\" content=\"Escrito por\" \/>\n\t<meta name=\"twitter:data1\" content=\"Redacci\u00f3n\" \/>\n\t<meta name=\"twitter:label2\" content=\"Tiempo de lectura\" \/>\n\t<meta name=\"twitter:data2\" content=\"2 minutos\" \/>\n<script type=\"application\/ld+json\" class=\"yoast-schema-graph\">{\"@context\":\"https:\/\/schema.org\",\"@graph\":[{\"@type\":\"Article\",\"@id\":\"https:\/\/esbozodeportivo.com\/index.php\/2025\/03\/19\/buena-prueba-para-javier-aguirre-al-enfrentar-a-canada\/#article\",\"isPartOf\":{\"@id\":\"https:\/\/esbozodeportivo.com\/index.php\/2025\/03\/19\/buena-prueba-para-javier-aguirre-al-enfrentar-a-canada\/\"},\"author\":{\"name\":\"Redacci\u00f3n\",\"@id\":\"https:\/\/esbozodeportivo.com\/#\/schema\/person\/0f6df9196dfe6740dd0bb31bae50d374\"},\"headline\":\"Buena prueba para Javier Aguirre al enfrentar a Canad\u00e1\",\"datePublished\":\"2025-03-20T05:05:37+00:00\",\"mainEntityOfPage\":{\"@id\":\"https:\/\/esbozodeportivo.com\/index.php\/2025\/03\/19\/buena-prueba-para-javier-aguirre-al-enfrentar-a-canada\/\"},\"wordCount\":426,\"publisher\":{\"@id\":\"https:\/\/esbozodeportivo.com\/#organization\"},\"image\":{\"@id\":\"https:\/\/esbozodeportivo.com\/index.php\/2025\/03\/19\/buena-prueba-para-javier-aguirre-al-enfrentar-a-canada\/#primaryimage\"},\"thumbnailUrl\":\"https:\/\/esbozodeportivo.com\/wp-content\/uploads\/2025\/03\/Santi-Gimenez.jpg\",\"articleSection\":[\"Selecci\u00f3n Mexicana\"],\"inLanguage\":\"es\"},{\"@type\":\"WebPage\",\"@id\":\"https:\/\/esbozodeportivo.com\/index.php\/2025\/03\/19\/buena-prueba-para-javier-aguirre-al-enfrentar-a-canada\/\",\"url\":\"https:\/\/esbozodeportivo.com\/index.php\/2025\/03\/19\/buena-prueba-para-javier-aguirre-al-enfrentar-a-canada\/\",\"name\":\"Buena prueba para Javier Aguirre al enfrentar a Canad\u00e1 - Esbozo Deportivo\",\"isPartOf\":{\"@id\":\"https:\/\/esbozodeportivo.com\/#website\"},\"primaryImageOfPage\":{\"@id\":\"https:\/\/esbozodeportivo.com\/index.php\/2025\/03\/19\/buena-prueba-para-javier-aguirre-al-enfrentar-a-canada\/#primaryimage\"},\"image\":{\"@id\":\"https:\/\/esbozodeportivo.com\/index.php\/2025\/03\/19\/buena-prueba-para-javier-aguirre-al-enfrentar-a-canada\/#primaryimage\"},\"thumbnailUrl\":\"https:\/\/esbozodeportivo.com\/wp-content\/uploads\/2025\/03\/Santi-Gimenez.jpg\",\"datePublished\":\"2025-03-20T05:05:37+00:00\",\"description\":\"Ocho meses despu\u00e9s de asumir su cargo como entrenador de la selecci\u00f3n mexicana, Javier Aguirre tiene frente a \u00e9l el reto m\u00e1s dif\u00edcil hasta ahora en la que es su tercera etapa al frente del Tri: ganar la Liga de Naciones de la CONCACAF.\",\"breadcrumb\":{\"@id\":\"https:\/\/esbozodeportivo.com\/index.php\/2025\/03\/19\/buena-prueba-para-javier-aguirre-al-enfrentar-a-canada\/#breadcrumb\"},\"inLanguage\":\"es\",\"potentialAction\":[{\"@type\":\"ReadAction\",\"target\":[\"https:\/\/esbozodeportivo.com\/index.php\/2025\/03\/19\/buena-prueba-para-javier-aguirre-al-enfrentar-a-canada\/\"]}]},{\"@type\":\"ImageObject\",\"inLanguage\":\"es\",\"@id\":\"https:\/\/esbozodeportivo.com\/index.php\/2025\/03\/19\/buena-prueba-para-javier-aguirre-al-enfrentar-a-canada\/#primaryimage\",\"url\":\"https:\/\/esbozodeportivo.com\/wp-content\/uploads\/2025\/03\/Santi-Gimenez.jpg\",\"contentUrl\":\"https:\/\/esbozodeportivo.com\/wp-content\/uploads\/2025\/03\/Santi-Gimenez.jpg\",\"width\":980,\"height\":653},{\"@type\":\"BreadcrumbList\",\"@id\":\"https:\/\/esbozodeportivo.com\/index.php\/2025\/03\/19\/buena-prueba-para-javier-aguirre-al-enfrentar-a-canada\/#breadcrumb\",\"itemListElement\":[{\"@type\":\"ListItem\",\"position\":1,\"name\":\"Inicio\",\"item\":\"https:\/\/esbozodeportivo.com\/\"},{\"@type\":\"ListItem\",\"position\":2,\"name\":\"Buena prueba para Javier Aguirre al enfrentar a Canad\u00e1\"}]},{\"@type\":\"WebSite\",\"@id\":\"https:\/\/esbozodeportivo.com\/#website\",\"url\":\"https:\/\/esbozodeportivo.com\/\",\"name\":\"Esbozo Deportivo\",\"description\":\"Lo m\u00e1s importante del Deporte\",\"publisher\":{\"@id\":\"https:\/\/esbozodeportivo.com\/#organization\"},\"potentialAction\":[{\"@type\":\"SearchAction\",\"target\":{\"@type\":\"EntryPoint\",\"urlTemplate\":\"https:\/\/esbozodeportivo.com\/?s={search_term_string}\"},\"query-input\":{\"@type\":\"PropertyValueSpecification\",\"valueRequired\":true,\"valueName\":\"search_term_string\"}}],\"inLanguage\":\"es\"},{\"@type\":\"Organization\",\"@id\":\"https:\/\/esbozodeportivo.com\/#organization\",\"name\":\"Esbozo Deportivo\",\"url\":\"https:\/\/esbozodeportivo.com\/\",\"logo\":{\"@type\":\"ImageObject\",\"inLanguage\":\"es\",\"@id\":\"https:\/\/esbozodeportivo.com\/#\/schema\/logo\/image\/\",\"url\":\"https:\/\/esbozodeportivo.com\/wp-content\/uploads\/2022\/08\/cropped-Logo-Esbozo-Web-2.png\",\"contentUrl\":\"https:\/\/esbozodeportivo.com\/wp-content\/uploads\/2022\/08\/cropped-Logo-Esbozo-Web-2.png\",\"width\":180,\"height\":50,\"caption\":\"Esbozo Deportivo\"},\"image\":{\"@id\":\"https:\/\/esbozodeportivo.com\/#\/schema\/logo\/image\/\"}},{\"@type\":\"Person\",\"@id\":\"https:\/\/esbozodeportivo.com\/#\/schema\/person\/0f6df9196dfe6740dd0bb31bae50d374\",\"name\":\"Redacci\u00f3n\",\"image\":{\"@type\":\"ImageObject\",\"inLanguage\":\"es\",\"@id\":\"https:\/\/esbozodeportivo.com\/#\/schema\/person\/image\/\",\"url\":\"https:\/\/secure.gravatar.com\/avatar\/f55268a89c3b418f2ef172ff52ab0d09b3e653c58de29539fe329fb93d78ebf3?s=96&d=mm&r=g\",\"contentUrl\":\"https:\/\/secure.gravatar.com\/avatar\/f55268a89c3b418f2ef172ff52ab0d09b3e653c58de29539fe329fb93d78ebf3?s=96&d=mm&r=g\",\"caption\":\"Redacci\u00f3n\"},\"url\":\"https:\/\/esbozodeportivo.com\/index.php\/author\/redaccion\/\"}]}<\/script>\n<!-- \/ Yoast SEO plugin. -->","yoast_head_json":{"title":"Buena prueba para Javier Aguirre al enfrentar a Canad\u00e1 - Esbozo Deportivo","description":"Ocho meses despu\u00e9s de asumir su cargo como entrenador de la selecci\u00f3n mexicana, Javier Aguirre tiene frente a \u00e9l el reto m\u00e1s dif\u00edcil hasta ahora en la que es su tercera etapa al frente del Tri: ganar la Liga de Naciones de la CONCACAF.","robots":{"index":"index","follow":"follow","max-snippet":"max-snippet:-1","max-image-preview":"max-image-preview:large","max-video-preview":"max-video-preview:-1"},"canonical":"https:\/\/esbozodeportivo.com\/index.php\/2025\/03\/19\/buena-prueba-para-javier-aguirre-al-enfrentar-a-canada\/","og_locale":"es_MX","og_type":"article","og_title":"Buena prueba para Javier Aguirre al enfrentar a Canad\u00e1 - Esbozo Deportivo","og_description":"Ocho meses despu\u00e9s de asumir su cargo como entrenador de la selecci\u00f3n mexicana, Javier Aguirre tiene frente a \u00e9l el reto m\u00e1s dif\u00edcil hasta ahora en la que es su tercera etapa al frente del Tri: ganar la Liga de Naciones de la CONCACAF.","og_url":"https:\/\/esbozodeportivo.com\/index.php\/2025\/03\/19\/buena-prueba-para-javier-aguirre-al-enfrentar-a-canada\/","og_site_name":"Esbozo Deportivo","article_published_time":"2025-03-20T05:05:37+00:00","og_image":[{"width":980,"height":653,"url":"https:\/\/esbozodeportivo.com\/wp-content\/uploads\/2025\/03\/Santi-Gimenez.jpg","type":"image\/jpeg"}],"author":"Redacci\u00f3n","twitter_card":"summary_large_image","twitter_misc":{"Escrito por":"Redacci\u00f3n","Tiempo de lectura":"2 minutos"},"schema":{"@context":"https:\/\/schema.org","@graph":[{"@type":"Article","@id":"https:\/\/esbozodeportivo.com\/index.php\/2025\/03\/19\/buena-prueba-para-javier-aguirre-al-enfrentar-a-canada\/#article","isPartOf":{"@id":"https:\/\/esbozodeportivo.com\/index.php\/2025\/03\/19\/buena-prueba-para-javier-aguirre-al-enfrentar-a-canada\/"},"author":{"name":"Redacci\u00f3n","@id":"https:\/\/esbozodeportivo.com\/#\/schema\/person\/0f6df9196dfe6740dd0bb31bae50d374"},"headline":"Buena prueba para Javier Aguirre al enfrentar a Canad\u00e1","datePublished":"2025-03-20T05:05:37+00:00","mainEntityOfPage":{"@id":"https:\/\/esbozodeportivo.com\/index.php\/2025\/03\/19\/buena-prueba-para-javier-aguirre-al-enfrentar-a-canada\/"},"wordCount":426,"publisher":{"@id":"https:\/\/esbozodeportivo.com\/#organization"},"image":{"@id":"https:\/\/esbozodeportivo.com\/index.php\/2025\/03\/19\/buena-prueba-para-javier-aguirre-al-enfrentar-a-canada\/#primaryimage"},"thumbnailUrl":"https:\/\/esbozodeportivo.com\/wp-content\/uploads\/2025\/03\/Santi-Gimenez.jpg","articleSection":["Selecci\u00f3n Mexicana"],"inLanguage":"es"},{"@type":"WebPage","@id":"https:\/\/esbozodeportivo.com\/index.php\/2025\/03\/19\/buena-prueba-para-javier-aguirre-al-enfrentar-a-canada\/","url":"https:\/\/esbozodeportivo.com\/index.php\/2025\/03\/19\/buena-prueba-para-javier-aguirre-al-enfrentar-a-canada\/","name":"Buena prueba para Javier Aguirre al enfrentar a Canad\u00e1 - Esbozo Deportivo","isPartOf":{"@id":"https:\/\/esbozodeportivo.com\/#website"},"primaryImageOfPage":{"@id":"https:\/\/esbozodeportivo.com\/index.php\/2025\/03\/19\/buena-prueba-para-javier-aguirre-al-enfrentar-a-canada\/#primaryimage"},"image":{"@id":"https:\/\/esbozodeportivo.com\/index.php\/2025\/03\/19\/buena-prueba-para-javier-aguirre-al-enfrentar-a-canada\/#primaryimage"},"thumbnailUrl":"https:\/\/esbozodeportivo.com\/wp-content\/uploads\/2025\/03\/Santi-Gimenez.jpg","datePublished":"2025-03-20T05:05:37+00:00","description":"Ocho meses despu\u00e9s de asumir su cargo como entrenador de la selecci\u00f3n mexicana, Javier Aguirre tiene frente a \u00e9l el reto m\u00e1s dif\u00edcil hasta ahora en la que es su tercera etapa al frente del Tri: ganar la Liga de Naciones de la CONCACAF.","breadcrumb":{"@id":"https:\/\/esbozodeportivo.com\/index.php\/2025\/03\/19\/buena-prueba-para-javier-aguirre-al-enfrentar-a-canada\/#breadcrumb"},"inLanguage":"es","potentialAction":[{"@type":"ReadAction","target":["https:\/\/esbozodeportivo.com\/index.php\/2025\/03\/19\/buena-prueba-para-javier-aguirre-al-enfrentar-a-canada\/"]}]},{"@type":"ImageObject","inLanguage":"es","@id":"https:\/\/esbozodeportivo.com\/index.php\/2025\/03\/19\/buena-prueba-para-javier-aguirre-al-enfrentar-a-canada\/#primaryimage","url":"https:\/\/esbozodeportivo.com\/wp-content\/uploads\/2025\/03\/Santi-Gimenez.jpg","contentUrl":"https:\/\/esbozodeportivo.com\/wp-content\/uploads\/2025\/03\/Santi-Gimenez.jpg","width":980,"height":653},{"@type":"BreadcrumbList","@id":"https:\/\/esbozodeportivo.com\/index.php\/2025\/03\/19\/buena-prueba-para-javier-aguirre-al-enfrentar-a-canada\/#breadcrumb","itemListElement":[{"@type":"ListItem","position":1,"name":"Inicio","item":"https:\/\/esbozodeportivo.com\/"},{"@type":"ListItem","position":2,"name":"Buena prueba para Javier Aguirre al enfrentar a Canad\u00e1"}]},{"@type":"WebSite","@id":"https:\/\/esbozodeportivo.com\/#website","url":"https:\/\/esbozodeportivo.com\/","name":"Esbozo Deportivo","description":"Lo m\u00e1s importante del Deporte","publisher":{"@id":"https:\/\/esbozodeportivo.com\/#organization"},"potentialAction":[{"@type":"SearchAction","target":{"@type":"EntryPoint","urlTemplate":"https:\/\/esbozodeportivo.com\/?s={search_term_string}"},"query-input":{"@type":"PropertyValueSpecification","valueRequired":true,"valueName":"search_term_string"}}],"inLanguage":"es"},{"@type":"Organization","@id":"https:\/\/esbozodeportivo.com\/#organization","name":"Esbozo Deportivo","url":"https:\/\/esbozodeportivo.com\/","logo":{"@type":"ImageObject","inLanguage":"es","@id":"https:\/\/esbozodeportivo.com\/#\/schema\/logo\/image\/","url":"https:\/\/esbozodeportivo.com\/wp-content\/uploads\/2022\/08\/cropped-Logo-Esbozo-Web-2.png","contentUrl":"https:\/\/esbozodeportivo.com\/wp-content\/uploads\/2022\/08\/cropped-Logo-Esbozo-Web-2.png","width":180,"height":50,"caption":"Esbozo Deportivo"},"image":{"@id":"https:\/\/esbozodeportivo.com\/#\/schema\/logo\/image\/"}},{"@type":"Person","@id":"https:\/\/esbozodeportivo.com\/#\/schema\/person\/0f6df9196dfe6740dd0bb31bae50d374","name":"Redacci\u00f3n","image":{"@type":"ImageObject","inLanguage":"es","@id":"https:\/\/esbozodeportivo.com\/#\/schema\/person\/image\/","url":"https:\/\/secure.gravatar.com\/avatar\/f55268a89c3b418f2ef172ff52ab0d09b3e653c58de29539fe329fb93d78ebf3?s=96&d=mm&r=g","contentUrl":"https:\/\/secure.gravatar.com\/avatar\/f55268a89c3b418f2ef172ff52ab0d09b3e653c58de29539fe329fb93d78ebf3?s=96&d=mm&r=g","caption":"Redacci\u00f3n"},"url":"https:\/\/esbozodeportivo.com\/index.php\/author\/redaccion\/"}]}},"jetpack_featured_media_url":"https:\/\/esbozodeportivo.com\/wp-content\/uploads\/2025\/03\/Santi-Gimenez.jpg","jetpack_sharing_enabled":true,"_links":{"self":[{"href":"https:\/\/esbozodeportivo.com\/index.php\/wp-json\/wp\/v2\/posts\/6423","targetHints":{"allow":["GET"]}}],"collection":[{"href":"https:\/\/esbozodeportivo.com\/index.php\/wp-json\/wp\/v2\/posts"}],"about":[{"href":"https:\/\/esbozodeportivo.com\/index.php\/wp-json\/wp\/v2\/types\/post"}],"author":[{"embeddable":true,"href":"https:\/\/esbozodeportivo.com\/index.php\/wp-json\/wp\/v2\/users\/4"}],"replies":[{"embeddable":true,"href":"https:\/\/esbozodeportivo.com\/index.php\/wp-json\/wp\/v2\/comments?post=6423"}],"version-history":[{"count":1,"href":"https:\/\/esbozodeportivo.com\/index.php\/wp-json\/wp\/v2\/posts\/6423\/revisions"}],"predecessor-version":[{"id":6425,"href":"https:\/\/esbozodeportivo.com\/index.php\/wp-json\/wp\/v2\/posts\/6423\/revisions\/6425"}],"wp:featuredmedia":[{"embeddable":true,"href":"https:\/\/esbozodeportivo.com\/index.php\/wp-json\/wp\/v2\/media\/6424"}],"wp:attachment":[{"href":"https:\/\/esbozodeportivo.com\/index.php\/wp-json\/wp\/v2\/media?parent=6423"}],"wp:term":[{"taxonomy":"category","embeddable":true,"href":"https:\/\/esbozodeportivo.com\/index.php\/wp-json\/wp\/v2\/categories?post=6423"},{"taxonomy":"post_tag","embeddable":true,"href":"https:\/\/esbozodeportivo.com\/index.php\/wp-json\/wp\/v2\/tags?post=6423"}],"curies":[{"name":"wp","href":"https:\/\/api.w.org\/{rel}","templated":true}]}}