{"id":6432,"date":"2025-03-19T23:13:01","date_gmt":"2025-03-20T05:13:01","guid":{"rendered":"https:\/\/esbozodeportivo.com\/?p=6432"},"modified":"2025-03-19T23:13:01","modified_gmt":"2025-03-20T05:13:01","slug":"tour-de-francia-regresa-al-reino-unido-en-2027","status":"publish","type":"post","link":"https:\/\/esbozodeportivo.com\/index.php\/2025\/03\/19\/tour-de-francia-regresa-al-reino-unido-en-2027\/","title":{"rendered":"Tour de Francia regresa al Reino Unido en 2027"},"content":{"rendered":"\n<p>(Foto: Agencias) <\/p>\n\n\n\n<p>PAR\u00cdS.- El <strong>Reino Unido<\/strong> ser\u00e1 la sede de la largada del <strong>Tour de Francia en 2027<\/strong>, informaron los organizadores el mi\u00e9rcoles. La \u201c<strong>Grand D\u00e9part\u201d<\/strong> de la ronda gala tambi\u00e9n incluir\u00e1 la versi\u00f3n femenina.<\/p>\n\n\n\n<p>Ser\u00e1 la 27ma vez que el <strong>Tour de Francia<\/strong> comience en un pa\u00eds extranjero, y la primera vez desde 2014 \u2014cuando el Tour comenz\u00f3 en la regi\u00f3n de Yorkshire\u2014 que el <strong>Reino Unido<\/strong> alberga el inicio de la mayor carrera de ciclismo. <strong>El Tour de 2007 <\/strong>comenz\u00f3 en <strong>Londres<\/strong>.<\/p>\n\n\n\n<p>Para el <strong>Tour de Francia Femmes<\/strong>, ser\u00e1 la primera vez que se celebren etapas en el <strong>Reino Unidos<\/strong>.<\/p>\n\n\n\n<p>Las carreras masculina y femenina se llevar\u00e1n a cabo en diferentes fechas.<\/p>\n\n\n\n<p>Los detalles completos de la ruta a\u00fan no se han anunciado, pero los organizadores revelaron que el <strong>Tour de Francia<\/strong> masculino comenzar\u00e1 en <strong>Edimburgo<\/strong>, <strong>Escocia<\/strong>. Tambi\u00e9n habr\u00e1 etapas en <strong>Inglaterra <\/strong>y <strong>Gales<\/strong>.<\/p>\n\n\n\n<p>Cuando el <strong>Tour<\/strong> parti\u00f3 de <strong>Yorkshire<\/strong>, el evento atrajo enormes multitudes.<\/p>\n\n\n\n<p>\u201cEl Tour de <strong>Francia<\/strong> y el <strong>Reino Unido<\/strong> comparten una rica historia, y estoy encantado de llevar la <strong>\u2018Grand D\u00e9part\u2019<\/strong> al pa\u00eds en 2027\u201d, dijo <strong>Christian Prudhomme<\/strong>, director del <strong>Tour de Francia<\/strong>. \u201cEl <strong>Reino Unido<\/strong> siempre ha recibido el Tour con entusiasmo y orgullo, y esta colaboraci\u00f3n entre Inglaterra, <strong>Escocia <\/strong>y <strong>Gales<\/strong> promete hacer que el evento sea a\u00fan m\u00e1s especial\u201d.<\/p>\n\n\n\n<p>Tres ciclistas brit\u00e1nicos se han consagrados campeones del Tour: <strong>Bradley Wiggins<\/strong> en 2012, el cuatro veces campe\u00f3n <strong>Chris Froome<\/strong> y <strong>Geraint Thomas<\/strong>.<\/p>\n\n\n\n<p>La <strong>\u2018Grand D\u00e9part\u2019<\/strong> del a\u00f1o pasado tuvo lugar en <strong>Florencia<\/strong>, <strong>Italia<\/strong>, y la carrera de 2026 comenzar\u00e1 en <strong>Espa\u00f1a<\/strong>, en <strong>Barcelona<\/strong>. La carrera de este a\u00f1o comenzar\u00e1 en la ciudad francesa de <strong>Lille<\/strong>.<\/p>\n\n\n\n<p>Ser\u00e1 el segundo inicio de la carrera femenina fuera de <strong>Francia<\/strong>, tras la largada en los <strong>Pa\u00edses Bajos<\/strong> en 2024, dijeron los organizadores.<\/p>\n\n\n\n<p><\/p>\n","protected":false},"excerpt":{"rendered":"<p>(Foto: Agencias) PAR\u00cdS.- El Reino Unido ser\u00e1 la sede de la largada del Tour de<\/p>\n","protected":false},"author":4,"featured_media":6433,"comment_status":"closed","ping_status":"open","sticky":false,"template":"","format":"standard","meta":{"_jetpack_memberships_contains_paid_content":false,"footnotes":""},"categories":[70],"tags":[],"class_list":["post-6432","post","type-post","status-publish","format-standard","has-post-thumbnail","hentry","category-tour-de-francia"],"yoast_head":"<!-- This site is optimized with the Yoast SEO plugin v25.7 - https:\/\/yoast.com\/wordpress\/plugins\/seo\/ -->\n<title>Tour de Francia regresa al Reino Unido en 2027 - Esbozo Deportivo<\/title>\n<meta name=\"description\" content=\"El Reino Unido ser\u00e1 la sede de la largada del Tour de Francia en 2027, informaron los organizadores el mi\u00e9rcoles. La \u201cGrand D\u00e9part\u201d de la ronda gala tambi\u00e9n incluir\u00e1 la versi\u00f3n femenina.\" \/>\n<meta name=\"robots\" content=\"index, follow, max-snippet:-1, max-image-preview:large, max-video-preview:-1\" \/>\n<link rel=\"canonical\" href=\"https:\/\/esbozodeportivo.com\/index.php\/2025\/03\/19\/tour-de-francia-regresa-al-reino-unido-en-2027\/\" \/>\n<meta property=\"og:locale\" content=\"es_MX\" \/>\n<meta property=\"og:type\" content=\"article\" \/>\n<meta property=\"og:title\" content=\"Tour de Francia regresa al Reino Unido en 2027 - Esbozo Deportivo\" \/>\n<meta property=\"og:description\" content=\"El Reino Unido ser\u00e1 la sede de la largada del Tour de Francia en 2027, informaron los organizadores el mi\u00e9rcoles. La \u201cGrand D\u00e9part\u201d de la ronda gala tambi\u00e9n incluir\u00e1 la versi\u00f3n femenina.\" \/>\n<meta property=\"og:url\" content=\"https:\/\/esbozodeportivo.com\/index.php\/2025\/03\/19\/tour-de-francia-regresa-al-reino-unido-en-2027\/\" \/>\n<meta property=\"og:site_name\" content=\"Esbozo Deportivo\" \/>\n<meta property=\"article:published_time\" content=\"2025-03-20T05:13:01+00:00\" \/>\n<meta property=\"og:image\" content=\"https:\/\/esbozodeportivo.com\/wp-content\/uploads\/2025\/03\/Tour-de-Francia.jpg\" \/>\n\t<meta property=\"og:image:width\" content=\"980\" \/>\n\t<meta property=\"og:image:height\" content=\"653\" \/>\n\t<meta property=\"og:image:type\" content=\"image\/jpeg\" \/>\n<meta name=\"author\" content=\"Redacci\u00f3n\" \/>\n<meta name=\"twitter:card\" content=\"summary_large_image\" \/>\n<meta name=\"twitter:label1\" content=\"Escrito por\" \/>\n\t<meta name=\"twitter:data1\" content=\"Redacci\u00f3n\" \/>\n\t<meta name=\"twitter:label2\" content=\"Tiempo de lectura\" \/>\n\t<meta name=\"twitter:data2\" content=\"2 minutos\" \/>\n<script type=\"application\/ld+json\" class=\"yoast-schema-graph\">{\"@context\":\"https:\/\/schema.org\",\"@graph\":[{\"@type\":\"Article\",\"@id\":\"https:\/\/esbozodeportivo.com\/index.php\/2025\/03\/19\/tour-de-francia-regresa-al-reino-unido-en-2027\/#article\",\"isPartOf\":{\"@id\":\"https:\/\/esbozodeportivo.com\/index.php\/2025\/03\/19\/tour-de-francia-regresa-al-reino-unido-en-2027\/\"},\"author\":{\"name\":\"Redacci\u00f3n\",\"@id\":\"https:\/\/esbozodeportivo.com\/#\/schema\/person\/0f6df9196dfe6740dd0bb31bae50d374\"},\"headline\":\"Tour de Francia regresa al Reino Unido en 2027\",\"datePublished\":\"2025-03-20T05:13:01+00:00\",\"mainEntityOfPage\":{\"@id\":\"https:\/\/esbozodeportivo.com\/index.php\/2025\/03\/19\/tour-de-francia-regresa-al-reino-unido-en-2027\/\"},\"wordCount\":320,\"publisher\":{\"@id\":\"https:\/\/esbozodeportivo.com\/#organization\"},\"image\":{\"@id\":\"https:\/\/esbozodeportivo.com\/index.php\/2025\/03\/19\/tour-de-francia-regresa-al-reino-unido-en-2027\/#primaryimage\"},\"thumbnailUrl\":\"https:\/\/esbozodeportivo.com\/wp-content\/uploads\/2025\/03\/Tour-de-Francia.jpg\",\"articleSection\":[\"Tour de Francia\"],\"inLanguage\":\"es\"},{\"@type\":\"WebPage\",\"@id\":\"https:\/\/esbozodeportivo.com\/index.php\/2025\/03\/19\/tour-de-francia-regresa-al-reino-unido-en-2027\/\",\"url\":\"https:\/\/esbozodeportivo.com\/index.php\/2025\/03\/19\/tour-de-francia-regresa-al-reino-unido-en-2027\/\",\"name\":\"Tour de Francia regresa al Reino Unido en 2027 - Esbozo Deportivo\",\"isPartOf\":{\"@id\":\"https:\/\/esbozodeportivo.com\/#website\"},\"primaryImageOfPage\":{\"@id\":\"https:\/\/esbozodeportivo.com\/index.php\/2025\/03\/19\/tour-de-francia-regresa-al-reino-unido-en-2027\/#primaryimage\"},\"image\":{\"@id\":\"https:\/\/esbozodeportivo.com\/index.php\/2025\/03\/19\/tour-de-francia-regresa-al-reino-unido-en-2027\/#primaryimage\"},\"thumbnailUrl\":\"https:\/\/esbozodeportivo.com\/wp-content\/uploads\/2025\/03\/Tour-de-Francia.jpg\",\"datePublished\":\"2025-03-20T05:13:01+00:00\",\"description\":\"El Reino Unido ser\u00e1 la sede de la largada del Tour de Francia en 2027, informaron los organizadores el mi\u00e9rcoles. La \u201cGrand D\u00e9part\u201d de la ronda gala tambi\u00e9n incluir\u00e1 la versi\u00f3n femenina.\",\"breadcrumb\":{\"@id\":\"https:\/\/esbozodeportivo.com\/index.php\/2025\/03\/19\/tour-de-francia-regresa-al-reino-unido-en-2027\/#breadcrumb\"},\"inLanguage\":\"es\",\"potentialAction\":[{\"@type\":\"ReadAction\",\"target\":[\"https:\/\/esbozodeportivo.com\/index.php\/2025\/03\/19\/tour-de-francia-regresa-al-reino-unido-en-2027\/\"]}]},{\"@type\":\"ImageObject\",\"inLanguage\":\"es\",\"@id\":\"https:\/\/esbozodeportivo.com\/index.php\/2025\/03\/19\/tour-de-francia-regresa-al-reino-unido-en-2027\/#primaryimage\",\"url\":\"https:\/\/esbozodeportivo.com\/wp-content\/uploads\/2025\/03\/Tour-de-Francia.jpg\",\"contentUrl\":\"https:\/\/esbozodeportivo.com\/wp-content\/uploads\/2025\/03\/Tour-de-Francia.jpg\",\"width\":980,\"height\":653},{\"@type\":\"BreadcrumbList\",\"@id\":\"https:\/\/esbozodeportivo.com\/index.php\/2025\/03\/19\/tour-de-francia-regresa-al-reino-unido-en-2027\/#breadcrumb\",\"itemListElement\":[{\"@type\":\"ListItem\",\"position\":1,\"name\":\"Inicio\",\"item\":\"https:\/\/esbozodeportivo.com\/\"},{\"@type\":\"ListItem\",\"position\":2,\"name\":\"Tour de Francia regresa al Reino Unido en 2027\"}]},{\"@type\":\"WebSite\",\"@id\":\"https:\/\/esbozodeportivo.com\/#website\",\"url\":\"https:\/\/esbozodeportivo.com\/\",\"name\":\"Esbozo Deportivo\",\"description\":\"Lo m\u00e1s importante del Deporte\",\"publisher\":{\"@id\":\"https:\/\/esbozodeportivo.com\/#organization\"},\"potentialAction\":[{\"@type\":\"SearchAction\",\"target\":{\"@type\":\"EntryPoint\",\"urlTemplate\":\"https:\/\/esbozodeportivo.com\/?s={search_term_string}\"},\"query-input\":{\"@type\":\"PropertyValueSpecification\",\"valueRequired\":true,\"valueName\":\"search_term_string\"}}],\"inLanguage\":\"es\"},{\"@type\":\"Organization\",\"@id\":\"https:\/\/esbozodeportivo.com\/#organization\",\"name\":\"Esbozo Deportivo\",\"url\":\"https:\/\/esbozodeportivo.com\/\",\"logo\":{\"@type\":\"ImageObject\",\"inLanguage\":\"es\",\"@id\":\"https:\/\/esbozodeportivo.com\/#\/schema\/logo\/image\/\",\"url\":\"https:\/\/esbozodeportivo.com\/wp-content\/uploads\/2022\/08\/cropped-Logo-Esbozo-Web-2.png\",\"contentUrl\":\"https:\/\/esbozodeportivo.com\/wp-content\/uploads\/2022\/08\/cropped-Logo-Esbozo-Web-2.png\",\"width\":180,\"height\":50,\"caption\":\"Esbozo Deportivo\"},\"image\":{\"@id\":\"https:\/\/esbozodeportivo.com\/#\/schema\/logo\/image\/\"}},{\"@type\":\"Person\",\"@id\":\"https:\/\/esbozodeportivo.com\/#\/schema\/person\/0f6df9196dfe6740dd0bb31bae50d374\",\"name\":\"Redacci\u00f3n\",\"image\":{\"@type\":\"ImageObject\",\"inLanguage\":\"es\",\"@id\":\"https:\/\/esbozodeportivo.com\/#\/schema\/person\/image\/\",\"url\":\"https:\/\/secure.gravatar.com\/avatar\/f55268a89c3b418f2ef172ff52ab0d09b3e653c58de29539fe329fb93d78ebf3?s=96&d=mm&r=g\",\"contentUrl\":\"https:\/\/secure.gravatar.com\/avatar\/f55268a89c3b418f2ef172ff52ab0d09b3e653c58de29539fe329fb93d78ebf3?s=96&d=mm&r=g\",\"caption\":\"Redacci\u00f3n\"},\"url\":\"https:\/\/esbozodeportivo.com\/index.php\/author\/redaccion\/\"}]}<\/script>\n<!-- \/ Yoast SEO plugin. -->","yoast_head_json":{"title":"Tour de Francia regresa al Reino Unido en 2027 - Esbozo Deportivo","description":"El Reino Unido ser\u00e1 la sede de la largada del Tour de Francia en 2027, informaron los organizadores el mi\u00e9rcoles. La \u201cGrand D\u00e9part\u201d de la ronda gala tambi\u00e9n incluir\u00e1 la versi\u00f3n femenina.","robots":{"index":"index","follow":"follow","max-snippet":"max-snippet:-1","max-image-preview":"max-image-preview:large","max-video-preview":"max-video-preview:-1"},"canonical":"https:\/\/esbozodeportivo.com\/index.php\/2025\/03\/19\/tour-de-francia-regresa-al-reino-unido-en-2027\/","og_locale":"es_MX","og_type":"article","og_title":"Tour de Francia regresa al Reino Unido en 2027 - Esbozo Deportivo","og_description":"El Reino Unido ser\u00e1 la sede de la largada del Tour de Francia en 2027, informaron los organizadores el mi\u00e9rcoles. La \u201cGrand D\u00e9part\u201d de la ronda gala tambi\u00e9n incluir\u00e1 la versi\u00f3n femenina.","og_url":"https:\/\/esbozodeportivo.com\/index.php\/2025\/03\/19\/tour-de-francia-regresa-al-reino-unido-en-2027\/","og_site_name":"Esbozo Deportivo","article_published_time":"2025-03-20T05:13:01+00:00","og_image":[{"width":980,"height":653,"url":"https:\/\/esbozodeportivo.com\/wp-content\/uploads\/2025\/03\/Tour-de-Francia.jpg","type":"image\/jpeg"}],"author":"Redacci\u00f3n","twitter_card":"summary_large_image","twitter_misc":{"Escrito por":"Redacci\u00f3n","Tiempo de lectura":"2 minutos"},"schema":{"@context":"https:\/\/schema.org","@graph":[{"@type":"Article","@id":"https:\/\/esbozodeportivo.com\/index.php\/2025\/03\/19\/tour-de-francia-regresa-al-reino-unido-en-2027\/#article","isPartOf":{"@id":"https:\/\/esbozodeportivo.com\/index.php\/2025\/03\/19\/tour-de-francia-regresa-al-reino-unido-en-2027\/"},"author":{"name":"Redacci\u00f3n","@id":"https:\/\/esbozodeportivo.com\/#\/schema\/person\/0f6df9196dfe6740dd0bb31bae50d374"},"headline":"Tour de Francia regresa al Reino Unido en 2027","datePublished":"2025-03-20T05:13:01+00:00","mainEntityOfPage":{"@id":"https:\/\/esbozodeportivo.com\/index.php\/2025\/03\/19\/tour-de-francia-regresa-al-reino-unido-en-2027\/"},"wordCount":320,"publisher":{"@id":"https:\/\/esbozodeportivo.com\/#organization"},"image":{"@id":"https:\/\/esbozodeportivo.com\/index.php\/2025\/03\/19\/tour-de-francia-regresa-al-reino-unido-en-2027\/#primaryimage"},"thumbnailUrl":"https:\/\/esbozodeportivo.com\/wp-content\/uploads\/2025\/03\/Tour-de-Francia.jpg","articleSection":["Tour de Francia"],"inLanguage":"es"},{"@type":"WebPage","@id":"https:\/\/esbozodeportivo.com\/index.php\/2025\/03\/19\/tour-de-francia-regresa-al-reino-unido-en-2027\/","url":"https:\/\/esbozodeportivo.com\/index.php\/2025\/03\/19\/tour-de-francia-regresa-al-reino-unido-en-2027\/","name":"Tour de Francia regresa al Reino Unido en 2027 - Esbozo Deportivo","isPartOf":{"@id":"https:\/\/esbozodeportivo.com\/#website"},"primaryImageOfPage":{"@id":"https:\/\/esbozodeportivo.com\/index.php\/2025\/03\/19\/tour-de-francia-regresa-al-reino-unido-en-2027\/#primaryimage"},"image":{"@id":"https:\/\/esbozodeportivo.com\/index.php\/2025\/03\/19\/tour-de-francia-regresa-al-reino-unido-en-2027\/#primaryimage"},"thumbnailUrl":"https:\/\/esbozodeportivo.com\/wp-content\/uploads\/2025\/03\/Tour-de-Francia.jpg","datePublished":"2025-03-20T05:13:01+00:00","description":"El Reino Unido ser\u00e1 la sede de la largada del Tour de Francia en 2027, informaron los organizadores el mi\u00e9rcoles. La \u201cGrand D\u00e9part\u201d de la ronda gala tambi\u00e9n incluir\u00e1 la versi\u00f3n femenina.","breadcrumb":{"@id":"https:\/\/esbozodeportivo.com\/index.php\/2025\/03\/19\/tour-de-francia-regresa-al-reino-unido-en-2027\/#breadcrumb"},"inLanguage":"es","potentialAction":[{"@type":"ReadAction","target":["https:\/\/esbozodeportivo.com\/index.php\/2025\/03\/19\/tour-de-francia-regresa-al-reino-unido-en-2027\/"]}]},{"@type":"ImageObject","inLanguage":"es","@id":"https:\/\/esbozodeportivo.com\/index.php\/2025\/03\/19\/tour-de-francia-regresa-al-reino-unido-en-2027\/#primaryimage","url":"https:\/\/esbozodeportivo.com\/wp-content\/uploads\/2025\/03\/Tour-de-Francia.jpg","contentUrl":"https:\/\/esbozodeportivo.com\/wp-content\/uploads\/2025\/03\/Tour-de-Francia.jpg","width":980,"height":653},{"@type":"BreadcrumbList","@id":"https:\/\/esbozodeportivo.com\/index.php\/2025\/03\/19\/tour-de-francia-regresa-al-reino-unido-en-2027\/#breadcrumb","itemListElement":[{"@type":"ListItem","position":1,"name":"Inicio","item":"https:\/\/esbozodeportivo.com\/"},{"@type":"ListItem","position":2,"name":"Tour de Francia regresa al Reino Unido en 2027"}]},{"@type":"WebSite","@id":"https:\/\/esbozodeportivo.com\/#website","url":"https:\/\/esbozodeportivo.com\/","name":"Esbozo Deportivo","description":"Lo m\u00e1s importante del Deporte","publisher":{"@id":"https:\/\/esbozodeportivo.com\/#organization"},"potentialAction":[{"@type":"SearchAction","target":{"@type":"EntryPoint","urlTemplate":"https:\/\/esbozodeportivo.com\/?s={search_term_string}"},"query-input":{"@type":"PropertyValueSpecification","valueRequired":true,"valueName":"search_term_string"}}],"inLanguage":"es"},{"@type":"Organization","@id":"https:\/\/esbozodeportivo.com\/#organization","name":"Esbozo Deportivo","url":"https:\/\/esbozodeportivo.com\/","logo":{"@type":"ImageObject","inLanguage":"es","@id":"https:\/\/esbozodeportivo.com\/#\/schema\/logo\/image\/","url":"https:\/\/esbozodeportivo.com\/wp-content\/uploads\/2022\/08\/cropped-Logo-Esbozo-Web-2.png","contentUrl":"https:\/\/esbozodeportivo.com\/wp-content\/uploads\/2022\/08\/cropped-Logo-Esbozo-Web-2.png","width":180,"height":50,"caption":"Esbozo Deportivo"},"image":{"@id":"https:\/\/esbozodeportivo.com\/#\/schema\/logo\/image\/"}},{"@type":"Person","@id":"https:\/\/esbozodeportivo.com\/#\/schema\/person\/0f6df9196dfe6740dd0bb31bae50d374","name":"Redacci\u00f3n","image":{"@type":"ImageObject","inLanguage":"es","@id":"https:\/\/esbozodeportivo.com\/#\/schema\/person\/image\/","url":"https:\/\/secure.gravatar.com\/avatar\/f55268a89c3b418f2ef172ff52ab0d09b3e653c58de29539fe329fb93d78ebf3?s=96&d=mm&r=g","contentUrl":"https:\/\/secure.gravatar.com\/avatar\/f55268a89c3b418f2ef172ff52ab0d09b3e653c58de29539fe329fb93d78ebf3?s=96&d=mm&r=g","caption":"Redacci\u00f3n"},"url":"https:\/\/esbozodeportivo.com\/index.php\/author\/redaccion\/"}]}},"jetpack_featured_media_url":"https:\/\/esbozodeportivo.com\/wp-content\/uploads\/2025\/03\/Tour-de-Francia.jpg","jetpack_sharing_enabled":true,"_links":{"self":[{"href":"https:\/\/esbozodeportivo.com\/index.php\/wp-json\/wp\/v2\/posts\/6432","targetHints":{"allow":["GET"]}}],"collection":[{"href":"https:\/\/esbozodeportivo.com\/index.php\/wp-json\/wp\/v2\/posts"}],"about":[{"href":"https:\/\/esbozodeportivo.com\/index.php\/wp-json\/wp\/v2\/types\/post"}],"author":[{"embeddable":true,"href":"https:\/\/esbozodeportivo.com\/index.php\/wp-json\/wp\/v2\/users\/4"}],"replies":[{"embeddable":true,"href":"https:\/\/esbozodeportivo.com\/index.php\/wp-json\/wp\/v2\/comments?post=6432"}],"version-history":[{"count":1,"href":"https:\/\/esbozodeportivo.com\/index.php\/wp-json\/wp\/v2\/posts\/6432\/revisions"}],"predecessor-version":[{"id":6434,"href":"https:\/\/esbozodeportivo.com\/index.php\/wp-json\/wp\/v2\/posts\/6432\/revisions\/6434"}],"wp:featuredmedia":[{"embeddable":true,"href":"https:\/\/esbozodeportivo.com\/index.php\/wp-json\/wp\/v2\/media\/6433"}],"wp:attachment":[{"href":"https:\/\/esbozodeportivo.com\/index.php\/wp-json\/wp\/v2\/media?parent=6432"}],"wp:term":[{"taxonomy":"category","embeddable":true,"href":"https:\/\/esbozodeportivo.com\/index.php\/wp-json\/wp\/v2\/categories?post=6432"},{"taxonomy":"post_tag","embeddable":true,"href":"https:\/\/esbozodeportivo.com\/index.php\/wp-json\/wp\/v2\/tags?post=6432"}],"curies":[{"name":"wp","href":"https:\/\/api.w.org\/{rel}","templated":true}]}}